{"id":18166,"date":"2024-05-13T11:37:07","date_gmt":"2024-05-13T11:37:07","guid":{"rendered":"https:\/\/lequotidien.mr\/?p=18166"},"modified":"2024-05-13T11:37:07","modified_gmt":"2024-05-13T11:37:07","slug":"visite-du-president-a-kiffa-logements-sociaux-et-activites-generatrices-de-revenus-au-programme","status":"publish","type":"post","link":"https:\/\/lequotidien.mr\/?p=18166&lang=fr","title":{"rendered":"Visite du Pr\u00e9sident \u00e0 Kiffa : logements sociaux et  activit\u00e9s g\u00e9n\u00e9ratrices de revenus au programme"},"content":{"rendered":"<p>Le Pr\u00e9sident de la R\u00e9publique, Mohamed Cheikh El Ghazouani, a pr\u00e9sid\u00e9 proc\u00e9d\u00e9, samedi dernier, \u00e0 l&#8217;inauguration d&#8217;un projet majeur \u00e0 Kiffa, dans le cadre du logement social et de la promotion \u00e9conomique. L&#8217;\u00e9v\u00e9nement a \u00e9t\u00e9 marqu\u00e9 par l&#8217;inauguration de 60 unit\u00e9s de logements, faisant partie d&#8217;un projet global de 368 unit\u00e9s destin\u00e9es \u00e0 r\u00e9pondre aux besoins de la population locale. Supervis\u00e9 par la d\u00e9l\u00e9gation g\u00e9n\u00e9rale de la solidarit\u00e9 nationale et de la lutte contre l&#8217;exclusion (TEAZOUR), ce projet s&#8217;inscrit dans une d\u00e9marche visant \u00e0 offrir des conditions de vie d\u00e9centes aux citoyens les plus vuln\u00e9rables, dans toutes les capitales r\u00e9gionales du pays.<\/p>\n<p>La visite pr\u00e9sidentielle a \u00e9t\u00e9 l&#8217;occasion pour le Chef de l&#8217;\u00c9tat de se familiariser avec les d\u00e9tails du projet et les diff\u00e9rents mod\u00e8les de logements destin\u00e9s aux couches sociales les plus d\u00e9favoris\u00e9es. Il a \u00e9galement pris connaissance des caract\u00e9ristiques de l&#8217;habitat social \u00e0 l&#8217;\u00e9chelle nationale, d\u00e9montrant ainsi son engagement envers le bien-\u00eatre des citoyens mauritaniens.<\/p>\n<p>Outre l&#8217;inauguration des logements, le Pr\u00e9sident Ghazouani a supervis\u00e9 le lancement d&#8217;un programme d&#8217;activit\u00e9s g\u00e9n\u00e9ratrices de revenus au profit des jeunes de Kiffa. Ce programme ambitieux comprend le financement de 285 activit\u00e9s productives, dont 200 sont sp\u00e9cifiquement d\u00e9di\u00e9es \u00e0 la cr\u00e9ation de sources de revenus pour les jeunes. De plus, des \u00e9quipements essentiels tels que des citernes pour le transport de l&#8217;eau, des motos, des v\u00e9hicules taxis et des v\u00e9hicules \u00e0 trois roues ont \u00e9t\u00e9 distribu\u00e9s dans le cadre de ce projet, visant \u00e0 renforcer les moyens de subsistance des habitants.<\/p>\n<p>Dans son discours lors de cette c\u00e9r\u00e9monie, le D\u00e9l\u00e9gu\u00e9 g\u00e9n\u00e9ral de la solidarit\u00e9 et de la lutte contre l&#8217;exclusion, Hamoud M\u2019hamed, a soulign\u00e9 l&#8217;ampleur des efforts d\u00e9ploy\u00e9s par TEAZOUR pour am\u00e9liorer les conditions de vie des citoyens mauritaniens. Il a r\u00e9v\u00e9l\u00e9 que plus d&#8217;un million et demi de personnes, r\u00e9parties dans 8119 villages \u00e0 travers le pays, b\u00e9n\u00e9ficieront continuellement et conjoncturellement des diff\u00e9rents services offerts par la d\u00e9l\u00e9gation. Ces services incluent la construction d&#8217;\u00e9coles, de centres de sant\u00e9, l&#8217;assurance maladie pour des centaines de milliers de citoyens, la r\u00e9alisation de barrages, le soutien aux activit\u00e9s \u00e9conomiques, ainsi que la construction de logements sociaux dans diff\u00e9rentes r\u00e9gions du pays.<\/p>\n<p>Il est \u00e9galement important de noter les efforts particuliers d\u00e9ploy\u00e9s par TEAZOUR pour soutenir les populations de l&#8217;Assaba, avec des transferts cash r\u00e9guliers b\u00e9n\u00e9ficiant \u00e0 des milliers de familles d\u00e9favoris\u00e9es, des paniers alimentaires distribu\u00e9s \u00e0 des milliers de foyers, des assurances maladies pour garantir un acc\u00e8s aux soins de sant\u00e9, et un soutien alimentaire pour les \u00e9l\u00e8ves.<\/p>\n<p>En plus de ces initiatives, la d\u00e9l\u00e9gation a \u00e9galement contribu\u00e9 \u00e0 la cr\u00e9ation de 11 \u00e9tablissements d&#8217;enseignement et \u00e0 la r\u00e9alisation de 60 infrastructures hydrauliques, illustrant ainsi son engagement envers le d\u00e9veloppement durable et l&#8217;am\u00e9lioration des conditions de vie des Mauritaniens.<\/p>\n","protected":false},"excerpt":{"rendered":"<p>Le Pr\u00e9sident de la R\u00e9publique, Mohamed Cheikh El Ghazouani, a pr\u00e9sid\u00e9 proc\u00e9d\u00e9, samedi dernier, \u00e0 l&#8217;inauguration d&#8217;un projet majeur \u00e0 Kiffa, dans le cadre du logement social et de la promotion \u00e9conomique. L&#8217;\u00e9v\u00e9nement a \u00e9t\u00e9 marqu\u00e9 par l&#8217;inauguration de 60 unit\u00e9s de logements, faisant partie d&#8217;un projet global de 368 unit\u00e9s destin\u00e9es \u00e0 r\u00e9pondre aux&#8230;..<\/p>\n","protected":false},"author":12,"featured_media":18167,"comment_status":"open","ping_status":"open","sticky":false,"template":"","format":"standard","meta":{"footnotes":""},"categories":[23,49],"tags":[],"class_list":["post-18166","post","type-post","status-publish","format-standard","has-post-thumbnail","hentry","category-actualite","category-economie"],"yoast_head":"<!-- This site is optimized with the Yoast SEO plugin v27.5 - https:\/\/yoast.com\/product\/yoast-seo-wordpress\/ -->\n<title>Visite du Pr\u00e9sident \u00e0 Kiffa : logements sociaux et activit\u00e9s g\u00e9n\u00e9ratrices de revenus au programme - Le Quotidien de Nouakchott<\/title>\n<meta name=\"robots\" content=\"index, follow, max-snippet:-1, max-image-preview:large, max-video-preview:-1\" \/>\n<link rel=\"canonical\" href=\"https:\/\/lequotidien.mr\/?p=18166&lang=fr\" \/>\n<meta property=\"og:locale\" content=\"ar_AR\" \/>\n<meta property=\"og:type\" content=\"article\" \/>\n<meta property=\"og:title\" content=\"Visite du Pr\u00e9sident \u00e0 Kiffa : logements sociaux et activit\u00e9s g\u00e9n\u00e9ratrices de revenus au programme - Le Quotidien de Nouakchott\" \/>\n<meta property=\"og:description\" content=\"Le Pr\u00e9sident de la R\u00e9publique, Mohamed Cheikh El Ghazouani, a pr\u00e9sid\u00e9 proc\u00e9d\u00e9, samedi dernier, \u00e0 l&#8217;inauguration d&#8217;un projet majeur \u00e0 Kiffa, dans le cadre du logement social et de la promotion \u00e9conomique. L&#8217;\u00e9v\u00e9nement a \u00e9t\u00e9 marqu\u00e9 par l&#8217;inauguration de 60 unit\u00e9s de logements, faisant partie d&#8217;un projet global de 368 unit\u00e9s destin\u00e9es \u00e0 r\u00e9pondre aux.....\" \/>\n<meta property=\"og:url\" content=\"https:\/\/lequotidien.mr\/?p=18166&amp;lang=fr\" \/>\n<meta property=\"og:site_name\" content=\"Le Quotidien de Nouakchott\" \/>\n<meta property=\"article:publisher\" content=\"https:\/\/web.facebook.com\/lequotidienmr\" \/>\n<meta property=\"article:published_time\" content=\"2024-05-13T11:37:07+00:00\" \/>\n<meta property=\"og:image\" content=\"https:\/\/lequotidien.mr\/wp-content\/uploads\/2024\/05\/Ghazouani-Kiffa.jpg\" \/>\n\t<meta property=\"og:image:width\" content=\"584\" \/>\n\t<meta property=\"og:image:height\" content=\"406\" \/>\n\t<meta property=\"og:image:type\" content=\"image\/jpeg\" \/>\n<meta name=\"author\" content=\"Med Ahmed\" \/>\n<meta name=\"twitter:card\" content=\"summary_large_image\" \/>\n<meta name=\"twitter:creator\" content=\"@lequotidienmr\" \/>\n<meta name=\"twitter:site\" content=\"@lequotidienmr\" \/>\n<meta name=\"twitter:label1\" content=\"\u0643\u064f\u062a\u0628 \u0628\u0648\u0627\u0633\u0637\u0629\" \/>\n\t<meta name=\"twitter:data1\" content=\"Med Ahmed\" \/>\n\t<meta name=\"twitter:label2\" content=\"\u0648\u0642\u062a \u0627\u0644\u0642\u0631\u0627\u0621\u0629 \u0627\u0644\u0645\u064f\u0642\u062f\u0651\u0631\" \/>\n\t<meta name=\"twitter:data2\" content=\"3 \u062f\u0642\u0627\u0626\u0642\" \/>\n<script type=\"application\/ld+json\" class=\"yoast-schema-graph\">{\"@context\":\"https:\\\/\\\/schema.org\",\"@graph\":[{\"@type\":\"Article\",\"@id\":\"https:\\\/\\\/lequotidien.mr\\\/?p=18166&lang=fr#article\",\"isPartOf\":{\"@id\":\"https:\\\/\\\/lequotidien.mr\\\/?p=18166&lang=fr\"},\"author\":{\"name\":\"Med Ahmed\",\"@id\":\"https:\\\/\\\/lequotidien.mr\\\/#\\\/schema\\\/person\\\/d2d350202a4d599685ed8abc25f97596\"},\"headline\":\"Visite du Pr\u00e9sident \u00e0 Kiffa : logements sociaux et activit\u00e9s g\u00e9n\u00e9ratrices de revenus au programme\",\"datePublished\":\"2024-05-13T11:37:07+00:00\",\"mainEntityOfPage\":{\"@id\":\"https:\\\/\\\/lequotidien.mr\\\/?p=18166&lang=fr\"},\"wordCount\":551,\"commentCount\":0,\"publisher\":{\"@id\":\"https:\\\/\\\/lequotidien.mr\\\/#organization\"},\"image\":{\"@id\":\"https:\\\/\\\/lequotidien.mr\\\/?p=18166&lang=fr#primaryimage\"},\"thumbnailUrl\":\"https:\\\/\\\/lequotidien.mr\\\/wp-content\\\/uploads\\\/2024\\\/05\\\/Ghazouani-Kiffa.jpg\",\"articleSection\":[\"ACTUALIT\u00c9\",\"Economie\"],\"inLanguage\":\"ar\",\"potentialAction\":[{\"@type\":\"CommentAction\",\"name\":\"Comment\",\"target\":[\"https:\\\/\\\/lequotidien.mr\\\/?p=18166&lang=fr#respond\"]}]},{\"@type\":\"WebPage\",\"@id\":\"https:\\\/\\\/lequotidien.mr\\\/?p=18166&lang=fr\",\"url\":\"https:\\\/\\\/lequotidien.mr\\\/?p=18166&lang=fr\",\"name\":\"Visite du Pr\u00e9sident \u00e0 Kiffa : logements sociaux et activit\u00e9s g\u00e9n\u00e9ratrices de revenus au programme - Le Quotidien de Nouakchott\",\"isPartOf\":{\"@id\":\"https:\\\/\\\/lequotidien.mr\\\/#website\"},\"primaryImageOfPage\":{\"@id\":\"https:\\\/\\\/lequotidien.mr\\\/?p=18166&lang=fr#primaryimage\"},\"image\":{\"@id\":\"https:\\\/\\\/lequotidien.mr\\\/?p=18166&lang=fr#primaryimage\"},\"thumbnailUrl\":\"https:\\\/\\\/lequotidien.mr\\\/wp-content\\\/uploads\\\/2024\\\/05\\\/Ghazouani-Kiffa.jpg\",\"datePublished\":\"2024-05-13T11:37:07+00:00\",\"breadcrumb\":{\"@id\":\"https:\\\/\\\/lequotidien.mr\\\/?p=18166&lang=fr#breadcrumb\"},\"inLanguage\":\"ar\",\"potentialAction\":[{\"@type\":\"ReadAction\",\"target\":[\"https:\\\/\\\/lequotidien.mr\\\/?p=18166&lang=fr\"]}]},{\"@type\":\"ImageObject\",\"inLanguage\":\"ar\",\"@id\":\"https:\\\/\\\/lequotidien.mr\\\/?p=18166&lang=fr#primaryimage\",\"url\":\"https:\\\/\\\/lequotidien.mr\\\/wp-content\\\/uploads\\\/2024\\\/05\\\/Ghazouani-Kiffa.jpg\",\"contentUrl\":\"https:\\\/\\\/lequotidien.mr\\\/wp-content\\\/uploads\\\/2024\\\/05\\\/Ghazouani-Kiffa.jpg\",\"width\":584,\"height\":406},{\"@type\":\"BreadcrumbList\",\"@id\":\"https:\\\/\\\/lequotidien.mr\\\/?p=18166&lang=fr#breadcrumb\",\"itemListElement\":[{\"@type\":\"ListItem\",\"position\":1,\"name\":\"Home\",\"item\":\"https:\\\/\\\/lequotidien.mr\\\/\"},{\"@type\":\"ListItem\",\"position\":2,\"name\":\"Visite du Pr\u00e9sident \u00e0 Kiffa : logements sociaux et activit\u00e9s g\u00e9n\u00e9ratrices de revenus au programme\"}]},{\"@type\":\"WebSite\",\"@id\":\"https:\\\/\\\/lequotidien.mr\\\/#website\",\"url\":\"https:\\\/\\\/lequotidien.mr\\\/\",\"name\":\"Le Quotidien de Nouakchott\",\"description\":\"\u0625\u062e\u0628\u0627\u0631\u064a\u0629 \u0645\u0633\u062a\u0642\u0644\u0629 \u0644\u0644\u0623\u0646\u0628\u0627\u0621 \u0627\u0644\u0639\u0627\u0645\u0629\",\"publisher\":{\"@id\":\"https:\\\/\\\/lequotidien.mr\\\/#organization\"},\"potentialAction\":[{\"@type\":\"SearchAction\",\"target\":{\"@type\":\"EntryPoint\",\"urlTemplate\":\"https:\\\/\\\/lequotidien.mr\\\/?s={search_term_string}\"},\"query-input\":{\"@type\":\"PropertyValueSpecification\",\"valueRequired\":true,\"valueName\":\"search_term_string\"}}],\"inLanguage\":\"ar\"},{\"@type\":\"Organization\",\"@id\":\"https:\\\/\\\/lequotidien.mr\\\/#organization\",\"name\":\"Le Quotidien de Nouakchott\",\"url\":\"https:\\\/\\\/lequotidien.mr\\\/\",\"logo\":{\"@type\":\"ImageObject\",\"inLanguage\":\"ar\",\"@id\":\"https:\\\/\\\/lequotidien.mr\\\/#\\\/schema\\\/logo\\\/image\\\/\",\"url\":\"https:\\\/\\\/lequotidien.mr\\\/wp-content\\\/uploads\\\/2022\\\/11\\\/logolequotidien.jpg\",\"contentUrl\":\"https:\\\/\\\/lequotidien.mr\\\/wp-content\\\/uploads\\\/2022\\\/11\\\/logolequotidien.jpg\",\"width\":290,\"height\":65,\"caption\":\"Le Quotidien de Nouakchott\"},\"image\":{\"@id\":\"https:\\\/\\\/lequotidien.mr\\\/#\\\/schema\\\/logo\\\/image\\\/\"},\"sameAs\":[\"https:\\\/\\\/web.facebook.com\\\/lequotidienmr\",\"https:\\\/\\\/x.com\\\/lequotidienmr\"]},{\"@type\":\"Person\",\"@id\":\"https:\\\/\\\/lequotidien.mr\\\/#\\\/schema\\\/person\\\/d2d350202a4d599685ed8abc25f97596\",\"name\":\"Med Ahmed\",\"image\":{\"@type\":\"ImageObject\",\"inLanguage\":\"ar\",\"@id\":\"https:\\\/\\\/secure.gravatar.com\\\/avatar\\\/fd2acc62ed50732923d1d39c17172c9b04149f142be92310ecc69e1358f94b52?s=96&d=mm&r=g\",\"url\":\"https:\\\/\\\/secure.gravatar.com\\\/avatar\\\/fd2acc62ed50732923d1d39c17172c9b04149f142be92310ecc69e1358f94b52?s=96&d=mm&r=g\",\"contentUrl\":\"https:\\\/\\\/secure.gravatar.com\\\/avatar\\\/fd2acc62ed50732923d1d39c17172c9b04149f142be92310ecc69e1358f94b52?s=96&d=mm&r=g\",\"caption\":\"Med Ahmed\"},\"url\":\"https:\\\/\\\/lequotidien.mr\\\/?author=12\"}]}<\/script>\n<!-- \/ Yoast SEO plugin. -->","yoast_head_json":{"title":"Visite du Pr\u00e9sident \u00e0 Kiffa : logements sociaux et activit\u00e9s g\u00e9n\u00e9ratrices de revenus au programme - Le Quotidien de Nouakchott","robots":{"index":"index","follow":"follow","max-snippet":"max-snippet:-1","max-image-preview":"max-image-preview:large","max-video-preview":"max-video-preview:-1"},"canonical":"https:\/\/lequotidien.mr\/?p=18166&lang=fr","og_locale":"ar_AR","og_type":"article","og_title":"Visite du Pr\u00e9sident \u00e0 Kiffa : logements sociaux et activit\u00e9s g\u00e9n\u00e9ratrices de revenus au programme - Le Quotidien de Nouakchott","og_description":"Le Pr\u00e9sident de la R\u00e9publique, Mohamed Cheikh El Ghazouani, a pr\u00e9sid\u00e9 proc\u00e9d\u00e9, samedi dernier, \u00e0 l&#8217;inauguration d&#8217;un projet majeur \u00e0 Kiffa, dans le cadre du logement social et de la promotion \u00e9conomique. L&#8217;\u00e9v\u00e9nement a \u00e9t\u00e9 marqu\u00e9 par l&#8217;inauguration de 60 unit\u00e9s de logements, faisant partie d&#8217;un projet global de 368 unit\u00e9s destin\u00e9es \u00e0 r\u00e9pondre aux.....","og_url":"https:\/\/lequotidien.mr\/?p=18166&lang=fr","og_site_name":"Le Quotidien de Nouakchott","article_publisher":"https:\/\/web.facebook.com\/lequotidienmr","article_published_time":"2024-05-13T11:37:07+00:00","og_image":[{"width":584,"height":406,"url":"https:\/\/lequotidien.mr\/wp-content\/uploads\/2024\/05\/Ghazouani-Kiffa.jpg","type":"image\/jpeg"}],"author":"Med Ahmed","twitter_card":"summary_large_image","twitter_creator":"@lequotidienmr","twitter_site":"@lequotidienmr","twitter_misc":{"\u0643\u064f\u062a\u0628 \u0628\u0648\u0627\u0633\u0637\u0629":"Med Ahmed","\u0648\u0642\u062a \u0627\u0644\u0642\u0631\u0627\u0621\u0629 \u0627\u0644\u0645\u064f\u0642\u062f\u0651\u0631":"3 \u062f\u0642\u0627\u0626\u0642"},"schema":{"@context":"https:\/\/schema.org","@graph":[{"@type":"Article","@id":"https:\/\/lequotidien.mr\/?p=18166&lang=fr#article","isPartOf":{"@id":"https:\/\/lequotidien.mr\/?p=18166&lang=fr"},"author":{"name":"Med Ahmed","@id":"https:\/\/lequotidien.mr\/#\/schema\/person\/d2d350202a4d599685ed8abc25f97596"},"headline":"Visite du Pr\u00e9sident \u00e0 Kiffa : logements sociaux et activit\u00e9s g\u00e9n\u00e9ratrices de revenus au programme","datePublished":"2024-05-13T11:37:07+00:00","mainEntityOfPage":{"@id":"https:\/\/lequotidien.mr\/?p=18166&lang=fr"},"wordCount":551,"commentCount":0,"publisher":{"@id":"https:\/\/lequotidien.mr\/#organization"},"image":{"@id":"https:\/\/lequotidien.mr\/?p=18166&lang=fr#primaryimage"},"thumbnailUrl":"https:\/\/lequotidien.mr\/wp-content\/uploads\/2024\/05\/Ghazouani-Kiffa.jpg","articleSection":["ACTUALIT\u00c9","Economie"],"inLanguage":"ar","potentialAction":[{"@type":"CommentAction","name":"Comment","target":["https:\/\/lequotidien.mr\/?p=18166&lang=fr#respond"]}]},{"@type":"WebPage","@id":"https:\/\/lequotidien.mr\/?p=18166&lang=fr","url":"https:\/\/lequotidien.mr\/?p=18166&lang=fr","name":"Visite du Pr\u00e9sident \u00e0 Kiffa : logements sociaux et activit\u00e9s g\u00e9n\u00e9ratrices de revenus au programme - Le Quotidien de Nouakchott","isPartOf":{"@id":"https:\/\/lequotidien.mr\/#website"},"primaryImageOfPage":{"@id":"https:\/\/lequotidien.mr\/?p=18166&lang=fr#primaryimage"},"image":{"@id":"https:\/\/lequotidien.mr\/?p=18166&lang=fr#primaryimage"},"thumbnailUrl":"https:\/\/lequotidien.mr\/wp-content\/uploads\/2024\/05\/Ghazouani-Kiffa.jpg","datePublished":"2024-05-13T11:37:07+00:00","breadcrumb":{"@id":"https:\/\/lequotidien.mr\/?p=18166&lang=fr#breadcrumb"},"inLanguage":"ar","potentialAction":[{"@type":"ReadAction","target":["https:\/\/lequotidien.mr\/?p=18166&lang=fr"]}]},{"@type":"ImageObject","inLanguage":"ar","@id":"https:\/\/lequotidien.mr\/?p=18166&lang=fr#primaryimage","url":"https:\/\/lequotidien.mr\/wp-content\/uploads\/2024\/05\/Ghazouani-Kiffa.jpg","contentUrl":"https:\/\/lequotidien.mr\/wp-content\/uploads\/2024\/05\/Ghazouani-Kiffa.jpg","width":584,"height":406},{"@type":"BreadcrumbList","@id":"https:\/\/lequotidien.mr\/?p=18166&lang=fr#breadcrumb","itemListElement":[{"@type":"ListItem","position":1,"name":"Home","item":"https:\/\/lequotidien.mr\/"},{"@type":"ListItem","position":2,"name":"Visite du Pr\u00e9sident \u00e0 Kiffa : logements sociaux et activit\u00e9s g\u00e9n\u00e9ratrices de revenus au programme"}]},{"@type":"WebSite","@id":"https:\/\/lequotidien.mr\/#website","url":"https:\/\/lequotidien.mr\/","name":"Le Quotidien de Nouakchott","description":"\u0625\u062e\u0628\u0627\u0631\u064a\u0629 \u0645\u0633\u062a\u0642\u0644\u0629 \u0644\u0644\u0623\u0646\u0628\u0627\u0621 \u0627\u0644\u0639\u0627\u0645\u0629","publisher":{"@id":"https:\/\/lequotidien.mr\/#organization"},"potentialAction":[{"@type":"SearchAction","target":{"@type":"EntryPoint","urlTemplate":"https:\/\/lequotidien.mr\/?s={search_term_string}"},"query-input":{"@type":"PropertyValueSpecification","valueRequired":true,"valueName":"search_term_string"}}],"inLanguage":"ar"},{"@type":"Organization","@id":"https:\/\/lequotidien.mr\/#organization","name":"Le Quotidien de Nouakchott","url":"https:\/\/lequotidien.mr\/","logo":{"@type":"ImageObject","inLanguage":"ar","@id":"https:\/\/lequotidien.mr\/#\/schema\/logo\/image\/","url":"https:\/\/lequotidien.mr\/wp-content\/uploads\/2022\/11\/logolequotidien.jpg","contentUrl":"https:\/\/lequotidien.mr\/wp-content\/uploads\/2022\/11\/logolequotidien.jpg","width":290,"height":65,"caption":"Le Quotidien de Nouakchott"},"image":{"@id":"https:\/\/lequotidien.mr\/#\/schema\/logo\/image\/"},"sameAs":["https:\/\/web.facebook.com\/lequotidienmr","https:\/\/x.com\/lequotidienmr"]},{"@type":"Person","@id":"https:\/\/lequotidien.mr\/#\/schema\/person\/d2d350202a4d599685ed8abc25f97596","name":"Med Ahmed","image":{"@type":"ImageObject","inLanguage":"ar","@id":"https:\/\/secure.gravatar.com\/avatar\/fd2acc62ed50732923d1d39c17172c9b04149f142be92310ecc69e1358f94b52?s=96&d=mm&r=g","url":"https:\/\/secure.gravatar.com\/avatar\/fd2acc62ed50732923d1d39c17172c9b04149f142be92310ecc69e1358f94b52?s=96&d=mm&r=g","contentUrl":"https:\/\/secure.gravatar.com\/avatar\/fd2acc62ed50732923d1d39c17172c9b04149f142be92310ecc69e1358f94b52?s=96&d=mm&r=g","caption":"Med Ahmed"},"url":"https:\/\/lequotidien.mr\/?author=12"}]}},"_links":{"self":[{"href":"https:\/\/lequotidien.mr\/index.php?rest_route=\/wp\/v2\/posts\/18166","targetHints":{"allow":["GET"]}}],"collection":[{"href":"https:\/\/lequotidien.mr\/index.php?rest_route=\/wp\/v2\/posts"}],"about":[{"href":"https:\/\/lequotidien.mr\/index.php?rest_route=\/wp\/v2\/types\/post"}],"author":[{"embeddable":true,"href":"https:\/\/lequotidien.mr\/index.php?rest_route=\/wp\/v2\/users\/12"}],"replies":[{"embeddable":true,"href":"https:\/\/lequotidien.mr\/index.php?rest_route=%2Fwp%2Fv2%2Fcomments&post=18166"}],"version-history":[{"count":1,"href":"https:\/\/lequotidien.mr\/index.php?rest_route=\/wp\/v2\/posts\/18166\/revisions"}],"predecessor-version":[{"id":18168,"href":"https:\/\/lequotidien.mr\/index.php?rest_route=\/wp\/v2\/posts\/18166\/revisions\/18168"}],"wp:featuredmedia":[{"embeddable":true,"href":"https:\/\/lequotidien.mr\/index.php?rest_route=\/wp\/v2\/media\/18167"}],"wp:attachment":[{"href":"https:\/\/lequotidien.mr\/index.php?rest_route=%2Fwp%2Fv2%2Fmedia&parent=18166"}],"wp:term":[{"taxonomy":"category","embeddable":true,"href":"https:\/\/lequotidien.mr\/index.php?rest_route=%2Fwp%2Fv2%2Fcategories&post=18166"},{"taxonomy":"post_tag","embeddable":true,"href":"https:\/\/lequotidien.mr\/index.php?rest_route=%2Fwp%2Fv2%2Ftags&post=18166"}],"curies":[{"name":"wp","href":"https:\/\/api.w.org\/{rel}","templated":true}]}}