{"id":18131,"date":"2024-05-11T10:45:34","date_gmt":"2024-05-11T10:45:34","guid":{"rendered":"https:\/\/lequotidien.mr\/?p=18131"},"modified":"2024-05-11T12:45:38","modified_gmt":"2024-05-11T12:45:38","slug":"sommet-exceptionnel-de-lunion-africaine-sur-les-engrais-et-la-sante-des-sols-nouvel-elan-pour-la-securite-alimentaire-et-la-durabilite-des-sols","status":"publish","type":"post","link":"https:\/\/lequotidien.mr\/?p=18131&lang=fr","title":{"rendered":"Sommet exceptionnel de l&#8217;Union Africaine sur les engrais et la sant\u00e9 des sols : nouvel \u00e9lan pour la s\u00e9curit\u00e9 alimentaire et la durabilit\u00e9 des sols"},"content":{"rendered":"<p>Le 7 mai 2024, Nairobi a \u00e9t\u00e9 le th\u00e9\u00e2tre d&#8217;un \u00e9v\u00e9nement majeur pour l&#8217;avenir agricole de l&#8217;Afrique : le sommet exceptionnel de l&#8217;Union africaine sur les engrais et la sant\u00e9 des sols. Pr\u00e9sid\u00e9 par le pr\u00e9sident k\u00e9nyan William Samoei Ruto, au nom du pr\u00e9sident en exercice de l&#8217;Union africaine, Mohamed Cheikh El Ghazouani, ce sommet a \u00e9t\u00e9 l&#8217;occasion de r\u00e9affirmer l&#8217;importance cruciale de l&#8217;agriculture pour le d\u00e9veloppement du continent.<\/p>\n<p>Depuis la D\u00e9claration d&#8217;Abuja en 2006, le discours sur l&#8217;agriculture et la s\u00e9curit\u00e9 alimentaire en Afrique a consid\u00e9rablement \u00e9volu\u00e9. Plus de quinze ans apr\u00e8s cet engagement historique, le march\u00e9 des engrais a subi des transformations majeures, impliquant une red\u00e9finition des r\u00f4les des acteurs publics et priv\u00e9s. De plus, une prise de conscience accrue s&#8217;est op\u00e9r\u00e9e quant au r\u00f4le central de la gestion durable des sols dans la promotion de l&#8217;agriculture.<\/p>\n<p>En effet, le d\u00e9clin de la sant\u00e9 des sols a constitu\u00e9 un obstacle majeur \u00e0 l&#8217;efficacit\u00e9 de l&#8217;utilisation des engrais, entravant la croissance de la productivit\u00e9 agricole, la s\u00e9curit\u00e9 alimentaire et la durabilit\u00e9 environnementale \u00e0 travers le continent. Face \u00e0 cette r\u00e9alit\u00e9, il est devenu imp\u00e9ratif d&#8217;\u00e9valuer l&#8217;\u00e9tat des sols en Afrique afin de r\u00e9ajuster les strat\u00e9gies visant \u00e0 stimuler leur productivit\u00e9 de mani\u00e8re durable.<\/p>\n<p>Dans ce contexte, le ministre des Affaires \u00e9trang\u00e8res, Mohamed Salem Merzouk, a soulign\u00e9 l&#8217;importance des d\u00e9cisions prises lors de ce sommet. Dans une d\u00e9claration, il a affirm\u00e9 que les r\u00e9solutions adopt\u00e9es ouvraient la voie \u00e0 une &#8220;r\u00e9volution verte africaine&#8221;, garante de la s\u00e9curit\u00e9 alimentaire, de la souverainet\u00e9 et de la dignit\u00e9 du continent.<\/p>\n<p>Merzouk a \u00e9galement partag\u00e9 son engagement en assistant \u00e0 la session de cl\u00f4ture du sommet, accompagn\u00e9 de son homologue ministre de l&#8217;Agriculture, Memma Beibatta. Soulignant l&#8217;urgence d&#8217;une approche int\u00e9gr\u00e9e du d\u00e9veloppement agricole, il a plaid\u00e9 en faveur d&#8217;une vision holistique visant \u00e0 renforcer la souverainet\u00e9 nationale et la dignit\u00e9 africaine.<\/p>\n<p>Ce sommet exceptionnel a donc \u00e9t\u00e9 un moment crucial pour l&#8217;avenir agricole de l&#8217;Afrique, marquant une nouvelle \u00e9tape vers une agriculture plus durable, productive et r\u00e9siliente. En unissant leurs efforts, les pays africains ont affirm\u00e9 leur d\u00e9termination \u00e0 relever les d\u00e9fis complexes qui se posent \u00e0 eux, avec pour objectif ultime d&#8217;assurer la prosp\u00e9rit\u00e9 et le bien-\u00eatre de leurs populations.<\/p>\n<p>&nbsp;<\/p>\n","protected":false},"excerpt":{"rendered":"<p>Le 7 mai 2024, Nairobi a \u00e9t\u00e9 le th\u00e9\u00e2tre d&#8217;un \u00e9v\u00e9nement majeur pour l&#8217;avenir agricole de l&#8217;Afrique : le sommet exceptionnel de l&#8217;Union africaine sur les engrais et la sant\u00e9 des sols. Pr\u00e9sid\u00e9 par le pr\u00e9sident k\u00e9nyan William Samoei Ruto, au nom du pr\u00e9sident en exercice de l&#8217;Union africaine, Mohamed Cheikh El Ghazouani, ce sommet&#8230;..<\/p>\n","protected":false},"author":12,"featured_media":18132,"comment_status":"open","ping_status":"open","sticky":false,"template":"","format":"standard","meta":{"footnotes":""},"categories":[23,49],"tags":[],"class_list":["post-18131","post","type-post","status-publish","format-standard","has-post-thumbnail","hentry","category-actualite","category-economie"],"yoast_head":"<!-- This site is optimized with the Yoast SEO plugin v27.5 - https:\/\/yoast.com\/product\/yoast-seo-wordpress\/ -->\n<title>Sommet exceptionnel de l&#039;Union Africaine sur les engrais et la sant\u00e9 des sols : nouvel \u00e9lan pour la s\u00e9curit\u00e9 alimentaire et la durabilit\u00e9 des sols - Le Quotidien de Nouakchott<\/title>\n<meta name=\"robots\" content=\"index, follow, max-snippet:-1, max-image-preview:large, max-video-preview:-1\" \/>\n<link rel=\"canonical\" href=\"https:\/\/lequotidien.mr\/?p=18131&lang=fr\" \/>\n<meta property=\"og:locale\" content=\"ar_AR\" \/>\n<meta property=\"og:type\" content=\"article\" \/>\n<meta property=\"og:title\" content=\"Sommet exceptionnel de l&#039;Union Africaine sur les engrais et la sant\u00e9 des sols : nouvel \u00e9lan pour la s\u00e9curit\u00e9 alimentaire et la durabilit\u00e9 des sols - Le Quotidien de Nouakchott\" \/>\n<meta property=\"og:description\" content=\"Le 7 mai 2024, Nairobi a \u00e9t\u00e9 le th\u00e9\u00e2tre d&#8217;un \u00e9v\u00e9nement majeur pour l&#8217;avenir agricole de l&#8217;Afrique : le sommet exceptionnel de l&#8217;Union africaine sur les engrais et la sant\u00e9 des sols. Pr\u00e9sid\u00e9 par le pr\u00e9sident k\u00e9nyan William Samoei Ruto, au nom du pr\u00e9sident en exercice de l&#8217;Union africaine, Mohamed Cheikh El Ghazouani, ce sommet.....\" \/>\n<meta property=\"og:url\" content=\"https:\/\/lequotidien.mr\/?p=18131&amp;lang=fr\" \/>\n<meta property=\"og:site_name\" content=\"Le Quotidien de Nouakchott\" \/>\n<meta property=\"article:publisher\" content=\"https:\/\/web.facebook.com\/lequotidienmr\" \/>\n<meta property=\"article:published_time\" content=\"2024-05-11T10:45:34+00:00\" \/>\n<meta property=\"article:modified_time\" content=\"2024-05-11T12:45:38+00:00\" \/>\n<meta property=\"og:image\" content=\"https:\/\/lequotidien.mr\/wp-content\/uploads\/2024\/05\/photo-Merzoug.jpeg\" \/>\n\t<meta property=\"og:image:width\" content=\"964\" \/>\n\t<meta property=\"og:image:height\" content=\"888\" \/>\n\t<meta property=\"og:image:type\" content=\"image\/jpeg\" \/>\n<meta name=\"author\" content=\"Med Ahmed\" \/>\n<meta name=\"twitter:card\" content=\"summary_large_image\" \/>\n<meta name=\"twitter:creator\" content=\"@lequotidienmr\" \/>\n<meta name=\"twitter:site\" content=\"@lequotidienmr\" \/>\n<meta name=\"twitter:label1\" content=\"\u0643\u064f\u062a\u0628 \u0628\u0648\u0627\u0633\u0637\u0629\" \/>\n\t<meta name=\"twitter:data1\" content=\"Med Ahmed\" \/>\n\t<meta name=\"twitter:label2\" content=\"\u0648\u0642\u062a \u0627\u0644\u0642\u0631\u0627\u0621\u0629 \u0627\u0644\u0645\u064f\u0642\u062f\u0651\u0631\" \/>\n\t<meta name=\"twitter:data2\" content=\"\u062f\u0642\u064a\u0642\u062a\u0627\u0646\" \/>\n<script type=\"application\/ld+json\" class=\"yoast-schema-graph\">{\"@context\":\"https:\\\/\\\/schema.org\",\"@graph\":[{\"@type\":\"Article\",\"@id\":\"https:\\\/\\\/lequotidien.mr\\\/?p=18131&lang=fr#article\",\"isPartOf\":{\"@id\":\"https:\\\/\\\/lequotidien.mr\\\/?p=18131&lang=fr\"},\"author\":{\"name\":\"Med Ahmed\",\"@id\":\"https:\\\/\\\/lequotidien.mr\\\/#\\\/schema\\\/person\\\/d2d350202a4d599685ed8abc25f97596\"},\"headline\":\"Sommet exceptionnel de l&#8217;Union Africaine sur les engrais et la sant\u00e9 des sols : nouvel \u00e9lan pour la s\u00e9curit\u00e9 alimentaire et la durabilit\u00e9 des sols\",\"datePublished\":\"2024-05-11T10:45:34+00:00\",\"dateModified\":\"2024-05-11T12:45:38+00:00\",\"mainEntityOfPage\":{\"@id\":\"https:\\\/\\\/lequotidien.mr\\\/?p=18131&lang=fr\"},\"wordCount\":446,\"commentCount\":0,\"publisher\":{\"@id\":\"https:\\\/\\\/lequotidien.mr\\\/#organization\"},\"image\":{\"@id\":\"https:\\\/\\\/lequotidien.mr\\\/?p=18131&lang=fr#primaryimage\"},\"thumbnailUrl\":\"https:\\\/\\\/lequotidien.mr\\\/wp-content\\\/uploads\\\/2024\\\/05\\\/photo-Merzoug.jpeg\",\"articleSection\":[\"ACTUALIT\u00c9\",\"Economie\"],\"inLanguage\":\"ar\",\"potentialAction\":[{\"@type\":\"CommentAction\",\"name\":\"Comment\",\"target\":[\"https:\\\/\\\/lequotidien.mr\\\/?p=18131&lang=fr#respond\"]}]},{\"@type\":\"WebPage\",\"@id\":\"https:\\\/\\\/lequotidien.mr\\\/?p=18131&lang=fr\",\"url\":\"https:\\\/\\\/lequotidien.mr\\\/?p=18131&lang=fr\",\"name\":\"Sommet exceptionnel de l'Union Africaine sur les engrais et la sant\u00e9 des sols : nouvel \u00e9lan pour la s\u00e9curit\u00e9 alimentaire et la durabilit\u00e9 des sols - Le Quotidien de Nouakchott\",\"isPartOf\":{\"@id\":\"https:\\\/\\\/lequotidien.mr\\\/#website\"},\"primaryImageOfPage\":{\"@id\":\"https:\\\/\\\/lequotidien.mr\\\/?p=18131&lang=fr#primaryimage\"},\"image\":{\"@id\":\"https:\\\/\\\/lequotidien.mr\\\/?p=18131&lang=fr#primaryimage\"},\"thumbnailUrl\":\"https:\\\/\\\/lequotidien.mr\\\/wp-content\\\/uploads\\\/2024\\\/05\\\/photo-Merzoug.jpeg\",\"datePublished\":\"2024-05-11T10:45:34+00:00\",\"dateModified\":\"2024-05-11T12:45:38+00:00\",\"breadcrumb\":{\"@id\":\"https:\\\/\\\/lequotidien.mr\\\/?p=18131&lang=fr#breadcrumb\"},\"inLanguage\":\"ar\",\"potentialAction\":[{\"@type\":\"ReadAction\",\"target\":[\"https:\\\/\\\/lequotidien.mr\\\/?p=18131&lang=fr\"]}]},{\"@type\":\"ImageObject\",\"inLanguage\":\"ar\",\"@id\":\"https:\\\/\\\/lequotidien.mr\\\/?p=18131&lang=fr#primaryimage\",\"url\":\"https:\\\/\\\/lequotidien.mr\\\/wp-content\\\/uploads\\\/2024\\\/05\\\/photo-Merzoug.jpeg\",\"contentUrl\":\"https:\\\/\\\/lequotidien.mr\\\/wp-content\\\/uploads\\\/2024\\\/05\\\/photo-Merzoug.jpeg\",\"width\":964,\"height\":888},{\"@type\":\"BreadcrumbList\",\"@id\":\"https:\\\/\\\/lequotidien.mr\\\/?p=18131&lang=fr#breadcrumb\",\"itemListElement\":[{\"@type\":\"ListItem\",\"position\":1,\"name\":\"Home\",\"item\":\"https:\\\/\\\/lequotidien.mr\\\/\"},{\"@type\":\"ListItem\",\"position\":2,\"name\":\"Sommet exceptionnel de l&#8217;Union Africaine sur les engrais et la sant\u00e9 des sols : nouvel \u00e9lan pour la s\u00e9curit\u00e9 alimentaire et la durabilit\u00e9 des sols\"}]},{\"@type\":\"WebSite\",\"@id\":\"https:\\\/\\\/lequotidien.mr\\\/#website\",\"url\":\"https:\\\/\\\/lequotidien.mr\\\/\",\"name\":\"Le Quotidien de Nouakchott\",\"description\":\"\u0625\u062e\u0628\u0627\u0631\u064a\u0629 \u0645\u0633\u062a\u0642\u0644\u0629 \u0644\u0644\u0623\u0646\u0628\u0627\u0621 \u0627\u0644\u0639\u0627\u0645\u0629\",\"publisher\":{\"@id\":\"https:\\\/\\\/lequotidien.mr\\\/#organization\"},\"potentialAction\":[{\"@type\":\"SearchAction\",\"target\":{\"@type\":\"EntryPoint\",\"urlTemplate\":\"https:\\\/\\\/lequotidien.mr\\\/?s={search_term_string}\"},\"query-input\":{\"@type\":\"PropertyValueSpecification\",\"valueRequired\":true,\"valueName\":\"search_term_string\"}}],\"inLanguage\":\"ar\"},{\"@type\":\"Organization\",\"@id\":\"https:\\\/\\\/lequotidien.mr\\\/#organization\",\"name\":\"Le Quotidien de Nouakchott\",\"url\":\"https:\\\/\\\/lequotidien.mr\\\/\",\"logo\":{\"@type\":\"ImageObject\",\"inLanguage\":\"ar\",\"@id\":\"https:\\\/\\\/lequotidien.mr\\\/#\\\/schema\\\/logo\\\/image\\\/\",\"url\":\"https:\\\/\\\/lequotidien.mr\\\/wp-content\\\/uploads\\\/2022\\\/11\\\/logolequotidien.jpg\",\"contentUrl\":\"https:\\\/\\\/lequotidien.mr\\\/wp-content\\\/uploads\\\/2022\\\/11\\\/logolequotidien.jpg\",\"width\":290,\"height\":65,\"caption\":\"Le Quotidien de Nouakchott\"},\"image\":{\"@id\":\"https:\\\/\\\/lequotidien.mr\\\/#\\\/schema\\\/logo\\\/image\\\/\"},\"sameAs\":[\"https:\\\/\\\/web.facebook.com\\\/lequotidienmr\",\"https:\\\/\\\/x.com\\\/lequotidienmr\"]},{\"@type\":\"Person\",\"@id\":\"https:\\\/\\\/lequotidien.mr\\\/#\\\/schema\\\/person\\\/d2d350202a4d599685ed8abc25f97596\",\"name\":\"Med Ahmed\",\"image\":{\"@type\":\"ImageObject\",\"inLanguage\":\"ar\",\"@id\":\"https:\\\/\\\/secure.gravatar.com\\\/avatar\\\/fd2acc62ed50732923d1d39c17172c9b04149f142be92310ecc69e1358f94b52?s=96&d=mm&r=g\",\"url\":\"https:\\\/\\\/secure.gravatar.com\\\/avatar\\\/fd2acc62ed50732923d1d39c17172c9b04149f142be92310ecc69e1358f94b52?s=96&d=mm&r=g\",\"contentUrl\":\"https:\\\/\\\/secure.gravatar.com\\\/avatar\\\/fd2acc62ed50732923d1d39c17172c9b04149f142be92310ecc69e1358f94b52?s=96&d=mm&r=g\",\"caption\":\"Med Ahmed\"},\"url\":\"https:\\\/\\\/lequotidien.mr\\\/?author=12\"}]}<\/script>\n<!-- \/ Yoast SEO plugin. -->","yoast_head_json":{"title":"Sommet exceptionnel de l'Union Africaine sur les engrais et la sant\u00e9 des sols : nouvel \u00e9lan pour la s\u00e9curit\u00e9 alimentaire et la durabilit\u00e9 des sols - Le Quotidien de Nouakchott","robots":{"index":"index","follow":"follow","max-snippet":"max-snippet:-1","max-image-preview":"max-image-preview:large","max-video-preview":"max-video-preview:-1"},"canonical":"https:\/\/lequotidien.mr\/?p=18131&lang=fr","og_locale":"ar_AR","og_type":"article","og_title":"Sommet exceptionnel de l'Union Africaine sur les engrais et la sant\u00e9 des sols : nouvel \u00e9lan pour la s\u00e9curit\u00e9 alimentaire et la durabilit\u00e9 des sols - Le Quotidien de Nouakchott","og_description":"Le 7 mai 2024, Nairobi a \u00e9t\u00e9 le th\u00e9\u00e2tre d&#8217;un \u00e9v\u00e9nement majeur pour l&#8217;avenir agricole de l&#8217;Afrique : le sommet exceptionnel de l&#8217;Union africaine sur les engrais et la sant\u00e9 des sols. Pr\u00e9sid\u00e9 par le pr\u00e9sident k\u00e9nyan William Samoei Ruto, au nom du pr\u00e9sident en exercice de l&#8217;Union africaine, Mohamed Cheikh El Ghazouani, ce sommet.....","og_url":"https:\/\/lequotidien.mr\/?p=18131&lang=fr","og_site_name":"Le Quotidien de Nouakchott","article_publisher":"https:\/\/web.facebook.com\/lequotidienmr","article_published_time":"2024-05-11T10:45:34+00:00","article_modified_time":"2024-05-11T12:45:38+00:00","og_image":[{"width":964,"height":888,"url":"https:\/\/lequotidien.mr\/wp-content\/uploads\/2024\/05\/photo-Merzoug.jpeg","type":"image\/jpeg"}],"author":"Med Ahmed","twitter_card":"summary_large_image","twitter_creator":"@lequotidienmr","twitter_site":"@lequotidienmr","twitter_misc":{"\u0643\u064f\u062a\u0628 \u0628\u0648\u0627\u0633\u0637\u0629":"Med Ahmed","\u0648\u0642\u062a \u0627\u0644\u0642\u0631\u0627\u0621\u0629 \u0627\u0644\u0645\u064f\u0642\u062f\u0651\u0631":"\u062f\u0642\u064a\u0642\u062a\u0627\u0646"},"schema":{"@context":"https:\/\/schema.org","@graph":[{"@type":"Article","@id":"https:\/\/lequotidien.mr\/?p=18131&lang=fr#article","isPartOf":{"@id":"https:\/\/lequotidien.mr\/?p=18131&lang=fr"},"author":{"name":"Med Ahmed","@id":"https:\/\/lequotidien.mr\/#\/schema\/person\/d2d350202a4d599685ed8abc25f97596"},"headline":"Sommet exceptionnel de l&#8217;Union Africaine sur les engrais et la sant\u00e9 des sols : nouvel \u00e9lan pour la s\u00e9curit\u00e9 alimentaire et la durabilit\u00e9 des sols","datePublished":"2024-05-11T10:45:34+00:00","dateModified":"2024-05-11T12:45:38+00:00","mainEntityOfPage":{"@id":"https:\/\/lequotidien.mr\/?p=18131&lang=fr"},"wordCount":446,"commentCount":0,"publisher":{"@id":"https:\/\/lequotidien.mr\/#organization"},"image":{"@id":"https:\/\/lequotidien.mr\/?p=18131&lang=fr#primaryimage"},"thumbnailUrl":"https:\/\/lequotidien.mr\/wp-content\/uploads\/2024\/05\/photo-Merzoug.jpeg","articleSection":["ACTUALIT\u00c9","Economie"],"inLanguage":"ar","potentialAction":[{"@type":"CommentAction","name":"Comment","target":["https:\/\/lequotidien.mr\/?p=18131&lang=fr#respond"]}]},{"@type":"WebPage","@id":"https:\/\/lequotidien.mr\/?p=18131&lang=fr","url":"https:\/\/lequotidien.mr\/?p=18131&lang=fr","name":"Sommet exceptionnel de l'Union Africaine sur les engrais et la sant\u00e9 des sols : nouvel \u00e9lan pour la s\u00e9curit\u00e9 alimentaire et la durabilit\u00e9 des sols - Le Quotidien de Nouakchott","isPartOf":{"@id":"https:\/\/lequotidien.mr\/#website"},"primaryImageOfPage":{"@id":"https:\/\/lequotidien.mr\/?p=18131&lang=fr#primaryimage"},"image":{"@id":"https:\/\/lequotidien.mr\/?p=18131&lang=fr#primaryimage"},"thumbnailUrl":"https:\/\/lequotidien.mr\/wp-content\/uploads\/2024\/05\/photo-Merzoug.jpeg","datePublished":"2024-05-11T10:45:34+00:00","dateModified":"2024-05-11T12:45:38+00:00","breadcrumb":{"@id":"https:\/\/lequotidien.mr\/?p=18131&lang=fr#breadcrumb"},"inLanguage":"ar","potentialAction":[{"@type":"ReadAction","target":["https:\/\/lequotidien.mr\/?p=18131&lang=fr"]}]},{"@type":"ImageObject","inLanguage":"ar","@id":"https:\/\/lequotidien.mr\/?p=18131&lang=fr#primaryimage","url":"https:\/\/lequotidien.mr\/wp-content\/uploads\/2024\/05\/photo-Merzoug.jpeg","contentUrl":"https:\/\/lequotidien.mr\/wp-content\/uploads\/2024\/05\/photo-Merzoug.jpeg","width":964,"height":888},{"@type":"BreadcrumbList","@id":"https:\/\/lequotidien.mr\/?p=18131&lang=fr#breadcrumb","itemListElement":[{"@type":"ListItem","position":1,"name":"Home","item":"https:\/\/lequotidien.mr\/"},{"@type":"ListItem","position":2,"name":"Sommet exceptionnel de l&#8217;Union Africaine sur les engrais et la sant\u00e9 des sols : nouvel \u00e9lan pour la s\u00e9curit\u00e9 alimentaire et la durabilit\u00e9 des sols"}]},{"@type":"WebSite","@id":"https:\/\/lequotidien.mr\/#website","url":"https:\/\/lequotidien.mr\/","name":"Le Quotidien de Nouakchott","description":"\u0625\u062e\u0628\u0627\u0631\u064a\u0629 \u0645\u0633\u062a\u0642\u0644\u0629 \u0644\u0644\u0623\u0646\u0628\u0627\u0621 \u0627\u0644\u0639\u0627\u0645\u0629","publisher":{"@id":"https:\/\/lequotidien.mr\/#organization"},"potentialAction":[{"@type":"SearchAction","target":{"@type":"EntryPoint","urlTemplate":"https:\/\/lequotidien.mr\/?s={search_term_string}"},"query-input":{"@type":"PropertyValueSpecification","valueRequired":true,"valueName":"search_term_string"}}],"inLanguage":"ar"},{"@type":"Organization","@id":"https:\/\/lequotidien.mr\/#organization","name":"Le Quotidien de Nouakchott","url":"https:\/\/lequotidien.mr\/","logo":{"@type":"ImageObject","inLanguage":"ar","@id":"https:\/\/lequotidien.mr\/#\/schema\/logo\/image\/","url":"https:\/\/lequotidien.mr\/wp-content\/uploads\/2022\/11\/logolequotidien.jpg","contentUrl":"https:\/\/lequotidien.mr\/wp-content\/uploads\/2022\/11\/logolequotidien.jpg","width":290,"height":65,"caption":"Le Quotidien de Nouakchott"},"image":{"@id":"https:\/\/lequotidien.mr\/#\/schema\/logo\/image\/"},"sameAs":["https:\/\/web.facebook.com\/lequotidienmr","https:\/\/x.com\/lequotidienmr"]},{"@type":"Person","@id":"https:\/\/lequotidien.mr\/#\/schema\/person\/d2d350202a4d599685ed8abc25f97596","name":"Med Ahmed","image":{"@type":"ImageObject","inLanguage":"ar","@id":"https:\/\/secure.gravatar.com\/avatar\/fd2acc62ed50732923d1d39c17172c9b04149f142be92310ecc69e1358f94b52?s=96&d=mm&r=g","url":"https:\/\/secure.gravatar.com\/avatar\/fd2acc62ed50732923d1d39c17172c9b04149f142be92310ecc69e1358f94b52?s=96&d=mm&r=g","contentUrl":"https:\/\/secure.gravatar.com\/avatar\/fd2acc62ed50732923d1d39c17172c9b04149f142be92310ecc69e1358f94b52?s=96&d=mm&r=g","caption":"Med Ahmed"},"url":"https:\/\/lequotidien.mr\/?author=12"}]}},"_links":{"self":[{"href":"https:\/\/lequotidien.mr\/index.php?rest_route=\/wp\/v2\/posts\/18131","targetHints":{"allow":["GET"]}}],"collection":[{"href":"https:\/\/lequotidien.mr\/index.php?rest_route=\/wp\/v2\/posts"}],"about":[{"href":"https:\/\/lequotidien.mr\/index.php?rest_route=\/wp\/v2\/types\/post"}],"author":[{"embeddable":true,"href":"https:\/\/lequotidien.mr\/index.php?rest_route=\/wp\/v2\/users\/12"}],"replies":[{"embeddable":true,"href":"https:\/\/lequotidien.mr\/index.php?rest_route=%2Fwp%2Fv2%2Fcomments&post=18131"}],"version-history":[{"count":3,"href":"https:\/\/lequotidien.mr\/index.php?rest_route=\/wp\/v2\/posts\/18131\/revisions"}],"predecessor-version":[{"id":18135,"href":"https:\/\/lequotidien.mr\/index.php?rest_route=\/wp\/v2\/posts\/18131\/revisions\/18135"}],"wp:featuredmedia":[{"embeddable":true,"href":"https:\/\/lequotidien.mr\/index.php?rest_route=\/wp\/v2\/media\/18132"}],"wp:attachment":[{"href":"https:\/\/lequotidien.mr\/index.php?rest_route=%2Fwp%2Fv2%2Fmedia&parent=18131"}],"wp:term":[{"taxonomy":"category","embeddable":true,"href":"https:\/\/lequotidien.mr\/index.php?rest_route=%2Fwp%2Fv2%2Fcategories&post=18131"},{"taxonomy":"post_tag","embeddable":true,"href":"https:\/\/lequotidien.mr\/index.php?rest_route=%2Fwp%2Fv2%2Ftags&post=18131"}],"curies":[{"name":"wp","href":"https:\/\/api.w.org\/{rel}","templated":true}]}}