{"id":18104,"date":"2024-05-10T09:35:47","date_gmt":"2024-05-10T09:35:47","guid":{"rendered":"https:\/\/lequotidien.mr\/?p=18104"},"modified":"2024-05-10T09:35:47","modified_gmt":"2024-05-10T09:35:47","slug":"dallas-lancement-de-la-journee-portes-ouvertes-sur-les-opportunites-dinvestissement-en-mauritanie","status":"publish","type":"post","link":"https:\/\/lequotidien.mr\/?p=18104&lang=fr","title":{"rendered":"Dallas : lancement de la journ\u00e9e portes ouvertes sur les opportunit\u00e9s d\u2019investissement en Mauritanie"},"content":{"rendered":"<p>Mercredi dernier, \u00e0 Dallas aux \u00c9tats-Unis, le Premier Ministre, M. Mohamed Bilal Messoud, a ouvert le d\u00e9but des activit\u00e9s de la journ\u00e9e portes ouvertes sur les opportunit\u00e9s d&#8217;investissement dans en Mauritanie. L&#8217;\u00e9v\u00e9nement, organis\u00e9 par l&#8217;Agence de Promotion des Investissements de Mauritanie (APIM), s&#8217;inscrit dans le cadre du sommet du partenariat \u00e9conomique entre les \u00c9tats-Unis et l&#8217;Afrique qui s&#8217;est tenu du 6 au 9 mai 2024, \u00e0 Dallas.<\/p>\n<p>Dans son discours d&#8217;ouverture, le Premier Ministre a mis en lumi\u00e8re la situation politique stable et favorable qui pr\u00e9vaut actuellement en Mauritanie sous la direction du Pr\u00e9sident de la R\u00e9publique, Monsieur Mohamed Cheikh El Ghazouani. Il a \u00e9galement soulign\u00e9 les r\u00e9formes significatives entreprises au cours des cinq derni\u00e8res ann\u00e9es dans divers secteurs, notamment politique, \u00e9conomique et social.<\/p>\n<p>L&#8217;accent a \u00e9t\u00e9 mis sur la position strat\u00e9gique de la Mauritanie, ainsi que sur la richesse et la diversit\u00e9 de ses ressources naturelles, allant des min\u00e9raux et du gaz aux ressources halieutiques, animales, agricoles et touristiques. Ces atouts font de la Mauritanie une destination attractive et prometteuse pour les investissements.<\/p>\n<p>Mohamed Bilal Messoud, a ainsi appel\u00e9 les participants \u00e0 saisir ces opportunit\u00e9s et \u00e0 investir dans le d\u00e9veloppement de ces ressources, ouvrant ainsi la voie \u00e0 une coop\u00e9ration \u00e9conomique fructueuse entre la Mauritanie et ses partenaires internationaux.<\/p>\n<p>Le Premier Ministre a \u00e9galement abord\u00e9 le cadre l\u00e9gislatif, institutionnel et r\u00e9glementaire qui r\u00e9git les investissements dans le pays. Il a notamment mentionn\u00e9 la mise en place d&#8217;un Haut Conseil de l&#8217;Investissement, pr\u00e9sid\u00e9 par le Pr\u00e9sident de la R\u00e9publique, qui r\u00e9unit des repr\u00e9sentants du secteur priv\u00e9, des investisseurs internationaux, des membres du gouvernement, l&#8217;Agence de Promotion de l&#8217;Investissement en Mauritanie et un comit\u00e9 minist\u00e9riel d\u00e9di\u00e9 au climat des affaires.<\/p>\n<p>L&#8217;appel du Premier Ministre \u00e0 l&#8217;investissement lors de cette journ\u00e9e portes ouvertes \u00e0 Dallas souligne la volont\u00e9 de la Mauritanie de renforcer son \u00e9conomie et d&#8217;attirer des partenaires internationaux dans un contexte de croissance et de d\u00e9veloppement continu.<\/p>\n","protected":false},"excerpt":{"rendered":"<p>Mercredi dernier, \u00e0 Dallas aux \u00c9tats-Unis, le Premier Ministre, M. Mohamed Bilal Messoud, a ouvert le d\u00e9but des activit\u00e9s de la journ\u00e9e portes ouvertes sur les opportunit\u00e9s d&#8217;investissement dans en Mauritanie. L&#8217;\u00e9v\u00e9nement, organis\u00e9 par l&#8217;Agence de Promotion des Investissements de Mauritanie (APIM), s&#8217;inscrit dans le cadre du sommet du partenariat \u00e9conomique entre les \u00c9tats-Unis et&#8230;..<\/p>\n","protected":false},"author":12,"featured_media":18105,"comment_status":"open","ping_status":"open","sticky":false,"template":"","format":"standard","meta":{"footnotes":""},"categories":[23,49],"tags":[],"class_list":["post-18104","post","type-post","status-publish","format-standard","has-post-thumbnail","hentry","category-actualite","category-economie"],"yoast_head":"<!-- This site is optimized with the Yoast SEO plugin v27.5 - https:\/\/yoast.com\/product\/yoast-seo-wordpress\/ -->\n<title>Dallas : lancement de la journ\u00e9e portes ouvertes sur les opportunit\u00e9s d\u2019investissement en Mauritanie - Le Quotidien de Nouakchott<\/title>\n<meta name=\"robots\" content=\"index, follow, max-snippet:-1, max-image-preview:large, max-video-preview:-1\" \/>\n<link rel=\"canonical\" href=\"https:\/\/lequotidien.mr\/?p=18104&lang=fr\" \/>\n<meta property=\"og:locale\" content=\"ar_AR\" \/>\n<meta property=\"og:type\" content=\"article\" \/>\n<meta property=\"og:title\" content=\"Dallas : lancement de la journ\u00e9e portes ouvertes sur les opportunit\u00e9s d\u2019investissement en Mauritanie - Le Quotidien de Nouakchott\" \/>\n<meta property=\"og:description\" content=\"Mercredi dernier, \u00e0 Dallas aux \u00c9tats-Unis, le Premier Ministre, M. Mohamed Bilal Messoud, a ouvert le d\u00e9but des activit\u00e9s de la journ\u00e9e portes ouvertes sur les opportunit\u00e9s d&#8217;investissement dans en Mauritanie. L&#8217;\u00e9v\u00e9nement, organis\u00e9 par l&#8217;Agence de Promotion des Investissements de Mauritanie (APIM), s&#8217;inscrit dans le cadre du sommet du partenariat \u00e9conomique entre les \u00c9tats-Unis et.....\" \/>\n<meta property=\"og:url\" content=\"https:\/\/lequotidien.mr\/?p=18104&amp;lang=fr\" \/>\n<meta property=\"og:site_name\" content=\"Le Quotidien de Nouakchott\" \/>\n<meta property=\"article:publisher\" content=\"https:\/\/web.facebook.com\/lequotidienmr\" \/>\n<meta property=\"article:published_time\" content=\"2024-05-10T09:35:47+00:00\" \/>\n<meta property=\"og:image\" content=\"https:\/\/lequotidien.mr\/wp-content\/uploads\/2024\/05\/photo-1er-ministre-Usad-Dallas-_-invest.jpg\" \/>\n\t<meta property=\"og:image:width\" content=\"750\" \/>\n\t<meta property=\"og:image:height\" content=\"388\" \/>\n\t<meta property=\"og:image:type\" content=\"image\/jpeg\" \/>\n<meta name=\"author\" content=\"Med Ahmed\" \/>\n<meta name=\"twitter:card\" content=\"summary_large_image\" \/>\n<meta name=\"twitter:creator\" content=\"@lequotidienmr\" \/>\n<meta name=\"twitter:site\" content=\"@lequotidienmr\" \/>\n<meta name=\"twitter:label1\" content=\"\u0643\u064f\u062a\u0628 \u0628\u0648\u0627\u0633\u0637\u0629\" \/>\n\t<meta name=\"twitter:data1\" content=\"Med Ahmed\" \/>\n\t<meta name=\"twitter:label2\" content=\"\u0648\u0642\u062a \u0627\u0644\u0642\u0631\u0627\u0621\u0629 \u0627\u0644\u0645\u064f\u0642\u062f\u0651\u0631\" \/>\n\t<meta name=\"twitter:data2\" content=\"\u062f\u0642\u064a\u0642\u062a\u0627\u0646\" \/>\n<script type=\"application\/ld+json\" class=\"yoast-schema-graph\">{\"@context\":\"https:\\\/\\\/schema.org\",\"@graph\":[{\"@type\":\"Article\",\"@id\":\"https:\\\/\\\/lequotidien.mr\\\/?p=18104&lang=fr#article\",\"isPartOf\":{\"@id\":\"https:\\\/\\\/lequotidien.mr\\\/?p=18104&lang=fr\"},\"author\":{\"name\":\"Med Ahmed\",\"@id\":\"https:\\\/\\\/lequotidien.mr\\\/#\\\/schema\\\/person\\\/d2d350202a4d599685ed8abc25f97596\"},\"headline\":\"Dallas : lancement de la journ\u00e9e portes ouvertes sur les opportunit\u00e9s d\u2019investissement en Mauritanie\",\"datePublished\":\"2024-05-10T09:35:47+00:00\",\"mainEntityOfPage\":{\"@id\":\"https:\\\/\\\/lequotidien.mr\\\/?p=18104&lang=fr\"},\"wordCount\":368,\"commentCount\":0,\"publisher\":{\"@id\":\"https:\\\/\\\/lequotidien.mr\\\/#organization\"},\"image\":{\"@id\":\"https:\\\/\\\/lequotidien.mr\\\/?p=18104&lang=fr#primaryimage\"},\"thumbnailUrl\":\"https:\\\/\\\/lequotidien.mr\\\/wp-content\\\/uploads\\\/2024\\\/05\\\/photo-1er-ministre-Usad-Dallas-_-invest.jpg\",\"articleSection\":[\"ACTUALIT\u00c9\",\"Economie\"],\"inLanguage\":\"ar\",\"potentialAction\":[{\"@type\":\"CommentAction\",\"name\":\"Comment\",\"target\":[\"https:\\\/\\\/lequotidien.mr\\\/?p=18104&lang=fr#respond\"]}]},{\"@type\":\"WebPage\",\"@id\":\"https:\\\/\\\/lequotidien.mr\\\/?p=18104&lang=fr\",\"url\":\"https:\\\/\\\/lequotidien.mr\\\/?p=18104&lang=fr\",\"name\":\"Dallas : lancement de la journ\u00e9e portes ouvertes sur les opportunit\u00e9s d\u2019investissement en Mauritanie - Le Quotidien de Nouakchott\",\"isPartOf\":{\"@id\":\"https:\\\/\\\/lequotidien.mr\\\/#website\"},\"primaryImageOfPage\":{\"@id\":\"https:\\\/\\\/lequotidien.mr\\\/?p=18104&lang=fr#primaryimage\"},\"image\":{\"@id\":\"https:\\\/\\\/lequotidien.mr\\\/?p=18104&lang=fr#primaryimage\"},\"thumbnailUrl\":\"https:\\\/\\\/lequotidien.mr\\\/wp-content\\\/uploads\\\/2024\\\/05\\\/photo-1er-ministre-Usad-Dallas-_-invest.jpg\",\"datePublished\":\"2024-05-10T09:35:47+00:00\",\"breadcrumb\":{\"@id\":\"https:\\\/\\\/lequotidien.mr\\\/?p=18104&lang=fr#breadcrumb\"},\"inLanguage\":\"ar\",\"potentialAction\":[{\"@type\":\"ReadAction\",\"target\":[\"https:\\\/\\\/lequotidien.mr\\\/?p=18104&lang=fr\"]}]},{\"@type\":\"ImageObject\",\"inLanguage\":\"ar\",\"@id\":\"https:\\\/\\\/lequotidien.mr\\\/?p=18104&lang=fr#primaryimage\",\"url\":\"https:\\\/\\\/lequotidien.mr\\\/wp-content\\\/uploads\\\/2024\\\/05\\\/photo-1er-ministre-Usad-Dallas-_-invest.jpg\",\"contentUrl\":\"https:\\\/\\\/lequotidien.mr\\\/wp-content\\\/uploads\\\/2024\\\/05\\\/photo-1er-ministre-Usad-Dallas-_-invest.jpg\",\"width\":750,\"height\":388},{\"@type\":\"BreadcrumbList\",\"@id\":\"https:\\\/\\\/lequotidien.mr\\\/?p=18104&lang=fr#breadcrumb\",\"itemListElement\":[{\"@type\":\"ListItem\",\"position\":1,\"name\":\"Home\",\"item\":\"https:\\\/\\\/lequotidien.mr\\\/\"},{\"@type\":\"ListItem\",\"position\":2,\"name\":\"Dallas : lancement de la journ\u00e9e portes ouvertes sur les opportunit\u00e9s d\u2019investissement en Mauritanie\"}]},{\"@type\":\"WebSite\",\"@id\":\"https:\\\/\\\/lequotidien.mr\\\/#website\",\"url\":\"https:\\\/\\\/lequotidien.mr\\\/\",\"name\":\"Le Quotidien de Nouakchott\",\"description\":\"\u0625\u062e\u0628\u0627\u0631\u064a\u0629 \u0645\u0633\u062a\u0642\u0644\u0629 \u0644\u0644\u0623\u0646\u0628\u0627\u0621 \u0627\u0644\u0639\u0627\u0645\u0629\",\"publisher\":{\"@id\":\"https:\\\/\\\/lequotidien.mr\\\/#organization\"},\"potentialAction\":[{\"@type\":\"SearchAction\",\"target\":{\"@type\":\"EntryPoint\",\"urlTemplate\":\"https:\\\/\\\/lequotidien.mr\\\/?s={search_term_string}\"},\"query-input\":{\"@type\":\"PropertyValueSpecification\",\"valueRequired\":true,\"valueName\":\"search_term_string\"}}],\"inLanguage\":\"ar\"},{\"@type\":\"Organization\",\"@id\":\"https:\\\/\\\/lequotidien.mr\\\/#organization\",\"name\":\"Le Quotidien de Nouakchott\",\"url\":\"https:\\\/\\\/lequotidien.mr\\\/\",\"logo\":{\"@type\":\"ImageObject\",\"inLanguage\":\"ar\",\"@id\":\"https:\\\/\\\/lequotidien.mr\\\/#\\\/schema\\\/logo\\\/image\\\/\",\"url\":\"https:\\\/\\\/lequotidien.mr\\\/wp-content\\\/uploads\\\/2022\\\/11\\\/logolequotidien.jpg\",\"contentUrl\":\"https:\\\/\\\/lequotidien.mr\\\/wp-content\\\/uploads\\\/2022\\\/11\\\/logolequotidien.jpg\",\"width\":290,\"height\":65,\"caption\":\"Le Quotidien de Nouakchott\"},\"image\":{\"@id\":\"https:\\\/\\\/lequotidien.mr\\\/#\\\/schema\\\/logo\\\/image\\\/\"},\"sameAs\":[\"https:\\\/\\\/web.facebook.com\\\/lequotidienmr\",\"https:\\\/\\\/x.com\\\/lequotidienmr\"]},{\"@type\":\"Person\",\"@id\":\"https:\\\/\\\/lequotidien.mr\\\/#\\\/schema\\\/person\\\/d2d350202a4d599685ed8abc25f97596\",\"name\":\"Med Ahmed\",\"image\":{\"@type\":\"ImageObject\",\"inLanguage\":\"ar\",\"@id\":\"https:\\\/\\\/secure.gravatar.com\\\/avatar\\\/fd2acc62ed50732923d1d39c17172c9b04149f142be92310ecc69e1358f94b52?s=96&d=mm&r=g\",\"url\":\"https:\\\/\\\/secure.gravatar.com\\\/avatar\\\/fd2acc62ed50732923d1d39c17172c9b04149f142be92310ecc69e1358f94b52?s=96&d=mm&r=g\",\"contentUrl\":\"https:\\\/\\\/secure.gravatar.com\\\/avatar\\\/fd2acc62ed50732923d1d39c17172c9b04149f142be92310ecc69e1358f94b52?s=96&d=mm&r=g\",\"caption\":\"Med Ahmed\"},\"url\":\"https:\\\/\\\/lequotidien.mr\\\/?author=12\"}]}<\/script>\n<!-- \/ Yoast SEO plugin. -->","yoast_head_json":{"title":"Dallas : lancement de la journ\u00e9e portes ouvertes sur les opportunit\u00e9s d\u2019investissement en Mauritanie - Le Quotidien de Nouakchott","robots":{"index":"index","follow":"follow","max-snippet":"max-snippet:-1","max-image-preview":"max-image-preview:large","max-video-preview":"max-video-preview:-1"},"canonical":"https:\/\/lequotidien.mr\/?p=18104&lang=fr","og_locale":"ar_AR","og_type":"article","og_title":"Dallas : lancement de la journ\u00e9e portes ouvertes sur les opportunit\u00e9s d\u2019investissement en Mauritanie - Le Quotidien de Nouakchott","og_description":"Mercredi dernier, \u00e0 Dallas aux \u00c9tats-Unis, le Premier Ministre, M. Mohamed Bilal Messoud, a ouvert le d\u00e9but des activit\u00e9s de la journ\u00e9e portes ouvertes sur les opportunit\u00e9s d&#8217;investissement dans en Mauritanie. L&#8217;\u00e9v\u00e9nement, organis\u00e9 par l&#8217;Agence de Promotion des Investissements de Mauritanie (APIM), s&#8217;inscrit dans le cadre du sommet du partenariat \u00e9conomique entre les \u00c9tats-Unis et.....","og_url":"https:\/\/lequotidien.mr\/?p=18104&lang=fr","og_site_name":"Le Quotidien de Nouakchott","article_publisher":"https:\/\/web.facebook.com\/lequotidienmr","article_published_time":"2024-05-10T09:35:47+00:00","og_image":[{"width":750,"height":388,"url":"https:\/\/lequotidien.mr\/wp-content\/uploads\/2024\/05\/photo-1er-ministre-Usad-Dallas-_-invest.jpg","type":"image\/jpeg"}],"author":"Med Ahmed","twitter_card":"summary_large_image","twitter_creator":"@lequotidienmr","twitter_site":"@lequotidienmr","twitter_misc":{"\u0643\u064f\u062a\u0628 \u0628\u0648\u0627\u0633\u0637\u0629":"Med Ahmed","\u0648\u0642\u062a \u0627\u0644\u0642\u0631\u0627\u0621\u0629 \u0627\u0644\u0645\u064f\u0642\u062f\u0651\u0631":"\u062f\u0642\u064a\u0642\u062a\u0627\u0646"},"schema":{"@context":"https:\/\/schema.org","@graph":[{"@type":"Article","@id":"https:\/\/lequotidien.mr\/?p=18104&lang=fr#article","isPartOf":{"@id":"https:\/\/lequotidien.mr\/?p=18104&lang=fr"},"author":{"name":"Med Ahmed","@id":"https:\/\/lequotidien.mr\/#\/schema\/person\/d2d350202a4d599685ed8abc25f97596"},"headline":"Dallas : lancement de la journ\u00e9e portes ouvertes sur les opportunit\u00e9s d\u2019investissement en Mauritanie","datePublished":"2024-05-10T09:35:47+00:00","mainEntityOfPage":{"@id":"https:\/\/lequotidien.mr\/?p=18104&lang=fr"},"wordCount":368,"commentCount":0,"publisher":{"@id":"https:\/\/lequotidien.mr\/#organization"},"image":{"@id":"https:\/\/lequotidien.mr\/?p=18104&lang=fr#primaryimage"},"thumbnailUrl":"https:\/\/lequotidien.mr\/wp-content\/uploads\/2024\/05\/photo-1er-ministre-Usad-Dallas-_-invest.jpg","articleSection":["ACTUALIT\u00c9","Economie"],"inLanguage":"ar","potentialAction":[{"@type":"CommentAction","name":"Comment","target":["https:\/\/lequotidien.mr\/?p=18104&lang=fr#respond"]}]},{"@type":"WebPage","@id":"https:\/\/lequotidien.mr\/?p=18104&lang=fr","url":"https:\/\/lequotidien.mr\/?p=18104&lang=fr","name":"Dallas : lancement de la journ\u00e9e portes ouvertes sur les opportunit\u00e9s d\u2019investissement en Mauritanie - Le Quotidien de Nouakchott","isPartOf":{"@id":"https:\/\/lequotidien.mr\/#website"},"primaryImageOfPage":{"@id":"https:\/\/lequotidien.mr\/?p=18104&lang=fr#primaryimage"},"image":{"@id":"https:\/\/lequotidien.mr\/?p=18104&lang=fr#primaryimage"},"thumbnailUrl":"https:\/\/lequotidien.mr\/wp-content\/uploads\/2024\/05\/photo-1er-ministre-Usad-Dallas-_-invest.jpg","datePublished":"2024-05-10T09:35:47+00:00","breadcrumb":{"@id":"https:\/\/lequotidien.mr\/?p=18104&lang=fr#breadcrumb"},"inLanguage":"ar","potentialAction":[{"@type":"ReadAction","target":["https:\/\/lequotidien.mr\/?p=18104&lang=fr"]}]},{"@type":"ImageObject","inLanguage":"ar","@id":"https:\/\/lequotidien.mr\/?p=18104&lang=fr#primaryimage","url":"https:\/\/lequotidien.mr\/wp-content\/uploads\/2024\/05\/photo-1er-ministre-Usad-Dallas-_-invest.jpg","contentUrl":"https:\/\/lequotidien.mr\/wp-content\/uploads\/2024\/05\/photo-1er-ministre-Usad-Dallas-_-invest.jpg","width":750,"height":388},{"@type":"BreadcrumbList","@id":"https:\/\/lequotidien.mr\/?p=18104&lang=fr#breadcrumb","itemListElement":[{"@type":"ListItem","position":1,"name":"Home","item":"https:\/\/lequotidien.mr\/"},{"@type":"ListItem","position":2,"name":"Dallas : lancement de la journ\u00e9e portes ouvertes sur les opportunit\u00e9s d\u2019investissement en Mauritanie"}]},{"@type":"WebSite","@id":"https:\/\/lequotidien.mr\/#website","url":"https:\/\/lequotidien.mr\/","name":"Le Quotidien de Nouakchott","description":"\u0625\u062e\u0628\u0627\u0631\u064a\u0629 \u0645\u0633\u062a\u0642\u0644\u0629 \u0644\u0644\u0623\u0646\u0628\u0627\u0621 \u0627\u0644\u0639\u0627\u0645\u0629","publisher":{"@id":"https:\/\/lequotidien.mr\/#organization"},"potentialAction":[{"@type":"SearchAction","target":{"@type":"EntryPoint","urlTemplate":"https:\/\/lequotidien.mr\/?s={search_term_string}"},"query-input":{"@type":"PropertyValueSpecification","valueRequired":true,"valueName":"search_term_string"}}],"inLanguage":"ar"},{"@type":"Organization","@id":"https:\/\/lequotidien.mr\/#organization","name":"Le Quotidien de Nouakchott","url":"https:\/\/lequotidien.mr\/","logo":{"@type":"ImageObject","inLanguage":"ar","@id":"https:\/\/lequotidien.mr\/#\/schema\/logo\/image\/","url":"https:\/\/lequotidien.mr\/wp-content\/uploads\/2022\/11\/logolequotidien.jpg","contentUrl":"https:\/\/lequotidien.mr\/wp-content\/uploads\/2022\/11\/logolequotidien.jpg","width":290,"height":65,"caption":"Le Quotidien de Nouakchott"},"image":{"@id":"https:\/\/lequotidien.mr\/#\/schema\/logo\/image\/"},"sameAs":["https:\/\/web.facebook.com\/lequotidienmr","https:\/\/x.com\/lequotidienmr"]},{"@type":"Person","@id":"https:\/\/lequotidien.mr\/#\/schema\/person\/d2d350202a4d599685ed8abc25f97596","name":"Med Ahmed","image":{"@type":"ImageObject","inLanguage":"ar","@id":"https:\/\/secure.gravatar.com\/avatar\/fd2acc62ed50732923d1d39c17172c9b04149f142be92310ecc69e1358f94b52?s=96&d=mm&r=g","url":"https:\/\/secure.gravatar.com\/avatar\/fd2acc62ed50732923d1d39c17172c9b04149f142be92310ecc69e1358f94b52?s=96&d=mm&r=g","contentUrl":"https:\/\/secure.gravatar.com\/avatar\/fd2acc62ed50732923d1d39c17172c9b04149f142be92310ecc69e1358f94b52?s=96&d=mm&r=g","caption":"Med Ahmed"},"url":"https:\/\/lequotidien.mr\/?author=12"}]}},"_links":{"self":[{"href":"https:\/\/lequotidien.mr\/index.php?rest_route=\/wp\/v2\/posts\/18104","targetHints":{"allow":["GET"]}}],"collection":[{"href":"https:\/\/lequotidien.mr\/index.php?rest_route=\/wp\/v2\/posts"}],"about":[{"href":"https:\/\/lequotidien.mr\/index.php?rest_route=\/wp\/v2\/types\/post"}],"author":[{"embeddable":true,"href":"https:\/\/lequotidien.mr\/index.php?rest_route=\/wp\/v2\/users\/12"}],"replies":[{"embeddable":true,"href":"https:\/\/lequotidien.mr\/index.php?rest_route=%2Fwp%2Fv2%2Fcomments&post=18104"}],"version-history":[{"count":1,"href":"https:\/\/lequotidien.mr\/index.php?rest_route=\/wp\/v2\/posts\/18104\/revisions"}],"predecessor-version":[{"id":18106,"href":"https:\/\/lequotidien.mr\/index.php?rest_route=\/wp\/v2\/posts\/18104\/revisions\/18106"}],"wp:featuredmedia":[{"embeddable":true,"href":"https:\/\/lequotidien.mr\/index.php?rest_route=\/wp\/v2\/media\/18105"}],"wp:attachment":[{"href":"https:\/\/lequotidien.mr\/index.php?rest_route=%2Fwp%2Fv2%2Fmedia&parent=18104"}],"wp:term":[{"taxonomy":"category","embeddable":true,"href":"https:\/\/lequotidien.mr\/index.php?rest_route=%2Fwp%2Fv2%2Fcategories&post=18104"},{"taxonomy":"post_tag","embeddable":true,"href":"https:\/\/lequotidien.mr\/index.php?rest_route=%2Fwp%2Fv2%2Ftags&post=18104"}],"curies":[{"name":"wp","href":"https:\/\/api.w.org\/{rel}","templated":true}]}}