{"id":18077,"date":"2024-05-09T10:09:06","date_gmt":"2024-05-09T10:09:06","guid":{"rendered":"https:\/\/lequotidien.mr\/?p=18077"},"modified":"2024-05-09T10:09:06","modified_gmt":"2024-05-09T10:09:06","slug":"ceni-la-revision-exceptionnelle-de-la-liste-electorale-se-deroule-dans-de-bonnes-conditions","status":"publish","type":"post","link":"https:\/\/lequotidien.mr\/?p=18077&lang=fr","title":{"rendered":"CENI : la r\u00e9vision exceptionnelle de la liste \u00e9lectorale se d\u00e9roule dans de bonnes conditions"},"content":{"rendered":"<p>Dans une conf\u00e9rence de presse organis\u00e9e, hier, au si\u00e8ge de la Commission \u00c9lectorale Nationale Ind\u00e9pendante (CENI) \u00e0 Nouakchott, le conseiller en communication et porte-parole de la CENI, Mohamed Taghiyoullah El Adham, a soulign\u00e9 que la r\u00e9vision exceptionnelle de la liste \u00e9lectorale se d\u00e9roule dans de bonnes conditions.<\/p>\n<p>Il a mis en avant l&#8217;engagement de la CENI \u00e0 superviser de pr\u00e8s le processus, en mobilisant toutes ses commissions d\u00e9p\u00each\u00e9es sur le terrain, tant \u00e0 l&#8217;int\u00e9rieur du pays qu&#8217;\u00e0 l&#8217;\u00e9tranger.<\/p>\n<p>Le porte-parole de la CENI a \u00e9galement mis l\u2019accent sur la concertation permanente avec tous les acteurs impliqu\u00e9s dans le processus \u00e9lectoral, y compris les autorit\u00e9s administratives, les partis politiques et les organisations de la soci\u00e9t\u00e9 civile. Selon lui, cette approche participative vise \u00e0 assurer un climat de confiance et de dialogue pour la r\u00e9ussite des \u00e9lections \u00e0 venir.<\/p>\n<p>Par ailleurs, El Adham a annonc\u00e9 la tenue prochaine d&#8217;une r\u00e9union avec le Premier ministre, dans le but de renforcer la consultation et la coordination en vue de l&#8217;organisation d&#8217;\u00e9lections pr\u00e9sidentielles libres et transparentes.<\/p>\n<p>Pour rappel, la r\u00e9vision exceptionnelle de la liste \u00e9lectorale a d\u00e9but\u00e9 le lundi 15 avril sur l&#8217;ensemble du territoire national et se poursuivra jusqu&#8217;au 29 mai 2024. Cette p\u00e9riode permettra aux \u00e9lecteurs non inscrits pr\u00e9c\u00e9demment, ainsi qu&#8217;\u00e0 ceux ayant atteint l&#8217;\u00e2ge de voter (18 ans), de s&#8217;inscrire sur la liste \u00e9lectorale. De plus, ceux d\u00e9j\u00e0 inscrits auront la possibilit\u00e9 de changer de bureau de vote via l&#8217;inscription \u00e0 distance.<\/p>\n<p>Dans un souci d&#8217;inclusion, une d\u00e9cision conjointe des minist\u00e8res de l&#8217;Int\u00e9rieur et des Affaires \u00e9trang\u00e8res a identifi\u00e9 huit pays r\u00e9partis sur quatre continents o\u00f9 les communaut\u00e9s mauritaniennes pourront exercer leur droit de vote lors des prochaines \u00e9lections. Ces pays incluent la C\u00f4te d&#8217;Ivoire, la Gambie et la Guin\u00e9e Bissau en Afrique, l&#8217;Arabie saoudite, les \u00c9mirats arabes unis et le Qatar en Asie, la France en Europe et les \u00c9tats-Unis d&#8217;Am\u00e9rique en Am\u00e9rique.<\/p>\n<p>Autant de mesures qui, de l\u2019avis du Conseiller en Communication\u00a0 et porte-parole de la CENI, t\u00e9moignent de la volont\u00e9 de l&#8217;institution \u00e9lectorale de travailler en \u00e9troite collaboration avec le gouvernement pour la r\u00e9ussite du processus \u00e9lectoral.<\/p>\n","protected":false},"excerpt":{"rendered":"<p>Dans une conf\u00e9rence de presse organis\u00e9e, hier, au si\u00e8ge de la Commission \u00c9lectorale Nationale Ind\u00e9pendante (CENI) \u00e0 Nouakchott, le conseiller en communication et porte-parole de la CENI, Mohamed Taghiyoullah El Adham, a soulign\u00e9 que la r\u00e9vision exceptionnelle de la liste \u00e9lectorale se d\u00e9roule dans de bonnes conditions. Il a mis en avant l&#8217;engagement de la&#8230;..<\/p>\n","protected":false},"author":12,"featured_media":18078,"comment_status":"open","ping_status":"open","sticky":false,"template":"","format":"standard","meta":{"footnotes":""},"categories":[23],"tags":[],"class_list":["post-18077","post","type-post","status-publish","format-standard","has-post-thumbnail","hentry","category-actualite"],"yoast_head":"<!-- This site is optimized with the Yoast SEO plugin v27.5 - https:\/\/yoast.com\/product\/yoast-seo-wordpress\/ -->\n<title>CENI : la r\u00e9vision exceptionnelle de la liste \u00e9lectorale se d\u00e9roule dans de bonnes conditions - Le Quotidien de Nouakchott<\/title>\n<meta name=\"robots\" content=\"index, follow, max-snippet:-1, max-image-preview:large, max-video-preview:-1\" \/>\n<link rel=\"canonical\" href=\"https:\/\/lequotidien.mr\/?p=18077&lang=fr\" \/>\n<meta property=\"og:locale\" content=\"ar_AR\" \/>\n<meta property=\"og:type\" content=\"article\" \/>\n<meta property=\"og:title\" content=\"CENI : la r\u00e9vision exceptionnelle de la liste \u00e9lectorale se d\u00e9roule dans de bonnes conditions - Le Quotidien de Nouakchott\" \/>\n<meta property=\"og:description\" content=\"Dans une conf\u00e9rence de presse organis\u00e9e, hier, au si\u00e8ge de la Commission \u00c9lectorale Nationale Ind\u00e9pendante (CENI) \u00e0 Nouakchott, le conseiller en communication et porte-parole de la CENI, Mohamed Taghiyoullah El Adham, a soulign\u00e9 que la r\u00e9vision exceptionnelle de la liste \u00e9lectorale se d\u00e9roule dans de bonnes conditions. Il a mis en avant l&#8217;engagement de la.....\" \/>\n<meta property=\"og:url\" content=\"https:\/\/lequotidien.mr\/?p=18077&amp;lang=fr\" \/>\n<meta property=\"og:site_name\" content=\"Le Quotidien de Nouakchott\" \/>\n<meta property=\"article:publisher\" content=\"https:\/\/web.facebook.com\/lequotidienmr\" \/>\n<meta property=\"article:published_time\" content=\"2024-05-09T10:09:06+00:00\" \/>\n<meta property=\"og:image\" content=\"https:\/\/lequotidien.mr\/wp-content\/uploads\/2024\/05\/photo-porte-parole-de-la-CENI.jpg\" \/>\n\t<meta property=\"og:image:width\" content=\"800\" \/>\n\t<meta property=\"og:image:height\" content=\"486\" \/>\n\t<meta property=\"og:image:type\" content=\"image\/jpeg\" \/>\n<meta name=\"author\" content=\"Med Ahmed\" \/>\n<meta name=\"twitter:card\" content=\"summary_large_image\" \/>\n<meta name=\"twitter:creator\" content=\"@lequotidienmr\" \/>\n<meta name=\"twitter:site\" content=\"@lequotidienmr\" \/>\n<meta name=\"twitter:label1\" content=\"\u0643\u064f\u062a\u0628 \u0628\u0648\u0627\u0633\u0637\u0629\" \/>\n\t<meta name=\"twitter:data1\" content=\"Med Ahmed\" \/>\n\t<meta name=\"twitter:label2\" content=\"\u0648\u0642\u062a \u0627\u0644\u0642\u0631\u0627\u0621\u0629 \u0627\u0644\u0645\u064f\u0642\u062f\u0651\u0631\" \/>\n\t<meta name=\"twitter:data2\" content=\"\u062f\u0642\u064a\u0642\u062a\u0627\u0646\" \/>\n<script type=\"application\/ld+json\" class=\"yoast-schema-graph\">{\"@context\":\"https:\\\/\\\/schema.org\",\"@graph\":[{\"@type\":\"Article\",\"@id\":\"https:\\\/\\\/lequotidien.mr\\\/?p=18077&lang=fr#article\",\"isPartOf\":{\"@id\":\"https:\\\/\\\/lequotidien.mr\\\/?p=18077&lang=fr\"},\"author\":{\"name\":\"Med Ahmed\",\"@id\":\"https:\\\/\\\/lequotidien.mr\\\/#\\\/schema\\\/person\\\/d2d350202a4d599685ed8abc25f97596\"},\"headline\":\"CENI : la r\u00e9vision exceptionnelle de la liste \u00e9lectorale se d\u00e9roule dans de bonnes conditions\",\"datePublished\":\"2024-05-09T10:09:06+00:00\",\"mainEntityOfPage\":{\"@id\":\"https:\\\/\\\/lequotidien.mr\\\/?p=18077&lang=fr\"},\"wordCount\":408,\"commentCount\":0,\"publisher\":{\"@id\":\"https:\\\/\\\/lequotidien.mr\\\/#organization\"},\"image\":{\"@id\":\"https:\\\/\\\/lequotidien.mr\\\/?p=18077&lang=fr#primaryimage\"},\"thumbnailUrl\":\"https:\\\/\\\/lequotidien.mr\\\/wp-content\\\/uploads\\\/2024\\\/05\\\/photo-porte-parole-de-la-CENI.jpg\",\"articleSection\":[\"ACTUALIT\u00c9\"],\"inLanguage\":\"ar\",\"potentialAction\":[{\"@type\":\"CommentAction\",\"name\":\"Comment\",\"target\":[\"https:\\\/\\\/lequotidien.mr\\\/?p=18077&lang=fr#respond\"]}]},{\"@type\":\"WebPage\",\"@id\":\"https:\\\/\\\/lequotidien.mr\\\/?p=18077&lang=fr\",\"url\":\"https:\\\/\\\/lequotidien.mr\\\/?p=18077&lang=fr\",\"name\":\"CENI : la r\u00e9vision exceptionnelle de la liste \u00e9lectorale se d\u00e9roule dans de bonnes conditions - Le Quotidien de Nouakchott\",\"isPartOf\":{\"@id\":\"https:\\\/\\\/lequotidien.mr\\\/#website\"},\"primaryImageOfPage\":{\"@id\":\"https:\\\/\\\/lequotidien.mr\\\/?p=18077&lang=fr#primaryimage\"},\"image\":{\"@id\":\"https:\\\/\\\/lequotidien.mr\\\/?p=18077&lang=fr#primaryimage\"},\"thumbnailUrl\":\"https:\\\/\\\/lequotidien.mr\\\/wp-content\\\/uploads\\\/2024\\\/05\\\/photo-porte-parole-de-la-CENI.jpg\",\"datePublished\":\"2024-05-09T10:09:06+00:00\",\"breadcrumb\":{\"@id\":\"https:\\\/\\\/lequotidien.mr\\\/?p=18077&lang=fr#breadcrumb\"},\"inLanguage\":\"ar\",\"potentialAction\":[{\"@type\":\"ReadAction\",\"target\":[\"https:\\\/\\\/lequotidien.mr\\\/?p=18077&lang=fr\"]}]},{\"@type\":\"ImageObject\",\"inLanguage\":\"ar\",\"@id\":\"https:\\\/\\\/lequotidien.mr\\\/?p=18077&lang=fr#primaryimage\",\"url\":\"https:\\\/\\\/lequotidien.mr\\\/wp-content\\\/uploads\\\/2024\\\/05\\\/photo-porte-parole-de-la-CENI.jpg\",\"contentUrl\":\"https:\\\/\\\/lequotidien.mr\\\/wp-content\\\/uploads\\\/2024\\\/05\\\/photo-porte-parole-de-la-CENI.jpg\",\"width\":800,\"height\":486},{\"@type\":\"BreadcrumbList\",\"@id\":\"https:\\\/\\\/lequotidien.mr\\\/?p=18077&lang=fr#breadcrumb\",\"itemListElement\":[{\"@type\":\"ListItem\",\"position\":1,\"name\":\"Home\",\"item\":\"https:\\\/\\\/lequotidien.mr\\\/\"},{\"@type\":\"ListItem\",\"position\":2,\"name\":\"CENI : la r\u00e9vision exceptionnelle de la liste \u00e9lectorale se d\u00e9roule dans de bonnes conditions\"}]},{\"@type\":\"WebSite\",\"@id\":\"https:\\\/\\\/lequotidien.mr\\\/#website\",\"url\":\"https:\\\/\\\/lequotidien.mr\\\/\",\"name\":\"Le Quotidien de Nouakchott\",\"description\":\"\u0625\u062e\u0628\u0627\u0631\u064a\u0629 \u0645\u0633\u062a\u0642\u0644\u0629 \u0644\u0644\u0623\u0646\u0628\u0627\u0621 \u0627\u0644\u0639\u0627\u0645\u0629\",\"publisher\":{\"@id\":\"https:\\\/\\\/lequotidien.mr\\\/#organization\"},\"potentialAction\":[{\"@type\":\"SearchAction\",\"target\":{\"@type\":\"EntryPoint\",\"urlTemplate\":\"https:\\\/\\\/lequotidien.mr\\\/?s={search_term_string}\"},\"query-input\":{\"@type\":\"PropertyValueSpecification\",\"valueRequired\":true,\"valueName\":\"search_term_string\"}}],\"inLanguage\":\"ar\"},{\"@type\":\"Organization\",\"@id\":\"https:\\\/\\\/lequotidien.mr\\\/#organization\",\"name\":\"Le Quotidien de Nouakchott\",\"url\":\"https:\\\/\\\/lequotidien.mr\\\/\",\"logo\":{\"@type\":\"ImageObject\",\"inLanguage\":\"ar\",\"@id\":\"https:\\\/\\\/lequotidien.mr\\\/#\\\/schema\\\/logo\\\/image\\\/\",\"url\":\"https:\\\/\\\/lequotidien.mr\\\/wp-content\\\/uploads\\\/2022\\\/11\\\/logolequotidien.jpg\",\"contentUrl\":\"https:\\\/\\\/lequotidien.mr\\\/wp-content\\\/uploads\\\/2022\\\/11\\\/logolequotidien.jpg\",\"width\":290,\"height\":65,\"caption\":\"Le Quotidien de Nouakchott\"},\"image\":{\"@id\":\"https:\\\/\\\/lequotidien.mr\\\/#\\\/schema\\\/logo\\\/image\\\/\"},\"sameAs\":[\"https:\\\/\\\/web.facebook.com\\\/lequotidienmr\",\"https:\\\/\\\/x.com\\\/lequotidienmr\"]},{\"@type\":\"Person\",\"@id\":\"https:\\\/\\\/lequotidien.mr\\\/#\\\/schema\\\/person\\\/d2d350202a4d599685ed8abc25f97596\",\"name\":\"Med Ahmed\",\"image\":{\"@type\":\"ImageObject\",\"inLanguage\":\"ar\",\"@id\":\"https:\\\/\\\/secure.gravatar.com\\\/avatar\\\/fd2acc62ed50732923d1d39c17172c9b04149f142be92310ecc69e1358f94b52?s=96&d=mm&r=g\",\"url\":\"https:\\\/\\\/secure.gravatar.com\\\/avatar\\\/fd2acc62ed50732923d1d39c17172c9b04149f142be92310ecc69e1358f94b52?s=96&d=mm&r=g\",\"contentUrl\":\"https:\\\/\\\/secure.gravatar.com\\\/avatar\\\/fd2acc62ed50732923d1d39c17172c9b04149f142be92310ecc69e1358f94b52?s=96&d=mm&r=g\",\"caption\":\"Med Ahmed\"},\"url\":\"https:\\\/\\\/lequotidien.mr\\\/?author=12\"}]}<\/script>\n<!-- \/ Yoast SEO plugin. -->","yoast_head_json":{"title":"CENI : la r\u00e9vision exceptionnelle de la liste \u00e9lectorale se d\u00e9roule dans de bonnes conditions - Le Quotidien de Nouakchott","robots":{"index":"index","follow":"follow","max-snippet":"max-snippet:-1","max-image-preview":"max-image-preview:large","max-video-preview":"max-video-preview:-1"},"canonical":"https:\/\/lequotidien.mr\/?p=18077&lang=fr","og_locale":"ar_AR","og_type":"article","og_title":"CENI : la r\u00e9vision exceptionnelle de la liste \u00e9lectorale se d\u00e9roule dans de bonnes conditions - Le Quotidien de Nouakchott","og_description":"Dans une conf\u00e9rence de presse organis\u00e9e, hier, au si\u00e8ge de la Commission \u00c9lectorale Nationale Ind\u00e9pendante (CENI) \u00e0 Nouakchott, le conseiller en communication et porte-parole de la CENI, Mohamed Taghiyoullah El Adham, a soulign\u00e9 que la r\u00e9vision exceptionnelle de la liste \u00e9lectorale se d\u00e9roule dans de bonnes conditions. Il a mis en avant l&#8217;engagement de la.....","og_url":"https:\/\/lequotidien.mr\/?p=18077&lang=fr","og_site_name":"Le Quotidien de Nouakchott","article_publisher":"https:\/\/web.facebook.com\/lequotidienmr","article_published_time":"2024-05-09T10:09:06+00:00","og_image":[{"width":800,"height":486,"url":"https:\/\/lequotidien.mr\/wp-content\/uploads\/2024\/05\/photo-porte-parole-de-la-CENI.jpg","type":"image\/jpeg"}],"author":"Med Ahmed","twitter_card":"summary_large_image","twitter_creator":"@lequotidienmr","twitter_site":"@lequotidienmr","twitter_misc":{"\u0643\u064f\u062a\u0628 \u0628\u0648\u0627\u0633\u0637\u0629":"Med Ahmed","\u0648\u0642\u062a \u0627\u0644\u0642\u0631\u0627\u0621\u0629 \u0627\u0644\u0645\u064f\u0642\u062f\u0651\u0631":"\u062f\u0642\u064a\u0642\u062a\u0627\u0646"},"schema":{"@context":"https:\/\/schema.org","@graph":[{"@type":"Article","@id":"https:\/\/lequotidien.mr\/?p=18077&lang=fr#article","isPartOf":{"@id":"https:\/\/lequotidien.mr\/?p=18077&lang=fr"},"author":{"name":"Med Ahmed","@id":"https:\/\/lequotidien.mr\/#\/schema\/person\/d2d350202a4d599685ed8abc25f97596"},"headline":"CENI : la r\u00e9vision exceptionnelle de la liste \u00e9lectorale se d\u00e9roule dans de bonnes conditions","datePublished":"2024-05-09T10:09:06+00:00","mainEntityOfPage":{"@id":"https:\/\/lequotidien.mr\/?p=18077&lang=fr"},"wordCount":408,"commentCount":0,"publisher":{"@id":"https:\/\/lequotidien.mr\/#organization"},"image":{"@id":"https:\/\/lequotidien.mr\/?p=18077&lang=fr#primaryimage"},"thumbnailUrl":"https:\/\/lequotidien.mr\/wp-content\/uploads\/2024\/05\/photo-porte-parole-de-la-CENI.jpg","articleSection":["ACTUALIT\u00c9"],"inLanguage":"ar","potentialAction":[{"@type":"CommentAction","name":"Comment","target":["https:\/\/lequotidien.mr\/?p=18077&lang=fr#respond"]}]},{"@type":"WebPage","@id":"https:\/\/lequotidien.mr\/?p=18077&lang=fr","url":"https:\/\/lequotidien.mr\/?p=18077&lang=fr","name":"CENI : la r\u00e9vision exceptionnelle de la liste \u00e9lectorale se d\u00e9roule dans de bonnes conditions - Le Quotidien de Nouakchott","isPartOf":{"@id":"https:\/\/lequotidien.mr\/#website"},"primaryImageOfPage":{"@id":"https:\/\/lequotidien.mr\/?p=18077&lang=fr#primaryimage"},"image":{"@id":"https:\/\/lequotidien.mr\/?p=18077&lang=fr#primaryimage"},"thumbnailUrl":"https:\/\/lequotidien.mr\/wp-content\/uploads\/2024\/05\/photo-porte-parole-de-la-CENI.jpg","datePublished":"2024-05-09T10:09:06+00:00","breadcrumb":{"@id":"https:\/\/lequotidien.mr\/?p=18077&lang=fr#breadcrumb"},"inLanguage":"ar","potentialAction":[{"@type":"ReadAction","target":["https:\/\/lequotidien.mr\/?p=18077&lang=fr"]}]},{"@type":"ImageObject","inLanguage":"ar","@id":"https:\/\/lequotidien.mr\/?p=18077&lang=fr#primaryimage","url":"https:\/\/lequotidien.mr\/wp-content\/uploads\/2024\/05\/photo-porte-parole-de-la-CENI.jpg","contentUrl":"https:\/\/lequotidien.mr\/wp-content\/uploads\/2024\/05\/photo-porte-parole-de-la-CENI.jpg","width":800,"height":486},{"@type":"BreadcrumbList","@id":"https:\/\/lequotidien.mr\/?p=18077&lang=fr#breadcrumb","itemListElement":[{"@type":"ListItem","position":1,"name":"Home","item":"https:\/\/lequotidien.mr\/"},{"@type":"ListItem","position":2,"name":"CENI : la r\u00e9vision exceptionnelle de la liste \u00e9lectorale se d\u00e9roule dans de bonnes conditions"}]},{"@type":"WebSite","@id":"https:\/\/lequotidien.mr\/#website","url":"https:\/\/lequotidien.mr\/","name":"Le Quotidien de Nouakchott","description":"\u0625\u062e\u0628\u0627\u0631\u064a\u0629 \u0645\u0633\u062a\u0642\u0644\u0629 \u0644\u0644\u0623\u0646\u0628\u0627\u0621 \u0627\u0644\u0639\u0627\u0645\u0629","publisher":{"@id":"https:\/\/lequotidien.mr\/#organization"},"potentialAction":[{"@type":"SearchAction","target":{"@type":"EntryPoint","urlTemplate":"https:\/\/lequotidien.mr\/?s={search_term_string}"},"query-input":{"@type":"PropertyValueSpecification","valueRequired":true,"valueName":"search_term_string"}}],"inLanguage":"ar"},{"@type":"Organization","@id":"https:\/\/lequotidien.mr\/#organization","name":"Le Quotidien de Nouakchott","url":"https:\/\/lequotidien.mr\/","logo":{"@type":"ImageObject","inLanguage":"ar","@id":"https:\/\/lequotidien.mr\/#\/schema\/logo\/image\/","url":"https:\/\/lequotidien.mr\/wp-content\/uploads\/2022\/11\/logolequotidien.jpg","contentUrl":"https:\/\/lequotidien.mr\/wp-content\/uploads\/2022\/11\/logolequotidien.jpg","width":290,"height":65,"caption":"Le Quotidien de Nouakchott"},"image":{"@id":"https:\/\/lequotidien.mr\/#\/schema\/logo\/image\/"},"sameAs":["https:\/\/web.facebook.com\/lequotidienmr","https:\/\/x.com\/lequotidienmr"]},{"@type":"Person","@id":"https:\/\/lequotidien.mr\/#\/schema\/person\/d2d350202a4d599685ed8abc25f97596","name":"Med Ahmed","image":{"@type":"ImageObject","inLanguage":"ar","@id":"https:\/\/secure.gravatar.com\/avatar\/fd2acc62ed50732923d1d39c17172c9b04149f142be92310ecc69e1358f94b52?s=96&d=mm&r=g","url":"https:\/\/secure.gravatar.com\/avatar\/fd2acc62ed50732923d1d39c17172c9b04149f142be92310ecc69e1358f94b52?s=96&d=mm&r=g","contentUrl":"https:\/\/secure.gravatar.com\/avatar\/fd2acc62ed50732923d1d39c17172c9b04149f142be92310ecc69e1358f94b52?s=96&d=mm&r=g","caption":"Med Ahmed"},"url":"https:\/\/lequotidien.mr\/?author=12"}]}},"_links":{"self":[{"href":"https:\/\/lequotidien.mr\/index.php?rest_route=\/wp\/v2\/posts\/18077","targetHints":{"allow":["GET"]}}],"collection":[{"href":"https:\/\/lequotidien.mr\/index.php?rest_route=\/wp\/v2\/posts"}],"about":[{"href":"https:\/\/lequotidien.mr\/index.php?rest_route=\/wp\/v2\/types\/post"}],"author":[{"embeddable":true,"href":"https:\/\/lequotidien.mr\/index.php?rest_route=\/wp\/v2\/users\/12"}],"replies":[{"embeddable":true,"href":"https:\/\/lequotidien.mr\/index.php?rest_route=%2Fwp%2Fv2%2Fcomments&post=18077"}],"version-history":[{"count":1,"href":"https:\/\/lequotidien.mr\/index.php?rest_route=\/wp\/v2\/posts\/18077\/revisions"}],"predecessor-version":[{"id":18079,"href":"https:\/\/lequotidien.mr\/index.php?rest_route=\/wp\/v2\/posts\/18077\/revisions\/18079"}],"wp:featuredmedia":[{"embeddable":true,"href":"https:\/\/lequotidien.mr\/index.php?rest_route=\/wp\/v2\/media\/18078"}],"wp:attachment":[{"href":"https:\/\/lequotidien.mr\/index.php?rest_route=%2Fwp%2Fv2%2Fmedia&parent=18077"}],"wp:term":[{"taxonomy":"category","embeddable":true,"href":"https:\/\/lequotidien.mr\/index.php?rest_route=%2Fwp%2Fv2%2Fcategories&post=18077"},{"taxonomy":"post_tag","embeddable":true,"href":"https:\/\/lequotidien.mr\/index.php?rest_route=%2Fwp%2Fv2%2Ftags&post=18077"}],"curies":[{"name":"wp","href":"https:\/\/api.w.org\/{rel}","templated":true}]}}