{"id":18074,"date":"2024-05-09T08:50:42","date_gmt":"2024-05-09T08:50:42","guid":{"rendered":"https:\/\/lequotidien.mr\/?p=18074"},"modified":"2024-05-09T08:50:42","modified_gmt":"2024-05-09T08:50:42","slug":"agriculture-la-mauritanie-sengage-sur-la-voie-du-ble","status":"publish","type":"post","link":"https:\/\/lequotidien.mr\/?p=18074&lang=fr","title":{"rendered":"Agriculture: la Mauritanie s\u2019engage sur la voie du bl\u00e9"},"content":{"rendered":"<p>Selon le minist\u00e8re de l&#8217;Agriculture mauritanien, la premi\u00e8re exp\u00e9rience \u00e0 grande \u00e9chelle a port\u00e9 ses fruits en mars dernier dans la commune de Rosso, dans la r\u00e9gion du Trarza. Cet essai est le fruit d\u2019un partenariat entre le secteur public et deux soci\u00e9t\u00e9s priv\u00e9es agricoles. Une excellente nouvelle pour ce pays qui importe la quasi-totalit\u00e9 de son bl\u00e9.<\/p>\n<p>L\u2019essai \u00e0 grande \u00e9chelle consistait \u00e0 cultiver deux vari\u00e9t\u00e9s de bl\u00e9 sur 200 hectares de sols sablonneux dans la commune de Rosso. Selon le minist\u00e8re de l&#8217;Agriculture, entre 4 et 5 tonnes de bl\u00e9 par hectares ont \u00e9t\u00e9 obtenues.<\/p>\n<p>Un r\u00e9sultat prometteur et encourageant pour ce pays importateur, selon Isselmou Sid El Moktar, d\u00e9l\u00e9gu\u00e9 r\u00e9gional du minist\u00e8re de l\u2019Agriculture dans le Trarza. Il souligne que cette nouvelle exp\u00e9rience prouve une fois de plus que la culture de bl\u00e9 est rentable, et pr\u00e9cise qu\u2019avec l\u2019accompagnement soutenu des pouvoirs publics et l\u2019investissement du secteur priv\u00e9, la Mauritanie ourrait couvrir ses besoins en bl\u00e9 comme c\u2019est presque le cas aujourd\u2019hui avec le riz.<\/p>\n<p>\u00ab\u00a0<em>Les exigences en terre et en eau sont favorables,\u00a0<\/em>estime-t-il.<em>\u00a0Le bl\u00e9, c\u2019est moins contraignant que la culture de riz, moins co\u00fbteux en termes d&#8217;eau, c&#8217;est nouveau, il n&#8217;y a pas beaucoup de maladies&#8230; L\u2019\u00c9tat a fourni un appui aux investisseurs. La strat\u00e9gie de l\u2019\u00c9tat \u00e0 l\u2019\u00e9poque privil\u00e9giait le riz, je pense que maintenant, il s\u2019engage pour cette culture et je pense qu&#8217;il va continuer ou augmenter l\u2019appui. Car on a besoin de ces c\u00e9r\u00e9ales.<\/em>\u00a0\u00bb<\/p>\n<p><strong>Un investissement n\u00e9cessaire<\/strong><\/p>\n<p>Le d\u00e9l\u00e9gu\u00e9 r\u00e9gional pr\u00e9cise que pour mener \u00e0 bien cette exp\u00e9rience, l\u2019\u00c9tat mauritanien a multipli\u00e9 les aides\u00a0: \u00e0 travers la fourniture d\u2019engrais, le d\u00e9senclavement de la zone, la protection des cultures ou encore l\u2019\u00e9lectrification des zones de production. \u00ab\u00a0<em>Un investissement n\u00e9cessaire et strat\u00e9gique<\/em>\u00a0<em>pour l\u2019approvisionnement du pays<\/em> \u00bb, selon Isselmou Mohamed Taleb, \u00e9conomiste et statisticien qui rappelle le contexte international, notamment depuis l\u2019expiration en juillet dernier de l\u2019accord sur les exportations de c\u00e9r\u00e9ales ukrainiennes. Selon la derni\u00e8re note trimestrielle de 2023, la Mauritanie y importait 1\/5e de son bl\u00e9.<\/p>\n<p><strong>Le d\u00e9fi de la rentabilit\u00e9<\/strong><\/p>\n<p>L\u2019\u00e9conomiste Isselmou Mohamed Taleb pr\u00e9cise aussi que cette nouvelle culture est un pari\u00a0: \u00ab\u00a0<em>Le bl\u00e9 est certes une denr\u00e9e strat\u00e9gique pour la Mauritanie<\/em>, explique-t-il,\u00a0<em>on prend moins de risques avec les \u00e9v\u00e8nements internationaux. Mais le riz \u00e9tait pendant de nombreuses ann\u00e9es en Mauritanie subventionn\u00e9, les intrants aussi. Est-ce que cultiver du bl\u00e9 va \u00eatre aussi rentable que cultiver du riz ? Le prix du bl\u00e9 est nettement plus bas que le prix du riz sur les march\u00e9s et il y a aussi la concurrence du bl\u00e9 ext\u00e9rieur.<\/em>\u00a0\u00bb<\/p>\n<p>Il esp\u00e8re par ailleurs que cette volont\u00e9 de cultiver du bl\u00e9 perdura malgr\u00e9 les d\u00e9fis : \u00ab\u00a0<em>Il faudra beaucoup de temps pour d\u2019abord avoir une main-d\u2019\u0153uvre qualifi\u00e9e. Il y a aussi ceux qui sont propri\u00e9taires fonciers, qui n\u2019ont pas les moyens de mettre en valeur et en plus, il faudra s\u2019assurer que le march\u00e9 sera un march\u00e9 avec un pouvoir d\u2019achat suffisant. Mais \u00e7a pourrait marcher.<\/em>\u00a0\u00bb<\/p>\n<p>Selon les donn\u00e9es de la FAO, la Mauritanie a import\u00e9 plus de 75\u00a0000 tonnes de bl\u00e9 d\u2019une valeur de 322 millions de dollars sur le march\u00e9 international en 2022.<\/p>\n<p><strong>Source\u00a0: RFI<\/strong><\/p>\n<p>&nbsp;<\/p>\n<p>&nbsp;<\/p>\n","protected":false},"excerpt":{"rendered":"<p>Selon le minist\u00e8re de l&#8217;Agriculture mauritanien, la premi\u00e8re exp\u00e9rience \u00e0 grande \u00e9chelle a port\u00e9 ses fruits en mars dernier dans la commune de Rosso, dans la r\u00e9gion du Trarza. Cet essai est le fruit d\u2019un partenariat entre le secteur public et deux soci\u00e9t\u00e9s priv\u00e9es agricoles. Une excellente nouvelle pour ce pays qui importe la quasi-totalit\u00e9&#8230;..<\/p>\n","protected":false},"author":12,"featured_media":18075,"comment_status":"open","ping_status":"open","sticky":false,"template":"","format":"standard","meta":{"footnotes":""},"categories":[23,49],"tags":[],"class_list":["post-18074","post","type-post","status-publish","format-standard","has-post-thumbnail","hentry","category-actualite","category-economie"],"yoast_head":"<!-- This site is optimized with the Yoast SEO plugin v27.5 - https:\/\/yoast.com\/product\/yoast-seo-wordpress\/ -->\n<title>Agriculture: la Mauritanie s\u2019engage sur la voie du bl\u00e9 - Le Quotidien de Nouakchott<\/title>\n<meta name=\"robots\" content=\"index, follow, max-snippet:-1, max-image-preview:large, max-video-preview:-1\" \/>\n<link rel=\"canonical\" href=\"https:\/\/lequotidien.mr\/?p=18074&lang=fr\" \/>\n<meta property=\"og:locale\" content=\"ar_AR\" \/>\n<meta property=\"og:type\" content=\"article\" \/>\n<meta property=\"og:title\" content=\"Agriculture: la Mauritanie s\u2019engage sur la voie du bl\u00e9 - Le Quotidien de Nouakchott\" \/>\n<meta property=\"og:description\" content=\"Selon le minist\u00e8re de l&#8217;Agriculture mauritanien, la premi\u00e8re exp\u00e9rience \u00e0 grande \u00e9chelle a port\u00e9 ses fruits en mars dernier dans la commune de Rosso, dans la r\u00e9gion du Trarza. Cet essai est le fruit d\u2019un partenariat entre le secteur public et deux soci\u00e9t\u00e9s priv\u00e9es agricoles. Une excellente nouvelle pour ce pays qui importe la quasi-totalit\u00e9.....\" \/>\n<meta property=\"og:url\" content=\"https:\/\/lequotidien.mr\/?p=18074&amp;lang=fr\" \/>\n<meta property=\"og:site_name\" content=\"Le Quotidien de Nouakchott\" \/>\n<meta property=\"article:publisher\" content=\"https:\/\/web.facebook.com\/lequotidienmr\" \/>\n<meta property=\"article:published_time\" content=\"2024-05-09T08:50:42+00:00\" \/>\n<meta property=\"og:image\" content=\"https:\/\/lequotidien.mr\/wp-content\/uploads\/2024\/05\/photo-ble.jpg\" \/>\n\t<meta property=\"og:image:width\" content=\"1024\" \/>\n\t<meta property=\"og:image:height\" content=\"512\" \/>\n\t<meta property=\"og:image:type\" content=\"image\/jpeg\" \/>\n<meta name=\"author\" content=\"Med Ahmed\" \/>\n<meta name=\"twitter:card\" content=\"summary_large_image\" \/>\n<meta name=\"twitter:creator\" content=\"@lequotidienmr\" \/>\n<meta name=\"twitter:site\" content=\"@lequotidienmr\" \/>\n<meta name=\"twitter:label1\" content=\"\u0643\u064f\u062a\u0628 \u0628\u0648\u0627\u0633\u0637\u0629\" \/>\n\t<meta name=\"twitter:data1\" content=\"Med Ahmed\" \/>\n\t<meta name=\"twitter:label2\" content=\"\u0648\u0642\u062a \u0627\u0644\u0642\u0631\u0627\u0621\u0629 \u0627\u0644\u0645\u064f\u0642\u062f\u0651\u0631\" \/>\n\t<meta name=\"twitter:data2\" content=\"3 \u062f\u0642\u0627\u0626\u0642\" \/>\n<script type=\"application\/ld+json\" class=\"yoast-schema-graph\">{\"@context\":\"https:\\\/\\\/schema.org\",\"@graph\":[{\"@type\":\"Article\",\"@id\":\"https:\\\/\\\/lequotidien.mr\\\/?p=18074&lang=fr#article\",\"isPartOf\":{\"@id\":\"https:\\\/\\\/lequotidien.mr\\\/?p=18074&lang=fr\"},\"author\":{\"name\":\"Med Ahmed\",\"@id\":\"https:\\\/\\\/lequotidien.mr\\\/#\\\/schema\\\/person\\\/d2d350202a4d599685ed8abc25f97596\"},\"headline\":\"Agriculture: la Mauritanie s\u2019engage sur la voie du bl\u00e9\",\"datePublished\":\"2024-05-09T08:50:42+00:00\",\"mainEntityOfPage\":{\"@id\":\"https:\\\/\\\/lequotidien.mr\\\/?p=18074&lang=fr\"},\"wordCount\":600,\"commentCount\":0,\"publisher\":{\"@id\":\"https:\\\/\\\/lequotidien.mr\\\/#organization\"},\"image\":{\"@id\":\"https:\\\/\\\/lequotidien.mr\\\/?p=18074&lang=fr#primaryimage\"},\"thumbnailUrl\":\"https:\\\/\\\/lequotidien.mr\\\/wp-content\\\/uploads\\\/2024\\\/05\\\/photo-ble.jpg\",\"articleSection\":[\"ACTUALIT\u00c9\",\"Economie\"],\"inLanguage\":\"ar\",\"potentialAction\":[{\"@type\":\"CommentAction\",\"name\":\"Comment\",\"target\":[\"https:\\\/\\\/lequotidien.mr\\\/?p=18074&lang=fr#respond\"]}]},{\"@type\":\"WebPage\",\"@id\":\"https:\\\/\\\/lequotidien.mr\\\/?p=18074&lang=fr\",\"url\":\"https:\\\/\\\/lequotidien.mr\\\/?p=18074&lang=fr\",\"name\":\"Agriculture: la Mauritanie s\u2019engage sur la voie du bl\u00e9 - Le Quotidien de Nouakchott\",\"isPartOf\":{\"@id\":\"https:\\\/\\\/lequotidien.mr\\\/#website\"},\"primaryImageOfPage\":{\"@id\":\"https:\\\/\\\/lequotidien.mr\\\/?p=18074&lang=fr#primaryimage\"},\"image\":{\"@id\":\"https:\\\/\\\/lequotidien.mr\\\/?p=18074&lang=fr#primaryimage\"},\"thumbnailUrl\":\"https:\\\/\\\/lequotidien.mr\\\/wp-content\\\/uploads\\\/2024\\\/05\\\/photo-ble.jpg\",\"datePublished\":\"2024-05-09T08:50:42+00:00\",\"breadcrumb\":{\"@id\":\"https:\\\/\\\/lequotidien.mr\\\/?p=18074&lang=fr#breadcrumb\"},\"inLanguage\":\"ar\",\"potentialAction\":[{\"@type\":\"ReadAction\",\"target\":[\"https:\\\/\\\/lequotidien.mr\\\/?p=18074&lang=fr\"]}]},{\"@type\":\"ImageObject\",\"inLanguage\":\"ar\",\"@id\":\"https:\\\/\\\/lequotidien.mr\\\/?p=18074&lang=fr#primaryimage\",\"url\":\"https:\\\/\\\/lequotidien.mr\\\/wp-content\\\/uploads\\\/2024\\\/05\\\/photo-ble.jpg\",\"contentUrl\":\"https:\\\/\\\/lequotidien.mr\\\/wp-content\\\/uploads\\\/2024\\\/05\\\/photo-ble.jpg\",\"width\":1024,\"height\":512},{\"@type\":\"BreadcrumbList\",\"@id\":\"https:\\\/\\\/lequotidien.mr\\\/?p=18074&lang=fr#breadcrumb\",\"itemListElement\":[{\"@type\":\"ListItem\",\"position\":1,\"name\":\"Home\",\"item\":\"https:\\\/\\\/lequotidien.mr\\\/\"},{\"@type\":\"ListItem\",\"position\":2,\"name\":\"Agriculture: la Mauritanie s\u2019engage sur la voie du bl\u00e9\"}]},{\"@type\":\"WebSite\",\"@id\":\"https:\\\/\\\/lequotidien.mr\\\/#website\",\"url\":\"https:\\\/\\\/lequotidien.mr\\\/\",\"name\":\"Le Quotidien de Nouakchott\",\"description\":\"\u0625\u062e\u0628\u0627\u0631\u064a\u0629 \u0645\u0633\u062a\u0642\u0644\u0629 \u0644\u0644\u0623\u0646\u0628\u0627\u0621 \u0627\u0644\u0639\u0627\u0645\u0629\",\"publisher\":{\"@id\":\"https:\\\/\\\/lequotidien.mr\\\/#organization\"},\"potentialAction\":[{\"@type\":\"SearchAction\",\"target\":{\"@type\":\"EntryPoint\",\"urlTemplate\":\"https:\\\/\\\/lequotidien.mr\\\/?s={search_term_string}\"},\"query-input\":{\"@type\":\"PropertyValueSpecification\",\"valueRequired\":true,\"valueName\":\"search_term_string\"}}],\"inLanguage\":\"ar\"},{\"@type\":\"Organization\",\"@id\":\"https:\\\/\\\/lequotidien.mr\\\/#organization\",\"name\":\"Le Quotidien de Nouakchott\",\"url\":\"https:\\\/\\\/lequotidien.mr\\\/\",\"logo\":{\"@type\":\"ImageObject\",\"inLanguage\":\"ar\",\"@id\":\"https:\\\/\\\/lequotidien.mr\\\/#\\\/schema\\\/logo\\\/image\\\/\",\"url\":\"https:\\\/\\\/lequotidien.mr\\\/wp-content\\\/uploads\\\/2022\\\/11\\\/logolequotidien.jpg\",\"contentUrl\":\"https:\\\/\\\/lequotidien.mr\\\/wp-content\\\/uploads\\\/2022\\\/11\\\/logolequotidien.jpg\",\"width\":290,\"height\":65,\"caption\":\"Le Quotidien de Nouakchott\"},\"image\":{\"@id\":\"https:\\\/\\\/lequotidien.mr\\\/#\\\/schema\\\/logo\\\/image\\\/\"},\"sameAs\":[\"https:\\\/\\\/web.facebook.com\\\/lequotidienmr\",\"https:\\\/\\\/x.com\\\/lequotidienmr\"]},{\"@type\":\"Person\",\"@id\":\"https:\\\/\\\/lequotidien.mr\\\/#\\\/schema\\\/person\\\/d2d350202a4d599685ed8abc25f97596\",\"name\":\"Med Ahmed\",\"image\":{\"@type\":\"ImageObject\",\"inLanguage\":\"ar\",\"@id\":\"https:\\\/\\\/secure.gravatar.com\\\/avatar\\\/fd2acc62ed50732923d1d39c17172c9b04149f142be92310ecc69e1358f94b52?s=96&d=mm&r=g\",\"url\":\"https:\\\/\\\/secure.gravatar.com\\\/avatar\\\/fd2acc62ed50732923d1d39c17172c9b04149f142be92310ecc69e1358f94b52?s=96&d=mm&r=g\",\"contentUrl\":\"https:\\\/\\\/secure.gravatar.com\\\/avatar\\\/fd2acc62ed50732923d1d39c17172c9b04149f142be92310ecc69e1358f94b52?s=96&d=mm&r=g\",\"caption\":\"Med Ahmed\"},\"url\":\"https:\\\/\\\/lequotidien.mr\\\/?author=12\"}]}<\/script>\n<!-- \/ Yoast SEO plugin. -->","yoast_head_json":{"title":"Agriculture: la Mauritanie s\u2019engage sur la voie du bl\u00e9 - Le Quotidien de Nouakchott","robots":{"index":"index","follow":"follow","max-snippet":"max-snippet:-1","max-image-preview":"max-image-preview:large","max-video-preview":"max-video-preview:-1"},"canonical":"https:\/\/lequotidien.mr\/?p=18074&lang=fr","og_locale":"ar_AR","og_type":"article","og_title":"Agriculture: la Mauritanie s\u2019engage sur la voie du bl\u00e9 - Le Quotidien de Nouakchott","og_description":"Selon le minist\u00e8re de l&#8217;Agriculture mauritanien, la premi\u00e8re exp\u00e9rience \u00e0 grande \u00e9chelle a port\u00e9 ses fruits en mars dernier dans la commune de Rosso, dans la r\u00e9gion du Trarza. Cet essai est le fruit d\u2019un partenariat entre le secteur public et deux soci\u00e9t\u00e9s priv\u00e9es agricoles. Une excellente nouvelle pour ce pays qui importe la quasi-totalit\u00e9.....","og_url":"https:\/\/lequotidien.mr\/?p=18074&lang=fr","og_site_name":"Le Quotidien de Nouakchott","article_publisher":"https:\/\/web.facebook.com\/lequotidienmr","article_published_time":"2024-05-09T08:50:42+00:00","og_image":[{"width":1024,"height":512,"url":"https:\/\/lequotidien.mr\/wp-content\/uploads\/2024\/05\/photo-ble.jpg","type":"image\/jpeg"}],"author":"Med Ahmed","twitter_card":"summary_large_image","twitter_creator":"@lequotidienmr","twitter_site":"@lequotidienmr","twitter_misc":{"\u0643\u064f\u062a\u0628 \u0628\u0648\u0627\u0633\u0637\u0629":"Med Ahmed","\u0648\u0642\u062a \u0627\u0644\u0642\u0631\u0627\u0621\u0629 \u0627\u0644\u0645\u064f\u0642\u062f\u0651\u0631":"3 \u062f\u0642\u0627\u0626\u0642"},"schema":{"@context":"https:\/\/schema.org","@graph":[{"@type":"Article","@id":"https:\/\/lequotidien.mr\/?p=18074&lang=fr#article","isPartOf":{"@id":"https:\/\/lequotidien.mr\/?p=18074&lang=fr"},"author":{"name":"Med Ahmed","@id":"https:\/\/lequotidien.mr\/#\/schema\/person\/d2d350202a4d599685ed8abc25f97596"},"headline":"Agriculture: la Mauritanie s\u2019engage sur la voie du bl\u00e9","datePublished":"2024-05-09T08:50:42+00:00","mainEntityOfPage":{"@id":"https:\/\/lequotidien.mr\/?p=18074&lang=fr"},"wordCount":600,"commentCount":0,"publisher":{"@id":"https:\/\/lequotidien.mr\/#organization"},"image":{"@id":"https:\/\/lequotidien.mr\/?p=18074&lang=fr#primaryimage"},"thumbnailUrl":"https:\/\/lequotidien.mr\/wp-content\/uploads\/2024\/05\/photo-ble.jpg","articleSection":["ACTUALIT\u00c9","Economie"],"inLanguage":"ar","potentialAction":[{"@type":"CommentAction","name":"Comment","target":["https:\/\/lequotidien.mr\/?p=18074&lang=fr#respond"]}]},{"@type":"WebPage","@id":"https:\/\/lequotidien.mr\/?p=18074&lang=fr","url":"https:\/\/lequotidien.mr\/?p=18074&lang=fr","name":"Agriculture: la Mauritanie s\u2019engage sur la voie du bl\u00e9 - Le Quotidien de Nouakchott","isPartOf":{"@id":"https:\/\/lequotidien.mr\/#website"},"primaryImageOfPage":{"@id":"https:\/\/lequotidien.mr\/?p=18074&lang=fr#primaryimage"},"image":{"@id":"https:\/\/lequotidien.mr\/?p=18074&lang=fr#primaryimage"},"thumbnailUrl":"https:\/\/lequotidien.mr\/wp-content\/uploads\/2024\/05\/photo-ble.jpg","datePublished":"2024-05-09T08:50:42+00:00","breadcrumb":{"@id":"https:\/\/lequotidien.mr\/?p=18074&lang=fr#breadcrumb"},"inLanguage":"ar","potentialAction":[{"@type":"ReadAction","target":["https:\/\/lequotidien.mr\/?p=18074&lang=fr"]}]},{"@type":"ImageObject","inLanguage":"ar","@id":"https:\/\/lequotidien.mr\/?p=18074&lang=fr#primaryimage","url":"https:\/\/lequotidien.mr\/wp-content\/uploads\/2024\/05\/photo-ble.jpg","contentUrl":"https:\/\/lequotidien.mr\/wp-content\/uploads\/2024\/05\/photo-ble.jpg","width":1024,"height":512},{"@type":"BreadcrumbList","@id":"https:\/\/lequotidien.mr\/?p=18074&lang=fr#breadcrumb","itemListElement":[{"@type":"ListItem","position":1,"name":"Home","item":"https:\/\/lequotidien.mr\/"},{"@type":"ListItem","position":2,"name":"Agriculture: la Mauritanie s\u2019engage sur la voie du bl\u00e9"}]},{"@type":"WebSite","@id":"https:\/\/lequotidien.mr\/#website","url":"https:\/\/lequotidien.mr\/","name":"Le Quotidien de Nouakchott","description":"\u0625\u062e\u0628\u0627\u0631\u064a\u0629 \u0645\u0633\u062a\u0642\u0644\u0629 \u0644\u0644\u0623\u0646\u0628\u0627\u0621 \u0627\u0644\u0639\u0627\u0645\u0629","publisher":{"@id":"https:\/\/lequotidien.mr\/#organization"},"potentialAction":[{"@type":"SearchAction","target":{"@type":"EntryPoint","urlTemplate":"https:\/\/lequotidien.mr\/?s={search_term_string}"},"query-input":{"@type":"PropertyValueSpecification","valueRequired":true,"valueName":"search_term_string"}}],"inLanguage":"ar"},{"@type":"Organization","@id":"https:\/\/lequotidien.mr\/#organization","name":"Le Quotidien de Nouakchott","url":"https:\/\/lequotidien.mr\/","logo":{"@type":"ImageObject","inLanguage":"ar","@id":"https:\/\/lequotidien.mr\/#\/schema\/logo\/image\/","url":"https:\/\/lequotidien.mr\/wp-content\/uploads\/2022\/11\/logolequotidien.jpg","contentUrl":"https:\/\/lequotidien.mr\/wp-content\/uploads\/2022\/11\/logolequotidien.jpg","width":290,"height":65,"caption":"Le Quotidien de Nouakchott"},"image":{"@id":"https:\/\/lequotidien.mr\/#\/schema\/logo\/image\/"},"sameAs":["https:\/\/web.facebook.com\/lequotidienmr","https:\/\/x.com\/lequotidienmr"]},{"@type":"Person","@id":"https:\/\/lequotidien.mr\/#\/schema\/person\/d2d350202a4d599685ed8abc25f97596","name":"Med Ahmed","image":{"@type":"ImageObject","inLanguage":"ar","@id":"https:\/\/secure.gravatar.com\/avatar\/fd2acc62ed50732923d1d39c17172c9b04149f142be92310ecc69e1358f94b52?s=96&d=mm&r=g","url":"https:\/\/secure.gravatar.com\/avatar\/fd2acc62ed50732923d1d39c17172c9b04149f142be92310ecc69e1358f94b52?s=96&d=mm&r=g","contentUrl":"https:\/\/secure.gravatar.com\/avatar\/fd2acc62ed50732923d1d39c17172c9b04149f142be92310ecc69e1358f94b52?s=96&d=mm&r=g","caption":"Med Ahmed"},"url":"https:\/\/lequotidien.mr\/?author=12"}]}},"_links":{"self":[{"href":"https:\/\/lequotidien.mr\/index.php?rest_route=\/wp\/v2\/posts\/18074","targetHints":{"allow":["GET"]}}],"collection":[{"href":"https:\/\/lequotidien.mr\/index.php?rest_route=\/wp\/v2\/posts"}],"about":[{"href":"https:\/\/lequotidien.mr\/index.php?rest_route=\/wp\/v2\/types\/post"}],"author":[{"embeddable":true,"href":"https:\/\/lequotidien.mr\/index.php?rest_route=\/wp\/v2\/users\/12"}],"replies":[{"embeddable":true,"href":"https:\/\/lequotidien.mr\/index.php?rest_route=%2Fwp%2Fv2%2Fcomments&post=18074"}],"version-history":[{"count":1,"href":"https:\/\/lequotidien.mr\/index.php?rest_route=\/wp\/v2\/posts\/18074\/revisions"}],"predecessor-version":[{"id":18076,"href":"https:\/\/lequotidien.mr\/index.php?rest_route=\/wp\/v2\/posts\/18074\/revisions\/18076"}],"wp:featuredmedia":[{"embeddable":true,"href":"https:\/\/lequotidien.mr\/index.php?rest_route=\/wp\/v2\/media\/18075"}],"wp:attachment":[{"href":"https:\/\/lequotidien.mr\/index.php?rest_route=%2Fwp%2Fv2%2Fmedia&parent=18074"}],"wp:term":[{"taxonomy":"category","embeddable":true,"href":"https:\/\/lequotidien.mr\/index.php?rest_route=%2Fwp%2Fv2%2Fcategories&post=18074"},{"taxonomy":"post_tag","embeddable":true,"href":"https:\/\/lequotidien.mr\/index.php?rest_route=%2Fwp%2Fv2%2Ftags&post=18074"}],"curies":[{"name":"wp","href":"https:\/\/api.w.org\/{rel}","templated":true}]}}