{"id":18037,"date":"2024-05-08T09:36:55","date_gmt":"2024-05-08T09:36:55","guid":{"rendered":"https:\/\/lequotidien.mr\/?p=18037"},"modified":"2024-05-08T10:05:43","modified_gmt":"2024-05-08T10:05:43","slug":"dallas-participation-active-de-la-mauritanie-au-sommet-du-partenariat-economique-usa-afrique","status":"publish","type":"post","link":"https:\/\/lequotidien.mr\/?p=18037&lang=fr","title":{"rendered":"Dallas : participation active de la Mauritanie au Sommet du Partenariat \u00c9conomique USA-Afrique"},"content":{"rendered":"<p>Le Premier ministre Mohamed Bilal Messaoud se trouve actuellement au c\u0153ur du Sommet du Partenariat \u00c9conomique USA-Afrique qui se tient \u00e0 Dallas (USA), du 6 au 9 mai courant, et ce, au nom du pr\u00e9sident de la R\u00e9publique et pr\u00e9sident de l&#8217;Union Africaine, Mohamed Cheikh El Ghazouani.<\/p>\n<p>L&#8217;objectif premier de ce sommet est de promouvoir des dialogues et des discussions de haut niveau entre les repr\u00e9sentants africains et un groupe \u00e9minent de hauts fonctionnaires de l&#8217;administration am\u00e9ricaine. Ces \u00e9changes se concentrent sur l&#8217;am\u00e9lioration des m\u00e9canismes d&#8217;investissement en Afrique et le d\u00e9veloppement de la gouvernance afin de maximiser les opportunit\u00e9s de croissance \u00e9conomique sur le continent.<\/p>\n<p>Un aspect crucial de cette r\u00e9union est la volont\u00e9 de renforcer le partenariat entre l&#8217;Afrique et les \u00c9tats-Unis. Cette collaboration rev\u00eat une importance capitale pour stimuler la croissance \u00e9conomique, encourager l&#8217;innovation et cr\u00e9er des opportunit\u00e9s d&#8217;emploi \u00e0 travers le continent. En \u00e9tablissant des partenariats solides, l&#8217;Afrique aspire \u00e0 b\u00e9n\u00e9ficier du savoir-faire, des investissements et des technologies am\u00e9ricaines pour soutenir sa croissance \u00e9conomique.<\/p>\n<p>Le sommet offre \u00e9galement une plateforme pour explorer les moyens de canaliser les ressources financi\u00e8res et technologiques en faveur de secteurs cl\u00e9s tels que la production d&#8217;\u00e9nergie et le d\u00e9veloppement des infrastructures en Afrique. Ces domaines sont vitaux pour stimuler le d\u00e9veloppement \u00e9conomique, r\u00e9duire les in\u00e9galit\u00e9s et am\u00e9liorer la qualit\u00e9 de vie des citoyens africains.<\/p>\n<p>La participation active du Premier ministre Mohamed Bilal Messaoud au Sommet du Partenariat \u00c9conomique USA-Afrique t\u00e9moigne de l&#8217;engagement de la Mauritanie pour le renforcement de la coop\u00e9ration internationale en vue d&#8217;un avenir prosp\u00e8re pour le continent africain. Ce sommet marque donc une \u00e9tape cruciale dans la qu\u00eate de l&#8217;Afrique pour un d\u00e9veloppement \u00e9conomique durable et une int\u00e9gration accrue dans l&#8217;\u00e9conomie mondiale.<\/p>\n","protected":false},"excerpt":{"rendered":"<p>Le Premier ministre Mohamed Bilal Messaoud se trouve actuellement au c\u0153ur du Sommet du Partenariat \u00c9conomique USA-Afrique qui se tient \u00e0 Dallas (USA), du 6 au 9 mai courant, et ce, au nom du pr\u00e9sident de la R\u00e9publique et pr\u00e9sident de l&#8217;Union Africaine, Mohamed Cheikh El Ghazouani. L&#8217;objectif premier de ce sommet est de promouvoir&#8230;..<\/p>\n","protected":false},"author":12,"featured_media":18043,"comment_status":"open","ping_status":"open","sticky":false,"template":"","format":"standard","meta":{"footnotes":""},"categories":[23,49],"tags":[],"class_list":["post-18037","post","type-post","status-publish","format-standard","has-post-thumbnail","hentry","category-actualite","category-economie"],"yoast_head":"<!-- This site is optimized with the Yoast SEO plugin v27.5 - https:\/\/yoast.com\/product\/yoast-seo-wordpress\/ -->\n<title>Dallas : participation active de la Mauritanie au Sommet du Partenariat \u00c9conomique USA-Afrique - Le Quotidien de Nouakchott<\/title>\n<meta name=\"robots\" content=\"index, follow, max-snippet:-1, max-image-preview:large, max-video-preview:-1\" \/>\n<link rel=\"canonical\" href=\"https:\/\/lequotidien.mr\/?p=18037&lang=fr\" \/>\n<meta property=\"og:locale\" content=\"ar_AR\" \/>\n<meta property=\"og:type\" content=\"article\" \/>\n<meta property=\"og:title\" content=\"Dallas : participation active de la Mauritanie au Sommet du Partenariat \u00c9conomique USA-Afrique - Le Quotidien de Nouakchott\" \/>\n<meta property=\"og:description\" content=\"Le Premier ministre Mohamed Bilal Messaoud se trouve actuellement au c\u0153ur du Sommet du Partenariat \u00c9conomique USA-Afrique qui se tient \u00e0 Dallas (USA), du 6 au 9 mai courant, et ce, au nom du pr\u00e9sident de la R\u00e9publique et pr\u00e9sident de l&#8217;Union Africaine, Mohamed Cheikh El Ghazouani. L&#8217;objectif premier de ce sommet est de promouvoir.....\" \/>\n<meta property=\"og:url\" content=\"https:\/\/lequotidien.mr\/?p=18037&amp;lang=fr\" \/>\n<meta property=\"og:site_name\" content=\"Le Quotidien de Nouakchott\" \/>\n<meta property=\"article:publisher\" content=\"https:\/\/web.facebook.com\/lequotidienmr\" \/>\n<meta property=\"article:published_time\" content=\"2024-05-08T09:36:55+00:00\" \/>\n<meta property=\"article:modified_time\" content=\"2024-05-08T10:05:43+00:00\" \/>\n<meta property=\"og:image\" content=\"https:\/\/lequotidien.mr\/wp-content\/uploads\/2024\/05\/photo-Sommet-USA-Afrique-4.jpg\" \/>\n\t<meta property=\"og:image:width\" content=\"702\" \/>\n\t<meta property=\"og:image:height\" content=\"336\" \/>\n\t<meta property=\"og:image:type\" content=\"image\/jpeg\" \/>\n<meta name=\"author\" content=\"Med Ahmed\" \/>\n<meta name=\"twitter:card\" content=\"summary_large_image\" \/>\n<meta name=\"twitter:creator\" content=\"@lequotidienmr\" \/>\n<meta name=\"twitter:site\" content=\"@lequotidienmr\" \/>\n<meta name=\"twitter:label1\" content=\"\u0643\u064f\u062a\u0628 \u0628\u0648\u0627\u0633\u0637\u0629\" \/>\n\t<meta name=\"twitter:data1\" content=\"Med Ahmed\" \/>\n\t<meta name=\"twitter:label2\" content=\"\u0648\u0642\u062a \u0627\u0644\u0642\u0631\u0627\u0621\u0629 \u0627\u0644\u0645\u064f\u0642\u062f\u0651\u0631\" \/>\n\t<meta name=\"twitter:data2\" content=\"\u062f\u0642\u064a\u0642\u062a\u0627\u0646\" \/>\n<script type=\"application\/ld+json\" class=\"yoast-schema-graph\">{\"@context\":\"https:\\\/\\\/schema.org\",\"@graph\":[{\"@type\":\"Article\",\"@id\":\"https:\\\/\\\/lequotidien.mr\\\/?p=18037&lang=fr#article\",\"isPartOf\":{\"@id\":\"https:\\\/\\\/lequotidien.mr\\\/?p=18037&lang=fr\"},\"author\":{\"name\":\"Med Ahmed\",\"@id\":\"https:\\\/\\\/lequotidien.mr\\\/#\\\/schema\\\/person\\\/d2d350202a4d599685ed8abc25f97596\"},\"headline\":\"Dallas : participation active de la Mauritanie au Sommet du Partenariat \u00c9conomique USA-Afrique\",\"datePublished\":\"2024-05-08T09:36:55+00:00\",\"dateModified\":\"2024-05-08T10:05:43+00:00\",\"mainEntityOfPage\":{\"@id\":\"https:\\\/\\\/lequotidien.mr\\\/?p=18037&lang=fr\"},\"wordCount\":335,\"commentCount\":0,\"publisher\":{\"@id\":\"https:\\\/\\\/lequotidien.mr\\\/#organization\"},\"image\":{\"@id\":\"https:\\\/\\\/lequotidien.mr\\\/?p=18037&lang=fr#primaryimage\"},\"thumbnailUrl\":\"https:\\\/\\\/lequotidien.mr\\\/wp-content\\\/uploads\\\/2024\\\/05\\\/photo-Sommet-USA-Afrique-4.jpg\",\"articleSection\":[\"ACTUALIT\u00c9\",\"Economie\"],\"inLanguage\":\"ar\",\"potentialAction\":[{\"@type\":\"CommentAction\",\"name\":\"Comment\",\"target\":[\"https:\\\/\\\/lequotidien.mr\\\/?p=18037&lang=fr#respond\"]}]},{\"@type\":\"WebPage\",\"@id\":\"https:\\\/\\\/lequotidien.mr\\\/?p=18037&lang=fr\",\"url\":\"https:\\\/\\\/lequotidien.mr\\\/?p=18037&lang=fr\",\"name\":\"Dallas : participation active de la Mauritanie au Sommet du Partenariat \u00c9conomique USA-Afrique - Le Quotidien de Nouakchott\",\"isPartOf\":{\"@id\":\"https:\\\/\\\/lequotidien.mr\\\/#website\"},\"primaryImageOfPage\":{\"@id\":\"https:\\\/\\\/lequotidien.mr\\\/?p=18037&lang=fr#primaryimage\"},\"image\":{\"@id\":\"https:\\\/\\\/lequotidien.mr\\\/?p=18037&lang=fr#primaryimage\"},\"thumbnailUrl\":\"https:\\\/\\\/lequotidien.mr\\\/wp-content\\\/uploads\\\/2024\\\/05\\\/photo-Sommet-USA-Afrique-4.jpg\",\"datePublished\":\"2024-05-08T09:36:55+00:00\",\"dateModified\":\"2024-05-08T10:05:43+00:00\",\"breadcrumb\":{\"@id\":\"https:\\\/\\\/lequotidien.mr\\\/?p=18037&lang=fr#breadcrumb\"},\"inLanguage\":\"ar\",\"potentialAction\":[{\"@type\":\"ReadAction\",\"target\":[\"https:\\\/\\\/lequotidien.mr\\\/?p=18037&lang=fr\"]}]},{\"@type\":\"ImageObject\",\"inLanguage\":\"ar\",\"@id\":\"https:\\\/\\\/lequotidien.mr\\\/?p=18037&lang=fr#primaryimage\",\"url\":\"https:\\\/\\\/lequotidien.mr\\\/wp-content\\\/uploads\\\/2024\\\/05\\\/photo-Sommet-USA-Afrique-4.jpg\",\"contentUrl\":\"https:\\\/\\\/lequotidien.mr\\\/wp-content\\\/uploads\\\/2024\\\/05\\\/photo-Sommet-USA-Afrique-4.jpg\",\"width\":702,\"height\":336},{\"@type\":\"BreadcrumbList\",\"@id\":\"https:\\\/\\\/lequotidien.mr\\\/?p=18037&lang=fr#breadcrumb\",\"itemListElement\":[{\"@type\":\"ListItem\",\"position\":1,\"name\":\"Home\",\"item\":\"https:\\\/\\\/lequotidien.mr\\\/\"},{\"@type\":\"ListItem\",\"position\":2,\"name\":\"Dallas : participation active de la Mauritanie au Sommet du Partenariat \u00c9conomique USA-Afrique\"}]},{\"@type\":\"WebSite\",\"@id\":\"https:\\\/\\\/lequotidien.mr\\\/#website\",\"url\":\"https:\\\/\\\/lequotidien.mr\\\/\",\"name\":\"Le Quotidien de Nouakchott\",\"description\":\"\u0625\u062e\u0628\u0627\u0631\u064a\u0629 \u0645\u0633\u062a\u0642\u0644\u0629 \u0644\u0644\u0623\u0646\u0628\u0627\u0621 \u0627\u0644\u0639\u0627\u0645\u0629\",\"publisher\":{\"@id\":\"https:\\\/\\\/lequotidien.mr\\\/#organization\"},\"potentialAction\":[{\"@type\":\"SearchAction\",\"target\":{\"@type\":\"EntryPoint\",\"urlTemplate\":\"https:\\\/\\\/lequotidien.mr\\\/?s={search_term_string}\"},\"query-input\":{\"@type\":\"PropertyValueSpecification\",\"valueRequired\":true,\"valueName\":\"search_term_string\"}}],\"inLanguage\":\"ar\"},{\"@type\":\"Organization\",\"@id\":\"https:\\\/\\\/lequotidien.mr\\\/#organization\",\"name\":\"Le Quotidien de Nouakchott\",\"url\":\"https:\\\/\\\/lequotidien.mr\\\/\",\"logo\":{\"@type\":\"ImageObject\",\"inLanguage\":\"ar\",\"@id\":\"https:\\\/\\\/lequotidien.mr\\\/#\\\/schema\\\/logo\\\/image\\\/\",\"url\":\"https:\\\/\\\/lequotidien.mr\\\/wp-content\\\/uploads\\\/2022\\\/11\\\/logolequotidien.jpg\",\"contentUrl\":\"https:\\\/\\\/lequotidien.mr\\\/wp-content\\\/uploads\\\/2022\\\/11\\\/logolequotidien.jpg\",\"width\":290,\"height\":65,\"caption\":\"Le Quotidien de Nouakchott\"},\"image\":{\"@id\":\"https:\\\/\\\/lequotidien.mr\\\/#\\\/schema\\\/logo\\\/image\\\/\"},\"sameAs\":[\"https:\\\/\\\/web.facebook.com\\\/lequotidienmr\",\"https:\\\/\\\/x.com\\\/lequotidienmr\"]},{\"@type\":\"Person\",\"@id\":\"https:\\\/\\\/lequotidien.mr\\\/#\\\/schema\\\/person\\\/d2d350202a4d599685ed8abc25f97596\",\"name\":\"Med Ahmed\",\"image\":{\"@type\":\"ImageObject\",\"inLanguage\":\"ar\",\"@id\":\"https:\\\/\\\/secure.gravatar.com\\\/avatar\\\/fd2acc62ed50732923d1d39c17172c9b04149f142be92310ecc69e1358f94b52?s=96&d=mm&r=g\",\"url\":\"https:\\\/\\\/secure.gravatar.com\\\/avatar\\\/fd2acc62ed50732923d1d39c17172c9b04149f142be92310ecc69e1358f94b52?s=96&d=mm&r=g\",\"contentUrl\":\"https:\\\/\\\/secure.gravatar.com\\\/avatar\\\/fd2acc62ed50732923d1d39c17172c9b04149f142be92310ecc69e1358f94b52?s=96&d=mm&r=g\",\"caption\":\"Med Ahmed\"},\"url\":\"https:\\\/\\\/lequotidien.mr\\\/?author=12\"}]}<\/script>\n<!-- \/ Yoast SEO plugin. -->","yoast_head_json":{"title":"Dallas : participation active de la Mauritanie au Sommet du Partenariat \u00c9conomique USA-Afrique - Le Quotidien de Nouakchott","robots":{"index":"index","follow":"follow","max-snippet":"max-snippet:-1","max-image-preview":"max-image-preview:large","max-video-preview":"max-video-preview:-1"},"canonical":"https:\/\/lequotidien.mr\/?p=18037&lang=fr","og_locale":"ar_AR","og_type":"article","og_title":"Dallas : participation active de la Mauritanie au Sommet du Partenariat \u00c9conomique USA-Afrique - Le Quotidien de Nouakchott","og_description":"Le Premier ministre Mohamed Bilal Messaoud se trouve actuellement au c\u0153ur du Sommet du Partenariat \u00c9conomique USA-Afrique qui se tient \u00e0 Dallas (USA), du 6 au 9 mai courant, et ce, au nom du pr\u00e9sident de la R\u00e9publique et pr\u00e9sident de l&#8217;Union Africaine, Mohamed Cheikh El Ghazouani. L&#8217;objectif premier de ce sommet est de promouvoir.....","og_url":"https:\/\/lequotidien.mr\/?p=18037&lang=fr","og_site_name":"Le Quotidien de Nouakchott","article_publisher":"https:\/\/web.facebook.com\/lequotidienmr","article_published_time":"2024-05-08T09:36:55+00:00","article_modified_time":"2024-05-08T10:05:43+00:00","og_image":[{"width":702,"height":336,"url":"https:\/\/lequotidien.mr\/wp-content\/uploads\/2024\/05\/photo-Sommet-USA-Afrique-4.jpg","type":"image\/jpeg"}],"author":"Med Ahmed","twitter_card":"summary_large_image","twitter_creator":"@lequotidienmr","twitter_site":"@lequotidienmr","twitter_misc":{"\u0643\u064f\u062a\u0628 \u0628\u0648\u0627\u0633\u0637\u0629":"Med Ahmed","\u0648\u0642\u062a \u0627\u0644\u0642\u0631\u0627\u0621\u0629 \u0627\u0644\u0645\u064f\u0642\u062f\u0651\u0631":"\u062f\u0642\u064a\u0642\u062a\u0627\u0646"},"schema":{"@context":"https:\/\/schema.org","@graph":[{"@type":"Article","@id":"https:\/\/lequotidien.mr\/?p=18037&lang=fr#article","isPartOf":{"@id":"https:\/\/lequotidien.mr\/?p=18037&lang=fr"},"author":{"name":"Med Ahmed","@id":"https:\/\/lequotidien.mr\/#\/schema\/person\/d2d350202a4d599685ed8abc25f97596"},"headline":"Dallas : participation active de la Mauritanie au Sommet du Partenariat \u00c9conomique USA-Afrique","datePublished":"2024-05-08T09:36:55+00:00","dateModified":"2024-05-08T10:05:43+00:00","mainEntityOfPage":{"@id":"https:\/\/lequotidien.mr\/?p=18037&lang=fr"},"wordCount":335,"commentCount":0,"publisher":{"@id":"https:\/\/lequotidien.mr\/#organization"},"image":{"@id":"https:\/\/lequotidien.mr\/?p=18037&lang=fr#primaryimage"},"thumbnailUrl":"https:\/\/lequotidien.mr\/wp-content\/uploads\/2024\/05\/photo-Sommet-USA-Afrique-4.jpg","articleSection":["ACTUALIT\u00c9","Economie"],"inLanguage":"ar","potentialAction":[{"@type":"CommentAction","name":"Comment","target":["https:\/\/lequotidien.mr\/?p=18037&lang=fr#respond"]}]},{"@type":"WebPage","@id":"https:\/\/lequotidien.mr\/?p=18037&lang=fr","url":"https:\/\/lequotidien.mr\/?p=18037&lang=fr","name":"Dallas : participation active de la Mauritanie au Sommet du Partenariat \u00c9conomique USA-Afrique - Le Quotidien de Nouakchott","isPartOf":{"@id":"https:\/\/lequotidien.mr\/#website"},"primaryImageOfPage":{"@id":"https:\/\/lequotidien.mr\/?p=18037&lang=fr#primaryimage"},"image":{"@id":"https:\/\/lequotidien.mr\/?p=18037&lang=fr#primaryimage"},"thumbnailUrl":"https:\/\/lequotidien.mr\/wp-content\/uploads\/2024\/05\/photo-Sommet-USA-Afrique-4.jpg","datePublished":"2024-05-08T09:36:55+00:00","dateModified":"2024-05-08T10:05:43+00:00","breadcrumb":{"@id":"https:\/\/lequotidien.mr\/?p=18037&lang=fr#breadcrumb"},"inLanguage":"ar","potentialAction":[{"@type":"ReadAction","target":["https:\/\/lequotidien.mr\/?p=18037&lang=fr"]}]},{"@type":"ImageObject","inLanguage":"ar","@id":"https:\/\/lequotidien.mr\/?p=18037&lang=fr#primaryimage","url":"https:\/\/lequotidien.mr\/wp-content\/uploads\/2024\/05\/photo-Sommet-USA-Afrique-4.jpg","contentUrl":"https:\/\/lequotidien.mr\/wp-content\/uploads\/2024\/05\/photo-Sommet-USA-Afrique-4.jpg","width":702,"height":336},{"@type":"BreadcrumbList","@id":"https:\/\/lequotidien.mr\/?p=18037&lang=fr#breadcrumb","itemListElement":[{"@type":"ListItem","position":1,"name":"Home","item":"https:\/\/lequotidien.mr\/"},{"@type":"ListItem","position":2,"name":"Dallas : participation active de la Mauritanie au Sommet du Partenariat \u00c9conomique USA-Afrique"}]},{"@type":"WebSite","@id":"https:\/\/lequotidien.mr\/#website","url":"https:\/\/lequotidien.mr\/","name":"Le Quotidien de Nouakchott","description":"\u0625\u062e\u0628\u0627\u0631\u064a\u0629 \u0645\u0633\u062a\u0642\u0644\u0629 \u0644\u0644\u0623\u0646\u0628\u0627\u0621 \u0627\u0644\u0639\u0627\u0645\u0629","publisher":{"@id":"https:\/\/lequotidien.mr\/#organization"},"potentialAction":[{"@type":"SearchAction","target":{"@type":"EntryPoint","urlTemplate":"https:\/\/lequotidien.mr\/?s={search_term_string}"},"query-input":{"@type":"PropertyValueSpecification","valueRequired":true,"valueName":"search_term_string"}}],"inLanguage":"ar"},{"@type":"Organization","@id":"https:\/\/lequotidien.mr\/#organization","name":"Le Quotidien de Nouakchott","url":"https:\/\/lequotidien.mr\/","logo":{"@type":"ImageObject","inLanguage":"ar","@id":"https:\/\/lequotidien.mr\/#\/schema\/logo\/image\/","url":"https:\/\/lequotidien.mr\/wp-content\/uploads\/2022\/11\/logolequotidien.jpg","contentUrl":"https:\/\/lequotidien.mr\/wp-content\/uploads\/2022\/11\/logolequotidien.jpg","width":290,"height":65,"caption":"Le Quotidien de Nouakchott"},"image":{"@id":"https:\/\/lequotidien.mr\/#\/schema\/logo\/image\/"},"sameAs":["https:\/\/web.facebook.com\/lequotidienmr","https:\/\/x.com\/lequotidienmr"]},{"@type":"Person","@id":"https:\/\/lequotidien.mr\/#\/schema\/person\/d2d350202a4d599685ed8abc25f97596","name":"Med Ahmed","image":{"@type":"ImageObject","inLanguage":"ar","@id":"https:\/\/secure.gravatar.com\/avatar\/fd2acc62ed50732923d1d39c17172c9b04149f142be92310ecc69e1358f94b52?s=96&d=mm&r=g","url":"https:\/\/secure.gravatar.com\/avatar\/fd2acc62ed50732923d1d39c17172c9b04149f142be92310ecc69e1358f94b52?s=96&d=mm&r=g","contentUrl":"https:\/\/secure.gravatar.com\/avatar\/fd2acc62ed50732923d1d39c17172c9b04149f142be92310ecc69e1358f94b52?s=96&d=mm&r=g","caption":"Med Ahmed"},"url":"https:\/\/lequotidien.mr\/?author=12"}]}},"_links":{"self":[{"href":"https:\/\/lequotidien.mr\/index.php?rest_route=\/wp\/v2\/posts\/18037","targetHints":{"allow":["GET"]}}],"collection":[{"href":"https:\/\/lequotidien.mr\/index.php?rest_route=\/wp\/v2\/posts"}],"about":[{"href":"https:\/\/lequotidien.mr\/index.php?rest_route=\/wp\/v2\/types\/post"}],"author":[{"embeddable":true,"href":"https:\/\/lequotidien.mr\/index.php?rest_route=\/wp\/v2\/users\/12"}],"replies":[{"embeddable":true,"href":"https:\/\/lequotidien.mr\/index.php?rest_route=%2Fwp%2Fv2%2Fcomments&post=18037"}],"version-history":[{"count":1,"href":"https:\/\/lequotidien.mr\/index.php?rest_route=\/wp\/v2\/posts\/18037\/revisions"}],"predecessor-version":[{"id":18040,"href":"https:\/\/lequotidien.mr\/index.php?rest_route=\/wp\/v2\/posts\/18037\/revisions\/18040"}],"wp:featuredmedia":[{"embeddable":true,"href":"https:\/\/lequotidien.mr\/index.php?rest_route=\/wp\/v2\/media\/18043"}],"wp:attachment":[{"href":"https:\/\/lequotidien.mr\/index.php?rest_route=%2Fwp%2Fv2%2Fmedia&parent=18037"}],"wp:term":[{"taxonomy":"category","embeddable":true,"href":"https:\/\/lequotidien.mr\/index.php?rest_route=%2Fwp%2Fv2%2Fcategories&post=18037"},{"taxonomy":"post_tag","embeddable":true,"href":"https:\/\/lequotidien.mr\/index.php?rest_route=%2Fwp%2Fv2%2Ftags&post=18037"}],"curies":[{"name":"wp","href":"https:\/\/api.w.org\/{rel}","templated":true}]}}