{"id":18012,"date":"2024-05-07T11:44:23","date_gmt":"2024-05-07T11:44:23","guid":{"rendered":"https:\/\/lequotidien.mr\/?p=18012"},"modified":"2024-05-07T11:49:19","modified_gmt":"2024-05-07T11:49:19","slug":"sommet-du-partenariat-economique-usa-afrique-le-premier-ministre-rencontre-la-presidente-de-ge-vernova-africa","status":"publish","type":"post","link":"https:\/\/lequotidien.mr\/?p=18012&lang=fr","title":{"rendered":"Sommet du Partenariat Economique USA-Afrique: le Premier ministre rencontre la pr\u00e9sidente de GE Vernova Africa"},"content":{"rendered":"<p>Repr\u00e9sentant le Pr\u00e9sident de la R\u00e9publique au Sommet du Partenariat Economique USA-Afrique, qui se tiendra, du 6 au 9 mai, \u00e0 Dallas (USA), Le Premier ministre, M. Mohamed Bilal Messoud a re\u00e7u, en audience, hier, Mme Mai Abdelhalim, pr\u00e9sidente de GE Vernova Africa.<\/p>\n<p>GE Vernova Africa est une entreprise reconnue pour son engagement dans le d\u00e9ploiement de technologies d&#8217;\u00e9nergie fiables et flexibles en Afrique subsaharienne depuis les ann\u00e9es 1950. C\u2019est \u00a0un acteur majeur dans le domaine de l&#8217;\u00e9nergie, qui a contribu\u00e9 \u00e0 mettre en place jusqu&#8217;\u00e0 17 GW de capacit\u00e9 de production d&#8217;\u00e9lectricit\u00e9 au gaz dans la r\u00e9gion subsaharienne gr\u00e2ce \u00e0 ses turbines \u00e0 gaz de pointe.<\/p>\n<p>Cette rencontre entre le Premier ministre mauritanien et la pr\u00e9sidente de GE Vernova Africa ouvre de nouvelles perspectives d&#8217;investissement en Mauritanie, principalement dans le secteur de l&#8217;\u00e9nergie.<\/p>\n<p>L\u2019entrevue s\u2019est d\u00e9roul\u00e9e en pr\u00e9sence du ministre de l\u2019\u00c9conomie et du D\u00e9veloppement durable, M. Abdessalam Mohamed Salah, de la directrice de cabinet du Premier ministre, Mme Aicha Vall Verg\u00e8s, de l\u2019ambassadrice de Mauritanie \u00e0 Washington, Mme Ciss\u00e9 Mint Cheikh Bo\u00efda et du directeur g\u00e9n\u00e9ral de Partenariat public-priv\u00e9 au minist\u00e8re de l\u2019\u00c9conomie et du D\u00e9veloppement durable, M. Ahmedou Salek Beyah.<\/p>\n<p>L&#8217;accent mis sur l&#8217;\u00e9nergie propre dans les discussions entre M. Messoud et Mme Abdelhalim refl\u00e8te une tendance croissante \u00e0 l&#8217;\u00e9chelle mondiale, o\u00f9 les pays cherchent \u00e0 diversifier leurs sources d&#8217;\u00e9nergie et \u00e0 r\u00e9duire leur empreinte carbone. Les \u00c9tats-Unis, ainsi que l&#8217;Union europ\u00e9enne, montrent un int\u00e9r\u00eat renouvel\u00e9 pour la Mauritanie, mettant en lumi\u00e8re des secteurs cl\u00e9s tels que le gaz et l&#8217;hydrog\u00e8ne vert.<\/p>\n<p>Cette rencontre entre le Premier ministre mauritanien et la Pr\u00e9sidente de GE Vernova Africa ouvre de nouvelles perspectives prometteuses pour le d\u00e9veloppement de l&#8217;\u00e9nergie propre en Mauritanie. En collaboration avec des partenaires internationaux tels que GE, la Mauritanie peut saisir l&#8217;opportunit\u00e9 de diversifier son mix \u00e9nerg\u00e9tique et de contribuer \u00e0 la transition mondiale vers une \u00e9conomie plus verte et durable.<\/p>\n<p>&nbsp;<\/p>\n","protected":false},"excerpt":{"rendered":"<p>Repr\u00e9sentant le Pr\u00e9sident de la R\u00e9publique au Sommet du Partenariat Economique USA-Afrique, qui se tiendra, du 6 au 9 mai, \u00e0 Dallas (USA), Le Premier ministre, M. Mohamed Bilal Messoud a re\u00e7u, en audience, hier, Mme Mai Abdelhalim, pr\u00e9sidente de GE Vernova Africa. GE Vernova Africa est une entreprise reconnue pour son engagement dans le&#8230;..<\/p>\n","protected":false},"author":12,"featured_media":18013,"comment_status":"open","ping_status":"open","sticky":false,"template":"","format":"standard","meta":{"footnotes":""},"categories":[23,49],"tags":[],"class_list":["post-18012","post","type-post","status-publish","format-standard","has-post-thumbnail","hentry","category-actualite","category-economie"],"yoast_head":"<!-- This site is optimized with the Yoast SEO plugin v27.5 - https:\/\/yoast.com\/product\/yoast-seo-wordpress\/ -->\n<title>Sommet du Partenariat Economique USA-Afrique: le Premier ministre rencontre la pr\u00e9sidente de GE Vernova Africa - Le Quotidien de Nouakchott<\/title>\n<meta name=\"robots\" content=\"index, follow, max-snippet:-1, max-image-preview:large, max-video-preview:-1\" \/>\n<link rel=\"canonical\" href=\"https:\/\/lequotidien.mr\/?p=18012&lang=fr\" \/>\n<meta property=\"og:locale\" content=\"ar_AR\" \/>\n<meta property=\"og:type\" content=\"article\" \/>\n<meta property=\"og:title\" content=\"Sommet du Partenariat Economique USA-Afrique: le Premier ministre rencontre la pr\u00e9sidente de GE Vernova Africa - Le Quotidien de Nouakchott\" \/>\n<meta property=\"og:description\" content=\"Repr\u00e9sentant le Pr\u00e9sident de la R\u00e9publique au Sommet du Partenariat Economique USA-Afrique, qui se tiendra, du 6 au 9 mai, \u00e0 Dallas (USA), Le Premier ministre, M. Mohamed Bilal Messoud a re\u00e7u, en audience, hier, Mme Mai Abdelhalim, pr\u00e9sidente de GE Vernova Africa. GE Vernova Africa est une entreprise reconnue pour son engagement dans le.....\" \/>\n<meta property=\"og:url\" content=\"https:\/\/lequotidien.mr\/?p=18012&amp;lang=fr\" \/>\n<meta property=\"og:site_name\" content=\"Le Quotidien de Nouakchott\" \/>\n<meta property=\"article:publisher\" content=\"https:\/\/web.facebook.com\/lequotidienmr\" \/>\n<meta property=\"article:published_time\" content=\"2024-05-07T11:44:23+00:00\" \/>\n<meta property=\"article:modified_time\" content=\"2024-05-07T11:49:19+00:00\" \/>\n<meta property=\"og:image\" content=\"https:\/\/lequotidien.mr\/wp-content\/uploads\/2024\/05\/photo-Premier-Ministre-USA.jpg\" \/>\n\t<meta property=\"og:image:width\" content=\"750\" \/>\n\t<meta property=\"og:image:height\" content=\"376\" \/>\n\t<meta property=\"og:image:type\" content=\"image\/jpeg\" \/>\n<meta name=\"author\" content=\"Med Ahmed\" \/>\n<meta name=\"twitter:card\" content=\"summary_large_image\" \/>\n<meta name=\"twitter:creator\" content=\"@lequotidienmr\" \/>\n<meta name=\"twitter:site\" content=\"@lequotidienmr\" \/>\n<meta name=\"twitter:label1\" content=\"\u0643\u064f\u062a\u0628 \u0628\u0648\u0627\u0633\u0637\u0629\" \/>\n\t<meta name=\"twitter:data1\" content=\"Med Ahmed\" \/>\n\t<meta name=\"twitter:label2\" content=\"\u0648\u0642\u062a \u0627\u0644\u0642\u0631\u0627\u0621\u0629 \u0627\u0644\u0645\u064f\u0642\u062f\u0651\u0631\" \/>\n\t<meta name=\"twitter:data2\" content=\"\u062f\u0642\u064a\u0642\u062a\u0627\u0646\" \/>\n<script type=\"application\/ld+json\" class=\"yoast-schema-graph\">{\"@context\":\"https:\\\/\\\/schema.org\",\"@graph\":[{\"@type\":\"Article\",\"@id\":\"https:\\\/\\\/lequotidien.mr\\\/?p=18012&lang=fr#article\",\"isPartOf\":{\"@id\":\"https:\\\/\\\/lequotidien.mr\\\/?p=18012&lang=fr\"},\"author\":{\"name\":\"Med Ahmed\",\"@id\":\"https:\\\/\\\/lequotidien.mr\\\/#\\\/schema\\\/person\\\/d2d350202a4d599685ed8abc25f97596\"},\"headline\":\"Sommet du Partenariat Economique USA-Afrique: le Premier ministre rencontre la pr\u00e9sidente de GE Vernova Africa\",\"datePublished\":\"2024-05-07T11:44:23+00:00\",\"dateModified\":\"2024-05-07T11:49:19+00:00\",\"mainEntityOfPage\":{\"@id\":\"https:\\\/\\\/lequotidien.mr\\\/?p=18012&lang=fr\"},\"wordCount\":369,\"commentCount\":0,\"publisher\":{\"@id\":\"https:\\\/\\\/lequotidien.mr\\\/#organization\"},\"image\":{\"@id\":\"https:\\\/\\\/lequotidien.mr\\\/?p=18012&lang=fr#primaryimage\"},\"thumbnailUrl\":\"https:\\\/\\\/lequotidien.mr\\\/wp-content\\\/uploads\\\/2024\\\/05\\\/photo-Premier-Ministre-USA.jpg\",\"articleSection\":[\"ACTUALIT\u00c9\",\"Economie\"],\"inLanguage\":\"ar\",\"potentialAction\":[{\"@type\":\"CommentAction\",\"name\":\"Comment\",\"target\":[\"https:\\\/\\\/lequotidien.mr\\\/?p=18012&lang=fr#respond\"]}]},{\"@type\":\"WebPage\",\"@id\":\"https:\\\/\\\/lequotidien.mr\\\/?p=18012&lang=fr\",\"url\":\"https:\\\/\\\/lequotidien.mr\\\/?p=18012&lang=fr\",\"name\":\"Sommet du Partenariat Economique USA-Afrique: le Premier ministre rencontre la pr\u00e9sidente de GE Vernova Africa - Le Quotidien de Nouakchott\",\"isPartOf\":{\"@id\":\"https:\\\/\\\/lequotidien.mr\\\/#website\"},\"primaryImageOfPage\":{\"@id\":\"https:\\\/\\\/lequotidien.mr\\\/?p=18012&lang=fr#primaryimage\"},\"image\":{\"@id\":\"https:\\\/\\\/lequotidien.mr\\\/?p=18012&lang=fr#primaryimage\"},\"thumbnailUrl\":\"https:\\\/\\\/lequotidien.mr\\\/wp-content\\\/uploads\\\/2024\\\/05\\\/photo-Premier-Ministre-USA.jpg\",\"datePublished\":\"2024-05-07T11:44:23+00:00\",\"dateModified\":\"2024-05-07T11:49:19+00:00\",\"breadcrumb\":{\"@id\":\"https:\\\/\\\/lequotidien.mr\\\/?p=18012&lang=fr#breadcrumb\"},\"inLanguage\":\"ar\",\"potentialAction\":[{\"@type\":\"ReadAction\",\"target\":[\"https:\\\/\\\/lequotidien.mr\\\/?p=18012&lang=fr\"]}]},{\"@type\":\"ImageObject\",\"inLanguage\":\"ar\",\"@id\":\"https:\\\/\\\/lequotidien.mr\\\/?p=18012&lang=fr#primaryimage\",\"url\":\"https:\\\/\\\/lequotidien.mr\\\/wp-content\\\/uploads\\\/2024\\\/05\\\/photo-Premier-Ministre-USA.jpg\",\"contentUrl\":\"https:\\\/\\\/lequotidien.mr\\\/wp-content\\\/uploads\\\/2024\\\/05\\\/photo-Premier-Ministre-USA.jpg\",\"width\":750,\"height\":376},{\"@type\":\"BreadcrumbList\",\"@id\":\"https:\\\/\\\/lequotidien.mr\\\/?p=18012&lang=fr#breadcrumb\",\"itemListElement\":[{\"@type\":\"ListItem\",\"position\":1,\"name\":\"Home\",\"item\":\"https:\\\/\\\/lequotidien.mr\\\/\"},{\"@type\":\"ListItem\",\"position\":2,\"name\":\"Sommet du Partenariat Economique USA-Afrique: le Premier ministre rencontre la pr\u00e9sidente de GE Vernova Africa\"}]},{\"@type\":\"WebSite\",\"@id\":\"https:\\\/\\\/lequotidien.mr\\\/#website\",\"url\":\"https:\\\/\\\/lequotidien.mr\\\/\",\"name\":\"Le Quotidien de Nouakchott\",\"description\":\"\u0625\u062e\u0628\u0627\u0631\u064a\u0629 \u0645\u0633\u062a\u0642\u0644\u0629 \u0644\u0644\u0623\u0646\u0628\u0627\u0621 \u0627\u0644\u0639\u0627\u0645\u0629\",\"publisher\":{\"@id\":\"https:\\\/\\\/lequotidien.mr\\\/#organization\"},\"potentialAction\":[{\"@type\":\"SearchAction\",\"target\":{\"@type\":\"EntryPoint\",\"urlTemplate\":\"https:\\\/\\\/lequotidien.mr\\\/?s={search_term_string}\"},\"query-input\":{\"@type\":\"PropertyValueSpecification\",\"valueRequired\":true,\"valueName\":\"search_term_string\"}}],\"inLanguage\":\"ar\"},{\"@type\":\"Organization\",\"@id\":\"https:\\\/\\\/lequotidien.mr\\\/#organization\",\"name\":\"Le Quotidien de Nouakchott\",\"url\":\"https:\\\/\\\/lequotidien.mr\\\/\",\"logo\":{\"@type\":\"ImageObject\",\"inLanguage\":\"ar\",\"@id\":\"https:\\\/\\\/lequotidien.mr\\\/#\\\/schema\\\/logo\\\/image\\\/\",\"url\":\"https:\\\/\\\/lequotidien.mr\\\/wp-content\\\/uploads\\\/2022\\\/11\\\/logolequotidien.jpg\",\"contentUrl\":\"https:\\\/\\\/lequotidien.mr\\\/wp-content\\\/uploads\\\/2022\\\/11\\\/logolequotidien.jpg\",\"width\":290,\"height\":65,\"caption\":\"Le Quotidien de Nouakchott\"},\"image\":{\"@id\":\"https:\\\/\\\/lequotidien.mr\\\/#\\\/schema\\\/logo\\\/image\\\/\"},\"sameAs\":[\"https:\\\/\\\/web.facebook.com\\\/lequotidienmr\",\"https:\\\/\\\/x.com\\\/lequotidienmr\"]},{\"@type\":\"Person\",\"@id\":\"https:\\\/\\\/lequotidien.mr\\\/#\\\/schema\\\/person\\\/d2d350202a4d599685ed8abc25f97596\",\"name\":\"Med Ahmed\",\"image\":{\"@type\":\"ImageObject\",\"inLanguage\":\"ar\",\"@id\":\"https:\\\/\\\/secure.gravatar.com\\\/avatar\\\/fd2acc62ed50732923d1d39c17172c9b04149f142be92310ecc69e1358f94b52?s=96&d=mm&r=g\",\"url\":\"https:\\\/\\\/secure.gravatar.com\\\/avatar\\\/fd2acc62ed50732923d1d39c17172c9b04149f142be92310ecc69e1358f94b52?s=96&d=mm&r=g\",\"contentUrl\":\"https:\\\/\\\/secure.gravatar.com\\\/avatar\\\/fd2acc62ed50732923d1d39c17172c9b04149f142be92310ecc69e1358f94b52?s=96&d=mm&r=g\",\"caption\":\"Med Ahmed\"},\"url\":\"https:\\\/\\\/lequotidien.mr\\\/?author=12\"}]}<\/script>\n<!-- \/ Yoast SEO plugin. -->","yoast_head_json":{"title":"Sommet du Partenariat Economique USA-Afrique: le Premier ministre rencontre la pr\u00e9sidente de GE Vernova Africa - Le Quotidien de Nouakchott","robots":{"index":"index","follow":"follow","max-snippet":"max-snippet:-1","max-image-preview":"max-image-preview:large","max-video-preview":"max-video-preview:-1"},"canonical":"https:\/\/lequotidien.mr\/?p=18012&lang=fr","og_locale":"ar_AR","og_type":"article","og_title":"Sommet du Partenariat Economique USA-Afrique: le Premier ministre rencontre la pr\u00e9sidente de GE Vernova Africa - Le Quotidien de Nouakchott","og_description":"Repr\u00e9sentant le Pr\u00e9sident de la R\u00e9publique au Sommet du Partenariat Economique USA-Afrique, qui se tiendra, du 6 au 9 mai, \u00e0 Dallas (USA), Le Premier ministre, M. Mohamed Bilal Messoud a re\u00e7u, en audience, hier, Mme Mai Abdelhalim, pr\u00e9sidente de GE Vernova Africa. GE Vernova Africa est une entreprise reconnue pour son engagement dans le.....","og_url":"https:\/\/lequotidien.mr\/?p=18012&lang=fr","og_site_name":"Le Quotidien de Nouakchott","article_publisher":"https:\/\/web.facebook.com\/lequotidienmr","article_published_time":"2024-05-07T11:44:23+00:00","article_modified_time":"2024-05-07T11:49:19+00:00","og_image":[{"width":750,"height":376,"url":"https:\/\/lequotidien.mr\/wp-content\/uploads\/2024\/05\/photo-Premier-Ministre-USA.jpg","type":"image\/jpeg"}],"author":"Med Ahmed","twitter_card":"summary_large_image","twitter_creator":"@lequotidienmr","twitter_site":"@lequotidienmr","twitter_misc":{"\u0643\u064f\u062a\u0628 \u0628\u0648\u0627\u0633\u0637\u0629":"Med Ahmed","\u0648\u0642\u062a \u0627\u0644\u0642\u0631\u0627\u0621\u0629 \u0627\u0644\u0645\u064f\u0642\u062f\u0651\u0631":"\u062f\u0642\u064a\u0642\u062a\u0627\u0646"},"schema":{"@context":"https:\/\/schema.org","@graph":[{"@type":"Article","@id":"https:\/\/lequotidien.mr\/?p=18012&lang=fr#article","isPartOf":{"@id":"https:\/\/lequotidien.mr\/?p=18012&lang=fr"},"author":{"name":"Med Ahmed","@id":"https:\/\/lequotidien.mr\/#\/schema\/person\/d2d350202a4d599685ed8abc25f97596"},"headline":"Sommet du Partenariat Economique USA-Afrique: le Premier ministre rencontre la pr\u00e9sidente de GE Vernova Africa","datePublished":"2024-05-07T11:44:23+00:00","dateModified":"2024-05-07T11:49:19+00:00","mainEntityOfPage":{"@id":"https:\/\/lequotidien.mr\/?p=18012&lang=fr"},"wordCount":369,"commentCount":0,"publisher":{"@id":"https:\/\/lequotidien.mr\/#organization"},"image":{"@id":"https:\/\/lequotidien.mr\/?p=18012&lang=fr#primaryimage"},"thumbnailUrl":"https:\/\/lequotidien.mr\/wp-content\/uploads\/2024\/05\/photo-Premier-Ministre-USA.jpg","articleSection":["ACTUALIT\u00c9","Economie"],"inLanguage":"ar","potentialAction":[{"@type":"CommentAction","name":"Comment","target":["https:\/\/lequotidien.mr\/?p=18012&lang=fr#respond"]}]},{"@type":"WebPage","@id":"https:\/\/lequotidien.mr\/?p=18012&lang=fr","url":"https:\/\/lequotidien.mr\/?p=18012&lang=fr","name":"Sommet du Partenariat Economique USA-Afrique: le Premier ministre rencontre la pr\u00e9sidente de GE Vernova Africa - Le Quotidien de Nouakchott","isPartOf":{"@id":"https:\/\/lequotidien.mr\/#website"},"primaryImageOfPage":{"@id":"https:\/\/lequotidien.mr\/?p=18012&lang=fr#primaryimage"},"image":{"@id":"https:\/\/lequotidien.mr\/?p=18012&lang=fr#primaryimage"},"thumbnailUrl":"https:\/\/lequotidien.mr\/wp-content\/uploads\/2024\/05\/photo-Premier-Ministre-USA.jpg","datePublished":"2024-05-07T11:44:23+00:00","dateModified":"2024-05-07T11:49:19+00:00","breadcrumb":{"@id":"https:\/\/lequotidien.mr\/?p=18012&lang=fr#breadcrumb"},"inLanguage":"ar","potentialAction":[{"@type":"ReadAction","target":["https:\/\/lequotidien.mr\/?p=18012&lang=fr"]}]},{"@type":"ImageObject","inLanguage":"ar","@id":"https:\/\/lequotidien.mr\/?p=18012&lang=fr#primaryimage","url":"https:\/\/lequotidien.mr\/wp-content\/uploads\/2024\/05\/photo-Premier-Ministre-USA.jpg","contentUrl":"https:\/\/lequotidien.mr\/wp-content\/uploads\/2024\/05\/photo-Premier-Ministre-USA.jpg","width":750,"height":376},{"@type":"BreadcrumbList","@id":"https:\/\/lequotidien.mr\/?p=18012&lang=fr#breadcrumb","itemListElement":[{"@type":"ListItem","position":1,"name":"Home","item":"https:\/\/lequotidien.mr\/"},{"@type":"ListItem","position":2,"name":"Sommet du Partenariat Economique USA-Afrique: le Premier ministre rencontre la pr\u00e9sidente de GE Vernova Africa"}]},{"@type":"WebSite","@id":"https:\/\/lequotidien.mr\/#website","url":"https:\/\/lequotidien.mr\/","name":"Le Quotidien de Nouakchott","description":"\u0625\u062e\u0628\u0627\u0631\u064a\u0629 \u0645\u0633\u062a\u0642\u0644\u0629 \u0644\u0644\u0623\u0646\u0628\u0627\u0621 \u0627\u0644\u0639\u0627\u0645\u0629","publisher":{"@id":"https:\/\/lequotidien.mr\/#organization"},"potentialAction":[{"@type":"SearchAction","target":{"@type":"EntryPoint","urlTemplate":"https:\/\/lequotidien.mr\/?s={search_term_string}"},"query-input":{"@type":"PropertyValueSpecification","valueRequired":true,"valueName":"search_term_string"}}],"inLanguage":"ar"},{"@type":"Organization","@id":"https:\/\/lequotidien.mr\/#organization","name":"Le Quotidien de Nouakchott","url":"https:\/\/lequotidien.mr\/","logo":{"@type":"ImageObject","inLanguage":"ar","@id":"https:\/\/lequotidien.mr\/#\/schema\/logo\/image\/","url":"https:\/\/lequotidien.mr\/wp-content\/uploads\/2022\/11\/logolequotidien.jpg","contentUrl":"https:\/\/lequotidien.mr\/wp-content\/uploads\/2022\/11\/logolequotidien.jpg","width":290,"height":65,"caption":"Le Quotidien de Nouakchott"},"image":{"@id":"https:\/\/lequotidien.mr\/#\/schema\/logo\/image\/"},"sameAs":["https:\/\/web.facebook.com\/lequotidienmr","https:\/\/x.com\/lequotidienmr"]},{"@type":"Person","@id":"https:\/\/lequotidien.mr\/#\/schema\/person\/d2d350202a4d599685ed8abc25f97596","name":"Med Ahmed","image":{"@type":"ImageObject","inLanguage":"ar","@id":"https:\/\/secure.gravatar.com\/avatar\/fd2acc62ed50732923d1d39c17172c9b04149f142be92310ecc69e1358f94b52?s=96&d=mm&r=g","url":"https:\/\/secure.gravatar.com\/avatar\/fd2acc62ed50732923d1d39c17172c9b04149f142be92310ecc69e1358f94b52?s=96&d=mm&r=g","contentUrl":"https:\/\/secure.gravatar.com\/avatar\/fd2acc62ed50732923d1d39c17172c9b04149f142be92310ecc69e1358f94b52?s=96&d=mm&r=g","caption":"Med Ahmed"},"url":"https:\/\/lequotidien.mr\/?author=12"}]}},"_links":{"self":[{"href":"https:\/\/lequotidien.mr\/index.php?rest_route=\/wp\/v2\/posts\/18012","targetHints":{"allow":["GET"]}}],"collection":[{"href":"https:\/\/lequotidien.mr\/index.php?rest_route=\/wp\/v2\/posts"}],"about":[{"href":"https:\/\/lequotidien.mr\/index.php?rest_route=\/wp\/v2\/types\/post"}],"author":[{"embeddable":true,"href":"https:\/\/lequotidien.mr\/index.php?rest_route=\/wp\/v2\/users\/12"}],"replies":[{"embeddable":true,"href":"https:\/\/lequotidien.mr\/index.php?rest_route=%2Fwp%2Fv2%2Fcomments&post=18012"}],"version-history":[{"count":2,"href":"https:\/\/lequotidien.mr\/index.php?rest_route=\/wp\/v2\/posts\/18012\/revisions"}],"predecessor-version":[{"id":18015,"href":"https:\/\/lequotidien.mr\/index.php?rest_route=\/wp\/v2\/posts\/18012\/revisions\/18015"}],"wp:featuredmedia":[{"embeddable":true,"href":"https:\/\/lequotidien.mr\/index.php?rest_route=\/wp\/v2\/media\/18013"}],"wp:attachment":[{"href":"https:\/\/lequotidien.mr\/index.php?rest_route=%2Fwp%2Fv2%2Fmedia&parent=18012"}],"wp:term":[{"taxonomy":"category","embeddable":true,"href":"https:\/\/lequotidien.mr\/index.php?rest_route=%2Fwp%2Fv2%2Fcategories&post=18012"},{"taxonomy":"post_tag","embeddable":true,"href":"https:\/\/lequotidien.mr\/index.php?rest_route=%2Fwp%2Fv2%2Ftags&post=18012"}],"curies":[{"name":"wp","href":"https:\/\/api.w.org\/{rel}","templated":true}]}}