{"id":18000,"date":"2024-05-06T12:05:45","date_gmt":"2024-05-06T12:05:45","guid":{"rendered":"https:\/\/lequotidien.mr\/?p=18000"},"modified":"2024-05-06T12:05:45","modified_gmt":"2024-05-06T12:05:45","slug":"senegal-ucad-gaza-en-vers-lutte-pour-la-lumiere-un-mauritanien-laureat-du-concours-poesie-2024","status":"publish","type":"post","link":"https:\/\/lequotidien.mr\/?p=18000&lang=fr","title":{"rendered":"S\u00e9n\u00e9gal-UCAD : \u00abGaza en vers : Lutte pour la lumi\u00e8re \u00bb  un mauritanien laur\u00e9at du concours po\u00e9sie 2024"},"content":{"rendered":"<h1>Le talent po\u00e9tique de l&#8217;\u00e9tudiant mauritanien Dr. Sami Aref a brill\u00e9 de mille feux \u00e0 l&#8217;Universit\u00e9 Cheikh Anta Diop de Dakar (UCAD) lorsqu&#8217;il a remport\u00e9 la premi\u00e8re place au concours annuel de po\u00e9sie avec son po\u00e8me intitul\u00e9 \u00ab Gaza en vers : Lutte pour la lumi\u00e8re \u00bb. Cette victoire a non seulement honor\u00e9 notre compatriote en lui d\u00e9cernant le titre de po\u00e8te universitaire de l\u2019ann\u00e9e 2024, mais a \u00e9galement marqu\u00e9 un tournant historique en permettant \u00e0 la Facult\u00e9 de M\u00e9decine de remporter ce titre prestigieux pour la premi\u00e8re fois, d\u00e9montrant ainsi que les \u00e9tudiants en m\u00e9decine ont \u00e9galement un talent litt\u00e9raire \u00e0 faire valoir, suscitant une grande euphorie parmi les \u00e9tudiants en m\u00e9decine dont le niveau litt\u00e9raire est souvent raill\u00e9 et \u00a0sous-estim\u00e9 par leurs coll\u00e8gues des Lettres. En effet et cela se comprend parfaitement, la Facult\u00e9 des lettres et des arts est toujours rest\u00e9e jusqu\u2019\u00e0 l\u2019ann\u00e9e derni\u00e8re la championne sans partage du titre annuel du po\u00e8te de l\u2019UCAD<\/h1>\n<h1>Le po\u00e8me de Dr. Sami Aref, qui rend hommage au peuple palestinien et d\u00e9nonce les injustices subies par Gaza, a suscit\u00e9 une grande \u00e9motion et a \u00e9t\u00e9 salu\u00e9 par les \u00e9tudiants de toutes les facult\u00e9s de l&#8217;UCAD. Son \u0153uvre po\u00e9tique a \u00e9t\u00e9 d\u00e9crite comme une lueur d&#8217;espoir dans l&#8217;obscurit\u00e9, appelant \u00e0 la fraternit\u00e9 et \u00e0 la paix dans un monde marqu\u00e9 par la guerre et la souffrance.<\/h1>\n<h1>L&#8217;Association des \u00c9tudiants Mauritaniens de la Facult\u00e9 de M\u00e9decine de Dakar (AEMD) a chaleureusement f\u00e9licit\u00e9 Dr. Sami Aref pour sa victoire, soulignant ainsi la fiert\u00e9 et l&#8217;admiration que suscite son talent au sein de la communaut\u00e9 \u00e9tudiante mauritanienne.<\/h1>\n<h1>C\u2019est dire que la victoire de Dr. Sami Aref au concours de po\u00e9sie de l&#8217;UCAD est un t\u00e9moignage \u00e9clatant de son talent et de son engagement envers des causes humanitaires. Son po\u00e8me, \u00ab Gaza en vers : Lutte pour la lumi\u00e8re \u00bb, restera grav\u00e9 dans les m\u00e9moires comme un exemple de la puissance de la po\u00e9sie pour sensibiliser et inspirer le changement.<\/h1>\n<h1>\u00a0La participation mauritanienne a \u00e9t\u00e9 remarquable \u00e0 travers la pr\u00e9sentation de mod\u00e8les de la culture et des coutumes de la patrie de diff\u00e9rentes composantes du pays.<\/h1>\n<h1><\/h1>\n<h1>\u00a0\u00ab\u00a0Gaza en vers\u00a0: Lutte pour la lumi\u00e8re<\/h1>\n<h1>Dans l\u2019ombre de Gaza, triste destin tricot\u00e9,<\/h1>\n<h1>Humanit\u00e9\u00a0en d\u00e9tresse, \u00e9toiles effac\u00e9es.<\/h1>\n<h1>Cris, larmes, douleurs, m\u00e9lodie am\u00e8re,<\/h1>\n<h1>Guerre emporte l\u2019\u00e2me, le monde d\u00e9sesp\u00e8re.<\/h1>\n<h1>Enfants dans l\u2019abime, rires \u00e9teints trop t\u00f4t,<\/h1>\n<h1>Fleurs fan\u00e9es, r\u00eaves bris\u00e9s au bord du chaos.<\/h1>\n<h1>Le sable rougit, la mort se fait entendre,<\/h1>\n<h1>La douleur persiste, larmes en \u00e9chos tendres.<\/h1>\n<h1>Dans ce triste r\u00e9cit, les ombres s\u2019allongent,<\/h1>\n<h1>Un tableau d\u2019agonie, o\u00f9 les \u00e2mes se plongent.<\/h1>\n<h1>Les rues d\u00e9vast\u00e9es, les maisons en ruine,<\/h1>\n<h1>C\u0153ur meurtri, sc\u00e8ne sombre, \u00e2me chagrine.<\/h1>\n<h1>L\u00e0, o\u00f9 l\u2019innocence sous le poids des cieux,<\/h1>\n<h1>La vie se d\u00e9robe, les r\u00eaves, silencieux.<\/h1>\n<h1>La m\u00e9lodie am\u00e8re, dans les soupirs du vent,<\/h1>\n<h1>R\u00e9sonne, rappelant notre devoir urgent.<\/h1>\n<h1>Pourtant une \u00e9toile dans l\u2019obscurit\u00e9,<\/h1>\n<h1>\u00a0L\u2019amour, la compassion, la paix, seule clart\u00e9.<\/h1>\n<h1>Que l\u2019espoir renaisse, qu\u2019enfin le jour se l\u00e8ve,<\/h1>\n<h1>Sur Gaza, la Palestine, que la paix ach\u00e8ve.<\/h1>\n<h1>Aux fracas des armes, aux pleurs d\u2019agonie,<\/h1>\n<h1>Elevons la fraternit\u00e9, dans cette harmonie.<\/h1>\n<h1>Que les terres sacr\u00e9es trouvent r\u00e9pit,<\/h1>\n<h1>Dans l\u2019\u00e9clat de la paix, un avenir b\u00e9ni. \u00bb<\/h1>\n<h1><\/h1>\n<h1><\/h1>\n<h1><\/h1>\n<h1><\/h1>\n<h1><\/h1>\n","protected":false},"excerpt":{"rendered":"<p>Le talent po\u00e9tique de l&#8217;\u00e9tudiant mauritanien Dr. Sami Aref a brill\u00e9 de mille feux \u00e0 l&#8217;Universit\u00e9 Cheikh Anta Diop de Dakar (UCAD) lorsqu&#8217;il a remport\u00e9 la premi\u00e8re place au concours annuel de po\u00e9sie avec son po\u00e8me intitul\u00e9 \u00ab Gaza en vers : Lutte pour la lumi\u00e8re \u00bb. Cette victoire a non seulement honor\u00e9 notre compatriote&#8230;..<\/p>\n","protected":false},"author":4,"featured_media":18001,"comment_status":"open","ping_status":"open","sticky":false,"template":"","format":"standard","meta":{"footnotes":""},"categories":[23,55],"tags":[],"class_list":["post-18000","post","type-post","status-publish","format-standard","has-post-thumbnail","hentry","category-actualite","category-culture"],"yoast_head":"<!-- This site is optimized with the Yoast SEO plugin v27.5 - https:\/\/yoast.com\/product\/yoast-seo-wordpress\/ -->\n<title>S\u00e9n\u00e9gal-UCAD : \u00abGaza en vers : Lutte pour la lumi\u00e8re \u00bb un mauritanien laur\u00e9at du concours po\u00e9sie 2024 - Le Quotidien de Nouakchott<\/title>\n<meta name=\"robots\" content=\"index, follow, max-snippet:-1, max-image-preview:large, max-video-preview:-1\" \/>\n<link rel=\"canonical\" href=\"https:\/\/lequotidien.mr\/?p=18000&lang=fr\" \/>\n<meta property=\"og:locale\" content=\"ar_AR\" \/>\n<meta property=\"og:type\" content=\"article\" \/>\n<meta property=\"og:title\" content=\"S\u00e9n\u00e9gal-UCAD : \u00abGaza en vers : Lutte pour la lumi\u00e8re \u00bb un mauritanien laur\u00e9at du concours po\u00e9sie 2024 - Le Quotidien de Nouakchott\" \/>\n<meta property=\"og:description\" content=\"Le talent po\u00e9tique de l&#8217;\u00e9tudiant mauritanien Dr. Sami Aref a brill\u00e9 de mille feux \u00e0 l&#8217;Universit\u00e9 Cheikh Anta Diop de Dakar (UCAD) lorsqu&#8217;il a remport\u00e9 la premi\u00e8re place au concours annuel de po\u00e9sie avec son po\u00e8me intitul\u00e9 \u00ab Gaza en vers : Lutte pour la lumi\u00e8re \u00bb. Cette victoire a non seulement honor\u00e9 notre compatriote.....\" \/>\n<meta property=\"og:url\" content=\"https:\/\/lequotidien.mr\/?p=18000&amp;lang=fr\" \/>\n<meta property=\"og:site_name\" content=\"Le Quotidien de Nouakchott\" \/>\n<meta property=\"article:publisher\" content=\"https:\/\/web.facebook.com\/lequotidienmr\" \/>\n<meta property=\"article:published_time\" content=\"2024-05-06T12:05:45+00:00\" \/>\n<meta property=\"og:image\" content=\"https:\/\/lequotidien.mr\/wp-content\/uploads\/2024\/05\/gr-e171435679219-b.jpg\" \/>\n\t<meta property=\"og:image:width\" content=\"128\" \/>\n\t<meta property=\"og:image:height\" content=\"128\" \/>\n\t<meta property=\"og:image:type\" content=\"image\/jpeg\" \/>\n<meta name=\"author\" content=\"Le Quotidien\" \/>\n<meta name=\"twitter:card\" content=\"summary_large_image\" \/>\n<meta name=\"twitter:creator\" content=\"@lequotidienmr\" \/>\n<meta name=\"twitter:site\" content=\"@lequotidienmr\" \/>\n<meta name=\"twitter:label1\" content=\"\u0643\u064f\u062a\u0628 \u0628\u0648\u0627\u0633\u0637\u0629\" \/>\n\t<meta name=\"twitter:data1\" content=\"Le Quotidien\" \/>\n\t<meta name=\"twitter:label2\" content=\"\u0648\u0642\u062a \u0627\u0644\u0642\u0631\u0627\u0621\u0629 \u0627\u0644\u0645\u064f\u0642\u062f\u0651\u0631\" \/>\n\t<meta name=\"twitter:data2\" content=\"3 \u062f\u0642\u0627\u0626\u0642\" \/>\n<script type=\"application\/ld+json\" class=\"yoast-schema-graph\">{\"@context\":\"https:\\\/\\\/schema.org\",\"@graph\":[{\"@type\":\"Article\",\"@id\":\"https:\\\/\\\/lequotidien.mr\\\/?p=18000&lang=fr#article\",\"isPartOf\":{\"@id\":\"https:\\\/\\\/lequotidien.mr\\\/?p=18000&lang=fr\"},\"author\":{\"name\":\"Le Quotidien\",\"@id\":\"https:\\\/\\\/lequotidien.mr\\\/#\\\/schema\\\/person\\\/f90fcdaa970c60288de4ed2e64a56472\"},\"headline\":\"S\u00e9n\u00e9gal-UCAD : \u00abGaza en vers : Lutte pour la lumi\u00e8re \u00bb un mauritanien laur\u00e9at du concours po\u00e9sie 2024\",\"datePublished\":\"2024-05-06T12:05:45+00:00\",\"mainEntityOfPage\":{\"@id\":\"https:\\\/\\\/lequotidien.mr\\\/?p=18000&lang=fr\"},\"wordCount\":615,\"commentCount\":0,\"publisher\":{\"@id\":\"https:\\\/\\\/lequotidien.mr\\\/#organization\"},\"image\":{\"@id\":\"https:\\\/\\\/lequotidien.mr\\\/?p=18000&lang=fr#primaryimage\"},\"thumbnailUrl\":\"https:\\\/\\\/lequotidien.mr\\\/wp-content\\\/uploads\\\/2024\\\/05\\\/gr-e171435679219-b.jpg\",\"articleSection\":[\"ACTUALIT\u00c9\",\"Culture\"],\"inLanguage\":\"ar\",\"potentialAction\":[{\"@type\":\"CommentAction\",\"name\":\"Comment\",\"target\":[\"https:\\\/\\\/lequotidien.mr\\\/?p=18000&lang=fr#respond\"]}]},{\"@type\":\"WebPage\",\"@id\":\"https:\\\/\\\/lequotidien.mr\\\/?p=18000&lang=fr\",\"url\":\"https:\\\/\\\/lequotidien.mr\\\/?p=18000&lang=fr\",\"name\":\"S\u00e9n\u00e9gal-UCAD : \u00abGaza en vers : Lutte pour la lumi\u00e8re \u00bb un mauritanien laur\u00e9at du concours po\u00e9sie 2024 - Le Quotidien de Nouakchott\",\"isPartOf\":{\"@id\":\"https:\\\/\\\/lequotidien.mr\\\/#website\"},\"primaryImageOfPage\":{\"@id\":\"https:\\\/\\\/lequotidien.mr\\\/?p=18000&lang=fr#primaryimage\"},\"image\":{\"@id\":\"https:\\\/\\\/lequotidien.mr\\\/?p=18000&lang=fr#primaryimage\"},\"thumbnailUrl\":\"https:\\\/\\\/lequotidien.mr\\\/wp-content\\\/uploads\\\/2024\\\/05\\\/gr-e171435679219-b.jpg\",\"datePublished\":\"2024-05-06T12:05:45+00:00\",\"breadcrumb\":{\"@id\":\"https:\\\/\\\/lequotidien.mr\\\/?p=18000&lang=fr#breadcrumb\"},\"inLanguage\":\"ar\",\"potentialAction\":[{\"@type\":\"ReadAction\",\"target\":[\"https:\\\/\\\/lequotidien.mr\\\/?p=18000&lang=fr\"]}]},{\"@type\":\"ImageObject\",\"inLanguage\":\"ar\",\"@id\":\"https:\\\/\\\/lequotidien.mr\\\/?p=18000&lang=fr#primaryimage\",\"url\":\"https:\\\/\\\/lequotidien.mr\\\/wp-content\\\/uploads\\\/2024\\\/05\\\/gr-e171435679219-b.jpg\",\"contentUrl\":\"https:\\\/\\\/lequotidien.mr\\\/wp-content\\\/uploads\\\/2024\\\/05\\\/gr-e171435679219-b.jpg\",\"width\":128,\"height\":128},{\"@type\":\"BreadcrumbList\",\"@id\":\"https:\\\/\\\/lequotidien.mr\\\/?p=18000&lang=fr#breadcrumb\",\"itemListElement\":[{\"@type\":\"ListItem\",\"position\":1,\"name\":\"Home\",\"item\":\"https:\\\/\\\/lequotidien.mr\\\/\"},{\"@type\":\"ListItem\",\"position\":2,\"name\":\"S\u00e9n\u00e9gal-UCAD : \u00abGaza en vers : Lutte pour la lumi\u00e8re \u00bb un mauritanien laur\u00e9at du concours po\u00e9sie 2024\"}]},{\"@type\":\"WebSite\",\"@id\":\"https:\\\/\\\/lequotidien.mr\\\/#website\",\"url\":\"https:\\\/\\\/lequotidien.mr\\\/\",\"name\":\"Le Quotidien de Nouakchott\",\"description\":\"\u0625\u062e\u0628\u0627\u0631\u064a\u0629 \u0645\u0633\u062a\u0642\u0644\u0629 \u0644\u0644\u0623\u0646\u0628\u0627\u0621 \u0627\u0644\u0639\u0627\u0645\u0629\",\"publisher\":{\"@id\":\"https:\\\/\\\/lequotidien.mr\\\/#organization\"},\"potentialAction\":[{\"@type\":\"SearchAction\",\"target\":{\"@type\":\"EntryPoint\",\"urlTemplate\":\"https:\\\/\\\/lequotidien.mr\\\/?s={search_term_string}\"},\"query-input\":{\"@type\":\"PropertyValueSpecification\",\"valueRequired\":true,\"valueName\":\"search_term_string\"}}],\"inLanguage\":\"ar\"},{\"@type\":\"Organization\",\"@id\":\"https:\\\/\\\/lequotidien.mr\\\/#organization\",\"name\":\"Le Quotidien de Nouakchott\",\"url\":\"https:\\\/\\\/lequotidien.mr\\\/\",\"logo\":{\"@type\":\"ImageObject\",\"inLanguage\":\"ar\",\"@id\":\"https:\\\/\\\/lequotidien.mr\\\/#\\\/schema\\\/logo\\\/image\\\/\",\"url\":\"https:\\\/\\\/lequotidien.mr\\\/wp-content\\\/uploads\\\/2022\\\/11\\\/logolequotidien.jpg\",\"contentUrl\":\"https:\\\/\\\/lequotidien.mr\\\/wp-content\\\/uploads\\\/2022\\\/11\\\/logolequotidien.jpg\",\"width\":290,\"height\":65,\"caption\":\"Le Quotidien de Nouakchott\"},\"image\":{\"@id\":\"https:\\\/\\\/lequotidien.mr\\\/#\\\/schema\\\/logo\\\/image\\\/\"},\"sameAs\":[\"https:\\\/\\\/web.facebook.com\\\/lequotidienmr\",\"https:\\\/\\\/x.com\\\/lequotidienmr\"]},{\"@type\":\"Person\",\"@id\":\"https:\\\/\\\/lequotidien.mr\\\/#\\\/schema\\\/person\\\/f90fcdaa970c60288de4ed2e64a56472\",\"name\":\"Le Quotidien\",\"image\":{\"@type\":\"ImageObject\",\"inLanguage\":\"ar\",\"@id\":\"https:\\\/\\\/secure.gravatar.com\\\/avatar\\\/374cb39a1a458a912465a93e5a3ce6546886fc3da809a1f10c63e4e8fcbca30f?s=96&d=mm&r=g\",\"url\":\"https:\\\/\\\/secure.gravatar.com\\\/avatar\\\/374cb39a1a458a912465a93e5a3ce6546886fc3da809a1f10c63e4e8fcbca30f?s=96&d=mm&r=g\",\"contentUrl\":\"https:\\\/\\\/secure.gravatar.com\\\/avatar\\\/374cb39a1a458a912465a93e5a3ce6546886fc3da809a1f10c63e4e8fcbca30f?s=96&d=mm&r=g\",\"caption\":\"Le Quotidien\"},\"sameAs\":[\"https:\\\/\\\/lequotidien.mr\\\/\"],\"url\":\"https:\\\/\\\/lequotidien.mr\\\/?author=4\"}]}<\/script>\n<!-- \/ Yoast SEO plugin. -->","yoast_head_json":{"title":"S\u00e9n\u00e9gal-UCAD : \u00abGaza en vers : Lutte pour la lumi\u00e8re \u00bb un mauritanien laur\u00e9at du concours po\u00e9sie 2024 - Le Quotidien de Nouakchott","robots":{"index":"index","follow":"follow","max-snippet":"max-snippet:-1","max-image-preview":"max-image-preview:large","max-video-preview":"max-video-preview:-1"},"canonical":"https:\/\/lequotidien.mr\/?p=18000&lang=fr","og_locale":"ar_AR","og_type":"article","og_title":"S\u00e9n\u00e9gal-UCAD : \u00abGaza en vers : Lutte pour la lumi\u00e8re \u00bb un mauritanien laur\u00e9at du concours po\u00e9sie 2024 - Le Quotidien de Nouakchott","og_description":"Le talent po\u00e9tique de l&#8217;\u00e9tudiant mauritanien Dr. Sami Aref a brill\u00e9 de mille feux \u00e0 l&#8217;Universit\u00e9 Cheikh Anta Diop de Dakar (UCAD) lorsqu&#8217;il a remport\u00e9 la premi\u00e8re place au concours annuel de po\u00e9sie avec son po\u00e8me intitul\u00e9 \u00ab Gaza en vers : Lutte pour la lumi\u00e8re \u00bb. Cette victoire a non seulement honor\u00e9 notre compatriote.....","og_url":"https:\/\/lequotidien.mr\/?p=18000&lang=fr","og_site_name":"Le Quotidien de Nouakchott","article_publisher":"https:\/\/web.facebook.com\/lequotidienmr","article_published_time":"2024-05-06T12:05:45+00:00","og_image":[{"width":128,"height":128,"url":"https:\/\/lequotidien.mr\/wp-content\/uploads\/2024\/05\/gr-e171435679219-b.jpg","type":"image\/jpeg"}],"author":"Le Quotidien","twitter_card":"summary_large_image","twitter_creator":"@lequotidienmr","twitter_site":"@lequotidienmr","twitter_misc":{"\u0643\u064f\u062a\u0628 \u0628\u0648\u0627\u0633\u0637\u0629":"Le Quotidien","\u0648\u0642\u062a \u0627\u0644\u0642\u0631\u0627\u0621\u0629 \u0627\u0644\u0645\u064f\u0642\u062f\u0651\u0631":"3 \u062f\u0642\u0627\u0626\u0642"},"schema":{"@context":"https:\/\/schema.org","@graph":[{"@type":"Article","@id":"https:\/\/lequotidien.mr\/?p=18000&lang=fr#article","isPartOf":{"@id":"https:\/\/lequotidien.mr\/?p=18000&lang=fr"},"author":{"name":"Le Quotidien","@id":"https:\/\/lequotidien.mr\/#\/schema\/person\/f90fcdaa970c60288de4ed2e64a56472"},"headline":"S\u00e9n\u00e9gal-UCAD : \u00abGaza en vers : Lutte pour la lumi\u00e8re \u00bb un mauritanien laur\u00e9at du concours po\u00e9sie 2024","datePublished":"2024-05-06T12:05:45+00:00","mainEntityOfPage":{"@id":"https:\/\/lequotidien.mr\/?p=18000&lang=fr"},"wordCount":615,"commentCount":0,"publisher":{"@id":"https:\/\/lequotidien.mr\/#organization"},"image":{"@id":"https:\/\/lequotidien.mr\/?p=18000&lang=fr#primaryimage"},"thumbnailUrl":"https:\/\/lequotidien.mr\/wp-content\/uploads\/2024\/05\/gr-e171435679219-b.jpg","articleSection":["ACTUALIT\u00c9","Culture"],"inLanguage":"ar","potentialAction":[{"@type":"CommentAction","name":"Comment","target":["https:\/\/lequotidien.mr\/?p=18000&lang=fr#respond"]}]},{"@type":"WebPage","@id":"https:\/\/lequotidien.mr\/?p=18000&lang=fr","url":"https:\/\/lequotidien.mr\/?p=18000&lang=fr","name":"S\u00e9n\u00e9gal-UCAD : \u00abGaza en vers : Lutte pour la lumi\u00e8re \u00bb un mauritanien laur\u00e9at du concours po\u00e9sie 2024 - Le Quotidien de Nouakchott","isPartOf":{"@id":"https:\/\/lequotidien.mr\/#website"},"primaryImageOfPage":{"@id":"https:\/\/lequotidien.mr\/?p=18000&lang=fr#primaryimage"},"image":{"@id":"https:\/\/lequotidien.mr\/?p=18000&lang=fr#primaryimage"},"thumbnailUrl":"https:\/\/lequotidien.mr\/wp-content\/uploads\/2024\/05\/gr-e171435679219-b.jpg","datePublished":"2024-05-06T12:05:45+00:00","breadcrumb":{"@id":"https:\/\/lequotidien.mr\/?p=18000&lang=fr#breadcrumb"},"inLanguage":"ar","potentialAction":[{"@type":"ReadAction","target":["https:\/\/lequotidien.mr\/?p=18000&lang=fr"]}]},{"@type":"ImageObject","inLanguage":"ar","@id":"https:\/\/lequotidien.mr\/?p=18000&lang=fr#primaryimage","url":"https:\/\/lequotidien.mr\/wp-content\/uploads\/2024\/05\/gr-e171435679219-b.jpg","contentUrl":"https:\/\/lequotidien.mr\/wp-content\/uploads\/2024\/05\/gr-e171435679219-b.jpg","width":128,"height":128},{"@type":"BreadcrumbList","@id":"https:\/\/lequotidien.mr\/?p=18000&lang=fr#breadcrumb","itemListElement":[{"@type":"ListItem","position":1,"name":"Home","item":"https:\/\/lequotidien.mr\/"},{"@type":"ListItem","position":2,"name":"S\u00e9n\u00e9gal-UCAD : \u00abGaza en vers : Lutte pour la lumi\u00e8re \u00bb un mauritanien laur\u00e9at du concours po\u00e9sie 2024"}]},{"@type":"WebSite","@id":"https:\/\/lequotidien.mr\/#website","url":"https:\/\/lequotidien.mr\/","name":"Le Quotidien de Nouakchott","description":"\u0625\u062e\u0628\u0627\u0631\u064a\u0629 \u0645\u0633\u062a\u0642\u0644\u0629 \u0644\u0644\u0623\u0646\u0628\u0627\u0621 \u0627\u0644\u0639\u0627\u0645\u0629","publisher":{"@id":"https:\/\/lequotidien.mr\/#organization"},"potentialAction":[{"@type":"SearchAction","target":{"@type":"EntryPoint","urlTemplate":"https:\/\/lequotidien.mr\/?s={search_term_string}"},"query-input":{"@type":"PropertyValueSpecification","valueRequired":true,"valueName":"search_term_string"}}],"inLanguage":"ar"},{"@type":"Organization","@id":"https:\/\/lequotidien.mr\/#organization","name":"Le Quotidien de Nouakchott","url":"https:\/\/lequotidien.mr\/","logo":{"@type":"ImageObject","inLanguage":"ar","@id":"https:\/\/lequotidien.mr\/#\/schema\/logo\/image\/","url":"https:\/\/lequotidien.mr\/wp-content\/uploads\/2022\/11\/logolequotidien.jpg","contentUrl":"https:\/\/lequotidien.mr\/wp-content\/uploads\/2022\/11\/logolequotidien.jpg","width":290,"height":65,"caption":"Le Quotidien de Nouakchott"},"image":{"@id":"https:\/\/lequotidien.mr\/#\/schema\/logo\/image\/"},"sameAs":["https:\/\/web.facebook.com\/lequotidienmr","https:\/\/x.com\/lequotidienmr"]},{"@type":"Person","@id":"https:\/\/lequotidien.mr\/#\/schema\/person\/f90fcdaa970c60288de4ed2e64a56472","name":"Le Quotidien","image":{"@type":"ImageObject","inLanguage":"ar","@id":"https:\/\/secure.gravatar.com\/avatar\/374cb39a1a458a912465a93e5a3ce6546886fc3da809a1f10c63e4e8fcbca30f?s=96&d=mm&r=g","url":"https:\/\/secure.gravatar.com\/avatar\/374cb39a1a458a912465a93e5a3ce6546886fc3da809a1f10c63e4e8fcbca30f?s=96&d=mm&r=g","contentUrl":"https:\/\/secure.gravatar.com\/avatar\/374cb39a1a458a912465a93e5a3ce6546886fc3da809a1f10c63e4e8fcbca30f?s=96&d=mm&r=g","caption":"Le Quotidien"},"sameAs":["https:\/\/lequotidien.mr\/"],"url":"https:\/\/lequotidien.mr\/?author=4"}]}},"_links":{"self":[{"href":"https:\/\/lequotidien.mr\/index.php?rest_route=\/wp\/v2\/posts\/18000","targetHints":{"allow":["GET"]}}],"collection":[{"href":"https:\/\/lequotidien.mr\/index.php?rest_route=\/wp\/v2\/posts"}],"about":[{"href":"https:\/\/lequotidien.mr\/index.php?rest_route=\/wp\/v2\/types\/post"}],"author":[{"embeddable":true,"href":"https:\/\/lequotidien.mr\/index.php?rest_route=\/wp\/v2\/users\/4"}],"replies":[{"embeddable":true,"href":"https:\/\/lequotidien.mr\/index.php?rest_route=%2Fwp%2Fv2%2Fcomments&post=18000"}],"version-history":[{"count":1,"href":"https:\/\/lequotidien.mr\/index.php?rest_route=\/wp\/v2\/posts\/18000\/revisions"}],"predecessor-version":[{"id":18002,"href":"https:\/\/lequotidien.mr\/index.php?rest_route=\/wp\/v2\/posts\/18000\/revisions\/18002"}],"wp:featuredmedia":[{"embeddable":true,"href":"https:\/\/lequotidien.mr\/index.php?rest_route=\/wp\/v2\/media\/18001"}],"wp:attachment":[{"href":"https:\/\/lequotidien.mr\/index.php?rest_route=%2Fwp%2Fv2%2Fmedia&parent=18000"}],"wp:term":[{"taxonomy":"category","embeddable":true,"href":"https:\/\/lequotidien.mr\/index.php?rest_route=%2Fwp%2Fv2%2Fcategories&post=18000"},{"taxonomy":"post_tag","embeddable":true,"href":"https:\/\/lequotidien.mr\/index.php?rest_route=%2Fwp%2Fv2%2Ftags&post=18000"}],"curies":[{"name":"wp","href":"https:\/\/api.w.org\/{rel}","templated":true}]}}