{"id":17996,"date":"2024-05-06T11:54:32","date_gmt":"2024-05-06T11:54:32","guid":{"rendered":"https:\/\/lequotidien.mr\/?p=17996"},"modified":"2024-05-06T11:54:32","modified_gmt":"2024-05-06T11:54:32","slug":"23e-ag-de-la-ffrim-limitation-des-mandats-du-president-creation-dun-tribunal-du-sport","status":"publish","type":"post","link":"https:\/\/lequotidien.mr\/?p=17996&lang=fr","title":{"rendered":"23\u00e8 AG de la FFRIM : Limitation des mandats du pr\u00e9sident, cr\u00e9ation d\u2019un tribunal du sport"},"content":{"rendered":"<h1 style=\"text-align: justify; background: white; margin: 5.0pt 16.5pt 7.5pt 16.5pt;\"><span style=\"font-size: 12.0pt; font-weight: normal;\">La F\u00e9d\u00e9ration de Football Mauritanienne (FFRIM) a r\u00e9cemment franchi un pas d\u00e9cisif dans l&#8217;\u00e9volution de sa gouvernance et de sa r\u00e9gulation. Lors de sa 23\u00e8me Assembl\u00e9e G\u00e9n\u00e9rale, qui s&#8217;est d\u00e9roul\u00e9e le dimanche 5 mai 2024, d&#8217;importantes r\u00e9formes statutaires ont \u00e9t\u00e9 adopt\u00e9es, marquant ainsi un engagement fort en faveur de la modernisation et de l&#8217;harmonisation des pratiques administratives et juridiques du football national, conform\u00e9ment aux recommandations de la FIFA.<\/span><\/h1>\n<h1 style=\"text-align: justify; background: white; margin: 5.0pt 16.5pt 7.5pt 16.5pt;\"><span style=\"font-size: 12.0pt; font-weight: normal;\">\u00a0<\/span><span style=\"font-size: 12.0pt; font-weight: normal;\">L&#8217;une des mesures phares de ces ajustements statutaires est la limitation du nombre de mandats pr\u00e9sidentiels et autres fonctions cl\u00e9s. D\u00e9sormais, le pr\u00e9sident de la F\u00e9d\u00e9ration, les membres du Conseil f\u00e9d\u00e9ral ainsi que les dirigeants des conseils des Ligues r\u00e9gionales seront restreints \u00e0 trois mandats, ce qui garantit une rotation et une diversit\u00e9 accrues dans la gouvernance, tout en insufflant un renouveau d\u00e9mocratique au sein de la FFRIM.<\/span><\/h1>\n<h1 style=\"text-align: justify; background: white; margin: 5.0pt 16.5pt 7.5pt 16.5pt;\"><span style=\"font-size: 12.0pt; font-weight: normal;\">\u00a0<\/span><span style=\"font-size: 12.0pt; font-weight: normal;\">Mais les r\u00e9formes ne se limitent pas \u00e0 la gouvernance. Le Comit\u00e9 ex\u00e9cutif de la FFRIM devient d\u00e9sormais le \u201cConseil f\u00e9d\u00e9ral\u201d, \u00e9largissant ainsi sa composition \u00e0 21 membres, avec une repr\u00e9sentation f\u00e9minine minimale de deux membres. Cette \u00e9volution t\u00e9moigne de l&#8217;engagement de la FFRIM envers la diversit\u00e9 et l&#8217;inclusion, des valeurs essentielles pour le d\u00e9veloppement du football mauritanien.<\/span><\/h1>\n<h1 style=\"text-align: justify; background: white; margin: 5.0pt 16.5pt 7.5pt 16.5pt;\"><span style=\"font-size: 12.0pt; font-weight: normal;\">\u00a0<\/span><span style=\"font-size: 12.0pt; font-weight: normal;\">En plus de ces changements structurels, l&#8217;Assembl\u00e9e G\u00e9n\u00e9rale de la FFRIM a \u00e9t\u00e9 rebaptis\u00e9e en \u201cCongr\u00e8s de la FFRIM\u201d, marquant ainsi une nouvelle \u00e8re dans l&#8217;organisation et l&#8217;image de la F\u00e9d\u00e9ration. Ahmed Yahya, pr\u00e9sident de la FFRIM, a soulign\u00e9 l&#8217;importance cruciale de ces r\u00e9formes, affirmant qu&#8217;elles constituent un cadre propice \u00e0 l&#8217;am\u00e9lioration continue du football mauritanien, tant sur le plan juridique et administratif que structurel.<\/span><\/h1>\n<h1 style=\"text-align: justify; background: white; margin: 5.0pt 16.5pt 7.5pt 16.5pt;\"><span style=\"font-size: 12.0pt; font-weight: normal;\">\u00a0<\/span><span style=\"font-size: 12.0pt; font-weight: normal;\">En conclusion, la FFRIM a franchi un cap important dans son \u00e9volution en adoptant ces r\u00e9formes statutaires. Ces changements t\u00e9moignent de la volont\u00e9 de la F\u00e9d\u00e9ration de se conformer aux meilleures pratiques internationales, tout en garantissant une gouvernance plus transparente, inclusive et d\u00e9mocratique pour le football mauritanien.<\/span><\/h1>\n<h1 style=\"text-align: justify; background: white; margin: 0cm 16.5pt 7.5pt 16.5pt;\"><span style=\"font-size: 12.0pt; font-weight: normal;\">\u00a0<\/span><\/h1>\n","protected":false},"excerpt":{"rendered":"<p>La F\u00e9d\u00e9ration de Football Mauritanienne (FFRIM) a r\u00e9cemment franchi un pas d\u00e9cisif dans l&#8217;\u00e9volution de sa gouvernance et de sa r\u00e9gulation. Lors de sa 23\u00e8me Assembl\u00e9e G\u00e9n\u00e9rale, qui s&#8217;est d\u00e9roul\u00e9e le dimanche 5 mai 2024, d&#8217;importantes r\u00e9formes statutaires ont \u00e9t\u00e9 adopt\u00e9es, marquant ainsi un engagement fort en faveur de la modernisation et de l&#8217;harmonisation des&#8230;..<\/p>\n","protected":false},"author":4,"featured_media":17997,"comment_status":"open","ping_status":"open","sticky":false,"template":"","format":"standard","meta":{"footnotes":""},"categories":[23,51,57],"tags":[],"class_list":["post-17996","post","type-post","status-publish","format-standard","has-post-thumbnail","hentry","category-actualite","category-sport","category-couverture-specilale"],"yoast_head":"<!-- This site is optimized with the Yoast SEO plugin v27.5 - https:\/\/yoast.com\/product\/yoast-seo-wordpress\/ -->\n<title>23\u00e8 AG de la FFRIM : Limitation des mandats du pr\u00e9sident, cr\u00e9ation d\u2019un tribunal du sport - Le Quotidien de Nouakchott<\/title>\n<meta name=\"robots\" content=\"index, follow, max-snippet:-1, max-image-preview:large, max-video-preview:-1\" \/>\n<link rel=\"canonical\" href=\"https:\/\/lequotidien.mr\/?p=17996&lang=fr\" \/>\n<meta property=\"og:locale\" content=\"ar_AR\" \/>\n<meta property=\"og:type\" content=\"article\" \/>\n<meta property=\"og:title\" content=\"23\u00e8 AG de la FFRIM : Limitation des mandats du pr\u00e9sident, cr\u00e9ation d\u2019un tribunal du sport - Le Quotidien de Nouakchott\" \/>\n<meta property=\"og:description\" content=\"La F\u00e9d\u00e9ration de Football Mauritanienne (FFRIM) a r\u00e9cemment franchi un pas d\u00e9cisif dans l&#8217;\u00e9volution de sa gouvernance et de sa r\u00e9gulation. Lors de sa 23\u00e8me Assembl\u00e9e G\u00e9n\u00e9rale, qui s&#8217;est d\u00e9roul\u00e9e le dimanche 5 mai 2024, d&#8217;importantes r\u00e9formes statutaires ont \u00e9t\u00e9 adopt\u00e9es, marquant ainsi un engagement fort en faveur de la modernisation et de l&#8217;harmonisation des.....\" \/>\n<meta property=\"og:url\" content=\"https:\/\/lequotidien.mr\/?p=17996&amp;lang=fr\" \/>\n<meta property=\"og:site_name\" content=\"Le Quotidien de Nouakchott\" \/>\n<meta property=\"article:publisher\" content=\"https:\/\/web.facebook.com\/lequotidienmr\" \/>\n<meta property=\"article:published_time\" content=\"2024-05-06T11:54:32+00:00\" \/>\n<meta property=\"og:image\" content=\"https:\/\/lequotidien.mr\/wp-content\/uploads\/2024\/05\/ffrim.jpeg\" \/>\n\t<meta property=\"og:image:width\" content=\"275\" \/>\n\t<meta property=\"og:image:height\" content=\"183\" \/>\n\t<meta property=\"og:image:type\" content=\"image\/jpeg\" \/>\n<meta name=\"author\" content=\"Le Quotidien\" \/>\n<meta name=\"twitter:card\" content=\"summary_large_image\" \/>\n<meta name=\"twitter:creator\" content=\"@lequotidienmr\" \/>\n<meta name=\"twitter:site\" content=\"@lequotidienmr\" \/>\n<meta name=\"twitter:label1\" content=\"\u0643\u064f\u062a\u0628 \u0628\u0648\u0627\u0633\u0637\u0629\" \/>\n\t<meta name=\"twitter:data1\" content=\"Le Quotidien\" \/>\n\t<meta name=\"twitter:label2\" content=\"\u0648\u0642\u062a \u0627\u0644\u0642\u0631\u0627\u0621\u0629 \u0627\u0644\u0645\u064f\u0642\u062f\u0651\u0631\" \/>\n\t<meta name=\"twitter:data2\" content=\"\u062f\u0642\u064a\u0642\u062a\u0627\u0646\" \/>\n<script type=\"application\/ld+json\" class=\"yoast-schema-graph\">{\"@context\":\"https:\\\/\\\/schema.org\",\"@graph\":[{\"@type\":\"Article\",\"@id\":\"https:\\\/\\\/lequotidien.mr\\\/?p=17996&lang=fr#article\",\"isPartOf\":{\"@id\":\"https:\\\/\\\/lequotidien.mr\\\/?p=17996&lang=fr\"},\"author\":{\"name\":\"Le Quotidien\",\"@id\":\"https:\\\/\\\/lequotidien.mr\\\/#\\\/schema\\\/person\\\/f90fcdaa970c60288de4ed2e64a56472\"},\"headline\":\"23\u00e8 AG de la FFRIM : Limitation des mandats du pr\u00e9sident, cr\u00e9ation d\u2019un tribunal du sport\",\"datePublished\":\"2024-05-06T11:54:32+00:00\",\"mainEntityOfPage\":{\"@id\":\"https:\\\/\\\/lequotidien.mr\\\/?p=17996&lang=fr\"},\"wordCount\":376,\"commentCount\":0,\"publisher\":{\"@id\":\"https:\\\/\\\/lequotidien.mr\\\/#organization\"},\"image\":{\"@id\":\"https:\\\/\\\/lequotidien.mr\\\/?p=17996&lang=fr#primaryimage\"},\"thumbnailUrl\":\"https:\\\/\\\/lequotidien.mr\\\/wp-content\\\/uploads\\\/2024\\\/05\\\/ffrim.jpeg\",\"articleSection\":[\"ACTUALIT\u00c9\",\"SPORT\",\"Couverture sp\u00e9cilale\"],\"inLanguage\":\"ar\",\"potentialAction\":[{\"@type\":\"CommentAction\",\"name\":\"Comment\",\"target\":[\"https:\\\/\\\/lequotidien.mr\\\/?p=17996&lang=fr#respond\"]}]},{\"@type\":\"WebPage\",\"@id\":\"https:\\\/\\\/lequotidien.mr\\\/?p=17996&lang=fr\",\"url\":\"https:\\\/\\\/lequotidien.mr\\\/?p=17996&lang=fr\",\"name\":\"23\u00e8 AG de la FFRIM : Limitation des mandats du pr\u00e9sident, cr\u00e9ation d\u2019un tribunal du sport - Le Quotidien de Nouakchott\",\"isPartOf\":{\"@id\":\"https:\\\/\\\/lequotidien.mr\\\/#website\"},\"primaryImageOfPage\":{\"@id\":\"https:\\\/\\\/lequotidien.mr\\\/?p=17996&lang=fr#primaryimage\"},\"image\":{\"@id\":\"https:\\\/\\\/lequotidien.mr\\\/?p=17996&lang=fr#primaryimage\"},\"thumbnailUrl\":\"https:\\\/\\\/lequotidien.mr\\\/wp-content\\\/uploads\\\/2024\\\/05\\\/ffrim.jpeg\",\"datePublished\":\"2024-05-06T11:54:32+00:00\",\"breadcrumb\":{\"@id\":\"https:\\\/\\\/lequotidien.mr\\\/?p=17996&lang=fr#breadcrumb\"},\"inLanguage\":\"ar\",\"potentialAction\":[{\"@type\":\"ReadAction\",\"target\":[\"https:\\\/\\\/lequotidien.mr\\\/?p=17996&lang=fr\"]}]},{\"@type\":\"ImageObject\",\"inLanguage\":\"ar\",\"@id\":\"https:\\\/\\\/lequotidien.mr\\\/?p=17996&lang=fr#primaryimage\",\"url\":\"https:\\\/\\\/lequotidien.mr\\\/wp-content\\\/uploads\\\/2024\\\/05\\\/ffrim.jpeg\",\"contentUrl\":\"https:\\\/\\\/lequotidien.mr\\\/wp-content\\\/uploads\\\/2024\\\/05\\\/ffrim.jpeg\",\"width\":275,\"height\":183},{\"@type\":\"BreadcrumbList\",\"@id\":\"https:\\\/\\\/lequotidien.mr\\\/?p=17996&lang=fr#breadcrumb\",\"itemListElement\":[{\"@type\":\"ListItem\",\"position\":1,\"name\":\"Home\",\"item\":\"https:\\\/\\\/lequotidien.mr\\\/\"},{\"@type\":\"ListItem\",\"position\":2,\"name\":\"23\u00e8 AG de la FFRIM : Limitation des mandats du pr\u00e9sident, cr\u00e9ation d\u2019un tribunal du sport\"}]},{\"@type\":\"WebSite\",\"@id\":\"https:\\\/\\\/lequotidien.mr\\\/#website\",\"url\":\"https:\\\/\\\/lequotidien.mr\\\/\",\"name\":\"Le Quotidien de Nouakchott\",\"description\":\"\u0625\u062e\u0628\u0627\u0631\u064a\u0629 \u0645\u0633\u062a\u0642\u0644\u0629 \u0644\u0644\u0623\u0646\u0628\u0627\u0621 \u0627\u0644\u0639\u0627\u0645\u0629\",\"publisher\":{\"@id\":\"https:\\\/\\\/lequotidien.mr\\\/#organization\"},\"potentialAction\":[{\"@type\":\"SearchAction\",\"target\":{\"@type\":\"EntryPoint\",\"urlTemplate\":\"https:\\\/\\\/lequotidien.mr\\\/?s={search_term_string}\"},\"query-input\":{\"@type\":\"PropertyValueSpecification\",\"valueRequired\":true,\"valueName\":\"search_term_string\"}}],\"inLanguage\":\"ar\"},{\"@type\":\"Organization\",\"@id\":\"https:\\\/\\\/lequotidien.mr\\\/#organization\",\"name\":\"Le Quotidien de Nouakchott\",\"url\":\"https:\\\/\\\/lequotidien.mr\\\/\",\"logo\":{\"@type\":\"ImageObject\",\"inLanguage\":\"ar\",\"@id\":\"https:\\\/\\\/lequotidien.mr\\\/#\\\/schema\\\/logo\\\/image\\\/\",\"url\":\"https:\\\/\\\/lequotidien.mr\\\/wp-content\\\/uploads\\\/2022\\\/11\\\/logolequotidien.jpg\",\"contentUrl\":\"https:\\\/\\\/lequotidien.mr\\\/wp-content\\\/uploads\\\/2022\\\/11\\\/logolequotidien.jpg\",\"width\":290,\"height\":65,\"caption\":\"Le Quotidien de Nouakchott\"},\"image\":{\"@id\":\"https:\\\/\\\/lequotidien.mr\\\/#\\\/schema\\\/logo\\\/image\\\/\"},\"sameAs\":[\"https:\\\/\\\/web.facebook.com\\\/lequotidienmr\",\"https:\\\/\\\/x.com\\\/lequotidienmr\"]},{\"@type\":\"Person\",\"@id\":\"https:\\\/\\\/lequotidien.mr\\\/#\\\/schema\\\/person\\\/f90fcdaa970c60288de4ed2e64a56472\",\"name\":\"Le Quotidien\",\"image\":{\"@type\":\"ImageObject\",\"inLanguage\":\"ar\",\"@id\":\"https:\\\/\\\/secure.gravatar.com\\\/avatar\\\/374cb39a1a458a912465a93e5a3ce6546886fc3da809a1f10c63e4e8fcbca30f?s=96&d=mm&r=g\",\"url\":\"https:\\\/\\\/secure.gravatar.com\\\/avatar\\\/374cb39a1a458a912465a93e5a3ce6546886fc3da809a1f10c63e4e8fcbca30f?s=96&d=mm&r=g\",\"contentUrl\":\"https:\\\/\\\/secure.gravatar.com\\\/avatar\\\/374cb39a1a458a912465a93e5a3ce6546886fc3da809a1f10c63e4e8fcbca30f?s=96&d=mm&r=g\",\"caption\":\"Le Quotidien\"},\"sameAs\":[\"https:\\\/\\\/lequotidien.mr\\\/\"],\"url\":\"https:\\\/\\\/lequotidien.mr\\\/?author=4\"}]}<\/script>\n<!-- \/ Yoast SEO plugin. -->","yoast_head_json":{"title":"23\u00e8 AG de la FFRIM : Limitation des mandats du pr\u00e9sident, cr\u00e9ation d\u2019un tribunal du sport - Le Quotidien de Nouakchott","robots":{"index":"index","follow":"follow","max-snippet":"max-snippet:-1","max-image-preview":"max-image-preview:large","max-video-preview":"max-video-preview:-1"},"canonical":"https:\/\/lequotidien.mr\/?p=17996&lang=fr","og_locale":"ar_AR","og_type":"article","og_title":"23\u00e8 AG de la FFRIM : Limitation des mandats du pr\u00e9sident, cr\u00e9ation d\u2019un tribunal du sport - Le Quotidien de Nouakchott","og_description":"La F\u00e9d\u00e9ration de Football Mauritanienne (FFRIM) a r\u00e9cemment franchi un pas d\u00e9cisif dans l&#8217;\u00e9volution de sa gouvernance et de sa r\u00e9gulation. Lors de sa 23\u00e8me Assembl\u00e9e G\u00e9n\u00e9rale, qui s&#8217;est d\u00e9roul\u00e9e le dimanche 5 mai 2024, d&#8217;importantes r\u00e9formes statutaires ont \u00e9t\u00e9 adopt\u00e9es, marquant ainsi un engagement fort en faveur de la modernisation et de l&#8217;harmonisation des.....","og_url":"https:\/\/lequotidien.mr\/?p=17996&lang=fr","og_site_name":"Le Quotidien de Nouakchott","article_publisher":"https:\/\/web.facebook.com\/lequotidienmr","article_published_time":"2024-05-06T11:54:32+00:00","og_image":[{"width":275,"height":183,"url":"https:\/\/lequotidien.mr\/wp-content\/uploads\/2024\/05\/ffrim.jpeg","type":"image\/jpeg"}],"author":"Le Quotidien","twitter_card":"summary_large_image","twitter_creator":"@lequotidienmr","twitter_site":"@lequotidienmr","twitter_misc":{"\u0643\u064f\u062a\u0628 \u0628\u0648\u0627\u0633\u0637\u0629":"Le Quotidien","\u0648\u0642\u062a \u0627\u0644\u0642\u0631\u0627\u0621\u0629 \u0627\u0644\u0645\u064f\u0642\u062f\u0651\u0631":"\u062f\u0642\u064a\u0642\u062a\u0627\u0646"},"schema":{"@context":"https:\/\/schema.org","@graph":[{"@type":"Article","@id":"https:\/\/lequotidien.mr\/?p=17996&lang=fr#article","isPartOf":{"@id":"https:\/\/lequotidien.mr\/?p=17996&lang=fr"},"author":{"name":"Le Quotidien","@id":"https:\/\/lequotidien.mr\/#\/schema\/person\/f90fcdaa970c60288de4ed2e64a56472"},"headline":"23\u00e8 AG de la FFRIM : Limitation des mandats du pr\u00e9sident, cr\u00e9ation d\u2019un tribunal du sport","datePublished":"2024-05-06T11:54:32+00:00","mainEntityOfPage":{"@id":"https:\/\/lequotidien.mr\/?p=17996&lang=fr"},"wordCount":376,"commentCount":0,"publisher":{"@id":"https:\/\/lequotidien.mr\/#organization"},"image":{"@id":"https:\/\/lequotidien.mr\/?p=17996&lang=fr#primaryimage"},"thumbnailUrl":"https:\/\/lequotidien.mr\/wp-content\/uploads\/2024\/05\/ffrim.jpeg","articleSection":["ACTUALIT\u00c9","SPORT","Couverture sp\u00e9cilale"],"inLanguage":"ar","potentialAction":[{"@type":"CommentAction","name":"Comment","target":["https:\/\/lequotidien.mr\/?p=17996&lang=fr#respond"]}]},{"@type":"WebPage","@id":"https:\/\/lequotidien.mr\/?p=17996&lang=fr","url":"https:\/\/lequotidien.mr\/?p=17996&lang=fr","name":"23\u00e8 AG de la FFRIM : Limitation des mandats du pr\u00e9sident, cr\u00e9ation d\u2019un tribunal du sport - Le Quotidien de Nouakchott","isPartOf":{"@id":"https:\/\/lequotidien.mr\/#website"},"primaryImageOfPage":{"@id":"https:\/\/lequotidien.mr\/?p=17996&lang=fr#primaryimage"},"image":{"@id":"https:\/\/lequotidien.mr\/?p=17996&lang=fr#primaryimage"},"thumbnailUrl":"https:\/\/lequotidien.mr\/wp-content\/uploads\/2024\/05\/ffrim.jpeg","datePublished":"2024-05-06T11:54:32+00:00","breadcrumb":{"@id":"https:\/\/lequotidien.mr\/?p=17996&lang=fr#breadcrumb"},"inLanguage":"ar","potentialAction":[{"@type":"ReadAction","target":["https:\/\/lequotidien.mr\/?p=17996&lang=fr"]}]},{"@type":"ImageObject","inLanguage":"ar","@id":"https:\/\/lequotidien.mr\/?p=17996&lang=fr#primaryimage","url":"https:\/\/lequotidien.mr\/wp-content\/uploads\/2024\/05\/ffrim.jpeg","contentUrl":"https:\/\/lequotidien.mr\/wp-content\/uploads\/2024\/05\/ffrim.jpeg","width":275,"height":183},{"@type":"BreadcrumbList","@id":"https:\/\/lequotidien.mr\/?p=17996&lang=fr#breadcrumb","itemListElement":[{"@type":"ListItem","position":1,"name":"Home","item":"https:\/\/lequotidien.mr\/"},{"@type":"ListItem","position":2,"name":"23\u00e8 AG de la FFRIM : Limitation des mandats du pr\u00e9sident, cr\u00e9ation d\u2019un tribunal du sport"}]},{"@type":"WebSite","@id":"https:\/\/lequotidien.mr\/#website","url":"https:\/\/lequotidien.mr\/","name":"Le Quotidien de Nouakchott","description":"\u0625\u062e\u0628\u0627\u0631\u064a\u0629 \u0645\u0633\u062a\u0642\u0644\u0629 \u0644\u0644\u0623\u0646\u0628\u0627\u0621 \u0627\u0644\u0639\u0627\u0645\u0629","publisher":{"@id":"https:\/\/lequotidien.mr\/#organization"},"potentialAction":[{"@type":"SearchAction","target":{"@type":"EntryPoint","urlTemplate":"https:\/\/lequotidien.mr\/?s={search_term_string}"},"query-input":{"@type":"PropertyValueSpecification","valueRequired":true,"valueName":"search_term_string"}}],"inLanguage":"ar"},{"@type":"Organization","@id":"https:\/\/lequotidien.mr\/#organization","name":"Le Quotidien de Nouakchott","url":"https:\/\/lequotidien.mr\/","logo":{"@type":"ImageObject","inLanguage":"ar","@id":"https:\/\/lequotidien.mr\/#\/schema\/logo\/image\/","url":"https:\/\/lequotidien.mr\/wp-content\/uploads\/2022\/11\/logolequotidien.jpg","contentUrl":"https:\/\/lequotidien.mr\/wp-content\/uploads\/2022\/11\/logolequotidien.jpg","width":290,"height":65,"caption":"Le Quotidien de Nouakchott"},"image":{"@id":"https:\/\/lequotidien.mr\/#\/schema\/logo\/image\/"},"sameAs":["https:\/\/web.facebook.com\/lequotidienmr","https:\/\/x.com\/lequotidienmr"]},{"@type":"Person","@id":"https:\/\/lequotidien.mr\/#\/schema\/person\/f90fcdaa970c60288de4ed2e64a56472","name":"Le Quotidien","image":{"@type":"ImageObject","inLanguage":"ar","@id":"https:\/\/secure.gravatar.com\/avatar\/374cb39a1a458a912465a93e5a3ce6546886fc3da809a1f10c63e4e8fcbca30f?s=96&d=mm&r=g","url":"https:\/\/secure.gravatar.com\/avatar\/374cb39a1a458a912465a93e5a3ce6546886fc3da809a1f10c63e4e8fcbca30f?s=96&d=mm&r=g","contentUrl":"https:\/\/secure.gravatar.com\/avatar\/374cb39a1a458a912465a93e5a3ce6546886fc3da809a1f10c63e4e8fcbca30f?s=96&d=mm&r=g","caption":"Le Quotidien"},"sameAs":["https:\/\/lequotidien.mr\/"],"url":"https:\/\/lequotidien.mr\/?author=4"}]}},"_links":{"self":[{"href":"https:\/\/lequotidien.mr\/index.php?rest_route=\/wp\/v2\/posts\/17996","targetHints":{"allow":["GET"]}}],"collection":[{"href":"https:\/\/lequotidien.mr\/index.php?rest_route=\/wp\/v2\/posts"}],"about":[{"href":"https:\/\/lequotidien.mr\/index.php?rest_route=\/wp\/v2\/types\/post"}],"author":[{"embeddable":true,"href":"https:\/\/lequotidien.mr\/index.php?rest_route=\/wp\/v2\/users\/4"}],"replies":[{"embeddable":true,"href":"https:\/\/lequotidien.mr\/index.php?rest_route=%2Fwp%2Fv2%2Fcomments&post=17996"}],"version-history":[{"count":1,"href":"https:\/\/lequotidien.mr\/index.php?rest_route=\/wp\/v2\/posts\/17996\/revisions"}],"predecessor-version":[{"id":17998,"href":"https:\/\/lequotidien.mr\/index.php?rest_route=\/wp\/v2\/posts\/17996\/revisions\/17998"}],"wp:featuredmedia":[{"embeddable":true,"href":"https:\/\/lequotidien.mr\/index.php?rest_route=\/wp\/v2\/media\/17997"}],"wp:attachment":[{"href":"https:\/\/lequotidien.mr\/index.php?rest_route=%2Fwp%2Fv2%2Fmedia&parent=17996"}],"wp:term":[{"taxonomy":"category","embeddable":true,"href":"https:\/\/lequotidien.mr\/index.php?rest_route=%2Fwp%2Fv2%2Fcategories&post=17996"},{"taxonomy":"post_tag","embeddable":true,"href":"https:\/\/lequotidien.mr\/index.php?rest_route=%2Fwp%2Fv2%2Ftags&post=17996"}],"curies":[{"name":"wp","href":"https:\/\/api.w.org\/{rel}","templated":true}]}}