{"id":17984,"date":"2024-05-05T12:09:20","date_gmt":"2024-05-05T12:09:20","guid":{"rendered":"https:\/\/lequotidien.mr\/?p=17984"},"modified":"2024-05-05T12:12:18","modified_gmt":"2024-05-05T12:12:18","slug":"sommet-de-loci-a-banjul-mohamed-cheikh-el-ghazouani-appelle-a-une-integration-economique","status":"publish","type":"post","link":"https:\/\/lequotidien.mr\/?p=17984&lang=fr","title":{"rendered":"Sommet de l&#8217;OCI \u00e0 Banjul : Mohamed Cheikh El Ghazouani appelle \u00e0 une int\u00e9gration \u00e9conomique renforc\u00e9e"},"content":{"rendered":"<p>Lors de la s\u00e9ance inaugurale de la quinzi\u00e8me session du Sommet de la Coop\u00e9ration Islamique, tenue ce samedi, \u00e0 Banjul, le Pr\u00e9sident de la R\u00e9publique, Pr\u00e9sident de l\u2019Union Africaine (UA), Mohamed Cheikh El Ghazouani, a adress\u00e9 un appel vibrant \u00e0 l&#8217;intensification des efforts pour promouvoir une int\u00e9gration \u00e9conomique efficace au sein des pays membres de l&#8217;Organisation de la Coop\u00e9ration Islamique (OCI).<\/p>\n<p>Le Pr\u00e9sident El Ghazouani a tout particuli\u00e8rement soulign\u00e9 la complexit\u00e9 de la conjoncture actuelle, caract\u00e9ris\u00e9e par une s\u00e9rie de crises \u00e9conomiques, s\u00e9curitaires, politiques et environnementales. Il a mis en lumi\u00e8re les d\u00e9fis majeurs auxquels est confront\u00e9 le monde islamique et a appel\u00e9 \u00e0 une action concert\u00e9e pour surmonter ces difficult\u00e9s.<\/p>\n<p>L&#8217;int\u00e9gration \u00e9conomique a \u00e9t\u00e9 au c\u0153ur de son message, le Pr\u00e9sident El Ghazouani insistant sur la n\u00e9cessit\u00e9 d&#8217;intensifier le partage d&#8217;exp\u00e9riences et d&#8217;expertises entre les nations membres de l&#8217;OCI. Il a mis en avant l&#8217;importance du renforcement du commerce intra-OCI, soulignant que cela jouerait un r\u00f4le crucial dans la r\u00e9alisation du progr\u00e8s et de la prosp\u00e9rit\u00e9 tant d\u00e9sir\u00e9s par les peuples des pays islamiques.<\/p>\n<p>L&#8217;appel du Pr\u00e9sident El Ghazouani intervient \u00e0 un moment crucial o\u00f9 les nations islamiques sont confront\u00e9es \u00e0 des d\u00e9fis multiples, allant de la stagnation \u00e9conomique \u00e0 l&#8217;instabilit\u00e9 politique, en passant par les menaces s\u00e9curitaires croissantes et les cons\u00e9quences d\u00e9vastatrices des changements climatiques. Dans ce contexte, une coop\u00e9ration renforc\u00e9e et une int\u00e9gration \u00e9conomique accrue semblent \u00eatre les r\u00e9ponses les plus appropri\u00e9es pour relever ces d\u00e9fis.<\/p>\n<p>Le discours du Pr\u00e9sident El Ghazouani refl\u00e8te non seulement engagement envers le bien-\u00eatre des peuples islamiques mais \u00e9galement sa vision en mati\u00e8re de coop\u00e9ration r\u00e9gionale et internationale. En appelant \u00e0 une action collective, il met en avant l&#8217;importance de la solidarit\u00e9 et de la collaboration entre les nations membres de l&#8217;OCI pour surmonter les obstacles et b\u00e2tir un avenir meilleur pour tous.<\/p>\n<p>L&#8217;appel du Pr\u00e9sident El-Ghazouani \u00e0 une int\u00e9gration \u00e9conomique renforc\u00e9e au sein de l&#8217;OCI est un rappel crucial de l&#8217;importance de la coop\u00e9ration et de la solidarit\u00e9 dans la r\u00e9alisation des aspirations communes des nations islamiques. Sa vision audacieuse offre un cadre pr\u00e9cieux pour guider les efforts collectifs visant \u00e0 relever les d\u00e9fis actuels et \u00e0 b\u00e2tir un avenir plus prosp\u00e8re et plus s\u00fbr pour les peuples de la r\u00e9gion.<\/p>\n<p>&nbsp;<\/p>\n<p>&nbsp;<\/p>\n","protected":false},"excerpt":{"rendered":"<p>Lors de la s\u00e9ance inaugurale de la quinzi\u00e8me session du Sommet de la Coop\u00e9ration Islamique, tenue ce samedi, \u00e0 Banjul, le Pr\u00e9sident de la R\u00e9publique, Pr\u00e9sident de l\u2019Union Africaine (UA), Mohamed Cheikh El Ghazouani, a adress\u00e9 un appel vibrant \u00e0 l&#8217;intensification des efforts pour promouvoir une int\u00e9gration \u00e9conomique efficace au sein des pays membres de&#8230;..<\/p>\n","protected":false},"author":12,"featured_media":17985,"comment_status":"open","ping_status":"open","sticky":false,"template":"","format":"standard","meta":{"footnotes":""},"categories":[23,49],"tags":[],"class_list":["post-17984","post","type-post","status-publish","format-standard","has-post-thumbnail","hentry","category-actualite","category-economie"],"yoast_head":"<!-- This site is optimized with the Yoast SEO plugin v27.5 - https:\/\/yoast.com\/product\/yoast-seo-wordpress\/ -->\n<title>Sommet de l&#039;OCI \u00e0 Banjul : Mohamed Cheikh El Ghazouani appelle \u00e0 une int\u00e9gration \u00e9conomique renforc\u00e9e - Le Quotidien de Nouakchott<\/title>\n<meta name=\"robots\" content=\"index, follow, max-snippet:-1, max-image-preview:large, max-video-preview:-1\" \/>\n<link rel=\"canonical\" href=\"https:\/\/lequotidien.mr\/?p=17984&lang=fr\" \/>\n<meta property=\"og:locale\" content=\"ar_AR\" \/>\n<meta property=\"og:type\" content=\"article\" \/>\n<meta property=\"og:title\" content=\"Sommet de l&#039;OCI \u00e0 Banjul : Mohamed Cheikh El Ghazouani appelle \u00e0 une int\u00e9gration \u00e9conomique renforc\u00e9e - Le Quotidien de Nouakchott\" \/>\n<meta property=\"og:description\" content=\"Lors de la s\u00e9ance inaugurale de la quinzi\u00e8me session du Sommet de la Coop\u00e9ration Islamique, tenue ce samedi, \u00e0 Banjul, le Pr\u00e9sident de la R\u00e9publique, Pr\u00e9sident de l\u2019Union Africaine (UA), Mohamed Cheikh El Ghazouani, a adress\u00e9 un appel vibrant \u00e0 l&#8217;intensification des efforts pour promouvoir une int\u00e9gration \u00e9conomique efficace au sein des pays membres de.....\" \/>\n<meta property=\"og:url\" content=\"https:\/\/lequotidien.mr\/?p=17984&amp;lang=fr\" \/>\n<meta property=\"og:site_name\" content=\"Le Quotidien de Nouakchott\" \/>\n<meta property=\"article:publisher\" content=\"https:\/\/web.facebook.com\/lequotidienmr\" \/>\n<meta property=\"article:published_time\" content=\"2024-05-05T12:09:20+00:00\" \/>\n<meta property=\"article:modified_time\" content=\"2024-05-05T12:12:18+00:00\" \/>\n<meta property=\"og:image\" content=\"https:\/\/lequotidien.mr\/wp-content\/uploads\/2024\/05\/photo-Pdt-OCI-Banjul.jpg\" \/>\n\t<meta property=\"og:image:width\" content=\"571\" \/>\n\t<meta property=\"og:image:height\" content=\"430\" \/>\n\t<meta property=\"og:image:type\" content=\"image\/jpeg\" \/>\n<meta name=\"author\" content=\"Med Ahmed\" \/>\n<meta name=\"twitter:card\" content=\"summary_large_image\" \/>\n<meta name=\"twitter:creator\" content=\"@lequotidienmr\" \/>\n<meta name=\"twitter:site\" content=\"@lequotidienmr\" \/>\n<meta name=\"twitter:label1\" content=\"\u0643\u064f\u062a\u0628 \u0628\u0648\u0627\u0633\u0637\u0629\" \/>\n\t<meta name=\"twitter:data1\" content=\"Med Ahmed\" \/>\n\t<meta name=\"twitter:label2\" content=\"\u0648\u0642\u062a \u0627\u0644\u0642\u0631\u0627\u0621\u0629 \u0627\u0644\u0645\u064f\u0642\u062f\u0651\u0631\" \/>\n\t<meta name=\"twitter:data2\" content=\"\u062f\u0642\u064a\u0642\u062a\u0627\u0646\" \/>\n<script type=\"application\/ld+json\" class=\"yoast-schema-graph\">{\"@context\":\"https:\\\/\\\/schema.org\",\"@graph\":[{\"@type\":\"Article\",\"@id\":\"https:\\\/\\\/lequotidien.mr\\\/?p=17984&lang=fr#article\",\"isPartOf\":{\"@id\":\"https:\\\/\\\/lequotidien.mr\\\/?p=17984&lang=fr\"},\"author\":{\"name\":\"Med Ahmed\",\"@id\":\"https:\\\/\\\/lequotidien.mr\\\/#\\\/schema\\\/person\\\/d2d350202a4d599685ed8abc25f97596\"},\"headline\":\"Sommet de l&#8217;OCI \u00e0 Banjul : Mohamed Cheikh El Ghazouani appelle \u00e0 une int\u00e9gration \u00e9conomique renforc\u00e9e\",\"datePublished\":\"2024-05-05T12:09:20+00:00\",\"dateModified\":\"2024-05-05T12:12:18+00:00\",\"mainEntityOfPage\":{\"@id\":\"https:\\\/\\\/lequotidien.mr\\\/?p=17984&lang=fr\"},\"wordCount\":453,\"commentCount\":0,\"publisher\":{\"@id\":\"https:\\\/\\\/lequotidien.mr\\\/#organization\"},\"image\":{\"@id\":\"https:\\\/\\\/lequotidien.mr\\\/?p=17984&lang=fr#primaryimage\"},\"thumbnailUrl\":\"https:\\\/\\\/lequotidien.mr\\\/wp-content\\\/uploads\\\/2024\\\/05\\\/photo-Pdt-OCI-Banjul.jpg\",\"articleSection\":[\"ACTUALIT\u00c9\",\"Economie\"],\"inLanguage\":\"ar\",\"potentialAction\":[{\"@type\":\"CommentAction\",\"name\":\"Comment\",\"target\":[\"https:\\\/\\\/lequotidien.mr\\\/?p=17984&lang=fr#respond\"]}]},{\"@type\":\"WebPage\",\"@id\":\"https:\\\/\\\/lequotidien.mr\\\/?p=17984&lang=fr\",\"url\":\"https:\\\/\\\/lequotidien.mr\\\/?p=17984&lang=fr\",\"name\":\"Sommet de l'OCI \u00e0 Banjul : Mohamed Cheikh El Ghazouani appelle \u00e0 une int\u00e9gration \u00e9conomique renforc\u00e9e - Le Quotidien de Nouakchott\",\"isPartOf\":{\"@id\":\"https:\\\/\\\/lequotidien.mr\\\/#website\"},\"primaryImageOfPage\":{\"@id\":\"https:\\\/\\\/lequotidien.mr\\\/?p=17984&lang=fr#primaryimage\"},\"image\":{\"@id\":\"https:\\\/\\\/lequotidien.mr\\\/?p=17984&lang=fr#primaryimage\"},\"thumbnailUrl\":\"https:\\\/\\\/lequotidien.mr\\\/wp-content\\\/uploads\\\/2024\\\/05\\\/photo-Pdt-OCI-Banjul.jpg\",\"datePublished\":\"2024-05-05T12:09:20+00:00\",\"dateModified\":\"2024-05-05T12:12:18+00:00\",\"breadcrumb\":{\"@id\":\"https:\\\/\\\/lequotidien.mr\\\/?p=17984&lang=fr#breadcrumb\"},\"inLanguage\":\"ar\",\"potentialAction\":[{\"@type\":\"ReadAction\",\"target\":[\"https:\\\/\\\/lequotidien.mr\\\/?p=17984&lang=fr\"]}]},{\"@type\":\"ImageObject\",\"inLanguage\":\"ar\",\"@id\":\"https:\\\/\\\/lequotidien.mr\\\/?p=17984&lang=fr#primaryimage\",\"url\":\"https:\\\/\\\/lequotidien.mr\\\/wp-content\\\/uploads\\\/2024\\\/05\\\/photo-Pdt-OCI-Banjul.jpg\",\"contentUrl\":\"https:\\\/\\\/lequotidien.mr\\\/wp-content\\\/uploads\\\/2024\\\/05\\\/photo-Pdt-OCI-Banjul.jpg\",\"width\":571,\"height\":430},{\"@type\":\"BreadcrumbList\",\"@id\":\"https:\\\/\\\/lequotidien.mr\\\/?p=17984&lang=fr#breadcrumb\",\"itemListElement\":[{\"@type\":\"ListItem\",\"position\":1,\"name\":\"Home\",\"item\":\"https:\\\/\\\/lequotidien.mr\\\/\"},{\"@type\":\"ListItem\",\"position\":2,\"name\":\"Sommet de l&rsquo;OCI \u00e0 Banjul : Mohamed Cheikh El Ghazouani appelle \u00e0 une int\u00e9gration \u00e9conomique renforc\u00e9e\"}]},{\"@type\":\"WebSite\",\"@id\":\"https:\\\/\\\/lequotidien.mr\\\/#website\",\"url\":\"https:\\\/\\\/lequotidien.mr\\\/\",\"name\":\"Le Quotidien de Nouakchott\",\"description\":\"\u0625\u062e\u0628\u0627\u0631\u064a\u0629 \u0645\u0633\u062a\u0642\u0644\u0629 \u0644\u0644\u0623\u0646\u0628\u0627\u0621 \u0627\u0644\u0639\u0627\u0645\u0629\",\"publisher\":{\"@id\":\"https:\\\/\\\/lequotidien.mr\\\/#organization\"},\"potentialAction\":[{\"@type\":\"SearchAction\",\"target\":{\"@type\":\"EntryPoint\",\"urlTemplate\":\"https:\\\/\\\/lequotidien.mr\\\/?s={search_term_string}\"},\"query-input\":{\"@type\":\"PropertyValueSpecification\",\"valueRequired\":true,\"valueName\":\"search_term_string\"}}],\"inLanguage\":\"ar\"},{\"@type\":\"Organization\",\"@id\":\"https:\\\/\\\/lequotidien.mr\\\/#organization\",\"name\":\"Le Quotidien de Nouakchott\",\"url\":\"https:\\\/\\\/lequotidien.mr\\\/\",\"logo\":{\"@type\":\"ImageObject\",\"inLanguage\":\"ar\",\"@id\":\"https:\\\/\\\/lequotidien.mr\\\/#\\\/schema\\\/logo\\\/image\\\/\",\"url\":\"https:\\\/\\\/lequotidien.mr\\\/wp-content\\\/uploads\\\/2022\\\/11\\\/logolequotidien.jpg\",\"contentUrl\":\"https:\\\/\\\/lequotidien.mr\\\/wp-content\\\/uploads\\\/2022\\\/11\\\/logolequotidien.jpg\",\"width\":290,\"height\":65,\"caption\":\"Le Quotidien de Nouakchott\"},\"image\":{\"@id\":\"https:\\\/\\\/lequotidien.mr\\\/#\\\/schema\\\/logo\\\/image\\\/\"},\"sameAs\":[\"https:\\\/\\\/web.facebook.com\\\/lequotidienmr\",\"https:\\\/\\\/x.com\\\/lequotidienmr\"]},{\"@type\":\"Person\",\"@id\":\"https:\\\/\\\/lequotidien.mr\\\/#\\\/schema\\\/person\\\/d2d350202a4d599685ed8abc25f97596\",\"name\":\"Med Ahmed\",\"image\":{\"@type\":\"ImageObject\",\"inLanguage\":\"ar\",\"@id\":\"https:\\\/\\\/secure.gravatar.com\\\/avatar\\\/fd2acc62ed50732923d1d39c17172c9b04149f142be92310ecc69e1358f94b52?s=96&d=mm&r=g\",\"url\":\"https:\\\/\\\/secure.gravatar.com\\\/avatar\\\/fd2acc62ed50732923d1d39c17172c9b04149f142be92310ecc69e1358f94b52?s=96&d=mm&r=g\",\"contentUrl\":\"https:\\\/\\\/secure.gravatar.com\\\/avatar\\\/fd2acc62ed50732923d1d39c17172c9b04149f142be92310ecc69e1358f94b52?s=96&d=mm&r=g\",\"caption\":\"Med Ahmed\"},\"url\":\"https:\\\/\\\/lequotidien.mr\\\/?author=12\"}]}<\/script>\n<!-- \/ Yoast SEO plugin. -->","yoast_head_json":{"title":"Sommet de l'OCI \u00e0 Banjul : Mohamed Cheikh El Ghazouani appelle \u00e0 une int\u00e9gration \u00e9conomique renforc\u00e9e - Le Quotidien de Nouakchott","robots":{"index":"index","follow":"follow","max-snippet":"max-snippet:-1","max-image-preview":"max-image-preview:large","max-video-preview":"max-video-preview:-1"},"canonical":"https:\/\/lequotidien.mr\/?p=17984&lang=fr","og_locale":"ar_AR","og_type":"article","og_title":"Sommet de l'OCI \u00e0 Banjul : Mohamed Cheikh El Ghazouani appelle \u00e0 une int\u00e9gration \u00e9conomique renforc\u00e9e - Le Quotidien de Nouakchott","og_description":"Lors de la s\u00e9ance inaugurale de la quinzi\u00e8me session du Sommet de la Coop\u00e9ration Islamique, tenue ce samedi, \u00e0 Banjul, le Pr\u00e9sident de la R\u00e9publique, Pr\u00e9sident de l\u2019Union Africaine (UA), Mohamed Cheikh El Ghazouani, a adress\u00e9 un appel vibrant \u00e0 l&#8217;intensification des efforts pour promouvoir une int\u00e9gration \u00e9conomique efficace au sein des pays membres de.....","og_url":"https:\/\/lequotidien.mr\/?p=17984&lang=fr","og_site_name":"Le Quotidien de Nouakchott","article_publisher":"https:\/\/web.facebook.com\/lequotidienmr","article_published_time":"2024-05-05T12:09:20+00:00","article_modified_time":"2024-05-05T12:12:18+00:00","og_image":[{"width":571,"height":430,"url":"https:\/\/lequotidien.mr\/wp-content\/uploads\/2024\/05\/photo-Pdt-OCI-Banjul.jpg","type":"image\/jpeg"}],"author":"Med Ahmed","twitter_card":"summary_large_image","twitter_creator":"@lequotidienmr","twitter_site":"@lequotidienmr","twitter_misc":{"\u0643\u064f\u062a\u0628 \u0628\u0648\u0627\u0633\u0637\u0629":"Med Ahmed","\u0648\u0642\u062a \u0627\u0644\u0642\u0631\u0627\u0621\u0629 \u0627\u0644\u0645\u064f\u0642\u062f\u0651\u0631":"\u062f\u0642\u064a\u0642\u062a\u0627\u0646"},"schema":{"@context":"https:\/\/schema.org","@graph":[{"@type":"Article","@id":"https:\/\/lequotidien.mr\/?p=17984&lang=fr#article","isPartOf":{"@id":"https:\/\/lequotidien.mr\/?p=17984&lang=fr"},"author":{"name":"Med Ahmed","@id":"https:\/\/lequotidien.mr\/#\/schema\/person\/d2d350202a4d599685ed8abc25f97596"},"headline":"Sommet de l&#8217;OCI \u00e0 Banjul : Mohamed Cheikh El Ghazouani appelle \u00e0 une int\u00e9gration \u00e9conomique renforc\u00e9e","datePublished":"2024-05-05T12:09:20+00:00","dateModified":"2024-05-05T12:12:18+00:00","mainEntityOfPage":{"@id":"https:\/\/lequotidien.mr\/?p=17984&lang=fr"},"wordCount":453,"commentCount":0,"publisher":{"@id":"https:\/\/lequotidien.mr\/#organization"},"image":{"@id":"https:\/\/lequotidien.mr\/?p=17984&lang=fr#primaryimage"},"thumbnailUrl":"https:\/\/lequotidien.mr\/wp-content\/uploads\/2024\/05\/photo-Pdt-OCI-Banjul.jpg","articleSection":["ACTUALIT\u00c9","Economie"],"inLanguage":"ar","potentialAction":[{"@type":"CommentAction","name":"Comment","target":["https:\/\/lequotidien.mr\/?p=17984&lang=fr#respond"]}]},{"@type":"WebPage","@id":"https:\/\/lequotidien.mr\/?p=17984&lang=fr","url":"https:\/\/lequotidien.mr\/?p=17984&lang=fr","name":"Sommet de l'OCI \u00e0 Banjul : Mohamed Cheikh El Ghazouani appelle \u00e0 une int\u00e9gration \u00e9conomique renforc\u00e9e - Le Quotidien de Nouakchott","isPartOf":{"@id":"https:\/\/lequotidien.mr\/#website"},"primaryImageOfPage":{"@id":"https:\/\/lequotidien.mr\/?p=17984&lang=fr#primaryimage"},"image":{"@id":"https:\/\/lequotidien.mr\/?p=17984&lang=fr#primaryimage"},"thumbnailUrl":"https:\/\/lequotidien.mr\/wp-content\/uploads\/2024\/05\/photo-Pdt-OCI-Banjul.jpg","datePublished":"2024-05-05T12:09:20+00:00","dateModified":"2024-05-05T12:12:18+00:00","breadcrumb":{"@id":"https:\/\/lequotidien.mr\/?p=17984&lang=fr#breadcrumb"},"inLanguage":"ar","potentialAction":[{"@type":"ReadAction","target":["https:\/\/lequotidien.mr\/?p=17984&lang=fr"]}]},{"@type":"ImageObject","inLanguage":"ar","@id":"https:\/\/lequotidien.mr\/?p=17984&lang=fr#primaryimage","url":"https:\/\/lequotidien.mr\/wp-content\/uploads\/2024\/05\/photo-Pdt-OCI-Banjul.jpg","contentUrl":"https:\/\/lequotidien.mr\/wp-content\/uploads\/2024\/05\/photo-Pdt-OCI-Banjul.jpg","width":571,"height":430},{"@type":"BreadcrumbList","@id":"https:\/\/lequotidien.mr\/?p=17984&lang=fr#breadcrumb","itemListElement":[{"@type":"ListItem","position":1,"name":"Home","item":"https:\/\/lequotidien.mr\/"},{"@type":"ListItem","position":2,"name":"Sommet de l&rsquo;OCI \u00e0 Banjul : Mohamed Cheikh El Ghazouani appelle \u00e0 une int\u00e9gration \u00e9conomique renforc\u00e9e"}]},{"@type":"WebSite","@id":"https:\/\/lequotidien.mr\/#website","url":"https:\/\/lequotidien.mr\/","name":"Le Quotidien de Nouakchott","description":"\u0625\u062e\u0628\u0627\u0631\u064a\u0629 \u0645\u0633\u062a\u0642\u0644\u0629 \u0644\u0644\u0623\u0646\u0628\u0627\u0621 \u0627\u0644\u0639\u0627\u0645\u0629","publisher":{"@id":"https:\/\/lequotidien.mr\/#organization"},"potentialAction":[{"@type":"SearchAction","target":{"@type":"EntryPoint","urlTemplate":"https:\/\/lequotidien.mr\/?s={search_term_string}"},"query-input":{"@type":"PropertyValueSpecification","valueRequired":true,"valueName":"search_term_string"}}],"inLanguage":"ar"},{"@type":"Organization","@id":"https:\/\/lequotidien.mr\/#organization","name":"Le Quotidien de Nouakchott","url":"https:\/\/lequotidien.mr\/","logo":{"@type":"ImageObject","inLanguage":"ar","@id":"https:\/\/lequotidien.mr\/#\/schema\/logo\/image\/","url":"https:\/\/lequotidien.mr\/wp-content\/uploads\/2022\/11\/logolequotidien.jpg","contentUrl":"https:\/\/lequotidien.mr\/wp-content\/uploads\/2022\/11\/logolequotidien.jpg","width":290,"height":65,"caption":"Le Quotidien de Nouakchott"},"image":{"@id":"https:\/\/lequotidien.mr\/#\/schema\/logo\/image\/"},"sameAs":["https:\/\/web.facebook.com\/lequotidienmr","https:\/\/x.com\/lequotidienmr"]},{"@type":"Person","@id":"https:\/\/lequotidien.mr\/#\/schema\/person\/d2d350202a4d599685ed8abc25f97596","name":"Med Ahmed","image":{"@type":"ImageObject","inLanguage":"ar","@id":"https:\/\/secure.gravatar.com\/avatar\/fd2acc62ed50732923d1d39c17172c9b04149f142be92310ecc69e1358f94b52?s=96&d=mm&r=g","url":"https:\/\/secure.gravatar.com\/avatar\/fd2acc62ed50732923d1d39c17172c9b04149f142be92310ecc69e1358f94b52?s=96&d=mm&r=g","contentUrl":"https:\/\/secure.gravatar.com\/avatar\/fd2acc62ed50732923d1d39c17172c9b04149f142be92310ecc69e1358f94b52?s=96&d=mm&r=g","caption":"Med Ahmed"},"url":"https:\/\/lequotidien.mr\/?author=12"}]}},"_links":{"self":[{"href":"https:\/\/lequotidien.mr\/index.php?rest_route=\/wp\/v2\/posts\/17984","targetHints":{"allow":["GET"]}}],"collection":[{"href":"https:\/\/lequotidien.mr\/index.php?rest_route=\/wp\/v2\/posts"}],"about":[{"href":"https:\/\/lequotidien.mr\/index.php?rest_route=\/wp\/v2\/types\/post"}],"author":[{"embeddable":true,"href":"https:\/\/lequotidien.mr\/index.php?rest_route=\/wp\/v2\/users\/12"}],"replies":[{"embeddable":true,"href":"https:\/\/lequotidien.mr\/index.php?rest_route=%2Fwp%2Fv2%2Fcomments&post=17984"}],"version-history":[{"count":2,"href":"https:\/\/lequotidien.mr\/index.php?rest_route=\/wp\/v2\/posts\/17984\/revisions"}],"predecessor-version":[{"id":17990,"href":"https:\/\/lequotidien.mr\/index.php?rest_route=\/wp\/v2\/posts\/17984\/revisions\/17990"}],"wp:featuredmedia":[{"embeddable":true,"href":"https:\/\/lequotidien.mr\/index.php?rest_route=\/wp\/v2\/media\/17985"}],"wp:attachment":[{"href":"https:\/\/lequotidien.mr\/index.php?rest_route=%2Fwp%2Fv2%2Fmedia&parent=17984"}],"wp:term":[{"taxonomy":"category","embeddable":true,"href":"https:\/\/lequotidien.mr\/index.php?rest_route=%2Fwp%2Fv2%2Fcategories&post=17984"},{"taxonomy":"post_tag","embeddable":true,"href":"https:\/\/lequotidien.mr\/index.php?rest_route=%2Fwp%2Fv2%2Ftags&post=17984"}],"curies":[{"name":"wp","href":"https:\/\/api.w.org\/{rel}","templated":true}]}}