{"id":17979,"date":"2024-05-04T20:47:18","date_gmt":"2024-05-04T20:47:18","guid":{"rendered":"https:\/\/lequotidien.mr\/?p=17979"},"modified":"2024-05-04T20:50:42","modified_gmt":"2024-05-04T20:50:42","slug":"15eme-session-de-la-conference-au-sommet-de-lorganisation-de-la-cooperation-islamique-oci-a-banjul-promouvoir-lunite-et-la-solidarite-a-travers-le-dialogue-pour-le-developpement-durable","status":"publish","type":"post","link":"https:\/\/lequotidien.mr\/?p=17979&lang=fr","title":{"rendered":"15\u00e8me session de la Conf\u00e9rence au Sommet de l&#8217;Organisation de la Coop\u00e9ration Islamique (OCI) \u00e0 Banjul : Promouvoir l&#8217;unit\u00e9 et la solidarit\u00e9 \u00e0 travers le dialogue pour le d\u00e9veloppement durable"},"content":{"rendered":"<p>Sous le th\u00e8me &#8220;Promouvoir l&#8217;unit\u00e9 et la solidarit\u00e9 \u00e0 travers le dialogue pour le d\u00e9veloppement durable&#8221;, la 15\u00e8me session de la Conf\u00e9rence au Sommet de l&#8217;Organisation de la Coop\u00e9ration Islamique (OCI) a d\u00e9but\u00e9 ce samedi \u00e0 Banjul, en Gambie. L&#8217;\u00e9v\u00e9nement, qui a rassembl\u00e9 des chefs d&#8217;\u00c9tat et de gouvernement des pays membres de l&#8217;OCI, a \u00e9t\u00e9 marqu\u00e9 par la participation du pr\u00e9sident de la R\u00e9publique et pr\u00e9sident de l&#8217;Union africaine, Mohamed Cheikh El Ghazouani.<\/p>\n<p>Le pr\u00e9sident de la R\u00e9publique \u00e9tait accompagn\u00e9 d\u2019une importante d\u00e9l\u00e9gation comprenant le ministre charg\u00e9 du cabinet pr\u00e9sidentiel Moctar Diaye, le ministre des Affaires \u00e9trang\u00e8res, de la Coop\u00e9ration et des Mauritaniens \u00e0 l&#8217;\u00e9tranger, Mohamed Salem Merzoug, les conseillers \u00e0 la pr\u00e9sidence, Ahmed Nini et Mohamed Lemine Cheikh El Haderami, l&#8217;ambassadeur mauritanien en Gambie, Hamoud Abdi, et le directeur g\u00e9n\u00e9ral des protocoles de l&#8217;\u00c9tat, Hassan Ahmed.<\/p>\n<p>La c\u00e9r\u00e9monie inaugurale de ce sommet a \u00e9t\u00e9 pr\u00e9sid\u00e9e par Son Altesse le Prince Faisal bin Farhan bin Abdullah, ministre saoudien des Affaires \u00e9trang\u00e8res, repr\u00e9sentant le Serviteur des Lieux Saints de l\u2019Islam, le Roi Salmane Ibn Abdelaziz Al-Saoud, Souverain d\u2019Arabie Saoudite. La pr\u00e9sence du chef de l&#8217;\u00c9tat Gambien, Adama Barrow, du secr\u00e9taire g\u00e9n\u00e9ral de l&#8217;OCI, Hissein Brahim Taha, ainsi que d&#8217;autres dirigeants des pays membres, a soulign\u00e9 l&#8217;importance de cette r\u00e9union.<\/p>\n<p>Avant le sommet, des r\u00e9unions pr\u00e9paratoires ont eu lieu, notamment une r\u00e9union des ministres des Affaires \u00e9trang\u00e8res et une r\u00e9union des Hauts fonctionnaires. Ces rencontres ont permis d&#8217;aborder en amont les sujets cruciaux qui seront discut\u00e9s lors de cette session.<\/p>\n<p>Parmi les questions politiques \u00e0 l&#8217;ordre du jour, la question palestinienne occupera une place pr\u00e9pond\u00e9rante, t\u00e9moignant de l&#8217;engagement des \u00c9tats membres envers les d\u00e9fis qui touchent la communaut\u00e9 islamique dans son ensemble.<\/p>\n<p>Outre les questions politiques, des sujets \u00e9conomiques, humanitaires, sociaux et culturels seront \u00e9galement abord\u00e9s, avec un accent particulier sur des th\u00e9matiques telles que la jeunesse, la femme, la famille, la science, les technologies, les m\u00e9dias et les communaut\u00e9s musulmanes.<\/p>\n<p>Cette session accordera une attention particuli\u00e8re au rejet des discours de haine et de l&#8217;islamophobie, ainsi qu&#8217;\u00e0 la promotion du dialogue comme moyen de r\u00e9solution des conflits. Les enjeux li\u00e9s au changement climatique et \u00e0 la s\u00e9curit\u00e9 alimentaire seront \u00e9galement examin\u00e9s.<\/p>\n<p>La 15\u00e8me session de la Conf\u00e9rence au Sommet de l&#8217;OCI sera conclue par une D\u00e9claration finale, qui exprimera les positions de l&#8217;Organisation sur les questions abord\u00e9es lors du Sommet, ainsi que par une r\u00e9solution sp\u00e9cifique sur la Palestine et Al-Qods Acharif, ainsi que la D\u00e9claration de Banjul, qui marquera les engagements pris lors de cette session historique.<\/p>\n<p>Ce sommet, par sa diversit\u00e9 th\u00e9matique et son engagement en faveur de l&#8217;unit\u00e9 et de la solidarit\u00e9, illustre l&#8217;importance de la coop\u00e9ration entre les pays membres de l&#8217;OCI pour faire face aux d\u00e9fis communs et promouvoir le d\u00e9veloppement durable dans la r\u00e9gion et au-del\u00e0.<\/p>\n<p>&nbsp;<\/p>\n","protected":false},"excerpt":{"rendered":"<p>Sous le th\u00e8me &#8220;Promouvoir l&#8217;unit\u00e9 et la solidarit\u00e9 \u00e0 travers le dialogue pour le d\u00e9veloppement durable&#8221;, la 15\u00e8me session de la Conf\u00e9rence au Sommet de l&#8217;Organisation de la Coop\u00e9ration Islamique (OCI) a d\u00e9but\u00e9 ce samedi \u00e0 Banjul, en Gambie. L&#8217;\u00e9v\u00e9nement, qui a rassembl\u00e9 des chefs d&#8217;\u00c9tat et de gouvernement des pays membres de l&#8217;OCI, a&#8230;..<\/p>\n","protected":false},"author":12,"featured_media":17980,"comment_status":"open","ping_status":"open","sticky":false,"template":"","format":"standard","meta":{"footnotes":""},"categories":[23,49],"tags":[],"class_list":["post-17979","post","type-post","status-publish","format-standard","has-post-thumbnail","hentry","category-actualite","category-economie"],"yoast_head":"<!-- This site is optimized with the Yoast SEO plugin v27.5 - https:\/\/yoast.com\/product\/yoast-seo-wordpress\/ -->\n<title>15\u00e8me session de la Conf\u00e9rence au Sommet de l&#039;Organisation de la Coop\u00e9ration Islamique (OCI) \u00e0 Banjul : Promouvoir l&#039;unit\u00e9 et la solidarit\u00e9 \u00e0 travers le dialogue pour le d\u00e9veloppement durable - Le Quotidien de Nouakchott<\/title>\n<meta name=\"robots\" content=\"index, follow, max-snippet:-1, max-image-preview:large, max-video-preview:-1\" \/>\n<link rel=\"canonical\" href=\"https:\/\/lequotidien.mr\/?p=17979&lang=fr\" \/>\n<meta property=\"og:locale\" content=\"ar_AR\" \/>\n<meta property=\"og:type\" content=\"article\" \/>\n<meta property=\"og:title\" content=\"15\u00e8me session de la Conf\u00e9rence au Sommet de l&#039;Organisation de la Coop\u00e9ration Islamique (OCI) \u00e0 Banjul : Promouvoir l&#039;unit\u00e9 et la solidarit\u00e9 \u00e0 travers le dialogue pour le d\u00e9veloppement durable - Le Quotidien de Nouakchott\" \/>\n<meta property=\"og:description\" content=\"Sous le th\u00e8me &#8220;Promouvoir l&#8217;unit\u00e9 et la solidarit\u00e9 \u00e0 travers le dialogue pour le d\u00e9veloppement durable&#8221;, la 15\u00e8me session de la Conf\u00e9rence au Sommet de l&#8217;Organisation de la Coop\u00e9ration Islamique (OCI) a d\u00e9but\u00e9 ce samedi \u00e0 Banjul, en Gambie. L&#8217;\u00e9v\u00e9nement, qui a rassembl\u00e9 des chefs d&#8217;\u00c9tat et de gouvernement des pays membres de l&#8217;OCI, a.....\" \/>\n<meta property=\"og:url\" content=\"https:\/\/lequotidien.mr\/?p=17979&amp;lang=fr\" \/>\n<meta property=\"og:site_name\" content=\"Le Quotidien de Nouakchott\" \/>\n<meta property=\"article:publisher\" content=\"https:\/\/web.facebook.com\/lequotidienmr\" \/>\n<meta property=\"article:published_time\" content=\"2024-05-04T20:47:18+00:00\" \/>\n<meta property=\"article:modified_time\" content=\"2024-05-04T20:50:42+00:00\" \/>\n<meta property=\"og:image\" content=\"https:\/\/lequotidien.mr\/wp-content\/uploads\/2024\/05\/photo-OCI-Banjul-2024.jpg\" \/>\n\t<meta property=\"og:image:width\" content=\"450\" \/>\n\t<meta property=\"og:image:height\" content=\"202\" \/>\n\t<meta property=\"og:image:type\" content=\"image\/jpeg\" \/>\n<meta name=\"author\" content=\"Med Ahmed\" \/>\n<meta name=\"twitter:card\" content=\"summary_large_image\" \/>\n<meta name=\"twitter:creator\" content=\"@lequotidienmr\" \/>\n<meta name=\"twitter:site\" content=\"@lequotidienmr\" \/>\n<meta name=\"twitter:label1\" content=\"\u0643\u064f\u062a\u0628 \u0628\u0648\u0627\u0633\u0637\u0629\" \/>\n\t<meta name=\"twitter:data1\" content=\"Med Ahmed\" \/>\n\t<meta name=\"twitter:label2\" content=\"\u0648\u0642\u062a \u0627\u0644\u0642\u0631\u0627\u0621\u0629 \u0627\u0644\u0645\u064f\u0642\u062f\u0651\u0631\" \/>\n\t<meta name=\"twitter:data2\" content=\"3 \u062f\u0642\u0627\u0626\u0642\" \/>\n<script type=\"application\/ld+json\" class=\"yoast-schema-graph\">{\"@context\":\"https:\\\/\\\/schema.org\",\"@graph\":[{\"@type\":\"Article\",\"@id\":\"https:\\\/\\\/lequotidien.mr\\\/?p=17979&lang=fr#article\",\"isPartOf\":{\"@id\":\"https:\\\/\\\/lequotidien.mr\\\/?p=17979&lang=fr\"},\"author\":{\"name\":\"Med Ahmed\",\"@id\":\"https:\\\/\\\/lequotidien.mr\\\/#\\\/schema\\\/person\\\/d2d350202a4d599685ed8abc25f97596\"},\"headline\":\"15\u00e8me session de la Conf\u00e9rence au Sommet de l&#8217;Organisation de la Coop\u00e9ration Islamique (OCI) \u00e0 Banjul : Promouvoir l&#8217;unit\u00e9 et la solidarit\u00e9 \u00e0 travers le dialogue pour le d\u00e9veloppement durable\",\"datePublished\":\"2024-05-04T20:47:18+00:00\",\"dateModified\":\"2024-05-04T20:50:42+00:00\",\"mainEntityOfPage\":{\"@id\":\"https:\\\/\\\/lequotidien.mr\\\/?p=17979&lang=fr\"},\"wordCount\":574,\"commentCount\":0,\"publisher\":{\"@id\":\"https:\\\/\\\/lequotidien.mr\\\/#organization\"},\"image\":{\"@id\":\"https:\\\/\\\/lequotidien.mr\\\/?p=17979&lang=fr#primaryimage\"},\"thumbnailUrl\":\"https:\\\/\\\/lequotidien.mr\\\/wp-content\\\/uploads\\\/2024\\\/05\\\/photo-OCI-Banjul-2024.jpg\",\"articleSection\":[\"ACTUALIT\u00c9\",\"Economie\"],\"inLanguage\":\"ar\",\"potentialAction\":[{\"@type\":\"CommentAction\",\"name\":\"Comment\",\"target\":[\"https:\\\/\\\/lequotidien.mr\\\/?p=17979&lang=fr#respond\"]}]},{\"@type\":\"WebPage\",\"@id\":\"https:\\\/\\\/lequotidien.mr\\\/?p=17979&lang=fr\",\"url\":\"https:\\\/\\\/lequotidien.mr\\\/?p=17979&lang=fr\",\"name\":\"15\u00e8me session de la Conf\u00e9rence au Sommet de l'Organisation de la Coop\u00e9ration Islamique (OCI) \u00e0 Banjul : Promouvoir l'unit\u00e9 et la solidarit\u00e9 \u00e0 travers le dialogue pour le d\u00e9veloppement durable - Le Quotidien de Nouakchott\",\"isPartOf\":{\"@id\":\"https:\\\/\\\/lequotidien.mr\\\/#website\"},\"primaryImageOfPage\":{\"@id\":\"https:\\\/\\\/lequotidien.mr\\\/?p=17979&lang=fr#primaryimage\"},\"image\":{\"@id\":\"https:\\\/\\\/lequotidien.mr\\\/?p=17979&lang=fr#primaryimage\"},\"thumbnailUrl\":\"https:\\\/\\\/lequotidien.mr\\\/wp-content\\\/uploads\\\/2024\\\/05\\\/photo-OCI-Banjul-2024.jpg\",\"datePublished\":\"2024-05-04T20:47:18+00:00\",\"dateModified\":\"2024-05-04T20:50:42+00:00\",\"breadcrumb\":{\"@id\":\"https:\\\/\\\/lequotidien.mr\\\/?p=17979&lang=fr#breadcrumb\"},\"inLanguage\":\"ar\",\"potentialAction\":[{\"@type\":\"ReadAction\",\"target\":[\"https:\\\/\\\/lequotidien.mr\\\/?p=17979&lang=fr\"]}]},{\"@type\":\"ImageObject\",\"inLanguage\":\"ar\",\"@id\":\"https:\\\/\\\/lequotidien.mr\\\/?p=17979&lang=fr#primaryimage\",\"url\":\"https:\\\/\\\/lequotidien.mr\\\/wp-content\\\/uploads\\\/2024\\\/05\\\/photo-OCI-Banjul-2024.jpg\",\"contentUrl\":\"https:\\\/\\\/lequotidien.mr\\\/wp-content\\\/uploads\\\/2024\\\/05\\\/photo-OCI-Banjul-2024.jpg\",\"width\":450,\"height\":202},{\"@type\":\"BreadcrumbList\",\"@id\":\"https:\\\/\\\/lequotidien.mr\\\/?p=17979&lang=fr#breadcrumb\",\"itemListElement\":[{\"@type\":\"ListItem\",\"position\":1,\"name\":\"Home\",\"item\":\"https:\\\/\\\/lequotidien.mr\\\/\"},{\"@type\":\"ListItem\",\"position\":2,\"name\":\"15\u00e8me session de la Conf\u00e9rence au Sommet de l&rsquo;Organisation de la Coop\u00e9ration Islamique (OCI) \u00e0 Banjul : Promouvoir l&rsquo;unit\u00e9 et la solidarit\u00e9 \u00e0 travers le dialogue pour le d\u00e9veloppement durable\"}]},{\"@type\":\"WebSite\",\"@id\":\"https:\\\/\\\/lequotidien.mr\\\/#website\",\"url\":\"https:\\\/\\\/lequotidien.mr\\\/\",\"name\":\"Le Quotidien de Nouakchott\",\"description\":\"\u0625\u062e\u0628\u0627\u0631\u064a\u0629 \u0645\u0633\u062a\u0642\u0644\u0629 \u0644\u0644\u0623\u0646\u0628\u0627\u0621 \u0627\u0644\u0639\u0627\u0645\u0629\",\"publisher\":{\"@id\":\"https:\\\/\\\/lequotidien.mr\\\/#organization\"},\"potentialAction\":[{\"@type\":\"SearchAction\",\"target\":{\"@type\":\"EntryPoint\",\"urlTemplate\":\"https:\\\/\\\/lequotidien.mr\\\/?s={search_term_string}\"},\"query-input\":{\"@type\":\"PropertyValueSpecification\",\"valueRequired\":true,\"valueName\":\"search_term_string\"}}],\"inLanguage\":\"ar\"},{\"@type\":\"Organization\",\"@id\":\"https:\\\/\\\/lequotidien.mr\\\/#organization\",\"name\":\"Le Quotidien de Nouakchott\",\"url\":\"https:\\\/\\\/lequotidien.mr\\\/\",\"logo\":{\"@type\":\"ImageObject\",\"inLanguage\":\"ar\",\"@id\":\"https:\\\/\\\/lequotidien.mr\\\/#\\\/schema\\\/logo\\\/image\\\/\",\"url\":\"https:\\\/\\\/lequotidien.mr\\\/wp-content\\\/uploads\\\/2022\\\/11\\\/logolequotidien.jpg\",\"contentUrl\":\"https:\\\/\\\/lequotidien.mr\\\/wp-content\\\/uploads\\\/2022\\\/11\\\/logolequotidien.jpg\",\"width\":290,\"height\":65,\"caption\":\"Le Quotidien de Nouakchott\"},\"image\":{\"@id\":\"https:\\\/\\\/lequotidien.mr\\\/#\\\/schema\\\/logo\\\/image\\\/\"},\"sameAs\":[\"https:\\\/\\\/web.facebook.com\\\/lequotidienmr\",\"https:\\\/\\\/x.com\\\/lequotidienmr\"]},{\"@type\":\"Person\",\"@id\":\"https:\\\/\\\/lequotidien.mr\\\/#\\\/schema\\\/person\\\/d2d350202a4d599685ed8abc25f97596\",\"name\":\"Med Ahmed\",\"image\":{\"@type\":\"ImageObject\",\"inLanguage\":\"ar\",\"@id\":\"https:\\\/\\\/secure.gravatar.com\\\/avatar\\\/fd2acc62ed50732923d1d39c17172c9b04149f142be92310ecc69e1358f94b52?s=96&d=mm&r=g\",\"url\":\"https:\\\/\\\/secure.gravatar.com\\\/avatar\\\/fd2acc62ed50732923d1d39c17172c9b04149f142be92310ecc69e1358f94b52?s=96&d=mm&r=g\",\"contentUrl\":\"https:\\\/\\\/secure.gravatar.com\\\/avatar\\\/fd2acc62ed50732923d1d39c17172c9b04149f142be92310ecc69e1358f94b52?s=96&d=mm&r=g\",\"caption\":\"Med Ahmed\"},\"url\":\"https:\\\/\\\/lequotidien.mr\\\/?author=12\"}]}<\/script>\n<!-- \/ Yoast SEO plugin. -->","yoast_head_json":{"title":"15\u00e8me session de la Conf\u00e9rence au Sommet de l'Organisation de la Coop\u00e9ration Islamique (OCI) \u00e0 Banjul : Promouvoir l'unit\u00e9 et la solidarit\u00e9 \u00e0 travers le dialogue pour le d\u00e9veloppement durable - Le Quotidien de Nouakchott","robots":{"index":"index","follow":"follow","max-snippet":"max-snippet:-1","max-image-preview":"max-image-preview:large","max-video-preview":"max-video-preview:-1"},"canonical":"https:\/\/lequotidien.mr\/?p=17979&lang=fr","og_locale":"ar_AR","og_type":"article","og_title":"15\u00e8me session de la Conf\u00e9rence au Sommet de l'Organisation de la Coop\u00e9ration Islamique (OCI) \u00e0 Banjul : Promouvoir l'unit\u00e9 et la solidarit\u00e9 \u00e0 travers le dialogue pour le d\u00e9veloppement durable - Le Quotidien de Nouakchott","og_description":"Sous le th\u00e8me &#8220;Promouvoir l&#8217;unit\u00e9 et la solidarit\u00e9 \u00e0 travers le dialogue pour le d\u00e9veloppement durable&#8221;, la 15\u00e8me session de la Conf\u00e9rence au Sommet de l&#8217;Organisation de la Coop\u00e9ration Islamique (OCI) a d\u00e9but\u00e9 ce samedi \u00e0 Banjul, en Gambie. L&#8217;\u00e9v\u00e9nement, qui a rassembl\u00e9 des chefs d&#8217;\u00c9tat et de gouvernement des pays membres de l&#8217;OCI, a.....","og_url":"https:\/\/lequotidien.mr\/?p=17979&lang=fr","og_site_name":"Le Quotidien de Nouakchott","article_publisher":"https:\/\/web.facebook.com\/lequotidienmr","article_published_time":"2024-05-04T20:47:18+00:00","article_modified_time":"2024-05-04T20:50:42+00:00","og_image":[{"width":450,"height":202,"url":"https:\/\/lequotidien.mr\/wp-content\/uploads\/2024\/05\/photo-OCI-Banjul-2024.jpg","type":"image\/jpeg"}],"author":"Med Ahmed","twitter_card":"summary_large_image","twitter_creator":"@lequotidienmr","twitter_site":"@lequotidienmr","twitter_misc":{"\u0643\u064f\u062a\u0628 \u0628\u0648\u0627\u0633\u0637\u0629":"Med Ahmed","\u0648\u0642\u062a \u0627\u0644\u0642\u0631\u0627\u0621\u0629 \u0627\u0644\u0645\u064f\u0642\u062f\u0651\u0631":"3 \u062f\u0642\u0627\u0626\u0642"},"schema":{"@context":"https:\/\/schema.org","@graph":[{"@type":"Article","@id":"https:\/\/lequotidien.mr\/?p=17979&lang=fr#article","isPartOf":{"@id":"https:\/\/lequotidien.mr\/?p=17979&lang=fr"},"author":{"name":"Med Ahmed","@id":"https:\/\/lequotidien.mr\/#\/schema\/person\/d2d350202a4d599685ed8abc25f97596"},"headline":"15\u00e8me session de la Conf\u00e9rence au Sommet de l&#8217;Organisation de la Coop\u00e9ration Islamique (OCI) \u00e0 Banjul : Promouvoir l&#8217;unit\u00e9 et la solidarit\u00e9 \u00e0 travers le dialogue pour le d\u00e9veloppement durable","datePublished":"2024-05-04T20:47:18+00:00","dateModified":"2024-05-04T20:50:42+00:00","mainEntityOfPage":{"@id":"https:\/\/lequotidien.mr\/?p=17979&lang=fr"},"wordCount":574,"commentCount":0,"publisher":{"@id":"https:\/\/lequotidien.mr\/#organization"},"image":{"@id":"https:\/\/lequotidien.mr\/?p=17979&lang=fr#primaryimage"},"thumbnailUrl":"https:\/\/lequotidien.mr\/wp-content\/uploads\/2024\/05\/photo-OCI-Banjul-2024.jpg","articleSection":["ACTUALIT\u00c9","Economie"],"inLanguage":"ar","potentialAction":[{"@type":"CommentAction","name":"Comment","target":["https:\/\/lequotidien.mr\/?p=17979&lang=fr#respond"]}]},{"@type":"WebPage","@id":"https:\/\/lequotidien.mr\/?p=17979&lang=fr","url":"https:\/\/lequotidien.mr\/?p=17979&lang=fr","name":"15\u00e8me session de la Conf\u00e9rence au Sommet de l'Organisation de la Coop\u00e9ration Islamique (OCI) \u00e0 Banjul : Promouvoir l'unit\u00e9 et la solidarit\u00e9 \u00e0 travers le dialogue pour le d\u00e9veloppement durable - Le Quotidien de Nouakchott","isPartOf":{"@id":"https:\/\/lequotidien.mr\/#website"},"primaryImageOfPage":{"@id":"https:\/\/lequotidien.mr\/?p=17979&lang=fr#primaryimage"},"image":{"@id":"https:\/\/lequotidien.mr\/?p=17979&lang=fr#primaryimage"},"thumbnailUrl":"https:\/\/lequotidien.mr\/wp-content\/uploads\/2024\/05\/photo-OCI-Banjul-2024.jpg","datePublished":"2024-05-04T20:47:18+00:00","dateModified":"2024-05-04T20:50:42+00:00","breadcrumb":{"@id":"https:\/\/lequotidien.mr\/?p=17979&lang=fr#breadcrumb"},"inLanguage":"ar","potentialAction":[{"@type":"ReadAction","target":["https:\/\/lequotidien.mr\/?p=17979&lang=fr"]}]},{"@type":"ImageObject","inLanguage":"ar","@id":"https:\/\/lequotidien.mr\/?p=17979&lang=fr#primaryimage","url":"https:\/\/lequotidien.mr\/wp-content\/uploads\/2024\/05\/photo-OCI-Banjul-2024.jpg","contentUrl":"https:\/\/lequotidien.mr\/wp-content\/uploads\/2024\/05\/photo-OCI-Banjul-2024.jpg","width":450,"height":202},{"@type":"BreadcrumbList","@id":"https:\/\/lequotidien.mr\/?p=17979&lang=fr#breadcrumb","itemListElement":[{"@type":"ListItem","position":1,"name":"Home","item":"https:\/\/lequotidien.mr\/"},{"@type":"ListItem","position":2,"name":"15\u00e8me session de la Conf\u00e9rence au Sommet de l&rsquo;Organisation de la Coop\u00e9ration Islamique (OCI) \u00e0 Banjul : Promouvoir l&rsquo;unit\u00e9 et la solidarit\u00e9 \u00e0 travers le dialogue pour le d\u00e9veloppement durable"}]},{"@type":"WebSite","@id":"https:\/\/lequotidien.mr\/#website","url":"https:\/\/lequotidien.mr\/","name":"Le Quotidien de Nouakchott","description":"\u0625\u062e\u0628\u0627\u0631\u064a\u0629 \u0645\u0633\u062a\u0642\u0644\u0629 \u0644\u0644\u0623\u0646\u0628\u0627\u0621 \u0627\u0644\u0639\u0627\u0645\u0629","publisher":{"@id":"https:\/\/lequotidien.mr\/#organization"},"potentialAction":[{"@type":"SearchAction","target":{"@type":"EntryPoint","urlTemplate":"https:\/\/lequotidien.mr\/?s={search_term_string}"},"query-input":{"@type":"PropertyValueSpecification","valueRequired":true,"valueName":"search_term_string"}}],"inLanguage":"ar"},{"@type":"Organization","@id":"https:\/\/lequotidien.mr\/#organization","name":"Le Quotidien de Nouakchott","url":"https:\/\/lequotidien.mr\/","logo":{"@type":"ImageObject","inLanguage":"ar","@id":"https:\/\/lequotidien.mr\/#\/schema\/logo\/image\/","url":"https:\/\/lequotidien.mr\/wp-content\/uploads\/2022\/11\/logolequotidien.jpg","contentUrl":"https:\/\/lequotidien.mr\/wp-content\/uploads\/2022\/11\/logolequotidien.jpg","width":290,"height":65,"caption":"Le Quotidien de Nouakchott"},"image":{"@id":"https:\/\/lequotidien.mr\/#\/schema\/logo\/image\/"},"sameAs":["https:\/\/web.facebook.com\/lequotidienmr","https:\/\/x.com\/lequotidienmr"]},{"@type":"Person","@id":"https:\/\/lequotidien.mr\/#\/schema\/person\/d2d350202a4d599685ed8abc25f97596","name":"Med Ahmed","image":{"@type":"ImageObject","inLanguage":"ar","@id":"https:\/\/secure.gravatar.com\/avatar\/fd2acc62ed50732923d1d39c17172c9b04149f142be92310ecc69e1358f94b52?s=96&d=mm&r=g","url":"https:\/\/secure.gravatar.com\/avatar\/fd2acc62ed50732923d1d39c17172c9b04149f142be92310ecc69e1358f94b52?s=96&d=mm&r=g","contentUrl":"https:\/\/secure.gravatar.com\/avatar\/fd2acc62ed50732923d1d39c17172c9b04149f142be92310ecc69e1358f94b52?s=96&d=mm&r=g","caption":"Med Ahmed"},"url":"https:\/\/lequotidien.mr\/?author=12"}]}},"_links":{"self":[{"href":"https:\/\/lequotidien.mr\/index.php?rest_route=\/wp\/v2\/posts\/17979","targetHints":{"allow":["GET"]}}],"collection":[{"href":"https:\/\/lequotidien.mr\/index.php?rest_route=\/wp\/v2\/posts"}],"about":[{"href":"https:\/\/lequotidien.mr\/index.php?rest_route=\/wp\/v2\/types\/post"}],"author":[{"embeddable":true,"href":"https:\/\/lequotidien.mr\/index.php?rest_route=\/wp\/v2\/users\/12"}],"replies":[{"embeddable":true,"href":"https:\/\/lequotidien.mr\/index.php?rest_route=%2Fwp%2Fv2%2Fcomments&post=17979"}],"version-history":[{"count":2,"href":"https:\/\/lequotidien.mr\/index.php?rest_route=\/wp\/v2\/posts\/17979\/revisions"}],"predecessor-version":[{"id":17982,"href":"https:\/\/lequotidien.mr\/index.php?rest_route=\/wp\/v2\/posts\/17979\/revisions\/17982"}],"wp:featuredmedia":[{"embeddable":true,"href":"https:\/\/lequotidien.mr\/index.php?rest_route=\/wp\/v2\/media\/17980"}],"wp:attachment":[{"href":"https:\/\/lequotidien.mr\/index.php?rest_route=%2Fwp%2Fv2%2Fmedia&parent=17979"}],"wp:term":[{"taxonomy":"category","embeddable":true,"href":"https:\/\/lequotidien.mr\/index.php?rest_route=%2Fwp%2Fv2%2Fcategories&post=17979"},{"taxonomy":"post_tag","embeddable":true,"href":"https:\/\/lequotidien.mr\/index.php?rest_route=%2Fwp%2Fv2%2Ftags&post=17979"}],"curies":[{"name":"wp","href":"https:\/\/api.w.org\/{rel}","templated":true}]}}