{"id":17933,"date":"2024-05-03T09:28:20","date_gmt":"2024-05-03T09:28:20","guid":{"rendered":"https:\/\/lequotidien.mr\/?p=17933"},"modified":"2024-05-03T09:28:20","modified_gmt":"2024-05-03T09:28:20","slug":"le-president-ghazouani-felicite-la-presse-et-sengage-a-creer-un-environnement-plus-propice","status":"publish","type":"post","link":"https:\/\/lequotidien.mr\/?p=17933&lang=fr","title":{"rendered":"Le Pr\u00e9sident Ghazouani f\u00e9licite la presse et s&#8217;engage \u00e0 &#8220;cr\u00e9er un environnement plus propice&#8221;"},"content":{"rendered":"<h1 style=\"text-align: justify; background: white; margin: 5.0pt 16.5pt 7.5pt 16.5pt;\"><span style=\"font-size: 12.0pt; font-weight: normal;\">Le 3 mai, \u00e0 l&#8217;occasion de la Journ\u00e9e mondiale de la libert\u00e9 de la presse, le pr\u00e9sident mauritanien, Mohamed Ould Ghazouani, a adress\u00e9 ses sinc\u00e8res f\u00e9licitations \u00e0 tous les membres de la communaut\u00e9 journalistique en Mauritanie. Cette journ\u00e9e, c\u00e9l\u00e9br\u00e9e chaque ann\u00e9e, symbolise l&#8217;importance de la libert\u00e9 de la presse dans le monde entier.<\/span><\/h1>\n<h1 style=\"text-align: justify; background: white; margin: 5.0pt 16.5pt 7.5pt 16.5pt;\"><span style=\"font-size: 12.0pt; font-weight: normal;\">\u00a0<\/span><span style=\"font-size: 12.0pt; font-weight: normal;\">Dans son message, le pr\u00e9sident Ghazouani a r\u00e9affirm\u00e9 son engagement \u00e0 continuer de travailler pour cr\u00e9er un environnement plus favorable pour les journalistes en Mauritanie. Il a soulign\u00e9 l&#8217;importance pour les journalistes de pouvoir exercer leur m\u00e9tier en conformit\u00e9 avec les lois et l&#8217;\u00e9thique professionnelle, essentielles \u00e0 l&#8217;int\u00e9grit\u00e9 de cette profession noble.<\/span><\/h1>\n<h1 style=\"text-align: justify; background: white; margin: 5.0pt 16.5pt 7.5pt 16.5pt;\"><span style=\"font-size: 12.0pt; font-weight: normal;\">\u00a0<\/span><span style=\"font-size: 12.0pt; font-weight: normal;\">Peu apr\u00e8s son accession au pouvoir il y a cinq ans, le pr\u00e9sident Ghazouani avait institu\u00e9 une commission charg\u00e9e d&#8217;\u00e9laborer une vision pour la r\u00e9forme de la presse dans le pays. Cette commission a men\u00e9 plusieurs rencontres avec des journalistes et a abouti \u00e0 la r\u00e9daction d&#8217;un rapport qui pr\u00e9sente un diagnostic de l&#8217;\u00e9tat de la presse en Mauritanie ainsi que des propositions pour son am\u00e9lioration, qu&#8217;elle a ensuite soumises au pr\u00e9sident. Mais depuis cette date, la mise en \u0153uvre des propositions a pris un retard consid\u00e9rable.<\/span><\/h1>\n<h1 style=\"text-align: justify; background: white; margin: 5.0pt 16.5pt 7.5pt 16.5pt;\"><span style=\"font-size: 12.0pt; font-weight: normal;\">\u00a0<\/span><span style=\"font-size: 12.0pt; font-weight: normal;\">Cette initiative fait partie des efforts continus du gouvernement pour assurer que les journalistes puissent travailler dans des conditions qui respectent leur libert\u00e9 tout en favorisant une information de qualit\u00e9, accessible \u00e0 tous les citoyens. Le pr\u00e9sident Ghazouani exprime ainsi son d\u00e9sir de voir la presse mauritanienne prosp\u00e9rer, contribuant ainsi au d\u00e9veloppement d\u00e9mocratique et \u00e0 l&#8217;information du public en Mauritanie.<\/span><\/h1>\n","protected":false},"excerpt":{"rendered":"<p>Le 3 mai, \u00e0 l&#8217;occasion de la Journ\u00e9e mondiale de la libert\u00e9 de la presse, le pr\u00e9sident mauritanien, Mohamed Ould Ghazouani, a adress\u00e9 ses sinc\u00e8res f\u00e9licitations \u00e0 tous les membres de la communaut\u00e9 journalistique en Mauritanie. Cette journ\u00e9e, c\u00e9l\u00e9br\u00e9e chaque ann\u00e9e, symbolise l&#8217;importance de la libert\u00e9 de la presse dans le monde entier. \u00a0Dans son&#8230;..<\/p>\n","protected":false},"author":4,"featured_media":17934,"comment_status":"open","ping_status":"open","sticky":false,"template":"","format":"standard","meta":{"footnotes":""},"categories":[23,57],"tags":[],"class_list":["post-17933","post","type-post","status-publish","format-standard","has-post-thumbnail","hentry","category-actualite","category-couverture-specilale"],"yoast_head":"<!-- This site is optimized with the Yoast SEO plugin v27.5 - https:\/\/yoast.com\/product\/yoast-seo-wordpress\/ -->\n<title>Le Pr\u00e9sident Ghazouani f\u00e9licite la presse et s&#039;engage \u00e0 &quot;cr\u00e9er un environnement plus propice&quot; - Le Quotidien de Nouakchott<\/title>\n<meta name=\"robots\" content=\"index, follow, max-snippet:-1, max-image-preview:large, max-video-preview:-1\" \/>\n<link rel=\"canonical\" href=\"https:\/\/lequotidien.mr\/?p=17933&lang=fr\" \/>\n<meta property=\"og:locale\" content=\"ar_AR\" \/>\n<meta property=\"og:type\" content=\"article\" \/>\n<meta property=\"og:title\" content=\"Le Pr\u00e9sident Ghazouani f\u00e9licite la presse et s&#039;engage \u00e0 &quot;cr\u00e9er un environnement plus propice&quot; - Le Quotidien de Nouakchott\" \/>\n<meta property=\"og:description\" content=\"Le 3 mai, \u00e0 l&#8217;occasion de la Journ\u00e9e mondiale de la libert\u00e9 de la presse, le pr\u00e9sident mauritanien, Mohamed Ould Ghazouani, a adress\u00e9 ses sinc\u00e8res f\u00e9licitations \u00e0 tous les membres de la communaut\u00e9 journalistique en Mauritanie. Cette journ\u00e9e, c\u00e9l\u00e9br\u00e9e chaque ann\u00e9e, symbolise l&#8217;importance de la libert\u00e9 de la presse dans le monde entier. \u00a0Dans son.....\" \/>\n<meta property=\"og:url\" content=\"https:\/\/lequotidien.mr\/?p=17933&amp;lang=fr\" \/>\n<meta property=\"og:site_name\" content=\"Le Quotidien de Nouakchott\" \/>\n<meta property=\"article:publisher\" content=\"https:\/\/web.facebook.com\/lequotidienmr\" \/>\n<meta property=\"article:published_time\" content=\"2024-05-03T09:28:20+00:00\" \/>\n<meta property=\"og:image\" content=\"https:\/\/lequotidien.mr\/wp-content\/uploads\/2024\/05\/864384745.jpeg\" \/>\n\t<meta property=\"og:image:width\" content=\"792\" \/>\n\t<meta property=\"og:image:height\" content=\"247\" \/>\n\t<meta property=\"og:image:type\" content=\"image\/jpeg\" \/>\n<meta name=\"author\" content=\"Le Quotidien\" \/>\n<meta name=\"twitter:card\" content=\"summary_large_image\" \/>\n<meta name=\"twitter:creator\" content=\"@lequotidienmr\" \/>\n<meta name=\"twitter:site\" content=\"@lequotidienmr\" \/>\n<meta name=\"twitter:label1\" content=\"\u0643\u064f\u062a\u0628 \u0628\u0648\u0627\u0633\u0637\u0629\" \/>\n\t<meta name=\"twitter:data1\" content=\"Le Quotidien\" \/>\n\t<meta name=\"twitter:label2\" content=\"\u0648\u0642\u062a \u0627\u0644\u0642\u0631\u0627\u0621\u0629 \u0627\u0644\u0645\u064f\u0642\u062f\u0651\u0631\" \/>\n\t<meta name=\"twitter:data2\" content=\"\u062f\u0642\u064a\u0642\u0629 \u0648\u0627\u062d\u062f\u0629\" \/>\n<script type=\"application\/ld+json\" class=\"yoast-schema-graph\">{\"@context\":\"https:\\\/\\\/schema.org\",\"@graph\":[{\"@type\":\"Article\",\"@id\":\"https:\\\/\\\/lequotidien.mr\\\/?p=17933&lang=fr#article\",\"isPartOf\":{\"@id\":\"https:\\\/\\\/lequotidien.mr\\\/?p=17933&lang=fr\"},\"author\":{\"name\":\"Le Quotidien\",\"@id\":\"https:\\\/\\\/lequotidien.mr\\\/#\\\/schema\\\/person\\\/f90fcdaa970c60288de4ed2e64a56472\"},\"headline\":\"Le Pr\u00e9sident Ghazouani f\u00e9licite la presse et s&#8217;engage \u00e0 &#8220;cr\u00e9er un environnement plus propice&#8221;\",\"datePublished\":\"2024-05-03T09:28:20+00:00\",\"mainEntityOfPage\":{\"@id\":\"https:\\\/\\\/lequotidien.mr\\\/?p=17933&lang=fr\"},\"wordCount\":299,\"commentCount\":0,\"publisher\":{\"@id\":\"https:\\\/\\\/lequotidien.mr\\\/#organization\"},\"image\":{\"@id\":\"https:\\\/\\\/lequotidien.mr\\\/?p=17933&lang=fr#primaryimage\"},\"thumbnailUrl\":\"https:\\\/\\\/lequotidien.mr\\\/wp-content\\\/uploads\\\/2024\\\/05\\\/864384745.jpeg\",\"articleSection\":[\"ACTUALIT\u00c9\",\"Couverture sp\u00e9cilale\"],\"inLanguage\":\"ar\",\"potentialAction\":[{\"@type\":\"CommentAction\",\"name\":\"Comment\",\"target\":[\"https:\\\/\\\/lequotidien.mr\\\/?p=17933&lang=fr#respond\"]}]},{\"@type\":\"WebPage\",\"@id\":\"https:\\\/\\\/lequotidien.mr\\\/?p=17933&lang=fr\",\"url\":\"https:\\\/\\\/lequotidien.mr\\\/?p=17933&lang=fr\",\"name\":\"Le Pr\u00e9sident Ghazouani f\u00e9licite la presse et s'engage \u00e0 \\\"cr\u00e9er un environnement plus propice\\\" - Le Quotidien de Nouakchott\",\"isPartOf\":{\"@id\":\"https:\\\/\\\/lequotidien.mr\\\/#website\"},\"primaryImageOfPage\":{\"@id\":\"https:\\\/\\\/lequotidien.mr\\\/?p=17933&lang=fr#primaryimage\"},\"image\":{\"@id\":\"https:\\\/\\\/lequotidien.mr\\\/?p=17933&lang=fr#primaryimage\"},\"thumbnailUrl\":\"https:\\\/\\\/lequotidien.mr\\\/wp-content\\\/uploads\\\/2024\\\/05\\\/864384745.jpeg\",\"datePublished\":\"2024-05-03T09:28:20+00:00\",\"breadcrumb\":{\"@id\":\"https:\\\/\\\/lequotidien.mr\\\/?p=17933&lang=fr#breadcrumb\"},\"inLanguage\":\"ar\",\"potentialAction\":[{\"@type\":\"ReadAction\",\"target\":[\"https:\\\/\\\/lequotidien.mr\\\/?p=17933&lang=fr\"]}]},{\"@type\":\"ImageObject\",\"inLanguage\":\"ar\",\"@id\":\"https:\\\/\\\/lequotidien.mr\\\/?p=17933&lang=fr#primaryimage\",\"url\":\"https:\\\/\\\/lequotidien.mr\\\/wp-content\\\/uploads\\\/2024\\\/05\\\/864384745.jpeg\",\"contentUrl\":\"https:\\\/\\\/lequotidien.mr\\\/wp-content\\\/uploads\\\/2024\\\/05\\\/864384745.jpeg\",\"width\":792,\"height\":247},{\"@type\":\"BreadcrumbList\",\"@id\":\"https:\\\/\\\/lequotidien.mr\\\/?p=17933&lang=fr#breadcrumb\",\"itemListElement\":[{\"@type\":\"ListItem\",\"position\":1,\"name\":\"Home\",\"item\":\"https:\\\/\\\/lequotidien.mr\\\/\"},{\"@type\":\"ListItem\",\"position\":2,\"name\":\"Le Pr\u00e9sident Ghazouani f\u00e9licite la presse et s&#8217;engage \u00e0 &#8220;cr\u00e9er un environnement plus propice&#8221;\"}]},{\"@type\":\"WebSite\",\"@id\":\"https:\\\/\\\/lequotidien.mr\\\/#website\",\"url\":\"https:\\\/\\\/lequotidien.mr\\\/\",\"name\":\"Le Quotidien de Nouakchott\",\"description\":\"\u0625\u062e\u0628\u0627\u0631\u064a\u0629 \u0645\u0633\u062a\u0642\u0644\u0629 \u0644\u0644\u0623\u0646\u0628\u0627\u0621 \u0627\u0644\u0639\u0627\u0645\u0629\",\"publisher\":{\"@id\":\"https:\\\/\\\/lequotidien.mr\\\/#organization\"},\"potentialAction\":[{\"@type\":\"SearchAction\",\"target\":{\"@type\":\"EntryPoint\",\"urlTemplate\":\"https:\\\/\\\/lequotidien.mr\\\/?s={search_term_string}\"},\"query-input\":{\"@type\":\"PropertyValueSpecification\",\"valueRequired\":true,\"valueName\":\"search_term_string\"}}],\"inLanguage\":\"ar\"},{\"@type\":\"Organization\",\"@id\":\"https:\\\/\\\/lequotidien.mr\\\/#organization\",\"name\":\"Le Quotidien de Nouakchott\",\"url\":\"https:\\\/\\\/lequotidien.mr\\\/\",\"logo\":{\"@type\":\"ImageObject\",\"inLanguage\":\"ar\",\"@id\":\"https:\\\/\\\/lequotidien.mr\\\/#\\\/schema\\\/logo\\\/image\\\/\",\"url\":\"https:\\\/\\\/lequotidien.mr\\\/wp-content\\\/uploads\\\/2022\\\/11\\\/logolequotidien.jpg\",\"contentUrl\":\"https:\\\/\\\/lequotidien.mr\\\/wp-content\\\/uploads\\\/2022\\\/11\\\/logolequotidien.jpg\",\"width\":290,\"height\":65,\"caption\":\"Le Quotidien de Nouakchott\"},\"image\":{\"@id\":\"https:\\\/\\\/lequotidien.mr\\\/#\\\/schema\\\/logo\\\/image\\\/\"},\"sameAs\":[\"https:\\\/\\\/web.facebook.com\\\/lequotidienmr\",\"https:\\\/\\\/x.com\\\/lequotidienmr\"]},{\"@type\":\"Person\",\"@id\":\"https:\\\/\\\/lequotidien.mr\\\/#\\\/schema\\\/person\\\/f90fcdaa970c60288de4ed2e64a56472\",\"name\":\"Le Quotidien\",\"image\":{\"@type\":\"ImageObject\",\"inLanguage\":\"ar\",\"@id\":\"https:\\\/\\\/secure.gravatar.com\\\/avatar\\\/374cb39a1a458a912465a93e5a3ce6546886fc3da809a1f10c63e4e8fcbca30f?s=96&d=mm&r=g\",\"url\":\"https:\\\/\\\/secure.gravatar.com\\\/avatar\\\/374cb39a1a458a912465a93e5a3ce6546886fc3da809a1f10c63e4e8fcbca30f?s=96&d=mm&r=g\",\"contentUrl\":\"https:\\\/\\\/secure.gravatar.com\\\/avatar\\\/374cb39a1a458a912465a93e5a3ce6546886fc3da809a1f10c63e4e8fcbca30f?s=96&d=mm&r=g\",\"caption\":\"Le Quotidien\"},\"sameAs\":[\"https:\\\/\\\/lequotidien.mr\\\/\"],\"url\":\"https:\\\/\\\/lequotidien.mr\\\/?author=4\"}]}<\/script>\n<!-- \/ Yoast SEO plugin. -->","yoast_head_json":{"title":"Le Pr\u00e9sident Ghazouani f\u00e9licite la presse et s'engage \u00e0 \"cr\u00e9er un environnement plus propice\" - Le Quotidien de Nouakchott","robots":{"index":"index","follow":"follow","max-snippet":"max-snippet:-1","max-image-preview":"max-image-preview:large","max-video-preview":"max-video-preview:-1"},"canonical":"https:\/\/lequotidien.mr\/?p=17933&lang=fr","og_locale":"ar_AR","og_type":"article","og_title":"Le Pr\u00e9sident Ghazouani f\u00e9licite la presse et s'engage \u00e0 \"cr\u00e9er un environnement plus propice\" - Le Quotidien de Nouakchott","og_description":"Le 3 mai, \u00e0 l&#8217;occasion de la Journ\u00e9e mondiale de la libert\u00e9 de la presse, le pr\u00e9sident mauritanien, Mohamed Ould Ghazouani, a adress\u00e9 ses sinc\u00e8res f\u00e9licitations \u00e0 tous les membres de la communaut\u00e9 journalistique en Mauritanie. Cette journ\u00e9e, c\u00e9l\u00e9br\u00e9e chaque ann\u00e9e, symbolise l&#8217;importance de la libert\u00e9 de la presse dans le monde entier. \u00a0Dans son.....","og_url":"https:\/\/lequotidien.mr\/?p=17933&lang=fr","og_site_name":"Le Quotidien de Nouakchott","article_publisher":"https:\/\/web.facebook.com\/lequotidienmr","article_published_time":"2024-05-03T09:28:20+00:00","og_image":[{"width":792,"height":247,"url":"https:\/\/lequotidien.mr\/wp-content\/uploads\/2024\/05\/864384745.jpeg","type":"image\/jpeg"}],"author":"Le Quotidien","twitter_card":"summary_large_image","twitter_creator":"@lequotidienmr","twitter_site":"@lequotidienmr","twitter_misc":{"\u0643\u064f\u062a\u0628 \u0628\u0648\u0627\u0633\u0637\u0629":"Le Quotidien","\u0648\u0642\u062a \u0627\u0644\u0642\u0631\u0627\u0621\u0629 \u0627\u0644\u0645\u064f\u0642\u062f\u0651\u0631":"\u062f\u0642\u064a\u0642\u0629 \u0648\u0627\u062d\u062f\u0629"},"schema":{"@context":"https:\/\/schema.org","@graph":[{"@type":"Article","@id":"https:\/\/lequotidien.mr\/?p=17933&lang=fr#article","isPartOf":{"@id":"https:\/\/lequotidien.mr\/?p=17933&lang=fr"},"author":{"name":"Le Quotidien","@id":"https:\/\/lequotidien.mr\/#\/schema\/person\/f90fcdaa970c60288de4ed2e64a56472"},"headline":"Le Pr\u00e9sident Ghazouani f\u00e9licite la presse et s&#8217;engage \u00e0 &#8220;cr\u00e9er un environnement plus propice&#8221;","datePublished":"2024-05-03T09:28:20+00:00","mainEntityOfPage":{"@id":"https:\/\/lequotidien.mr\/?p=17933&lang=fr"},"wordCount":299,"commentCount":0,"publisher":{"@id":"https:\/\/lequotidien.mr\/#organization"},"image":{"@id":"https:\/\/lequotidien.mr\/?p=17933&lang=fr#primaryimage"},"thumbnailUrl":"https:\/\/lequotidien.mr\/wp-content\/uploads\/2024\/05\/864384745.jpeg","articleSection":["ACTUALIT\u00c9","Couverture sp\u00e9cilale"],"inLanguage":"ar","potentialAction":[{"@type":"CommentAction","name":"Comment","target":["https:\/\/lequotidien.mr\/?p=17933&lang=fr#respond"]}]},{"@type":"WebPage","@id":"https:\/\/lequotidien.mr\/?p=17933&lang=fr","url":"https:\/\/lequotidien.mr\/?p=17933&lang=fr","name":"Le Pr\u00e9sident Ghazouani f\u00e9licite la presse et s'engage \u00e0 \"cr\u00e9er un environnement plus propice\" - Le Quotidien de Nouakchott","isPartOf":{"@id":"https:\/\/lequotidien.mr\/#website"},"primaryImageOfPage":{"@id":"https:\/\/lequotidien.mr\/?p=17933&lang=fr#primaryimage"},"image":{"@id":"https:\/\/lequotidien.mr\/?p=17933&lang=fr#primaryimage"},"thumbnailUrl":"https:\/\/lequotidien.mr\/wp-content\/uploads\/2024\/05\/864384745.jpeg","datePublished":"2024-05-03T09:28:20+00:00","breadcrumb":{"@id":"https:\/\/lequotidien.mr\/?p=17933&lang=fr#breadcrumb"},"inLanguage":"ar","potentialAction":[{"@type":"ReadAction","target":["https:\/\/lequotidien.mr\/?p=17933&lang=fr"]}]},{"@type":"ImageObject","inLanguage":"ar","@id":"https:\/\/lequotidien.mr\/?p=17933&lang=fr#primaryimage","url":"https:\/\/lequotidien.mr\/wp-content\/uploads\/2024\/05\/864384745.jpeg","contentUrl":"https:\/\/lequotidien.mr\/wp-content\/uploads\/2024\/05\/864384745.jpeg","width":792,"height":247},{"@type":"BreadcrumbList","@id":"https:\/\/lequotidien.mr\/?p=17933&lang=fr#breadcrumb","itemListElement":[{"@type":"ListItem","position":1,"name":"Home","item":"https:\/\/lequotidien.mr\/"},{"@type":"ListItem","position":2,"name":"Le Pr\u00e9sident Ghazouani f\u00e9licite la presse et s&#8217;engage \u00e0 &#8220;cr\u00e9er un environnement plus propice&#8221;"}]},{"@type":"WebSite","@id":"https:\/\/lequotidien.mr\/#website","url":"https:\/\/lequotidien.mr\/","name":"Le Quotidien de Nouakchott","description":"\u0625\u062e\u0628\u0627\u0631\u064a\u0629 \u0645\u0633\u062a\u0642\u0644\u0629 \u0644\u0644\u0623\u0646\u0628\u0627\u0621 \u0627\u0644\u0639\u0627\u0645\u0629","publisher":{"@id":"https:\/\/lequotidien.mr\/#organization"},"potentialAction":[{"@type":"SearchAction","target":{"@type":"EntryPoint","urlTemplate":"https:\/\/lequotidien.mr\/?s={search_term_string}"},"query-input":{"@type":"PropertyValueSpecification","valueRequired":true,"valueName":"search_term_string"}}],"inLanguage":"ar"},{"@type":"Organization","@id":"https:\/\/lequotidien.mr\/#organization","name":"Le Quotidien de Nouakchott","url":"https:\/\/lequotidien.mr\/","logo":{"@type":"ImageObject","inLanguage":"ar","@id":"https:\/\/lequotidien.mr\/#\/schema\/logo\/image\/","url":"https:\/\/lequotidien.mr\/wp-content\/uploads\/2022\/11\/logolequotidien.jpg","contentUrl":"https:\/\/lequotidien.mr\/wp-content\/uploads\/2022\/11\/logolequotidien.jpg","width":290,"height":65,"caption":"Le Quotidien de Nouakchott"},"image":{"@id":"https:\/\/lequotidien.mr\/#\/schema\/logo\/image\/"},"sameAs":["https:\/\/web.facebook.com\/lequotidienmr","https:\/\/x.com\/lequotidienmr"]},{"@type":"Person","@id":"https:\/\/lequotidien.mr\/#\/schema\/person\/f90fcdaa970c60288de4ed2e64a56472","name":"Le Quotidien","image":{"@type":"ImageObject","inLanguage":"ar","@id":"https:\/\/secure.gravatar.com\/avatar\/374cb39a1a458a912465a93e5a3ce6546886fc3da809a1f10c63e4e8fcbca30f?s=96&d=mm&r=g","url":"https:\/\/secure.gravatar.com\/avatar\/374cb39a1a458a912465a93e5a3ce6546886fc3da809a1f10c63e4e8fcbca30f?s=96&d=mm&r=g","contentUrl":"https:\/\/secure.gravatar.com\/avatar\/374cb39a1a458a912465a93e5a3ce6546886fc3da809a1f10c63e4e8fcbca30f?s=96&d=mm&r=g","caption":"Le Quotidien"},"sameAs":["https:\/\/lequotidien.mr\/"],"url":"https:\/\/lequotidien.mr\/?author=4"}]}},"_links":{"self":[{"href":"https:\/\/lequotidien.mr\/index.php?rest_route=\/wp\/v2\/posts\/17933","targetHints":{"allow":["GET"]}}],"collection":[{"href":"https:\/\/lequotidien.mr\/index.php?rest_route=\/wp\/v2\/posts"}],"about":[{"href":"https:\/\/lequotidien.mr\/index.php?rest_route=\/wp\/v2\/types\/post"}],"author":[{"embeddable":true,"href":"https:\/\/lequotidien.mr\/index.php?rest_route=\/wp\/v2\/users\/4"}],"replies":[{"embeddable":true,"href":"https:\/\/lequotidien.mr\/index.php?rest_route=%2Fwp%2Fv2%2Fcomments&post=17933"}],"version-history":[{"count":1,"href":"https:\/\/lequotidien.mr\/index.php?rest_route=\/wp\/v2\/posts\/17933\/revisions"}],"predecessor-version":[{"id":17935,"href":"https:\/\/lequotidien.mr\/index.php?rest_route=\/wp\/v2\/posts\/17933\/revisions\/17935"}],"wp:featuredmedia":[{"embeddable":true,"href":"https:\/\/lequotidien.mr\/index.php?rest_route=\/wp\/v2\/media\/17934"}],"wp:attachment":[{"href":"https:\/\/lequotidien.mr\/index.php?rest_route=%2Fwp%2Fv2%2Fmedia&parent=17933"}],"wp:term":[{"taxonomy":"category","embeddable":true,"href":"https:\/\/lequotidien.mr\/index.php?rest_route=%2Fwp%2Fv2%2Fcategories&post=17933"},{"taxonomy":"post_tag","embeddable":true,"href":"https:\/\/lequotidien.mr\/index.php?rest_route=%2Fwp%2Fv2%2Ftags&post=17933"}],"curies":[{"name":"wp","href":"https:\/\/api.w.org\/{rel}","templated":true}]}}