{"id":17929,"date":"2024-05-02T22:46:11","date_gmt":"2024-05-02T22:46:11","guid":{"rendered":"https:\/\/lequotidien.mr\/?p=17929"},"modified":"2024-05-02T22:46:49","modified_gmt":"2024-05-02T22:46:49","slug":"le-conseil-des-ministres-approuve-la-regulation-du-recensement-general-du-betail","status":"publish","type":"post","link":"https:\/\/lequotidien.mr\/?p=17929&lang=fr","title":{"rendered":"Le Conseil des ministres approuve la r\u00e9gulation du recensement g\u00e9n\u00e9ral du b\u00e9tail"},"content":{"rendered":"<p>Le Conseil des ministres a approuv\u00e9 lors de sa r\u00e9union hebdomadaire aujourd&#8217;hui un projet de d\u00e9cret r\u00e9gissant le recensement g\u00e9n\u00e9ral du b\u00e9tail et la cr\u00e9ation des organismes responsables.<\/p>\n<p>Ce projet s&#8217;inscrit dans le cadre de l&#8217;accord sign\u00e9 en octobre 2021 entre le minist\u00e8re du D\u00e9veloppement animal et le minist\u00e8re de l&#8217;\u00c9conomie et du D\u00e9veloppement durable en vue de r\u00e9aliser le premier recensement g\u00e9n\u00e9ral du b\u00e9tail en Mauritanie.<\/p>\n<p>Le projet devrait d\u00e9finir les objectifs g\u00e9n\u00e9raux du recensement du b\u00e9tail, notamment la collecte de donn\u00e9es ad\u00e9quates sur la richesse animale et la production animale afin de concevoir, mettre en \u0153uvre et suivre les politiques et programmes de d\u00e9veloppement du secteur pastoral, selon le communiqu\u00e9 publi\u00e9 \u00e0 l&#8217;issue de la r\u00e9union du gouvernement.<\/p>\n<p>Voici le texte int\u00e9gral du communiqu\u00e9 du Conseil des ministres :<\/p>\n<p>Le Conseil des ministres s&#8217;est r\u00e9uni ce jeudi 02 mai 2024, sous la pr\u00e9sidence de Son Excellence Monsieur Mohamed Ould Cheikh El Ghazouani, Pr\u00e9sident de la R\u00e9publique.<\/p>\n<p>Le Conseil a examin\u00e9 et approuv\u00e9 les projets de d\u00e9crets suivants :<\/p>\n<p>&#8211; Projet de d\u00e9cret portant nomination d&#8217;un membre au Conseil \u00e9conomique, social et environnemental.<\/p>\n<p>&#8211; Projet de d\u00e9cret portant nomination du pr\u00e9sident et des membres du conseil d&#8217;administration du Centre de sp\u00e9cialit\u00e9s m\u00e9dicales de Nouadhibou.<\/p>\n<p>&#8211; Projet de d\u00e9cret portant nomination du pr\u00e9sident et des membres du conseil d&#8217;administration de la Soci\u00e9t\u00e9 mauritanienne de raffinage (SOMIR).<\/p>\n<p>&#8211; Projet de d\u00e9cret r\u00e9gissant le recensement g\u00e9n\u00e9ral du b\u00e9tail et la cr\u00e9ation des organismes responsables.<\/p>\n<p>Ce projet de d\u00e9cret s&#8217;inscrit dans le cadre de l&#8217;accord sign\u00e9 en octobre 2021 entre le minist\u00e8re du D\u00e9veloppement animal et le minist\u00e8re de l&#8217;\u00c9conomie et du D\u00e9veloppement durable en vue de r\u00e9aliser le premier recensement g\u00e9n\u00e9ral du b\u00e9tail, confiant \u00e0 l&#8217;Agence nationale de statistique, d&#8217;analyse d\u00e9mographique et \u00e9conomique les pr\u00e9paratifs techniques de l&#8217;op\u00e9ration, conform\u00e9ment aux normes internationales en la mati\u00e8re, tout en tenant compte des particularit\u00e9s mauritaniennes.<\/p>\n<p>Ce projet d\u00e9finit les objectifs g\u00e9n\u00e9raux du recensement g\u00e9n\u00e9ral du b\u00e9tail, qui consistent \u00e0 collecter des donn\u00e9es ad\u00e9quates sur la richesse animale et la production animale afin de concevoir, mettre en \u0153uvre et suivre les politiques et programmes de d\u00e9veloppement du secteur pastoral. Ce projet constitue le v\u00e9ritable lancement du recensement g\u00e9n\u00e9ral du b\u00e9tail. Il inclut \u00e9galement les structures assurant le suivi, la supervision et la mise en \u0153uvre.<\/p>\n<p>&#8211; Projet de d\u00e9cret portant nomination du pr\u00e9sident et des membres du conseil d&#8217;administration de l&#8217;Agence nationale pour la r\u00e9alisation et le suivi des projets (ANSIP).<\/p>\n<p>&#8211; Projet de d\u00e9cret portant nomination du pr\u00e9sident et des membres du conseil d&#8217;administration de la Soci\u00e9t\u00e9 des a\u00e9roports de Mauritanie.<\/p>\n<p>&#8211; Projet de d\u00e9cret portant nomination du pr\u00e9sident et des membres du conseil d&#8217;administration du Centre de protection et d&#8217;int\u00e9gration sociale des enfants.<\/p>\n<p>Le ministre de l&#8217;Int\u00e9rieur et de la D\u00e9centralisation a pr\u00e9sent\u00e9 un rapport sur la situation int\u00e9rieure.<\/p>\n<p>La ministre secr\u00e9taire g\u00e9n\u00e9rale du gouvernement a pr\u00e9sent\u00e9 un rapport sur l&#8217;\u00e9tat d&#8217;avancement des grands projets pour le mois d&#8217;avril 2024.<\/p>\n<p>Ce rapport permet au gouvernement de prendre connaissance de la situation des projets \u00e0 la fin avril, refl\u00e9tant l&#8217;efficacit\u00e9 des mesures prises pour lever les obstacles ayant affect\u00e9 la mise en \u0153uvre des projets et renforcer les performances.<\/p>\n<p>En avril, le portefeuille comptait 124 projets contre 123 en mars d&#8217;une part, et une augmentation du nombre de projets r\u00e9alis\u00e9s passant de 23 en mars \u00e0 24 en avril, d&#8217;autre part.<\/p>\n<p>Le ministre d\u00e9l\u00e9gu\u00e9 aupr\u00e8s du ministre des Affaires \u00e9trang\u00e8res, de la Coop\u00e9ration et des Mauritaniens de l&#8217;ext\u00e9rieur charg\u00e9 des Mauritaniens de l&#8217;\u00e9tranger a pr\u00e9sent\u00e9 un rapport sur la situation internationale.<\/p>\n<p>Enfin, le Conseil des ministres a pris les mesures particuli\u00e8res suivantes :<\/p>\n<p>Minist\u00e8re des Finances<\/p>\n<p>Administration centrale<\/p>\n<p>Direction g\u00e9n\u00e9rale des imp\u00f4ts<\/p>\n<p>Directeur : Hamadi Ould Hadou, inspecteur des imp\u00f4ts, chef du service de contr\u00f4le fiscal du projet de gaz du champ Ahmeyim.<\/p>\n","protected":false},"excerpt":{"rendered":"<p>Le Conseil des ministres a approuv\u00e9 lors de sa r\u00e9union hebdomadaire aujourd&#8217;hui un projet de d\u00e9cret r\u00e9gissant le recensement g\u00e9n\u00e9ral du b\u00e9tail et la cr\u00e9ation des organismes responsables. Ce projet s&#8217;inscrit dans le cadre de l&#8217;accord sign\u00e9 en octobre 2021 entre le minist\u00e8re du D\u00e9veloppement animal et le minist\u00e8re de l&#8217;\u00c9conomie et du D\u00e9veloppement durable&#8230;..<\/p>\n","protected":false},"author":3,"featured_media":17930,"comment_status":"open","ping_status":"open","sticky":false,"template":"","format":"standard","meta":{"footnotes":""},"categories":[23,49],"tags":[],"class_list":["post-17929","post","type-post","status-publish","format-standard","has-post-thumbnail","hentry","category-actualite","category-economie"],"yoast_head":"<!-- This site is optimized with the Yoast SEO plugin v27.5 - https:\/\/yoast.com\/product\/yoast-seo-wordpress\/ -->\n<title>Le Conseil des ministres approuve la r\u00e9gulation du recensement g\u00e9n\u00e9ral du b\u00e9tail - Le Quotidien de Nouakchott<\/title>\n<meta name=\"robots\" content=\"index, follow, max-snippet:-1, max-image-preview:large, max-video-preview:-1\" \/>\n<link rel=\"canonical\" href=\"https:\/\/lequotidien.mr\/?p=17929&lang=fr\" \/>\n<meta property=\"og:locale\" content=\"ar_AR\" \/>\n<meta property=\"og:type\" content=\"article\" \/>\n<meta property=\"og:title\" content=\"Le Conseil des ministres approuve la r\u00e9gulation du recensement g\u00e9n\u00e9ral du b\u00e9tail - Le Quotidien de Nouakchott\" \/>\n<meta property=\"og:description\" content=\"Le Conseil des ministres a approuv\u00e9 lors de sa r\u00e9union hebdomadaire aujourd&#8217;hui un projet de d\u00e9cret r\u00e9gissant le recensement g\u00e9n\u00e9ral du b\u00e9tail et la cr\u00e9ation des organismes responsables. Ce projet s&#8217;inscrit dans le cadre de l&#8217;accord sign\u00e9 en octobre 2021 entre le minist\u00e8re du D\u00e9veloppement animal et le minist\u00e8re de l&#8217;\u00c9conomie et du D\u00e9veloppement durable.....\" \/>\n<meta property=\"og:url\" content=\"https:\/\/lequotidien.mr\/?p=17929&amp;lang=fr\" \/>\n<meta property=\"og:site_name\" content=\"Le Quotidien de Nouakchott\" \/>\n<meta property=\"article:publisher\" content=\"https:\/\/web.facebook.com\/lequotidienmr\" \/>\n<meta property=\"article:author\" content=\"https:\/\/web.facebook.com\/a.mleiwih\" \/>\n<meta property=\"article:published_time\" content=\"2024-05-02T22:46:11+00:00\" \/>\n<meta property=\"article:modified_time\" content=\"2024-05-02T22:46:49+00:00\" \/>\n<meta property=\"og:image\" content=\"https:\/\/lequotidien.mr\/wp-content\/uploads\/2024\/05\/FB_IMG_1714681888108-1.jpg\" \/>\n\t<meta property=\"og:image:width\" content=\"1080\" \/>\n\t<meta property=\"og:image:height\" content=\"786\" \/>\n\t<meta property=\"og:image:type\" content=\"image\/jpeg\" \/>\n<meta name=\"author\" content=\"Alioun M&#039;leiwih\" \/>\n<meta name=\"twitter:card\" content=\"summary_large_image\" \/>\n<meta name=\"twitter:creator\" content=\"@lequotidienmr\" \/>\n<meta name=\"twitter:site\" content=\"@lequotidienmr\" \/>\n<meta name=\"twitter:label1\" content=\"\u0643\u064f\u062a\u0628 \u0628\u0648\u0627\u0633\u0637\u0629\" \/>\n\t<meta name=\"twitter:data1\" content=\"Alioun M&#039;leiwih\" \/>\n\t<meta name=\"twitter:label2\" content=\"\u0648\u0642\u062a \u0627\u0644\u0642\u0631\u0627\u0621\u0629 \u0627\u0644\u0645\u064f\u0642\u062f\u0651\u0631\" \/>\n\t<meta name=\"twitter:data2\" content=\"4 \u062f\u0642\u0627\u0626\u0642\" \/>\n<script type=\"application\/ld+json\" class=\"yoast-schema-graph\">{\"@context\":\"https:\\\/\\\/schema.org\",\"@graph\":[{\"@type\":\"Article\",\"@id\":\"https:\\\/\\\/lequotidien.mr\\\/?p=17929&lang=fr#article\",\"isPartOf\":{\"@id\":\"https:\\\/\\\/lequotidien.mr\\\/?p=17929&lang=fr\"},\"author\":{\"name\":\"Alioun M'leiwih\",\"@id\":\"https:\\\/\\\/lequotidien.mr\\\/#\\\/schema\\\/person\\\/69d1518c74c9137087929a20b1272cb0\"},\"headline\":\"Le Conseil des ministres approuve la r\u00e9gulation du recensement g\u00e9n\u00e9ral du b\u00e9tail\",\"datePublished\":\"2024-05-02T22:46:11+00:00\",\"dateModified\":\"2024-05-02T22:46:49+00:00\",\"mainEntityOfPage\":{\"@id\":\"https:\\\/\\\/lequotidien.mr\\\/?p=17929&lang=fr\"},\"wordCount\":762,\"commentCount\":0,\"publisher\":{\"@id\":\"https:\\\/\\\/lequotidien.mr\\\/#organization\"},\"image\":{\"@id\":\"https:\\\/\\\/lequotidien.mr\\\/?p=17929&lang=fr#primaryimage\"},\"thumbnailUrl\":\"https:\\\/\\\/lequotidien.mr\\\/wp-content\\\/uploads\\\/2024\\\/05\\\/FB_IMG_1714681888108-1.jpg\",\"articleSection\":[\"ACTUALIT\u00c9\",\"Economie\"],\"inLanguage\":\"ar\",\"potentialAction\":[{\"@type\":\"CommentAction\",\"name\":\"Comment\",\"target\":[\"https:\\\/\\\/lequotidien.mr\\\/?p=17929&lang=fr#respond\"]}]},{\"@type\":\"WebPage\",\"@id\":\"https:\\\/\\\/lequotidien.mr\\\/?p=17929&lang=fr\",\"url\":\"https:\\\/\\\/lequotidien.mr\\\/?p=17929&lang=fr\",\"name\":\"Le Conseil des ministres approuve la r\u00e9gulation du recensement g\u00e9n\u00e9ral du b\u00e9tail - Le Quotidien de Nouakchott\",\"isPartOf\":{\"@id\":\"https:\\\/\\\/lequotidien.mr\\\/#website\"},\"primaryImageOfPage\":{\"@id\":\"https:\\\/\\\/lequotidien.mr\\\/?p=17929&lang=fr#primaryimage\"},\"image\":{\"@id\":\"https:\\\/\\\/lequotidien.mr\\\/?p=17929&lang=fr#primaryimage\"},\"thumbnailUrl\":\"https:\\\/\\\/lequotidien.mr\\\/wp-content\\\/uploads\\\/2024\\\/05\\\/FB_IMG_1714681888108-1.jpg\",\"datePublished\":\"2024-05-02T22:46:11+00:00\",\"dateModified\":\"2024-05-02T22:46:49+00:00\",\"breadcrumb\":{\"@id\":\"https:\\\/\\\/lequotidien.mr\\\/?p=17929&lang=fr#breadcrumb\"},\"inLanguage\":\"ar\",\"potentialAction\":[{\"@type\":\"ReadAction\",\"target\":[\"https:\\\/\\\/lequotidien.mr\\\/?p=17929&lang=fr\"]}]},{\"@type\":\"ImageObject\",\"inLanguage\":\"ar\",\"@id\":\"https:\\\/\\\/lequotidien.mr\\\/?p=17929&lang=fr#primaryimage\",\"url\":\"https:\\\/\\\/lequotidien.mr\\\/wp-content\\\/uploads\\\/2024\\\/05\\\/FB_IMG_1714681888108-1.jpg\",\"contentUrl\":\"https:\\\/\\\/lequotidien.mr\\\/wp-content\\\/uploads\\\/2024\\\/05\\\/FB_IMG_1714681888108-1.jpg\",\"width\":1080,\"height\":786,\"caption\":\"Le Conseil des ministres\"},{\"@type\":\"BreadcrumbList\",\"@id\":\"https:\\\/\\\/lequotidien.mr\\\/?p=17929&lang=fr#breadcrumb\",\"itemListElement\":[{\"@type\":\"ListItem\",\"position\":1,\"name\":\"Home\",\"item\":\"https:\\\/\\\/lequotidien.mr\\\/\"},{\"@type\":\"ListItem\",\"position\":2,\"name\":\"Le Conseil des ministres approuve la r\u00e9gulation du recensement g\u00e9n\u00e9ral du b\u00e9tail\"}]},{\"@type\":\"WebSite\",\"@id\":\"https:\\\/\\\/lequotidien.mr\\\/#website\",\"url\":\"https:\\\/\\\/lequotidien.mr\\\/\",\"name\":\"Le Quotidien de Nouakchott\",\"description\":\"\u0625\u062e\u0628\u0627\u0631\u064a\u0629 \u0645\u0633\u062a\u0642\u0644\u0629 \u0644\u0644\u0623\u0646\u0628\u0627\u0621 \u0627\u0644\u0639\u0627\u0645\u0629\",\"publisher\":{\"@id\":\"https:\\\/\\\/lequotidien.mr\\\/#organization\"},\"potentialAction\":[{\"@type\":\"SearchAction\",\"target\":{\"@type\":\"EntryPoint\",\"urlTemplate\":\"https:\\\/\\\/lequotidien.mr\\\/?s={search_term_string}\"},\"query-input\":{\"@type\":\"PropertyValueSpecification\",\"valueRequired\":true,\"valueName\":\"search_term_string\"}}],\"inLanguage\":\"ar\"},{\"@type\":\"Organization\",\"@id\":\"https:\\\/\\\/lequotidien.mr\\\/#organization\",\"name\":\"Le Quotidien de Nouakchott\",\"url\":\"https:\\\/\\\/lequotidien.mr\\\/\",\"logo\":{\"@type\":\"ImageObject\",\"inLanguage\":\"ar\",\"@id\":\"https:\\\/\\\/lequotidien.mr\\\/#\\\/schema\\\/logo\\\/image\\\/\",\"url\":\"https:\\\/\\\/lequotidien.mr\\\/wp-content\\\/uploads\\\/2022\\\/11\\\/logolequotidien.jpg\",\"contentUrl\":\"https:\\\/\\\/lequotidien.mr\\\/wp-content\\\/uploads\\\/2022\\\/11\\\/logolequotidien.jpg\",\"width\":290,\"height\":65,\"caption\":\"Le Quotidien de Nouakchott\"},\"image\":{\"@id\":\"https:\\\/\\\/lequotidien.mr\\\/#\\\/schema\\\/logo\\\/image\\\/\"},\"sameAs\":[\"https:\\\/\\\/web.facebook.com\\\/lequotidienmr\",\"https:\\\/\\\/x.com\\\/lequotidienmr\"]},{\"@type\":\"Person\",\"@id\":\"https:\\\/\\\/lequotidien.mr\\\/#\\\/schema\\\/person\\\/69d1518c74c9137087929a20b1272cb0\",\"name\":\"Alioun M'leiwih\",\"image\":{\"@type\":\"ImageObject\",\"inLanguage\":\"ar\",\"@id\":\"https:\\\/\\\/secure.gravatar.com\\\/avatar\\\/01f9d357222d7d4ca8f71662f4b081718f06d25b11fc45662ecca0622d507e51?s=96&d=mm&r=g\",\"url\":\"https:\\\/\\\/secure.gravatar.com\\\/avatar\\\/01f9d357222d7d4ca8f71662f4b081718f06d25b11fc45662ecca0622d507e51?s=96&d=mm&r=g\",\"contentUrl\":\"https:\\\/\\\/secure.gravatar.com\\\/avatar\\\/01f9d357222d7d4ca8f71662f4b081718f06d25b11fc45662ecca0622d507e51?s=96&d=mm&r=g\",\"caption\":\"Alioun M'leiwih\"},\"sameAs\":[\"https:\\\/\\\/lequotidien.mr\\\/\",\"https:\\\/\\\/web.facebook.com\\\/a.mleiwih\",\"https:\\\/\\\/www.linkedin.com\\\/in\\\/alimlewih\\\/\"],\"url\":\"https:\\\/\\\/lequotidien.mr\\\/?author=3\"}]}<\/script>\n<!-- \/ Yoast SEO plugin. -->","yoast_head_json":{"title":"Le Conseil des ministres approuve la r\u00e9gulation du recensement g\u00e9n\u00e9ral du b\u00e9tail - Le Quotidien de Nouakchott","robots":{"index":"index","follow":"follow","max-snippet":"max-snippet:-1","max-image-preview":"max-image-preview:large","max-video-preview":"max-video-preview:-1"},"canonical":"https:\/\/lequotidien.mr\/?p=17929&lang=fr","og_locale":"ar_AR","og_type":"article","og_title":"Le Conseil des ministres approuve la r\u00e9gulation du recensement g\u00e9n\u00e9ral du b\u00e9tail - Le Quotidien de Nouakchott","og_description":"Le Conseil des ministres a approuv\u00e9 lors de sa r\u00e9union hebdomadaire aujourd&#8217;hui un projet de d\u00e9cret r\u00e9gissant le recensement g\u00e9n\u00e9ral du b\u00e9tail et la cr\u00e9ation des organismes responsables. Ce projet s&#8217;inscrit dans le cadre de l&#8217;accord sign\u00e9 en octobre 2021 entre le minist\u00e8re du D\u00e9veloppement animal et le minist\u00e8re de l&#8217;\u00c9conomie et du D\u00e9veloppement durable.....","og_url":"https:\/\/lequotidien.mr\/?p=17929&lang=fr","og_site_name":"Le Quotidien de Nouakchott","article_publisher":"https:\/\/web.facebook.com\/lequotidienmr","article_author":"https:\/\/web.facebook.com\/a.mleiwih","article_published_time":"2024-05-02T22:46:11+00:00","article_modified_time":"2024-05-02T22:46:49+00:00","og_image":[{"width":1080,"height":786,"url":"https:\/\/lequotidien.mr\/wp-content\/uploads\/2024\/05\/FB_IMG_1714681888108-1.jpg","type":"image\/jpeg"}],"author":"Alioun M'leiwih","twitter_card":"summary_large_image","twitter_creator":"@lequotidienmr","twitter_site":"@lequotidienmr","twitter_misc":{"\u0643\u064f\u062a\u0628 \u0628\u0648\u0627\u0633\u0637\u0629":"Alioun M'leiwih","\u0648\u0642\u062a \u0627\u0644\u0642\u0631\u0627\u0621\u0629 \u0627\u0644\u0645\u064f\u0642\u062f\u0651\u0631":"4 \u062f\u0642\u0627\u0626\u0642"},"schema":{"@context":"https:\/\/schema.org","@graph":[{"@type":"Article","@id":"https:\/\/lequotidien.mr\/?p=17929&lang=fr#article","isPartOf":{"@id":"https:\/\/lequotidien.mr\/?p=17929&lang=fr"},"author":{"name":"Alioun M'leiwih","@id":"https:\/\/lequotidien.mr\/#\/schema\/person\/69d1518c74c9137087929a20b1272cb0"},"headline":"Le Conseil des ministres approuve la r\u00e9gulation du recensement g\u00e9n\u00e9ral du b\u00e9tail","datePublished":"2024-05-02T22:46:11+00:00","dateModified":"2024-05-02T22:46:49+00:00","mainEntityOfPage":{"@id":"https:\/\/lequotidien.mr\/?p=17929&lang=fr"},"wordCount":762,"commentCount":0,"publisher":{"@id":"https:\/\/lequotidien.mr\/#organization"},"image":{"@id":"https:\/\/lequotidien.mr\/?p=17929&lang=fr#primaryimage"},"thumbnailUrl":"https:\/\/lequotidien.mr\/wp-content\/uploads\/2024\/05\/FB_IMG_1714681888108-1.jpg","articleSection":["ACTUALIT\u00c9","Economie"],"inLanguage":"ar","potentialAction":[{"@type":"CommentAction","name":"Comment","target":["https:\/\/lequotidien.mr\/?p=17929&lang=fr#respond"]}]},{"@type":"WebPage","@id":"https:\/\/lequotidien.mr\/?p=17929&lang=fr","url":"https:\/\/lequotidien.mr\/?p=17929&lang=fr","name":"Le Conseil des ministres approuve la r\u00e9gulation du recensement g\u00e9n\u00e9ral du b\u00e9tail - Le Quotidien de Nouakchott","isPartOf":{"@id":"https:\/\/lequotidien.mr\/#website"},"primaryImageOfPage":{"@id":"https:\/\/lequotidien.mr\/?p=17929&lang=fr#primaryimage"},"image":{"@id":"https:\/\/lequotidien.mr\/?p=17929&lang=fr#primaryimage"},"thumbnailUrl":"https:\/\/lequotidien.mr\/wp-content\/uploads\/2024\/05\/FB_IMG_1714681888108-1.jpg","datePublished":"2024-05-02T22:46:11+00:00","dateModified":"2024-05-02T22:46:49+00:00","breadcrumb":{"@id":"https:\/\/lequotidien.mr\/?p=17929&lang=fr#breadcrumb"},"inLanguage":"ar","potentialAction":[{"@type":"ReadAction","target":["https:\/\/lequotidien.mr\/?p=17929&lang=fr"]}]},{"@type":"ImageObject","inLanguage":"ar","@id":"https:\/\/lequotidien.mr\/?p=17929&lang=fr#primaryimage","url":"https:\/\/lequotidien.mr\/wp-content\/uploads\/2024\/05\/FB_IMG_1714681888108-1.jpg","contentUrl":"https:\/\/lequotidien.mr\/wp-content\/uploads\/2024\/05\/FB_IMG_1714681888108-1.jpg","width":1080,"height":786,"caption":"Le Conseil des ministres"},{"@type":"BreadcrumbList","@id":"https:\/\/lequotidien.mr\/?p=17929&lang=fr#breadcrumb","itemListElement":[{"@type":"ListItem","position":1,"name":"Home","item":"https:\/\/lequotidien.mr\/"},{"@type":"ListItem","position":2,"name":"Le Conseil des ministres approuve la r\u00e9gulation du recensement g\u00e9n\u00e9ral du b\u00e9tail"}]},{"@type":"WebSite","@id":"https:\/\/lequotidien.mr\/#website","url":"https:\/\/lequotidien.mr\/","name":"Le Quotidien de Nouakchott","description":"\u0625\u062e\u0628\u0627\u0631\u064a\u0629 \u0645\u0633\u062a\u0642\u0644\u0629 \u0644\u0644\u0623\u0646\u0628\u0627\u0621 \u0627\u0644\u0639\u0627\u0645\u0629","publisher":{"@id":"https:\/\/lequotidien.mr\/#organization"},"potentialAction":[{"@type":"SearchAction","target":{"@type":"EntryPoint","urlTemplate":"https:\/\/lequotidien.mr\/?s={search_term_string}"},"query-input":{"@type":"PropertyValueSpecification","valueRequired":true,"valueName":"search_term_string"}}],"inLanguage":"ar"},{"@type":"Organization","@id":"https:\/\/lequotidien.mr\/#organization","name":"Le Quotidien de Nouakchott","url":"https:\/\/lequotidien.mr\/","logo":{"@type":"ImageObject","inLanguage":"ar","@id":"https:\/\/lequotidien.mr\/#\/schema\/logo\/image\/","url":"https:\/\/lequotidien.mr\/wp-content\/uploads\/2022\/11\/logolequotidien.jpg","contentUrl":"https:\/\/lequotidien.mr\/wp-content\/uploads\/2022\/11\/logolequotidien.jpg","width":290,"height":65,"caption":"Le Quotidien de Nouakchott"},"image":{"@id":"https:\/\/lequotidien.mr\/#\/schema\/logo\/image\/"},"sameAs":["https:\/\/web.facebook.com\/lequotidienmr","https:\/\/x.com\/lequotidienmr"]},{"@type":"Person","@id":"https:\/\/lequotidien.mr\/#\/schema\/person\/69d1518c74c9137087929a20b1272cb0","name":"Alioun M'leiwih","image":{"@type":"ImageObject","inLanguage":"ar","@id":"https:\/\/secure.gravatar.com\/avatar\/01f9d357222d7d4ca8f71662f4b081718f06d25b11fc45662ecca0622d507e51?s=96&d=mm&r=g","url":"https:\/\/secure.gravatar.com\/avatar\/01f9d357222d7d4ca8f71662f4b081718f06d25b11fc45662ecca0622d507e51?s=96&d=mm&r=g","contentUrl":"https:\/\/secure.gravatar.com\/avatar\/01f9d357222d7d4ca8f71662f4b081718f06d25b11fc45662ecca0622d507e51?s=96&d=mm&r=g","caption":"Alioun M'leiwih"},"sameAs":["https:\/\/lequotidien.mr\/","https:\/\/web.facebook.com\/a.mleiwih","https:\/\/www.linkedin.com\/in\/alimlewih\/"],"url":"https:\/\/lequotidien.mr\/?author=3"}]}},"_links":{"self":[{"href":"https:\/\/lequotidien.mr\/index.php?rest_route=\/wp\/v2\/posts\/17929","targetHints":{"allow":["GET"]}}],"collection":[{"href":"https:\/\/lequotidien.mr\/index.php?rest_route=\/wp\/v2\/posts"}],"about":[{"href":"https:\/\/lequotidien.mr\/index.php?rest_route=\/wp\/v2\/types\/post"}],"author":[{"embeddable":true,"href":"https:\/\/lequotidien.mr\/index.php?rest_route=\/wp\/v2\/users\/3"}],"replies":[{"embeddable":true,"href":"https:\/\/lequotidien.mr\/index.php?rest_route=%2Fwp%2Fv2%2Fcomments&post=17929"}],"version-history":[{"count":2,"href":"https:\/\/lequotidien.mr\/index.php?rest_route=\/wp\/v2\/posts\/17929\/revisions"}],"predecessor-version":[{"id":17932,"href":"https:\/\/lequotidien.mr\/index.php?rest_route=\/wp\/v2\/posts\/17929\/revisions\/17932"}],"wp:featuredmedia":[{"embeddable":true,"href":"https:\/\/lequotidien.mr\/index.php?rest_route=\/wp\/v2\/media\/17930"}],"wp:attachment":[{"href":"https:\/\/lequotidien.mr\/index.php?rest_route=%2Fwp%2Fv2%2Fmedia&parent=17929"}],"wp:term":[{"taxonomy":"category","embeddable":true,"href":"https:\/\/lequotidien.mr\/index.php?rest_route=%2Fwp%2Fv2%2Fcategories&post=17929"},{"taxonomy":"post_tag","embeddable":true,"href":"https:\/\/lequotidien.mr\/index.php?rest_route=%2Fwp%2Fv2%2Ftags&post=17929"}],"curies":[{"name":"wp","href":"https:\/\/api.w.org\/{rel}","templated":true}]}}