{"id":17897,"date":"2024-05-02T18:03:24","date_gmt":"2024-05-02T18:03:24","guid":{"rendered":"https:\/\/lequotidien.mr\/?p=17897"},"modified":"2024-05-02T18:03:24","modified_gmt":"2024-05-02T18:03:24","slug":"la-mauritanie-coptee-membre-du-conseil-dadministration-du-centre-arabe-pour-letude-des-zones-arides-et-des-terres-seches-acsad","status":"publish","type":"post","link":"https:\/\/lequotidien.mr\/?p=17897&lang=fr","title":{"rendered":"La Mauritanie copt\u00e9e membre du conseil d\u2019administration du Centre arabe pour l\u2019\u00e9tude des zones arides et des terres s\u00e8ches (ACSAD)"},"content":{"rendered":"<p>Le ministre de l&#8217;Agriculture, Momm\u00e9 Beybateh, a r\u00e9cemment particip\u00e9 \u00e0 un \u00e9v\u00e9nement crucial \u00e0 Riyad, en Arabie Saoudite, qui pourrait avoir des r\u00e9percussions significatives sur le secteur agricole de la Mauritanie. \u00c0 l&#8217;invitation de son homologue saoudien, il a assist\u00e9 au conseil d&#8217;administration du Centre arabe pour l&#8217;\u00e9tude des zones arides et des terres s\u00e8ches (ACSAD). L&#8217;importance de cet \u00e9v\u00e9nement r\u00e9side dans le fait que notre pays a \u00e9t\u00e9 choisi pour devenir membre du conseil d&#8217;administration de ce centre \u00e9minent.<\/p>\n<p>Lors de la c\u00e9r\u00e9monie d&#8217;ouverture de cette r\u00e9union, le ministre de l&#8217;Agriculture a soulign\u00e9 les liens historiques et fraternels qui unissent la Mauritanie au Royaume d&#8217;Arabie Saoudite. Cette relation, ancr\u00e9e dans l&#8217;histoire, est d\u00e9sormais renforc\u00e9e par une coop\u00e9ration tangible dans le domaine agricole, symbolis\u00e9e par la participation active de la Mauritanie au Centre arabe pour l&#8217;\u00e9tude des zones arides et des terres s\u00e8ches.<\/p>\n<p>Le discours du ministre a mis en lumi\u00e8re l&#8217;importance de cette coop\u00e9ration pour le d\u00e9veloppement durable et la r\u00e9silience des r\u00e9gions arides et semi-arides, des pr\u00e9occupations majeures pour de nombreux pays, dont la Mauritanie. En saluant la coop\u00e9ration existante entre son secteur et le Centre ACSAD, le ministre a soulign\u00e9 la n\u00e9cessit\u00e9 d&#8217;une approche collaborative pour relever les d\u00e9fis li\u00e9s \u00e0 l&#8217;agriculture dans les environnements difficiles.<\/p>\n<p>Outre sa participation au conseil d&#8217;administration de l&#8217;ACSAD, le ministre de l&#8217;Agriculture a \u00e9galement assist\u00e9 \u00e0 la r\u00e9union du Conseil ex\u00e9cutif de l&#8217;Organisation arabe pour le d\u00e9veloppement agricole (OADA). Cette pr\u00e9sence a permis \u00e0 la Mauritanie de s&#8217;engager activement dans les discussions et les initiatives r\u00e9gionales visant \u00e0 promouvoir le d\u00e9veloppement agricole durable au sein de la communaut\u00e9 arabe.<\/p>\n<p>En marge de ces r\u00e9unions institutionnelles, le ministre a \u00e9galement eu l&#8217;occasion pr\u00e9cieuse de mener des entretiens bilat\u00e9raux avec les chefs des d\u00e9l\u00e9gations arabes participantes, ainsi qu&#8217;avec d&#8217;autres personnalit\u00e9s influentes pr\u00e9sentes \u00e0 l&#8217;\u00e9v\u00e9nement. Ces rencontres ont offert une plateforme propice pour explorer des opportunit\u00e9s de coop\u00e9ration bilat\u00e9rale et r\u00e9gionale plus \u00e9troite dans le domaine de l&#8217;agriculture, renfor\u00e7ant ainsi les liens entre la Mauritanie et ses partenaires arabes.<\/p>\n<p>La participation active du ministre de l&#8217;Agriculture, Momm\u00e9 Beybateh, \u00e0 ces r\u00e9unions importantes en Arabie Saoudite t\u00e9moigne de l&#8217;engagement r\u00e9solu de la Mauritanie \u00e0 renforcer sa coop\u00e9ration agricole avec ses partenaires r\u00e9gionaux. Ces initiatives offrent une opportunit\u00e9 pr\u00e9cieuse de partager des connaissances, des meilleures pratiques et des ressources pour relever les d\u00e9fis communs et promouvoir un d\u00e9veloppement agricole durable dans la r\u00e9gion arabe.<\/p>\n","protected":false},"excerpt":{"rendered":"<p>Le ministre de l&#8217;Agriculture, Momm\u00e9 Beybateh, a r\u00e9cemment particip\u00e9 \u00e0 un \u00e9v\u00e9nement crucial \u00e0 Riyad, en Arabie Saoudite, qui pourrait avoir des r\u00e9percussions significatives sur le secteur agricole de la Mauritanie. \u00c0 l&#8217;invitation de son homologue saoudien, il a assist\u00e9 au conseil d&#8217;administration du Centre arabe pour l&#8217;\u00e9tude des zones arides et des terres s\u00e8ches&#8230;..<\/p>\n","protected":false},"author":12,"featured_media":17900,"comment_status":"open","ping_status":"open","sticky":false,"template":"","format":"standard","meta":{"footnotes":""},"categories":[23,49],"tags":[],"class_list":["post-17897","post","type-post","status-publish","format-standard","has-post-thumbnail","hentry","category-actualite","category-economie"],"yoast_head":"<!-- This site is optimized with the Yoast SEO plugin v27.5 - https:\/\/yoast.com\/product\/yoast-seo-wordpress\/ -->\n<title>La Mauritanie copt\u00e9e membre du conseil d\u2019administration du Centre arabe pour l\u2019\u00e9tude des zones arides et des terres s\u00e8ches (ACSAD) - Le Quotidien de Nouakchott<\/title>\n<meta name=\"robots\" content=\"index, follow, max-snippet:-1, max-image-preview:large, max-video-preview:-1\" \/>\n<link rel=\"canonical\" href=\"https:\/\/lequotidien.mr\/?p=17897&lang=fr\" \/>\n<meta property=\"og:locale\" content=\"ar_AR\" \/>\n<meta property=\"og:type\" content=\"article\" \/>\n<meta property=\"og:title\" content=\"La Mauritanie copt\u00e9e membre du conseil d\u2019administration du Centre arabe pour l\u2019\u00e9tude des zones arides et des terres s\u00e8ches (ACSAD) - Le Quotidien de Nouakchott\" \/>\n<meta property=\"og:description\" content=\"Le ministre de l&#8217;Agriculture, Momm\u00e9 Beybateh, a r\u00e9cemment particip\u00e9 \u00e0 un \u00e9v\u00e9nement crucial \u00e0 Riyad, en Arabie Saoudite, qui pourrait avoir des r\u00e9percussions significatives sur le secteur agricole de la Mauritanie. \u00c0 l&#8217;invitation de son homologue saoudien, il a assist\u00e9 au conseil d&#8217;administration du Centre arabe pour l&#8217;\u00e9tude des zones arides et des terres s\u00e8ches.....\" \/>\n<meta property=\"og:url\" content=\"https:\/\/lequotidien.mr\/?p=17897&amp;lang=fr\" \/>\n<meta property=\"og:site_name\" content=\"Le Quotidien de Nouakchott\" \/>\n<meta property=\"article:publisher\" content=\"https:\/\/web.facebook.com\/lequotidienmr\" \/>\n<meta property=\"article:published_time\" content=\"2024-05-02T18:03:24+00:00\" \/>\n<meta property=\"og:image\" content=\"https:\/\/lequotidien.mr\/wp-content\/uploads\/2024\/05\/photo-zones-arides-1.jpg\" \/>\n\t<meta property=\"og:image:width\" content=\"640\" \/>\n\t<meta property=\"og:image:height\" content=\"430\" \/>\n\t<meta property=\"og:image:type\" content=\"image\/jpeg\" \/>\n<meta name=\"author\" content=\"Med Ahmed\" \/>\n<meta name=\"twitter:card\" content=\"summary_large_image\" \/>\n<meta name=\"twitter:creator\" content=\"@lequotidienmr\" \/>\n<meta name=\"twitter:site\" content=\"@lequotidienmr\" \/>\n<meta name=\"twitter:label1\" content=\"\u0643\u064f\u062a\u0628 \u0628\u0648\u0627\u0633\u0637\u0629\" \/>\n\t<meta name=\"twitter:data1\" content=\"Med Ahmed\" \/>\n\t<meta name=\"twitter:label2\" content=\"\u0648\u0642\u062a \u0627\u0644\u0642\u0631\u0627\u0621\u0629 \u0627\u0644\u0645\u064f\u0642\u062f\u0651\u0631\" \/>\n\t<meta name=\"twitter:data2\" content=\"\u062f\u0642\u064a\u0642\u062a\u0627\u0646\" \/>\n<script type=\"application\/ld+json\" class=\"yoast-schema-graph\">{\"@context\":\"https:\\\/\\\/schema.org\",\"@graph\":[{\"@type\":\"Article\",\"@id\":\"https:\\\/\\\/lequotidien.mr\\\/?p=17897&lang=fr#article\",\"isPartOf\":{\"@id\":\"https:\\\/\\\/lequotidien.mr\\\/?p=17897&lang=fr\"},\"author\":{\"name\":\"Med Ahmed\",\"@id\":\"https:\\\/\\\/lequotidien.mr\\\/#\\\/schema\\\/person\\\/d2d350202a4d599685ed8abc25f97596\"},\"headline\":\"La Mauritanie copt\u00e9e membre du conseil d\u2019administration du Centre arabe pour l\u2019\u00e9tude des zones arides et des terres s\u00e8ches (ACSAD)\",\"datePublished\":\"2024-05-02T18:03:24+00:00\",\"mainEntityOfPage\":{\"@id\":\"https:\\\/\\\/lequotidien.mr\\\/?p=17897&lang=fr\"},\"wordCount\":491,\"commentCount\":0,\"publisher\":{\"@id\":\"https:\\\/\\\/lequotidien.mr\\\/#organization\"},\"image\":{\"@id\":\"https:\\\/\\\/lequotidien.mr\\\/?p=17897&lang=fr#primaryimage\"},\"thumbnailUrl\":\"https:\\\/\\\/lequotidien.mr\\\/wp-content\\\/uploads\\\/2024\\\/05\\\/photo-zones-arides-1.jpg\",\"articleSection\":[\"ACTUALIT\u00c9\",\"Economie\"],\"inLanguage\":\"ar\",\"potentialAction\":[{\"@type\":\"CommentAction\",\"name\":\"Comment\",\"target\":[\"https:\\\/\\\/lequotidien.mr\\\/?p=17897&lang=fr#respond\"]}]},{\"@type\":\"WebPage\",\"@id\":\"https:\\\/\\\/lequotidien.mr\\\/?p=17897&lang=fr\",\"url\":\"https:\\\/\\\/lequotidien.mr\\\/?p=17897&lang=fr\",\"name\":\"La Mauritanie copt\u00e9e membre du conseil d\u2019administration du Centre arabe pour l\u2019\u00e9tude des zones arides et des terres s\u00e8ches (ACSAD) - Le Quotidien de Nouakchott\",\"isPartOf\":{\"@id\":\"https:\\\/\\\/lequotidien.mr\\\/#website\"},\"primaryImageOfPage\":{\"@id\":\"https:\\\/\\\/lequotidien.mr\\\/?p=17897&lang=fr#primaryimage\"},\"image\":{\"@id\":\"https:\\\/\\\/lequotidien.mr\\\/?p=17897&lang=fr#primaryimage\"},\"thumbnailUrl\":\"https:\\\/\\\/lequotidien.mr\\\/wp-content\\\/uploads\\\/2024\\\/05\\\/photo-zones-arides-1.jpg\",\"datePublished\":\"2024-05-02T18:03:24+00:00\",\"breadcrumb\":{\"@id\":\"https:\\\/\\\/lequotidien.mr\\\/?p=17897&lang=fr#breadcrumb\"},\"inLanguage\":\"ar\",\"potentialAction\":[{\"@type\":\"ReadAction\",\"target\":[\"https:\\\/\\\/lequotidien.mr\\\/?p=17897&lang=fr\"]}]},{\"@type\":\"ImageObject\",\"inLanguage\":\"ar\",\"@id\":\"https:\\\/\\\/lequotidien.mr\\\/?p=17897&lang=fr#primaryimage\",\"url\":\"https:\\\/\\\/lequotidien.mr\\\/wp-content\\\/uploads\\\/2024\\\/05\\\/photo-zones-arides-1.jpg\",\"contentUrl\":\"https:\\\/\\\/lequotidien.mr\\\/wp-content\\\/uploads\\\/2024\\\/05\\\/photo-zones-arides-1.jpg\",\"width\":640,\"height\":430},{\"@type\":\"BreadcrumbList\",\"@id\":\"https:\\\/\\\/lequotidien.mr\\\/?p=17897&lang=fr#breadcrumb\",\"itemListElement\":[{\"@type\":\"ListItem\",\"position\":1,\"name\":\"Home\",\"item\":\"https:\\\/\\\/lequotidien.mr\\\/\"},{\"@type\":\"ListItem\",\"position\":2,\"name\":\"La Mauritanie copt\u00e9e membre du conseil d\u2019administration du Centre arabe pour l\u2019\u00e9tude des zones arides et des terres s\u00e8ches (ACSAD)\"}]},{\"@type\":\"WebSite\",\"@id\":\"https:\\\/\\\/lequotidien.mr\\\/#website\",\"url\":\"https:\\\/\\\/lequotidien.mr\\\/\",\"name\":\"Le Quotidien de Nouakchott\",\"description\":\"\u0625\u062e\u0628\u0627\u0631\u064a\u0629 \u0645\u0633\u062a\u0642\u0644\u0629 \u0644\u0644\u0623\u0646\u0628\u0627\u0621 \u0627\u0644\u0639\u0627\u0645\u0629\",\"publisher\":{\"@id\":\"https:\\\/\\\/lequotidien.mr\\\/#organization\"},\"potentialAction\":[{\"@type\":\"SearchAction\",\"target\":{\"@type\":\"EntryPoint\",\"urlTemplate\":\"https:\\\/\\\/lequotidien.mr\\\/?s={search_term_string}\"},\"query-input\":{\"@type\":\"PropertyValueSpecification\",\"valueRequired\":true,\"valueName\":\"search_term_string\"}}],\"inLanguage\":\"ar\"},{\"@type\":\"Organization\",\"@id\":\"https:\\\/\\\/lequotidien.mr\\\/#organization\",\"name\":\"Le Quotidien de Nouakchott\",\"url\":\"https:\\\/\\\/lequotidien.mr\\\/\",\"logo\":{\"@type\":\"ImageObject\",\"inLanguage\":\"ar\",\"@id\":\"https:\\\/\\\/lequotidien.mr\\\/#\\\/schema\\\/logo\\\/image\\\/\",\"url\":\"https:\\\/\\\/lequotidien.mr\\\/wp-content\\\/uploads\\\/2022\\\/11\\\/logolequotidien.jpg\",\"contentUrl\":\"https:\\\/\\\/lequotidien.mr\\\/wp-content\\\/uploads\\\/2022\\\/11\\\/logolequotidien.jpg\",\"width\":290,\"height\":65,\"caption\":\"Le Quotidien de Nouakchott\"},\"image\":{\"@id\":\"https:\\\/\\\/lequotidien.mr\\\/#\\\/schema\\\/logo\\\/image\\\/\"},\"sameAs\":[\"https:\\\/\\\/web.facebook.com\\\/lequotidienmr\",\"https:\\\/\\\/x.com\\\/lequotidienmr\"]},{\"@type\":\"Person\",\"@id\":\"https:\\\/\\\/lequotidien.mr\\\/#\\\/schema\\\/person\\\/d2d350202a4d599685ed8abc25f97596\",\"name\":\"Med Ahmed\",\"image\":{\"@type\":\"ImageObject\",\"inLanguage\":\"ar\",\"@id\":\"https:\\\/\\\/secure.gravatar.com\\\/avatar\\\/fd2acc62ed50732923d1d39c17172c9b04149f142be92310ecc69e1358f94b52?s=96&d=mm&r=g\",\"url\":\"https:\\\/\\\/secure.gravatar.com\\\/avatar\\\/fd2acc62ed50732923d1d39c17172c9b04149f142be92310ecc69e1358f94b52?s=96&d=mm&r=g\",\"contentUrl\":\"https:\\\/\\\/secure.gravatar.com\\\/avatar\\\/fd2acc62ed50732923d1d39c17172c9b04149f142be92310ecc69e1358f94b52?s=96&d=mm&r=g\",\"caption\":\"Med Ahmed\"},\"url\":\"https:\\\/\\\/lequotidien.mr\\\/?author=12\"}]}<\/script>\n<!-- \/ Yoast SEO plugin. -->","yoast_head_json":{"title":"La Mauritanie copt\u00e9e membre du conseil d\u2019administration du Centre arabe pour l\u2019\u00e9tude des zones arides et des terres s\u00e8ches (ACSAD) - Le Quotidien de Nouakchott","robots":{"index":"index","follow":"follow","max-snippet":"max-snippet:-1","max-image-preview":"max-image-preview:large","max-video-preview":"max-video-preview:-1"},"canonical":"https:\/\/lequotidien.mr\/?p=17897&lang=fr","og_locale":"ar_AR","og_type":"article","og_title":"La Mauritanie copt\u00e9e membre du conseil d\u2019administration du Centre arabe pour l\u2019\u00e9tude des zones arides et des terres s\u00e8ches (ACSAD) - Le Quotidien de Nouakchott","og_description":"Le ministre de l&#8217;Agriculture, Momm\u00e9 Beybateh, a r\u00e9cemment particip\u00e9 \u00e0 un \u00e9v\u00e9nement crucial \u00e0 Riyad, en Arabie Saoudite, qui pourrait avoir des r\u00e9percussions significatives sur le secteur agricole de la Mauritanie. \u00c0 l&#8217;invitation de son homologue saoudien, il a assist\u00e9 au conseil d&#8217;administration du Centre arabe pour l&#8217;\u00e9tude des zones arides et des terres s\u00e8ches.....","og_url":"https:\/\/lequotidien.mr\/?p=17897&lang=fr","og_site_name":"Le Quotidien de Nouakchott","article_publisher":"https:\/\/web.facebook.com\/lequotidienmr","article_published_time":"2024-05-02T18:03:24+00:00","og_image":[{"width":640,"height":430,"url":"https:\/\/lequotidien.mr\/wp-content\/uploads\/2024\/05\/photo-zones-arides-1.jpg","type":"image\/jpeg"}],"author":"Med Ahmed","twitter_card":"summary_large_image","twitter_creator":"@lequotidienmr","twitter_site":"@lequotidienmr","twitter_misc":{"\u0643\u064f\u062a\u0628 \u0628\u0648\u0627\u0633\u0637\u0629":"Med Ahmed","\u0648\u0642\u062a \u0627\u0644\u0642\u0631\u0627\u0621\u0629 \u0627\u0644\u0645\u064f\u0642\u062f\u0651\u0631":"\u062f\u0642\u064a\u0642\u062a\u0627\u0646"},"schema":{"@context":"https:\/\/schema.org","@graph":[{"@type":"Article","@id":"https:\/\/lequotidien.mr\/?p=17897&lang=fr#article","isPartOf":{"@id":"https:\/\/lequotidien.mr\/?p=17897&lang=fr"},"author":{"name":"Med Ahmed","@id":"https:\/\/lequotidien.mr\/#\/schema\/person\/d2d350202a4d599685ed8abc25f97596"},"headline":"La Mauritanie copt\u00e9e membre du conseil d\u2019administration du Centre arabe pour l\u2019\u00e9tude des zones arides et des terres s\u00e8ches (ACSAD)","datePublished":"2024-05-02T18:03:24+00:00","mainEntityOfPage":{"@id":"https:\/\/lequotidien.mr\/?p=17897&lang=fr"},"wordCount":491,"commentCount":0,"publisher":{"@id":"https:\/\/lequotidien.mr\/#organization"},"image":{"@id":"https:\/\/lequotidien.mr\/?p=17897&lang=fr#primaryimage"},"thumbnailUrl":"https:\/\/lequotidien.mr\/wp-content\/uploads\/2024\/05\/photo-zones-arides-1.jpg","articleSection":["ACTUALIT\u00c9","Economie"],"inLanguage":"ar","potentialAction":[{"@type":"CommentAction","name":"Comment","target":["https:\/\/lequotidien.mr\/?p=17897&lang=fr#respond"]}]},{"@type":"WebPage","@id":"https:\/\/lequotidien.mr\/?p=17897&lang=fr","url":"https:\/\/lequotidien.mr\/?p=17897&lang=fr","name":"La Mauritanie copt\u00e9e membre du conseil d\u2019administration du Centre arabe pour l\u2019\u00e9tude des zones arides et des terres s\u00e8ches (ACSAD) - Le Quotidien de Nouakchott","isPartOf":{"@id":"https:\/\/lequotidien.mr\/#website"},"primaryImageOfPage":{"@id":"https:\/\/lequotidien.mr\/?p=17897&lang=fr#primaryimage"},"image":{"@id":"https:\/\/lequotidien.mr\/?p=17897&lang=fr#primaryimage"},"thumbnailUrl":"https:\/\/lequotidien.mr\/wp-content\/uploads\/2024\/05\/photo-zones-arides-1.jpg","datePublished":"2024-05-02T18:03:24+00:00","breadcrumb":{"@id":"https:\/\/lequotidien.mr\/?p=17897&lang=fr#breadcrumb"},"inLanguage":"ar","potentialAction":[{"@type":"ReadAction","target":["https:\/\/lequotidien.mr\/?p=17897&lang=fr"]}]},{"@type":"ImageObject","inLanguage":"ar","@id":"https:\/\/lequotidien.mr\/?p=17897&lang=fr#primaryimage","url":"https:\/\/lequotidien.mr\/wp-content\/uploads\/2024\/05\/photo-zones-arides-1.jpg","contentUrl":"https:\/\/lequotidien.mr\/wp-content\/uploads\/2024\/05\/photo-zones-arides-1.jpg","width":640,"height":430},{"@type":"BreadcrumbList","@id":"https:\/\/lequotidien.mr\/?p=17897&lang=fr#breadcrumb","itemListElement":[{"@type":"ListItem","position":1,"name":"Home","item":"https:\/\/lequotidien.mr\/"},{"@type":"ListItem","position":2,"name":"La Mauritanie copt\u00e9e membre du conseil d\u2019administration du Centre arabe pour l\u2019\u00e9tude des zones arides et des terres s\u00e8ches (ACSAD)"}]},{"@type":"WebSite","@id":"https:\/\/lequotidien.mr\/#website","url":"https:\/\/lequotidien.mr\/","name":"Le Quotidien de Nouakchott","description":"\u0625\u062e\u0628\u0627\u0631\u064a\u0629 \u0645\u0633\u062a\u0642\u0644\u0629 \u0644\u0644\u0623\u0646\u0628\u0627\u0621 \u0627\u0644\u0639\u0627\u0645\u0629","publisher":{"@id":"https:\/\/lequotidien.mr\/#organization"},"potentialAction":[{"@type":"SearchAction","target":{"@type":"EntryPoint","urlTemplate":"https:\/\/lequotidien.mr\/?s={search_term_string}"},"query-input":{"@type":"PropertyValueSpecification","valueRequired":true,"valueName":"search_term_string"}}],"inLanguage":"ar"},{"@type":"Organization","@id":"https:\/\/lequotidien.mr\/#organization","name":"Le Quotidien de Nouakchott","url":"https:\/\/lequotidien.mr\/","logo":{"@type":"ImageObject","inLanguage":"ar","@id":"https:\/\/lequotidien.mr\/#\/schema\/logo\/image\/","url":"https:\/\/lequotidien.mr\/wp-content\/uploads\/2022\/11\/logolequotidien.jpg","contentUrl":"https:\/\/lequotidien.mr\/wp-content\/uploads\/2022\/11\/logolequotidien.jpg","width":290,"height":65,"caption":"Le Quotidien de Nouakchott"},"image":{"@id":"https:\/\/lequotidien.mr\/#\/schema\/logo\/image\/"},"sameAs":["https:\/\/web.facebook.com\/lequotidienmr","https:\/\/x.com\/lequotidienmr"]},{"@type":"Person","@id":"https:\/\/lequotidien.mr\/#\/schema\/person\/d2d350202a4d599685ed8abc25f97596","name":"Med Ahmed","image":{"@type":"ImageObject","inLanguage":"ar","@id":"https:\/\/secure.gravatar.com\/avatar\/fd2acc62ed50732923d1d39c17172c9b04149f142be92310ecc69e1358f94b52?s=96&d=mm&r=g","url":"https:\/\/secure.gravatar.com\/avatar\/fd2acc62ed50732923d1d39c17172c9b04149f142be92310ecc69e1358f94b52?s=96&d=mm&r=g","contentUrl":"https:\/\/secure.gravatar.com\/avatar\/fd2acc62ed50732923d1d39c17172c9b04149f142be92310ecc69e1358f94b52?s=96&d=mm&r=g","caption":"Med Ahmed"},"url":"https:\/\/lequotidien.mr\/?author=12"}]}},"_links":{"self":[{"href":"https:\/\/lequotidien.mr\/index.php?rest_route=\/wp\/v2\/posts\/17897","targetHints":{"allow":["GET"]}}],"collection":[{"href":"https:\/\/lequotidien.mr\/index.php?rest_route=\/wp\/v2\/posts"}],"about":[{"href":"https:\/\/lequotidien.mr\/index.php?rest_route=\/wp\/v2\/types\/post"}],"author":[{"embeddable":true,"href":"https:\/\/lequotidien.mr\/index.php?rest_route=\/wp\/v2\/users\/12"}],"replies":[{"embeddable":true,"href":"https:\/\/lequotidien.mr\/index.php?rest_route=%2Fwp%2Fv2%2Fcomments&post=17897"}],"version-history":[{"count":1,"href":"https:\/\/lequotidien.mr\/index.php?rest_route=\/wp\/v2\/posts\/17897\/revisions"}],"predecessor-version":[{"id":17901,"href":"https:\/\/lequotidien.mr\/index.php?rest_route=\/wp\/v2\/posts\/17897\/revisions\/17901"}],"wp:featuredmedia":[{"embeddable":true,"href":"https:\/\/lequotidien.mr\/index.php?rest_route=\/wp\/v2\/media\/17900"}],"wp:attachment":[{"href":"https:\/\/lequotidien.mr\/index.php?rest_route=%2Fwp%2Fv2%2Fmedia&parent=17897"}],"wp:term":[{"taxonomy":"category","embeddable":true,"href":"https:\/\/lequotidien.mr\/index.php?rest_route=%2Fwp%2Fv2%2Fcategories&post=17897"},{"taxonomy":"post_tag","embeddable":true,"href":"https:\/\/lequotidien.mr\/index.php?rest_route=%2Fwp%2Fv2%2Ftags&post=17897"}],"curies":[{"name":"wp","href":"https:\/\/api.w.org\/{rel}","templated":true}]}}