{"id":17884,"date":"2024-05-02T10:48:52","date_gmt":"2024-05-02T10:48:52","guid":{"rendered":"https:\/\/lequotidien.mr\/?p=17884"},"modified":"2024-09-07T20:41:07","modified_gmt":"2024-09-07T20:41:07","slug":"du-nouveau-au-quotidien-de-nouakchott","status":"publish","type":"post","link":"https:\/\/lequotidien.mr\/?p=17884&lang=fr","title":{"rendered":"Du nouveau au Quotidien de Nouakchott"},"content":{"rendered":"<p><strong>Chers lecteurs,<\/strong><\/p>\n<p>&nbsp;<\/p>\n<p>Au (Le Quotidien de Nouakchott), apr\u00e8s une m\u00fbre r\u00e9flexion et une analyse approfondie des tendances de l&#8217;industrie et des besoins de notre lectorat, nous avons pris la d\u00e9cision de transformer notre journal quotidien en publication hebdomadaire. Cette modification prendra effet d\u00e8s le mois prochain.<\/p>\n<p>&nbsp;<\/p>\n<p>Nous tenons \u00e0 souligner que, malgr\u00e9 ce changement de fr\u00e9quence, le nom de notre journal restera (Le Quotidien de Nouakchott). Nous croyons fermement que ce titre continue de refl\u00e9ter notre engagement \u00e0 vous fournir des analyses approfondies, des enqu\u00eates men\u00e9es avec s\u00e9rieux et professionnalisme, des reportages de qualit\u00e9 et des informations fiables sur ce qui se passe dans notre pays et dans le monde. Le terme &#8220;quotidien&#8221; dans notre titre se veut d\u00e9sormais une promesse de rester quotidiennement pertinents dans nos sujets, m\u00eame si la parution se fera chaque semaine.<\/p>\n<p>&nbsp;<\/p>\n<p>Cette transition vers une publication hebdomadaire nous permettra de concentrer nos ressources pour vous offrir une qualit\u00e9 de journalisme encore plus \u00e9lev\u00e9e. Chaque \u00e9dition hebdomadaire sera enrichie de contenus plus approfondis, incluant des dossiers sp\u00e9ciaux, des interviews exclusives et des analyses d\u00e9taill\u00e9es qui n\u00e9cessitent un temps de pr\u00e9paration plus important que ce que permettait notre rythme quotidien.<\/p>\n<p>&nbsp;<\/p>\n<p>Nous sommes conscients que ce changement repr\u00e9sente une adaptation pour nos fid\u00e8les lecteurs. Cependant, nous vous assurons que notre engagement envers l&#8217;excellence journalistique et la pertinence de l&#8217;information reste inchang\u00e9. Nous continuerons \u00e0 \u00eatre votre source d&#8217;information privil\u00e9gi\u00e9e, chaque semaine, apportant dans vos foyers et vos bureaux le m\u00eame professionnalisme que vous avez toujours appr\u00e9ci\u00e9.<\/p>\n<p>&nbsp;<\/p>\n<p>De m\u00eame votre journal et notamment son site internet (lequotidien.mr) se voit enrichi d\u2019une nouvelle Rubrique &#8220;Info ou Intox&#8221;<\/p>\n<p>&nbsp;<\/p>\n<p>Dans un monde d&#8217;information rapide et parfois non filtr\u00e9e, la diffusion de fausses nouvelles et de d\u00e9sinformation peut avoir des impacts significatifs sur la soci\u00e9t\u00e9. Pour contrer cette tendance et fournir \u00e0 nos lecteurs une source fiable et v\u00e9rifi\u00e9e d&#8217;informations, notre journal introduit une rubrique d\u00e9di\u00e9e \u00e0 la v\u00e9rification des faits, intitul\u00e9e &#8221; Info ou Intox &#8220;.<\/p>\n<p>&nbsp;<\/p>\n<p>Objectif de la Rubrique<\/p>\n<p>La rubrique &#8221; Info ou Intox &#8221; a pour mission principale de d\u00e9m\u00ealer le vrai du faux, en examinant les d\u00e9clarations des personnalit\u00e9s publiques, les rumeurs sur les r\u00e9seaux sociaux, et les informations relay\u00e9es par les m\u00e9dias. Notre objectif est de garantir que nos lecteurs re\u00e7oivent des informations exactes et fiables, leur permettant de prendre des d\u00e9cisions \u00e9clair\u00e9es sur des sujets importants.<\/p>\n<p>&nbsp;<\/p>\n<p>M\u00e9thodologie<\/p>\n<p>Notre \u00e9quipe constitu\u00e9e en cellule de fact-checking utilise des m\u00e9thodes rigoureuses de recherche et de v\u00e9rification des faits :<\/p>\n<p>&#8211; \u00a0Sources primaires : Nous consultons directement les sources originales pour v\u00e9rifier les affirmations.<\/p>\n<p>&#8211; \u00a0Experts : Nous faisons appel \u00e0 des experts dans les domaines concern\u00e9s pour obtenir des \u00e9claircissements et des opinions fond\u00e9es sur des preuves.<\/p>\n<p>&#8211; Bases de donn\u00e9es et archives : Nous utilisons des bases de donn\u00e9es reconnues et des archives pour confirmer les faits historiques et les donn\u00e9es statistiques.<\/p>\n<p>&#8211; Outils de v\u00e9rification : L&#8217;utilisation d&#8217;outils num\u00e9riques sp\u00e9cialis\u00e9s nous aide \u00e0 d\u00e9tecter les manipulations d&#8217;images ou de vid\u00e9os.<\/p>\n<p>&nbsp;<\/p>\n<p>Types de Contenus<\/p>\n<p>La rubrique couvrira une vari\u00e9t\u00e9 de contenus, y compris mais sans se limiter \u00e0 :<\/p>\n<p>&#8211; D\u00e9clarations politiques : V\u00e9rification des faits et chiffres cit\u00e9s par les politiciens.<\/p>\n<p>&#8211; Informations virales : Analyse des histoires virales pour d\u00e9m\u00ealer les faits des exag\u00e9rations ou des montages.<\/p>\n<p>&#8211; Publicit\u00e9s et campagnes : \u00c9valuation de la v\u00e9racit\u00e9 des affirmations faites dans les publicit\u00e9s commerciales et les campagnes de sensibilisation.<\/p>\n<p>&nbsp;<\/p>\n<p>Engagement envers la Transparence<\/p>\n<p>Nous nous engageons \u00e0 maintenir une totale transparence sur nos m\u00e9thodes et sources. Chaque article de v\u00e9rification des faits inclura des explications d\u00e9taill\u00e9es sur la mani\u00e8re dont les conclusions ont \u00e9t\u00e9 atteintes et, lorsque possible, des liens vers les sources utilis\u00e9es pour permettre aux lecteurs de v\u00e9rifier par eux-m\u00eames les informations.<\/p>\n<p>&nbsp;<\/p>\n<p>Interactivit\u00e9<\/p>\n<p>Nous encourageons nos lecteurs \u00e0 participer activement \u00e0 notre d\u00e9marche de v\u00e9rification des faits en nous soumettant des affirmations, des rumeurs ou des informations qu&#8217;ils souhaitent voir v\u00e9rifi\u00e9es. Cette interactivit\u00e9 renforcera la confiance et engagera notre communaut\u00e9 dans la lutte contre la d\u00e9sinformation.<\/p>\n<p>&nbsp;<\/p>\n<p>La rubrique &#8221; Info ou Intox &#8221; est plus qu&#8217;une simple addition \u00e0 notre journal ; elle est un pilier de notre engagement envers l&#8217;int\u00e9grit\u00e9 journalistique et la responsabilit\u00e9 envers notre lectorat. Nous esp\u00e9rons que cette initiative contribuera \u00e0 cr\u00e9er un environnement m\u00e9diatique plus sain et mieux inform\u00e9.<\/p>\n<p>La R\u00e9daction<\/p>\n","protected":false},"excerpt":{"rendered":"<p>Chers lecteurs, &nbsp; Au (Le Quotidien de Nouakchott), apr\u00e8s une m\u00fbre r\u00e9flexion et une analyse approfondie des tendances de l&#8217;industrie et des besoins de notre lectorat, nous avons pris la d\u00e9cision de transformer notre journal quotidien en publication hebdomadaire. Cette modification prendra effet d\u00e8s le mois prochain. &nbsp; Nous tenons \u00e0 souligner que, malgr\u00e9 ce&#8230;..<\/p>\n","protected":false},"author":4,"featured_media":17885,"comment_status":"open","ping_status":"open","sticky":false,"template":"","format":"standard","meta":{"footnotes":""},"categories":[59,57],"tags":[],"class_list":["post-17884","post","type-post","status-publish","format-standard","has-post-thumbnail","hentry","category-opinion","category-couverture-specilale"],"yoast_head":"<!-- This site is optimized with the Yoast SEO plugin v27.5 - https:\/\/yoast.com\/product\/yoast-seo-wordpress\/ -->\n<title>Du nouveau au Quotidien de Nouakchott - Le Quotidien de Nouakchott<\/title>\n<meta name=\"robots\" content=\"index, follow, max-snippet:-1, max-image-preview:large, max-video-preview:-1\" \/>\n<link rel=\"canonical\" href=\"https:\/\/lequotidien.mr\/?p=17884&lang=fr\" \/>\n<meta property=\"og:locale\" content=\"ar_AR\" \/>\n<meta property=\"og:type\" content=\"article\" \/>\n<meta property=\"og:title\" content=\"Du nouveau au Quotidien de Nouakchott - Le Quotidien de Nouakchott\" \/>\n<meta property=\"og:description\" content=\"Chers lecteurs, &nbsp; Au (Le Quotidien de Nouakchott), apr\u00e8s une m\u00fbre r\u00e9flexion et une analyse approfondie des tendances de l&#8217;industrie et des besoins de notre lectorat, nous avons pris la d\u00e9cision de transformer notre journal quotidien en publication hebdomadaire. Cette modification prendra effet d\u00e8s le mois prochain. &nbsp; Nous tenons \u00e0 souligner que, malgr\u00e9 ce.....\" \/>\n<meta property=\"og:url\" content=\"https:\/\/lequotidien.mr\/?p=17884&amp;lang=fr\" \/>\n<meta property=\"og:site_name\" content=\"Le Quotidien de Nouakchott\" \/>\n<meta property=\"article:publisher\" content=\"https:\/\/web.facebook.com\/lequotidienmr\" \/>\n<meta property=\"article:published_time\" content=\"2024-05-02T10:48:52+00:00\" \/>\n<meta property=\"article:modified_time\" content=\"2024-09-07T20:41:07+00:00\" \/>\n<meta property=\"og:image\" content=\"https:\/\/lequotidien.mr\/wp-content\/uploads\/2024\/05\/Capture-decran_2-5-2024_11219_.jpeg\" \/>\n\t<meta property=\"og:image:width\" content=\"411\" \/>\n\t<meta property=\"og:image:height\" content=\"166\" \/>\n\t<meta property=\"og:image:type\" content=\"image\/jpeg\" \/>\n<meta name=\"author\" content=\"Le Quotidien\" \/>\n<meta name=\"twitter:card\" content=\"summary_large_image\" \/>\n<meta name=\"twitter:creator\" content=\"@lequotidienmr\" \/>\n<meta name=\"twitter:site\" content=\"@lequotidienmr\" \/>\n<meta name=\"twitter:label1\" content=\"\u0643\u064f\u062a\u0628 \u0628\u0648\u0627\u0633\u0637\u0629\" \/>\n\t<meta name=\"twitter:data1\" content=\"Le Quotidien\" \/>\n\t<meta name=\"twitter:label2\" content=\"\u0648\u0642\u062a \u0627\u0644\u0642\u0631\u0627\u0621\u0629 \u0627\u0644\u0645\u064f\u0642\u062f\u0651\u0631\" \/>\n\t<meta name=\"twitter:data2\" content=\"4 \u062f\u0642\u0627\u0626\u0642\" \/>\n<script type=\"application\/ld+json\" class=\"yoast-schema-graph\">{\"@context\":\"https:\\\/\\\/schema.org\",\"@graph\":[{\"@type\":\"Article\",\"@id\":\"https:\\\/\\\/lequotidien.mr\\\/?p=17884&lang=fr#article\",\"isPartOf\":{\"@id\":\"https:\\\/\\\/lequotidien.mr\\\/?p=17884&lang=fr\"},\"author\":{\"name\":\"Le Quotidien\",\"@id\":\"https:\\\/\\\/lequotidien.mr\\\/#\\\/schema\\\/person\\\/f90fcdaa970c60288de4ed2e64a56472\"},\"headline\":\"Du nouveau au Quotidien de Nouakchott\",\"datePublished\":\"2024-05-02T10:48:52+00:00\",\"dateModified\":\"2024-09-07T20:41:07+00:00\",\"mainEntityOfPage\":{\"@id\":\"https:\\\/\\\/lequotidien.mr\\\/?p=17884&lang=fr\"},\"wordCount\":802,\"commentCount\":0,\"publisher\":{\"@id\":\"https:\\\/\\\/lequotidien.mr\\\/#organization\"},\"image\":{\"@id\":\"https:\\\/\\\/lequotidien.mr\\\/?p=17884&lang=fr#primaryimage\"},\"thumbnailUrl\":\"https:\\\/\\\/lequotidien.mr\\\/wp-content\\\/uploads\\\/2024\\\/05\\\/Capture-decran_2-5-2024_11219_.jpeg\",\"articleSection\":[\"Opinion\",\"Couverture sp\u00e9cilale\"],\"inLanguage\":\"ar\",\"potentialAction\":[{\"@type\":\"CommentAction\",\"name\":\"Comment\",\"target\":[\"https:\\\/\\\/lequotidien.mr\\\/?p=17884&lang=fr#respond\"]}]},{\"@type\":\"WebPage\",\"@id\":\"https:\\\/\\\/lequotidien.mr\\\/?p=17884&lang=fr\",\"url\":\"https:\\\/\\\/lequotidien.mr\\\/?p=17884&lang=fr\",\"name\":\"Du nouveau au Quotidien de Nouakchott - Le Quotidien de Nouakchott\",\"isPartOf\":{\"@id\":\"https:\\\/\\\/lequotidien.mr\\\/#website\"},\"primaryImageOfPage\":{\"@id\":\"https:\\\/\\\/lequotidien.mr\\\/?p=17884&lang=fr#primaryimage\"},\"image\":{\"@id\":\"https:\\\/\\\/lequotidien.mr\\\/?p=17884&lang=fr#primaryimage\"},\"thumbnailUrl\":\"https:\\\/\\\/lequotidien.mr\\\/wp-content\\\/uploads\\\/2024\\\/05\\\/Capture-decran_2-5-2024_11219_.jpeg\",\"datePublished\":\"2024-05-02T10:48:52+00:00\",\"dateModified\":\"2024-09-07T20:41:07+00:00\",\"breadcrumb\":{\"@id\":\"https:\\\/\\\/lequotidien.mr\\\/?p=17884&lang=fr#breadcrumb\"},\"inLanguage\":\"ar\",\"potentialAction\":[{\"@type\":\"ReadAction\",\"target\":[\"https:\\\/\\\/lequotidien.mr\\\/?p=17884&lang=fr\"]}]},{\"@type\":\"ImageObject\",\"inLanguage\":\"ar\",\"@id\":\"https:\\\/\\\/lequotidien.mr\\\/?p=17884&lang=fr#primaryimage\",\"url\":\"https:\\\/\\\/lequotidien.mr\\\/wp-content\\\/uploads\\\/2024\\\/05\\\/Capture-decran_2-5-2024_11219_.jpeg\",\"contentUrl\":\"https:\\\/\\\/lequotidien.mr\\\/wp-content\\\/uploads\\\/2024\\\/05\\\/Capture-decran_2-5-2024_11219_.jpeg\",\"width\":411,\"height\":166},{\"@type\":\"BreadcrumbList\",\"@id\":\"https:\\\/\\\/lequotidien.mr\\\/?p=17884&lang=fr#breadcrumb\",\"itemListElement\":[{\"@type\":\"ListItem\",\"position\":1,\"name\":\"Home\",\"item\":\"https:\\\/\\\/lequotidien.mr\\\/\"},{\"@type\":\"ListItem\",\"position\":2,\"name\":\"Du nouveau au Quotidien de Nouakchott\"}]},{\"@type\":\"WebSite\",\"@id\":\"https:\\\/\\\/lequotidien.mr\\\/#website\",\"url\":\"https:\\\/\\\/lequotidien.mr\\\/\",\"name\":\"Le Quotidien de Nouakchott\",\"description\":\"\u0625\u062e\u0628\u0627\u0631\u064a\u0629 \u0645\u0633\u062a\u0642\u0644\u0629 \u0644\u0644\u0623\u0646\u0628\u0627\u0621 \u0627\u0644\u0639\u0627\u0645\u0629\",\"publisher\":{\"@id\":\"https:\\\/\\\/lequotidien.mr\\\/#organization\"},\"potentialAction\":[{\"@type\":\"SearchAction\",\"target\":{\"@type\":\"EntryPoint\",\"urlTemplate\":\"https:\\\/\\\/lequotidien.mr\\\/?s={search_term_string}\"},\"query-input\":{\"@type\":\"PropertyValueSpecification\",\"valueRequired\":true,\"valueName\":\"search_term_string\"}}],\"inLanguage\":\"ar\"},{\"@type\":\"Organization\",\"@id\":\"https:\\\/\\\/lequotidien.mr\\\/#organization\",\"name\":\"Le Quotidien de Nouakchott\",\"url\":\"https:\\\/\\\/lequotidien.mr\\\/\",\"logo\":{\"@type\":\"ImageObject\",\"inLanguage\":\"ar\",\"@id\":\"https:\\\/\\\/lequotidien.mr\\\/#\\\/schema\\\/logo\\\/image\\\/\",\"url\":\"https:\\\/\\\/lequotidien.mr\\\/wp-content\\\/uploads\\\/2022\\\/11\\\/logolequotidien.jpg\",\"contentUrl\":\"https:\\\/\\\/lequotidien.mr\\\/wp-content\\\/uploads\\\/2022\\\/11\\\/logolequotidien.jpg\",\"width\":290,\"height\":65,\"caption\":\"Le Quotidien de Nouakchott\"},\"image\":{\"@id\":\"https:\\\/\\\/lequotidien.mr\\\/#\\\/schema\\\/logo\\\/image\\\/\"},\"sameAs\":[\"https:\\\/\\\/web.facebook.com\\\/lequotidienmr\",\"https:\\\/\\\/x.com\\\/lequotidienmr\"]},{\"@type\":\"Person\",\"@id\":\"https:\\\/\\\/lequotidien.mr\\\/#\\\/schema\\\/person\\\/f90fcdaa970c60288de4ed2e64a56472\",\"name\":\"Le Quotidien\",\"image\":{\"@type\":\"ImageObject\",\"inLanguage\":\"ar\",\"@id\":\"https:\\\/\\\/secure.gravatar.com\\\/avatar\\\/374cb39a1a458a912465a93e5a3ce6546886fc3da809a1f10c63e4e8fcbca30f?s=96&d=mm&r=g\",\"url\":\"https:\\\/\\\/secure.gravatar.com\\\/avatar\\\/374cb39a1a458a912465a93e5a3ce6546886fc3da809a1f10c63e4e8fcbca30f?s=96&d=mm&r=g\",\"contentUrl\":\"https:\\\/\\\/secure.gravatar.com\\\/avatar\\\/374cb39a1a458a912465a93e5a3ce6546886fc3da809a1f10c63e4e8fcbca30f?s=96&d=mm&r=g\",\"caption\":\"Le Quotidien\"},\"sameAs\":[\"https:\\\/\\\/lequotidien.mr\\\/\"],\"url\":\"https:\\\/\\\/lequotidien.mr\\\/?author=4\"}]}<\/script>\n<!-- \/ Yoast SEO plugin. -->","yoast_head_json":{"title":"Du nouveau au Quotidien de Nouakchott - Le Quotidien de Nouakchott","robots":{"index":"index","follow":"follow","max-snippet":"max-snippet:-1","max-image-preview":"max-image-preview:large","max-video-preview":"max-video-preview:-1"},"canonical":"https:\/\/lequotidien.mr\/?p=17884&lang=fr","og_locale":"ar_AR","og_type":"article","og_title":"Du nouveau au Quotidien de Nouakchott - Le Quotidien de Nouakchott","og_description":"Chers lecteurs, &nbsp; Au (Le Quotidien de Nouakchott), apr\u00e8s une m\u00fbre r\u00e9flexion et une analyse approfondie des tendances de l&#8217;industrie et des besoins de notre lectorat, nous avons pris la d\u00e9cision de transformer notre journal quotidien en publication hebdomadaire. Cette modification prendra effet d\u00e8s le mois prochain. &nbsp; Nous tenons \u00e0 souligner que, malgr\u00e9 ce.....","og_url":"https:\/\/lequotidien.mr\/?p=17884&lang=fr","og_site_name":"Le Quotidien de Nouakchott","article_publisher":"https:\/\/web.facebook.com\/lequotidienmr","article_published_time":"2024-05-02T10:48:52+00:00","article_modified_time":"2024-09-07T20:41:07+00:00","og_image":[{"width":411,"height":166,"url":"https:\/\/lequotidien.mr\/wp-content\/uploads\/2024\/05\/Capture-decran_2-5-2024_11219_.jpeg","type":"image\/jpeg"}],"author":"Le Quotidien","twitter_card":"summary_large_image","twitter_creator":"@lequotidienmr","twitter_site":"@lequotidienmr","twitter_misc":{"\u0643\u064f\u062a\u0628 \u0628\u0648\u0627\u0633\u0637\u0629":"Le Quotidien","\u0648\u0642\u062a \u0627\u0644\u0642\u0631\u0627\u0621\u0629 \u0627\u0644\u0645\u064f\u0642\u062f\u0651\u0631":"4 \u062f\u0642\u0627\u0626\u0642"},"schema":{"@context":"https:\/\/schema.org","@graph":[{"@type":"Article","@id":"https:\/\/lequotidien.mr\/?p=17884&lang=fr#article","isPartOf":{"@id":"https:\/\/lequotidien.mr\/?p=17884&lang=fr"},"author":{"name":"Le Quotidien","@id":"https:\/\/lequotidien.mr\/#\/schema\/person\/f90fcdaa970c60288de4ed2e64a56472"},"headline":"Du nouveau au Quotidien de Nouakchott","datePublished":"2024-05-02T10:48:52+00:00","dateModified":"2024-09-07T20:41:07+00:00","mainEntityOfPage":{"@id":"https:\/\/lequotidien.mr\/?p=17884&lang=fr"},"wordCount":802,"commentCount":0,"publisher":{"@id":"https:\/\/lequotidien.mr\/#organization"},"image":{"@id":"https:\/\/lequotidien.mr\/?p=17884&lang=fr#primaryimage"},"thumbnailUrl":"https:\/\/lequotidien.mr\/wp-content\/uploads\/2024\/05\/Capture-decran_2-5-2024_11219_.jpeg","articleSection":["Opinion","Couverture sp\u00e9cilale"],"inLanguage":"ar","potentialAction":[{"@type":"CommentAction","name":"Comment","target":["https:\/\/lequotidien.mr\/?p=17884&lang=fr#respond"]}]},{"@type":"WebPage","@id":"https:\/\/lequotidien.mr\/?p=17884&lang=fr","url":"https:\/\/lequotidien.mr\/?p=17884&lang=fr","name":"Du nouveau au Quotidien de Nouakchott - Le Quotidien de Nouakchott","isPartOf":{"@id":"https:\/\/lequotidien.mr\/#website"},"primaryImageOfPage":{"@id":"https:\/\/lequotidien.mr\/?p=17884&lang=fr#primaryimage"},"image":{"@id":"https:\/\/lequotidien.mr\/?p=17884&lang=fr#primaryimage"},"thumbnailUrl":"https:\/\/lequotidien.mr\/wp-content\/uploads\/2024\/05\/Capture-decran_2-5-2024_11219_.jpeg","datePublished":"2024-05-02T10:48:52+00:00","dateModified":"2024-09-07T20:41:07+00:00","breadcrumb":{"@id":"https:\/\/lequotidien.mr\/?p=17884&lang=fr#breadcrumb"},"inLanguage":"ar","potentialAction":[{"@type":"ReadAction","target":["https:\/\/lequotidien.mr\/?p=17884&lang=fr"]}]},{"@type":"ImageObject","inLanguage":"ar","@id":"https:\/\/lequotidien.mr\/?p=17884&lang=fr#primaryimage","url":"https:\/\/lequotidien.mr\/wp-content\/uploads\/2024\/05\/Capture-decran_2-5-2024_11219_.jpeg","contentUrl":"https:\/\/lequotidien.mr\/wp-content\/uploads\/2024\/05\/Capture-decran_2-5-2024_11219_.jpeg","width":411,"height":166},{"@type":"BreadcrumbList","@id":"https:\/\/lequotidien.mr\/?p=17884&lang=fr#breadcrumb","itemListElement":[{"@type":"ListItem","position":1,"name":"Home","item":"https:\/\/lequotidien.mr\/"},{"@type":"ListItem","position":2,"name":"Du nouveau au Quotidien de Nouakchott"}]},{"@type":"WebSite","@id":"https:\/\/lequotidien.mr\/#website","url":"https:\/\/lequotidien.mr\/","name":"Le Quotidien de Nouakchott","description":"\u0625\u062e\u0628\u0627\u0631\u064a\u0629 \u0645\u0633\u062a\u0642\u0644\u0629 \u0644\u0644\u0623\u0646\u0628\u0627\u0621 \u0627\u0644\u0639\u0627\u0645\u0629","publisher":{"@id":"https:\/\/lequotidien.mr\/#organization"},"potentialAction":[{"@type":"SearchAction","target":{"@type":"EntryPoint","urlTemplate":"https:\/\/lequotidien.mr\/?s={search_term_string}"},"query-input":{"@type":"PropertyValueSpecification","valueRequired":true,"valueName":"search_term_string"}}],"inLanguage":"ar"},{"@type":"Organization","@id":"https:\/\/lequotidien.mr\/#organization","name":"Le Quotidien de Nouakchott","url":"https:\/\/lequotidien.mr\/","logo":{"@type":"ImageObject","inLanguage":"ar","@id":"https:\/\/lequotidien.mr\/#\/schema\/logo\/image\/","url":"https:\/\/lequotidien.mr\/wp-content\/uploads\/2022\/11\/logolequotidien.jpg","contentUrl":"https:\/\/lequotidien.mr\/wp-content\/uploads\/2022\/11\/logolequotidien.jpg","width":290,"height":65,"caption":"Le Quotidien de Nouakchott"},"image":{"@id":"https:\/\/lequotidien.mr\/#\/schema\/logo\/image\/"},"sameAs":["https:\/\/web.facebook.com\/lequotidienmr","https:\/\/x.com\/lequotidienmr"]},{"@type":"Person","@id":"https:\/\/lequotidien.mr\/#\/schema\/person\/f90fcdaa970c60288de4ed2e64a56472","name":"Le Quotidien","image":{"@type":"ImageObject","inLanguage":"ar","@id":"https:\/\/secure.gravatar.com\/avatar\/374cb39a1a458a912465a93e5a3ce6546886fc3da809a1f10c63e4e8fcbca30f?s=96&d=mm&r=g","url":"https:\/\/secure.gravatar.com\/avatar\/374cb39a1a458a912465a93e5a3ce6546886fc3da809a1f10c63e4e8fcbca30f?s=96&d=mm&r=g","contentUrl":"https:\/\/secure.gravatar.com\/avatar\/374cb39a1a458a912465a93e5a3ce6546886fc3da809a1f10c63e4e8fcbca30f?s=96&d=mm&r=g","caption":"Le Quotidien"},"sameAs":["https:\/\/lequotidien.mr\/"],"url":"https:\/\/lequotidien.mr\/?author=4"}]}},"_links":{"self":[{"href":"https:\/\/lequotidien.mr\/index.php?rest_route=\/wp\/v2\/posts\/17884","targetHints":{"allow":["GET"]}}],"collection":[{"href":"https:\/\/lequotidien.mr\/index.php?rest_route=\/wp\/v2\/posts"}],"about":[{"href":"https:\/\/lequotidien.mr\/index.php?rest_route=\/wp\/v2\/types\/post"}],"author":[{"embeddable":true,"href":"https:\/\/lequotidien.mr\/index.php?rest_route=\/wp\/v2\/users\/4"}],"replies":[{"embeddable":true,"href":"https:\/\/lequotidien.mr\/index.php?rest_route=%2Fwp%2Fv2%2Fcomments&post=17884"}],"version-history":[{"count":1,"href":"https:\/\/lequotidien.mr\/index.php?rest_route=\/wp\/v2\/posts\/17884\/revisions"}],"predecessor-version":[{"id":17886,"href":"https:\/\/lequotidien.mr\/index.php?rest_route=\/wp\/v2\/posts\/17884\/revisions\/17886"}],"wp:featuredmedia":[{"embeddable":true,"href":"https:\/\/lequotidien.mr\/index.php?rest_route=\/wp\/v2\/media\/17885"}],"wp:attachment":[{"href":"https:\/\/lequotidien.mr\/index.php?rest_route=%2Fwp%2Fv2%2Fmedia&parent=17884"}],"wp:term":[{"taxonomy":"category","embeddable":true,"href":"https:\/\/lequotidien.mr\/index.php?rest_route=%2Fwp%2Fv2%2Fcategories&post=17884"},{"taxonomy":"post_tag","embeddable":true,"href":"https:\/\/lequotidien.mr\/index.php?rest_route=%2Fwp%2Fv2%2Ftags&post=17884"}],"curies":[{"name":"wp","href":"https:\/\/api.w.org\/{rel}","templated":true}]}}