{"id":17875,"date":"2024-05-01T16:18:51","date_gmt":"2024-05-01T16:18:51","guid":{"rendered":"https:\/\/lequotidien.mr\/?p=17875"},"modified":"2024-05-01T16:40:30","modified_gmt":"2024-05-01T16:40:30","slug":"discours-du-1er-mai-2024-pas-de-scoop-sinon-la-deception-des-fonctionnaires-suite-au-renvoi-aux-calendes-grecques-du-projet-de-loi-portant-decompte-de-depart-a-la-retraite-en-leur-faveur","status":"publish","type":"post","link":"https:\/\/lequotidien.mr\/?p=17875&lang=fr","title":{"rendered":"Discours du 1er mai 2024 : pas de scoop sinon la d\u00e9ception des fonctionnaires suite au renvoi aux calendes grecques du \u00ab projet de loi portant d\u00e9compte de d\u00e9part \u00e0 la retraite en leur faveur \u00bb"},"content":{"rendered":"<p>\u00c0\u00a0l&#8217;occasion de la journ\u00e9e internationale du travail, le ministre de la Fonction Publique et du Travail, M. Sidi Yahya Cheikhna Lemrabott, a prononc\u00e9 un discours adress\u00e9 aux travailleurs mauritaniens. Cependant, au lieu de susciter l&#8217;espoir et l&#8217;enthousiasme, son discours a \u00e9t\u00e9 marqu\u00e9 par une d\u00e9ception palpable, notamment parmi les fonctionnaires, face au renvoi du projet de loi portant d\u00e9compte de d\u00e9part \u00e0 la retraite en leur faveur.<\/p>\n<p>En effet, R\u00e9cemment, un espoir timide avait surgi apr\u00e8s la discussion en coulisses d&#8217;un projet de loi visant \u00e0 instaurer un d\u00e9compte de d\u00e9part \u00e0 la retraite pour les fonctionnaires. Il s&#8217;agissait d&#8217;un geste modeste, offrant quelques mois de salaire aux retrait\u00e9s pour les soulager dans leur transition vers la retraite, une p\u00e9riode souvent financi\u00e8rement difficile. Cependant, cette lueur d&#8217;espoir a \u00e9t\u00e9 rapidement \u00e9teinte par le renvoi du projet de loi aux calendes grecques.<\/p>\n<p>Cette absence d\u2019int\u00e9r\u00eat pour ce projet de loi innovant a \u00e9t\u00e9 v\u00e9cue comme une d\u00e9ception profonde par de nombreux fonctionnaires, qui se sentent n\u00e9glig\u00e9s et ignor\u00e9s par les autorit\u00e9s. Alors que les travailleurs r\u00e9gis par des conventions collectives b\u00e9n\u00e9ficient de d\u00e9comptes de d\u00e9part \u00e0 la retraite substantiels, les fonctionnaires se voient refuser ce m\u00eame avantage, malgr\u00e9 leur d\u00e9vouement et leur service loyal \u00e0 l&#8217;\u00c9tat.<\/p>\n<p>Nombre d\u2019observateurs soulignent qu\u2019\u00e0 deux mois des \u00e9lections pr\u00e9sidentielles, le pr\u00e9sident Mohamed Cheikh El Ghazouani aurait manqu\u00e9 une opportunit\u00e9 pr\u00e9cieuse d&#8217;innover en faveur des milliers de fonctionnaires mauritaniens. De plus, cette r\u00e9forme aurait eu un co\u00fbt relativement faible pour l&#8217;\u00c9tat, compar\u00e9 aux b\u00e9n\u00e9fices sociaux et \u00e0 la reconnaissance morale qu&#8217;elle aurait apport\u00e9 aux fonctionnaires.<\/p>\n<p>Le th\u00e8me de cette ann\u00e9e, &#8220;Sauvegarde des acquis et des droits et poursuite des r\u00e9alisations sociales&#8221;, semble \u00eatre sorti tout droit des archives des mouvements communistes du si\u00e8cle dernier. Pourtant, derri\u00e8re cette rh\u00e9torique pompeuse, se cache une r\u00e9alit\u00e9 am\u00e8re pour de nombreux travailleurs et fonctionnaires mauritaniens.<\/p>\n<p>Rappelons qu\u2019Il y a plus de deux ans, l&#8217;\u00c9tat avait d\u00e9cid\u00e9 de repousser l&#8217;\u00e2ge de d\u00e9part \u00e0 la retraite des fonctionnaires de 60 \u00e0 63 ans, une mesure qui ne fait qu&#8217;aggraver leurs difficult\u00e9s. Avec des salaires souvent insuffisants pour subvenir aux besoins de base, les fonctionnaires se retrouvent dans une situation pr\u00e9caire, sans perspective d&#8217;avenir assur\u00e9 pour eux-m\u00eames ou pour leurs enfants.<\/p>\n<p>Le discours du 1er mai 2024 restera donc dans les m\u00e9moires comme un moment de d\u00e9ception pour les travailleurs, tout particuli\u00e8rement des \u00a0fonctionnaires mauritaniens, t\u00e9moignant de l&#8217;urgence d&#8217;une r\u00e9forme effective et \u00e9quitable du syst\u00e8me de retraite pour garantir un avenir plus s\u00fbr et plus juste pour ceux qui ont consacr\u00e9 leur vie au service de l&#8217;\u00c9tat.<\/p>\n<p>&nbsp;<\/p>\n","protected":false},"excerpt":{"rendered":"<p>\u00c0\u00a0l&#8217;occasion de la journ\u00e9e internationale du travail, le ministre de la Fonction Publique et du Travail, M. Sidi Yahya Cheikhna Lemrabott, a prononc\u00e9 un discours adress\u00e9 aux travailleurs mauritaniens. Cependant, au lieu de susciter l&#8217;espoir et l&#8217;enthousiasme, son discours a \u00e9t\u00e9 marqu\u00e9 par une d\u00e9ception palpable, notamment parmi les fonctionnaires, face au renvoi du projet&#8230;..<\/p>\n","protected":false},"author":12,"featured_media":17878,"comment_status":"open","ping_status":"open","sticky":false,"template":"","format":"standard","meta":{"footnotes":""},"categories":[23,49,59],"tags":[],"class_list":["post-17875","post","type-post","status-publish","format-standard","has-post-thumbnail","hentry","category-actualite","category-economie","category-opinion"],"yoast_head":"<!-- This site is optimized with the Yoast SEO plugin v27.5 - https:\/\/yoast.com\/product\/yoast-seo-wordpress\/ -->\n<title>Discours du 1er mai 2024 : pas de scoop sinon la d\u00e9ception des fonctionnaires suite au renvoi aux calendes grecques du \u00ab projet de loi portant d\u00e9compte de d\u00e9part \u00e0 la retraite en leur faveur \u00bb - Le Quotidien de Nouakchott<\/title>\n<meta name=\"robots\" content=\"index, follow, max-snippet:-1, max-image-preview:large, max-video-preview:-1\" \/>\n<link rel=\"canonical\" href=\"https:\/\/lequotidien.mr\/?p=17875&lang=fr\" \/>\n<meta property=\"og:locale\" content=\"ar_AR\" \/>\n<meta property=\"og:type\" content=\"article\" \/>\n<meta property=\"og:title\" content=\"Discours du 1er mai 2024 : pas de scoop sinon la d\u00e9ception des fonctionnaires suite au renvoi aux calendes grecques du \u00ab projet de loi portant d\u00e9compte de d\u00e9part \u00e0 la retraite en leur faveur \u00bb - Le Quotidien de Nouakchott\" \/>\n<meta property=\"og:description\" content=\"\u00c0\u00a0l&#8217;occasion de la journ\u00e9e internationale du travail, le ministre de la Fonction Publique et du Travail, M. Sidi Yahya Cheikhna Lemrabott, a prononc\u00e9 un discours adress\u00e9 aux travailleurs mauritaniens. Cependant, au lieu de susciter l&#8217;espoir et l&#8217;enthousiasme, son discours a \u00e9t\u00e9 marqu\u00e9 par une d\u00e9ception palpable, notamment parmi les fonctionnaires, face au renvoi du projet.....\" \/>\n<meta property=\"og:url\" content=\"https:\/\/lequotidien.mr\/?p=17875&amp;lang=fr\" \/>\n<meta property=\"og:site_name\" content=\"Le Quotidien de Nouakchott\" \/>\n<meta property=\"article:publisher\" content=\"https:\/\/web.facebook.com\/lequotidienmr\" \/>\n<meta property=\"article:published_time\" content=\"2024-05-01T16:18:51+00:00\" \/>\n<meta property=\"article:modified_time\" content=\"2024-05-01T16:40:30+00:00\" \/>\n<meta property=\"og:image\" content=\"https:\/\/lequotidien.mr\/wp-content\/uploads\/2024\/05\/photo-jnee-internationale-du-travail.jpg\" \/>\n\t<meta property=\"og:image:width\" content=\"527\" \/>\n\t<meta property=\"og:image:height\" content=\"510\" \/>\n\t<meta property=\"og:image:type\" content=\"image\/jpeg\" \/>\n<meta name=\"author\" content=\"Med Ahmed\" \/>\n<meta name=\"twitter:card\" content=\"summary_large_image\" \/>\n<meta name=\"twitter:creator\" content=\"@lequotidienmr\" \/>\n<meta name=\"twitter:site\" content=\"@lequotidienmr\" \/>\n<meta name=\"twitter:label1\" content=\"\u0643\u064f\u062a\u0628 \u0628\u0648\u0627\u0633\u0637\u0629\" \/>\n\t<meta name=\"twitter:data1\" content=\"Med Ahmed\" \/>\n\t<meta name=\"twitter:label2\" content=\"\u0648\u0642\u062a \u0627\u0644\u0642\u0631\u0627\u0621\u0629 \u0627\u0644\u0645\u064f\u0642\u062f\u0651\u0631\" \/>\n\t<meta name=\"twitter:data2\" content=\"\u062f\u0642\u064a\u0642\u062a\u0627\u0646\" \/>\n<script type=\"application\/ld+json\" class=\"yoast-schema-graph\">{\"@context\":\"https:\\\/\\\/schema.org\",\"@graph\":[{\"@type\":\"Article\",\"@id\":\"https:\\\/\\\/lequotidien.mr\\\/?p=17875&lang=fr#article\",\"isPartOf\":{\"@id\":\"https:\\\/\\\/lequotidien.mr\\\/?p=17875&lang=fr\"},\"author\":{\"name\":\"Med Ahmed\",\"@id\":\"https:\\\/\\\/lequotidien.mr\\\/#\\\/schema\\\/person\\\/d2d350202a4d599685ed8abc25f97596\"},\"headline\":\"Discours du 1er mai 2024 : pas de scoop sinon la d\u00e9ception des fonctionnaires suite au renvoi aux calendes grecques du \u00ab projet de loi portant d\u00e9compte de d\u00e9part \u00e0 la retraite en leur faveur \u00bb\",\"datePublished\":\"2024-05-01T16:18:51+00:00\",\"dateModified\":\"2024-05-01T16:40:30+00:00\",\"mainEntityOfPage\":{\"@id\":\"https:\\\/\\\/lequotidien.mr\\\/?p=17875&lang=fr\"},\"wordCount\":522,\"commentCount\":0,\"publisher\":{\"@id\":\"https:\\\/\\\/lequotidien.mr\\\/#organization\"},\"image\":{\"@id\":\"https:\\\/\\\/lequotidien.mr\\\/?p=17875&lang=fr#primaryimage\"},\"thumbnailUrl\":\"https:\\\/\\\/lequotidien.mr\\\/wp-content\\\/uploads\\\/2024\\\/05\\\/photo-jnee-internationale-du-travail.jpg\",\"articleSection\":[\"ACTUALIT\u00c9\",\"Economie\",\"Opinion\"],\"inLanguage\":\"ar\",\"potentialAction\":[{\"@type\":\"CommentAction\",\"name\":\"Comment\",\"target\":[\"https:\\\/\\\/lequotidien.mr\\\/?p=17875&lang=fr#respond\"]}]},{\"@type\":\"WebPage\",\"@id\":\"https:\\\/\\\/lequotidien.mr\\\/?p=17875&lang=fr\",\"url\":\"https:\\\/\\\/lequotidien.mr\\\/?p=17875&lang=fr\",\"name\":\"Discours du 1er mai 2024 : pas de scoop sinon la d\u00e9ception des fonctionnaires suite au renvoi aux calendes grecques du \u00ab projet de loi portant d\u00e9compte de d\u00e9part \u00e0 la retraite en leur faveur \u00bb - Le Quotidien de Nouakchott\",\"isPartOf\":{\"@id\":\"https:\\\/\\\/lequotidien.mr\\\/#website\"},\"primaryImageOfPage\":{\"@id\":\"https:\\\/\\\/lequotidien.mr\\\/?p=17875&lang=fr#primaryimage\"},\"image\":{\"@id\":\"https:\\\/\\\/lequotidien.mr\\\/?p=17875&lang=fr#primaryimage\"},\"thumbnailUrl\":\"https:\\\/\\\/lequotidien.mr\\\/wp-content\\\/uploads\\\/2024\\\/05\\\/photo-jnee-internationale-du-travail.jpg\",\"datePublished\":\"2024-05-01T16:18:51+00:00\",\"dateModified\":\"2024-05-01T16:40:30+00:00\",\"breadcrumb\":{\"@id\":\"https:\\\/\\\/lequotidien.mr\\\/?p=17875&lang=fr#breadcrumb\"},\"inLanguage\":\"ar\",\"potentialAction\":[{\"@type\":\"ReadAction\",\"target\":[\"https:\\\/\\\/lequotidien.mr\\\/?p=17875&lang=fr\"]}]},{\"@type\":\"ImageObject\",\"inLanguage\":\"ar\",\"@id\":\"https:\\\/\\\/lequotidien.mr\\\/?p=17875&lang=fr#primaryimage\",\"url\":\"https:\\\/\\\/lequotidien.mr\\\/wp-content\\\/uploads\\\/2024\\\/05\\\/photo-jnee-internationale-du-travail.jpg\",\"contentUrl\":\"https:\\\/\\\/lequotidien.mr\\\/wp-content\\\/uploads\\\/2024\\\/05\\\/photo-jnee-internationale-du-travail.jpg\",\"width\":527,\"height\":510},{\"@type\":\"BreadcrumbList\",\"@id\":\"https:\\\/\\\/lequotidien.mr\\\/?p=17875&lang=fr#breadcrumb\",\"itemListElement\":[{\"@type\":\"ListItem\",\"position\":1,\"name\":\"Home\",\"item\":\"https:\\\/\\\/lequotidien.mr\\\/\"},{\"@type\":\"ListItem\",\"position\":2,\"name\":\"Discours du 1er mai 2024 : pas de scoop sinon la d\u00e9ception des fonctionnaires suite au renvoi aux calendes grecques du \u00ab projet de loi portant d\u00e9compte de d\u00e9part \u00e0 la retraite en leur faveur \u00bb\"}]},{\"@type\":\"WebSite\",\"@id\":\"https:\\\/\\\/lequotidien.mr\\\/#website\",\"url\":\"https:\\\/\\\/lequotidien.mr\\\/\",\"name\":\"Le Quotidien de Nouakchott\",\"description\":\"\u0625\u062e\u0628\u0627\u0631\u064a\u0629 \u0645\u0633\u062a\u0642\u0644\u0629 \u0644\u0644\u0623\u0646\u0628\u0627\u0621 \u0627\u0644\u0639\u0627\u0645\u0629\",\"publisher\":{\"@id\":\"https:\\\/\\\/lequotidien.mr\\\/#organization\"},\"potentialAction\":[{\"@type\":\"SearchAction\",\"target\":{\"@type\":\"EntryPoint\",\"urlTemplate\":\"https:\\\/\\\/lequotidien.mr\\\/?s={search_term_string}\"},\"query-input\":{\"@type\":\"PropertyValueSpecification\",\"valueRequired\":true,\"valueName\":\"search_term_string\"}}],\"inLanguage\":\"ar\"},{\"@type\":\"Organization\",\"@id\":\"https:\\\/\\\/lequotidien.mr\\\/#organization\",\"name\":\"Le Quotidien de Nouakchott\",\"url\":\"https:\\\/\\\/lequotidien.mr\\\/\",\"logo\":{\"@type\":\"ImageObject\",\"inLanguage\":\"ar\",\"@id\":\"https:\\\/\\\/lequotidien.mr\\\/#\\\/schema\\\/logo\\\/image\\\/\",\"url\":\"https:\\\/\\\/lequotidien.mr\\\/wp-content\\\/uploads\\\/2022\\\/11\\\/logolequotidien.jpg\",\"contentUrl\":\"https:\\\/\\\/lequotidien.mr\\\/wp-content\\\/uploads\\\/2022\\\/11\\\/logolequotidien.jpg\",\"width\":290,\"height\":65,\"caption\":\"Le Quotidien de Nouakchott\"},\"image\":{\"@id\":\"https:\\\/\\\/lequotidien.mr\\\/#\\\/schema\\\/logo\\\/image\\\/\"},\"sameAs\":[\"https:\\\/\\\/web.facebook.com\\\/lequotidienmr\",\"https:\\\/\\\/x.com\\\/lequotidienmr\"]},{\"@type\":\"Person\",\"@id\":\"https:\\\/\\\/lequotidien.mr\\\/#\\\/schema\\\/person\\\/d2d350202a4d599685ed8abc25f97596\",\"name\":\"Med Ahmed\",\"image\":{\"@type\":\"ImageObject\",\"inLanguage\":\"ar\",\"@id\":\"https:\\\/\\\/secure.gravatar.com\\\/avatar\\\/fd2acc62ed50732923d1d39c17172c9b04149f142be92310ecc69e1358f94b52?s=96&d=mm&r=g\",\"url\":\"https:\\\/\\\/secure.gravatar.com\\\/avatar\\\/fd2acc62ed50732923d1d39c17172c9b04149f142be92310ecc69e1358f94b52?s=96&d=mm&r=g\",\"contentUrl\":\"https:\\\/\\\/secure.gravatar.com\\\/avatar\\\/fd2acc62ed50732923d1d39c17172c9b04149f142be92310ecc69e1358f94b52?s=96&d=mm&r=g\",\"caption\":\"Med Ahmed\"},\"url\":\"https:\\\/\\\/lequotidien.mr\\\/?author=12\"}]}<\/script>\n<!-- \/ Yoast SEO plugin. -->","yoast_head_json":{"title":"Discours du 1er mai 2024 : pas de scoop sinon la d\u00e9ception des fonctionnaires suite au renvoi aux calendes grecques du \u00ab projet de loi portant d\u00e9compte de d\u00e9part \u00e0 la retraite en leur faveur \u00bb - Le Quotidien de Nouakchott","robots":{"index":"index","follow":"follow","max-snippet":"max-snippet:-1","max-image-preview":"max-image-preview:large","max-video-preview":"max-video-preview:-1"},"canonical":"https:\/\/lequotidien.mr\/?p=17875&lang=fr","og_locale":"ar_AR","og_type":"article","og_title":"Discours du 1er mai 2024 : pas de scoop sinon la d\u00e9ception des fonctionnaires suite au renvoi aux calendes grecques du \u00ab projet de loi portant d\u00e9compte de d\u00e9part \u00e0 la retraite en leur faveur \u00bb - Le Quotidien de Nouakchott","og_description":"\u00c0\u00a0l&#8217;occasion de la journ\u00e9e internationale du travail, le ministre de la Fonction Publique et du Travail, M. Sidi Yahya Cheikhna Lemrabott, a prononc\u00e9 un discours adress\u00e9 aux travailleurs mauritaniens. Cependant, au lieu de susciter l&#8217;espoir et l&#8217;enthousiasme, son discours a \u00e9t\u00e9 marqu\u00e9 par une d\u00e9ception palpable, notamment parmi les fonctionnaires, face au renvoi du projet.....","og_url":"https:\/\/lequotidien.mr\/?p=17875&lang=fr","og_site_name":"Le Quotidien de Nouakchott","article_publisher":"https:\/\/web.facebook.com\/lequotidienmr","article_published_time":"2024-05-01T16:18:51+00:00","article_modified_time":"2024-05-01T16:40:30+00:00","og_image":[{"width":527,"height":510,"url":"https:\/\/lequotidien.mr\/wp-content\/uploads\/2024\/05\/photo-jnee-internationale-du-travail.jpg","type":"image\/jpeg"}],"author":"Med Ahmed","twitter_card":"summary_large_image","twitter_creator":"@lequotidienmr","twitter_site":"@lequotidienmr","twitter_misc":{"\u0643\u064f\u062a\u0628 \u0628\u0648\u0627\u0633\u0637\u0629":"Med Ahmed","\u0648\u0642\u062a \u0627\u0644\u0642\u0631\u0627\u0621\u0629 \u0627\u0644\u0645\u064f\u0642\u062f\u0651\u0631":"\u062f\u0642\u064a\u0642\u062a\u0627\u0646"},"schema":{"@context":"https:\/\/schema.org","@graph":[{"@type":"Article","@id":"https:\/\/lequotidien.mr\/?p=17875&lang=fr#article","isPartOf":{"@id":"https:\/\/lequotidien.mr\/?p=17875&lang=fr"},"author":{"name":"Med Ahmed","@id":"https:\/\/lequotidien.mr\/#\/schema\/person\/d2d350202a4d599685ed8abc25f97596"},"headline":"Discours du 1er mai 2024 : pas de scoop sinon la d\u00e9ception des fonctionnaires suite au renvoi aux calendes grecques du \u00ab projet de loi portant d\u00e9compte de d\u00e9part \u00e0 la retraite en leur faveur \u00bb","datePublished":"2024-05-01T16:18:51+00:00","dateModified":"2024-05-01T16:40:30+00:00","mainEntityOfPage":{"@id":"https:\/\/lequotidien.mr\/?p=17875&lang=fr"},"wordCount":522,"commentCount":0,"publisher":{"@id":"https:\/\/lequotidien.mr\/#organization"},"image":{"@id":"https:\/\/lequotidien.mr\/?p=17875&lang=fr#primaryimage"},"thumbnailUrl":"https:\/\/lequotidien.mr\/wp-content\/uploads\/2024\/05\/photo-jnee-internationale-du-travail.jpg","articleSection":["ACTUALIT\u00c9","Economie","Opinion"],"inLanguage":"ar","potentialAction":[{"@type":"CommentAction","name":"Comment","target":["https:\/\/lequotidien.mr\/?p=17875&lang=fr#respond"]}]},{"@type":"WebPage","@id":"https:\/\/lequotidien.mr\/?p=17875&lang=fr","url":"https:\/\/lequotidien.mr\/?p=17875&lang=fr","name":"Discours du 1er mai 2024 : pas de scoop sinon la d\u00e9ception des fonctionnaires suite au renvoi aux calendes grecques du \u00ab projet de loi portant d\u00e9compte de d\u00e9part \u00e0 la retraite en leur faveur \u00bb - Le Quotidien de Nouakchott","isPartOf":{"@id":"https:\/\/lequotidien.mr\/#website"},"primaryImageOfPage":{"@id":"https:\/\/lequotidien.mr\/?p=17875&lang=fr#primaryimage"},"image":{"@id":"https:\/\/lequotidien.mr\/?p=17875&lang=fr#primaryimage"},"thumbnailUrl":"https:\/\/lequotidien.mr\/wp-content\/uploads\/2024\/05\/photo-jnee-internationale-du-travail.jpg","datePublished":"2024-05-01T16:18:51+00:00","dateModified":"2024-05-01T16:40:30+00:00","breadcrumb":{"@id":"https:\/\/lequotidien.mr\/?p=17875&lang=fr#breadcrumb"},"inLanguage":"ar","potentialAction":[{"@type":"ReadAction","target":["https:\/\/lequotidien.mr\/?p=17875&lang=fr"]}]},{"@type":"ImageObject","inLanguage":"ar","@id":"https:\/\/lequotidien.mr\/?p=17875&lang=fr#primaryimage","url":"https:\/\/lequotidien.mr\/wp-content\/uploads\/2024\/05\/photo-jnee-internationale-du-travail.jpg","contentUrl":"https:\/\/lequotidien.mr\/wp-content\/uploads\/2024\/05\/photo-jnee-internationale-du-travail.jpg","width":527,"height":510},{"@type":"BreadcrumbList","@id":"https:\/\/lequotidien.mr\/?p=17875&lang=fr#breadcrumb","itemListElement":[{"@type":"ListItem","position":1,"name":"Home","item":"https:\/\/lequotidien.mr\/"},{"@type":"ListItem","position":2,"name":"Discours du 1er mai 2024 : pas de scoop sinon la d\u00e9ception des fonctionnaires suite au renvoi aux calendes grecques du \u00ab projet de loi portant d\u00e9compte de d\u00e9part \u00e0 la retraite en leur faveur \u00bb"}]},{"@type":"WebSite","@id":"https:\/\/lequotidien.mr\/#website","url":"https:\/\/lequotidien.mr\/","name":"Le Quotidien de Nouakchott","description":"\u0625\u062e\u0628\u0627\u0631\u064a\u0629 \u0645\u0633\u062a\u0642\u0644\u0629 \u0644\u0644\u0623\u0646\u0628\u0627\u0621 \u0627\u0644\u0639\u0627\u0645\u0629","publisher":{"@id":"https:\/\/lequotidien.mr\/#organization"},"potentialAction":[{"@type":"SearchAction","target":{"@type":"EntryPoint","urlTemplate":"https:\/\/lequotidien.mr\/?s={search_term_string}"},"query-input":{"@type":"PropertyValueSpecification","valueRequired":true,"valueName":"search_term_string"}}],"inLanguage":"ar"},{"@type":"Organization","@id":"https:\/\/lequotidien.mr\/#organization","name":"Le Quotidien de Nouakchott","url":"https:\/\/lequotidien.mr\/","logo":{"@type":"ImageObject","inLanguage":"ar","@id":"https:\/\/lequotidien.mr\/#\/schema\/logo\/image\/","url":"https:\/\/lequotidien.mr\/wp-content\/uploads\/2022\/11\/logolequotidien.jpg","contentUrl":"https:\/\/lequotidien.mr\/wp-content\/uploads\/2022\/11\/logolequotidien.jpg","width":290,"height":65,"caption":"Le Quotidien de Nouakchott"},"image":{"@id":"https:\/\/lequotidien.mr\/#\/schema\/logo\/image\/"},"sameAs":["https:\/\/web.facebook.com\/lequotidienmr","https:\/\/x.com\/lequotidienmr"]},{"@type":"Person","@id":"https:\/\/lequotidien.mr\/#\/schema\/person\/d2d350202a4d599685ed8abc25f97596","name":"Med Ahmed","image":{"@type":"ImageObject","inLanguage":"ar","@id":"https:\/\/secure.gravatar.com\/avatar\/fd2acc62ed50732923d1d39c17172c9b04149f142be92310ecc69e1358f94b52?s=96&d=mm&r=g","url":"https:\/\/secure.gravatar.com\/avatar\/fd2acc62ed50732923d1d39c17172c9b04149f142be92310ecc69e1358f94b52?s=96&d=mm&r=g","contentUrl":"https:\/\/secure.gravatar.com\/avatar\/fd2acc62ed50732923d1d39c17172c9b04149f142be92310ecc69e1358f94b52?s=96&d=mm&r=g","caption":"Med Ahmed"},"url":"https:\/\/lequotidien.mr\/?author=12"}]}},"_links":{"self":[{"href":"https:\/\/lequotidien.mr\/index.php?rest_route=\/wp\/v2\/posts\/17875","targetHints":{"allow":["GET"]}}],"collection":[{"href":"https:\/\/lequotidien.mr\/index.php?rest_route=\/wp\/v2\/posts"}],"about":[{"href":"https:\/\/lequotidien.mr\/index.php?rest_route=\/wp\/v2\/types\/post"}],"author":[{"embeddable":true,"href":"https:\/\/lequotidien.mr\/index.php?rest_route=\/wp\/v2\/users\/12"}],"replies":[{"embeddable":true,"href":"https:\/\/lequotidien.mr\/index.php?rest_route=%2Fwp%2Fv2%2Fcomments&post=17875"}],"version-history":[{"count":2,"href":"https:\/\/lequotidien.mr\/index.php?rest_route=\/wp\/v2\/posts\/17875\/revisions"}],"predecessor-version":[{"id":17880,"href":"https:\/\/lequotidien.mr\/index.php?rest_route=\/wp\/v2\/posts\/17875\/revisions\/17880"}],"wp:featuredmedia":[{"embeddable":true,"href":"https:\/\/lequotidien.mr\/index.php?rest_route=\/wp\/v2\/media\/17878"}],"wp:attachment":[{"href":"https:\/\/lequotidien.mr\/index.php?rest_route=%2Fwp%2Fv2%2Fmedia&parent=17875"}],"wp:term":[{"taxonomy":"category","embeddable":true,"href":"https:\/\/lequotidien.mr\/index.php?rest_route=%2Fwp%2Fv2%2Fcategories&post=17875"},{"taxonomy":"post_tag","embeddable":true,"href":"https:\/\/lequotidien.mr\/index.php?rest_route=%2Fwp%2Fv2%2Ftags&post=17875"}],"curies":[{"name":"wp","href":"https:\/\/api.w.org\/{rel}","templated":true}]}}