{"id":17869,"date":"2024-05-01T14:40:16","date_gmt":"2024-05-01T14:40:16","guid":{"rendered":"https:\/\/lequotidien.mr\/?p=17869"},"modified":"2024-05-01T14:40:16","modified_gmt":"2024-05-01T14:40:16","slug":"la-mauritanie-et-larabie-saoudite-renforcent-leur-cooperation-dans-le-domaine-des-energies-renouvelables","status":"publish","type":"post","link":"https:\/\/lequotidien.mr\/?p=17869&lang=fr","title":{"rendered":"La Mauritanie et l&#8217;Arabie Saoudite renforcent leur coop\u00e9ration dans le domaine des \u00e9nergies renouvelables"},"content":{"rendered":"<p>L&#8217;Arabie Saoudite et la Mauritanie ont sign\u00e9 une importante m\u00e9morandum d&#8217;entente, qui vise \u00e0 \u00e9tablir un cadre de coop\u00e9ration entre les deux pays dans les secteurs de l&#8217;\u00e9lectricit\u00e9, des \u00e9nergies renouvelables et de l&#8217;hydrog\u00e8ne propre, afin de r\u00e9aliser leurs objectifs et int\u00e9r\u00eats mutuels.<\/p>\n<p>Ce m\u00e9morandum a \u00e9t\u00e9 sign\u00e9 par le Prince Abdulaziz bin Salman bin Abdulaziz, ministre saoudien de l&#8217;\u00c9nergie, et Nani Ould Chrougha, ministre mauritanien du P\u00e9trole, des Mines et de l&#8217;\u00c9nergie. Cette c\u00e9r\u00e9monie s&#8217;est d\u00e9roul\u00e9e hier \u00e0 Riyad, en marge de la r\u00e9union sp\u00e9ciale du Forum \u00e9conomique mondial qui se tenait dans la capitale saoudienne.<\/p>\n<p>Selon l&#8217;agence de presse saoudienne, l&#8217;accord comprend plusieurs volets, notamment l&#8217;encouragement \u00e0 l&#8217;\u00e9change d&#8217;exp\u00e9riences et l&#8217;\u00e9tude des opportunit\u00e9s de partenariat dans le secteur des \u00e9nergies renouvelables, telles que l&#8217;\u00e9nergie solaire, l&#8217;\u00e9nergie \u00e9olienne, la conversion des d\u00e9chets en \u00e9nergie, et l&#8217;\u00e9nergie g\u00e9othermique. Il inclut \u00e9galement le d\u00e9veloppement et l&#8217;am\u00e9lioration du syst\u00e8me \u00e9lectrique pour augmenter la fiabilit\u00e9 et la s\u00e9curit\u00e9 du r\u00e9seau.<\/p>\n<p>En outre, le m\u00e9morandum comprend des \u00e9tudes sur les opportunit\u00e9s de d\u00e9velopper des projets communs et le transfert des technologies n\u00e9cessaires dans les secteurs de l&#8217;\u00e9lectricit\u00e9 et des \u00e9nergies renouvelables. Les deux pays exploreront \u00e9galement les opportunit\u00e9s de coop\u00e9ration dans le domaine de l&#8217;hydrog\u00e8ne propre et des technologies d&#8217;\u00e9nergie propre pour d\u00e9velopper et utiliser des technologies de carburants fossiles plus propres en utilisant les meilleures technologies et pratiques disponibles pour att\u00e9nuer les impacts environnementaux, y compris les technologies de capture, de s\u00e9paration, de stockage et d&#8217;utilisation du dioxyde de carbone, et pour am\u00e9liorer l&#8217;efficacit\u00e9 de la production et de la consommation d&#8217;\u00e9nergie.<\/p>\n<p>Cette initiative marque un pas important vers le renforcement des liens bilat\u00e9raux entre l&#8217;Arabie Saoudite et la Mauritanie, tout en mettant en avant leur engagement commun pour une transition \u00e9nerg\u00e9tique durable et \u00e9cologique.<\/p>\n","protected":false},"excerpt":{"rendered":"<p>L&#8217;Arabie Saoudite et la Mauritanie ont sign\u00e9 une importante m\u00e9morandum d&#8217;entente, qui vise \u00e0 \u00e9tablir un cadre de coop\u00e9ration entre les deux pays dans les secteurs de l&#8217;\u00e9lectricit\u00e9, des \u00e9nergies renouvelables et de l&#8217;hydrog\u00e8ne propre, afin de r\u00e9aliser leurs objectifs et int\u00e9r\u00eats mutuels. Ce m\u00e9morandum a \u00e9t\u00e9 sign\u00e9 par le Prince Abdulaziz bin Salman bin&#8230;..<\/p>\n","protected":false},"author":4,"featured_media":17871,"comment_status":"open","ping_status":"open","sticky":false,"template":"","format":"standard","meta":{"footnotes":""},"categories":[23,49,57],"tags":[],"class_list":["post-17869","post","type-post","status-publish","format-standard","has-post-thumbnail","hentry","category-actualite","category-economie","category-couverture-specilale"],"yoast_head":"<!-- This site is optimized with the Yoast SEO plugin v27.5 - https:\/\/yoast.com\/product\/yoast-seo-wordpress\/ -->\n<title>La Mauritanie et l&#039;Arabie Saoudite renforcent leur coop\u00e9ration dans le domaine des \u00e9nergies renouvelables - Le Quotidien de Nouakchott<\/title>\n<meta name=\"robots\" content=\"index, follow, max-snippet:-1, max-image-preview:large, max-video-preview:-1\" \/>\n<link rel=\"canonical\" href=\"https:\/\/lequotidien.mr\/?p=17869&lang=fr\" \/>\n<meta property=\"og:locale\" content=\"ar_AR\" \/>\n<meta property=\"og:type\" content=\"article\" \/>\n<meta property=\"og:title\" content=\"La Mauritanie et l&#039;Arabie Saoudite renforcent leur coop\u00e9ration dans le domaine des \u00e9nergies renouvelables - Le Quotidien de Nouakchott\" \/>\n<meta property=\"og:description\" content=\"L&#8217;Arabie Saoudite et la Mauritanie ont sign\u00e9 une importante m\u00e9morandum d&#8217;entente, qui vise \u00e0 \u00e9tablir un cadre de coop\u00e9ration entre les deux pays dans les secteurs de l&#8217;\u00e9lectricit\u00e9, des \u00e9nergies renouvelables et de l&#8217;hydrog\u00e8ne propre, afin de r\u00e9aliser leurs objectifs et int\u00e9r\u00eats mutuels. Ce m\u00e9morandum a \u00e9t\u00e9 sign\u00e9 par le Prince Abdulaziz bin Salman bin.....\" \/>\n<meta property=\"og:url\" content=\"https:\/\/lequotidien.mr\/?p=17869&amp;lang=fr\" \/>\n<meta property=\"og:site_name\" content=\"Le Quotidien de Nouakchott\" \/>\n<meta property=\"article:publisher\" content=\"https:\/\/web.facebook.com\/lequotidienmr\" \/>\n<meta property=\"article:published_time\" content=\"2024-05-01T14:40:16+00:00\" \/>\n<meta property=\"og:image\" content=\"https:\/\/lequotidien.mr\/wp-content\/uploads\/2024\/05\/8\u0646.jpg\" \/>\n\t<meta property=\"og:image:width\" content=\"1000\" \/>\n\t<meta property=\"og:image:height\" content=\"563\" \/>\n\t<meta property=\"og:image:type\" content=\"image\/jpeg\" \/>\n<meta name=\"author\" content=\"Le Quotidien\" \/>\n<meta name=\"twitter:card\" content=\"summary_large_image\" \/>\n<meta name=\"twitter:creator\" content=\"@lequotidienmr\" \/>\n<meta name=\"twitter:site\" content=\"@lequotidienmr\" \/>\n<meta name=\"twitter:label1\" content=\"\u0643\u064f\u062a\u0628 \u0628\u0648\u0627\u0633\u0637\u0629\" \/>\n\t<meta name=\"twitter:data1\" content=\"Le Quotidien\" \/>\n\t<meta name=\"twitter:label2\" content=\"\u0648\u0642\u062a \u0627\u0644\u0642\u0631\u0627\u0621\u0629 \u0627\u0644\u0645\u064f\u0642\u062f\u0651\u0631\" \/>\n\t<meta name=\"twitter:data2\" content=\"\u062f\u0642\u064a\u0642\u062a\u0627\u0646\" \/>\n<script type=\"application\/ld+json\" class=\"yoast-schema-graph\">{\"@context\":\"https:\\\/\\\/schema.org\",\"@graph\":[{\"@type\":\"Article\",\"@id\":\"https:\\\/\\\/lequotidien.mr\\\/?p=17869&lang=fr#article\",\"isPartOf\":{\"@id\":\"https:\\\/\\\/lequotidien.mr\\\/?p=17869&lang=fr\"},\"author\":{\"name\":\"Le Quotidien\",\"@id\":\"https:\\\/\\\/lequotidien.mr\\\/#\\\/schema\\\/person\\\/f90fcdaa970c60288de4ed2e64a56472\"},\"headline\":\"La Mauritanie et l&#8217;Arabie Saoudite renforcent leur coop\u00e9ration dans le domaine des \u00e9nergies renouvelables\",\"datePublished\":\"2024-05-01T14:40:16+00:00\",\"mainEntityOfPage\":{\"@id\":\"https:\\\/\\\/lequotidien.mr\\\/?p=17869&lang=fr\"},\"wordCount\":365,\"commentCount\":0,\"publisher\":{\"@id\":\"https:\\\/\\\/lequotidien.mr\\\/#organization\"},\"image\":{\"@id\":\"https:\\\/\\\/lequotidien.mr\\\/?p=17869&lang=fr#primaryimage\"},\"thumbnailUrl\":\"https:\\\/\\\/lequotidien.mr\\\/wp-content\\\/uploads\\\/2024\\\/05\\\/8\u0646.jpg\",\"articleSection\":[\"ACTUALIT\u00c9\",\"Economie\",\"Couverture sp\u00e9cilale\"],\"inLanguage\":\"ar\",\"potentialAction\":[{\"@type\":\"CommentAction\",\"name\":\"Comment\",\"target\":[\"https:\\\/\\\/lequotidien.mr\\\/?p=17869&lang=fr#respond\"]}]},{\"@type\":\"WebPage\",\"@id\":\"https:\\\/\\\/lequotidien.mr\\\/?p=17869&lang=fr\",\"url\":\"https:\\\/\\\/lequotidien.mr\\\/?p=17869&lang=fr\",\"name\":\"La Mauritanie et l'Arabie Saoudite renforcent leur coop\u00e9ration dans le domaine des \u00e9nergies renouvelables - Le Quotidien de Nouakchott\",\"isPartOf\":{\"@id\":\"https:\\\/\\\/lequotidien.mr\\\/#website\"},\"primaryImageOfPage\":{\"@id\":\"https:\\\/\\\/lequotidien.mr\\\/?p=17869&lang=fr#primaryimage\"},\"image\":{\"@id\":\"https:\\\/\\\/lequotidien.mr\\\/?p=17869&lang=fr#primaryimage\"},\"thumbnailUrl\":\"https:\\\/\\\/lequotidien.mr\\\/wp-content\\\/uploads\\\/2024\\\/05\\\/8\u0646.jpg\",\"datePublished\":\"2024-05-01T14:40:16+00:00\",\"breadcrumb\":{\"@id\":\"https:\\\/\\\/lequotidien.mr\\\/?p=17869&lang=fr#breadcrumb\"},\"inLanguage\":\"ar\",\"potentialAction\":[{\"@type\":\"ReadAction\",\"target\":[\"https:\\\/\\\/lequotidien.mr\\\/?p=17869&lang=fr\"]}]},{\"@type\":\"ImageObject\",\"inLanguage\":\"ar\",\"@id\":\"https:\\\/\\\/lequotidien.mr\\\/?p=17869&lang=fr#primaryimage\",\"url\":\"https:\\\/\\\/lequotidien.mr\\\/wp-content\\\/uploads\\\/2024\\\/05\\\/8\u0646.jpg\",\"contentUrl\":\"https:\\\/\\\/lequotidien.mr\\\/wp-content\\\/uploads\\\/2024\\\/05\\\/8\u0646.jpg\",\"width\":1000,\"height\":563},{\"@type\":\"BreadcrumbList\",\"@id\":\"https:\\\/\\\/lequotidien.mr\\\/?p=17869&lang=fr#breadcrumb\",\"itemListElement\":[{\"@type\":\"ListItem\",\"position\":1,\"name\":\"Home\",\"item\":\"https:\\\/\\\/lequotidien.mr\\\/\"},{\"@type\":\"ListItem\",\"position\":2,\"name\":\"La Mauritanie et l&#8217;Arabie Saoudite renforcent leur coop\u00e9ration dans le domaine des \u00e9nergies renouvelables\"}]},{\"@type\":\"WebSite\",\"@id\":\"https:\\\/\\\/lequotidien.mr\\\/#website\",\"url\":\"https:\\\/\\\/lequotidien.mr\\\/\",\"name\":\"Le Quotidien de Nouakchott\",\"description\":\"\u0625\u062e\u0628\u0627\u0631\u064a\u0629 \u0645\u0633\u062a\u0642\u0644\u0629 \u0644\u0644\u0623\u0646\u0628\u0627\u0621 \u0627\u0644\u0639\u0627\u0645\u0629\",\"publisher\":{\"@id\":\"https:\\\/\\\/lequotidien.mr\\\/#organization\"},\"potentialAction\":[{\"@type\":\"SearchAction\",\"target\":{\"@type\":\"EntryPoint\",\"urlTemplate\":\"https:\\\/\\\/lequotidien.mr\\\/?s={search_term_string}\"},\"query-input\":{\"@type\":\"PropertyValueSpecification\",\"valueRequired\":true,\"valueName\":\"search_term_string\"}}],\"inLanguage\":\"ar\"},{\"@type\":\"Organization\",\"@id\":\"https:\\\/\\\/lequotidien.mr\\\/#organization\",\"name\":\"Le Quotidien de Nouakchott\",\"url\":\"https:\\\/\\\/lequotidien.mr\\\/\",\"logo\":{\"@type\":\"ImageObject\",\"inLanguage\":\"ar\",\"@id\":\"https:\\\/\\\/lequotidien.mr\\\/#\\\/schema\\\/logo\\\/image\\\/\",\"url\":\"https:\\\/\\\/lequotidien.mr\\\/wp-content\\\/uploads\\\/2022\\\/11\\\/logolequotidien.jpg\",\"contentUrl\":\"https:\\\/\\\/lequotidien.mr\\\/wp-content\\\/uploads\\\/2022\\\/11\\\/logolequotidien.jpg\",\"width\":290,\"height\":65,\"caption\":\"Le Quotidien de Nouakchott\"},\"image\":{\"@id\":\"https:\\\/\\\/lequotidien.mr\\\/#\\\/schema\\\/logo\\\/image\\\/\"},\"sameAs\":[\"https:\\\/\\\/web.facebook.com\\\/lequotidienmr\",\"https:\\\/\\\/x.com\\\/lequotidienmr\"]},{\"@type\":\"Person\",\"@id\":\"https:\\\/\\\/lequotidien.mr\\\/#\\\/schema\\\/person\\\/f90fcdaa970c60288de4ed2e64a56472\",\"name\":\"Le Quotidien\",\"image\":{\"@type\":\"ImageObject\",\"inLanguage\":\"ar\",\"@id\":\"https:\\\/\\\/secure.gravatar.com\\\/avatar\\\/374cb39a1a458a912465a93e5a3ce6546886fc3da809a1f10c63e4e8fcbca30f?s=96&d=mm&r=g\",\"url\":\"https:\\\/\\\/secure.gravatar.com\\\/avatar\\\/374cb39a1a458a912465a93e5a3ce6546886fc3da809a1f10c63e4e8fcbca30f?s=96&d=mm&r=g\",\"contentUrl\":\"https:\\\/\\\/secure.gravatar.com\\\/avatar\\\/374cb39a1a458a912465a93e5a3ce6546886fc3da809a1f10c63e4e8fcbca30f?s=96&d=mm&r=g\",\"caption\":\"Le Quotidien\"},\"sameAs\":[\"https:\\\/\\\/lequotidien.mr\\\/\"],\"url\":\"https:\\\/\\\/lequotidien.mr\\\/?author=4\"}]}<\/script>\n<!-- \/ Yoast SEO plugin. -->","yoast_head_json":{"title":"La Mauritanie et l'Arabie Saoudite renforcent leur coop\u00e9ration dans le domaine des \u00e9nergies renouvelables - Le Quotidien de Nouakchott","robots":{"index":"index","follow":"follow","max-snippet":"max-snippet:-1","max-image-preview":"max-image-preview:large","max-video-preview":"max-video-preview:-1"},"canonical":"https:\/\/lequotidien.mr\/?p=17869&lang=fr","og_locale":"ar_AR","og_type":"article","og_title":"La Mauritanie et l'Arabie Saoudite renforcent leur coop\u00e9ration dans le domaine des \u00e9nergies renouvelables - Le Quotidien de Nouakchott","og_description":"L&#8217;Arabie Saoudite et la Mauritanie ont sign\u00e9 une importante m\u00e9morandum d&#8217;entente, qui vise \u00e0 \u00e9tablir un cadre de coop\u00e9ration entre les deux pays dans les secteurs de l&#8217;\u00e9lectricit\u00e9, des \u00e9nergies renouvelables et de l&#8217;hydrog\u00e8ne propre, afin de r\u00e9aliser leurs objectifs et int\u00e9r\u00eats mutuels. Ce m\u00e9morandum a \u00e9t\u00e9 sign\u00e9 par le Prince Abdulaziz bin Salman bin.....","og_url":"https:\/\/lequotidien.mr\/?p=17869&lang=fr","og_site_name":"Le Quotidien de Nouakchott","article_publisher":"https:\/\/web.facebook.com\/lequotidienmr","article_published_time":"2024-05-01T14:40:16+00:00","og_image":[{"width":1000,"height":563,"url":"https:\/\/lequotidien.mr\/wp-content\/uploads\/2024\/05\/8\u0646.jpg","type":"image\/jpeg"}],"author":"Le Quotidien","twitter_card":"summary_large_image","twitter_creator":"@lequotidienmr","twitter_site":"@lequotidienmr","twitter_misc":{"\u0643\u064f\u062a\u0628 \u0628\u0648\u0627\u0633\u0637\u0629":"Le Quotidien","\u0648\u0642\u062a \u0627\u0644\u0642\u0631\u0627\u0621\u0629 \u0627\u0644\u0645\u064f\u0642\u062f\u0651\u0631":"\u062f\u0642\u064a\u0642\u062a\u0627\u0646"},"schema":{"@context":"https:\/\/schema.org","@graph":[{"@type":"Article","@id":"https:\/\/lequotidien.mr\/?p=17869&lang=fr#article","isPartOf":{"@id":"https:\/\/lequotidien.mr\/?p=17869&lang=fr"},"author":{"name":"Le Quotidien","@id":"https:\/\/lequotidien.mr\/#\/schema\/person\/f90fcdaa970c60288de4ed2e64a56472"},"headline":"La Mauritanie et l&#8217;Arabie Saoudite renforcent leur coop\u00e9ration dans le domaine des \u00e9nergies renouvelables","datePublished":"2024-05-01T14:40:16+00:00","mainEntityOfPage":{"@id":"https:\/\/lequotidien.mr\/?p=17869&lang=fr"},"wordCount":365,"commentCount":0,"publisher":{"@id":"https:\/\/lequotidien.mr\/#organization"},"image":{"@id":"https:\/\/lequotidien.mr\/?p=17869&lang=fr#primaryimage"},"thumbnailUrl":"https:\/\/lequotidien.mr\/wp-content\/uploads\/2024\/05\/8\u0646.jpg","articleSection":["ACTUALIT\u00c9","Economie","Couverture sp\u00e9cilale"],"inLanguage":"ar","potentialAction":[{"@type":"CommentAction","name":"Comment","target":["https:\/\/lequotidien.mr\/?p=17869&lang=fr#respond"]}]},{"@type":"WebPage","@id":"https:\/\/lequotidien.mr\/?p=17869&lang=fr","url":"https:\/\/lequotidien.mr\/?p=17869&lang=fr","name":"La Mauritanie et l'Arabie Saoudite renforcent leur coop\u00e9ration dans le domaine des \u00e9nergies renouvelables - Le Quotidien de Nouakchott","isPartOf":{"@id":"https:\/\/lequotidien.mr\/#website"},"primaryImageOfPage":{"@id":"https:\/\/lequotidien.mr\/?p=17869&lang=fr#primaryimage"},"image":{"@id":"https:\/\/lequotidien.mr\/?p=17869&lang=fr#primaryimage"},"thumbnailUrl":"https:\/\/lequotidien.mr\/wp-content\/uploads\/2024\/05\/8\u0646.jpg","datePublished":"2024-05-01T14:40:16+00:00","breadcrumb":{"@id":"https:\/\/lequotidien.mr\/?p=17869&lang=fr#breadcrumb"},"inLanguage":"ar","potentialAction":[{"@type":"ReadAction","target":["https:\/\/lequotidien.mr\/?p=17869&lang=fr"]}]},{"@type":"ImageObject","inLanguage":"ar","@id":"https:\/\/lequotidien.mr\/?p=17869&lang=fr#primaryimage","url":"https:\/\/lequotidien.mr\/wp-content\/uploads\/2024\/05\/8\u0646.jpg","contentUrl":"https:\/\/lequotidien.mr\/wp-content\/uploads\/2024\/05\/8\u0646.jpg","width":1000,"height":563},{"@type":"BreadcrumbList","@id":"https:\/\/lequotidien.mr\/?p=17869&lang=fr#breadcrumb","itemListElement":[{"@type":"ListItem","position":1,"name":"Home","item":"https:\/\/lequotidien.mr\/"},{"@type":"ListItem","position":2,"name":"La Mauritanie et l&#8217;Arabie Saoudite renforcent leur coop\u00e9ration dans le domaine des \u00e9nergies renouvelables"}]},{"@type":"WebSite","@id":"https:\/\/lequotidien.mr\/#website","url":"https:\/\/lequotidien.mr\/","name":"Le Quotidien de Nouakchott","description":"\u0625\u062e\u0628\u0627\u0631\u064a\u0629 \u0645\u0633\u062a\u0642\u0644\u0629 \u0644\u0644\u0623\u0646\u0628\u0627\u0621 \u0627\u0644\u0639\u0627\u0645\u0629","publisher":{"@id":"https:\/\/lequotidien.mr\/#organization"},"potentialAction":[{"@type":"SearchAction","target":{"@type":"EntryPoint","urlTemplate":"https:\/\/lequotidien.mr\/?s={search_term_string}"},"query-input":{"@type":"PropertyValueSpecification","valueRequired":true,"valueName":"search_term_string"}}],"inLanguage":"ar"},{"@type":"Organization","@id":"https:\/\/lequotidien.mr\/#organization","name":"Le Quotidien de Nouakchott","url":"https:\/\/lequotidien.mr\/","logo":{"@type":"ImageObject","inLanguage":"ar","@id":"https:\/\/lequotidien.mr\/#\/schema\/logo\/image\/","url":"https:\/\/lequotidien.mr\/wp-content\/uploads\/2022\/11\/logolequotidien.jpg","contentUrl":"https:\/\/lequotidien.mr\/wp-content\/uploads\/2022\/11\/logolequotidien.jpg","width":290,"height":65,"caption":"Le Quotidien de Nouakchott"},"image":{"@id":"https:\/\/lequotidien.mr\/#\/schema\/logo\/image\/"},"sameAs":["https:\/\/web.facebook.com\/lequotidienmr","https:\/\/x.com\/lequotidienmr"]},{"@type":"Person","@id":"https:\/\/lequotidien.mr\/#\/schema\/person\/f90fcdaa970c60288de4ed2e64a56472","name":"Le Quotidien","image":{"@type":"ImageObject","inLanguage":"ar","@id":"https:\/\/secure.gravatar.com\/avatar\/374cb39a1a458a912465a93e5a3ce6546886fc3da809a1f10c63e4e8fcbca30f?s=96&d=mm&r=g","url":"https:\/\/secure.gravatar.com\/avatar\/374cb39a1a458a912465a93e5a3ce6546886fc3da809a1f10c63e4e8fcbca30f?s=96&d=mm&r=g","contentUrl":"https:\/\/secure.gravatar.com\/avatar\/374cb39a1a458a912465a93e5a3ce6546886fc3da809a1f10c63e4e8fcbca30f?s=96&d=mm&r=g","caption":"Le Quotidien"},"sameAs":["https:\/\/lequotidien.mr\/"],"url":"https:\/\/lequotidien.mr\/?author=4"}]}},"_links":{"self":[{"href":"https:\/\/lequotidien.mr\/index.php?rest_route=\/wp\/v2\/posts\/17869","targetHints":{"allow":["GET"]}}],"collection":[{"href":"https:\/\/lequotidien.mr\/index.php?rest_route=\/wp\/v2\/posts"}],"about":[{"href":"https:\/\/lequotidien.mr\/index.php?rest_route=\/wp\/v2\/types\/post"}],"author":[{"embeddable":true,"href":"https:\/\/lequotidien.mr\/index.php?rest_route=\/wp\/v2\/users\/4"}],"replies":[{"embeddable":true,"href":"https:\/\/lequotidien.mr\/index.php?rest_route=%2Fwp%2Fv2%2Fcomments&post=17869"}],"version-history":[{"count":1,"href":"https:\/\/lequotidien.mr\/index.php?rest_route=\/wp\/v2\/posts\/17869\/revisions"}],"predecessor-version":[{"id":17872,"href":"https:\/\/lequotidien.mr\/index.php?rest_route=\/wp\/v2\/posts\/17869\/revisions\/17872"}],"wp:featuredmedia":[{"embeddable":true,"href":"https:\/\/lequotidien.mr\/index.php?rest_route=\/wp\/v2\/media\/17871"}],"wp:attachment":[{"href":"https:\/\/lequotidien.mr\/index.php?rest_route=%2Fwp%2Fv2%2Fmedia&parent=17869"}],"wp:term":[{"taxonomy":"category","embeddable":true,"href":"https:\/\/lequotidien.mr\/index.php?rest_route=%2Fwp%2Fv2%2Fcategories&post=17869"},{"taxonomy":"post_tag","embeddable":true,"href":"https:\/\/lequotidien.mr\/index.php?rest_route=%2Fwp%2Fv2%2Ftags&post=17869"}],"curies":[{"name":"wp","href":"https:\/\/api.w.org\/{rel}","templated":true}]}}