{"id":17862,"date":"2024-05-01T14:35:27","date_gmt":"2024-05-01T14:35:27","guid":{"rendered":"https:\/\/lequotidien.mr\/?p=17862"},"modified":"2024-05-01T14:35:27","modified_gmt":"2024-05-01T14:35:27","slug":"le-ministre-de-la-peche-mokhtar-houssein-lam-annule-des-mesures-prises-par-son-predecesseur","status":"publish","type":"post","link":"https:\/\/lequotidien.mr\/?p=17862&lang=fr","title":{"rendered":"Le Ministre de la P\u00eache, Mokhtar Houssein Lam, annule des mesures prises par son pr\u00e9d\u00e9cesseur"},"content":{"rendered":"<p>Dans un revirement significatif, le Ministre de la P\u00eache et de l&#8217;\u00c9conomie Maritime, Mokhtar Houssein Lam, a abrog\u00e9 une s\u00e9rie de mesures institu\u00e9es par son pr\u00e9d\u00e9cesseur concernant la p\u00eache des poissons p\u00e9lagiques. Un communiqu\u00e9 officiel a annonc\u00e9 l&#8217;annulation de la limitation de 200 tonnes par sortie en mer et la suppression de la restriction qui limitait les sorties maritimes \u00e0 deux par semaine.<\/p>\n<p>Le communiqu\u00e9 pr\u00e9cise que ces ajustements r\u00e9glementaires sont soumis \u00e0 certaines conditions pour garantir la durabilit\u00e9 et la qualit\u00e9 des prises. Les captures doivent \u00eatre propres \u00e0 la consommation humaine et adapt\u00e9es aux capacit\u00e9s de traitement \u00e0 terre. De plus, il est stipul\u00e9 que 20% des prises de sardines doivent \u00eatre congel\u00e9es, visant \u00e0 stabiliser le march\u00e9 et \u00e0 assurer une offre r\u00e9guli\u00e8re tout au long de l&#8217;ann\u00e9e.<\/p>\n<p>Le ministre a \u00e9galement impos\u00e9 l&#8217;obligation d&#8217;utiliser un registre dans toutes les installations de traitement des produits de la mer pour enregistrer les entr\u00e9es et les sorties. Cette mesure vise \u00e0 augmenter la transparence \u00e0 chaque \u00e9tape de la cha\u00eene de production des poissons p\u00e9lagiques d\u00e9barqu\u00e9s.<\/p>\n<p>Ces changements repr\u00e9sentent une modification significative des politiques de gestion de la p\u00eache en Mauritanie, indiquant une nouvelle orientation vers plus de flexibilit\u00e9 dans l&#8217;industrie tout en renfor\u00e7ant les contr\u00f4les de qualit\u00e9 et de durabilit\u00e9. La d\u00e9cision de r\u00e9voquer ces restrictions a \u00e9t\u00e9 accueillie avec un m\u00e9lange de r\u00e9actions ; les acteurs de l&#8217;industrie applaudissent la libert\u00e9 accrue tandis que les d\u00e9fenseurs de l&#8217;environnement expriment des pr\u00e9occupations quant \u00e0 l&#8217;impact potentiel sur les populations de poissons p\u00e9lagiques.<\/p>\n","protected":false},"excerpt":{"rendered":"<p>Dans un revirement significatif, le Ministre de la P\u00eache et de l&#8217;\u00c9conomie Maritime, Mokhtar Houssein Lam, a abrog\u00e9 une s\u00e9rie de mesures institu\u00e9es par son pr\u00e9d\u00e9cesseur concernant la p\u00eache des poissons p\u00e9lagiques. Un communiqu\u00e9 officiel a annonc\u00e9 l&#8217;annulation de la limitation de 200 tonnes par sortie en mer et la suppression de la restriction qui&#8230;..<\/p>\n","protected":false},"author":4,"featured_media":17865,"comment_status":"open","ping_status":"open","sticky":false,"template":"","format":"standard","meta":{"footnotes":""},"categories":[23,49],"tags":[],"class_list":["post-17862","post","type-post","status-publish","format-standard","has-post-thumbnail","hentry","category-actualite","category-economie"],"yoast_head":"<!-- This site is optimized with the Yoast SEO plugin v27.5 - https:\/\/yoast.com\/product\/yoast-seo-wordpress\/ -->\n<title>Le Ministre de la P\u00eache, Mokhtar Houssein Lam, annule des mesures prises par son pr\u00e9d\u00e9cesseur - Le Quotidien de Nouakchott<\/title>\n<meta name=\"robots\" content=\"index, follow, max-snippet:-1, max-image-preview:large, max-video-preview:-1\" \/>\n<link rel=\"canonical\" href=\"https:\/\/lequotidien.mr\/?p=17862&lang=fr\" \/>\n<meta property=\"og:locale\" content=\"ar_AR\" \/>\n<meta property=\"og:type\" content=\"article\" \/>\n<meta property=\"og:title\" content=\"Le Ministre de la P\u00eache, Mokhtar Houssein Lam, annule des mesures prises par son pr\u00e9d\u00e9cesseur - Le Quotidien de Nouakchott\" \/>\n<meta property=\"og:description\" content=\"Dans un revirement significatif, le Ministre de la P\u00eache et de l&#8217;\u00c9conomie Maritime, Mokhtar Houssein Lam, a abrog\u00e9 une s\u00e9rie de mesures institu\u00e9es par son pr\u00e9d\u00e9cesseur concernant la p\u00eache des poissons p\u00e9lagiques. Un communiqu\u00e9 officiel a annonc\u00e9 l&#8217;annulation de la limitation de 200 tonnes par sortie en mer et la suppression de la restriction qui.....\" \/>\n<meta property=\"og:url\" content=\"https:\/\/lequotidien.mr\/?p=17862&amp;lang=fr\" \/>\n<meta property=\"og:site_name\" content=\"Le Quotidien de Nouakchott\" \/>\n<meta property=\"article:publisher\" content=\"https:\/\/web.facebook.com\/lequotidienmr\" \/>\n<meta property=\"article:published_time\" content=\"2024-05-01T14:35:27+00:00\" \/>\n<meta property=\"og:image\" content=\"https:\/\/lequotidien.mr\/wp-content\/uploads\/2024\/05\/cc1.jpeg\" \/>\n\t<meta property=\"og:image:width\" content=\"619\" \/>\n\t<meta property=\"og:image:height\" content=\"870\" \/>\n\t<meta property=\"og:image:type\" content=\"image\/jpeg\" \/>\n<meta name=\"author\" content=\"Le Quotidien\" \/>\n<meta name=\"twitter:card\" content=\"summary_large_image\" \/>\n<meta name=\"twitter:creator\" content=\"@lequotidienmr\" \/>\n<meta name=\"twitter:site\" content=\"@lequotidienmr\" \/>\n<meta name=\"twitter:label1\" content=\"\u0643\u064f\u062a\u0628 \u0628\u0648\u0627\u0633\u0637\u0629\" \/>\n\t<meta name=\"twitter:data1\" content=\"Le Quotidien\" \/>\n\t<meta name=\"twitter:label2\" content=\"\u0648\u0642\u062a \u0627\u0644\u0642\u0631\u0627\u0621\u0629 \u0627\u0644\u0645\u064f\u0642\u062f\u0651\u0631\" \/>\n\t<meta name=\"twitter:data2\" content=\"\u062f\u0642\u064a\u0642\u0629 \u0648\u0627\u062d\u062f\u0629\" \/>\n<script type=\"application\/ld+json\" class=\"yoast-schema-graph\">{\"@context\":\"https:\\\/\\\/schema.org\",\"@graph\":[{\"@type\":\"Article\",\"@id\":\"https:\\\/\\\/lequotidien.mr\\\/?p=17862&lang=fr#article\",\"isPartOf\":{\"@id\":\"https:\\\/\\\/lequotidien.mr\\\/?p=17862&lang=fr\"},\"author\":{\"name\":\"Le Quotidien\",\"@id\":\"https:\\\/\\\/lequotidien.mr\\\/#\\\/schema\\\/person\\\/f90fcdaa970c60288de4ed2e64a56472\"},\"headline\":\"Le Ministre de la P\u00eache, Mokhtar Houssein Lam, annule des mesures prises par son pr\u00e9d\u00e9cesseur\",\"datePublished\":\"2024-05-01T14:35:27+00:00\",\"mainEntityOfPage\":{\"@id\":\"https:\\\/\\\/lequotidien.mr\\\/?p=17862&lang=fr\"},\"wordCount\":300,\"commentCount\":0,\"publisher\":{\"@id\":\"https:\\\/\\\/lequotidien.mr\\\/#organization\"},\"image\":{\"@id\":\"https:\\\/\\\/lequotidien.mr\\\/?p=17862&lang=fr#primaryimage\"},\"thumbnailUrl\":\"https:\\\/\\\/lequotidien.mr\\\/wp-content\\\/uploads\\\/2024\\\/05\\\/cc1.jpeg\",\"articleSection\":[\"ACTUALIT\u00c9\",\"Economie\"],\"inLanguage\":\"ar\",\"potentialAction\":[{\"@type\":\"CommentAction\",\"name\":\"Comment\",\"target\":[\"https:\\\/\\\/lequotidien.mr\\\/?p=17862&lang=fr#respond\"]}]},{\"@type\":\"WebPage\",\"@id\":\"https:\\\/\\\/lequotidien.mr\\\/?p=17862&lang=fr\",\"url\":\"https:\\\/\\\/lequotidien.mr\\\/?p=17862&lang=fr\",\"name\":\"Le Ministre de la P\u00eache, Mokhtar Houssein Lam, annule des mesures prises par son pr\u00e9d\u00e9cesseur - Le Quotidien de Nouakchott\",\"isPartOf\":{\"@id\":\"https:\\\/\\\/lequotidien.mr\\\/#website\"},\"primaryImageOfPage\":{\"@id\":\"https:\\\/\\\/lequotidien.mr\\\/?p=17862&lang=fr#primaryimage\"},\"image\":{\"@id\":\"https:\\\/\\\/lequotidien.mr\\\/?p=17862&lang=fr#primaryimage\"},\"thumbnailUrl\":\"https:\\\/\\\/lequotidien.mr\\\/wp-content\\\/uploads\\\/2024\\\/05\\\/cc1.jpeg\",\"datePublished\":\"2024-05-01T14:35:27+00:00\",\"breadcrumb\":{\"@id\":\"https:\\\/\\\/lequotidien.mr\\\/?p=17862&lang=fr#breadcrumb\"},\"inLanguage\":\"ar\",\"potentialAction\":[{\"@type\":\"ReadAction\",\"target\":[\"https:\\\/\\\/lequotidien.mr\\\/?p=17862&lang=fr\"]}]},{\"@type\":\"ImageObject\",\"inLanguage\":\"ar\",\"@id\":\"https:\\\/\\\/lequotidien.mr\\\/?p=17862&lang=fr#primaryimage\",\"url\":\"https:\\\/\\\/lequotidien.mr\\\/wp-content\\\/uploads\\\/2024\\\/05\\\/cc1.jpeg\",\"contentUrl\":\"https:\\\/\\\/lequotidien.mr\\\/wp-content\\\/uploads\\\/2024\\\/05\\\/cc1.jpeg\",\"width\":619,\"height\":870},{\"@type\":\"BreadcrumbList\",\"@id\":\"https:\\\/\\\/lequotidien.mr\\\/?p=17862&lang=fr#breadcrumb\",\"itemListElement\":[{\"@type\":\"ListItem\",\"position\":1,\"name\":\"Home\",\"item\":\"https:\\\/\\\/lequotidien.mr\\\/\"},{\"@type\":\"ListItem\",\"position\":2,\"name\":\"Le Ministre de la P\u00eache, Mokhtar Houssein Lam, annule des mesures prises par son pr\u00e9d\u00e9cesseur\"}]},{\"@type\":\"WebSite\",\"@id\":\"https:\\\/\\\/lequotidien.mr\\\/#website\",\"url\":\"https:\\\/\\\/lequotidien.mr\\\/\",\"name\":\"Le Quotidien de Nouakchott\",\"description\":\"\u0625\u062e\u0628\u0627\u0631\u064a\u0629 \u0645\u0633\u062a\u0642\u0644\u0629 \u0644\u0644\u0623\u0646\u0628\u0627\u0621 \u0627\u0644\u0639\u0627\u0645\u0629\",\"publisher\":{\"@id\":\"https:\\\/\\\/lequotidien.mr\\\/#organization\"},\"potentialAction\":[{\"@type\":\"SearchAction\",\"target\":{\"@type\":\"EntryPoint\",\"urlTemplate\":\"https:\\\/\\\/lequotidien.mr\\\/?s={search_term_string}\"},\"query-input\":{\"@type\":\"PropertyValueSpecification\",\"valueRequired\":true,\"valueName\":\"search_term_string\"}}],\"inLanguage\":\"ar\"},{\"@type\":\"Organization\",\"@id\":\"https:\\\/\\\/lequotidien.mr\\\/#organization\",\"name\":\"Le Quotidien de Nouakchott\",\"url\":\"https:\\\/\\\/lequotidien.mr\\\/\",\"logo\":{\"@type\":\"ImageObject\",\"inLanguage\":\"ar\",\"@id\":\"https:\\\/\\\/lequotidien.mr\\\/#\\\/schema\\\/logo\\\/image\\\/\",\"url\":\"https:\\\/\\\/lequotidien.mr\\\/wp-content\\\/uploads\\\/2022\\\/11\\\/logolequotidien.jpg\",\"contentUrl\":\"https:\\\/\\\/lequotidien.mr\\\/wp-content\\\/uploads\\\/2022\\\/11\\\/logolequotidien.jpg\",\"width\":290,\"height\":65,\"caption\":\"Le Quotidien de Nouakchott\"},\"image\":{\"@id\":\"https:\\\/\\\/lequotidien.mr\\\/#\\\/schema\\\/logo\\\/image\\\/\"},\"sameAs\":[\"https:\\\/\\\/web.facebook.com\\\/lequotidienmr\",\"https:\\\/\\\/x.com\\\/lequotidienmr\"]},{\"@type\":\"Person\",\"@id\":\"https:\\\/\\\/lequotidien.mr\\\/#\\\/schema\\\/person\\\/f90fcdaa970c60288de4ed2e64a56472\",\"name\":\"Le Quotidien\",\"image\":{\"@type\":\"ImageObject\",\"inLanguage\":\"ar\",\"@id\":\"https:\\\/\\\/secure.gravatar.com\\\/avatar\\\/374cb39a1a458a912465a93e5a3ce6546886fc3da809a1f10c63e4e8fcbca30f?s=96&d=mm&r=g\",\"url\":\"https:\\\/\\\/secure.gravatar.com\\\/avatar\\\/374cb39a1a458a912465a93e5a3ce6546886fc3da809a1f10c63e4e8fcbca30f?s=96&d=mm&r=g\",\"contentUrl\":\"https:\\\/\\\/secure.gravatar.com\\\/avatar\\\/374cb39a1a458a912465a93e5a3ce6546886fc3da809a1f10c63e4e8fcbca30f?s=96&d=mm&r=g\",\"caption\":\"Le Quotidien\"},\"sameAs\":[\"https:\\\/\\\/lequotidien.mr\\\/\"],\"url\":\"https:\\\/\\\/lequotidien.mr\\\/?author=4\"}]}<\/script>\n<!-- \/ Yoast SEO plugin. -->","yoast_head_json":{"title":"Le Ministre de la P\u00eache, Mokhtar Houssein Lam, annule des mesures prises par son pr\u00e9d\u00e9cesseur - Le Quotidien de Nouakchott","robots":{"index":"index","follow":"follow","max-snippet":"max-snippet:-1","max-image-preview":"max-image-preview:large","max-video-preview":"max-video-preview:-1"},"canonical":"https:\/\/lequotidien.mr\/?p=17862&lang=fr","og_locale":"ar_AR","og_type":"article","og_title":"Le Ministre de la P\u00eache, Mokhtar Houssein Lam, annule des mesures prises par son pr\u00e9d\u00e9cesseur - Le Quotidien de Nouakchott","og_description":"Dans un revirement significatif, le Ministre de la P\u00eache et de l&#8217;\u00c9conomie Maritime, Mokhtar Houssein Lam, a abrog\u00e9 une s\u00e9rie de mesures institu\u00e9es par son pr\u00e9d\u00e9cesseur concernant la p\u00eache des poissons p\u00e9lagiques. Un communiqu\u00e9 officiel a annonc\u00e9 l&#8217;annulation de la limitation de 200 tonnes par sortie en mer et la suppression de la restriction qui.....","og_url":"https:\/\/lequotidien.mr\/?p=17862&lang=fr","og_site_name":"Le Quotidien de Nouakchott","article_publisher":"https:\/\/web.facebook.com\/lequotidienmr","article_published_time":"2024-05-01T14:35:27+00:00","og_image":[{"width":619,"height":870,"url":"https:\/\/lequotidien.mr\/wp-content\/uploads\/2024\/05\/cc1.jpeg","type":"image\/jpeg"}],"author":"Le Quotidien","twitter_card":"summary_large_image","twitter_creator":"@lequotidienmr","twitter_site":"@lequotidienmr","twitter_misc":{"\u0643\u064f\u062a\u0628 \u0628\u0648\u0627\u0633\u0637\u0629":"Le Quotidien","\u0648\u0642\u062a \u0627\u0644\u0642\u0631\u0627\u0621\u0629 \u0627\u0644\u0645\u064f\u0642\u062f\u0651\u0631":"\u062f\u0642\u064a\u0642\u0629 \u0648\u0627\u062d\u062f\u0629"},"schema":{"@context":"https:\/\/schema.org","@graph":[{"@type":"Article","@id":"https:\/\/lequotidien.mr\/?p=17862&lang=fr#article","isPartOf":{"@id":"https:\/\/lequotidien.mr\/?p=17862&lang=fr"},"author":{"name":"Le Quotidien","@id":"https:\/\/lequotidien.mr\/#\/schema\/person\/f90fcdaa970c60288de4ed2e64a56472"},"headline":"Le Ministre de la P\u00eache, Mokhtar Houssein Lam, annule des mesures prises par son pr\u00e9d\u00e9cesseur","datePublished":"2024-05-01T14:35:27+00:00","mainEntityOfPage":{"@id":"https:\/\/lequotidien.mr\/?p=17862&lang=fr"},"wordCount":300,"commentCount":0,"publisher":{"@id":"https:\/\/lequotidien.mr\/#organization"},"image":{"@id":"https:\/\/lequotidien.mr\/?p=17862&lang=fr#primaryimage"},"thumbnailUrl":"https:\/\/lequotidien.mr\/wp-content\/uploads\/2024\/05\/cc1.jpeg","articleSection":["ACTUALIT\u00c9","Economie"],"inLanguage":"ar","potentialAction":[{"@type":"CommentAction","name":"Comment","target":["https:\/\/lequotidien.mr\/?p=17862&lang=fr#respond"]}]},{"@type":"WebPage","@id":"https:\/\/lequotidien.mr\/?p=17862&lang=fr","url":"https:\/\/lequotidien.mr\/?p=17862&lang=fr","name":"Le Ministre de la P\u00eache, Mokhtar Houssein Lam, annule des mesures prises par son pr\u00e9d\u00e9cesseur - Le Quotidien de Nouakchott","isPartOf":{"@id":"https:\/\/lequotidien.mr\/#website"},"primaryImageOfPage":{"@id":"https:\/\/lequotidien.mr\/?p=17862&lang=fr#primaryimage"},"image":{"@id":"https:\/\/lequotidien.mr\/?p=17862&lang=fr#primaryimage"},"thumbnailUrl":"https:\/\/lequotidien.mr\/wp-content\/uploads\/2024\/05\/cc1.jpeg","datePublished":"2024-05-01T14:35:27+00:00","breadcrumb":{"@id":"https:\/\/lequotidien.mr\/?p=17862&lang=fr#breadcrumb"},"inLanguage":"ar","potentialAction":[{"@type":"ReadAction","target":["https:\/\/lequotidien.mr\/?p=17862&lang=fr"]}]},{"@type":"ImageObject","inLanguage":"ar","@id":"https:\/\/lequotidien.mr\/?p=17862&lang=fr#primaryimage","url":"https:\/\/lequotidien.mr\/wp-content\/uploads\/2024\/05\/cc1.jpeg","contentUrl":"https:\/\/lequotidien.mr\/wp-content\/uploads\/2024\/05\/cc1.jpeg","width":619,"height":870},{"@type":"BreadcrumbList","@id":"https:\/\/lequotidien.mr\/?p=17862&lang=fr#breadcrumb","itemListElement":[{"@type":"ListItem","position":1,"name":"Home","item":"https:\/\/lequotidien.mr\/"},{"@type":"ListItem","position":2,"name":"Le Ministre de la P\u00eache, Mokhtar Houssein Lam, annule des mesures prises par son pr\u00e9d\u00e9cesseur"}]},{"@type":"WebSite","@id":"https:\/\/lequotidien.mr\/#website","url":"https:\/\/lequotidien.mr\/","name":"Le Quotidien de Nouakchott","description":"\u0625\u062e\u0628\u0627\u0631\u064a\u0629 \u0645\u0633\u062a\u0642\u0644\u0629 \u0644\u0644\u0623\u0646\u0628\u0627\u0621 \u0627\u0644\u0639\u0627\u0645\u0629","publisher":{"@id":"https:\/\/lequotidien.mr\/#organization"},"potentialAction":[{"@type":"SearchAction","target":{"@type":"EntryPoint","urlTemplate":"https:\/\/lequotidien.mr\/?s={search_term_string}"},"query-input":{"@type":"PropertyValueSpecification","valueRequired":true,"valueName":"search_term_string"}}],"inLanguage":"ar"},{"@type":"Organization","@id":"https:\/\/lequotidien.mr\/#organization","name":"Le Quotidien de Nouakchott","url":"https:\/\/lequotidien.mr\/","logo":{"@type":"ImageObject","inLanguage":"ar","@id":"https:\/\/lequotidien.mr\/#\/schema\/logo\/image\/","url":"https:\/\/lequotidien.mr\/wp-content\/uploads\/2022\/11\/logolequotidien.jpg","contentUrl":"https:\/\/lequotidien.mr\/wp-content\/uploads\/2022\/11\/logolequotidien.jpg","width":290,"height":65,"caption":"Le Quotidien de Nouakchott"},"image":{"@id":"https:\/\/lequotidien.mr\/#\/schema\/logo\/image\/"},"sameAs":["https:\/\/web.facebook.com\/lequotidienmr","https:\/\/x.com\/lequotidienmr"]},{"@type":"Person","@id":"https:\/\/lequotidien.mr\/#\/schema\/person\/f90fcdaa970c60288de4ed2e64a56472","name":"Le Quotidien","image":{"@type":"ImageObject","inLanguage":"ar","@id":"https:\/\/secure.gravatar.com\/avatar\/374cb39a1a458a912465a93e5a3ce6546886fc3da809a1f10c63e4e8fcbca30f?s=96&d=mm&r=g","url":"https:\/\/secure.gravatar.com\/avatar\/374cb39a1a458a912465a93e5a3ce6546886fc3da809a1f10c63e4e8fcbca30f?s=96&d=mm&r=g","contentUrl":"https:\/\/secure.gravatar.com\/avatar\/374cb39a1a458a912465a93e5a3ce6546886fc3da809a1f10c63e4e8fcbca30f?s=96&d=mm&r=g","caption":"Le Quotidien"},"sameAs":["https:\/\/lequotidien.mr\/"],"url":"https:\/\/lequotidien.mr\/?author=4"}]}},"_links":{"self":[{"href":"https:\/\/lequotidien.mr\/index.php?rest_route=\/wp\/v2\/posts\/17862","targetHints":{"allow":["GET"]}}],"collection":[{"href":"https:\/\/lequotidien.mr\/index.php?rest_route=\/wp\/v2\/posts"}],"about":[{"href":"https:\/\/lequotidien.mr\/index.php?rest_route=\/wp\/v2\/types\/post"}],"author":[{"embeddable":true,"href":"https:\/\/lequotidien.mr\/index.php?rest_route=\/wp\/v2\/users\/4"}],"replies":[{"embeddable":true,"href":"https:\/\/lequotidien.mr\/index.php?rest_route=%2Fwp%2Fv2%2Fcomments&post=17862"}],"version-history":[{"count":1,"href":"https:\/\/lequotidien.mr\/index.php?rest_route=\/wp\/v2\/posts\/17862\/revisions"}],"predecessor-version":[{"id":17866,"href":"https:\/\/lequotidien.mr\/index.php?rest_route=\/wp\/v2\/posts\/17862\/revisions\/17866"}],"wp:featuredmedia":[{"embeddable":true,"href":"https:\/\/lequotidien.mr\/index.php?rest_route=\/wp\/v2\/media\/17865"}],"wp:attachment":[{"href":"https:\/\/lequotidien.mr\/index.php?rest_route=%2Fwp%2Fv2%2Fmedia&parent=17862"}],"wp:term":[{"taxonomy":"category","embeddable":true,"href":"https:\/\/lequotidien.mr\/index.php?rest_route=%2Fwp%2Fv2%2Fcategories&post=17862"},{"taxonomy":"post_tag","embeddable":true,"href":"https:\/\/lequotidien.mr\/index.php?rest_route=%2Fwp%2Fv2%2Ftags&post=17862"}],"curies":[{"name":"wp","href":"https:\/\/api.w.org\/{rel}","templated":true}]}}