{"id":17859,"date":"2024-05-01T14:32:38","date_gmt":"2024-05-01T14:32:38","guid":{"rendered":"https:\/\/lequotidien.mr\/?p=17859"},"modified":"2024-05-01T14:32:38","modified_gmt":"2024-05-01T14:32:38","slug":"celebrations-du-1er-mai-fete-du-travail-le-president-mauritanien-felicite-les-travailleurs-a-loccasion-de-la-journee-internationale-des-travailleurs","status":"publish","type":"post","link":"https:\/\/lequotidien.mr\/?p=17859&lang=fr","title":{"rendered":"C\u00e9l\u00e9brations du 1er Mai, f\u00eate du Travail\u00a0:  Le pr\u00e9sident mauritanien f\u00e9licite les travailleurs \u00e0 l&#8217;occasion de la journ\u00e9e internationale des travailleurs"},"content":{"rendered":"<p>Dans une d\u00e9monstration de solidarit\u00e9 avec la classe ouvri\u00e8re, le pr\u00e9sident mauritanien, Mohamed Ould Cheikh El Ghazouani, a adress\u00e9 t\u00f4t ce matin, via un message sur la plateforme &#8220;X&#8221;, ses f\u00e9licitations aux travailleurs \u00e0 l&#8217;occasion de la Journ\u00e9e internationale des travailleurs.<\/p>\n<p>Dans son message, le pr\u00e9sident Ould Ghazouani exprime son admiration et son respect pour les sacrifices et le d\u00e9vouement des travailleurs mauritaniens : &#8220;Nous confirmons notre fiert\u00e9 pour les sacrifices et le d\u00e9vouement que la classe ouvri\u00e8re nationale a offerts au service de la nation, assurant ainsi un avenir meilleur pour les g\u00e9n\u00e9rations futures.&#8221;<\/p>\n<p>Ce 1er mai a \u00e9galement \u00e9t\u00e9 marqu\u00e9 par une importante mobilisation des travailleurs dans les rues de Nouakchott. D\u00e8s les premi\u00e8res heures de la journ\u00e9e, des milliers de travailleurs se sont rassembl\u00e9s pour c\u00e9l\u00e9brer cette journ\u00e9e d\u00e9di\u00e9e \u00e0 leurs luttes et \u00e0 leurs droits. Portant des banderoles, ils ont revendiqu\u00e9 de meilleures conditions de travail, une r\u00e9duction des prix et la d\u00e9fense des droits des travailleurs.<\/p>\n<p>Cet \u00e9v\u00e9nement annuel ne se contente pas de c\u00e9l\u00e9brer les avanc\u00e9es obtenues gr\u00e2ce aux luttes ouvri\u00e8res ; il sert \u00e9galement de plateforme pour mettre en lumi\u00e8re les d\u00e9fis continus auxquels la classe laborieuse est confront\u00e9e. Les revendications port\u00e9es par les travailleurs lors de cette marche soulignent la n\u00e9cessit\u00e9 d&#8217;une attention continue aux conditions de travail et \u00e0 la justice sociale dans le pays.<\/p>\n<p>Le message du pr\u00e9sident et la mobilisation des travailleurs \u00e0 Nouakchott t\u00e9moignent de l&#8217;importance de la solidarit\u00e9 et de la reconnaissance des contributions vitales de la classe ouvri\u00e8re \u00e0 la soci\u00e9t\u00e9 mauritanienne. Alors que la nation continue de faire face \u00e0 divers d\u00e9fis \u00e9conomiques et sociaux, la reconnaissance et le soutien aux droits des travailleurs restent cruciaux pour garantir une prosp\u00e9rit\u00e9 partag\u00e9e et durable pour tous les Mauritaniens.<\/p>\n<p>&nbsp;<\/p>\n<p>&nbsp;<\/p>\n","protected":false},"excerpt":{"rendered":"<p>Dans une d\u00e9monstration de solidarit\u00e9 avec la classe ouvri\u00e8re, le pr\u00e9sident mauritanien, Mohamed Ould Cheikh El Ghazouani, a adress\u00e9 t\u00f4t ce matin, via un message sur la plateforme &#8220;X&#8221;, ses f\u00e9licitations aux travailleurs \u00e0 l&#8217;occasion de la Journ\u00e9e internationale des travailleurs. Dans son message, le pr\u00e9sident Ould Ghazouani exprime son admiration et son respect pour&#8230;..<\/p>\n","protected":false},"author":4,"featured_media":17860,"comment_status":"open","ping_status":"open","sticky":false,"template":"","format":"standard","meta":{"footnotes":""},"categories":[23,57],"tags":[],"class_list":["post-17859","post","type-post","status-publish","format-standard","has-post-thumbnail","hentry","category-actualite","category-couverture-specilale"],"yoast_head":"<!-- This site is optimized with the Yoast SEO plugin v27.5 - https:\/\/yoast.com\/product\/yoast-seo-wordpress\/ -->\n<title>C\u00e9l\u00e9brations du 1er Mai, f\u00eate du Travail\u00a0: Le pr\u00e9sident mauritanien f\u00e9licite les travailleurs \u00e0 l&#039;occasion de la journ\u00e9e internationale des travailleurs - Le Quotidien de Nouakchott<\/title>\n<meta name=\"robots\" content=\"index, follow, max-snippet:-1, max-image-preview:large, max-video-preview:-1\" \/>\n<link rel=\"canonical\" href=\"https:\/\/lequotidien.mr\/?p=17859&lang=fr\" \/>\n<meta property=\"og:locale\" content=\"ar_AR\" \/>\n<meta property=\"og:type\" content=\"article\" \/>\n<meta property=\"og:title\" content=\"C\u00e9l\u00e9brations du 1er Mai, f\u00eate du Travail\u00a0: Le pr\u00e9sident mauritanien f\u00e9licite les travailleurs \u00e0 l&#039;occasion de la journ\u00e9e internationale des travailleurs - Le Quotidien de Nouakchott\" \/>\n<meta property=\"og:description\" content=\"Dans une d\u00e9monstration de solidarit\u00e9 avec la classe ouvri\u00e8re, le pr\u00e9sident mauritanien, Mohamed Ould Cheikh El Ghazouani, a adress\u00e9 t\u00f4t ce matin, via un message sur la plateforme &#8220;X&#8221;, ses f\u00e9licitations aux travailleurs \u00e0 l&#8217;occasion de la Journ\u00e9e internationale des travailleurs. Dans son message, le pr\u00e9sident Ould Ghazouani exprime son admiration et son respect pour.....\" \/>\n<meta property=\"og:url\" content=\"https:\/\/lequotidien.mr\/?p=17859&amp;lang=fr\" \/>\n<meta property=\"og:site_name\" content=\"Le Quotidien de Nouakchott\" \/>\n<meta property=\"article:publisher\" content=\"https:\/\/web.facebook.com\/lequotidienmr\" \/>\n<meta property=\"article:published_time\" content=\"2024-05-01T14:32:38+00:00\" \/>\n<meta property=\"og:image\" content=\"https:\/\/lequotidien.mr\/wp-content\/uploads\/2024\/05\/trav.jpeg\" \/>\n\t<meta property=\"og:image:width\" content=\"275\" \/>\n\t<meta property=\"og:image:height\" content=\"183\" \/>\n\t<meta property=\"og:image:type\" content=\"image\/jpeg\" \/>\n<meta name=\"author\" content=\"Le Quotidien\" \/>\n<meta name=\"twitter:card\" content=\"summary_large_image\" \/>\n<meta name=\"twitter:creator\" content=\"@lequotidienmr\" \/>\n<meta name=\"twitter:site\" content=\"@lequotidienmr\" \/>\n<meta name=\"twitter:label1\" content=\"\u0643\u064f\u062a\u0628 \u0628\u0648\u0627\u0633\u0637\u0629\" \/>\n\t<meta name=\"twitter:data1\" content=\"Le Quotidien\" \/>\n\t<meta name=\"twitter:label2\" content=\"\u0648\u0642\u062a \u0627\u0644\u0642\u0631\u0627\u0621\u0629 \u0627\u0644\u0645\u064f\u0642\u062f\u0651\u0631\" \/>\n\t<meta name=\"twitter:data2\" content=\"\u062f\u0642\u064a\u0642\u062a\u0627\u0646\" \/>\n<script type=\"application\/ld+json\" class=\"yoast-schema-graph\">{\"@context\":\"https:\\\/\\\/schema.org\",\"@graph\":[{\"@type\":\"Article\",\"@id\":\"https:\\\/\\\/lequotidien.mr\\\/?p=17859&lang=fr#article\",\"isPartOf\":{\"@id\":\"https:\\\/\\\/lequotidien.mr\\\/?p=17859&lang=fr\"},\"author\":{\"name\":\"Le Quotidien\",\"@id\":\"https:\\\/\\\/lequotidien.mr\\\/#\\\/schema\\\/person\\\/f90fcdaa970c60288de4ed2e64a56472\"},\"headline\":\"C\u00e9l\u00e9brations du 1er Mai, f\u00eate du Travail\u00a0: Le pr\u00e9sident mauritanien f\u00e9licite les travailleurs \u00e0 l&#8217;occasion de la journ\u00e9e internationale des travailleurs\",\"datePublished\":\"2024-05-01T14:32:38+00:00\",\"mainEntityOfPage\":{\"@id\":\"https:\\\/\\\/lequotidien.mr\\\/?p=17859&lang=fr\"},\"wordCount\":356,\"commentCount\":0,\"publisher\":{\"@id\":\"https:\\\/\\\/lequotidien.mr\\\/#organization\"},\"image\":{\"@id\":\"https:\\\/\\\/lequotidien.mr\\\/?p=17859&lang=fr#primaryimage\"},\"thumbnailUrl\":\"https:\\\/\\\/lequotidien.mr\\\/wp-content\\\/uploads\\\/2024\\\/05\\\/trav.jpeg\",\"articleSection\":[\"ACTUALIT\u00c9\",\"Couverture sp\u00e9cilale\"],\"inLanguage\":\"ar\",\"potentialAction\":[{\"@type\":\"CommentAction\",\"name\":\"Comment\",\"target\":[\"https:\\\/\\\/lequotidien.mr\\\/?p=17859&lang=fr#respond\"]}]},{\"@type\":\"WebPage\",\"@id\":\"https:\\\/\\\/lequotidien.mr\\\/?p=17859&lang=fr\",\"url\":\"https:\\\/\\\/lequotidien.mr\\\/?p=17859&lang=fr\",\"name\":\"C\u00e9l\u00e9brations du 1er Mai, f\u00eate du Travail\u00a0: Le pr\u00e9sident mauritanien f\u00e9licite les travailleurs \u00e0 l'occasion de la journ\u00e9e internationale des travailleurs - Le Quotidien de Nouakchott\",\"isPartOf\":{\"@id\":\"https:\\\/\\\/lequotidien.mr\\\/#website\"},\"primaryImageOfPage\":{\"@id\":\"https:\\\/\\\/lequotidien.mr\\\/?p=17859&lang=fr#primaryimage\"},\"image\":{\"@id\":\"https:\\\/\\\/lequotidien.mr\\\/?p=17859&lang=fr#primaryimage\"},\"thumbnailUrl\":\"https:\\\/\\\/lequotidien.mr\\\/wp-content\\\/uploads\\\/2024\\\/05\\\/trav.jpeg\",\"datePublished\":\"2024-05-01T14:32:38+00:00\",\"breadcrumb\":{\"@id\":\"https:\\\/\\\/lequotidien.mr\\\/?p=17859&lang=fr#breadcrumb\"},\"inLanguage\":\"ar\",\"potentialAction\":[{\"@type\":\"ReadAction\",\"target\":[\"https:\\\/\\\/lequotidien.mr\\\/?p=17859&lang=fr\"]}]},{\"@type\":\"ImageObject\",\"inLanguage\":\"ar\",\"@id\":\"https:\\\/\\\/lequotidien.mr\\\/?p=17859&lang=fr#primaryimage\",\"url\":\"https:\\\/\\\/lequotidien.mr\\\/wp-content\\\/uploads\\\/2024\\\/05\\\/trav.jpeg\",\"contentUrl\":\"https:\\\/\\\/lequotidien.mr\\\/wp-content\\\/uploads\\\/2024\\\/05\\\/trav.jpeg\",\"width\":275,\"height\":183},{\"@type\":\"BreadcrumbList\",\"@id\":\"https:\\\/\\\/lequotidien.mr\\\/?p=17859&lang=fr#breadcrumb\",\"itemListElement\":[{\"@type\":\"ListItem\",\"position\":1,\"name\":\"Home\",\"item\":\"https:\\\/\\\/lequotidien.mr\\\/\"},{\"@type\":\"ListItem\",\"position\":2,\"name\":\"C\u00e9l\u00e9brations du 1er Mai, f\u00eate du Travail\u00a0: Le pr\u00e9sident mauritanien f\u00e9licite les travailleurs \u00e0 l&#8217;occasion de la journ\u00e9e internationale des travailleurs\"}]},{\"@type\":\"WebSite\",\"@id\":\"https:\\\/\\\/lequotidien.mr\\\/#website\",\"url\":\"https:\\\/\\\/lequotidien.mr\\\/\",\"name\":\"Le Quotidien de Nouakchott\",\"description\":\"\u0625\u062e\u0628\u0627\u0631\u064a\u0629 \u0645\u0633\u062a\u0642\u0644\u0629 \u0644\u0644\u0623\u0646\u0628\u0627\u0621 \u0627\u0644\u0639\u0627\u0645\u0629\",\"publisher\":{\"@id\":\"https:\\\/\\\/lequotidien.mr\\\/#organization\"},\"potentialAction\":[{\"@type\":\"SearchAction\",\"target\":{\"@type\":\"EntryPoint\",\"urlTemplate\":\"https:\\\/\\\/lequotidien.mr\\\/?s={search_term_string}\"},\"query-input\":{\"@type\":\"PropertyValueSpecification\",\"valueRequired\":true,\"valueName\":\"search_term_string\"}}],\"inLanguage\":\"ar\"},{\"@type\":\"Organization\",\"@id\":\"https:\\\/\\\/lequotidien.mr\\\/#organization\",\"name\":\"Le Quotidien de Nouakchott\",\"url\":\"https:\\\/\\\/lequotidien.mr\\\/\",\"logo\":{\"@type\":\"ImageObject\",\"inLanguage\":\"ar\",\"@id\":\"https:\\\/\\\/lequotidien.mr\\\/#\\\/schema\\\/logo\\\/image\\\/\",\"url\":\"https:\\\/\\\/lequotidien.mr\\\/wp-content\\\/uploads\\\/2022\\\/11\\\/logolequotidien.jpg\",\"contentUrl\":\"https:\\\/\\\/lequotidien.mr\\\/wp-content\\\/uploads\\\/2022\\\/11\\\/logolequotidien.jpg\",\"width\":290,\"height\":65,\"caption\":\"Le Quotidien de Nouakchott\"},\"image\":{\"@id\":\"https:\\\/\\\/lequotidien.mr\\\/#\\\/schema\\\/logo\\\/image\\\/\"},\"sameAs\":[\"https:\\\/\\\/web.facebook.com\\\/lequotidienmr\",\"https:\\\/\\\/x.com\\\/lequotidienmr\"]},{\"@type\":\"Person\",\"@id\":\"https:\\\/\\\/lequotidien.mr\\\/#\\\/schema\\\/person\\\/f90fcdaa970c60288de4ed2e64a56472\",\"name\":\"Le Quotidien\",\"image\":{\"@type\":\"ImageObject\",\"inLanguage\":\"ar\",\"@id\":\"https:\\\/\\\/secure.gravatar.com\\\/avatar\\\/374cb39a1a458a912465a93e5a3ce6546886fc3da809a1f10c63e4e8fcbca30f?s=96&d=mm&r=g\",\"url\":\"https:\\\/\\\/secure.gravatar.com\\\/avatar\\\/374cb39a1a458a912465a93e5a3ce6546886fc3da809a1f10c63e4e8fcbca30f?s=96&d=mm&r=g\",\"contentUrl\":\"https:\\\/\\\/secure.gravatar.com\\\/avatar\\\/374cb39a1a458a912465a93e5a3ce6546886fc3da809a1f10c63e4e8fcbca30f?s=96&d=mm&r=g\",\"caption\":\"Le Quotidien\"},\"sameAs\":[\"https:\\\/\\\/lequotidien.mr\\\/\"],\"url\":\"https:\\\/\\\/lequotidien.mr\\\/?author=4\"}]}<\/script>\n<!-- \/ Yoast SEO plugin. -->","yoast_head_json":{"title":"C\u00e9l\u00e9brations du 1er Mai, f\u00eate du Travail\u00a0: Le pr\u00e9sident mauritanien f\u00e9licite les travailleurs \u00e0 l'occasion de la journ\u00e9e internationale des travailleurs - Le Quotidien de Nouakchott","robots":{"index":"index","follow":"follow","max-snippet":"max-snippet:-1","max-image-preview":"max-image-preview:large","max-video-preview":"max-video-preview:-1"},"canonical":"https:\/\/lequotidien.mr\/?p=17859&lang=fr","og_locale":"ar_AR","og_type":"article","og_title":"C\u00e9l\u00e9brations du 1er Mai, f\u00eate du Travail\u00a0: Le pr\u00e9sident mauritanien f\u00e9licite les travailleurs \u00e0 l'occasion de la journ\u00e9e internationale des travailleurs - Le Quotidien de Nouakchott","og_description":"Dans une d\u00e9monstration de solidarit\u00e9 avec la classe ouvri\u00e8re, le pr\u00e9sident mauritanien, Mohamed Ould Cheikh El Ghazouani, a adress\u00e9 t\u00f4t ce matin, via un message sur la plateforme &#8220;X&#8221;, ses f\u00e9licitations aux travailleurs \u00e0 l&#8217;occasion de la Journ\u00e9e internationale des travailleurs. Dans son message, le pr\u00e9sident Ould Ghazouani exprime son admiration et son respect pour.....","og_url":"https:\/\/lequotidien.mr\/?p=17859&lang=fr","og_site_name":"Le Quotidien de Nouakchott","article_publisher":"https:\/\/web.facebook.com\/lequotidienmr","article_published_time":"2024-05-01T14:32:38+00:00","og_image":[{"width":275,"height":183,"url":"https:\/\/lequotidien.mr\/wp-content\/uploads\/2024\/05\/trav.jpeg","type":"image\/jpeg"}],"author":"Le Quotidien","twitter_card":"summary_large_image","twitter_creator":"@lequotidienmr","twitter_site":"@lequotidienmr","twitter_misc":{"\u0643\u064f\u062a\u0628 \u0628\u0648\u0627\u0633\u0637\u0629":"Le Quotidien","\u0648\u0642\u062a \u0627\u0644\u0642\u0631\u0627\u0621\u0629 \u0627\u0644\u0645\u064f\u0642\u062f\u0651\u0631":"\u062f\u0642\u064a\u0642\u062a\u0627\u0646"},"schema":{"@context":"https:\/\/schema.org","@graph":[{"@type":"Article","@id":"https:\/\/lequotidien.mr\/?p=17859&lang=fr#article","isPartOf":{"@id":"https:\/\/lequotidien.mr\/?p=17859&lang=fr"},"author":{"name":"Le Quotidien","@id":"https:\/\/lequotidien.mr\/#\/schema\/person\/f90fcdaa970c60288de4ed2e64a56472"},"headline":"C\u00e9l\u00e9brations du 1er Mai, f\u00eate du Travail\u00a0: Le pr\u00e9sident mauritanien f\u00e9licite les travailleurs \u00e0 l&#8217;occasion de la journ\u00e9e internationale des travailleurs","datePublished":"2024-05-01T14:32:38+00:00","mainEntityOfPage":{"@id":"https:\/\/lequotidien.mr\/?p=17859&lang=fr"},"wordCount":356,"commentCount":0,"publisher":{"@id":"https:\/\/lequotidien.mr\/#organization"},"image":{"@id":"https:\/\/lequotidien.mr\/?p=17859&lang=fr#primaryimage"},"thumbnailUrl":"https:\/\/lequotidien.mr\/wp-content\/uploads\/2024\/05\/trav.jpeg","articleSection":["ACTUALIT\u00c9","Couverture sp\u00e9cilale"],"inLanguage":"ar","potentialAction":[{"@type":"CommentAction","name":"Comment","target":["https:\/\/lequotidien.mr\/?p=17859&lang=fr#respond"]}]},{"@type":"WebPage","@id":"https:\/\/lequotidien.mr\/?p=17859&lang=fr","url":"https:\/\/lequotidien.mr\/?p=17859&lang=fr","name":"C\u00e9l\u00e9brations du 1er Mai, f\u00eate du Travail\u00a0: Le pr\u00e9sident mauritanien f\u00e9licite les travailleurs \u00e0 l'occasion de la journ\u00e9e internationale des travailleurs - Le Quotidien de Nouakchott","isPartOf":{"@id":"https:\/\/lequotidien.mr\/#website"},"primaryImageOfPage":{"@id":"https:\/\/lequotidien.mr\/?p=17859&lang=fr#primaryimage"},"image":{"@id":"https:\/\/lequotidien.mr\/?p=17859&lang=fr#primaryimage"},"thumbnailUrl":"https:\/\/lequotidien.mr\/wp-content\/uploads\/2024\/05\/trav.jpeg","datePublished":"2024-05-01T14:32:38+00:00","breadcrumb":{"@id":"https:\/\/lequotidien.mr\/?p=17859&lang=fr#breadcrumb"},"inLanguage":"ar","potentialAction":[{"@type":"ReadAction","target":["https:\/\/lequotidien.mr\/?p=17859&lang=fr"]}]},{"@type":"ImageObject","inLanguage":"ar","@id":"https:\/\/lequotidien.mr\/?p=17859&lang=fr#primaryimage","url":"https:\/\/lequotidien.mr\/wp-content\/uploads\/2024\/05\/trav.jpeg","contentUrl":"https:\/\/lequotidien.mr\/wp-content\/uploads\/2024\/05\/trav.jpeg","width":275,"height":183},{"@type":"BreadcrumbList","@id":"https:\/\/lequotidien.mr\/?p=17859&lang=fr#breadcrumb","itemListElement":[{"@type":"ListItem","position":1,"name":"Home","item":"https:\/\/lequotidien.mr\/"},{"@type":"ListItem","position":2,"name":"C\u00e9l\u00e9brations du 1er Mai, f\u00eate du Travail\u00a0: Le pr\u00e9sident mauritanien f\u00e9licite les travailleurs \u00e0 l&#8217;occasion de la journ\u00e9e internationale des travailleurs"}]},{"@type":"WebSite","@id":"https:\/\/lequotidien.mr\/#website","url":"https:\/\/lequotidien.mr\/","name":"Le Quotidien de Nouakchott","description":"\u0625\u062e\u0628\u0627\u0631\u064a\u0629 \u0645\u0633\u062a\u0642\u0644\u0629 \u0644\u0644\u0623\u0646\u0628\u0627\u0621 \u0627\u0644\u0639\u0627\u0645\u0629","publisher":{"@id":"https:\/\/lequotidien.mr\/#organization"},"potentialAction":[{"@type":"SearchAction","target":{"@type":"EntryPoint","urlTemplate":"https:\/\/lequotidien.mr\/?s={search_term_string}"},"query-input":{"@type":"PropertyValueSpecification","valueRequired":true,"valueName":"search_term_string"}}],"inLanguage":"ar"},{"@type":"Organization","@id":"https:\/\/lequotidien.mr\/#organization","name":"Le Quotidien de Nouakchott","url":"https:\/\/lequotidien.mr\/","logo":{"@type":"ImageObject","inLanguage":"ar","@id":"https:\/\/lequotidien.mr\/#\/schema\/logo\/image\/","url":"https:\/\/lequotidien.mr\/wp-content\/uploads\/2022\/11\/logolequotidien.jpg","contentUrl":"https:\/\/lequotidien.mr\/wp-content\/uploads\/2022\/11\/logolequotidien.jpg","width":290,"height":65,"caption":"Le Quotidien de Nouakchott"},"image":{"@id":"https:\/\/lequotidien.mr\/#\/schema\/logo\/image\/"},"sameAs":["https:\/\/web.facebook.com\/lequotidienmr","https:\/\/x.com\/lequotidienmr"]},{"@type":"Person","@id":"https:\/\/lequotidien.mr\/#\/schema\/person\/f90fcdaa970c60288de4ed2e64a56472","name":"Le Quotidien","image":{"@type":"ImageObject","inLanguage":"ar","@id":"https:\/\/secure.gravatar.com\/avatar\/374cb39a1a458a912465a93e5a3ce6546886fc3da809a1f10c63e4e8fcbca30f?s=96&d=mm&r=g","url":"https:\/\/secure.gravatar.com\/avatar\/374cb39a1a458a912465a93e5a3ce6546886fc3da809a1f10c63e4e8fcbca30f?s=96&d=mm&r=g","contentUrl":"https:\/\/secure.gravatar.com\/avatar\/374cb39a1a458a912465a93e5a3ce6546886fc3da809a1f10c63e4e8fcbca30f?s=96&d=mm&r=g","caption":"Le Quotidien"},"sameAs":["https:\/\/lequotidien.mr\/"],"url":"https:\/\/lequotidien.mr\/?author=4"}]}},"_links":{"self":[{"href":"https:\/\/lequotidien.mr\/index.php?rest_route=\/wp\/v2\/posts\/17859","targetHints":{"allow":["GET"]}}],"collection":[{"href":"https:\/\/lequotidien.mr\/index.php?rest_route=\/wp\/v2\/posts"}],"about":[{"href":"https:\/\/lequotidien.mr\/index.php?rest_route=\/wp\/v2\/types\/post"}],"author":[{"embeddable":true,"href":"https:\/\/lequotidien.mr\/index.php?rest_route=\/wp\/v2\/users\/4"}],"replies":[{"embeddable":true,"href":"https:\/\/lequotidien.mr\/index.php?rest_route=%2Fwp%2Fv2%2Fcomments&post=17859"}],"version-history":[{"count":1,"href":"https:\/\/lequotidien.mr\/index.php?rest_route=\/wp\/v2\/posts\/17859\/revisions"}],"predecessor-version":[{"id":17861,"href":"https:\/\/lequotidien.mr\/index.php?rest_route=\/wp\/v2\/posts\/17859\/revisions\/17861"}],"wp:featuredmedia":[{"embeddable":true,"href":"https:\/\/lequotidien.mr\/index.php?rest_route=\/wp\/v2\/media\/17860"}],"wp:attachment":[{"href":"https:\/\/lequotidien.mr\/index.php?rest_route=%2Fwp%2Fv2%2Fmedia&parent=17859"}],"wp:term":[{"taxonomy":"category","embeddable":true,"href":"https:\/\/lequotidien.mr\/index.php?rest_route=%2Fwp%2Fv2%2Fcategories&post=17859"},{"taxonomy":"post_tag","embeddable":true,"href":"https:\/\/lequotidien.mr\/index.php?rest_route=%2Fwp%2Fv2%2Ftags&post=17859"}],"curies":[{"name":"wp","href":"https:\/\/api.w.org\/{rel}","templated":true}]}}