{"id":17673,"date":"2024-04-23T20:58:04","date_gmt":"2024-04-23T20:58:04","guid":{"rendered":"https:\/\/lequotidien.mr\/?p=17673"},"modified":"2024-04-23T20:58:04","modified_gmt":"2024-04-23T20:58:04","slug":"conference-internationale-sur-lintelligence-artificielle-lancement-des-travaux-sous-la-presidence-du-ministre-mohamed-allah-ould-louly","status":"publish","type":"post","link":"https:\/\/lequotidien.mr\/?p=17673&lang=fr","title":{"rendered":"Conf\u00e9rence Internationale sur l&#8217;Intelligence Artificielle : Lancement des Travaux sous la Pr\u00e9sidence du Ministre Mohamed Allah Ould Louly"},"content":{"rendered":"<p>Le ministre de la Transformation num\u00e9rique, de l&#8217;Innovation et de la Modernisation de l&#8217;Administration, \u00e9galement ministre de l&#8217;Enseignement Sup\u00e9rieur et de la Recherche Scientifique par int\u00e9rim, Mohamed Allah Ould Oudaa, a pr\u00e9sid\u00e9 aujourd&#8217;hui au Palais des Congr\u00e8s le lancement des travaux de la conf\u00e9rence internationale sur l&#8217;intelligence artificielle, organis\u00e9e par la Facult\u00e9 des Sciences et Techniques de l&#8217;Universit\u00e9 de Nouakchott les 23, 24 et 25 avril, avec la participation d&#8217;experts de plusieurs pays.<\/p>\n<p>Dans son discours d&#8217;ouverture, le ministre a soulign\u00e9 l&#8217;importance de cette conf\u00e9rence, en raison de l&#8217;ouverture sur les opportunit\u00e9s offertes par l&#8217;intelligence artificielle dans divers domaines, notamment \u00e0 une \u00e9poque marqu\u00e9e par la num\u00e9risation et le flux massif d&#8217;informations dans toutes les sp\u00e9cialit\u00e9s.<\/p>\n<p>Il a ajout\u00e9 que les technologies de l&#8217;intelligence artificielle offrent d&#8217;importantes opportunit\u00e9s aux pays \u00e0 faible croissance, en offrant des opportunit\u00e9s importantes et des solutions innovantes aux d\u00e9fis auxquels ces pays sont confront\u00e9s, ce qui aide \u00e0 d\u00e9passer les \u00e9tapes de d\u00e9veloppement traditionnelles et \u00e0 am\u00e9liorer les perspectives de vie.<\/p>\n<p>Le ministre a soulign\u00e9 que le minist\u00e8re de la Transformation num\u00e9rique, de l&#8217;Innovation et de la Modernisation de l&#8217;Administration compte sur les r\u00e9sultats de la conf\u00e9rence comme base scientifique pour la coop\u00e9ration entre le secteur et le secteur de l&#8217;enseignement sup\u00e9rieur et de la recherche scientifique, afin de soutenir le Plan national de transformation num\u00e9rique, qui occupe une place importante dans le programme de Son Excellence le Pr\u00e9sident Mohamed Ould Cheikh El Ghazouani.<\/p>\n<p>Le secr\u00e9taire g\u00e9n\u00e9ral du minist\u00e8re de l&#8217;Enseignement Sup\u00e9rieur et de la Recherche Scientifique, le pr\u00e9sident de l&#8217;Universit\u00e9 de Nouakchott et les responsables des institutions d&#8217;enseignement sup\u00e9rieur ont assist\u00e9 au lancement de la c\u00e9r\u00e9monie d&#8217;ouverture.<\/p>\n","protected":false},"excerpt":{"rendered":"<p>Le ministre de la Transformation num\u00e9rique, de l&#8217;Innovation et de la Modernisation de l&#8217;Administration, \u00e9galement ministre de l&#8217;Enseignement Sup\u00e9rieur et de la Recherche Scientifique par int\u00e9rim, Mohamed Allah Ould Oudaa, a pr\u00e9sid\u00e9 aujourd&#8217;hui au Palais des Congr\u00e8s le lancement des travaux de la conf\u00e9rence internationale sur l&#8217;intelligence artificielle, organis\u00e9e par la Facult\u00e9 des Sciences et&#8230;..<\/p>\n","protected":false},"author":3,"featured_media":17674,"comment_status":"open","ping_status":"open","sticky":false,"template":"","format":"standard","meta":{"footnotes":""},"categories":[23,49],"tags":[],"class_list":["post-17673","post","type-post","status-publish","format-standard","has-post-thumbnail","hentry","category-actualite","category-economie"],"yoast_head":"<!-- This site is optimized with the Yoast SEO plugin v27.5 - https:\/\/yoast.com\/product\/yoast-seo-wordpress\/ -->\n<title>Conf\u00e9rence Internationale sur l&#039;Intelligence Artificielle : Lancement des Travaux sous la Pr\u00e9sidence du Ministre Mohamed Allah Ould Louly - Le Quotidien de Nouakchott<\/title>\n<meta name=\"robots\" content=\"index, follow, max-snippet:-1, max-image-preview:large, max-video-preview:-1\" \/>\n<link rel=\"canonical\" href=\"https:\/\/lequotidien.mr\/?p=17673&lang=fr\" \/>\n<meta property=\"og:locale\" content=\"ar_AR\" \/>\n<meta property=\"og:type\" content=\"article\" \/>\n<meta property=\"og:title\" content=\"Conf\u00e9rence Internationale sur l&#039;Intelligence Artificielle : Lancement des Travaux sous la Pr\u00e9sidence du Ministre Mohamed Allah Ould Louly - Le Quotidien de Nouakchott\" \/>\n<meta property=\"og:description\" content=\"Le ministre de la Transformation num\u00e9rique, de l&#8217;Innovation et de la Modernisation de l&#8217;Administration, \u00e9galement ministre de l&#8217;Enseignement Sup\u00e9rieur et de la Recherche Scientifique par int\u00e9rim, Mohamed Allah Ould Oudaa, a pr\u00e9sid\u00e9 aujourd&#8217;hui au Palais des Congr\u00e8s le lancement des travaux de la conf\u00e9rence internationale sur l&#8217;intelligence artificielle, organis\u00e9e par la Facult\u00e9 des Sciences et.....\" \/>\n<meta property=\"og:url\" content=\"https:\/\/lequotidien.mr\/?p=17673&amp;lang=fr\" \/>\n<meta property=\"og:site_name\" content=\"Le Quotidien de Nouakchott\" \/>\n<meta property=\"article:publisher\" content=\"https:\/\/web.facebook.com\/lequotidienmr\" \/>\n<meta property=\"article:author\" content=\"https:\/\/web.facebook.com\/a.mleiwih\" \/>\n<meta property=\"article:published_time\" content=\"2024-04-23T20:58:04+00:00\" \/>\n<meta property=\"og:image\" content=\"https:\/\/lequotidien.mr\/wp-content\/uploads\/2024\/04\/FB_IMG_1713894062871-1.jpg\" \/>\n\t<meta property=\"og:image:width\" content=\"960\" \/>\n\t<meta property=\"og:image:height\" content=\"640\" \/>\n\t<meta property=\"og:image:type\" content=\"image\/jpeg\" \/>\n<meta name=\"author\" content=\"Alioun M&#039;leiwih\" \/>\n<meta name=\"twitter:card\" content=\"summary_large_image\" \/>\n<meta name=\"twitter:creator\" content=\"@lequotidienmr\" \/>\n<meta name=\"twitter:site\" content=\"@lequotidienmr\" \/>\n<meta name=\"twitter:label1\" content=\"\u0643\u064f\u062a\u0628 \u0628\u0648\u0627\u0633\u0637\u0629\" \/>\n\t<meta name=\"twitter:data1\" content=\"Alioun M&#039;leiwih\" \/>\n\t<meta name=\"twitter:label2\" content=\"\u0648\u0642\u062a \u0627\u0644\u0642\u0631\u0627\u0621\u0629 \u0627\u0644\u0645\u064f\u0642\u062f\u0651\u0631\" \/>\n\t<meta name=\"twitter:data2\" content=\"\u062f\u0642\u064a\u0642\u062a\u0627\u0646\" \/>\n<script type=\"application\/ld+json\" class=\"yoast-schema-graph\">{\"@context\":\"https:\\\/\\\/schema.org\",\"@graph\":[{\"@type\":\"Article\",\"@id\":\"https:\\\/\\\/lequotidien.mr\\\/?p=17673&lang=fr#article\",\"isPartOf\":{\"@id\":\"https:\\\/\\\/lequotidien.mr\\\/?p=17673&lang=fr\"},\"author\":{\"name\":\"Alioun M'leiwih\",\"@id\":\"https:\\\/\\\/lequotidien.mr\\\/#\\\/schema\\\/person\\\/69d1518c74c9137087929a20b1272cb0\"},\"headline\":\"Conf\u00e9rence Internationale sur l&#8217;Intelligence Artificielle : Lancement des Travaux sous la Pr\u00e9sidence du Ministre Mohamed Allah Ould Louly\",\"datePublished\":\"2024-04-23T20:58:04+00:00\",\"mainEntityOfPage\":{\"@id\":\"https:\\\/\\\/lequotidien.mr\\\/?p=17673&lang=fr\"},\"wordCount\":344,\"commentCount\":0,\"publisher\":{\"@id\":\"https:\\\/\\\/lequotidien.mr\\\/#organization\"},\"image\":{\"@id\":\"https:\\\/\\\/lequotidien.mr\\\/?p=17673&lang=fr#primaryimage\"},\"thumbnailUrl\":\"https:\\\/\\\/lequotidien.mr\\\/wp-content\\\/uploads\\\/2024\\\/04\\\/FB_IMG_1713894062871-1.jpg\",\"articleSection\":[\"ACTUALIT\u00c9\",\"Economie\"],\"inLanguage\":\"ar\",\"potentialAction\":[{\"@type\":\"CommentAction\",\"name\":\"Comment\",\"target\":[\"https:\\\/\\\/lequotidien.mr\\\/?p=17673&lang=fr#respond\"]}]},{\"@type\":\"WebPage\",\"@id\":\"https:\\\/\\\/lequotidien.mr\\\/?p=17673&lang=fr\",\"url\":\"https:\\\/\\\/lequotidien.mr\\\/?p=17673&lang=fr\",\"name\":\"Conf\u00e9rence Internationale sur l'Intelligence Artificielle : Lancement des Travaux sous la Pr\u00e9sidence du Ministre Mohamed Allah Ould Louly - Le Quotidien de Nouakchott\",\"isPartOf\":{\"@id\":\"https:\\\/\\\/lequotidien.mr\\\/#website\"},\"primaryImageOfPage\":{\"@id\":\"https:\\\/\\\/lequotidien.mr\\\/?p=17673&lang=fr#primaryimage\"},\"image\":{\"@id\":\"https:\\\/\\\/lequotidien.mr\\\/?p=17673&lang=fr#primaryimage\"},\"thumbnailUrl\":\"https:\\\/\\\/lequotidien.mr\\\/wp-content\\\/uploads\\\/2024\\\/04\\\/FB_IMG_1713894062871-1.jpg\",\"datePublished\":\"2024-04-23T20:58:04+00:00\",\"breadcrumb\":{\"@id\":\"https:\\\/\\\/lequotidien.mr\\\/?p=17673&lang=fr#breadcrumb\"},\"inLanguage\":\"ar\",\"potentialAction\":[{\"@type\":\"ReadAction\",\"target\":[\"https:\\\/\\\/lequotidien.mr\\\/?p=17673&lang=fr\"]}]},{\"@type\":\"ImageObject\",\"inLanguage\":\"ar\",\"@id\":\"https:\\\/\\\/lequotidien.mr\\\/?p=17673&lang=fr#primaryimage\",\"url\":\"https:\\\/\\\/lequotidien.mr\\\/wp-content\\\/uploads\\\/2024\\\/04\\\/FB_IMG_1713894062871-1.jpg\",\"contentUrl\":\"https:\\\/\\\/lequotidien.mr\\\/wp-content\\\/uploads\\\/2024\\\/04\\\/FB_IMG_1713894062871-1.jpg\",\"width\":960,\"height\":640},{\"@type\":\"BreadcrumbList\",\"@id\":\"https:\\\/\\\/lequotidien.mr\\\/?p=17673&lang=fr#breadcrumb\",\"itemListElement\":[{\"@type\":\"ListItem\",\"position\":1,\"name\":\"Home\",\"item\":\"https:\\\/\\\/lequotidien.mr\\\/\"},{\"@type\":\"ListItem\",\"position\":2,\"name\":\"Conf\u00e9rence Internationale sur l&#8217;Intelligence Artificielle : Lancement des Travaux sous la Pr\u00e9sidence du Ministre Mohamed Allah Ould Louly\"}]},{\"@type\":\"WebSite\",\"@id\":\"https:\\\/\\\/lequotidien.mr\\\/#website\",\"url\":\"https:\\\/\\\/lequotidien.mr\\\/\",\"name\":\"Le Quotidien de Nouakchott\",\"description\":\"\u0625\u062e\u0628\u0627\u0631\u064a\u0629 \u0645\u0633\u062a\u0642\u0644\u0629 \u0644\u0644\u0623\u0646\u0628\u0627\u0621 \u0627\u0644\u0639\u0627\u0645\u0629\",\"publisher\":{\"@id\":\"https:\\\/\\\/lequotidien.mr\\\/#organization\"},\"potentialAction\":[{\"@type\":\"SearchAction\",\"target\":{\"@type\":\"EntryPoint\",\"urlTemplate\":\"https:\\\/\\\/lequotidien.mr\\\/?s={search_term_string}\"},\"query-input\":{\"@type\":\"PropertyValueSpecification\",\"valueRequired\":true,\"valueName\":\"search_term_string\"}}],\"inLanguage\":\"ar\"},{\"@type\":\"Organization\",\"@id\":\"https:\\\/\\\/lequotidien.mr\\\/#organization\",\"name\":\"Le Quotidien de Nouakchott\",\"url\":\"https:\\\/\\\/lequotidien.mr\\\/\",\"logo\":{\"@type\":\"ImageObject\",\"inLanguage\":\"ar\",\"@id\":\"https:\\\/\\\/lequotidien.mr\\\/#\\\/schema\\\/logo\\\/image\\\/\",\"url\":\"https:\\\/\\\/lequotidien.mr\\\/wp-content\\\/uploads\\\/2022\\\/11\\\/logolequotidien.jpg\",\"contentUrl\":\"https:\\\/\\\/lequotidien.mr\\\/wp-content\\\/uploads\\\/2022\\\/11\\\/logolequotidien.jpg\",\"width\":290,\"height\":65,\"caption\":\"Le Quotidien de Nouakchott\"},\"image\":{\"@id\":\"https:\\\/\\\/lequotidien.mr\\\/#\\\/schema\\\/logo\\\/image\\\/\"},\"sameAs\":[\"https:\\\/\\\/web.facebook.com\\\/lequotidienmr\",\"https:\\\/\\\/x.com\\\/lequotidienmr\"]},{\"@type\":\"Person\",\"@id\":\"https:\\\/\\\/lequotidien.mr\\\/#\\\/schema\\\/person\\\/69d1518c74c9137087929a20b1272cb0\",\"name\":\"Alioun M'leiwih\",\"image\":{\"@type\":\"ImageObject\",\"inLanguage\":\"ar\",\"@id\":\"https:\\\/\\\/secure.gravatar.com\\\/avatar\\\/01f9d357222d7d4ca8f71662f4b081718f06d25b11fc45662ecca0622d507e51?s=96&d=mm&r=g\",\"url\":\"https:\\\/\\\/secure.gravatar.com\\\/avatar\\\/01f9d357222d7d4ca8f71662f4b081718f06d25b11fc45662ecca0622d507e51?s=96&d=mm&r=g\",\"contentUrl\":\"https:\\\/\\\/secure.gravatar.com\\\/avatar\\\/01f9d357222d7d4ca8f71662f4b081718f06d25b11fc45662ecca0622d507e51?s=96&d=mm&r=g\",\"caption\":\"Alioun M'leiwih\"},\"sameAs\":[\"https:\\\/\\\/lequotidien.mr\\\/\",\"https:\\\/\\\/web.facebook.com\\\/a.mleiwih\",\"https:\\\/\\\/www.linkedin.com\\\/in\\\/alimlewih\\\/\"],\"url\":\"https:\\\/\\\/lequotidien.mr\\\/?author=3\"}]}<\/script>\n<!-- \/ Yoast SEO plugin. -->","yoast_head_json":{"title":"Conf\u00e9rence Internationale sur l'Intelligence Artificielle : Lancement des Travaux sous la Pr\u00e9sidence du Ministre Mohamed Allah Ould Louly - Le Quotidien de Nouakchott","robots":{"index":"index","follow":"follow","max-snippet":"max-snippet:-1","max-image-preview":"max-image-preview:large","max-video-preview":"max-video-preview:-1"},"canonical":"https:\/\/lequotidien.mr\/?p=17673&lang=fr","og_locale":"ar_AR","og_type":"article","og_title":"Conf\u00e9rence Internationale sur l'Intelligence Artificielle : Lancement des Travaux sous la Pr\u00e9sidence du Ministre Mohamed Allah Ould Louly - Le Quotidien de Nouakchott","og_description":"Le ministre de la Transformation num\u00e9rique, de l&#8217;Innovation et de la Modernisation de l&#8217;Administration, \u00e9galement ministre de l&#8217;Enseignement Sup\u00e9rieur et de la Recherche Scientifique par int\u00e9rim, Mohamed Allah Ould Oudaa, a pr\u00e9sid\u00e9 aujourd&#8217;hui au Palais des Congr\u00e8s le lancement des travaux de la conf\u00e9rence internationale sur l&#8217;intelligence artificielle, organis\u00e9e par la Facult\u00e9 des Sciences et.....","og_url":"https:\/\/lequotidien.mr\/?p=17673&lang=fr","og_site_name":"Le Quotidien de Nouakchott","article_publisher":"https:\/\/web.facebook.com\/lequotidienmr","article_author":"https:\/\/web.facebook.com\/a.mleiwih","article_published_time":"2024-04-23T20:58:04+00:00","og_image":[{"width":960,"height":640,"url":"https:\/\/lequotidien.mr\/wp-content\/uploads\/2024\/04\/FB_IMG_1713894062871-1.jpg","type":"image\/jpeg"}],"author":"Alioun M'leiwih","twitter_card":"summary_large_image","twitter_creator":"@lequotidienmr","twitter_site":"@lequotidienmr","twitter_misc":{"\u0643\u064f\u062a\u0628 \u0628\u0648\u0627\u0633\u0637\u0629":"Alioun M'leiwih","\u0648\u0642\u062a \u0627\u0644\u0642\u0631\u0627\u0621\u0629 \u0627\u0644\u0645\u064f\u0642\u062f\u0651\u0631":"\u062f\u0642\u064a\u0642\u062a\u0627\u0646"},"schema":{"@context":"https:\/\/schema.org","@graph":[{"@type":"Article","@id":"https:\/\/lequotidien.mr\/?p=17673&lang=fr#article","isPartOf":{"@id":"https:\/\/lequotidien.mr\/?p=17673&lang=fr"},"author":{"name":"Alioun M'leiwih","@id":"https:\/\/lequotidien.mr\/#\/schema\/person\/69d1518c74c9137087929a20b1272cb0"},"headline":"Conf\u00e9rence Internationale sur l&#8217;Intelligence Artificielle : Lancement des Travaux sous la Pr\u00e9sidence du Ministre Mohamed Allah Ould Louly","datePublished":"2024-04-23T20:58:04+00:00","mainEntityOfPage":{"@id":"https:\/\/lequotidien.mr\/?p=17673&lang=fr"},"wordCount":344,"commentCount":0,"publisher":{"@id":"https:\/\/lequotidien.mr\/#organization"},"image":{"@id":"https:\/\/lequotidien.mr\/?p=17673&lang=fr#primaryimage"},"thumbnailUrl":"https:\/\/lequotidien.mr\/wp-content\/uploads\/2024\/04\/FB_IMG_1713894062871-1.jpg","articleSection":["ACTUALIT\u00c9","Economie"],"inLanguage":"ar","potentialAction":[{"@type":"CommentAction","name":"Comment","target":["https:\/\/lequotidien.mr\/?p=17673&lang=fr#respond"]}]},{"@type":"WebPage","@id":"https:\/\/lequotidien.mr\/?p=17673&lang=fr","url":"https:\/\/lequotidien.mr\/?p=17673&lang=fr","name":"Conf\u00e9rence Internationale sur l'Intelligence Artificielle : Lancement des Travaux sous la Pr\u00e9sidence du Ministre Mohamed Allah Ould Louly - Le Quotidien de Nouakchott","isPartOf":{"@id":"https:\/\/lequotidien.mr\/#website"},"primaryImageOfPage":{"@id":"https:\/\/lequotidien.mr\/?p=17673&lang=fr#primaryimage"},"image":{"@id":"https:\/\/lequotidien.mr\/?p=17673&lang=fr#primaryimage"},"thumbnailUrl":"https:\/\/lequotidien.mr\/wp-content\/uploads\/2024\/04\/FB_IMG_1713894062871-1.jpg","datePublished":"2024-04-23T20:58:04+00:00","breadcrumb":{"@id":"https:\/\/lequotidien.mr\/?p=17673&lang=fr#breadcrumb"},"inLanguage":"ar","potentialAction":[{"@type":"ReadAction","target":["https:\/\/lequotidien.mr\/?p=17673&lang=fr"]}]},{"@type":"ImageObject","inLanguage":"ar","@id":"https:\/\/lequotidien.mr\/?p=17673&lang=fr#primaryimage","url":"https:\/\/lequotidien.mr\/wp-content\/uploads\/2024\/04\/FB_IMG_1713894062871-1.jpg","contentUrl":"https:\/\/lequotidien.mr\/wp-content\/uploads\/2024\/04\/FB_IMG_1713894062871-1.jpg","width":960,"height":640},{"@type":"BreadcrumbList","@id":"https:\/\/lequotidien.mr\/?p=17673&lang=fr#breadcrumb","itemListElement":[{"@type":"ListItem","position":1,"name":"Home","item":"https:\/\/lequotidien.mr\/"},{"@type":"ListItem","position":2,"name":"Conf\u00e9rence Internationale sur l&#8217;Intelligence Artificielle : Lancement des Travaux sous la Pr\u00e9sidence du Ministre Mohamed Allah Ould Louly"}]},{"@type":"WebSite","@id":"https:\/\/lequotidien.mr\/#website","url":"https:\/\/lequotidien.mr\/","name":"Le Quotidien de Nouakchott","description":"\u0625\u062e\u0628\u0627\u0631\u064a\u0629 \u0645\u0633\u062a\u0642\u0644\u0629 \u0644\u0644\u0623\u0646\u0628\u0627\u0621 \u0627\u0644\u0639\u0627\u0645\u0629","publisher":{"@id":"https:\/\/lequotidien.mr\/#organization"},"potentialAction":[{"@type":"SearchAction","target":{"@type":"EntryPoint","urlTemplate":"https:\/\/lequotidien.mr\/?s={search_term_string}"},"query-input":{"@type":"PropertyValueSpecification","valueRequired":true,"valueName":"search_term_string"}}],"inLanguage":"ar"},{"@type":"Organization","@id":"https:\/\/lequotidien.mr\/#organization","name":"Le Quotidien de Nouakchott","url":"https:\/\/lequotidien.mr\/","logo":{"@type":"ImageObject","inLanguage":"ar","@id":"https:\/\/lequotidien.mr\/#\/schema\/logo\/image\/","url":"https:\/\/lequotidien.mr\/wp-content\/uploads\/2022\/11\/logolequotidien.jpg","contentUrl":"https:\/\/lequotidien.mr\/wp-content\/uploads\/2022\/11\/logolequotidien.jpg","width":290,"height":65,"caption":"Le Quotidien de Nouakchott"},"image":{"@id":"https:\/\/lequotidien.mr\/#\/schema\/logo\/image\/"},"sameAs":["https:\/\/web.facebook.com\/lequotidienmr","https:\/\/x.com\/lequotidienmr"]},{"@type":"Person","@id":"https:\/\/lequotidien.mr\/#\/schema\/person\/69d1518c74c9137087929a20b1272cb0","name":"Alioun M'leiwih","image":{"@type":"ImageObject","inLanguage":"ar","@id":"https:\/\/secure.gravatar.com\/avatar\/01f9d357222d7d4ca8f71662f4b081718f06d25b11fc45662ecca0622d507e51?s=96&d=mm&r=g","url":"https:\/\/secure.gravatar.com\/avatar\/01f9d357222d7d4ca8f71662f4b081718f06d25b11fc45662ecca0622d507e51?s=96&d=mm&r=g","contentUrl":"https:\/\/secure.gravatar.com\/avatar\/01f9d357222d7d4ca8f71662f4b081718f06d25b11fc45662ecca0622d507e51?s=96&d=mm&r=g","caption":"Alioun M'leiwih"},"sameAs":["https:\/\/lequotidien.mr\/","https:\/\/web.facebook.com\/a.mleiwih","https:\/\/www.linkedin.com\/in\/alimlewih\/"],"url":"https:\/\/lequotidien.mr\/?author=3"}]}},"_links":{"self":[{"href":"https:\/\/lequotidien.mr\/index.php?rest_route=\/wp\/v2\/posts\/17673","targetHints":{"allow":["GET"]}}],"collection":[{"href":"https:\/\/lequotidien.mr\/index.php?rest_route=\/wp\/v2\/posts"}],"about":[{"href":"https:\/\/lequotidien.mr\/index.php?rest_route=\/wp\/v2\/types\/post"}],"author":[{"embeddable":true,"href":"https:\/\/lequotidien.mr\/index.php?rest_route=\/wp\/v2\/users\/3"}],"replies":[{"embeddable":true,"href":"https:\/\/lequotidien.mr\/index.php?rest_route=%2Fwp%2Fv2%2Fcomments&post=17673"}],"version-history":[{"count":2,"href":"https:\/\/lequotidien.mr\/index.php?rest_route=\/wp\/v2\/posts\/17673\/revisions"}],"predecessor-version":[{"id":17676,"href":"https:\/\/lequotidien.mr\/index.php?rest_route=\/wp\/v2\/posts\/17673\/revisions\/17676"}],"wp:featuredmedia":[{"embeddable":true,"href":"https:\/\/lequotidien.mr\/index.php?rest_route=\/wp\/v2\/media\/17674"}],"wp:attachment":[{"href":"https:\/\/lequotidien.mr\/index.php?rest_route=%2Fwp%2Fv2%2Fmedia&parent=17673"}],"wp:term":[{"taxonomy":"category","embeddable":true,"href":"https:\/\/lequotidien.mr\/index.php?rest_route=%2Fwp%2Fv2%2Fcategories&post=17673"},{"taxonomy":"post_tag","embeddable":true,"href":"https:\/\/lequotidien.mr\/index.php?rest_route=%2Fwp%2Fv2%2Ftags&post=17673"}],"curies":[{"name":"wp","href":"https:\/\/api.w.org\/{rel}","templated":true}]}}