{"id":17573,"date":"2024-04-20T16:01:47","date_gmt":"2024-04-20T16:01:47","guid":{"rendered":"https:\/\/lequotidien.mr\/?p=17573"},"modified":"2024-04-20T16:01:47","modified_gmt":"2024-04-20T16:01:47","slug":"demarrage-de-la-1ere-edition-de-lexposition-du-secteur-prive-mauritanien","status":"publish","type":"post","link":"https:\/\/lequotidien.mr\/?p=17573&lang=fr","title":{"rendered":"D\u00e9marrage de la 1\u00e8re \u00e9dition de l\u2019exposition du secteur priv\u00e9 mauritanien"},"content":{"rendered":"<p>La premi\u00e8re \u00e9dition de l\u2019exposition du secteur priv\u00e9 mauritanien, a d\u00e9marr\u00e9, vendredi, sous la supervision du Pr\u00e9sident de la R\u00e9publique, SEM. Mohamed Cheikh El Ghazouani. Organis\u00e9e par l\u2019Union nationale du Patronat mauritanien (UNPM), l\u2019exposition se d\u00e9roule du 19 au 21 avril. Les chapiteaux de l\u2019ancien palais des congr\u00e8s de Nouakchott abritent les stands de plus de 250 entreprises mauritaniennes.<\/p>\n<p>Le programme plac\u00e9 sous le haut patronage du Pr\u00e9sident de la R\u00e9publique, a \u00e9t\u00e9 lanc\u00e9 en pr\u00e9sence du Premier ministre M. Mohamed Bilal Messoud, de membres du gouvernement, du corps diplomatique accr\u00e9dit\u00e9 \u00e0 Nouakchott, de partenaires techniques et financiers ainsi que d\u2019\u00e9lus locaux.<\/p>\n<p>Le ministre des P\u00eaches et de l\u2019\u00c9conomie maritime, M. Moctar Alhousseyni Lam, ministre du Commerce par int\u00e9rim, a prononc\u00e9 un mot dans lequel il salue la pr\u00e9sence du Pr\u00e9sident de la R\u00e9publique, estimant qu\u2019elle \u00ab illustre \u00e0 suffisance l\u2019int\u00e9r\u00eat port\u00e9 au d\u00e9veloppement du secteur priv\u00e9 \u00bb. Il a rappel\u00e9 que les instructions qui ont \u00e9t\u00e9 donn\u00e9es et initiatives prises, ont permis de booster l\u2019industrie locale, notamment \u00e0 travers la mobilisation d\u2019investissements et la promotion du partenariat public-priv\u00e9 (PPP).<\/p>\n<p>Pour le ministre, cette exposition \u00e0 l\u2019initiative de l\u2019UNPM est l\u2019occasion de valoriser les performances des entreprises mauritaniennes. Il a soulign\u00e9 que ces soci\u00e9t\u00e9s couvrent divers secteurs porteurs que sont l\u2019\u00e9levage, l\u2019agriculture et les \u00e9nergies renouvelables, entre autres. Il s\u2019agit, selon lui, d\u2019un levier qui va contribuer \u00e0 atteindre l\u2019autosuffisance alimentaire.<\/p>\n<p>Avant de finir, le ministre a d\u00e9clar\u00e9 qu\u2019auparavant, une journ\u00e9e consacr\u00e9e \u00e0 l\u2019industrie en Mauritanie a \u00e9t\u00e9 tenue afin de trouver les voies et moyens permettant de d\u00e9velopper la production locale.<\/p>\n<p>De son c\u00f4t\u00e9, le pr\u00e9sident de l\u2019UNPM, M. Mohamed Zine El Abidine Cheikh Ahmed a magnifi\u00e9 le parrainage de cette premi\u00e8re \u00e9dition de l\u2019exposition du secteur priv\u00e9 mauritanien par le Pr\u00e9sident de la R\u00e9publique. Il a estim\u00e9 que l\u2019exposition, fruit des mesures incitatives prises par le Pr\u00e9sident de la R\u00e9publique pour promouvoir le secteur priv\u00e9, sera organis\u00e9e chaque ann\u00e9e.<\/p>\n<p>Poursuivant son propos, le patron de l\u2019UNPM a indiqu\u00e9 que l\u2019\u00e9v\u00e9nement, sera une plateforme qui mettra en avant le fruit de la production locale. L\u2019expo traduit l\u2019engagement des pouvoirs publics \u00e0 r\u00e9duire les exportations et miser sur l\u2019expertise nationale afin d\u2019exploiter au mieux nos ressources, pour une prosp\u00e9rit\u00e9 partag\u00e9e.<\/p>\n<p>Zine El Abidine a relev\u00e9 que les efforts d\u00e9ploy\u00e9s ont abouti \u00e0 l\u2019autosuffisance en riz. Il a ensuite soulign\u00e9 que la culture du bl\u00e9 progresse et les projections sont prometteuses. Il en est de m\u00eame pour le maraichage qui a connu un regain d\u2019int\u00e9r\u00eat de la part des entreprises mauritaniennes.<\/p>\n<p>D\u2019apr\u00e8s le pr\u00e9sident de l\u2019UNPM, des r\u00e9sultats tangibles ont \u00e9t\u00e9 enregistr\u00e9es, d\u2019o\u00f9 la mise en place d\u2019une exposition pour les vulgariser. Il a insist\u00e9 sur une baisse nette des exportations au profit de la production locale, notamment en ce qui concerne les l\u00e9gumes. Entre 2022 et 2024, moins une r\u00e9duction de plus 100 mille tonnes a \u00e9t\u00e9 constat\u00e9e. Zine El Abdine a annonc\u00e9 la mise en place d\u2019une usine de transformation de tomates avant la fin de l\u2019ann\u00e9e.<\/p>\n<p>Le pr\u00e9sident de l\u2019UNPM a r\u00e9it\u00e9r\u00e9 l\u2019engagement du secteur priv\u00e9 \u00e0 mener \u00e0 bien tous les projets qu\u2019il avait promis de mettre en \u0153uvre, au sortir de la rencontre avec le Pr\u00e9sident de la R\u00e9publique et les entrepreneurs. Ainsi, sur les 47 projets list\u00e9s, 27 ont \u00e9t\u00e9 r\u00e9alis\u00e9s, 5 sont en cours et le reste suivra bient\u00f4t a-t-il confi\u00e9.<\/p>\n<p>En outre, le pr\u00e9sident du patronat note que certains d\u00e9fis restent encore \u00e0 relever, pour atteindre l\u2019autosuffisance alimentaire. Il a sugg\u00e9r\u00e9 le d\u00e9veloppement des infrastructures pour maintenir cette dynamique de la lutte contre la concurrence d\u00e9loyale de certaines compagnies \u00e9trang\u00e8res.<\/p>\n<p>A la suite de la c\u00e9r\u00e9monie d\u2019ouverture, une visite des stands a \u00e9t\u00e9 effectu\u00e9e. Une campagne de don de sang, \u00e0 l\u2019initiative de l\u2019UNPM a \u00e9galement \u00e9t\u00e9 lanc\u00e9e par la m\u00eame occasion.<\/p>\n<p>Source: AMI<\/p>\n<p>&nbsp;<\/p>\n","protected":false},"excerpt":{"rendered":"<p>La premi\u00e8re \u00e9dition de l\u2019exposition du secteur priv\u00e9 mauritanien, a d\u00e9marr\u00e9, vendredi, sous la supervision du Pr\u00e9sident de la R\u00e9publique, SEM. Mohamed Cheikh El Ghazouani. Organis\u00e9e par l\u2019Union nationale du Patronat mauritanien (UNPM), l\u2019exposition se d\u00e9roule du 19 au 21 avril. Les chapiteaux de l\u2019ancien palais des congr\u00e8s de Nouakchott abritent les stands de plus&#8230;..<\/p>\n","protected":false},"author":12,"featured_media":17574,"comment_status":"open","ping_status":"open","sticky":false,"template":"","format":"standard","meta":{"footnotes":""},"categories":[23,49],"tags":[],"class_list":["post-17573","post","type-post","status-publish","format-standard","has-post-thumbnail","hentry","category-actualite","category-economie"],"yoast_head":"<!-- This site is optimized with the Yoast SEO plugin v27.5 - https:\/\/yoast.com\/product\/yoast-seo-wordpress\/ -->\n<title>D\u00e9marrage de la 1\u00e8re \u00e9dition de l\u2019exposition du secteur priv\u00e9 mauritanien - Le Quotidien de Nouakchott<\/title>\n<meta name=\"robots\" content=\"index, follow, max-snippet:-1, max-image-preview:large, max-video-preview:-1\" \/>\n<link rel=\"canonical\" href=\"https:\/\/lequotidien.mr\/?p=17573&lang=fr\" \/>\n<meta property=\"og:locale\" content=\"ar_AR\" \/>\n<meta property=\"og:type\" content=\"article\" \/>\n<meta property=\"og:title\" content=\"D\u00e9marrage de la 1\u00e8re \u00e9dition de l\u2019exposition du secteur priv\u00e9 mauritanien - Le Quotidien de Nouakchott\" \/>\n<meta property=\"og:description\" content=\"La premi\u00e8re \u00e9dition de l\u2019exposition du secteur priv\u00e9 mauritanien, a d\u00e9marr\u00e9, vendredi, sous la supervision du Pr\u00e9sident de la R\u00e9publique, SEM. Mohamed Cheikh El Ghazouani. Organis\u00e9e par l\u2019Union nationale du Patronat mauritanien (UNPM), l\u2019exposition se d\u00e9roule du 19 au 21 avril. Les chapiteaux de l\u2019ancien palais des congr\u00e8s de Nouakchott abritent les stands de plus.....\" \/>\n<meta property=\"og:url\" content=\"https:\/\/lequotidien.mr\/?p=17573&amp;lang=fr\" \/>\n<meta property=\"og:site_name\" content=\"Le Quotidien de Nouakchott\" \/>\n<meta property=\"article:publisher\" content=\"https:\/\/web.facebook.com\/lequotidienmr\" \/>\n<meta property=\"article:published_time\" content=\"2024-04-20T16:01:47+00:00\" \/>\n<meta property=\"og:image\" content=\"https:\/\/lequotidien.mr\/wp-content\/uploads\/2024\/04\/photo-edition-secteur-prive.jpg\" \/>\n\t<meta property=\"og:image:width\" content=\"450\" \/>\n\t<meta property=\"og:image:height\" content=\"300\" \/>\n\t<meta property=\"og:image:type\" content=\"image\/jpeg\" \/>\n<meta name=\"author\" content=\"Med Ahmed\" \/>\n<meta name=\"twitter:card\" content=\"summary_large_image\" \/>\n<meta name=\"twitter:creator\" content=\"@lequotidienmr\" \/>\n<meta name=\"twitter:site\" content=\"@lequotidienmr\" \/>\n<meta name=\"twitter:label1\" content=\"\u0643\u064f\u062a\u0628 \u0628\u0648\u0627\u0633\u0637\u0629\" \/>\n\t<meta name=\"twitter:data1\" content=\"Med Ahmed\" \/>\n\t<meta name=\"twitter:label2\" content=\"\u0648\u0642\u062a \u0627\u0644\u0642\u0631\u0627\u0621\u0629 \u0627\u0644\u0645\u064f\u0642\u062f\u0651\u0631\" \/>\n\t<meta name=\"twitter:data2\" content=\"4 \u062f\u0642\u0627\u0626\u0642\" \/>\n<script type=\"application\/ld+json\" class=\"yoast-schema-graph\">{\"@context\":\"https:\\\/\\\/schema.org\",\"@graph\":[{\"@type\":\"Article\",\"@id\":\"https:\\\/\\\/lequotidien.mr\\\/?p=17573&lang=fr#article\",\"isPartOf\":{\"@id\":\"https:\\\/\\\/lequotidien.mr\\\/?p=17573&lang=fr\"},\"author\":{\"name\":\"Med Ahmed\",\"@id\":\"https:\\\/\\\/lequotidien.mr\\\/#\\\/schema\\\/person\\\/d2d350202a4d599685ed8abc25f97596\"},\"headline\":\"D\u00e9marrage de la 1\u00e8re \u00e9dition de l\u2019exposition du secteur priv\u00e9 mauritanien\",\"datePublished\":\"2024-04-20T16:01:47+00:00\",\"mainEntityOfPage\":{\"@id\":\"https:\\\/\\\/lequotidien.mr\\\/?p=17573&lang=fr\"},\"wordCount\":738,\"commentCount\":0,\"publisher\":{\"@id\":\"https:\\\/\\\/lequotidien.mr\\\/#organization\"},\"image\":{\"@id\":\"https:\\\/\\\/lequotidien.mr\\\/?p=17573&lang=fr#primaryimage\"},\"thumbnailUrl\":\"https:\\\/\\\/lequotidien.mr\\\/wp-content\\\/uploads\\\/2024\\\/04\\\/photo-edition-secteur-prive.jpg\",\"articleSection\":[\"ACTUALIT\u00c9\",\"Economie\"],\"inLanguage\":\"ar\",\"potentialAction\":[{\"@type\":\"CommentAction\",\"name\":\"Comment\",\"target\":[\"https:\\\/\\\/lequotidien.mr\\\/?p=17573&lang=fr#respond\"]}]},{\"@type\":\"WebPage\",\"@id\":\"https:\\\/\\\/lequotidien.mr\\\/?p=17573&lang=fr\",\"url\":\"https:\\\/\\\/lequotidien.mr\\\/?p=17573&lang=fr\",\"name\":\"D\u00e9marrage de la 1\u00e8re \u00e9dition de l\u2019exposition du secteur priv\u00e9 mauritanien - Le Quotidien de Nouakchott\",\"isPartOf\":{\"@id\":\"https:\\\/\\\/lequotidien.mr\\\/#website\"},\"primaryImageOfPage\":{\"@id\":\"https:\\\/\\\/lequotidien.mr\\\/?p=17573&lang=fr#primaryimage\"},\"image\":{\"@id\":\"https:\\\/\\\/lequotidien.mr\\\/?p=17573&lang=fr#primaryimage\"},\"thumbnailUrl\":\"https:\\\/\\\/lequotidien.mr\\\/wp-content\\\/uploads\\\/2024\\\/04\\\/photo-edition-secteur-prive.jpg\",\"datePublished\":\"2024-04-20T16:01:47+00:00\",\"breadcrumb\":{\"@id\":\"https:\\\/\\\/lequotidien.mr\\\/?p=17573&lang=fr#breadcrumb\"},\"inLanguage\":\"ar\",\"potentialAction\":[{\"@type\":\"ReadAction\",\"target\":[\"https:\\\/\\\/lequotidien.mr\\\/?p=17573&lang=fr\"]}]},{\"@type\":\"ImageObject\",\"inLanguage\":\"ar\",\"@id\":\"https:\\\/\\\/lequotidien.mr\\\/?p=17573&lang=fr#primaryimage\",\"url\":\"https:\\\/\\\/lequotidien.mr\\\/wp-content\\\/uploads\\\/2024\\\/04\\\/photo-edition-secteur-prive.jpg\",\"contentUrl\":\"https:\\\/\\\/lequotidien.mr\\\/wp-content\\\/uploads\\\/2024\\\/04\\\/photo-edition-secteur-prive.jpg\",\"width\":450,\"height\":300},{\"@type\":\"BreadcrumbList\",\"@id\":\"https:\\\/\\\/lequotidien.mr\\\/?p=17573&lang=fr#breadcrumb\",\"itemListElement\":[{\"@type\":\"ListItem\",\"position\":1,\"name\":\"Home\",\"item\":\"https:\\\/\\\/lequotidien.mr\\\/\"},{\"@type\":\"ListItem\",\"position\":2,\"name\":\"D\u00e9marrage de la 1\u00e8re \u00e9dition de l\u2019exposition du secteur priv\u00e9 mauritanien\"}]},{\"@type\":\"WebSite\",\"@id\":\"https:\\\/\\\/lequotidien.mr\\\/#website\",\"url\":\"https:\\\/\\\/lequotidien.mr\\\/\",\"name\":\"Le Quotidien de Nouakchott\",\"description\":\"\u0625\u062e\u0628\u0627\u0631\u064a\u0629 \u0645\u0633\u062a\u0642\u0644\u0629 \u0644\u0644\u0623\u0646\u0628\u0627\u0621 \u0627\u0644\u0639\u0627\u0645\u0629\",\"publisher\":{\"@id\":\"https:\\\/\\\/lequotidien.mr\\\/#organization\"},\"potentialAction\":[{\"@type\":\"SearchAction\",\"target\":{\"@type\":\"EntryPoint\",\"urlTemplate\":\"https:\\\/\\\/lequotidien.mr\\\/?s={search_term_string}\"},\"query-input\":{\"@type\":\"PropertyValueSpecification\",\"valueRequired\":true,\"valueName\":\"search_term_string\"}}],\"inLanguage\":\"ar\"},{\"@type\":\"Organization\",\"@id\":\"https:\\\/\\\/lequotidien.mr\\\/#organization\",\"name\":\"Le Quotidien de Nouakchott\",\"url\":\"https:\\\/\\\/lequotidien.mr\\\/\",\"logo\":{\"@type\":\"ImageObject\",\"inLanguage\":\"ar\",\"@id\":\"https:\\\/\\\/lequotidien.mr\\\/#\\\/schema\\\/logo\\\/image\\\/\",\"url\":\"https:\\\/\\\/lequotidien.mr\\\/wp-content\\\/uploads\\\/2022\\\/11\\\/logolequotidien.jpg\",\"contentUrl\":\"https:\\\/\\\/lequotidien.mr\\\/wp-content\\\/uploads\\\/2022\\\/11\\\/logolequotidien.jpg\",\"width\":290,\"height\":65,\"caption\":\"Le Quotidien de Nouakchott\"},\"image\":{\"@id\":\"https:\\\/\\\/lequotidien.mr\\\/#\\\/schema\\\/logo\\\/image\\\/\"},\"sameAs\":[\"https:\\\/\\\/web.facebook.com\\\/lequotidienmr\",\"https:\\\/\\\/x.com\\\/lequotidienmr\"]},{\"@type\":\"Person\",\"@id\":\"https:\\\/\\\/lequotidien.mr\\\/#\\\/schema\\\/person\\\/d2d350202a4d599685ed8abc25f97596\",\"name\":\"Med Ahmed\",\"image\":{\"@type\":\"ImageObject\",\"inLanguage\":\"ar\",\"@id\":\"https:\\\/\\\/secure.gravatar.com\\\/avatar\\\/fd2acc62ed50732923d1d39c17172c9b04149f142be92310ecc69e1358f94b52?s=96&d=mm&r=g\",\"url\":\"https:\\\/\\\/secure.gravatar.com\\\/avatar\\\/fd2acc62ed50732923d1d39c17172c9b04149f142be92310ecc69e1358f94b52?s=96&d=mm&r=g\",\"contentUrl\":\"https:\\\/\\\/secure.gravatar.com\\\/avatar\\\/fd2acc62ed50732923d1d39c17172c9b04149f142be92310ecc69e1358f94b52?s=96&d=mm&r=g\",\"caption\":\"Med Ahmed\"},\"url\":\"https:\\\/\\\/lequotidien.mr\\\/?author=12\"}]}<\/script>\n<!-- \/ Yoast SEO plugin. -->","yoast_head_json":{"title":"D\u00e9marrage de la 1\u00e8re \u00e9dition de l\u2019exposition du secteur priv\u00e9 mauritanien - Le Quotidien de Nouakchott","robots":{"index":"index","follow":"follow","max-snippet":"max-snippet:-1","max-image-preview":"max-image-preview:large","max-video-preview":"max-video-preview:-1"},"canonical":"https:\/\/lequotidien.mr\/?p=17573&lang=fr","og_locale":"ar_AR","og_type":"article","og_title":"D\u00e9marrage de la 1\u00e8re \u00e9dition de l\u2019exposition du secteur priv\u00e9 mauritanien - Le Quotidien de Nouakchott","og_description":"La premi\u00e8re \u00e9dition de l\u2019exposition du secteur priv\u00e9 mauritanien, a d\u00e9marr\u00e9, vendredi, sous la supervision du Pr\u00e9sident de la R\u00e9publique, SEM. Mohamed Cheikh El Ghazouani. Organis\u00e9e par l\u2019Union nationale du Patronat mauritanien (UNPM), l\u2019exposition se d\u00e9roule du 19 au 21 avril. Les chapiteaux de l\u2019ancien palais des congr\u00e8s de Nouakchott abritent les stands de plus.....","og_url":"https:\/\/lequotidien.mr\/?p=17573&lang=fr","og_site_name":"Le Quotidien de Nouakchott","article_publisher":"https:\/\/web.facebook.com\/lequotidienmr","article_published_time":"2024-04-20T16:01:47+00:00","og_image":[{"width":450,"height":300,"url":"https:\/\/lequotidien.mr\/wp-content\/uploads\/2024\/04\/photo-edition-secteur-prive.jpg","type":"image\/jpeg"}],"author":"Med Ahmed","twitter_card":"summary_large_image","twitter_creator":"@lequotidienmr","twitter_site":"@lequotidienmr","twitter_misc":{"\u0643\u064f\u062a\u0628 \u0628\u0648\u0627\u0633\u0637\u0629":"Med Ahmed","\u0648\u0642\u062a \u0627\u0644\u0642\u0631\u0627\u0621\u0629 \u0627\u0644\u0645\u064f\u0642\u062f\u0651\u0631":"4 \u062f\u0642\u0627\u0626\u0642"},"schema":{"@context":"https:\/\/schema.org","@graph":[{"@type":"Article","@id":"https:\/\/lequotidien.mr\/?p=17573&lang=fr#article","isPartOf":{"@id":"https:\/\/lequotidien.mr\/?p=17573&lang=fr"},"author":{"name":"Med Ahmed","@id":"https:\/\/lequotidien.mr\/#\/schema\/person\/d2d350202a4d599685ed8abc25f97596"},"headline":"D\u00e9marrage de la 1\u00e8re \u00e9dition de l\u2019exposition du secteur priv\u00e9 mauritanien","datePublished":"2024-04-20T16:01:47+00:00","mainEntityOfPage":{"@id":"https:\/\/lequotidien.mr\/?p=17573&lang=fr"},"wordCount":738,"commentCount":0,"publisher":{"@id":"https:\/\/lequotidien.mr\/#organization"},"image":{"@id":"https:\/\/lequotidien.mr\/?p=17573&lang=fr#primaryimage"},"thumbnailUrl":"https:\/\/lequotidien.mr\/wp-content\/uploads\/2024\/04\/photo-edition-secteur-prive.jpg","articleSection":["ACTUALIT\u00c9","Economie"],"inLanguage":"ar","potentialAction":[{"@type":"CommentAction","name":"Comment","target":["https:\/\/lequotidien.mr\/?p=17573&lang=fr#respond"]}]},{"@type":"WebPage","@id":"https:\/\/lequotidien.mr\/?p=17573&lang=fr","url":"https:\/\/lequotidien.mr\/?p=17573&lang=fr","name":"D\u00e9marrage de la 1\u00e8re \u00e9dition de l\u2019exposition du secteur priv\u00e9 mauritanien - Le Quotidien de Nouakchott","isPartOf":{"@id":"https:\/\/lequotidien.mr\/#website"},"primaryImageOfPage":{"@id":"https:\/\/lequotidien.mr\/?p=17573&lang=fr#primaryimage"},"image":{"@id":"https:\/\/lequotidien.mr\/?p=17573&lang=fr#primaryimage"},"thumbnailUrl":"https:\/\/lequotidien.mr\/wp-content\/uploads\/2024\/04\/photo-edition-secteur-prive.jpg","datePublished":"2024-04-20T16:01:47+00:00","breadcrumb":{"@id":"https:\/\/lequotidien.mr\/?p=17573&lang=fr#breadcrumb"},"inLanguage":"ar","potentialAction":[{"@type":"ReadAction","target":["https:\/\/lequotidien.mr\/?p=17573&lang=fr"]}]},{"@type":"ImageObject","inLanguage":"ar","@id":"https:\/\/lequotidien.mr\/?p=17573&lang=fr#primaryimage","url":"https:\/\/lequotidien.mr\/wp-content\/uploads\/2024\/04\/photo-edition-secteur-prive.jpg","contentUrl":"https:\/\/lequotidien.mr\/wp-content\/uploads\/2024\/04\/photo-edition-secteur-prive.jpg","width":450,"height":300},{"@type":"BreadcrumbList","@id":"https:\/\/lequotidien.mr\/?p=17573&lang=fr#breadcrumb","itemListElement":[{"@type":"ListItem","position":1,"name":"Home","item":"https:\/\/lequotidien.mr\/"},{"@type":"ListItem","position":2,"name":"D\u00e9marrage de la 1\u00e8re \u00e9dition de l\u2019exposition du secteur priv\u00e9 mauritanien"}]},{"@type":"WebSite","@id":"https:\/\/lequotidien.mr\/#website","url":"https:\/\/lequotidien.mr\/","name":"Le Quotidien de Nouakchott","description":"\u0625\u062e\u0628\u0627\u0631\u064a\u0629 \u0645\u0633\u062a\u0642\u0644\u0629 \u0644\u0644\u0623\u0646\u0628\u0627\u0621 \u0627\u0644\u0639\u0627\u0645\u0629","publisher":{"@id":"https:\/\/lequotidien.mr\/#organization"},"potentialAction":[{"@type":"SearchAction","target":{"@type":"EntryPoint","urlTemplate":"https:\/\/lequotidien.mr\/?s={search_term_string}"},"query-input":{"@type":"PropertyValueSpecification","valueRequired":true,"valueName":"search_term_string"}}],"inLanguage":"ar"},{"@type":"Organization","@id":"https:\/\/lequotidien.mr\/#organization","name":"Le Quotidien de Nouakchott","url":"https:\/\/lequotidien.mr\/","logo":{"@type":"ImageObject","inLanguage":"ar","@id":"https:\/\/lequotidien.mr\/#\/schema\/logo\/image\/","url":"https:\/\/lequotidien.mr\/wp-content\/uploads\/2022\/11\/logolequotidien.jpg","contentUrl":"https:\/\/lequotidien.mr\/wp-content\/uploads\/2022\/11\/logolequotidien.jpg","width":290,"height":65,"caption":"Le Quotidien de Nouakchott"},"image":{"@id":"https:\/\/lequotidien.mr\/#\/schema\/logo\/image\/"},"sameAs":["https:\/\/web.facebook.com\/lequotidienmr","https:\/\/x.com\/lequotidienmr"]},{"@type":"Person","@id":"https:\/\/lequotidien.mr\/#\/schema\/person\/d2d350202a4d599685ed8abc25f97596","name":"Med Ahmed","image":{"@type":"ImageObject","inLanguage":"ar","@id":"https:\/\/secure.gravatar.com\/avatar\/fd2acc62ed50732923d1d39c17172c9b04149f142be92310ecc69e1358f94b52?s=96&d=mm&r=g","url":"https:\/\/secure.gravatar.com\/avatar\/fd2acc62ed50732923d1d39c17172c9b04149f142be92310ecc69e1358f94b52?s=96&d=mm&r=g","contentUrl":"https:\/\/secure.gravatar.com\/avatar\/fd2acc62ed50732923d1d39c17172c9b04149f142be92310ecc69e1358f94b52?s=96&d=mm&r=g","caption":"Med Ahmed"},"url":"https:\/\/lequotidien.mr\/?author=12"}]}},"_links":{"self":[{"href":"https:\/\/lequotidien.mr\/index.php?rest_route=\/wp\/v2\/posts\/17573","targetHints":{"allow":["GET"]}}],"collection":[{"href":"https:\/\/lequotidien.mr\/index.php?rest_route=\/wp\/v2\/posts"}],"about":[{"href":"https:\/\/lequotidien.mr\/index.php?rest_route=\/wp\/v2\/types\/post"}],"author":[{"embeddable":true,"href":"https:\/\/lequotidien.mr\/index.php?rest_route=\/wp\/v2\/users\/12"}],"replies":[{"embeddable":true,"href":"https:\/\/lequotidien.mr\/index.php?rest_route=%2Fwp%2Fv2%2Fcomments&post=17573"}],"version-history":[{"count":1,"href":"https:\/\/lequotidien.mr\/index.php?rest_route=\/wp\/v2\/posts\/17573\/revisions"}],"predecessor-version":[{"id":17575,"href":"https:\/\/lequotidien.mr\/index.php?rest_route=\/wp\/v2\/posts\/17573\/revisions\/17575"}],"wp:featuredmedia":[{"embeddable":true,"href":"https:\/\/lequotidien.mr\/index.php?rest_route=\/wp\/v2\/media\/17574"}],"wp:attachment":[{"href":"https:\/\/lequotidien.mr\/index.php?rest_route=%2Fwp%2Fv2%2Fmedia&parent=17573"}],"wp:term":[{"taxonomy":"category","embeddable":true,"href":"https:\/\/lequotidien.mr\/index.php?rest_route=%2Fwp%2Fv2%2Fcategories&post=17573"},{"taxonomy":"post_tag","embeddable":true,"href":"https:\/\/lequotidien.mr\/index.php?rest_route=%2Fwp%2Fv2%2Ftags&post=17573"}],"curies":[{"name":"wp","href":"https:\/\/api.w.org\/{rel}","templated":true}]}}