{"id":17543,"date":"2024-04-19T10:13:57","date_gmt":"2024-04-19T10:13:57","guid":{"rendered":"https:\/\/lequotidien.mr\/?p=17543"},"modified":"2024-04-19T10:13:57","modified_gmt":"2024-04-19T10:13:57","slug":"17543","status":"publish","type":"post","link":"https:\/\/lequotidien.mr\/?p=17543&lang=fr","title":{"rendered":""},"content":{"rendered":"<p>Son Excellence le Pr\u00e9sident de la R\u00e9publique Islamique de Mauritanie, \u00e9galement Pr\u00e9sident de l&#8217;Union Africaine, Monsieur Mohamed Cheikh El Ghazouani, a accueilli jeudi au Palais pr\u00e9sidentiel \u00e0 Nouakchott, son homologue s\u00e9n\u00e9galais, Son Excellence Monsieur Bassirou Dioumaye Faye. Cette rencontre de haut niveau a \u00e9t\u00e9 l&#8217;occasion pour les deux chefs d&#8217;\u00c9tat de discuter des moyens de consolider les liens de coop\u00e9ration entre la Mauritanie et le S\u00e9n\u00e9gal, deux pays fr\u00e8res partageant une histoire, une culture et des int\u00e9r\u00eats communs.<\/p>\n<p>Les entretiens, initi\u00e9s par les pr\u00e9sidents Ghazouani et Faye, ont \u00e9t\u00e9 \u00e9largis pour inclure des repr\u00e9sentants des deux gouvernements. Outre la d\u00e9l\u00e9gation s\u00e9n\u00e9galaise dirig\u00e9e par Son Excellence le Pr\u00e9sident Faye, la r\u00e9union a \u00e9galement vu la participation des ministres mauritaniens de divers secteurs cl\u00e9s, notamment M. Mokhtar Diaye, charg\u00e9 de cabinet du Pr\u00e9sident de la R\u00e9publique, M. Mohamed Mahmoud Cheikh Abdoullah Ben Boya, ministre de la Justice, M. Mokhtar Housseini Lam, ministre des P\u00eaches et de l\u2019\u00c9conomie Maritime, et M. Mohamed Aly Sidi Mohamed, ministre de l\u2019\u00c9quipement et des Transports. L&#8217;ambassadeur mauritanien \u00e0 Dakar, Son Excellence M. Ahmedou Ahmedou, ainsi que des conseillers et des charg\u00e9s de mission de la Pr\u00e9sidence ont \u00e9galement particip\u00e9 \u00e0 ces discussions enrichissantes. La pr\u00e9sence de M. Chemsseddine Sow Deyna, directeur g\u00e9n\u00e9ral des Hydrocarbures, t\u00e9moigne de l&#8217;importance accord\u00e9e aux questions \u00e9conomiques et \u00e9nerg\u00e9tiques dans les relations bilat\u00e9rales.<\/p>\n<p>L&#8217;agenda de cette rencontre a port\u00e9 sur une gamme diversifi\u00e9e de sujets, allant de la coop\u00e9ration \u00e9conomique aux questions de s\u00e9curit\u00e9 r\u00e9gionale, en passant par la promotion des \u00e9changes culturels et humains. L&#8217;exploitation du gisement gazier Grand Tortue Ahmeyin (GTA), occupera probablement une place de choix dans les discutions entre les deux pr\u00e9sidents. En effet, ce projet, d&#8217;une envergure consid\u00e9rable, repr\u00e9sente un potentiel majeur pour le d\u00e9veloppement r\u00e9gional et la collaboration entre les deux pays. La r\u00e9ussite de cette entreprise n\u00e9cessitera une coordination \u00e9troite et une coop\u00e9ration solide entre les gouvernements et les acteurs \u00e9conomiques des deux nations.<\/p>\n<p>Les deux dirigeants ont soulign\u00e9 \u00e9galement l&#8217;importance de renforcer les infrastructures de transport transfrontali\u00e8res pour faciliter les \u00e9changes commerciaux et stimuler la croissance \u00e9conomique dans la r\u00e9gion. De plus, la coop\u00e9ration dans les domaines de la p\u00eache et de l&#8217;\u00e9conomie maritime a \u00e9t\u00e9 abord\u00e9e, mettant en lumi\u00e8re les opportunit\u00e9s de d\u00e9veloppement durable dans ce secteur vital pour les deux nations.<\/p>\n<p>La visite de Son Excellence le Pr\u00e9sident Faye en Mauritanie rev\u00eat une importance particuli\u00e8re, car elle marque sa premi\u00e8re sortie officielle \u00e0 l&#8217;\u00e9tranger depuis son investiture en tant que Pr\u00e9sident du S\u00e9n\u00e9gal. Cette visite d&#8217;amiti\u00e9 et de travail t\u00e9moigne de l&#8217;engagement des deux pays \u00e0 renforcer leurs relations bilat\u00e9rales et \u00e0 promouvoir la stabilit\u00e9 et la prosp\u00e9rit\u00e9 dans la r\u00e9gion ouest-africaine.<\/p>\n<p>&nbsp;<\/p>\n","protected":false},"excerpt":{"rendered":"<p>Son Excellence le Pr\u00e9sident de la R\u00e9publique Islamique de Mauritanie, \u00e9galement Pr\u00e9sident de l&#8217;Union Africaine, Monsieur Mohamed Cheikh El Ghazouani, a accueilli jeudi au Palais pr\u00e9sidentiel \u00e0 Nouakchott, son homologue s\u00e9n\u00e9galais, Son Excellence Monsieur Bassirou Dioumaye Faye. Cette rencontre de haut niveau a \u00e9t\u00e9 l&#8217;occasion pour les deux chefs d&#8217;\u00c9tat de discuter des moyens de&#8230;..<\/p>\n","protected":false},"author":12,"featured_media":17544,"comment_status":"open","ping_status":"open","sticky":false,"template":"","format":"standard","meta":{"footnotes":""},"categories":[23,49],"tags":[],"class_list":["post-17543","post","type-post","status-publish","format-standard","has-post-thumbnail","hentry","category-actualite","category-economie"],"yoast_head":"<!-- This site is optimized with the Yoast SEO plugin v27.5 - https:\/\/yoast.com\/product\/yoast-seo-wordpress\/ -->\n<title>- Le Quotidien de Nouakchott<\/title>\n<meta name=\"robots\" content=\"index, follow, max-snippet:-1, max-image-preview:large, max-video-preview:-1\" \/>\n<link rel=\"canonical\" href=\"https:\/\/lequotidien.mr\/?p=17543&lang=fr\" \/>\n<meta property=\"og:locale\" content=\"ar_AR\" \/>\n<meta property=\"og:type\" content=\"article\" \/>\n<meta property=\"og:title\" content=\"- Le Quotidien de Nouakchott\" \/>\n<meta property=\"og:description\" content=\"Son Excellence le Pr\u00e9sident de la R\u00e9publique Islamique de Mauritanie, \u00e9galement Pr\u00e9sident de l&#8217;Union Africaine, Monsieur Mohamed Cheikh El Ghazouani, a accueilli jeudi au Palais pr\u00e9sidentiel \u00e0 Nouakchott, son homologue s\u00e9n\u00e9galais, Son Excellence Monsieur Bassirou Dioumaye Faye. Cette rencontre de haut niveau a \u00e9t\u00e9 l&#8217;occasion pour les deux chefs d&#8217;\u00c9tat de discuter des moyens de.....\" \/>\n<meta property=\"og:url\" content=\"https:\/\/lequotidien.mr\/?p=17543&amp;lang=fr\" \/>\n<meta property=\"og:site_name\" content=\"Le Quotidien de Nouakchott\" \/>\n<meta property=\"article:publisher\" content=\"https:\/\/web.facebook.com\/lequotidienmr\" \/>\n<meta property=\"article:published_time\" content=\"2024-04-19T10:13:57+00:00\" \/>\n<meta property=\"og:image\" content=\"https:\/\/lequotidien.mr\/wp-content\/uploads\/2024\/04\/photo-18-04-2024.jpg\" \/>\n\t<meta property=\"og:image:width\" content=\"1145\" \/>\n\t<meta property=\"og:image:height\" content=\"630\" \/>\n\t<meta property=\"og:image:type\" content=\"image\/jpeg\" \/>\n<meta name=\"author\" content=\"Med Ahmed\" \/>\n<meta name=\"twitter:card\" content=\"summary_large_image\" \/>\n<meta name=\"twitter:creator\" content=\"@lequotidienmr\" \/>\n<meta name=\"twitter:site\" content=\"@lequotidienmr\" \/>\n<meta name=\"twitter:label1\" content=\"\u0643\u064f\u062a\u0628 \u0628\u0648\u0627\u0633\u0637\u0629\" \/>\n\t<meta name=\"twitter:data1\" content=\"Med Ahmed\" \/>\n\t<meta name=\"twitter:label2\" content=\"\u0648\u0642\u062a \u0627\u0644\u0642\u0631\u0627\u0621\u0629 \u0627\u0644\u0645\u064f\u0642\u062f\u0651\u0631\" \/>\n\t<meta name=\"twitter:data2\" content=\"3 \u062f\u0642\u0627\u0626\u0642\" \/>\n<script type=\"application\/ld+json\" class=\"yoast-schema-graph\">{\"@context\":\"https:\\\/\\\/schema.org\",\"@graph\":[{\"@type\":\"Article\",\"@id\":\"https:\\\/\\\/lequotidien.mr\\\/?p=17543&lang=fr#article\",\"isPartOf\":{\"@id\":\"https:\\\/\\\/lequotidien.mr\\\/?p=17543&lang=fr\"},\"author\":{\"name\":\"Med Ahmed\",\"@id\":\"https:\\\/\\\/lequotidien.mr\\\/#\\\/schema\\\/person\\\/d2d350202a4d599685ed8abc25f97596\"},\"headline\":\"\u0628\u0644\u0627 \u0639\u0646\u0648\u0627\u0646\",\"datePublished\":\"2024-04-19T10:13:57+00:00\",\"mainEntityOfPage\":{\"@id\":\"https:\\\/\\\/lequotidien.mr\\\/?p=17543&lang=fr\"},\"wordCount\":515,\"commentCount\":0,\"publisher\":{\"@id\":\"https:\\\/\\\/lequotidien.mr\\\/#organization\"},\"image\":{\"@id\":\"https:\\\/\\\/lequotidien.mr\\\/?p=17543&lang=fr#primaryimage\"},\"thumbnailUrl\":\"https:\\\/\\\/lequotidien.mr\\\/wp-content\\\/uploads\\\/2024\\\/04\\\/photo-18-04-2024.jpg\",\"articleSection\":[\"ACTUALIT\u00c9\",\"Economie\"],\"inLanguage\":\"ar\",\"potentialAction\":[{\"@type\":\"CommentAction\",\"name\":\"Comment\",\"target\":[\"https:\\\/\\\/lequotidien.mr\\\/?p=17543&lang=fr#respond\"]}]},{\"@type\":\"WebPage\",\"@id\":\"https:\\\/\\\/lequotidien.mr\\\/?p=17543&lang=fr\",\"url\":\"https:\\\/\\\/lequotidien.mr\\\/?p=17543&lang=fr\",\"name\":\"- Le Quotidien de Nouakchott\",\"isPartOf\":{\"@id\":\"https:\\\/\\\/lequotidien.mr\\\/#website\"},\"primaryImageOfPage\":{\"@id\":\"https:\\\/\\\/lequotidien.mr\\\/?p=17543&lang=fr#primaryimage\"},\"image\":{\"@id\":\"https:\\\/\\\/lequotidien.mr\\\/?p=17543&lang=fr#primaryimage\"},\"thumbnailUrl\":\"https:\\\/\\\/lequotidien.mr\\\/wp-content\\\/uploads\\\/2024\\\/04\\\/photo-18-04-2024.jpg\",\"datePublished\":\"2024-04-19T10:13:57+00:00\",\"inLanguage\":\"ar\",\"potentialAction\":[{\"@type\":\"ReadAction\",\"target\":[\"https:\\\/\\\/lequotidien.mr\\\/?p=17543&lang=fr\"]}]},{\"@type\":\"ImageObject\",\"inLanguage\":\"ar\",\"@id\":\"https:\\\/\\\/lequotidien.mr\\\/?p=17543&lang=fr#primaryimage\",\"url\":\"https:\\\/\\\/lequotidien.mr\\\/wp-content\\\/uploads\\\/2024\\\/04\\\/photo-18-04-2024.jpg\",\"contentUrl\":\"https:\\\/\\\/lequotidien.mr\\\/wp-content\\\/uploads\\\/2024\\\/04\\\/photo-18-04-2024.jpg\",\"width\":1145,\"height\":630},{\"@type\":\"WebSite\",\"@id\":\"https:\\\/\\\/lequotidien.mr\\\/#website\",\"url\":\"https:\\\/\\\/lequotidien.mr\\\/\",\"name\":\"Le Quotidien de Nouakchott\",\"description\":\"\u0625\u062e\u0628\u0627\u0631\u064a\u0629 \u0645\u0633\u062a\u0642\u0644\u0629 \u0644\u0644\u0623\u0646\u0628\u0627\u0621 \u0627\u0644\u0639\u0627\u0645\u0629\",\"publisher\":{\"@id\":\"https:\\\/\\\/lequotidien.mr\\\/#organization\"},\"potentialAction\":[{\"@type\":\"SearchAction\",\"target\":{\"@type\":\"EntryPoint\",\"urlTemplate\":\"https:\\\/\\\/lequotidien.mr\\\/?s={search_term_string}\"},\"query-input\":{\"@type\":\"PropertyValueSpecification\",\"valueRequired\":true,\"valueName\":\"search_term_string\"}}],\"inLanguage\":\"ar\"},{\"@type\":\"Organization\",\"@id\":\"https:\\\/\\\/lequotidien.mr\\\/#organization\",\"name\":\"Le Quotidien de Nouakchott\",\"url\":\"https:\\\/\\\/lequotidien.mr\\\/\",\"logo\":{\"@type\":\"ImageObject\",\"inLanguage\":\"ar\",\"@id\":\"https:\\\/\\\/lequotidien.mr\\\/#\\\/schema\\\/logo\\\/image\\\/\",\"url\":\"https:\\\/\\\/lequotidien.mr\\\/wp-content\\\/uploads\\\/2022\\\/11\\\/logolequotidien.jpg\",\"contentUrl\":\"https:\\\/\\\/lequotidien.mr\\\/wp-content\\\/uploads\\\/2022\\\/11\\\/logolequotidien.jpg\",\"width\":290,\"height\":65,\"caption\":\"Le Quotidien de Nouakchott\"},\"image\":{\"@id\":\"https:\\\/\\\/lequotidien.mr\\\/#\\\/schema\\\/logo\\\/image\\\/\"},\"sameAs\":[\"https:\\\/\\\/web.facebook.com\\\/lequotidienmr\",\"https:\\\/\\\/x.com\\\/lequotidienmr\"]},{\"@type\":\"Person\",\"@id\":\"https:\\\/\\\/lequotidien.mr\\\/#\\\/schema\\\/person\\\/d2d350202a4d599685ed8abc25f97596\",\"name\":\"Med Ahmed\",\"image\":{\"@type\":\"ImageObject\",\"inLanguage\":\"ar\",\"@id\":\"https:\\\/\\\/secure.gravatar.com\\\/avatar\\\/fd2acc62ed50732923d1d39c17172c9b04149f142be92310ecc69e1358f94b52?s=96&d=mm&r=g\",\"url\":\"https:\\\/\\\/secure.gravatar.com\\\/avatar\\\/fd2acc62ed50732923d1d39c17172c9b04149f142be92310ecc69e1358f94b52?s=96&d=mm&r=g\",\"contentUrl\":\"https:\\\/\\\/secure.gravatar.com\\\/avatar\\\/fd2acc62ed50732923d1d39c17172c9b04149f142be92310ecc69e1358f94b52?s=96&d=mm&r=g\",\"caption\":\"Med Ahmed\"},\"url\":\"https:\\\/\\\/lequotidien.mr\\\/?author=12\"}]}<\/script>\n<!-- \/ Yoast SEO plugin. -->","yoast_head_json":{"title":"- Le Quotidien de Nouakchott","robots":{"index":"index","follow":"follow","max-snippet":"max-snippet:-1","max-image-preview":"max-image-preview:large","max-video-preview":"max-video-preview:-1"},"canonical":"https:\/\/lequotidien.mr\/?p=17543&lang=fr","og_locale":"ar_AR","og_type":"article","og_title":"- Le Quotidien de Nouakchott","og_description":"Son Excellence le Pr\u00e9sident de la R\u00e9publique Islamique de Mauritanie, \u00e9galement Pr\u00e9sident de l&#8217;Union Africaine, Monsieur Mohamed Cheikh El Ghazouani, a accueilli jeudi au Palais pr\u00e9sidentiel \u00e0 Nouakchott, son homologue s\u00e9n\u00e9galais, Son Excellence Monsieur Bassirou Dioumaye Faye. Cette rencontre de haut niveau a \u00e9t\u00e9 l&#8217;occasion pour les deux chefs d&#8217;\u00c9tat de discuter des moyens de.....","og_url":"https:\/\/lequotidien.mr\/?p=17543&lang=fr","og_site_name":"Le Quotidien de Nouakchott","article_publisher":"https:\/\/web.facebook.com\/lequotidienmr","article_published_time":"2024-04-19T10:13:57+00:00","og_image":[{"width":1145,"height":630,"url":"https:\/\/lequotidien.mr\/wp-content\/uploads\/2024\/04\/photo-18-04-2024.jpg","type":"image\/jpeg"}],"author":"Med Ahmed","twitter_card":"summary_large_image","twitter_creator":"@lequotidienmr","twitter_site":"@lequotidienmr","twitter_misc":{"\u0643\u064f\u062a\u0628 \u0628\u0648\u0627\u0633\u0637\u0629":"Med Ahmed","\u0648\u0642\u062a \u0627\u0644\u0642\u0631\u0627\u0621\u0629 \u0627\u0644\u0645\u064f\u0642\u062f\u0651\u0631":"3 \u062f\u0642\u0627\u0626\u0642"},"schema":{"@context":"https:\/\/schema.org","@graph":[{"@type":"Article","@id":"https:\/\/lequotidien.mr\/?p=17543&lang=fr#article","isPartOf":{"@id":"https:\/\/lequotidien.mr\/?p=17543&lang=fr"},"author":{"name":"Med Ahmed","@id":"https:\/\/lequotidien.mr\/#\/schema\/person\/d2d350202a4d599685ed8abc25f97596"},"headline":"\u0628\u0644\u0627 \u0639\u0646\u0648\u0627\u0646","datePublished":"2024-04-19T10:13:57+00:00","mainEntityOfPage":{"@id":"https:\/\/lequotidien.mr\/?p=17543&lang=fr"},"wordCount":515,"commentCount":0,"publisher":{"@id":"https:\/\/lequotidien.mr\/#organization"},"image":{"@id":"https:\/\/lequotidien.mr\/?p=17543&lang=fr#primaryimage"},"thumbnailUrl":"https:\/\/lequotidien.mr\/wp-content\/uploads\/2024\/04\/photo-18-04-2024.jpg","articleSection":["ACTUALIT\u00c9","Economie"],"inLanguage":"ar","potentialAction":[{"@type":"CommentAction","name":"Comment","target":["https:\/\/lequotidien.mr\/?p=17543&lang=fr#respond"]}]},{"@type":"WebPage","@id":"https:\/\/lequotidien.mr\/?p=17543&lang=fr","url":"https:\/\/lequotidien.mr\/?p=17543&lang=fr","name":"- Le Quotidien de Nouakchott","isPartOf":{"@id":"https:\/\/lequotidien.mr\/#website"},"primaryImageOfPage":{"@id":"https:\/\/lequotidien.mr\/?p=17543&lang=fr#primaryimage"},"image":{"@id":"https:\/\/lequotidien.mr\/?p=17543&lang=fr#primaryimage"},"thumbnailUrl":"https:\/\/lequotidien.mr\/wp-content\/uploads\/2024\/04\/photo-18-04-2024.jpg","datePublished":"2024-04-19T10:13:57+00:00","inLanguage":"ar","potentialAction":[{"@type":"ReadAction","target":["https:\/\/lequotidien.mr\/?p=17543&lang=fr"]}]},{"@type":"ImageObject","inLanguage":"ar","@id":"https:\/\/lequotidien.mr\/?p=17543&lang=fr#primaryimage","url":"https:\/\/lequotidien.mr\/wp-content\/uploads\/2024\/04\/photo-18-04-2024.jpg","contentUrl":"https:\/\/lequotidien.mr\/wp-content\/uploads\/2024\/04\/photo-18-04-2024.jpg","width":1145,"height":630},{"@type":"WebSite","@id":"https:\/\/lequotidien.mr\/#website","url":"https:\/\/lequotidien.mr\/","name":"Le Quotidien de Nouakchott","description":"\u0625\u062e\u0628\u0627\u0631\u064a\u0629 \u0645\u0633\u062a\u0642\u0644\u0629 \u0644\u0644\u0623\u0646\u0628\u0627\u0621 \u0627\u0644\u0639\u0627\u0645\u0629","publisher":{"@id":"https:\/\/lequotidien.mr\/#organization"},"potentialAction":[{"@type":"SearchAction","target":{"@type":"EntryPoint","urlTemplate":"https:\/\/lequotidien.mr\/?s={search_term_string}"},"query-input":{"@type":"PropertyValueSpecification","valueRequired":true,"valueName":"search_term_string"}}],"inLanguage":"ar"},{"@type":"Organization","@id":"https:\/\/lequotidien.mr\/#organization","name":"Le Quotidien de Nouakchott","url":"https:\/\/lequotidien.mr\/","logo":{"@type":"ImageObject","inLanguage":"ar","@id":"https:\/\/lequotidien.mr\/#\/schema\/logo\/image\/","url":"https:\/\/lequotidien.mr\/wp-content\/uploads\/2022\/11\/logolequotidien.jpg","contentUrl":"https:\/\/lequotidien.mr\/wp-content\/uploads\/2022\/11\/logolequotidien.jpg","width":290,"height":65,"caption":"Le Quotidien de Nouakchott"},"image":{"@id":"https:\/\/lequotidien.mr\/#\/schema\/logo\/image\/"},"sameAs":["https:\/\/web.facebook.com\/lequotidienmr","https:\/\/x.com\/lequotidienmr"]},{"@type":"Person","@id":"https:\/\/lequotidien.mr\/#\/schema\/person\/d2d350202a4d599685ed8abc25f97596","name":"Med Ahmed","image":{"@type":"ImageObject","inLanguage":"ar","@id":"https:\/\/secure.gravatar.com\/avatar\/fd2acc62ed50732923d1d39c17172c9b04149f142be92310ecc69e1358f94b52?s=96&d=mm&r=g","url":"https:\/\/secure.gravatar.com\/avatar\/fd2acc62ed50732923d1d39c17172c9b04149f142be92310ecc69e1358f94b52?s=96&d=mm&r=g","contentUrl":"https:\/\/secure.gravatar.com\/avatar\/fd2acc62ed50732923d1d39c17172c9b04149f142be92310ecc69e1358f94b52?s=96&d=mm&r=g","caption":"Med Ahmed"},"url":"https:\/\/lequotidien.mr\/?author=12"}]}},"_links":{"self":[{"href":"https:\/\/lequotidien.mr\/index.php?rest_route=\/wp\/v2\/posts\/17543","targetHints":{"allow":["GET"]}}],"collection":[{"href":"https:\/\/lequotidien.mr\/index.php?rest_route=\/wp\/v2\/posts"}],"about":[{"href":"https:\/\/lequotidien.mr\/index.php?rest_route=\/wp\/v2\/types\/post"}],"author":[{"embeddable":true,"href":"https:\/\/lequotidien.mr\/index.php?rest_route=\/wp\/v2\/users\/12"}],"replies":[{"embeddable":true,"href":"https:\/\/lequotidien.mr\/index.php?rest_route=%2Fwp%2Fv2%2Fcomments&post=17543"}],"version-history":[{"count":1,"href":"https:\/\/lequotidien.mr\/index.php?rest_route=\/wp\/v2\/posts\/17543\/revisions"}],"predecessor-version":[{"id":17545,"href":"https:\/\/lequotidien.mr\/index.php?rest_route=\/wp\/v2\/posts\/17543\/revisions\/17545"}],"wp:featuredmedia":[{"embeddable":true,"href":"https:\/\/lequotidien.mr\/index.php?rest_route=\/wp\/v2\/media\/17544"}],"wp:attachment":[{"href":"https:\/\/lequotidien.mr\/index.php?rest_route=%2Fwp%2Fv2%2Fmedia&parent=17543"}],"wp:term":[{"taxonomy":"category","embeddable":true,"href":"https:\/\/lequotidien.mr\/index.php?rest_route=%2Fwp%2Fv2%2Fcategories&post=17543"},{"taxonomy":"post_tag","embeddable":true,"href":"https:\/\/lequotidien.mr\/index.php?rest_route=%2Fwp%2Fv2%2Ftags&post=17543"}],"curies":[{"name":"wp","href":"https:\/\/api.w.org\/{rel}","templated":true}]}}