{"id":17535,"date":"2024-04-18T23:26:24","date_gmt":"2024-04-18T23:26:24","guid":{"rendered":"https:\/\/lequotidien.mr\/?p=17535"},"modified":"2024-04-18T23:26:24","modified_gmt":"2024-04-18T23:26:24","slug":"declaration-de-soutien-de-mohamed-ould-bouamatou-a-la-candidature-de-son-excellence-monsieur-le-president-de-la-republique-mohamed-ould-cheikh-el-ghazouani-pour-un-second-mandat-presidentiel","status":"publish","type":"post","link":"https:\/\/lequotidien.mr\/?p=17535&lang=fr","title":{"rendered":"D\u00e9claration de soutien de Mohamed Ould Bouamatou \u00e0 la candidature de Son Excellence Monsieur le Pr\u00e9sident de la R\u00e9publique Mohamed Ould Cheikh El Ghazouani pour un second mandat pr\u00e9sidentiel"},"content":{"rendered":"<blockquote><p>Cinq ann\u00e9es se seront bient\u00f4t \u00e9coul\u00e9es depuis l\u2019\u00e9lection de Son Excellence Monsieur le Pr\u00e9sident de la R\u00e9publique Mohamed Ould<br \/>\nCheikh El Ghazouani \u00e0 la magistrature supr\u00eame. Que de chemin parcouru depuis cette date sur la voie de la construction nationale.<\/p>\n<p>Les Mauritaniens se souviendront, avant tout, du climat d\u2019apaisement et d\u2019ouverture que le Pr\u00e9sident Mohamed Ould Cheikh El Ghazouani a su instaurer d\u00e8s son accession au pouvoir, mettant fin au syst\u00e8me<br \/>\nd\u2019injustice et de pers\u00e9cution politique contre les citoyens. La concertation et le dialogue, \u00e9rig\u00e9s en principe de gouvernement, ont<br \/>\npermis depuis lors d\u2019assainir le climat politique, d\u2019organiser, dans un esprit consensuel, les \u00e9lections municipales, r\u00e9gionales et l\u00e9gislatives de 2023 et d\u2019envisager aujourd\u2019hui l\u2019avenir avec confiance et espoir.<\/p>\n<p>Au plan \u00e9conomique, la Mauritanie a renou\u00e9 avec la croissance malgr\u00e9 l\u2019instabilit\u00e9 de l\u2019\u00e9conomie mondiale soumise \u00e0 des tensions g\u00e9opolitiques croissantes. Le Fonds Mon\u00e9taire International indique que le taux de croissance de l\u2019\u00e9conomie nationale passera de 3,4 % en 2023 \u00e0 4,3 % en 2024 sous l\u2019effet des politiques \u00e9conomiques mises en \u0153uvre et des grands projets de d\u00e9veloppement ex\u00e9cut\u00e9s durant le quinquennat qui s\u2019ach\u00e8ve.<\/p>\n<p>Dans le domaine social, des efforts sans pr\u00e9c\u00e9dent ont \u00e9t\u00e9 d\u00e9ploy\u00e9s pour combattre les in\u00e9galit\u00e9s et promouvoir la protection sociale des groupes les plus vuln\u00e9rables. Des centaines de milliers de familles n\u00e9cessiteuses ont profit\u00e9 des distributions mon\u00e9taires et des programmes sociaux destin\u00e9s \u00e0 lutter contre la pauvret\u00e9 et la pr\u00e9carit\u00e9 sociale dans le domaine de l\u2019\u00e9ducation, la sante\u0301, l\u2019eau potable, l\u2019assainissement de base et l\u2019habitat d\u00e9cent dans toutes les r\u00e9gions du pays conform\u00e9ment au<br \/>\nprogramme et aux engagements du Pr\u00e9sident Mohamed Ould Cheikh El Ghazouani. Sur le plan ext\u00e9rieur, le Pr\u00e9sident Mohamed Ould Cheikh El Ghazouani a redor\u00e9 le blason de notre pays gr\u00e2ce aux nombreux succ\u00e8s diplomatiques remport\u00e9s sur la sc\u00e8ne internationale, succ\u00e8s couronn\u00e9s par sa brillante \u00e9lection \u00e0 la t\u00eate de l\u2019Union Africaine. Pour pr\u00e9server et consolider ces acquis, j\u2019appelle tous les Mauritaniens soucieux de l\u2019avenir de notre pays \u00e0 apporter leur soutien \u00e0 la candidature de Son Excellence Monsieur le Pr\u00e9sident de la R\u00e9publique Mohamed Ould Cheikh El Ghazouani \u00e0 un second mandat pr\u00e9sidentiel, puisqu\u2019il est le seul \u00e0 m\u00eame de parachever les r\u00e9formes engag\u00e9es avec succ\u00e8s dans le domaine des infrastructures de base, de la justice sociale et de la gouvernance \u00e9conomique pour b\u00e2tir un Etat moderne, d\u00e9mocratique et prosp\u00e8re, occupant pleinement sa place dans le concert des nations.<\/p>\n<p style=\"text-align: center;\">\nLe 17 avril 2024<br \/>\nMohamed Ould BOUAMATOU<\/p>\n<\/blockquote>\n","protected":false},"excerpt":{"rendered":"<p>Cinq ann\u00e9es se seront bient\u00f4t \u00e9coul\u00e9es depuis l\u2019\u00e9lection de Son Excellence Monsieur le Pr\u00e9sident de la R\u00e9publique Mohamed Ould Cheikh El Ghazouani \u00e0 la magistrature supr\u00eame. Que de chemin parcouru depuis cette date sur la voie de la construction nationale. Les Mauritaniens se souviendront, avant tout, du climat d\u2019apaisement et d\u2019ouverture que le Pr\u00e9sident Mohamed&#8230;..<\/p>\n","protected":false},"author":3,"featured_media":17536,"comment_status":"open","ping_status":"open","sticky":false,"template":"","format":"standard","meta":{"footnotes":""},"categories":[23,59],"tags":[],"class_list":["post-17535","post","type-post","status-publish","format-standard","has-post-thumbnail","hentry","category-actualite","category-opinion"],"yoast_head":"<!-- This site is optimized with the Yoast SEO plugin v27.5 - https:\/\/yoast.com\/product\/yoast-seo-wordpress\/ -->\n<title>D\u00e9claration de soutien de Mohamed Ould Bouamatou \u00e0 la candidature de Son Excellence Monsieur le Pr\u00e9sident de la R\u00e9publique Mohamed Ould Cheikh El Ghazouani pour un second mandat pr\u00e9sidentiel - Le Quotidien de Nouakchott<\/title>\n<meta name=\"robots\" content=\"index, follow, max-snippet:-1, max-image-preview:large, max-video-preview:-1\" \/>\n<link rel=\"canonical\" href=\"https:\/\/lequotidien.mr\/?p=17535&lang=fr\" \/>\n<meta property=\"og:locale\" content=\"ar_AR\" \/>\n<meta property=\"og:type\" content=\"article\" \/>\n<meta property=\"og:title\" content=\"D\u00e9claration de soutien de Mohamed Ould Bouamatou \u00e0 la candidature de Son Excellence Monsieur le Pr\u00e9sident de la R\u00e9publique Mohamed Ould Cheikh El Ghazouani pour un second mandat pr\u00e9sidentiel - Le Quotidien de Nouakchott\" \/>\n<meta property=\"og:description\" content=\"Cinq ann\u00e9es se seront bient\u00f4t \u00e9coul\u00e9es depuis l\u2019\u00e9lection de Son Excellence Monsieur le Pr\u00e9sident de la R\u00e9publique Mohamed Ould Cheikh El Ghazouani \u00e0 la magistrature supr\u00eame. Que de chemin parcouru depuis cette date sur la voie de la construction nationale. Les Mauritaniens se souviendront, avant tout, du climat d\u2019apaisement et d\u2019ouverture que le Pr\u00e9sident Mohamed.....\" \/>\n<meta property=\"og:url\" content=\"https:\/\/lequotidien.mr\/?p=17535&amp;lang=fr\" \/>\n<meta property=\"og:site_name\" content=\"Le Quotidien de Nouakchott\" \/>\n<meta property=\"article:publisher\" content=\"https:\/\/web.facebook.com\/lequotidienmr\" \/>\n<meta property=\"article:author\" content=\"https:\/\/web.facebook.com\/a.mleiwih\" \/>\n<meta property=\"article:published_time\" content=\"2024-04-18T23:26:24+00:00\" \/>\n<meta property=\"og:image\" content=\"https:\/\/lequotidien.mr\/wp-content\/uploads\/2024\/04\/b-1.png\" \/>\n\t<meta property=\"og:image:width\" content=\"1920\" \/>\n\t<meta property=\"og:image:height\" content=\"1080\" \/>\n\t<meta property=\"og:image:type\" content=\"image\/png\" \/>\n<meta name=\"author\" content=\"Alioun M&#039;leiwih\" \/>\n<meta name=\"twitter:card\" content=\"summary_large_image\" \/>\n<meta name=\"twitter:creator\" content=\"@lequotidienmr\" \/>\n<meta name=\"twitter:site\" content=\"@lequotidienmr\" \/>\n<meta name=\"twitter:label1\" content=\"\u0643\u064f\u062a\u0628 \u0628\u0648\u0627\u0633\u0637\u0629\" \/>\n\t<meta name=\"twitter:data1\" content=\"Alioun M&#039;leiwih\" \/>\n\t<meta name=\"twitter:label2\" content=\"\u0648\u0642\u062a \u0627\u0644\u0642\u0631\u0627\u0621\u0629 \u0627\u0644\u0645\u064f\u0642\u062f\u0651\u0631\" \/>\n\t<meta name=\"twitter:data2\" content=\"\u062f\u0642\u064a\u0642\u062a\u0627\u0646\" \/>\n<script type=\"application\/ld+json\" class=\"yoast-schema-graph\">{\"@context\":\"https:\\\/\\\/schema.org\",\"@graph\":[{\"@type\":\"Article\",\"@id\":\"https:\\\/\\\/lequotidien.mr\\\/?p=17535&lang=fr#article\",\"isPartOf\":{\"@id\":\"https:\\\/\\\/lequotidien.mr\\\/?p=17535&lang=fr\"},\"author\":{\"name\":\"Alioun M'leiwih\",\"@id\":\"https:\\\/\\\/lequotidien.mr\\\/#\\\/schema\\\/person\\\/69d1518c74c9137087929a20b1272cb0\"},\"headline\":\"D\u00e9claration de soutien de Mohamed Ould Bouamatou \u00e0 la candidature de Son Excellence Monsieur le Pr\u00e9sident de la R\u00e9publique Mohamed Ould Cheikh El Ghazouani pour un second mandat pr\u00e9sidentiel\",\"datePublished\":\"2024-04-18T23:26:24+00:00\",\"mainEntityOfPage\":{\"@id\":\"https:\\\/\\\/lequotidien.mr\\\/?p=17535&lang=fr\"},\"wordCount\":493,\"commentCount\":0,\"publisher\":{\"@id\":\"https:\\\/\\\/lequotidien.mr\\\/#organization\"},\"image\":{\"@id\":\"https:\\\/\\\/lequotidien.mr\\\/?p=17535&lang=fr#primaryimage\"},\"thumbnailUrl\":\"https:\\\/\\\/lequotidien.mr\\\/wp-content\\\/uploads\\\/2024\\\/04\\\/b-1.png\",\"articleSection\":[\"ACTUALIT\u00c9\",\"Opinion\"],\"inLanguage\":\"ar\",\"potentialAction\":[{\"@type\":\"CommentAction\",\"name\":\"Comment\",\"target\":[\"https:\\\/\\\/lequotidien.mr\\\/?p=17535&lang=fr#respond\"]}]},{\"@type\":\"WebPage\",\"@id\":\"https:\\\/\\\/lequotidien.mr\\\/?p=17535&lang=fr\",\"url\":\"https:\\\/\\\/lequotidien.mr\\\/?p=17535&lang=fr\",\"name\":\"D\u00e9claration de soutien de Mohamed Ould Bouamatou \u00e0 la candidature de Son Excellence Monsieur le Pr\u00e9sident de la R\u00e9publique Mohamed Ould Cheikh El Ghazouani pour un second mandat pr\u00e9sidentiel - Le Quotidien de Nouakchott\",\"isPartOf\":{\"@id\":\"https:\\\/\\\/lequotidien.mr\\\/#website\"},\"primaryImageOfPage\":{\"@id\":\"https:\\\/\\\/lequotidien.mr\\\/?p=17535&lang=fr#primaryimage\"},\"image\":{\"@id\":\"https:\\\/\\\/lequotidien.mr\\\/?p=17535&lang=fr#primaryimage\"},\"thumbnailUrl\":\"https:\\\/\\\/lequotidien.mr\\\/wp-content\\\/uploads\\\/2024\\\/04\\\/b-1.png\",\"datePublished\":\"2024-04-18T23:26:24+00:00\",\"breadcrumb\":{\"@id\":\"https:\\\/\\\/lequotidien.mr\\\/?p=17535&lang=fr#breadcrumb\"},\"inLanguage\":\"ar\",\"potentialAction\":[{\"@type\":\"ReadAction\",\"target\":[\"https:\\\/\\\/lequotidien.mr\\\/?p=17535&lang=fr\"]}]},{\"@type\":\"ImageObject\",\"inLanguage\":\"ar\",\"@id\":\"https:\\\/\\\/lequotidien.mr\\\/?p=17535&lang=fr#primaryimage\",\"url\":\"https:\\\/\\\/lequotidien.mr\\\/wp-content\\\/uploads\\\/2024\\\/04\\\/b-1.png\",\"contentUrl\":\"https:\\\/\\\/lequotidien.mr\\\/wp-content\\\/uploads\\\/2024\\\/04\\\/b-1.png\",\"width\":1920,\"height\":1080},{\"@type\":\"BreadcrumbList\",\"@id\":\"https:\\\/\\\/lequotidien.mr\\\/?p=17535&lang=fr#breadcrumb\",\"itemListElement\":[{\"@type\":\"ListItem\",\"position\":1,\"name\":\"Home\",\"item\":\"https:\\\/\\\/lequotidien.mr\\\/\"},{\"@type\":\"ListItem\",\"position\":2,\"name\":\"D\u00e9claration de soutien de Mohamed Ould Bouamatou \u00e0 la candidature de Son Excellence Monsieur le Pr\u00e9sident de la R\u00e9publique Mohamed Ould Cheikh El Ghazouani pour un second mandat pr\u00e9sidentiel\"}]},{\"@type\":\"WebSite\",\"@id\":\"https:\\\/\\\/lequotidien.mr\\\/#website\",\"url\":\"https:\\\/\\\/lequotidien.mr\\\/\",\"name\":\"Le Quotidien de Nouakchott\",\"description\":\"\u0625\u062e\u0628\u0627\u0631\u064a\u0629 \u0645\u0633\u062a\u0642\u0644\u0629 \u0644\u0644\u0623\u0646\u0628\u0627\u0621 \u0627\u0644\u0639\u0627\u0645\u0629\",\"publisher\":{\"@id\":\"https:\\\/\\\/lequotidien.mr\\\/#organization\"},\"potentialAction\":[{\"@type\":\"SearchAction\",\"target\":{\"@type\":\"EntryPoint\",\"urlTemplate\":\"https:\\\/\\\/lequotidien.mr\\\/?s={search_term_string}\"},\"query-input\":{\"@type\":\"PropertyValueSpecification\",\"valueRequired\":true,\"valueName\":\"search_term_string\"}}],\"inLanguage\":\"ar\"},{\"@type\":\"Organization\",\"@id\":\"https:\\\/\\\/lequotidien.mr\\\/#organization\",\"name\":\"Le Quotidien de Nouakchott\",\"url\":\"https:\\\/\\\/lequotidien.mr\\\/\",\"logo\":{\"@type\":\"ImageObject\",\"inLanguage\":\"ar\",\"@id\":\"https:\\\/\\\/lequotidien.mr\\\/#\\\/schema\\\/logo\\\/image\\\/\",\"url\":\"https:\\\/\\\/lequotidien.mr\\\/wp-content\\\/uploads\\\/2022\\\/11\\\/logolequotidien.jpg\",\"contentUrl\":\"https:\\\/\\\/lequotidien.mr\\\/wp-content\\\/uploads\\\/2022\\\/11\\\/logolequotidien.jpg\",\"width\":290,\"height\":65,\"caption\":\"Le Quotidien de Nouakchott\"},\"image\":{\"@id\":\"https:\\\/\\\/lequotidien.mr\\\/#\\\/schema\\\/logo\\\/image\\\/\"},\"sameAs\":[\"https:\\\/\\\/web.facebook.com\\\/lequotidienmr\",\"https:\\\/\\\/x.com\\\/lequotidienmr\"]},{\"@type\":\"Person\",\"@id\":\"https:\\\/\\\/lequotidien.mr\\\/#\\\/schema\\\/person\\\/69d1518c74c9137087929a20b1272cb0\",\"name\":\"Alioun M'leiwih\",\"image\":{\"@type\":\"ImageObject\",\"inLanguage\":\"ar\",\"@id\":\"https:\\\/\\\/secure.gravatar.com\\\/avatar\\\/01f9d357222d7d4ca8f71662f4b081718f06d25b11fc45662ecca0622d507e51?s=96&d=mm&r=g\",\"url\":\"https:\\\/\\\/secure.gravatar.com\\\/avatar\\\/01f9d357222d7d4ca8f71662f4b081718f06d25b11fc45662ecca0622d507e51?s=96&d=mm&r=g\",\"contentUrl\":\"https:\\\/\\\/secure.gravatar.com\\\/avatar\\\/01f9d357222d7d4ca8f71662f4b081718f06d25b11fc45662ecca0622d507e51?s=96&d=mm&r=g\",\"caption\":\"Alioun M'leiwih\"},\"sameAs\":[\"https:\\\/\\\/lequotidien.mr\\\/\",\"https:\\\/\\\/web.facebook.com\\\/a.mleiwih\",\"https:\\\/\\\/www.linkedin.com\\\/in\\\/alimlewih\\\/\"],\"url\":\"https:\\\/\\\/lequotidien.mr\\\/?author=3\"}]}<\/script>\n<!-- \/ Yoast SEO plugin. -->","yoast_head_json":{"title":"D\u00e9claration de soutien de Mohamed Ould Bouamatou \u00e0 la candidature de Son Excellence Monsieur le Pr\u00e9sident de la R\u00e9publique Mohamed Ould Cheikh El Ghazouani pour un second mandat pr\u00e9sidentiel - Le Quotidien de Nouakchott","robots":{"index":"index","follow":"follow","max-snippet":"max-snippet:-1","max-image-preview":"max-image-preview:large","max-video-preview":"max-video-preview:-1"},"canonical":"https:\/\/lequotidien.mr\/?p=17535&lang=fr","og_locale":"ar_AR","og_type":"article","og_title":"D\u00e9claration de soutien de Mohamed Ould Bouamatou \u00e0 la candidature de Son Excellence Monsieur le Pr\u00e9sident de la R\u00e9publique Mohamed Ould Cheikh El Ghazouani pour un second mandat pr\u00e9sidentiel - Le Quotidien de Nouakchott","og_description":"Cinq ann\u00e9es se seront bient\u00f4t \u00e9coul\u00e9es depuis l\u2019\u00e9lection de Son Excellence Monsieur le Pr\u00e9sident de la R\u00e9publique Mohamed Ould Cheikh El Ghazouani \u00e0 la magistrature supr\u00eame. Que de chemin parcouru depuis cette date sur la voie de la construction nationale. Les Mauritaniens se souviendront, avant tout, du climat d\u2019apaisement et d\u2019ouverture que le Pr\u00e9sident Mohamed.....","og_url":"https:\/\/lequotidien.mr\/?p=17535&lang=fr","og_site_name":"Le Quotidien de Nouakchott","article_publisher":"https:\/\/web.facebook.com\/lequotidienmr","article_author":"https:\/\/web.facebook.com\/a.mleiwih","article_published_time":"2024-04-18T23:26:24+00:00","og_image":[{"width":1920,"height":1080,"url":"https:\/\/lequotidien.mr\/wp-content\/uploads\/2024\/04\/b-1.png","type":"image\/png"}],"author":"Alioun M'leiwih","twitter_card":"summary_large_image","twitter_creator":"@lequotidienmr","twitter_site":"@lequotidienmr","twitter_misc":{"\u0643\u064f\u062a\u0628 \u0628\u0648\u0627\u0633\u0637\u0629":"Alioun M'leiwih","\u0648\u0642\u062a \u0627\u0644\u0642\u0631\u0627\u0621\u0629 \u0627\u0644\u0645\u064f\u0642\u062f\u0651\u0631":"\u062f\u0642\u064a\u0642\u062a\u0627\u0646"},"schema":{"@context":"https:\/\/schema.org","@graph":[{"@type":"Article","@id":"https:\/\/lequotidien.mr\/?p=17535&lang=fr#article","isPartOf":{"@id":"https:\/\/lequotidien.mr\/?p=17535&lang=fr"},"author":{"name":"Alioun M'leiwih","@id":"https:\/\/lequotidien.mr\/#\/schema\/person\/69d1518c74c9137087929a20b1272cb0"},"headline":"D\u00e9claration de soutien de Mohamed Ould Bouamatou \u00e0 la candidature de Son Excellence Monsieur le Pr\u00e9sident de la R\u00e9publique Mohamed Ould Cheikh El Ghazouani pour un second mandat pr\u00e9sidentiel","datePublished":"2024-04-18T23:26:24+00:00","mainEntityOfPage":{"@id":"https:\/\/lequotidien.mr\/?p=17535&lang=fr"},"wordCount":493,"commentCount":0,"publisher":{"@id":"https:\/\/lequotidien.mr\/#organization"},"image":{"@id":"https:\/\/lequotidien.mr\/?p=17535&lang=fr#primaryimage"},"thumbnailUrl":"https:\/\/lequotidien.mr\/wp-content\/uploads\/2024\/04\/b-1.png","articleSection":["ACTUALIT\u00c9","Opinion"],"inLanguage":"ar","potentialAction":[{"@type":"CommentAction","name":"Comment","target":["https:\/\/lequotidien.mr\/?p=17535&lang=fr#respond"]}]},{"@type":"WebPage","@id":"https:\/\/lequotidien.mr\/?p=17535&lang=fr","url":"https:\/\/lequotidien.mr\/?p=17535&lang=fr","name":"D\u00e9claration de soutien de Mohamed Ould Bouamatou \u00e0 la candidature de Son Excellence Monsieur le Pr\u00e9sident de la R\u00e9publique Mohamed Ould Cheikh El Ghazouani pour un second mandat pr\u00e9sidentiel - Le Quotidien de Nouakchott","isPartOf":{"@id":"https:\/\/lequotidien.mr\/#website"},"primaryImageOfPage":{"@id":"https:\/\/lequotidien.mr\/?p=17535&lang=fr#primaryimage"},"image":{"@id":"https:\/\/lequotidien.mr\/?p=17535&lang=fr#primaryimage"},"thumbnailUrl":"https:\/\/lequotidien.mr\/wp-content\/uploads\/2024\/04\/b-1.png","datePublished":"2024-04-18T23:26:24+00:00","breadcrumb":{"@id":"https:\/\/lequotidien.mr\/?p=17535&lang=fr#breadcrumb"},"inLanguage":"ar","potentialAction":[{"@type":"ReadAction","target":["https:\/\/lequotidien.mr\/?p=17535&lang=fr"]}]},{"@type":"ImageObject","inLanguage":"ar","@id":"https:\/\/lequotidien.mr\/?p=17535&lang=fr#primaryimage","url":"https:\/\/lequotidien.mr\/wp-content\/uploads\/2024\/04\/b-1.png","contentUrl":"https:\/\/lequotidien.mr\/wp-content\/uploads\/2024\/04\/b-1.png","width":1920,"height":1080},{"@type":"BreadcrumbList","@id":"https:\/\/lequotidien.mr\/?p=17535&lang=fr#breadcrumb","itemListElement":[{"@type":"ListItem","position":1,"name":"Home","item":"https:\/\/lequotidien.mr\/"},{"@type":"ListItem","position":2,"name":"D\u00e9claration de soutien de Mohamed Ould Bouamatou \u00e0 la candidature de Son Excellence Monsieur le Pr\u00e9sident de la R\u00e9publique Mohamed Ould Cheikh El Ghazouani pour un second mandat pr\u00e9sidentiel"}]},{"@type":"WebSite","@id":"https:\/\/lequotidien.mr\/#website","url":"https:\/\/lequotidien.mr\/","name":"Le Quotidien de Nouakchott","description":"\u0625\u062e\u0628\u0627\u0631\u064a\u0629 \u0645\u0633\u062a\u0642\u0644\u0629 \u0644\u0644\u0623\u0646\u0628\u0627\u0621 \u0627\u0644\u0639\u0627\u0645\u0629","publisher":{"@id":"https:\/\/lequotidien.mr\/#organization"},"potentialAction":[{"@type":"SearchAction","target":{"@type":"EntryPoint","urlTemplate":"https:\/\/lequotidien.mr\/?s={search_term_string}"},"query-input":{"@type":"PropertyValueSpecification","valueRequired":true,"valueName":"search_term_string"}}],"inLanguage":"ar"},{"@type":"Organization","@id":"https:\/\/lequotidien.mr\/#organization","name":"Le Quotidien de Nouakchott","url":"https:\/\/lequotidien.mr\/","logo":{"@type":"ImageObject","inLanguage":"ar","@id":"https:\/\/lequotidien.mr\/#\/schema\/logo\/image\/","url":"https:\/\/lequotidien.mr\/wp-content\/uploads\/2022\/11\/logolequotidien.jpg","contentUrl":"https:\/\/lequotidien.mr\/wp-content\/uploads\/2022\/11\/logolequotidien.jpg","width":290,"height":65,"caption":"Le Quotidien de Nouakchott"},"image":{"@id":"https:\/\/lequotidien.mr\/#\/schema\/logo\/image\/"},"sameAs":["https:\/\/web.facebook.com\/lequotidienmr","https:\/\/x.com\/lequotidienmr"]},{"@type":"Person","@id":"https:\/\/lequotidien.mr\/#\/schema\/person\/69d1518c74c9137087929a20b1272cb0","name":"Alioun M'leiwih","image":{"@type":"ImageObject","inLanguage":"ar","@id":"https:\/\/secure.gravatar.com\/avatar\/01f9d357222d7d4ca8f71662f4b081718f06d25b11fc45662ecca0622d507e51?s=96&d=mm&r=g","url":"https:\/\/secure.gravatar.com\/avatar\/01f9d357222d7d4ca8f71662f4b081718f06d25b11fc45662ecca0622d507e51?s=96&d=mm&r=g","contentUrl":"https:\/\/secure.gravatar.com\/avatar\/01f9d357222d7d4ca8f71662f4b081718f06d25b11fc45662ecca0622d507e51?s=96&d=mm&r=g","caption":"Alioun M'leiwih"},"sameAs":["https:\/\/lequotidien.mr\/","https:\/\/web.facebook.com\/a.mleiwih","https:\/\/www.linkedin.com\/in\/alimlewih\/"],"url":"https:\/\/lequotidien.mr\/?author=3"}]}},"_links":{"self":[{"href":"https:\/\/lequotidien.mr\/index.php?rest_route=\/wp\/v2\/posts\/17535","targetHints":{"allow":["GET"]}}],"collection":[{"href":"https:\/\/lequotidien.mr\/index.php?rest_route=\/wp\/v2\/posts"}],"about":[{"href":"https:\/\/lequotidien.mr\/index.php?rest_route=\/wp\/v2\/types\/post"}],"author":[{"embeddable":true,"href":"https:\/\/lequotidien.mr\/index.php?rest_route=\/wp\/v2\/users\/3"}],"replies":[{"embeddable":true,"href":"https:\/\/lequotidien.mr\/index.php?rest_route=%2Fwp%2Fv2%2Fcomments&post=17535"}],"version-history":[{"count":1,"href":"https:\/\/lequotidien.mr\/index.php?rest_route=\/wp\/v2\/posts\/17535\/revisions"}],"predecessor-version":[{"id":17537,"href":"https:\/\/lequotidien.mr\/index.php?rest_route=\/wp\/v2\/posts\/17535\/revisions\/17537"}],"wp:featuredmedia":[{"embeddable":true,"href":"https:\/\/lequotidien.mr\/index.php?rest_route=\/wp\/v2\/media\/17536"}],"wp:attachment":[{"href":"https:\/\/lequotidien.mr\/index.php?rest_route=%2Fwp%2Fv2%2Fmedia&parent=17535"}],"wp:term":[{"taxonomy":"category","embeddable":true,"href":"https:\/\/lequotidien.mr\/index.php?rest_route=%2Fwp%2Fv2%2Fcategories&post=17535"},{"taxonomy":"post_tag","embeddable":true,"href":"https:\/\/lequotidien.mr\/index.php?rest_route=%2Fwp%2Fv2%2Ftags&post=17535"}],"curies":[{"name":"wp","href":"https:\/\/api.w.org\/{rel}","templated":true}]}}