{"id":17451,"date":"2024-04-16T10:24:36","date_gmt":"2024-04-16T10:24:36","guid":{"rendered":"https:\/\/lequotidien.mr\/?p=17451"},"modified":"2024-04-16T11:30:47","modified_gmt":"2024-04-16T11:30:47","slug":"ua-washington-lafrique-se-repare-pour-le-prochain-g20-au-bresil","status":"publish","type":"post","link":"https:\/\/lequotidien.mr\/?p=17451&lang=fr","title":{"rendered":"UA\/Washington : l\u2019Afrique se pr\u00e9pare pour le prochain G20 au Br\u00e9sil"},"content":{"rendered":"<p>Hier, au si\u00e8ge de la Repr\u00e9sentation de l&#8217;Union africaine \u00e0 Washington, une r\u00e9union d&#8217;une importance capitale s&#8217;est d\u00e9roul\u00e9e sous la pr\u00e9sidence conjointe du ministre mauritanien de l&#8217;\u00c9conomie et du D\u00e9veloppement durable, Abdeslam Mohamed Saleh, et du commissaire de l&#8217;Union africaine charg\u00e9 de l&#8217;\u00c9conomie, de l&#8217;Industrie et du Commerce, Albert Muchinga. Cette rencontre a rassembl\u00e9 les ministres de l&#8217;\u00e9conomie et des finances ainsi que les gouverneurs des banques centrales des pays membres de l&#8217;Union africaine.<\/p>\n<p>L&#8217;ordre du jour de cette r\u00e9union \u00e9tait ambitieux et strat\u00e9gique : coordonner les positions des pays africains sur les enjeux cruciaux qui seront abord\u00e9s lors du prochain sommet du G20, juillet 2024 au Br\u00e9sil. Parmi ces enjeux figuraient des questions essentielles pour le continent africain telles que l&#8217;approche de la dette durable, la r\u00e9forme du syst\u00e8me de gouvernance des institutions financi\u00e8res multilat\u00e9rales et le financement des infrastructures pour soutenir le d\u00e9veloppement et promouvoir une transition \u00e9nerg\u00e9tique juste.<\/p>\n<p>\u00c0 l&#8217;issue de d\u00e9lib\u00e9rations intenses, les participants ont convenu de mettre en place un m\u00e9canisme de travail robuste. Ce m\u00e9canisme vise \u00e0 garantir que les int\u00e9r\u00eats de l&#8217;Afrique soient pleinement pris en compte lors du prochain sommet du G20, qui se tiendra au Br\u00e9sil en novembre prochain. Dans cette optique, les pays africains s&#8217;engagent \u00e0 participer activement aux r\u00e9unions minist\u00e9rielles et techniques sp\u00e9cialis\u00e9es qui seront organis\u00e9es dans les mois \u00e0 venir, en amont du sommet, afin de pr\u00e9parer le terrain et de coordonner leurs positions de mani\u00e8re efficace.<\/p>\n<p>Apr\u00e8s cette r\u00e9union pl\u00e9ni\u00e8re, la d\u00e9l\u00e9gation mauritanienne a tenu une r\u00e9union priv\u00e9e avec le commissaire de l&#8217;Union africaine charg\u00e9 de l&#8217;\u00c9conomie, de l&#8217;Industrie et du Commerce. Au cours de cette rencontre strat\u00e9gique, un m\u00e9canisme de coordination sp\u00e9cifique a \u00e9t\u00e9 \u00e9labor\u00e9 pour assurer une repr\u00e9sentation unie de l&#8217;Afrique lors du sommet du G20. Ce m\u00e9canisme de coordination entre la Mauritanie, qui pr\u00e9side actuellement l&#8217;Union africaine, et la Commission comp\u00e9tente de l&#8217;Union africaine, rev\u00eat une importance particuli\u00e8re dans la pr\u00e9paration de l&#8217;\u00e9v\u00e9nement majeur au Br\u00e9sil.<\/p>\n<p>Cette r\u00e9union \u00e0 Washington t\u00e9moigne de la d\u00e9termination de l&#8217;Afrique \u00e0 jouer un r\u00f4le actif et influent dans les discussions internationales sur les questions \u00e9conomiques et financi\u00e8res. En unissant leurs forces et en coordonnant leurs actions, les pays africains se positionnent pour d\u00e9fendre leurs int\u00e9r\u00eats communs et contribuer de mani\u00e8re significative \u00e0 la prosp\u00e9rit\u00e9 et au d\u00e9veloppement durables du continent.<\/p>\n<p>&nbsp;<\/p>\n<p>&nbsp;<\/p>\n","protected":false},"excerpt":{"rendered":"<p>Hier, au si\u00e8ge de la Repr\u00e9sentation de l&#8217;Union africaine \u00e0 Washington, une r\u00e9union d&#8217;une importance capitale s&#8217;est d\u00e9roul\u00e9e sous la pr\u00e9sidence conjointe du ministre mauritanien de l&#8217;\u00c9conomie et du D\u00e9veloppement durable, Abdeslam Mohamed Saleh, et du commissaire de l&#8217;Union africaine charg\u00e9 de l&#8217;\u00c9conomie, de l&#8217;Industrie et du Commerce, Albert Muchinga. Cette rencontre a rassembl\u00e9 les&#8230;..<\/p>\n","protected":false},"author":12,"featured_media":17452,"comment_status":"open","ping_status":"open","sticky":false,"template":"","format":"standard","meta":{"footnotes":""},"categories":[23,49],"tags":[],"class_list":["post-17451","post","type-post","status-publish","format-standard","has-post-thumbnail","hentry","category-actualite","category-economie"],"yoast_head":"<!-- This site is optimized with the Yoast SEO plugin v27.5 - https:\/\/yoast.com\/product\/yoast-seo-wordpress\/ -->\n<title>UA\/Washington : l\u2019Afrique se pr\u00e9pare pour le prochain G20 au Br\u00e9sil - Le Quotidien de Nouakchott<\/title>\n<meta name=\"robots\" content=\"index, follow, max-snippet:-1, max-image-preview:large, max-video-preview:-1\" \/>\n<link rel=\"canonical\" href=\"https:\/\/lequotidien.mr\/?p=17451&lang=fr\" \/>\n<meta property=\"og:locale\" content=\"ar_AR\" \/>\n<meta property=\"og:type\" content=\"article\" \/>\n<meta property=\"og:title\" content=\"UA\/Washington : l\u2019Afrique se pr\u00e9pare pour le prochain G20 au Br\u00e9sil - Le Quotidien de Nouakchott\" \/>\n<meta property=\"og:description\" content=\"Hier, au si\u00e8ge de la Repr\u00e9sentation de l&#8217;Union africaine \u00e0 Washington, une r\u00e9union d&#8217;une importance capitale s&#8217;est d\u00e9roul\u00e9e sous la pr\u00e9sidence conjointe du ministre mauritanien de l&#8217;\u00c9conomie et du D\u00e9veloppement durable, Abdeslam Mohamed Saleh, et du commissaire de l&#8217;Union africaine charg\u00e9 de l&#8217;\u00c9conomie, de l&#8217;Industrie et du Commerce, Albert Muchinga. Cette rencontre a rassembl\u00e9 les.....\" \/>\n<meta property=\"og:url\" content=\"https:\/\/lequotidien.mr\/?p=17451&amp;lang=fr\" \/>\n<meta property=\"og:site_name\" content=\"Le Quotidien de Nouakchott\" \/>\n<meta property=\"article:publisher\" content=\"https:\/\/web.facebook.com\/lequotidienmr\" \/>\n<meta property=\"article:published_time\" content=\"2024-04-16T10:24:36+00:00\" \/>\n<meta property=\"article:modified_time\" content=\"2024-04-16T11:30:47+00:00\" \/>\n<meta property=\"og:image\" content=\"https:\/\/lequotidien.mr\/wp-content\/uploads\/2024\/04\/photo-reunion-UA-Waschington.jpg\" \/>\n\t<meta property=\"og:image:width\" content=\"768\" \/>\n\t<meta property=\"og:image:height\" content=\"515\" \/>\n\t<meta property=\"og:image:type\" content=\"image\/jpeg\" \/>\n<meta name=\"author\" content=\"Med Ahmed\" \/>\n<meta name=\"twitter:card\" content=\"summary_large_image\" \/>\n<meta name=\"twitter:creator\" content=\"@lequotidienmr\" \/>\n<meta name=\"twitter:site\" content=\"@lequotidienmr\" \/>\n<meta name=\"twitter:label1\" content=\"\u0643\u064f\u062a\u0628 \u0628\u0648\u0627\u0633\u0637\u0629\" \/>\n\t<meta name=\"twitter:data1\" content=\"Med Ahmed\" \/>\n\t<meta name=\"twitter:label2\" content=\"\u0648\u0642\u062a \u0627\u0644\u0642\u0631\u0627\u0621\u0629 \u0627\u0644\u0645\u064f\u0642\u062f\u0651\u0631\" \/>\n\t<meta name=\"twitter:data2\" content=\"\u062f\u0642\u064a\u0642\u062a\u0627\u0646\" \/>\n<script type=\"application\/ld+json\" class=\"yoast-schema-graph\">{\"@context\":\"https:\\\/\\\/schema.org\",\"@graph\":[{\"@type\":\"Article\",\"@id\":\"https:\\\/\\\/lequotidien.mr\\\/?p=17451&lang=fr#article\",\"isPartOf\":{\"@id\":\"https:\\\/\\\/lequotidien.mr\\\/?p=17451&lang=fr\"},\"author\":{\"name\":\"Med Ahmed\",\"@id\":\"https:\\\/\\\/lequotidien.mr\\\/#\\\/schema\\\/person\\\/d2d350202a4d599685ed8abc25f97596\"},\"headline\":\"UA\\\/Washington : l\u2019Afrique se pr\u00e9pare pour le prochain G20 au Br\u00e9sil\",\"datePublished\":\"2024-04-16T10:24:36+00:00\",\"dateModified\":\"2024-04-16T11:30:47+00:00\",\"mainEntityOfPage\":{\"@id\":\"https:\\\/\\\/lequotidien.mr\\\/?p=17451&lang=fr\"},\"wordCount\":472,\"commentCount\":0,\"publisher\":{\"@id\":\"https:\\\/\\\/lequotidien.mr\\\/#organization\"},\"image\":{\"@id\":\"https:\\\/\\\/lequotidien.mr\\\/?p=17451&lang=fr#primaryimage\"},\"thumbnailUrl\":\"https:\\\/\\\/lequotidien.mr\\\/wp-content\\\/uploads\\\/2024\\\/04\\\/photo-reunion-UA-Waschington.jpg\",\"articleSection\":[\"ACTUALIT\u00c9\",\"Economie\"],\"inLanguage\":\"ar\",\"potentialAction\":[{\"@type\":\"CommentAction\",\"name\":\"Comment\",\"target\":[\"https:\\\/\\\/lequotidien.mr\\\/?p=17451&lang=fr#respond\"]}]},{\"@type\":\"WebPage\",\"@id\":\"https:\\\/\\\/lequotidien.mr\\\/?p=17451&lang=fr\",\"url\":\"https:\\\/\\\/lequotidien.mr\\\/?p=17451&lang=fr\",\"name\":\"UA\\\/Washington : l\u2019Afrique se pr\u00e9pare pour le prochain G20 au Br\u00e9sil - Le Quotidien de Nouakchott\",\"isPartOf\":{\"@id\":\"https:\\\/\\\/lequotidien.mr\\\/#website\"},\"primaryImageOfPage\":{\"@id\":\"https:\\\/\\\/lequotidien.mr\\\/?p=17451&lang=fr#primaryimage\"},\"image\":{\"@id\":\"https:\\\/\\\/lequotidien.mr\\\/?p=17451&lang=fr#primaryimage\"},\"thumbnailUrl\":\"https:\\\/\\\/lequotidien.mr\\\/wp-content\\\/uploads\\\/2024\\\/04\\\/photo-reunion-UA-Waschington.jpg\",\"datePublished\":\"2024-04-16T10:24:36+00:00\",\"dateModified\":\"2024-04-16T11:30:47+00:00\",\"breadcrumb\":{\"@id\":\"https:\\\/\\\/lequotidien.mr\\\/?p=17451&lang=fr#breadcrumb\"},\"inLanguage\":\"ar\",\"potentialAction\":[{\"@type\":\"ReadAction\",\"target\":[\"https:\\\/\\\/lequotidien.mr\\\/?p=17451&lang=fr\"]}]},{\"@type\":\"ImageObject\",\"inLanguage\":\"ar\",\"@id\":\"https:\\\/\\\/lequotidien.mr\\\/?p=17451&lang=fr#primaryimage\",\"url\":\"https:\\\/\\\/lequotidien.mr\\\/wp-content\\\/uploads\\\/2024\\\/04\\\/photo-reunion-UA-Waschington.jpg\",\"contentUrl\":\"https:\\\/\\\/lequotidien.mr\\\/wp-content\\\/uploads\\\/2024\\\/04\\\/photo-reunion-UA-Waschington.jpg\",\"width\":768,\"height\":515},{\"@type\":\"BreadcrumbList\",\"@id\":\"https:\\\/\\\/lequotidien.mr\\\/?p=17451&lang=fr#breadcrumb\",\"itemListElement\":[{\"@type\":\"ListItem\",\"position\":1,\"name\":\"Home\",\"item\":\"https:\\\/\\\/lequotidien.mr\\\/\"},{\"@type\":\"ListItem\",\"position\":2,\"name\":\"UA\\\/Washington : l\u2019Afrique se pr\u00e9pare pour le prochain G20 au Br\u00e9sil\"}]},{\"@type\":\"WebSite\",\"@id\":\"https:\\\/\\\/lequotidien.mr\\\/#website\",\"url\":\"https:\\\/\\\/lequotidien.mr\\\/\",\"name\":\"Le Quotidien de Nouakchott\",\"description\":\"\u0625\u062e\u0628\u0627\u0631\u064a\u0629 \u0645\u0633\u062a\u0642\u0644\u0629 \u0644\u0644\u0623\u0646\u0628\u0627\u0621 \u0627\u0644\u0639\u0627\u0645\u0629\",\"publisher\":{\"@id\":\"https:\\\/\\\/lequotidien.mr\\\/#organization\"},\"potentialAction\":[{\"@type\":\"SearchAction\",\"target\":{\"@type\":\"EntryPoint\",\"urlTemplate\":\"https:\\\/\\\/lequotidien.mr\\\/?s={search_term_string}\"},\"query-input\":{\"@type\":\"PropertyValueSpecification\",\"valueRequired\":true,\"valueName\":\"search_term_string\"}}],\"inLanguage\":\"ar\"},{\"@type\":\"Organization\",\"@id\":\"https:\\\/\\\/lequotidien.mr\\\/#organization\",\"name\":\"Le Quotidien de Nouakchott\",\"url\":\"https:\\\/\\\/lequotidien.mr\\\/\",\"logo\":{\"@type\":\"ImageObject\",\"inLanguage\":\"ar\",\"@id\":\"https:\\\/\\\/lequotidien.mr\\\/#\\\/schema\\\/logo\\\/image\\\/\",\"url\":\"https:\\\/\\\/lequotidien.mr\\\/wp-content\\\/uploads\\\/2022\\\/11\\\/logolequotidien.jpg\",\"contentUrl\":\"https:\\\/\\\/lequotidien.mr\\\/wp-content\\\/uploads\\\/2022\\\/11\\\/logolequotidien.jpg\",\"width\":290,\"height\":65,\"caption\":\"Le Quotidien de Nouakchott\"},\"image\":{\"@id\":\"https:\\\/\\\/lequotidien.mr\\\/#\\\/schema\\\/logo\\\/image\\\/\"},\"sameAs\":[\"https:\\\/\\\/web.facebook.com\\\/lequotidienmr\",\"https:\\\/\\\/x.com\\\/lequotidienmr\"]},{\"@type\":\"Person\",\"@id\":\"https:\\\/\\\/lequotidien.mr\\\/#\\\/schema\\\/person\\\/d2d350202a4d599685ed8abc25f97596\",\"name\":\"Med Ahmed\",\"image\":{\"@type\":\"ImageObject\",\"inLanguage\":\"ar\",\"@id\":\"https:\\\/\\\/secure.gravatar.com\\\/avatar\\\/fd2acc62ed50732923d1d39c17172c9b04149f142be92310ecc69e1358f94b52?s=96&d=mm&r=g\",\"url\":\"https:\\\/\\\/secure.gravatar.com\\\/avatar\\\/fd2acc62ed50732923d1d39c17172c9b04149f142be92310ecc69e1358f94b52?s=96&d=mm&r=g\",\"contentUrl\":\"https:\\\/\\\/secure.gravatar.com\\\/avatar\\\/fd2acc62ed50732923d1d39c17172c9b04149f142be92310ecc69e1358f94b52?s=96&d=mm&r=g\",\"caption\":\"Med Ahmed\"},\"url\":\"https:\\\/\\\/lequotidien.mr\\\/?author=12\"}]}<\/script>\n<!-- \/ Yoast SEO plugin. -->","yoast_head_json":{"title":"UA\/Washington : l\u2019Afrique se pr\u00e9pare pour le prochain G20 au Br\u00e9sil - Le Quotidien de Nouakchott","robots":{"index":"index","follow":"follow","max-snippet":"max-snippet:-1","max-image-preview":"max-image-preview:large","max-video-preview":"max-video-preview:-1"},"canonical":"https:\/\/lequotidien.mr\/?p=17451&lang=fr","og_locale":"ar_AR","og_type":"article","og_title":"UA\/Washington : l\u2019Afrique se pr\u00e9pare pour le prochain G20 au Br\u00e9sil - Le Quotidien de Nouakchott","og_description":"Hier, au si\u00e8ge de la Repr\u00e9sentation de l&#8217;Union africaine \u00e0 Washington, une r\u00e9union d&#8217;une importance capitale s&#8217;est d\u00e9roul\u00e9e sous la pr\u00e9sidence conjointe du ministre mauritanien de l&#8217;\u00c9conomie et du D\u00e9veloppement durable, Abdeslam Mohamed Saleh, et du commissaire de l&#8217;Union africaine charg\u00e9 de l&#8217;\u00c9conomie, de l&#8217;Industrie et du Commerce, Albert Muchinga. Cette rencontre a rassembl\u00e9 les.....","og_url":"https:\/\/lequotidien.mr\/?p=17451&lang=fr","og_site_name":"Le Quotidien de Nouakchott","article_publisher":"https:\/\/web.facebook.com\/lequotidienmr","article_published_time":"2024-04-16T10:24:36+00:00","article_modified_time":"2024-04-16T11:30:47+00:00","og_image":[{"width":768,"height":515,"url":"https:\/\/lequotidien.mr\/wp-content\/uploads\/2024\/04\/photo-reunion-UA-Waschington.jpg","type":"image\/jpeg"}],"author":"Med Ahmed","twitter_card":"summary_large_image","twitter_creator":"@lequotidienmr","twitter_site":"@lequotidienmr","twitter_misc":{"\u0643\u064f\u062a\u0628 \u0628\u0648\u0627\u0633\u0637\u0629":"Med Ahmed","\u0648\u0642\u062a \u0627\u0644\u0642\u0631\u0627\u0621\u0629 \u0627\u0644\u0645\u064f\u0642\u062f\u0651\u0631":"\u062f\u0642\u064a\u0642\u062a\u0627\u0646"},"schema":{"@context":"https:\/\/schema.org","@graph":[{"@type":"Article","@id":"https:\/\/lequotidien.mr\/?p=17451&lang=fr#article","isPartOf":{"@id":"https:\/\/lequotidien.mr\/?p=17451&lang=fr"},"author":{"name":"Med Ahmed","@id":"https:\/\/lequotidien.mr\/#\/schema\/person\/d2d350202a4d599685ed8abc25f97596"},"headline":"UA\/Washington : l\u2019Afrique se pr\u00e9pare pour le prochain G20 au Br\u00e9sil","datePublished":"2024-04-16T10:24:36+00:00","dateModified":"2024-04-16T11:30:47+00:00","mainEntityOfPage":{"@id":"https:\/\/lequotidien.mr\/?p=17451&lang=fr"},"wordCount":472,"commentCount":0,"publisher":{"@id":"https:\/\/lequotidien.mr\/#organization"},"image":{"@id":"https:\/\/lequotidien.mr\/?p=17451&lang=fr#primaryimage"},"thumbnailUrl":"https:\/\/lequotidien.mr\/wp-content\/uploads\/2024\/04\/photo-reunion-UA-Waschington.jpg","articleSection":["ACTUALIT\u00c9","Economie"],"inLanguage":"ar","potentialAction":[{"@type":"CommentAction","name":"Comment","target":["https:\/\/lequotidien.mr\/?p=17451&lang=fr#respond"]}]},{"@type":"WebPage","@id":"https:\/\/lequotidien.mr\/?p=17451&lang=fr","url":"https:\/\/lequotidien.mr\/?p=17451&lang=fr","name":"UA\/Washington : l\u2019Afrique se pr\u00e9pare pour le prochain G20 au Br\u00e9sil - Le Quotidien de Nouakchott","isPartOf":{"@id":"https:\/\/lequotidien.mr\/#website"},"primaryImageOfPage":{"@id":"https:\/\/lequotidien.mr\/?p=17451&lang=fr#primaryimage"},"image":{"@id":"https:\/\/lequotidien.mr\/?p=17451&lang=fr#primaryimage"},"thumbnailUrl":"https:\/\/lequotidien.mr\/wp-content\/uploads\/2024\/04\/photo-reunion-UA-Waschington.jpg","datePublished":"2024-04-16T10:24:36+00:00","dateModified":"2024-04-16T11:30:47+00:00","breadcrumb":{"@id":"https:\/\/lequotidien.mr\/?p=17451&lang=fr#breadcrumb"},"inLanguage":"ar","potentialAction":[{"@type":"ReadAction","target":["https:\/\/lequotidien.mr\/?p=17451&lang=fr"]}]},{"@type":"ImageObject","inLanguage":"ar","@id":"https:\/\/lequotidien.mr\/?p=17451&lang=fr#primaryimage","url":"https:\/\/lequotidien.mr\/wp-content\/uploads\/2024\/04\/photo-reunion-UA-Waschington.jpg","contentUrl":"https:\/\/lequotidien.mr\/wp-content\/uploads\/2024\/04\/photo-reunion-UA-Waschington.jpg","width":768,"height":515},{"@type":"BreadcrumbList","@id":"https:\/\/lequotidien.mr\/?p=17451&lang=fr#breadcrumb","itemListElement":[{"@type":"ListItem","position":1,"name":"Home","item":"https:\/\/lequotidien.mr\/"},{"@type":"ListItem","position":2,"name":"UA\/Washington : l\u2019Afrique se pr\u00e9pare pour le prochain G20 au Br\u00e9sil"}]},{"@type":"WebSite","@id":"https:\/\/lequotidien.mr\/#website","url":"https:\/\/lequotidien.mr\/","name":"Le Quotidien de Nouakchott","description":"\u0625\u062e\u0628\u0627\u0631\u064a\u0629 \u0645\u0633\u062a\u0642\u0644\u0629 \u0644\u0644\u0623\u0646\u0628\u0627\u0621 \u0627\u0644\u0639\u0627\u0645\u0629","publisher":{"@id":"https:\/\/lequotidien.mr\/#organization"},"potentialAction":[{"@type":"SearchAction","target":{"@type":"EntryPoint","urlTemplate":"https:\/\/lequotidien.mr\/?s={search_term_string}"},"query-input":{"@type":"PropertyValueSpecification","valueRequired":true,"valueName":"search_term_string"}}],"inLanguage":"ar"},{"@type":"Organization","@id":"https:\/\/lequotidien.mr\/#organization","name":"Le Quotidien de Nouakchott","url":"https:\/\/lequotidien.mr\/","logo":{"@type":"ImageObject","inLanguage":"ar","@id":"https:\/\/lequotidien.mr\/#\/schema\/logo\/image\/","url":"https:\/\/lequotidien.mr\/wp-content\/uploads\/2022\/11\/logolequotidien.jpg","contentUrl":"https:\/\/lequotidien.mr\/wp-content\/uploads\/2022\/11\/logolequotidien.jpg","width":290,"height":65,"caption":"Le Quotidien de Nouakchott"},"image":{"@id":"https:\/\/lequotidien.mr\/#\/schema\/logo\/image\/"},"sameAs":["https:\/\/web.facebook.com\/lequotidienmr","https:\/\/x.com\/lequotidienmr"]},{"@type":"Person","@id":"https:\/\/lequotidien.mr\/#\/schema\/person\/d2d350202a4d599685ed8abc25f97596","name":"Med Ahmed","image":{"@type":"ImageObject","inLanguage":"ar","@id":"https:\/\/secure.gravatar.com\/avatar\/fd2acc62ed50732923d1d39c17172c9b04149f142be92310ecc69e1358f94b52?s=96&d=mm&r=g","url":"https:\/\/secure.gravatar.com\/avatar\/fd2acc62ed50732923d1d39c17172c9b04149f142be92310ecc69e1358f94b52?s=96&d=mm&r=g","contentUrl":"https:\/\/secure.gravatar.com\/avatar\/fd2acc62ed50732923d1d39c17172c9b04149f142be92310ecc69e1358f94b52?s=96&d=mm&r=g","caption":"Med Ahmed"},"url":"https:\/\/lequotidien.mr\/?author=12"}]}},"_links":{"self":[{"href":"https:\/\/lequotidien.mr\/index.php?rest_route=\/wp\/v2\/posts\/17451","targetHints":{"allow":["GET"]}}],"collection":[{"href":"https:\/\/lequotidien.mr\/index.php?rest_route=\/wp\/v2\/posts"}],"about":[{"href":"https:\/\/lequotidien.mr\/index.php?rest_route=\/wp\/v2\/types\/post"}],"author":[{"embeddable":true,"href":"https:\/\/lequotidien.mr\/index.php?rest_route=\/wp\/v2\/users\/12"}],"replies":[{"embeddable":true,"href":"https:\/\/lequotidien.mr\/index.php?rest_route=%2Fwp%2Fv2%2Fcomments&post=17451"}],"version-history":[{"count":3,"href":"https:\/\/lequotidien.mr\/index.php?rest_route=\/wp\/v2\/posts\/17451\/revisions"}],"predecessor-version":[{"id":17456,"href":"https:\/\/lequotidien.mr\/index.php?rest_route=\/wp\/v2\/posts\/17451\/revisions\/17456"}],"wp:featuredmedia":[{"embeddable":true,"href":"https:\/\/lequotidien.mr\/index.php?rest_route=\/wp\/v2\/media\/17452"}],"wp:attachment":[{"href":"https:\/\/lequotidien.mr\/index.php?rest_route=%2Fwp%2Fv2%2Fmedia&parent=17451"}],"wp:term":[{"taxonomy":"category","embeddable":true,"href":"https:\/\/lequotidien.mr\/index.php?rest_route=%2Fwp%2Fv2%2Fcategories&post=17451"},{"taxonomy":"post_tag","embeddable":true,"href":"https:\/\/lequotidien.mr\/index.php?rest_route=%2Fwp%2Fv2%2Ftags&post=17451"}],"curies":[{"name":"wp","href":"https:\/\/api.w.org\/{rel}","templated":true}]}}