{"id":17351,"date":"2024-04-12T13:30:15","date_gmt":"2024-04-12T13:30:15","guid":{"rendered":"https:\/\/lequotidien.mr\/?p=17351"},"modified":"2024-04-12T13:30:15","modified_gmt":"2024-04-12T13:30:15","slug":"crise-au-sein-du-parti-alliance-populaire-progressiste-accusations-et-demissions","status":"publish","type":"post","link":"https:\/\/lequotidien.mr\/?p=17351&lang=fr","title":{"rendered":"Crise au sein du Parti Alliance Populaire Progressiste : Accusations et D\u00e9missions"},"content":{"rendered":"<p>Le pr\u00e9sident Messaoud Ould Boulkheir, pr\u00e9sident de l&#8217;Alliance Populaire Progressiste, a lanc\u00e9 des accusations s\u00e9v\u00e8res contre Ladji Traor\u00e9, l&#8217;ancien membre influent du parti, l&#8217;accusant de trahison et de manque d&#8217;objectivit\u00e9 dans ses actions. Ces reproches ont \u00e9t\u00e9 avanc\u00e9s comme principales raisons du d\u00e9part de Traor\u00e9 du Parti Alliance Populaire Progressiste ( APP).<\/p>\n<p>Dans sa d\u00e9claration, Messaoud a critiqu\u00e9 le pass\u00e9 de Ladji Traor\u00e9, affirmant qu&#8217;il est bien connu de tous et que le parti ne suit pas ses directives ni celles d&#8217;autres personnes. \u00ab Ce n&#8217;est pas lui qui nous a pouss\u00e9s \u00e0 soulever les probl\u00e8mes des Noirs ni \u00e0 en parler \u00bb, a clarifi\u00e9 le pr\u00e9sident de l\u2019APP.<\/p>\n<p>En outre, Ould Boulkheir a reproch\u00e9 aux N\u00e9gro-mauritaniens un manque de reconnaissance envers lui-m\u00eame et le mouvement Haratine, soulignant les efforts d\u00e9ploy\u00e9s par le parti pour porter leurs souffrances et d\u00e9fendre leurs droits. \u00ab Nous avons port\u00e9 leur douleur et d\u00e9fendu leurs causes plus qu&#8217;ils ne l&#8217;ont fait eux-m\u00eames, et nous avons cri\u00e9 haut et fort les discriminations qu&#8217;ils ont subies \u00bb, a-t-il d\u00e9clar\u00e9.<\/p>\n<p>Ces commentaires ont \u00e9t\u00e9 faits dans une vid\u00e9o qui circule sur les r\u00e9seaux sociaux depuis hier, suite \u00e0 la d\u00e9mission de certains cadres de la r\u00e9gion de la Rivi\u00e8re du parti il y a deux semaines. Ils avaient alors accus\u00e9 Ould Boulkheir de n\u00e9gligence dans le traitement de leurs griefs.<\/p>\n<p>Ces tensions internes surviennent \u00e0 un moment crucial pour l\u2019APP, qui semble \u00eatre secou\u00e9 par des luttes de pouvoir et des divergences sur la mani\u00e8re de traiter les questions de discrimination et de repr\u00e9sentation au sein de la Mauritanie.<\/p>\n","protected":false},"excerpt":{"rendered":"<p>Le pr\u00e9sident Messaoud Ould Boulkheir, pr\u00e9sident de l&#8217;Alliance Populaire Progressiste, a lanc\u00e9 des accusations s\u00e9v\u00e8res contre Ladji Traor\u00e9, l&#8217;ancien membre influent du parti, l&#8217;accusant de trahison et de manque d&#8217;objectivit\u00e9 dans ses actions. Ces reproches ont \u00e9t\u00e9 avanc\u00e9s comme principales raisons du d\u00e9part de Traor\u00e9 du Parti Alliance Populaire Progressiste ( APP). Dans sa d\u00e9claration,&#8230;..<\/p>\n","protected":false},"author":4,"featured_media":17352,"comment_status":"open","ping_status":"open","sticky":false,"template":"","format":"standard","meta":{"footnotes":""},"categories":[23,57],"tags":[],"class_list":["post-17351","post","type-post","status-publish","format-standard","has-post-thumbnail","hentry","category-actualite","category-couverture-specilale"],"yoast_head":"<!-- This site is optimized with the Yoast SEO plugin v27.5 - https:\/\/yoast.com\/product\/yoast-seo-wordpress\/ -->\n<title>Crise au sein du Parti Alliance Populaire Progressiste : Accusations et D\u00e9missions - Le Quotidien de Nouakchott<\/title>\n<meta name=\"robots\" content=\"index, follow, max-snippet:-1, max-image-preview:large, max-video-preview:-1\" \/>\n<link rel=\"canonical\" href=\"https:\/\/lequotidien.mr\/?p=17351&lang=fr\" \/>\n<meta property=\"og:locale\" content=\"ar_AR\" \/>\n<meta property=\"og:type\" content=\"article\" \/>\n<meta property=\"og:title\" content=\"Crise au sein du Parti Alliance Populaire Progressiste : Accusations et D\u00e9missions - Le Quotidien de Nouakchott\" \/>\n<meta property=\"og:description\" content=\"Le pr\u00e9sident Messaoud Ould Boulkheir, pr\u00e9sident de l&#8217;Alliance Populaire Progressiste, a lanc\u00e9 des accusations s\u00e9v\u00e8res contre Ladji Traor\u00e9, l&#8217;ancien membre influent du parti, l&#8217;accusant de trahison et de manque d&#8217;objectivit\u00e9 dans ses actions. Ces reproches ont \u00e9t\u00e9 avanc\u00e9s comme principales raisons du d\u00e9part de Traor\u00e9 du Parti Alliance Populaire Progressiste ( APP). Dans sa d\u00e9claration,.....\" \/>\n<meta property=\"og:url\" content=\"https:\/\/lequotidien.mr\/?p=17351&amp;lang=fr\" \/>\n<meta property=\"og:site_name\" content=\"Le Quotidien de Nouakchott\" \/>\n<meta property=\"article:publisher\" content=\"https:\/\/web.facebook.com\/lequotidienmr\" \/>\n<meta property=\"article:published_time\" content=\"2024-04-12T13:30:15+00:00\" \/>\n<meta property=\"og:image\" content=\"https:\/\/lequotidien.mr\/wp-content\/uploads\/2024\/04\/messaoud_o_boulkheiri_5245.jpg\" \/>\n\t<meta property=\"og:image:width\" content=\"522\" \/>\n\t<meta property=\"og:image:height\" content=\"434\" \/>\n\t<meta property=\"og:image:type\" content=\"image\/jpeg\" \/>\n<meta name=\"author\" content=\"Le Quotidien\" \/>\n<meta name=\"twitter:card\" content=\"summary_large_image\" \/>\n<meta name=\"twitter:creator\" content=\"@lequotidienmr\" \/>\n<meta name=\"twitter:site\" content=\"@lequotidienmr\" \/>\n<meta name=\"twitter:label1\" content=\"\u0643\u064f\u062a\u0628 \u0628\u0648\u0627\u0633\u0637\u0629\" \/>\n\t<meta name=\"twitter:data1\" content=\"Le Quotidien\" \/>\n\t<meta name=\"twitter:label2\" content=\"\u0648\u0642\u062a \u0627\u0644\u0642\u0631\u0627\u0621\u0629 \u0627\u0644\u0645\u064f\u0642\u062f\u0651\u0631\" \/>\n\t<meta name=\"twitter:data2\" content=\"\u062f\u0642\u064a\u0642\u0629 \u0648\u0627\u062d\u062f\u0629\" \/>\n<script type=\"application\/ld+json\" class=\"yoast-schema-graph\">{\"@context\":\"https:\\\/\\\/schema.org\",\"@graph\":[{\"@type\":\"Article\",\"@id\":\"https:\\\/\\\/lequotidien.mr\\\/?p=17351&lang=fr#article\",\"isPartOf\":{\"@id\":\"https:\\\/\\\/lequotidien.mr\\\/?p=17351&lang=fr\"},\"author\":{\"name\":\"Le Quotidien\",\"@id\":\"https:\\\/\\\/lequotidien.mr\\\/#\\\/schema\\\/person\\\/f90fcdaa970c60288de4ed2e64a56472\"},\"headline\":\"Crise au sein du Parti Alliance Populaire Progressiste : Accusations et D\u00e9missions\",\"datePublished\":\"2024-04-12T13:30:15+00:00\",\"mainEntityOfPage\":{\"@id\":\"https:\\\/\\\/lequotidien.mr\\\/?p=17351&lang=fr\"},\"wordCount\":303,\"commentCount\":0,\"publisher\":{\"@id\":\"https:\\\/\\\/lequotidien.mr\\\/#organization\"},\"image\":{\"@id\":\"https:\\\/\\\/lequotidien.mr\\\/?p=17351&lang=fr#primaryimage\"},\"thumbnailUrl\":\"https:\\\/\\\/lequotidien.mr\\\/wp-content\\\/uploads\\\/2024\\\/04\\\/messaoud_o_boulkheiri_5245.jpg\",\"articleSection\":[\"ACTUALIT\u00c9\",\"Couverture sp\u00e9cilale\"],\"inLanguage\":\"ar\",\"potentialAction\":[{\"@type\":\"CommentAction\",\"name\":\"Comment\",\"target\":[\"https:\\\/\\\/lequotidien.mr\\\/?p=17351&lang=fr#respond\"]}]},{\"@type\":\"WebPage\",\"@id\":\"https:\\\/\\\/lequotidien.mr\\\/?p=17351&lang=fr\",\"url\":\"https:\\\/\\\/lequotidien.mr\\\/?p=17351&lang=fr\",\"name\":\"Crise au sein du Parti Alliance Populaire Progressiste : Accusations et D\u00e9missions - Le Quotidien de Nouakchott\",\"isPartOf\":{\"@id\":\"https:\\\/\\\/lequotidien.mr\\\/#website\"},\"primaryImageOfPage\":{\"@id\":\"https:\\\/\\\/lequotidien.mr\\\/?p=17351&lang=fr#primaryimage\"},\"image\":{\"@id\":\"https:\\\/\\\/lequotidien.mr\\\/?p=17351&lang=fr#primaryimage\"},\"thumbnailUrl\":\"https:\\\/\\\/lequotidien.mr\\\/wp-content\\\/uploads\\\/2024\\\/04\\\/messaoud_o_boulkheiri_5245.jpg\",\"datePublished\":\"2024-04-12T13:30:15+00:00\",\"breadcrumb\":{\"@id\":\"https:\\\/\\\/lequotidien.mr\\\/?p=17351&lang=fr#breadcrumb\"},\"inLanguage\":\"ar\",\"potentialAction\":[{\"@type\":\"ReadAction\",\"target\":[\"https:\\\/\\\/lequotidien.mr\\\/?p=17351&lang=fr\"]}]},{\"@type\":\"ImageObject\",\"inLanguage\":\"ar\",\"@id\":\"https:\\\/\\\/lequotidien.mr\\\/?p=17351&lang=fr#primaryimage\",\"url\":\"https:\\\/\\\/lequotidien.mr\\\/wp-content\\\/uploads\\\/2024\\\/04\\\/messaoud_o_boulkheiri_5245.jpg\",\"contentUrl\":\"https:\\\/\\\/lequotidien.mr\\\/wp-content\\\/uploads\\\/2024\\\/04\\\/messaoud_o_boulkheiri_5245.jpg\",\"width\":522,\"height\":434},{\"@type\":\"BreadcrumbList\",\"@id\":\"https:\\\/\\\/lequotidien.mr\\\/?p=17351&lang=fr#breadcrumb\",\"itemListElement\":[{\"@type\":\"ListItem\",\"position\":1,\"name\":\"Home\",\"item\":\"https:\\\/\\\/lequotidien.mr\\\/\"},{\"@type\":\"ListItem\",\"position\":2,\"name\":\"Crise au sein du Parti Alliance Populaire Progressiste : Accusations et D\u00e9missions\"}]},{\"@type\":\"WebSite\",\"@id\":\"https:\\\/\\\/lequotidien.mr\\\/#website\",\"url\":\"https:\\\/\\\/lequotidien.mr\\\/\",\"name\":\"Le Quotidien de Nouakchott\",\"description\":\"\u0625\u062e\u0628\u0627\u0631\u064a\u0629 \u0645\u0633\u062a\u0642\u0644\u0629 \u0644\u0644\u0623\u0646\u0628\u0627\u0621 \u0627\u0644\u0639\u0627\u0645\u0629\",\"publisher\":{\"@id\":\"https:\\\/\\\/lequotidien.mr\\\/#organization\"},\"potentialAction\":[{\"@type\":\"SearchAction\",\"target\":{\"@type\":\"EntryPoint\",\"urlTemplate\":\"https:\\\/\\\/lequotidien.mr\\\/?s={search_term_string}\"},\"query-input\":{\"@type\":\"PropertyValueSpecification\",\"valueRequired\":true,\"valueName\":\"search_term_string\"}}],\"inLanguage\":\"ar\"},{\"@type\":\"Organization\",\"@id\":\"https:\\\/\\\/lequotidien.mr\\\/#organization\",\"name\":\"Le Quotidien de Nouakchott\",\"url\":\"https:\\\/\\\/lequotidien.mr\\\/\",\"logo\":{\"@type\":\"ImageObject\",\"inLanguage\":\"ar\",\"@id\":\"https:\\\/\\\/lequotidien.mr\\\/#\\\/schema\\\/logo\\\/image\\\/\",\"url\":\"https:\\\/\\\/lequotidien.mr\\\/wp-content\\\/uploads\\\/2022\\\/11\\\/logolequotidien.jpg\",\"contentUrl\":\"https:\\\/\\\/lequotidien.mr\\\/wp-content\\\/uploads\\\/2022\\\/11\\\/logolequotidien.jpg\",\"width\":290,\"height\":65,\"caption\":\"Le Quotidien de Nouakchott\"},\"image\":{\"@id\":\"https:\\\/\\\/lequotidien.mr\\\/#\\\/schema\\\/logo\\\/image\\\/\"},\"sameAs\":[\"https:\\\/\\\/web.facebook.com\\\/lequotidienmr\",\"https:\\\/\\\/x.com\\\/lequotidienmr\"]},{\"@type\":\"Person\",\"@id\":\"https:\\\/\\\/lequotidien.mr\\\/#\\\/schema\\\/person\\\/f90fcdaa970c60288de4ed2e64a56472\",\"name\":\"Le Quotidien\",\"image\":{\"@type\":\"ImageObject\",\"inLanguage\":\"ar\",\"@id\":\"https:\\\/\\\/secure.gravatar.com\\\/avatar\\\/374cb39a1a458a912465a93e5a3ce6546886fc3da809a1f10c63e4e8fcbca30f?s=96&d=mm&r=g\",\"url\":\"https:\\\/\\\/secure.gravatar.com\\\/avatar\\\/374cb39a1a458a912465a93e5a3ce6546886fc3da809a1f10c63e4e8fcbca30f?s=96&d=mm&r=g\",\"contentUrl\":\"https:\\\/\\\/secure.gravatar.com\\\/avatar\\\/374cb39a1a458a912465a93e5a3ce6546886fc3da809a1f10c63e4e8fcbca30f?s=96&d=mm&r=g\",\"caption\":\"Le Quotidien\"},\"sameAs\":[\"https:\\\/\\\/lequotidien.mr\\\/\"],\"url\":\"https:\\\/\\\/lequotidien.mr\\\/?author=4\"}]}<\/script>\n<!-- \/ Yoast SEO plugin. -->","yoast_head_json":{"title":"Crise au sein du Parti Alliance Populaire Progressiste : Accusations et D\u00e9missions - Le Quotidien de Nouakchott","robots":{"index":"index","follow":"follow","max-snippet":"max-snippet:-1","max-image-preview":"max-image-preview:large","max-video-preview":"max-video-preview:-1"},"canonical":"https:\/\/lequotidien.mr\/?p=17351&lang=fr","og_locale":"ar_AR","og_type":"article","og_title":"Crise au sein du Parti Alliance Populaire Progressiste : Accusations et D\u00e9missions - Le Quotidien de Nouakchott","og_description":"Le pr\u00e9sident Messaoud Ould Boulkheir, pr\u00e9sident de l&#8217;Alliance Populaire Progressiste, a lanc\u00e9 des accusations s\u00e9v\u00e8res contre Ladji Traor\u00e9, l&#8217;ancien membre influent du parti, l&#8217;accusant de trahison et de manque d&#8217;objectivit\u00e9 dans ses actions. Ces reproches ont \u00e9t\u00e9 avanc\u00e9s comme principales raisons du d\u00e9part de Traor\u00e9 du Parti Alliance Populaire Progressiste ( APP). Dans sa d\u00e9claration,.....","og_url":"https:\/\/lequotidien.mr\/?p=17351&lang=fr","og_site_name":"Le Quotidien de Nouakchott","article_publisher":"https:\/\/web.facebook.com\/lequotidienmr","article_published_time":"2024-04-12T13:30:15+00:00","og_image":[{"width":522,"height":434,"url":"https:\/\/lequotidien.mr\/wp-content\/uploads\/2024\/04\/messaoud_o_boulkheiri_5245.jpg","type":"image\/jpeg"}],"author":"Le Quotidien","twitter_card":"summary_large_image","twitter_creator":"@lequotidienmr","twitter_site":"@lequotidienmr","twitter_misc":{"\u0643\u064f\u062a\u0628 \u0628\u0648\u0627\u0633\u0637\u0629":"Le Quotidien","\u0648\u0642\u062a \u0627\u0644\u0642\u0631\u0627\u0621\u0629 \u0627\u0644\u0645\u064f\u0642\u062f\u0651\u0631":"\u062f\u0642\u064a\u0642\u0629 \u0648\u0627\u062d\u062f\u0629"},"schema":{"@context":"https:\/\/schema.org","@graph":[{"@type":"Article","@id":"https:\/\/lequotidien.mr\/?p=17351&lang=fr#article","isPartOf":{"@id":"https:\/\/lequotidien.mr\/?p=17351&lang=fr"},"author":{"name":"Le Quotidien","@id":"https:\/\/lequotidien.mr\/#\/schema\/person\/f90fcdaa970c60288de4ed2e64a56472"},"headline":"Crise au sein du Parti Alliance Populaire Progressiste : Accusations et D\u00e9missions","datePublished":"2024-04-12T13:30:15+00:00","mainEntityOfPage":{"@id":"https:\/\/lequotidien.mr\/?p=17351&lang=fr"},"wordCount":303,"commentCount":0,"publisher":{"@id":"https:\/\/lequotidien.mr\/#organization"},"image":{"@id":"https:\/\/lequotidien.mr\/?p=17351&lang=fr#primaryimage"},"thumbnailUrl":"https:\/\/lequotidien.mr\/wp-content\/uploads\/2024\/04\/messaoud_o_boulkheiri_5245.jpg","articleSection":["ACTUALIT\u00c9","Couverture sp\u00e9cilale"],"inLanguage":"ar","potentialAction":[{"@type":"CommentAction","name":"Comment","target":["https:\/\/lequotidien.mr\/?p=17351&lang=fr#respond"]}]},{"@type":"WebPage","@id":"https:\/\/lequotidien.mr\/?p=17351&lang=fr","url":"https:\/\/lequotidien.mr\/?p=17351&lang=fr","name":"Crise au sein du Parti Alliance Populaire Progressiste : Accusations et D\u00e9missions - Le Quotidien de Nouakchott","isPartOf":{"@id":"https:\/\/lequotidien.mr\/#website"},"primaryImageOfPage":{"@id":"https:\/\/lequotidien.mr\/?p=17351&lang=fr#primaryimage"},"image":{"@id":"https:\/\/lequotidien.mr\/?p=17351&lang=fr#primaryimage"},"thumbnailUrl":"https:\/\/lequotidien.mr\/wp-content\/uploads\/2024\/04\/messaoud_o_boulkheiri_5245.jpg","datePublished":"2024-04-12T13:30:15+00:00","breadcrumb":{"@id":"https:\/\/lequotidien.mr\/?p=17351&lang=fr#breadcrumb"},"inLanguage":"ar","potentialAction":[{"@type":"ReadAction","target":["https:\/\/lequotidien.mr\/?p=17351&lang=fr"]}]},{"@type":"ImageObject","inLanguage":"ar","@id":"https:\/\/lequotidien.mr\/?p=17351&lang=fr#primaryimage","url":"https:\/\/lequotidien.mr\/wp-content\/uploads\/2024\/04\/messaoud_o_boulkheiri_5245.jpg","contentUrl":"https:\/\/lequotidien.mr\/wp-content\/uploads\/2024\/04\/messaoud_o_boulkheiri_5245.jpg","width":522,"height":434},{"@type":"BreadcrumbList","@id":"https:\/\/lequotidien.mr\/?p=17351&lang=fr#breadcrumb","itemListElement":[{"@type":"ListItem","position":1,"name":"Home","item":"https:\/\/lequotidien.mr\/"},{"@type":"ListItem","position":2,"name":"Crise au sein du Parti Alliance Populaire Progressiste : Accusations et D\u00e9missions"}]},{"@type":"WebSite","@id":"https:\/\/lequotidien.mr\/#website","url":"https:\/\/lequotidien.mr\/","name":"Le Quotidien de Nouakchott","description":"\u0625\u062e\u0628\u0627\u0631\u064a\u0629 \u0645\u0633\u062a\u0642\u0644\u0629 \u0644\u0644\u0623\u0646\u0628\u0627\u0621 \u0627\u0644\u0639\u0627\u0645\u0629","publisher":{"@id":"https:\/\/lequotidien.mr\/#organization"},"potentialAction":[{"@type":"SearchAction","target":{"@type":"EntryPoint","urlTemplate":"https:\/\/lequotidien.mr\/?s={search_term_string}"},"query-input":{"@type":"PropertyValueSpecification","valueRequired":true,"valueName":"search_term_string"}}],"inLanguage":"ar"},{"@type":"Organization","@id":"https:\/\/lequotidien.mr\/#organization","name":"Le Quotidien de Nouakchott","url":"https:\/\/lequotidien.mr\/","logo":{"@type":"ImageObject","inLanguage":"ar","@id":"https:\/\/lequotidien.mr\/#\/schema\/logo\/image\/","url":"https:\/\/lequotidien.mr\/wp-content\/uploads\/2022\/11\/logolequotidien.jpg","contentUrl":"https:\/\/lequotidien.mr\/wp-content\/uploads\/2022\/11\/logolequotidien.jpg","width":290,"height":65,"caption":"Le Quotidien de Nouakchott"},"image":{"@id":"https:\/\/lequotidien.mr\/#\/schema\/logo\/image\/"},"sameAs":["https:\/\/web.facebook.com\/lequotidienmr","https:\/\/x.com\/lequotidienmr"]},{"@type":"Person","@id":"https:\/\/lequotidien.mr\/#\/schema\/person\/f90fcdaa970c60288de4ed2e64a56472","name":"Le Quotidien","image":{"@type":"ImageObject","inLanguage":"ar","@id":"https:\/\/secure.gravatar.com\/avatar\/374cb39a1a458a912465a93e5a3ce6546886fc3da809a1f10c63e4e8fcbca30f?s=96&d=mm&r=g","url":"https:\/\/secure.gravatar.com\/avatar\/374cb39a1a458a912465a93e5a3ce6546886fc3da809a1f10c63e4e8fcbca30f?s=96&d=mm&r=g","contentUrl":"https:\/\/secure.gravatar.com\/avatar\/374cb39a1a458a912465a93e5a3ce6546886fc3da809a1f10c63e4e8fcbca30f?s=96&d=mm&r=g","caption":"Le Quotidien"},"sameAs":["https:\/\/lequotidien.mr\/"],"url":"https:\/\/lequotidien.mr\/?author=4"}]}},"_links":{"self":[{"href":"https:\/\/lequotidien.mr\/index.php?rest_route=\/wp\/v2\/posts\/17351","targetHints":{"allow":["GET"]}}],"collection":[{"href":"https:\/\/lequotidien.mr\/index.php?rest_route=\/wp\/v2\/posts"}],"about":[{"href":"https:\/\/lequotidien.mr\/index.php?rest_route=\/wp\/v2\/types\/post"}],"author":[{"embeddable":true,"href":"https:\/\/lequotidien.mr\/index.php?rest_route=\/wp\/v2\/users\/4"}],"replies":[{"embeddable":true,"href":"https:\/\/lequotidien.mr\/index.php?rest_route=%2Fwp%2Fv2%2Fcomments&post=17351"}],"version-history":[{"count":1,"href":"https:\/\/lequotidien.mr\/index.php?rest_route=\/wp\/v2\/posts\/17351\/revisions"}],"predecessor-version":[{"id":17353,"href":"https:\/\/lequotidien.mr\/index.php?rest_route=\/wp\/v2\/posts\/17351\/revisions\/17353"}],"wp:featuredmedia":[{"embeddable":true,"href":"https:\/\/lequotidien.mr\/index.php?rest_route=\/wp\/v2\/media\/17352"}],"wp:attachment":[{"href":"https:\/\/lequotidien.mr\/index.php?rest_route=%2Fwp%2Fv2%2Fmedia&parent=17351"}],"wp:term":[{"taxonomy":"category","embeddable":true,"href":"https:\/\/lequotidien.mr\/index.php?rest_route=%2Fwp%2Fv2%2Fcategories&post=17351"},{"taxonomy":"post_tag","embeddable":true,"href":"https:\/\/lequotidien.mr\/index.php?rest_route=%2Fwp%2Fv2%2Ftags&post=17351"}],"curies":[{"name":"wp","href":"https:\/\/api.w.org\/{rel}","templated":true}]}}