{"id":17248,"date":"2024-04-07T12:40:58","date_gmt":"2024-04-07T12:40:58","guid":{"rendered":"https:\/\/lequotidien.mr\/?p=17248"},"modified":"2024-04-07T12:40:58","modified_gmt":"2024-04-07T12:40:58","slug":"solidarite-africaine-et-diplomatie-la-visite-du-president-mauritanien-a-kigali-et-les-enjeux-regionaux","status":"publish","type":"post","link":"https:\/\/lequotidien.mr\/?p=17248&lang=fr","title":{"rendered":"Solidarit\u00e9 Africaine et Diplomatie : La Visite du Pr\u00e9sident Mauritanien \u00e0 Kigali et les Enjeux R\u00e9gionaux"},"content":{"rendered":"<p>Dans un contexte de solidarit\u00e9 et d&#8217;efforts de coop\u00e9ration continentale, la visite du Pr\u00e9sident de la R\u00e9publique Islamique de Mauritanie, \u00a0\u00a0Monsieur Mohamed Ould Cheikh El Ghazouani, \u00e0 Kigali, rev\u00eat une importance cruciale tant sur le plan bilat\u00e9ral que r\u00e9gional. Cette visite, marqu\u00e9e par la comm\u00e9moration du 30\u00e8me anniversaire du g\u00e9nocide contre les Tutsi et des discussions bilat\u00e9rales avec le Pr\u00e9sident rwandais Paul Kagame, s&#8217;inscrit dans une d\u00e9marche de renforcement des liens africains et de soutien aux processus de paix sur le continent.<\/p>\n<p><strong>\u00a0<\/strong>Le Pr\u00e9sident mauritanien a particip\u00e9 aux c\u00e9r\u00e9monies comm\u00e9moratives du g\u00e9nocide de 1994, un acte de solidarit\u00e9 qui t\u00e9moigne de l&#8217;engagement de l&#8217;Afrique \u00e0 ne pas oublier les trag\u00e9dies de son histoire, mais \u00e9galement \u00e0 \u0153uvrer ensemble pour la paix et la r\u00e9conciliation.<\/p>\n<p>Les entretiens avec le Pr\u00e9sident Kagame ont mis l&#8217;accent sur le d\u00e9veloppement des relations bilat\u00e9rales, l&#8217;am\u00e9lioration de la coop\u00e9ration entre les \u00c9tats membres de l&#8217;Union africaine et l&#8217;exploration de solutions communes aux d\u00e9fis r\u00e9gionaux et internationaux. Cette d\u00e9marche refl\u00e8te la volont\u00e9 des deux pays de promouvoir l&#8217;unit\u00e9 et la solidarit\u00e9 africaines face aux enjeux contemporains.<\/p>\n<p>Dans une perspective r\u00e9gionale plus large, la visite co\u00efncide avec un moment o\u00f9 la R\u00e9publique D\u00e9mocratique du Congo (RDC) sollicite un engagement accru de l&#8217;Union africaine dans son processus de paix, particuli\u00e8rement face aux tensions avec le Rwanda autour de l&#8217;activit\u00e9 du groupe arm\u00e9 M23. Les autorit\u00e9s congolaises appellent \u00e0 une mise en \u0153uvre rapide du soutien promis \u00e0 la force de la SADC d\u00e9ploy\u00e9e dans l&#8217;est du pays, soulignant l&#8217;urgence d&#8217;une action panafricaine coordonn\u00e9e pour assurer la stabilit\u00e9 r\u00e9gionale.<\/p>\n<p>La rencontre entre les Pr\u00e9sidents mauritanien et rwandais, ainsi que la visite \u00e0 Nouakchott et les appels r\u00e9cents entre le Pr\u00e9sident mauritanien et son homologue congolais, F\u00e9lix Tshisekedi, illustrent l&#8217;importance d&#8217;une diplomatie africaine active et concert\u00e9e. Kinshasa esp\u00e8re voir se concr\u00e9tiser les engagements pris par l&#8217;Union africaine pour soutenir la RDC, tant sur le plan militaire que diplomatique, dans un contexte o\u00f9 l&#8217;ONU \u00e9value \u00e9galement son soutien aux efforts r\u00e9gionaux.<\/p>\n","protected":false},"excerpt":{"rendered":"<p>Dans un contexte de solidarit\u00e9 et d&#8217;efforts de coop\u00e9ration continentale, la visite du Pr\u00e9sident de la R\u00e9publique Islamique de Mauritanie, \u00a0\u00a0Monsieur Mohamed Ould Cheikh El Ghazouani, \u00e0 Kigali, rev\u00eat une importance cruciale tant sur le plan bilat\u00e9ral que r\u00e9gional. Cette visite, marqu\u00e9e par la comm\u00e9moration du 30\u00e8me anniversaire du g\u00e9nocide contre les Tutsi et des&#8230;..<\/p>\n","protected":false},"author":4,"featured_media":17249,"comment_status":"open","ping_status":"open","sticky":false,"template":"","format":"standard","meta":{"footnotes":""},"categories":[23,57],"tags":[],"class_list":["post-17248","post","type-post","status-publish","format-standard","has-post-thumbnail","hentry","category-actualite","category-couverture-specilale"],"yoast_head":"<!-- This site is optimized with the Yoast SEO plugin v27.5 - https:\/\/yoast.com\/product\/yoast-seo-wordpress\/ -->\n<title>Solidarit\u00e9 Africaine et Diplomatie : La Visite du Pr\u00e9sident Mauritanien \u00e0 Kigali et les Enjeux R\u00e9gionaux - Le Quotidien de Nouakchott<\/title>\n<meta name=\"robots\" content=\"index, follow, max-snippet:-1, max-image-preview:large, max-video-preview:-1\" \/>\n<link rel=\"canonical\" href=\"https:\/\/lequotidien.mr\/?p=17248&lang=fr\" \/>\n<meta property=\"og:locale\" content=\"ar_AR\" \/>\n<meta property=\"og:type\" content=\"article\" \/>\n<meta property=\"og:title\" content=\"Solidarit\u00e9 Africaine et Diplomatie : La Visite du Pr\u00e9sident Mauritanien \u00e0 Kigali et les Enjeux R\u00e9gionaux - Le Quotidien de Nouakchott\" \/>\n<meta property=\"og:description\" content=\"Dans un contexte de solidarit\u00e9 et d&#8217;efforts de coop\u00e9ration continentale, la visite du Pr\u00e9sident de la R\u00e9publique Islamique de Mauritanie, \u00a0\u00a0Monsieur Mohamed Ould Cheikh El Ghazouani, \u00e0 Kigali, rev\u00eat une importance cruciale tant sur le plan bilat\u00e9ral que r\u00e9gional. Cette visite, marqu\u00e9e par la comm\u00e9moration du 30\u00e8me anniversaire du g\u00e9nocide contre les Tutsi et des.....\" \/>\n<meta property=\"og:url\" content=\"https:\/\/lequotidien.mr\/?p=17248&amp;lang=fr\" \/>\n<meta property=\"og:site_name\" content=\"Le Quotidien de Nouakchott\" \/>\n<meta property=\"article:publisher\" content=\"https:\/\/web.facebook.com\/lequotidienmr\" \/>\n<meta property=\"article:published_time\" content=\"2024-04-07T12:40:58+00:00\" \/>\n<meta property=\"og:image\" content=\"https:\/\/lequotidien.mr\/wp-content\/uploads\/2024\/04\/kgame.webp\" \/>\n\t<meta property=\"og:image:width\" content=\"1024\" \/>\n\t<meta property=\"og:image:height\" content=\"767\" \/>\n\t<meta property=\"og:image:type\" content=\"image\/webp\" \/>\n<meta name=\"author\" content=\"Le Quotidien\" \/>\n<meta name=\"twitter:card\" content=\"summary_large_image\" \/>\n<meta name=\"twitter:creator\" content=\"@lequotidienmr\" \/>\n<meta name=\"twitter:site\" content=\"@lequotidienmr\" \/>\n<meta name=\"twitter:label1\" content=\"\u0643\u064f\u062a\u0628 \u0628\u0648\u0627\u0633\u0637\u0629\" \/>\n\t<meta name=\"twitter:data1\" content=\"Le Quotidien\" \/>\n\t<meta name=\"twitter:label2\" content=\"\u0648\u0642\u062a \u0627\u0644\u0642\u0631\u0627\u0621\u0629 \u0627\u0644\u0645\u064f\u0642\u062f\u0651\u0631\" \/>\n\t<meta name=\"twitter:data2\" content=\"\u062f\u0642\u064a\u0642\u062a\u0627\u0646\" \/>\n<script type=\"application\/ld+json\" class=\"yoast-schema-graph\">{\"@context\":\"https:\\\/\\\/schema.org\",\"@graph\":[{\"@type\":\"Article\",\"@id\":\"https:\\\/\\\/lequotidien.mr\\\/?p=17248&lang=fr#article\",\"isPartOf\":{\"@id\":\"https:\\\/\\\/lequotidien.mr\\\/?p=17248&lang=fr\"},\"author\":{\"name\":\"Le Quotidien\",\"@id\":\"https:\\\/\\\/lequotidien.mr\\\/#\\\/schema\\\/person\\\/f90fcdaa970c60288de4ed2e64a56472\"},\"headline\":\"Solidarit\u00e9 Africaine et Diplomatie : La Visite du Pr\u00e9sident Mauritanien \u00e0 Kigali et les Enjeux R\u00e9gionaux\",\"datePublished\":\"2024-04-07T12:40:58+00:00\",\"mainEntityOfPage\":{\"@id\":\"https:\\\/\\\/lequotidien.mr\\\/?p=17248&lang=fr\"},\"wordCount\":403,\"commentCount\":0,\"publisher\":{\"@id\":\"https:\\\/\\\/lequotidien.mr\\\/#organization\"},\"image\":{\"@id\":\"https:\\\/\\\/lequotidien.mr\\\/?p=17248&lang=fr#primaryimage\"},\"thumbnailUrl\":\"https:\\\/\\\/lequotidien.mr\\\/wp-content\\\/uploads\\\/2024\\\/04\\\/kgame.webp\",\"articleSection\":[\"ACTUALIT\u00c9\",\"Couverture sp\u00e9cilale\"],\"inLanguage\":\"ar\",\"potentialAction\":[{\"@type\":\"CommentAction\",\"name\":\"Comment\",\"target\":[\"https:\\\/\\\/lequotidien.mr\\\/?p=17248&lang=fr#respond\"]}]},{\"@type\":\"WebPage\",\"@id\":\"https:\\\/\\\/lequotidien.mr\\\/?p=17248&lang=fr\",\"url\":\"https:\\\/\\\/lequotidien.mr\\\/?p=17248&lang=fr\",\"name\":\"Solidarit\u00e9 Africaine et Diplomatie : La Visite du Pr\u00e9sident Mauritanien \u00e0 Kigali et les Enjeux R\u00e9gionaux - Le Quotidien de Nouakchott\",\"isPartOf\":{\"@id\":\"https:\\\/\\\/lequotidien.mr\\\/#website\"},\"primaryImageOfPage\":{\"@id\":\"https:\\\/\\\/lequotidien.mr\\\/?p=17248&lang=fr#primaryimage\"},\"image\":{\"@id\":\"https:\\\/\\\/lequotidien.mr\\\/?p=17248&lang=fr#primaryimage\"},\"thumbnailUrl\":\"https:\\\/\\\/lequotidien.mr\\\/wp-content\\\/uploads\\\/2024\\\/04\\\/kgame.webp\",\"datePublished\":\"2024-04-07T12:40:58+00:00\",\"breadcrumb\":{\"@id\":\"https:\\\/\\\/lequotidien.mr\\\/?p=17248&lang=fr#breadcrumb\"},\"inLanguage\":\"ar\",\"potentialAction\":[{\"@type\":\"ReadAction\",\"target\":[\"https:\\\/\\\/lequotidien.mr\\\/?p=17248&lang=fr\"]}]},{\"@type\":\"ImageObject\",\"inLanguage\":\"ar\",\"@id\":\"https:\\\/\\\/lequotidien.mr\\\/?p=17248&lang=fr#primaryimage\",\"url\":\"https:\\\/\\\/lequotidien.mr\\\/wp-content\\\/uploads\\\/2024\\\/04\\\/kgame.webp\",\"contentUrl\":\"https:\\\/\\\/lequotidien.mr\\\/wp-content\\\/uploads\\\/2024\\\/04\\\/kgame.webp\",\"width\":1024,\"height\":767},{\"@type\":\"BreadcrumbList\",\"@id\":\"https:\\\/\\\/lequotidien.mr\\\/?p=17248&lang=fr#breadcrumb\",\"itemListElement\":[{\"@type\":\"ListItem\",\"position\":1,\"name\":\"Home\",\"item\":\"https:\\\/\\\/lequotidien.mr\\\/\"},{\"@type\":\"ListItem\",\"position\":2,\"name\":\"Solidarit\u00e9 Africaine et Diplomatie : La Visite du Pr\u00e9sident Mauritanien \u00e0 Kigali et les Enjeux R\u00e9gionaux\"}]},{\"@type\":\"WebSite\",\"@id\":\"https:\\\/\\\/lequotidien.mr\\\/#website\",\"url\":\"https:\\\/\\\/lequotidien.mr\\\/\",\"name\":\"Le Quotidien de Nouakchott\",\"description\":\"\u0625\u062e\u0628\u0627\u0631\u064a\u0629 \u0645\u0633\u062a\u0642\u0644\u0629 \u0644\u0644\u0623\u0646\u0628\u0627\u0621 \u0627\u0644\u0639\u0627\u0645\u0629\",\"publisher\":{\"@id\":\"https:\\\/\\\/lequotidien.mr\\\/#organization\"},\"potentialAction\":[{\"@type\":\"SearchAction\",\"target\":{\"@type\":\"EntryPoint\",\"urlTemplate\":\"https:\\\/\\\/lequotidien.mr\\\/?s={search_term_string}\"},\"query-input\":{\"@type\":\"PropertyValueSpecification\",\"valueRequired\":true,\"valueName\":\"search_term_string\"}}],\"inLanguage\":\"ar\"},{\"@type\":\"Organization\",\"@id\":\"https:\\\/\\\/lequotidien.mr\\\/#organization\",\"name\":\"Le Quotidien de Nouakchott\",\"url\":\"https:\\\/\\\/lequotidien.mr\\\/\",\"logo\":{\"@type\":\"ImageObject\",\"inLanguage\":\"ar\",\"@id\":\"https:\\\/\\\/lequotidien.mr\\\/#\\\/schema\\\/logo\\\/image\\\/\",\"url\":\"https:\\\/\\\/lequotidien.mr\\\/wp-content\\\/uploads\\\/2022\\\/11\\\/logolequotidien.jpg\",\"contentUrl\":\"https:\\\/\\\/lequotidien.mr\\\/wp-content\\\/uploads\\\/2022\\\/11\\\/logolequotidien.jpg\",\"width\":290,\"height\":65,\"caption\":\"Le Quotidien de Nouakchott\"},\"image\":{\"@id\":\"https:\\\/\\\/lequotidien.mr\\\/#\\\/schema\\\/logo\\\/image\\\/\"},\"sameAs\":[\"https:\\\/\\\/web.facebook.com\\\/lequotidienmr\",\"https:\\\/\\\/x.com\\\/lequotidienmr\"]},{\"@type\":\"Person\",\"@id\":\"https:\\\/\\\/lequotidien.mr\\\/#\\\/schema\\\/person\\\/f90fcdaa970c60288de4ed2e64a56472\",\"name\":\"Le Quotidien\",\"image\":{\"@type\":\"ImageObject\",\"inLanguage\":\"ar\",\"@id\":\"https:\\\/\\\/secure.gravatar.com\\\/avatar\\\/374cb39a1a458a912465a93e5a3ce6546886fc3da809a1f10c63e4e8fcbca30f?s=96&d=mm&r=g\",\"url\":\"https:\\\/\\\/secure.gravatar.com\\\/avatar\\\/374cb39a1a458a912465a93e5a3ce6546886fc3da809a1f10c63e4e8fcbca30f?s=96&d=mm&r=g\",\"contentUrl\":\"https:\\\/\\\/secure.gravatar.com\\\/avatar\\\/374cb39a1a458a912465a93e5a3ce6546886fc3da809a1f10c63e4e8fcbca30f?s=96&d=mm&r=g\",\"caption\":\"Le Quotidien\"},\"sameAs\":[\"https:\\\/\\\/lequotidien.mr\\\/\"],\"url\":\"https:\\\/\\\/lequotidien.mr\\\/?author=4\"}]}<\/script>\n<!-- \/ Yoast SEO plugin. -->","yoast_head_json":{"title":"Solidarit\u00e9 Africaine et Diplomatie : La Visite du Pr\u00e9sident Mauritanien \u00e0 Kigali et les Enjeux R\u00e9gionaux - Le Quotidien de Nouakchott","robots":{"index":"index","follow":"follow","max-snippet":"max-snippet:-1","max-image-preview":"max-image-preview:large","max-video-preview":"max-video-preview:-1"},"canonical":"https:\/\/lequotidien.mr\/?p=17248&lang=fr","og_locale":"ar_AR","og_type":"article","og_title":"Solidarit\u00e9 Africaine et Diplomatie : La Visite du Pr\u00e9sident Mauritanien \u00e0 Kigali et les Enjeux R\u00e9gionaux - Le Quotidien de Nouakchott","og_description":"Dans un contexte de solidarit\u00e9 et d&#8217;efforts de coop\u00e9ration continentale, la visite du Pr\u00e9sident de la R\u00e9publique Islamique de Mauritanie, \u00a0\u00a0Monsieur Mohamed Ould Cheikh El Ghazouani, \u00e0 Kigali, rev\u00eat une importance cruciale tant sur le plan bilat\u00e9ral que r\u00e9gional. Cette visite, marqu\u00e9e par la comm\u00e9moration du 30\u00e8me anniversaire du g\u00e9nocide contre les Tutsi et des.....","og_url":"https:\/\/lequotidien.mr\/?p=17248&lang=fr","og_site_name":"Le Quotidien de Nouakchott","article_publisher":"https:\/\/web.facebook.com\/lequotidienmr","article_published_time":"2024-04-07T12:40:58+00:00","og_image":[{"width":1024,"height":767,"url":"https:\/\/lequotidien.mr\/wp-content\/uploads\/2024\/04\/kgame.webp","type":"image\/webp"}],"author":"Le Quotidien","twitter_card":"summary_large_image","twitter_creator":"@lequotidienmr","twitter_site":"@lequotidienmr","twitter_misc":{"\u0643\u064f\u062a\u0628 \u0628\u0648\u0627\u0633\u0637\u0629":"Le Quotidien","\u0648\u0642\u062a \u0627\u0644\u0642\u0631\u0627\u0621\u0629 \u0627\u0644\u0645\u064f\u0642\u062f\u0651\u0631":"\u062f\u0642\u064a\u0642\u062a\u0627\u0646"},"schema":{"@context":"https:\/\/schema.org","@graph":[{"@type":"Article","@id":"https:\/\/lequotidien.mr\/?p=17248&lang=fr#article","isPartOf":{"@id":"https:\/\/lequotidien.mr\/?p=17248&lang=fr"},"author":{"name":"Le Quotidien","@id":"https:\/\/lequotidien.mr\/#\/schema\/person\/f90fcdaa970c60288de4ed2e64a56472"},"headline":"Solidarit\u00e9 Africaine et Diplomatie : La Visite du Pr\u00e9sident Mauritanien \u00e0 Kigali et les Enjeux R\u00e9gionaux","datePublished":"2024-04-07T12:40:58+00:00","mainEntityOfPage":{"@id":"https:\/\/lequotidien.mr\/?p=17248&lang=fr"},"wordCount":403,"commentCount":0,"publisher":{"@id":"https:\/\/lequotidien.mr\/#organization"},"image":{"@id":"https:\/\/lequotidien.mr\/?p=17248&lang=fr#primaryimage"},"thumbnailUrl":"https:\/\/lequotidien.mr\/wp-content\/uploads\/2024\/04\/kgame.webp","articleSection":["ACTUALIT\u00c9","Couverture sp\u00e9cilale"],"inLanguage":"ar","potentialAction":[{"@type":"CommentAction","name":"Comment","target":["https:\/\/lequotidien.mr\/?p=17248&lang=fr#respond"]}]},{"@type":"WebPage","@id":"https:\/\/lequotidien.mr\/?p=17248&lang=fr","url":"https:\/\/lequotidien.mr\/?p=17248&lang=fr","name":"Solidarit\u00e9 Africaine et Diplomatie : La Visite du Pr\u00e9sident Mauritanien \u00e0 Kigali et les Enjeux R\u00e9gionaux - Le Quotidien de Nouakchott","isPartOf":{"@id":"https:\/\/lequotidien.mr\/#website"},"primaryImageOfPage":{"@id":"https:\/\/lequotidien.mr\/?p=17248&lang=fr#primaryimage"},"image":{"@id":"https:\/\/lequotidien.mr\/?p=17248&lang=fr#primaryimage"},"thumbnailUrl":"https:\/\/lequotidien.mr\/wp-content\/uploads\/2024\/04\/kgame.webp","datePublished":"2024-04-07T12:40:58+00:00","breadcrumb":{"@id":"https:\/\/lequotidien.mr\/?p=17248&lang=fr#breadcrumb"},"inLanguage":"ar","potentialAction":[{"@type":"ReadAction","target":["https:\/\/lequotidien.mr\/?p=17248&lang=fr"]}]},{"@type":"ImageObject","inLanguage":"ar","@id":"https:\/\/lequotidien.mr\/?p=17248&lang=fr#primaryimage","url":"https:\/\/lequotidien.mr\/wp-content\/uploads\/2024\/04\/kgame.webp","contentUrl":"https:\/\/lequotidien.mr\/wp-content\/uploads\/2024\/04\/kgame.webp","width":1024,"height":767},{"@type":"BreadcrumbList","@id":"https:\/\/lequotidien.mr\/?p=17248&lang=fr#breadcrumb","itemListElement":[{"@type":"ListItem","position":1,"name":"Home","item":"https:\/\/lequotidien.mr\/"},{"@type":"ListItem","position":2,"name":"Solidarit\u00e9 Africaine et Diplomatie : La Visite du Pr\u00e9sident Mauritanien \u00e0 Kigali et les Enjeux R\u00e9gionaux"}]},{"@type":"WebSite","@id":"https:\/\/lequotidien.mr\/#website","url":"https:\/\/lequotidien.mr\/","name":"Le Quotidien de Nouakchott","description":"\u0625\u062e\u0628\u0627\u0631\u064a\u0629 \u0645\u0633\u062a\u0642\u0644\u0629 \u0644\u0644\u0623\u0646\u0628\u0627\u0621 \u0627\u0644\u0639\u0627\u0645\u0629","publisher":{"@id":"https:\/\/lequotidien.mr\/#organization"},"potentialAction":[{"@type":"SearchAction","target":{"@type":"EntryPoint","urlTemplate":"https:\/\/lequotidien.mr\/?s={search_term_string}"},"query-input":{"@type":"PropertyValueSpecification","valueRequired":true,"valueName":"search_term_string"}}],"inLanguage":"ar"},{"@type":"Organization","@id":"https:\/\/lequotidien.mr\/#organization","name":"Le Quotidien de Nouakchott","url":"https:\/\/lequotidien.mr\/","logo":{"@type":"ImageObject","inLanguage":"ar","@id":"https:\/\/lequotidien.mr\/#\/schema\/logo\/image\/","url":"https:\/\/lequotidien.mr\/wp-content\/uploads\/2022\/11\/logolequotidien.jpg","contentUrl":"https:\/\/lequotidien.mr\/wp-content\/uploads\/2022\/11\/logolequotidien.jpg","width":290,"height":65,"caption":"Le Quotidien de Nouakchott"},"image":{"@id":"https:\/\/lequotidien.mr\/#\/schema\/logo\/image\/"},"sameAs":["https:\/\/web.facebook.com\/lequotidienmr","https:\/\/x.com\/lequotidienmr"]},{"@type":"Person","@id":"https:\/\/lequotidien.mr\/#\/schema\/person\/f90fcdaa970c60288de4ed2e64a56472","name":"Le Quotidien","image":{"@type":"ImageObject","inLanguage":"ar","@id":"https:\/\/secure.gravatar.com\/avatar\/374cb39a1a458a912465a93e5a3ce6546886fc3da809a1f10c63e4e8fcbca30f?s=96&d=mm&r=g","url":"https:\/\/secure.gravatar.com\/avatar\/374cb39a1a458a912465a93e5a3ce6546886fc3da809a1f10c63e4e8fcbca30f?s=96&d=mm&r=g","contentUrl":"https:\/\/secure.gravatar.com\/avatar\/374cb39a1a458a912465a93e5a3ce6546886fc3da809a1f10c63e4e8fcbca30f?s=96&d=mm&r=g","caption":"Le Quotidien"},"sameAs":["https:\/\/lequotidien.mr\/"],"url":"https:\/\/lequotidien.mr\/?author=4"}]}},"_links":{"self":[{"href":"https:\/\/lequotidien.mr\/index.php?rest_route=\/wp\/v2\/posts\/17248","targetHints":{"allow":["GET"]}}],"collection":[{"href":"https:\/\/lequotidien.mr\/index.php?rest_route=\/wp\/v2\/posts"}],"about":[{"href":"https:\/\/lequotidien.mr\/index.php?rest_route=\/wp\/v2\/types\/post"}],"author":[{"embeddable":true,"href":"https:\/\/lequotidien.mr\/index.php?rest_route=\/wp\/v2\/users\/4"}],"replies":[{"embeddable":true,"href":"https:\/\/lequotidien.mr\/index.php?rest_route=%2Fwp%2Fv2%2Fcomments&post=17248"}],"version-history":[{"count":1,"href":"https:\/\/lequotidien.mr\/index.php?rest_route=\/wp\/v2\/posts\/17248\/revisions"}],"predecessor-version":[{"id":17250,"href":"https:\/\/lequotidien.mr\/index.php?rest_route=\/wp\/v2\/posts\/17248\/revisions\/17250"}],"wp:featuredmedia":[{"embeddable":true,"href":"https:\/\/lequotidien.mr\/index.php?rest_route=\/wp\/v2\/media\/17249"}],"wp:attachment":[{"href":"https:\/\/lequotidien.mr\/index.php?rest_route=%2Fwp%2Fv2%2Fmedia&parent=17248"}],"wp:term":[{"taxonomy":"category","embeddable":true,"href":"https:\/\/lequotidien.mr\/index.php?rest_route=%2Fwp%2Fv2%2Fcategories&post=17248"},{"taxonomy":"post_tag","embeddable":true,"href":"https:\/\/lequotidien.mr\/index.php?rest_route=%2Fwp%2Fv2%2Ftags&post=17248"}],"curies":[{"name":"wp","href":"https:\/\/api.w.org\/{rel}","templated":true}]}}