{"id":17177,"date":"2024-04-04T00:15:25","date_gmt":"2024-04-04T00:15:25","guid":{"rendered":"https:\/\/lequotidien.mr\/?p=17177"},"modified":"2024-04-04T00:15:25","modified_gmt":"2024-04-04T00:15:25","slug":"le-president-de-la-republique-preside-la-ceremonie-de-prestation-de-serment-du-president-et-des-membres-de-la-commission-pour-la-transparence-financiere-de-la-vie-publique","status":"publish","type":"post","link":"https:\/\/lequotidien.mr\/?p=17177&lang=fr","title":{"rendered":"Le Pr\u00e9sident de la R\u00e9publique pr\u00e9side la c\u00e9r\u00e9monie de prestation de serment du Pr\u00e9sident et des membres de la Commission pour la transparence financi\u00e8re de la vie publique"},"content":{"rendered":"<p>Aujourd&#8217;hui, mercredi 03 avril 2024, Son Excellence le Pr\u00e9sident de la R\u00e9publique, Monsieur Mohamed Cheikh El Ghazouani, a pr\u00e9sid\u00e9 la c\u00e9r\u00e9monie de prestation de serment du pr\u00e9sident et des membres de la Commission pour la transparence financi\u00e8re de la vie publique, et ce au Palais pr\u00e9sidentiel \u00e0 Nouakchott.<\/p>\n<p>Au d\u00e9but de la c\u00e9r\u00e9monie, Son Excellence le Pr\u00e9sident de la R\u00e9publique a invit\u00e9 le pr\u00e9sident du Comit\u00e9, Cheikh Ahmed Sid Ahmed, pr\u00e9sident de la Cour Supr\u00eame, \u00e0 pr\u00eater le serment l\u00e9gal, avant que Son Excellence n&#8217;appelle les membres du Comit\u00e9 \u00e0 pr\u00eater le m\u00eame serment.<\/p>\n<p>Apr\u00e8s que le Pr\u00e9sident et les membres du Comit\u00e9 aient pr\u00eat\u00e9 serment, Son Excellence le Pr\u00e9sident de la R\u00e9publique a confirm\u00e9 leur nomination \u00e0 leurs nouvelles fonctions.<\/p>\n<p>La c\u00e9r\u00e9monie de prestation de serment s&#8217;est d\u00e9roul\u00e9e en pr\u00e9sence de :<\/p>\n<p>&#8211; Mohamed Bamba Meket, Pr\u00e9sident de l&#8217;Assembl\u00e9e Nationale,<\/p>\n<p>&#8211; Diallo Mamadou Batia, Pr\u00e9sident du Conseil Constitutionnel,<\/p>\n<p>&#8211; Moulaye Mohamed Laghdaf, Ministre Secr\u00e9taire G\u00e9n\u00e9ral de la Pr\u00e9sidence de la R\u00e9publique,<\/p>\n<p>&#8211; Hamid Ahmed Taleb, Pr\u00e9sident de la Cour des Comptes,<\/p>\n<p>&#8211; Iselmou Sid El Moustaph, Pr\u00e9sident du Conseil supr\u00eame pour la Fatwa et les plaintes,<\/p>\n<p>&#8211; Mohamed Lemine Mohamed Lemine, Procureur de la R\u00e9publique pr\u00e8s la Cour Supr\u00eame,<\/p>\n<p>&#8211; Mohamed Mahmoud Lemat, Conseiller \u00e0 la Pr\u00e9sidence de la R\u00e9publique.<\/p>\n<p><strong>Source\u00a0: AMI<\/strong><\/p>\n<p>&nbsp;<\/p>\n","protected":false},"excerpt":{"rendered":"<p>Aujourd&#8217;hui, mercredi 03 avril 2024, Son Excellence le Pr\u00e9sident de la R\u00e9publique, Monsieur Mohamed Cheikh El Ghazouani, a pr\u00e9sid\u00e9 la c\u00e9r\u00e9monie de prestation de serment du pr\u00e9sident et des membres de la Commission pour la transparence financi\u00e8re de la vie publique, et ce au Palais pr\u00e9sidentiel \u00e0 Nouakchott. Au d\u00e9but de la c\u00e9r\u00e9monie, Son Excellence&#8230;..<\/p>\n","protected":false},"author":12,"featured_media":17178,"comment_status":"open","ping_status":"open","sticky":false,"template":"","format":"standard","meta":{"footnotes":""},"categories":[23,49],"tags":[],"class_list":["post-17177","post","type-post","status-publish","format-standard","has-post-thumbnail","hentry","category-actualite","category-economie"],"yoast_head":"<!-- This site is optimized with the Yoast SEO plugin v27.5 - https:\/\/yoast.com\/product\/yoast-seo-wordpress\/ -->\n<title>Le Pr\u00e9sident de la R\u00e9publique pr\u00e9side la c\u00e9r\u00e9monie de prestation de serment du Pr\u00e9sident et des membres de la Commission pour la transparence financi\u00e8re de la vie publique - Le Quotidien de Nouakchott<\/title>\n<meta name=\"robots\" content=\"index, follow, max-snippet:-1, max-image-preview:large, max-video-preview:-1\" \/>\n<link rel=\"canonical\" href=\"https:\/\/lequotidien.mr\/?p=17177&lang=fr\" \/>\n<meta property=\"og:locale\" content=\"ar_AR\" \/>\n<meta property=\"og:type\" content=\"article\" \/>\n<meta property=\"og:title\" content=\"Le Pr\u00e9sident de la R\u00e9publique pr\u00e9side la c\u00e9r\u00e9monie de prestation de serment du Pr\u00e9sident et des membres de la Commission pour la transparence financi\u00e8re de la vie publique - Le Quotidien de Nouakchott\" \/>\n<meta property=\"og:description\" content=\"Aujourd&#8217;hui, mercredi 03 avril 2024, Son Excellence le Pr\u00e9sident de la R\u00e9publique, Monsieur Mohamed Cheikh El Ghazouani, a pr\u00e9sid\u00e9 la c\u00e9r\u00e9monie de prestation de serment du pr\u00e9sident et des membres de la Commission pour la transparence financi\u00e8re de la vie publique, et ce au Palais pr\u00e9sidentiel \u00e0 Nouakchott. Au d\u00e9but de la c\u00e9r\u00e9monie, Son Excellence.....\" \/>\n<meta property=\"og:url\" content=\"https:\/\/lequotidien.mr\/?p=17177&amp;lang=fr\" \/>\n<meta property=\"og:site_name\" content=\"Le Quotidien de Nouakchott\" \/>\n<meta property=\"article:publisher\" content=\"https:\/\/web.facebook.com\/lequotidienmr\" \/>\n<meta property=\"article:published_time\" content=\"2024-04-04T00:15:25+00:00\" \/>\n<meta property=\"og:image\" content=\"https:\/\/lequotidien.mr\/wp-content\/uploads\/2024\/04\/photo-vie-publique.jpg\" \/>\n\t<meta property=\"og:image:width\" content=\"750\" \/>\n\t<meta property=\"og:image:height\" content=\"430\" \/>\n\t<meta property=\"og:image:type\" content=\"image\/jpeg\" \/>\n<meta name=\"author\" content=\"Med Ahmed\" \/>\n<meta name=\"twitter:card\" content=\"summary_large_image\" \/>\n<meta name=\"twitter:creator\" content=\"@lequotidienmr\" \/>\n<meta name=\"twitter:site\" content=\"@lequotidienmr\" \/>\n<meta name=\"twitter:label1\" content=\"\u0643\u064f\u062a\u0628 \u0628\u0648\u0627\u0633\u0637\u0629\" \/>\n\t<meta name=\"twitter:data1\" content=\"Med Ahmed\" \/>\n\t<meta name=\"twitter:label2\" content=\"\u0648\u0642\u062a \u0627\u0644\u0642\u0631\u0627\u0621\u0629 \u0627\u0644\u0645\u064f\u0642\u062f\u0651\u0631\" \/>\n\t<meta name=\"twitter:data2\" content=\"\u062f\u0642\u064a\u0642\u0629 \u0648\u0627\u062d\u062f\u0629\" \/>\n<script type=\"application\/ld+json\" class=\"yoast-schema-graph\">{\"@context\":\"https:\\\/\\\/schema.org\",\"@graph\":[{\"@type\":\"Article\",\"@id\":\"https:\\\/\\\/lequotidien.mr\\\/?p=17177&lang=fr#article\",\"isPartOf\":{\"@id\":\"https:\\\/\\\/lequotidien.mr\\\/?p=17177&lang=fr\"},\"author\":{\"name\":\"Med Ahmed\",\"@id\":\"https:\\\/\\\/lequotidien.mr\\\/#\\\/schema\\\/person\\\/d2d350202a4d599685ed8abc25f97596\"},\"headline\":\"Le Pr\u00e9sident de la R\u00e9publique pr\u00e9side la c\u00e9r\u00e9monie de prestation de serment du Pr\u00e9sident et des membres de la Commission pour la transparence financi\u00e8re de la vie publique\",\"datePublished\":\"2024-04-04T00:15:25+00:00\",\"mainEntityOfPage\":{\"@id\":\"https:\\\/\\\/lequotidien.mr\\\/?p=17177&lang=fr\"},\"wordCount\":291,\"commentCount\":0,\"publisher\":{\"@id\":\"https:\\\/\\\/lequotidien.mr\\\/#organization\"},\"image\":{\"@id\":\"https:\\\/\\\/lequotidien.mr\\\/?p=17177&lang=fr#primaryimage\"},\"thumbnailUrl\":\"https:\\\/\\\/lequotidien.mr\\\/wp-content\\\/uploads\\\/2024\\\/04\\\/photo-vie-publique.jpg\",\"articleSection\":[\"ACTUALIT\u00c9\",\"Economie\"],\"inLanguage\":\"ar\",\"potentialAction\":[{\"@type\":\"CommentAction\",\"name\":\"Comment\",\"target\":[\"https:\\\/\\\/lequotidien.mr\\\/?p=17177&lang=fr#respond\"]}]},{\"@type\":\"WebPage\",\"@id\":\"https:\\\/\\\/lequotidien.mr\\\/?p=17177&lang=fr\",\"url\":\"https:\\\/\\\/lequotidien.mr\\\/?p=17177&lang=fr\",\"name\":\"Le Pr\u00e9sident de la R\u00e9publique pr\u00e9side la c\u00e9r\u00e9monie de prestation de serment du Pr\u00e9sident et des membres de la Commission pour la transparence financi\u00e8re de la vie publique - Le Quotidien de Nouakchott\",\"isPartOf\":{\"@id\":\"https:\\\/\\\/lequotidien.mr\\\/#website\"},\"primaryImageOfPage\":{\"@id\":\"https:\\\/\\\/lequotidien.mr\\\/?p=17177&lang=fr#primaryimage\"},\"image\":{\"@id\":\"https:\\\/\\\/lequotidien.mr\\\/?p=17177&lang=fr#primaryimage\"},\"thumbnailUrl\":\"https:\\\/\\\/lequotidien.mr\\\/wp-content\\\/uploads\\\/2024\\\/04\\\/photo-vie-publique.jpg\",\"datePublished\":\"2024-04-04T00:15:25+00:00\",\"breadcrumb\":{\"@id\":\"https:\\\/\\\/lequotidien.mr\\\/?p=17177&lang=fr#breadcrumb\"},\"inLanguage\":\"ar\",\"potentialAction\":[{\"@type\":\"ReadAction\",\"target\":[\"https:\\\/\\\/lequotidien.mr\\\/?p=17177&lang=fr\"]}]},{\"@type\":\"ImageObject\",\"inLanguage\":\"ar\",\"@id\":\"https:\\\/\\\/lequotidien.mr\\\/?p=17177&lang=fr#primaryimage\",\"url\":\"https:\\\/\\\/lequotidien.mr\\\/wp-content\\\/uploads\\\/2024\\\/04\\\/photo-vie-publique.jpg\",\"contentUrl\":\"https:\\\/\\\/lequotidien.mr\\\/wp-content\\\/uploads\\\/2024\\\/04\\\/photo-vie-publique.jpg\",\"width\":750,\"height\":430},{\"@type\":\"BreadcrumbList\",\"@id\":\"https:\\\/\\\/lequotidien.mr\\\/?p=17177&lang=fr#breadcrumb\",\"itemListElement\":[{\"@type\":\"ListItem\",\"position\":1,\"name\":\"Home\",\"item\":\"https:\\\/\\\/lequotidien.mr\\\/\"},{\"@type\":\"ListItem\",\"position\":2,\"name\":\"Le Pr\u00e9sident de la R\u00e9publique pr\u00e9side la c\u00e9r\u00e9monie de prestation de serment du Pr\u00e9sident et des membres de la Commission pour la transparence financi\u00e8re de la vie publique\"}]},{\"@type\":\"WebSite\",\"@id\":\"https:\\\/\\\/lequotidien.mr\\\/#website\",\"url\":\"https:\\\/\\\/lequotidien.mr\\\/\",\"name\":\"Le Quotidien de Nouakchott\",\"description\":\"\u0625\u062e\u0628\u0627\u0631\u064a\u0629 \u0645\u0633\u062a\u0642\u0644\u0629 \u0644\u0644\u0623\u0646\u0628\u0627\u0621 \u0627\u0644\u0639\u0627\u0645\u0629\",\"publisher\":{\"@id\":\"https:\\\/\\\/lequotidien.mr\\\/#organization\"},\"potentialAction\":[{\"@type\":\"SearchAction\",\"target\":{\"@type\":\"EntryPoint\",\"urlTemplate\":\"https:\\\/\\\/lequotidien.mr\\\/?s={search_term_string}\"},\"query-input\":{\"@type\":\"PropertyValueSpecification\",\"valueRequired\":true,\"valueName\":\"search_term_string\"}}],\"inLanguage\":\"ar\"},{\"@type\":\"Organization\",\"@id\":\"https:\\\/\\\/lequotidien.mr\\\/#organization\",\"name\":\"Le Quotidien de Nouakchott\",\"url\":\"https:\\\/\\\/lequotidien.mr\\\/\",\"logo\":{\"@type\":\"ImageObject\",\"inLanguage\":\"ar\",\"@id\":\"https:\\\/\\\/lequotidien.mr\\\/#\\\/schema\\\/logo\\\/image\\\/\",\"url\":\"https:\\\/\\\/lequotidien.mr\\\/wp-content\\\/uploads\\\/2022\\\/11\\\/logolequotidien.jpg\",\"contentUrl\":\"https:\\\/\\\/lequotidien.mr\\\/wp-content\\\/uploads\\\/2022\\\/11\\\/logolequotidien.jpg\",\"width\":290,\"height\":65,\"caption\":\"Le Quotidien de Nouakchott\"},\"image\":{\"@id\":\"https:\\\/\\\/lequotidien.mr\\\/#\\\/schema\\\/logo\\\/image\\\/\"},\"sameAs\":[\"https:\\\/\\\/web.facebook.com\\\/lequotidienmr\",\"https:\\\/\\\/x.com\\\/lequotidienmr\"]},{\"@type\":\"Person\",\"@id\":\"https:\\\/\\\/lequotidien.mr\\\/#\\\/schema\\\/person\\\/d2d350202a4d599685ed8abc25f97596\",\"name\":\"Med Ahmed\",\"image\":{\"@type\":\"ImageObject\",\"inLanguage\":\"ar\",\"@id\":\"https:\\\/\\\/secure.gravatar.com\\\/avatar\\\/fd2acc62ed50732923d1d39c17172c9b04149f142be92310ecc69e1358f94b52?s=96&d=mm&r=g\",\"url\":\"https:\\\/\\\/secure.gravatar.com\\\/avatar\\\/fd2acc62ed50732923d1d39c17172c9b04149f142be92310ecc69e1358f94b52?s=96&d=mm&r=g\",\"contentUrl\":\"https:\\\/\\\/secure.gravatar.com\\\/avatar\\\/fd2acc62ed50732923d1d39c17172c9b04149f142be92310ecc69e1358f94b52?s=96&d=mm&r=g\",\"caption\":\"Med Ahmed\"},\"url\":\"https:\\\/\\\/lequotidien.mr\\\/?author=12\"}]}<\/script>\n<!-- \/ Yoast SEO plugin. -->","yoast_head_json":{"title":"Le Pr\u00e9sident de la R\u00e9publique pr\u00e9side la c\u00e9r\u00e9monie de prestation de serment du Pr\u00e9sident et des membres de la Commission pour la transparence financi\u00e8re de la vie publique - Le Quotidien de Nouakchott","robots":{"index":"index","follow":"follow","max-snippet":"max-snippet:-1","max-image-preview":"max-image-preview:large","max-video-preview":"max-video-preview:-1"},"canonical":"https:\/\/lequotidien.mr\/?p=17177&lang=fr","og_locale":"ar_AR","og_type":"article","og_title":"Le Pr\u00e9sident de la R\u00e9publique pr\u00e9side la c\u00e9r\u00e9monie de prestation de serment du Pr\u00e9sident et des membres de la Commission pour la transparence financi\u00e8re de la vie publique - Le Quotidien de Nouakchott","og_description":"Aujourd&#8217;hui, mercredi 03 avril 2024, Son Excellence le Pr\u00e9sident de la R\u00e9publique, Monsieur Mohamed Cheikh El Ghazouani, a pr\u00e9sid\u00e9 la c\u00e9r\u00e9monie de prestation de serment du pr\u00e9sident et des membres de la Commission pour la transparence financi\u00e8re de la vie publique, et ce au Palais pr\u00e9sidentiel \u00e0 Nouakchott. Au d\u00e9but de la c\u00e9r\u00e9monie, Son Excellence.....","og_url":"https:\/\/lequotidien.mr\/?p=17177&lang=fr","og_site_name":"Le Quotidien de Nouakchott","article_publisher":"https:\/\/web.facebook.com\/lequotidienmr","article_published_time":"2024-04-04T00:15:25+00:00","og_image":[{"width":750,"height":430,"url":"https:\/\/lequotidien.mr\/wp-content\/uploads\/2024\/04\/photo-vie-publique.jpg","type":"image\/jpeg"}],"author":"Med Ahmed","twitter_card":"summary_large_image","twitter_creator":"@lequotidienmr","twitter_site":"@lequotidienmr","twitter_misc":{"\u0643\u064f\u062a\u0628 \u0628\u0648\u0627\u0633\u0637\u0629":"Med Ahmed","\u0648\u0642\u062a \u0627\u0644\u0642\u0631\u0627\u0621\u0629 \u0627\u0644\u0645\u064f\u0642\u062f\u0651\u0631":"\u062f\u0642\u064a\u0642\u0629 \u0648\u0627\u062d\u062f\u0629"},"schema":{"@context":"https:\/\/schema.org","@graph":[{"@type":"Article","@id":"https:\/\/lequotidien.mr\/?p=17177&lang=fr#article","isPartOf":{"@id":"https:\/\/lequotidien.mr\/?p=17177&lang=fr"},"author":{"name":"Med Ahmed","@id":"https:\/\/lequotidien.mr\/#\/schema\/person\/d2d350202a4d599685ed8abc25f97596"},"headline":"Le Pr\u00e9sident de la R\u00e9publique pr\u00e9side la c\u00e9r\u00e9monie de prestation de serment du Pr\u00e9sident et des membres de la Commission pour la transparence financi\u00e8re de la vie publique","datePublished":"2024-04-04T00:15:25+00:00","mainEntityOfPage":{"@id":"https:\/\/lequotidien.mr\/?p=17177&lang=fr"},"wordCount":291,"commentCount":0,"publisher":{"@id":"https:\/\/lequotidien.mr\/#organization"},"image":{"@id":"https:\/\/lequotidien.mr\/?p=17177&lang=fr#primaryimage"},"thumbnailUrl":"https:\/\/lequotidien.mr\/wp-content\/uploads\/2024\/04\/photo-vie-publique.jpg","articleSection":["ACTUALIT\u00c9","Economie"],"inLanguage":"ar","potentialAction":[{"@type":"CommentAction","name":"Comment","target":["https:\/\/lequotidien.mr\/?p=17177&lang=fr#respond"]}]},{"@type":"WebPage","@id":"https:\/\/lequotidien.mr\/?p=17177&lang=fr","url":"https:\/\/lequotidien.mr\/?p=17177&lang=fr","name":"Le Pr\u00e9sident de la R\u00e9publique pr\u00e9side la c\u00e9r\u00e9monie de prestation de serment du Pr\u00e9sident et des membres de la Commission pour la transparence financi\u00e8re de la vie publique - Le Quotidien de Nouakchott","isPartOf":{"@id":"https:\/\/lequotidien.mr\/#website"},"primaryImageOfPage":{"@id":"https:\/\/lequotidien.mr\/?p=17177&lang=fr#primaryimage"},"image":{"@id":"https:\/\/lequotidien.mr\/?p=17177&lang=fr#primaryimage"},"thumbnailUrl":"https:\/\/lequotidien.mr\/wp-content\/uploads\/2024\/04\/photo-vie-publique.jpg","datePublished":"2024-04-04T00:15:25+00:00","breadcrumb":{"@id":"https:\/\/lequotidien.mr\/?p=17177&lang=fr#breadcrumb"},"inLanguage":"ar","potentialAction":[{"@type":"ReadAction","target":["https:\/\/lequotidien.mr\/?p=17177&lang=fr"]}]},{"@type":"ImageObject","inLanguage":"ar","@id":"https:\/\/lequotidien.mr\/?p=17177&lang=fr#primaryimage","url":"https:\/\/lequotidien.mr\/wp-content\/uploads\/2024\/04\/photo-vie-publique.jpg","contentUrl":"https:\/\/lequotidien.mr\/wp-content\/uploads\/2024\/04\/photo-vie-publique.jpg","width":750,"height":430},{"@type":"BreadcrumbList","@id":"https:\/\/lequotidien.mr\/?p=17177&lang=fr#breadcrumb","itemListElement":[{"@type":"ListItem","position":1,"name":"Home","item":"https:\/\/lequotidien.mr\/"},{"@type":"ListItem","position":2,"name":"Le Pr\u00e9sident de la R\u00e9publique pr\u00e9side la c\u00e9r\u00e9monie de prestation de serment du Pr\u00e9sident et des membres de la Commission pour la transparence financi\u00e8re de la vie publique"}]},{"@type":"WebSite","@id":"https:\/\/lequotidien.mr\/#website","url":"https:\/\/lequotidien.mr\/","name":"Le Quotidien de Nouakchott","description":"\u0625\u062e\u0628\u0627\u0631\u064a\u0629 \u0645\u0633\u062a\u0642\u0644\u0629 \u0644\u0644\u0623\u0646\u0628\u0627\u0621 \u0627\u0644\u0639\u0627\u0645\u0629","publisher":{"@id":"https:\/\/lequotidien.mr\/#organization"},"potentialAction":[{"@type":"SearchAction","target":{"@type":"EntryPoint","urlTemplate":"https:\/\/lequotidien.mr\/?s={search_term_string}"},"query-input":{"@type":"PropertyValueSpecification","valueRequired":true,"valueName":"search_term_string"}}],"inLanguage":"ar"},{"@type":"Organization","@id":"https:\/\/lequotidien.mr\/#organization","name":"Le Quotidien de Nouakchott","url":"https:\/\/lequotidien.mr\/","logo":{"@type":"ImageObject","inLanguage":"ar","@id":"https:\/\/lequotidien.mr\/#\/schema\/logo\/image\/","url":"https:\/\/lequotidien.mr\/wp-content\/uploads\/2022\/11\/logolequotidien.jpg","contentUrl":"https:\/\/lequotidien.mr\/wp-content\/uploads\/2022\/11\/logolequotidien.jpg","width":290,"height":65,"caption":"Le Quotidien de Nouakchott"},"image":{"@id":"https:\/\/lequotidien.mr\/#\/schema\/logo\/image\/"},"sameAs":["https:\/\/web.facebook.com\/lequotidienmr","https:\/\/x.com\/lequotidienmr"]},{"@type":"Person","@id":"https:\/\/lequotidien.mr\/#\/schema\/person\/d2d350202a4d599685ed8abc25f97596","name":"Med Ahmed","image":{"@type":"ImageObject","inLanguage":"ar","@id":"https:\/\/secure.gravatar.com\/avatar\/fd2acc62ed50732923d1d39c17172c9b04149f142be92310ecc69e1358f94b52?s=96&d=mm&r=g","url":"https:\/\/secure.gravatar.com\/avatar\/fd2acc62ed50732923d1d39c17172c9b04149f142be92310ecc69e1358f94b52?s=96&d=mm&r=g","contentUrl":"https:\/\/secure.gravatar.com\/avatar\/fd2acc62ed50732923d1d39c17172c9b04149f142be92310ecc69e1358f94b52?s=96&d=mm&r=g","caption":"Med Ahmed"},"url":"https:\/\/lequotidien.mr\/?author=12"}]}},"_links":{"self":[{"href":"https:\/\/lequotidien.mr\/index.php?rest_route=\/wp\/v2\/posts\/17177","targetHints":{"allow":["GET"]}}],"collection":[{"href":"https:\/\/lequotidien.mr\/index.php?rest_route=\/wp\/v2\/posts"}],"about":[{"href":"https:\/\/lequotidien.mr\/index.php?rest_route=\/wp\/v2\/types\/post"}],"author":[{"embeddable":true,"href":"https:\/\/lequotidien.mr\/index.php?rest_route=\/wp\/v2\/users\/12"}],"replies":[{"embeddable":true,"href":"https:\/\/lequotidien.mr\/index.php?rest_route=%2Fwp%2Fv2%2Fcomments&post=17177"}],"version-history":[{"count":1,"href":"https:\/\/lequotidien.mr\/index.php?rest_route=\/wp\/v2\/posts\/17177\/revisions"}],"predecessor-version":[{"id":17179,"href":"https:\/\/lequotidien.mr\/index.php?rest_route=\/wp\/v2\/posts\/17177\/revisions\/17179"}],"wp:featuredmedia":[{"embeddable":true,"href":"https:\/\/lequotidien.mr\/index.php?rest_route=\/wp\/v2\/media\/17178"}],"wp:attachment":[{"href":"https:\/\/lequotidien.mr\/index.php?rest_route=%2Fwp%2Fv2%2Fmedia&parent=17177"}],"wp:term":[{"taxonomy":"category","embeddable":true,"href":"https:\/\/lequotidien.mr\/index.php?rest_route=%2Fwp%2Fv2%2Fcategories&post=17177"},{"taxonomy":"post_tag","embeddable":true,"href":"https:\/\/lequotidien.mr\/index.php?rest_route=%2Fwp%2Fv2%2Ftags&post=17177"}],"curies":[{"name":"wp","href":"https:\/\/api.w.org\/{rel}","templated":true}]}}