{"id":17017,"date":"2024-03-28T23:23:21","date_gmt":"2024-03-28T23:23:21","guid":{"rendered":"https:\/\/lequotidien.mr\/?p=17017"},"modified":"2024-03-28T23:23:21","modified_gmt":"2024-03-28T23:23:21","slug":"programme-de-promotion-de-lentreprenariat-des-jeunes-un-jalon-vers-lautonomie-socio-economique","status":"publish","type":"post","link":"https:\/\/lequotidien.mr\/?p=17017&lang=fr","title":{"rendered":"Programme de Promotion de l\u2019Entreprenariat des Jeunes: un jalon vers l&#8217;autonomie socio-\u00e9conomique"},"content":{"rendered":"<p>Dans le cadre du programme &#8220;Taahoudati&#8221; initi\u00e9 par Son Excellence le Pr\u00e9sident de la R\u00e9publique, Monsieur \u00a0Mohamed Cheikh El Ghazouani, mettant en avant le r\u00f4le crucial de la jeunesse, une \u00e9tape significative a \u00e9t\u00e9 franchie jeudi dernier \u00e0 Nouakchott. Le minist\u00e8re de la Culture, de la Jeunesse, des Sports et des Relations avec le Parlement a organis\u00e9 une c\u00e9r\u00e9monie m\u00e9morable, marqu\u00e9e par la remise de fonds en esp\u00e8ces \u00e0 une dizaine de jeunes cibl\u00e9s par le Programme de Promotion de l\u2019entrepreneuriat des Jeunes du Secr\u00e9tariat G\u00e9n\u00e9ral des Pays Francophones des (CONFIGS).<\/p>\n<p>Ce geste, fruit d&#8217;une collaboration fructueuse avec le Secr\u00e9tariat G\u00e9n\u00e9ral de la Conf\u00e9rence des Ministres de la Jeunesse et des Sports des Pays Francophones (CONFIGS), incarne un engagement fort en faveur de l&#8217;\u00e9mergence entrepreneuriale des jeunes. Cette initiative ne se limite pas \u00e0 une simple remise de fonds, mais elle symbolise un soutien concret \u00e0 ces jeunes innovateurs, leur permettant d&#8217;acc\u00e9der \u00e0 des ressources financi\u00e8res n\u00e9cessaires \u00e0 la concr\u00e9tisation de leurs projets.<\/p>\n<p>L&#8217;objectif sous-jacent est clair : encourager les initiatives des jeunes et leur offrir de nouvelles perspectives professionnelles. \u00c0 une \u00e9poque o\u00f9 l&#8217;emploi constitue un d\u00e9fi majeur pour de nombreuses jeunes g\u00e9n\u00e9rations, l&#8217;entrepreneuriat et l&#8217;auto-emploi se r\u00e9v\u00e8lent \u00eatre des voies prometteuses vers l&#8217;autonomie \u00e9conomique. En effet, ces derniers offrent aux jeunes la possibilit\u00e9 de devenir les acteurs de leur propre r\u00e9ussite, tout en contribuant au d\u00e9veloppement \u00e9conomique de leur pays.<\/p>\n<p>L&#8217;importance de ce soutien financier ne peut \u00eatre sous-estim\u00e9e. Il permet aux jeunes entrepreneurs de franchir le cap souvent redout\u00e9 de la recherche de financement initial, un obstacle majeur pour de nombreux projets novateurs. En leur offrant un acc\u00e8s facilit\u00e9 \u00e0 des ressources financi\u00e8res, cette d\u00e9marche gouvernementale favorise la concr\u00e9tisation de leurs id\u00e9es et leur permet de transformer leurs r\u00eaves en r\u00e9alit\u00e9.<\/p>\n<p>Cependant, au-del\u00e0 de l&#8217;aspect financier, ce programme encourage \u00e9galement le d\u00e9veloppement de comp\u00e9tences entrepreneuriales chez les jeunes b\u00e9n\u00e9ficiaires. \u00c0 travers un accompagnement personnalis\u00e9, ils b\u00e9n\u00e9ficient de conseils avis\u00e9s et de formations adapt\u00e9es, renfor\u00e7ant ainsi leurs capacit\u00e9s \u00e0 g\u00e9rer efficacement leur entreprise et \u00e0 surmonter les d\u00e9fis rencontr\u00e9s sur le chemin de l&#8217;entrepreneuriat.<\/p>\n<p>La c\u00e9r\u00e9monie de remise de fonds en esp\u00e8ces \u00e0 ces jeunes entrepreneurs marque donc un pas significatif vers la promotion de l&#8217;entrepreneuriat des jeunes en Mauritanie. Cette d\u00e9marche t\u00e9moigne de la volont\u00e9 du gouvernement de placer la jeunesse au c\u0153ur du d\u00e9veloppement socio-\u00e9conomique du pays, tout en ouvrant de nouvelles perspectives d&#8217;emploi et d&#8217;avenir pour les g\u00e9n\u00e9rations futures.<\/p>\n<p>Haut du formulaire<\/p>\n<p>&nbsp;<\/p>\n","protected":false},"excerpt":{"rendered":"<p>Dans le cadre du programme &#8220;Taahoudati&#8221; initi\u00e9 par Son Excellence le Pr\u00e9sident de la R\u00e9publique, Monsieur \u00a0Mohamed Cheikh El Ghazouani, mettant en avant le r\u00f4le crucial de la jeunesse, une \u00e9tape significative a \u00e9t\u00e9 franchie jeudi dernier \u00e0 Nouakchott. Le minist\u00e8re de la Culture, de la Jeunesse, des Sports et des Relations avec le Parlement&#8230;..<\/p>\n","protected":false},"author":12,"featured_media":17018,"comment_status":"open","ping_status":"open","sticky":false,"template":"","format":"standard","meta":{"footnotes":""},"categories":[23,49,55],"tags":[],"class_list":["post-17017","post","type-post","status-publish","format-standard","has-post-thumbnail","hentry","category-actualite","category-economie","category-culture"],"yoast_head":"<!-- This site is optimized with the Yoast SEO plugin v27.5 - https:\/\/yoast.com\/product\/yoast-seo-wordpress\/ -->\n<title>Programme de Promotion de l\u2019Entreprenariat des Jeunes: un jalon vers l&#039;autonomie socio-\u00e9conomique - Le Quotidien de Nouakchott<\/title>\n<meta name=\"robots\" content=\"index, follow, max-snippet:-1, max-image-preview:large, max-video-preview:-1\" \/>\n<link rel=\"canonical\" href=\"https:\/\/lequotidien.mr\/?p=17017&lang=fr\" \/>\n<meta property=\"og:locale\" content=\"ar_AR\" \/>\n<meta property=\"og:type\" content=\"article\" \/>\n<meta property=\"og:title\" content=\"Programme de Promotion de l\u2019Entreprenariat des Jeunes: un jalon vers l&#039;autonomie socio-\u00e9conomique - Le Quotidien de Nouakchott\" \/>\n<meta property=\"og:description\" content=\"Dans le cadre du programme &#8220;Taahoudati&#8221; initi\u00e9 par Son Excellence le Pr\u00e9sident de la R\u00e9publique, Monsieur \u00a0Mohamed Cheikh El Ghazouani, mettant en avant le r\u00f4le crucial de la jeunesse, une \u00e9tape significative a \u00e9t\u00e9 franchie jeudi dernier \u00e0 Nouakchott. Le minist\u00e8re de la Culture, de la Jeunesse, des Sports et des Relations avec le Parlement.....\" \/>\n<meta property=\"og:url\" content=\"https:\/\/lequotidien.mr\/?p=17017&amp;lang=fr\" \/>\n<meta property=\"og:site_name\" content=\"Le Quotidien de Nouakchott\" \/>\n<meta property=\"article:publisher\" content=\"https:\/\/web.facebook.com\/lequotidienmr\" \/>\n<meta property=\"article:published_time\" content=\"2024-03-28T23:23:21+00:00\" \/>\n<meta property=\"og:image\" content=\"https:\/\/lequotidien.mr\/wp-content\/uploads\/2024\/03\/photo-Confeges.jpg\" \/>\n\t<meta property=\"og:image:width\" content=\"335\" \/>\n\t<meta property=\"og:image:height\" content=\"150\" \/>\n\t<meta property=\"og:image:type\" content=\"image\/jpeg\" \/>\n<meta name=\"author\" content=\"Med Ahmed\" \/>\n<meta name=\"twitter:card\" content=\"summary_large_image\" \/>\n<meta name=\"twitter:creator\" content=\"@lequotidienmr\" \/>\n<meta name=\"twitter:site\" content=\"@lequotidienmr\" \/>\n<meta name=\"twitter:label1\" content=\"\u0643\u064f\u062a\u0628 \u0628\u0648\u0627\u0633\u0637\u0629\" \/>\n\t<meta name=\"twitter:data1\" content=\"Med Ahmed\" \/>\n\t<meta name=\"twitter:label2\" content=\"\u0648\u0642\u062a \u0627\u0644\u0642\u0631\u0627\u0621\u0629 \u0627\u0644\u0645\u064f\u0642\u062f\u0651\u0631\" \/>\n\t<meta name=\"twitter:data2\" content=\"\u062f\u0642\u064a\u0642\u062a\u0627\u0646\" \/>\n<script type=\"application\/ld+json\" class=\"yoast-schema-graph\">{\"@context\":\"https:\\\/\\\/schema.org\",\"@graph\":[{\"@type\":\"Article\",\"@id\":\"https:\\\/\\\/lequotidien.mr\\\/?p=17017&lang=fr#article\",\"isPartOf\":{\"@id\":\"https:\\\/\\\/lequotidien.mr\\\/?p=17017&lang=fr\"},\"author\":{\"name\":\"Med Ahmed\",\"@id\":\"https:\\\/\\\/lequotidien.mr\\\/#\\\/schema\\\/person\\\/d2d350202a4d599685ed8abc25f97596\"},\"headline\":\"Programme de Promotion de l\u2019Entreprenariat des Jeunes: un jalon vers l&#8217;autonomie socio-\u00e9conomique\",\"datePublished\":\"2024-03-28T23:23:21+00:00\",\"mainEntityOfPage\":{\"@id\":\"https:\\\/\\\/lequotidien.mr\\\/?p=17017&lang=fr\"},\"wordCount\":484,\"commentCount\":0,\"publisher\":{\"@id\":\"https:\\\/\\\/lequotidien.mr\\\/#organization\"},\"image\":{\"@id\":\"https:\\\/\\\/lequotidien.mr\\\/?p=17017&lang=fr#primaryimage\"},\"thumbnailUrl\":\"https:\\\/\\\/lequotidien.mr\\\/wp-content\\\/uploads\\\/2024\\\/03\\\/photo-Confeges.jpg\",\"articleSection\":[\"ACTUALIT\u00c9\",\"Economie\",\"Culture\"],\"inLanguage\":\"ar\",\"potentialAction\":[{\"@type\":\"CommentAction\",\"name\":\"Comment\",\"target\":[\"https:\\\/\\\/lequotidien.mr\\\/?p=17017&lang=fr#respond\"]}]},{\"@type\":\"WebPage\",\"@id\":\"https:\\\/\\\/lequotidien.mr\\\/?p=17017&lang=fr\",\"url\":\"https:\\\/\\\/lequotidien.mr\\\/?p=17017&lang=fr\",\"name\":\"Programme de Promotion de l\u2019Entreprenariat des Jeunes: un jalon vers l'autonomie socio-\u00e9conomique - Le Quotidien de Nouakchott\",\"isPartOf\":{\"@id\":\"https:\\\/\\\/lequotidien.mr\\\/#website\"},\"primaryImageOfPage\":{\"@id\":\"https:\\\/\\\/lequotidien.mr\\\/?p=17017&lang=fr#primaryimage\"},\"image\":{\"@id\":\"https:\\\/\\\/lequotidien.mr\\\/?p=17017&lang=fr#primaryimage\"},\"thumbnailUrl\":\"https:\\\/\\\/lequotidien.mr\\\/wp-content\\\/uploads\\\/2024\\\/03\\\/photo-Confeges.jpg\",\"datePublished\":\"2024-03-28T23:23:21+00:00\",\"breadcrumb\":{\"@id\":\"https:\\\/\\\/lequotidien.mr\\\/?p=17017&lang=fr#breadcrumb\"},\"inLanguage\":\"ar\",\"potentialAction\":[{\"@type\":\"ReadAction\",\"target\":[\"https:\\\/\\\/lequotidien.mr\\\/?p=17017&lang=fr\"]}]},{\"@type\":\"ImageObject\",\"inLanguage\":\"ar\",\"@id\":\"https:\\\/\\\/lequotidien.mr\\\/?p=17017&lang=fr#primaryimage\",\"url\":\"https:\\\/\\\/lequotidien.mr\\\/wp-content\\\/uploads\\\/2024\\\/03\\\/photo-Confeges.jpg\",\"contentUrl\":\"https:\\\/\\\/lequotidien.mr\\\/wp-content\\\/uploads\\\/2024\\\/03\\\/photo-Confeges.jpg\",\"width\":335,\"height\":150},{\"@type\":\"BreadcrumbList\",\"@id\":\"https:\\\/\\\/lequotidien.mr\\\/?p=17017&lang=fr#breadcrumb\",\"itemListElement\":[{\"@type\":\"ListItem\",\"position\":1,\"name\":\"Home\",\"item\":\"https:\\\/\\\/lequotidien.mr\\\/\"},{\"@type\":\"ListItem\",\"position\":2,\"name\":\"Programme de Promotion de l\u2019Entreprenariat des Jeunes: un jalon vers l&rsquo;autonomie socio-\u00e9conomique\"}]},{\"@type\":\"WebSite\",\"@id\":\"https:\\\/\\\/lequotidien.mr\\\/#website\",\"url\":\"https:\\\/\\\/lequotidien.mr\\\/\",\"name\":\"Le Quotidien de Nouakchott\",\"description\":\"\u0625\u062e\u0628\u0627\u0631\u064a\u0629 \u0645\u0633\u062a\u0642\u0644\u0629 \u0644\u0644\u0623\u0646\u0628\u0627\u0621 \u0627\u0644\u0639\u0627\u0645\u0629\",\"publisher\":{\"@id\":\"https:\\\/\\\/lequotidien.mr\\\/#organization\"},\"potentialAction\":[{\"@type\":\"SearchAction\",\"target\":{\"@type\":\"EntryPoint\",\"urlTemplate\":\"https:\\\/\\\/lequotidien.mr\\\/?s={search_term_string}\"},\"query-input\":{\"@type\":\"PropertyValueSpecification\",\"valueRequired\":true,\"valueName\":\"search_term_string\"}}],\"inLanguage\":\"ar\"},{\"@type\":\"Organization\",\"@id\":\"https:\\\/\\\/lequotidien.mr\\\/#organization\",\"name\":\"Le Quotidien de Nouakchott\",\"url\":\"https:\\\/\\\/lequotidien.mr\\\/\",\"logo\":{\"@type\":\"ImageObject\",\"inLanguage\":\"ar\",\"@id\":\"https:\\\/\\\/lequotidien.mr\\\/#\\\/schema\\\/logo\\\/image\\\/\",\"url\":\"https:\\\/\\\/lequotidien.mr\\\/wp-content\\\/uploads\\\/2022\\\/11\\\/logolequotidien.jpg\",\"contentUrl\":\"https:\\\/\\\/lequotidien.mr\\\/wp-content\\\/uploads\\\/2022\\\/11\\\/logolequotidien.jpg\",\"width\":290,\"height\":65,\"caption\":\"Le Quotidien de Nouakchott\"},\"image\":{\"@id\":\"https:\\\/\\\/lequotidien.mr\\\/#\\\/schema\\\/logo\\\/image\\\/\"},\"sameAs\":[\"https:\\\/\\\/web.facebook.com\\\/lequotidienmr\",\"https:\\\/\\\/x.com\\\/lequotidienmr\"]},{\"@type\":\"Person\",\"@id\":\"https:\\\/\\\/lequotidien.mr\\\/#\\\/schema\\\/person\\\/d2d350202a4d599685ed8abc25f97596\",\"name\":\"Med Ahmed\",\"image\":{\"@type\":\"ImageObject\",\"inLanguage\":\"ar\",\"@id\":\"https:\\\/\\\/secure.gravatar.com\\\/avatar\\\/fd2acc62ed50732923d1d39c17172c9b04149f142be92310ecc69e1358f94b52?s=96&d=mm&r=g\",\"url\":\"https:\\\/\\\/secure.gravatar.com\\\/avatar\\\/fd2acc62ed50732923d1d39c17172c9b04149f142be92310ecc69e1358f94b52?s=96&d=mm&r=g\",\"contentUrl\":\"https:\\\/\\\/secure.gravatar.com\\\/avatar\\\/fd2acc62ed50732923d1d39c17172c9b04149f142be92310ecc69e1358f94b52?s=96&d=mm&r=g\",\"caption\":\"Med Ahmed\"},\"url\":\"https:\\\/\\\/lequotidien.mr\\\/?author=12\"}]}<\/script>\n<!-- \/ Yoast SEO plugin. -->","yoast_head_json":{"title":"Programme de Promotion de l\u2019Entreprenariat des Jeunes: un jalon vers l'autonomie socio-\u00e9conomique - Le Quotidien de Nouakchott","robots":{"index":"index","follow":"follow","max-snippet":"max-snippet:-1","max-image-preview":"max-image-preview:large","max-video-preview":"max-video-preview:-1"},"canonical":"https:\/\/lequotidien.mr\/?p=17017&lang=fr","og_locale":"ar_AR","og_type":"article","og_title":"Programme de Promotion de l\u2019Entreprenariat des Jeunes: un jalon vers l'autonomie socio-\u00e9conomique - Le Quotidien de Nouakchott","og_description":"Dans le cadre du programme &#8220;Taahoudati&#8221; initi\u00e9 par Son Excellence le Pr\u00e9sident de la R\u00e9publique, Monsieur \u00a0Mohamed Cheikh El Ghazouani, mettant en avant le r\u00f4le crucial de la jeunesse, une \u00e9tape significative a \u00e9t\u00e9 franchie jeudi dernier \u00e0 Nouakchott. Le minist\u00e8re de la Culture, de la Jeunesse, des Sports et des Relations avec le Parlement.....","og_url":"https:\/\/lequotidien.mr\/?p=17017&lang=fr","og_site_name":"Le Quotidien de Nouakchott","article_publisher":"https:\/\/web.facebook.com\/lequotidienmr","article_published_time":"2024-03-28T23:23:21+00:00","og_image":[{"width":335,"height":150,"url":"https:\/\/lequotidien.mr\/wp-content\/uploads\/2024\/03\/photo-Confeges.jpg","type":"image\/jpeg"}],"author":"Med Ahmed","twitter_card":"summary_large_image","twitter_creator":"@lequotidienmr","twitter_site":"@lequotidienmr","twitter_misc":{"\u0643\u064f\u062a\u0628 \u0628\u0648\u0627\u0633\u0637\u0629":"Med Ahmed","\u0648\u0642\u062a \u0627\u0644\u0642\u0631\u0627\u0621\u0629 \u0627\u0644\u0645\u064f\u0642\u062f\u0651\u0631":"\u062f\u0642\u064a\u0642\u062a\u0627\u0646"},"schema":{"@context":"https:\/\/schema.org","@graph":[{"@type":"Article","@id":"https:\/\/lequotidien.mr\/?p=17017&lang=fr#article","isPartOf":{"@id":"https:\/\/lequotidien.mr\/?p=17017&lang=fr"},"author":{"name":"Med Ahmed","@id":"https:\/\/lequotidien.mr\/#\/schema\/person\/d2d350202a4d599685ed8abc25f97596"},"headline":"Programme de Promotion de l\u2019Entreprenariat des Jeunes: un jalon vers l&#8217;autonomie socio-\u00e9conomique","datePublished":"2024-03-28T23:23:21+00:00","mainEntityOfPage":{"@id":"https:\/\/lequotidien.mr\/?p=17017&lang=fr"},"wordCount":484,"commentCount":0,"publisher":{"@id":"https:\/\/lequotidien.mr\/#organization"},"image":{"@id":"https:\/\/lequotidien.mr\/?p=17017&lang=fr#primaryimage"},"thumbnailUrl":"https:\/\/lequotidien.mr\/wp-content\/uploads\/2024\/03\/photo-Confeges.jpg","articleSection":["ACTUALIT\u00c9","Economie","Culture"],"inLanguage":"ar","potentialAction":[{"@type":"CommentAction","name":"Comment","target":["https:\/\/lequotidien.mr\/?p=17017&lang=fr#respond"]}]},{"@type":"WebPage","@id":"https:\/\/lequotidien.mr\/?p=17017&lang=fr","url":"https:\/\/lequotidien.mr\/?p=17017&lang=fr","name":"Programme de Promotion de l\u2019Entreprenariat des Jeunes: un jalon vers l'autonomie socio-\u00e9conomique - Le Quotidien de Nouakchott","isPartOf":{"@id":"https:\/\/lequotidien.mr\/#website"},"primaryImageOfPage":{"@id":"https:\/\/lequotidien.mr\/?p=17017&lang=fr#primaryimage"},"image":{"@id":"https:\/\/lequotidien.mr\/?p=17017&lang=fr#primaryimage"},"thumbnailUrl":"https:\/\/lequotidien.mr\/wp-content\/uploads\/2024\/03\/photo-Confeges.jpg","datePublished":"2024-03-28T23:23:21+00:00","breadcrumb":{"@id":"https:\/\/lequotidien.mr\/?p=17017&lang=fr#breadcrumb"},"inLanguage":"ar","potentialAction":[{"@type":"ReadAction","target":["https:\/\/lequotidien.mr\/?p=17017&lang=fr"]}]},{"@type":"ImageObject","inLanguage":"ar","@id":"https:\/\/lequotidien.mr\/?p=17017&lang=fr#primaryimage","url":"https:\/\/lequotidien.mr\/wp-content\/uploads\/2024\/03\/photo-Confeges.jpg","contentUrl":"https:\/\/lequotidien.mr\/wp-content\/uploads\/2024\/03\/photo-Confeges.jpg","width":335,"height":150},{"@type":"BreadcrumbList","@id":"https:\/\/lequotidien.mr\/?p=17017&lang=fr#breadcrumb","itemListElement":[{"@type":"ListItem","position":1,"name":"Home","item":"https:\/\/lequotidien.mr\/"},{"@type":"ListItem","position":2,"name":"Programme de Promotion de l\u2019Entreprenariat des Jeunes: un jalon vers l&rsquo;autonomie socio-\u00e9conomique"}]},{"@type":"WebSite","@id":"https:\/\/lequotidien.mr\/#website","url":"https:\/\/lequotidien.mr\/","name":"Le Quotidien de Nouakchott","description":"\u0625\u062e\u0628\u0627\u0631\u064a\u0629 \u0645\u0633\u062a\u0642\u0644\u0629 \u0644\u0644\u0623\u0646\u0628\u0627\u0621 \u0627\u0644\u0639\u0627\u0645\u0629","publisher":{"@id":"https:\/\/lequotidien.mr\/#organization"},"potentialAction":[{"@type":"SearchAction","target":{"@type":"EntryPoint","urlTemplate":"https:\/\/lequotidien.mr\/?s={search_term_string}"},"query-input":{"@type":"PropertyValueSpecification","valueRequired":true,"valueName":"search_term_string"}}],"inLanguage":"ar"},{"@type":"Organization","@id":"https:\/\/lequotidien.mr\/#organization","name":"Le Quotidien de Nouakchott","url":"https:\/\/lequotidien.mr\/","logo":{"@type":"ImageObject","inLanguage":"ar","@id":"https:\/\/lequotidien.mr\/#\/schema\/logo\/image\/","url":"https:\/\/lequotidien.mr\/wp-content\/uploads\/2022\/11\/logolequotidien.jpg","contentUrl":"https:\/\/lequotidien.mr\/wp-content\/uploads\/2022\/11\/logolequotidien.jpg","width":290,"height":65,"caption":"Le Quotidien de Nouakchott"},"image":{"@id":"https:\/\/lequotidien.mr\/#\/schema\/logo\/image\/"},"sameAs":["https:\/\/web.facebook.com\/lequotidienmr","https:\/\/x.com\/lequotidienmr"]},{"@type":"Person","@id":"https:\/\/lequotidien.mr\/#\/schema\/person\/d2d350202a4d599685ed8abc25f97596","name":"Med Ahmed","image":{"@type":"ImageObject","inLanguage":"ar","@id":"https:\/\/secure.gravatar.com\/avatar\/fd2acc62ed50732923d1d39c17172c9b04149f142be92310ecc69e1358f94b52?s=96&d=mm&r=g","url":"https:\/\/secure.gravatar.com\/avatar\/fd2acc62ed50732923d1d39c17172c9b04149f142be92310ecc69e1358f94b52?s=96&d=mm&r=g","contentUrl":"https:\/\/secure.gravatar.com\/avatar\/fd2acc62ed50732923d1d39c17172c9b04149f142be92310ecc69e1358f94b52?s=96&d=mm&r=g","caption":"Med Ahmed"},"url":"https:\/\/lequotidien.mr\/?author=12"}]}},"_links":{"self":[{"href":"https:\/\/lequotidien.mr\/index.php?rest_route=\/wp\/v2\/posts\/17017","targetHints":{"allow":["GET"]}}],"collection":[{"href":"https:\/\/lequotidien.mr\/index.php?rest_route=\/wp\/v2\/posts"}],"about":[{"href":"https:\/\/lequotidien.mr\/index.php?rest_route=\/wp\/v2\/types\/post"}],"author":[{"embeddable":true,"href":"https:\/\/lequotidien.mr\/index.php?rest_route=\/wp\/v2\/users\/12"}],"replies":[{"embeddable":true,"href":"https:\/\/lequotidien.mr\/index.php?rest_route=%2Fwp%2Fv2%2Fcomments&post=17017"}],"version-history":[{"count":1,"href":"https:\/\/lequotidien.mr\/index.php?rest_route=\/wp\/v2\/posts\/17017\/revisions"}],"predecessor-version":[{"id":17019,"href":"https:\/\/lequotidien.mr\/index.php?rest_route=\/wp\/v2\/posts\/17017\/revisions\/17019"}],"wp:featuredmedia":[{"embeddable":true,"href":"https:\/\/lequotidien.mr\/index.php?rest_route=\/wp\/v2\/media\/17018"}],"wp:attachment":[{"href":"https:\/\/lequotidien.mr\/index.php?rest_route=%2Fwp%2Fv2%2Fmedia&parent=17017"}],"wp:term":[{"taxonomy":"category","embeddable":true,"href":"https:\/\/lequotidien.mr\/index.php?rest_route=%2Fwp%2Fv2%2Fcategories&post=17017"},{"taxonomy":"post_tag","embeddable":true,"href":"https:\/\/lequotidien.mr\/index.php?rest_route=%2Fwp%2Fv2%2Ftags&post=17017"}],"curies":[{"name":"wp","href":"https:\/\/api.w.org\/{rel}","templated":true}]}}