{"id":16786,"date":"2024-03-18T10:19:19","date_gmt":"2024-03-18T10:19:19","guid":{"rendered":"https:\/\/lequotidien.mr\/?p=16786"},"modified":"2024-03-18T10:19:19","modified_gmt":"2024-03-18T10:19:19","slug":"la-banque-centrale-de-mauritanie-aux-prises-avec-le-desordre-monetaire-5-par-maitre-taleb-khyar-ould-mohamed-mouloud","status":"publish","type":"post","link":"https:\/\/lequotidien.mr\/?p=16786&lang=fr","title":{"rendered":"La Banque Centrale de Mauritanie, aux prises avec le d\u00e9sordre mon\u00e9taire (5) Par ma\u00eetre Taleb Khyar ould Mohamed Mouloud*"},"content":{"rendered":"<p>Qui l\u2019e\u00fbt cru ? L\u2019opinion dominante ne pouvait imaginer que dans un pays comme la Mauritanie, et plusieurs autres de la r\u00e9gion du Sahel, et d\u2019autres encore de la plan\u00e8te o\u00f9 l\u2019\u00e9conomie de rente a toujours \u00e9t\u00e9 \u00e0 son comble, on se r\u00e9soudrait enfin \u00e0 privil\u00e9gier une politique de restriction mon\u00e9taire sur celle de l\u2019expansion budg\u00e9taire, pour combattre les chocs inflationnistes.<\/p>\n<p>Des ind\u00e9pendances \u00e0 nos jours, toutes les politiques \u00e9conomiques qui se sont succ\u00e9d\u00e9es, ont eu recours de mani\u00e8re constante, stable , suivie, permanente, et sans discontinuit\u00e9 aucune, \u00e0 l\u2019endettement public, y compris en faisant tourner la planche \u00e0 billets, pour financer des d\u00e9ficits budg\u00e9taires syst\u00e9matiques, constamment reconduits et aggrav\u00e9s d\u2019ann\u00e9e en ann\u00e9e.<\/p>\n<p>S\u2019il est vrai que la dette publique a atteint des proportions astronomiques lors de la guerre du Sahara, ce qui peut se comprendre, elle n\u2019a plus reflu\u00e9 depuis, et cette tendance s\u2019est poursuivie, avec la m\u00eame persistance d\u2019avant-guerre.<\/p>\n<p>Il faut rechercher cette d\u00e9pendance \u00e0 l\u2019endettement, dans la conception fortement enracin\u00e9e chez nos dirigeants, que le budget est un instrument de domination politique, destin\u00e9 d\u2019abord et avant tout, \u00e0 financer le maintien au pouvoir, et sa pr\u00e9servation.<\/p>\n<p>Il faut donc l\u2019alimenter, y compris \u00e0 coups de cavaliers budg\u00e9taires, parce que c\u2019est la s\u00e8ve nourrici\u00e8re des pouvoirs politiques en place ; c\u2019est l\u2019arme qui permet de maintenir le peuple en laisse, \u00e0 coups de prodigalit\u00e9s inconsid\u00e9r\u00e9es.<\/p>\n<p>A cette fin, le peuple doit se sentir assist\u00e9 ; il doit tendre la main que l\u2019on remplira, en creusant d\u2019ann\u00e9e en ann\u00e9e, les d\u00e9ficits budg\u00e9taires, et d\u2019ann\u00e9e en ann\u00e9e, la masse des assist\u00e9s augmentant, l\u2019Etat n\u2019ayant de cesse de recourir \u00e0 l\u2019endettement, toujours plus d\u2019endettement, pour que la main-tendue du peuple le soit davantage.<\/p>\n<p>Cette politique \u00e9conomique a cr\u00e9\u00e9 des assist\u00e9s, des hommes et des femmes \u00e0 la main tendue, des sujets, pas des citoyens.<\/p>\n<p>Aujourd\u2019hui, les r\u00e9sultats sont l\u00e0 ! Emanation et assise d\u2019une bourgeoisie bureaucratique qui se bat bec et ongles pour pr\u00e9server ses int\u00e9r\u00eats, aliment\u00e9s, entretenus par l\u2019endettement syst\u00e9matique de l\u2019Etat pour financer de pr\u00e9tendus efforts de d\u00e9veloppement, alors que cet endettement , pr\u00e9vu par des lois de finance vot\u00e9es, et adopt\u00e9es en dehors de tout cadre normatif, permet uniquement \u00e0 cette bourgeoisie bureaucratique de financer une client\u00e8le \u00e9lectorale, qui prend parfois les allures d\u2019une v\u00e9ritable milice priv\u00e9e, comme on peut le constater de mani\u00e8re crue dans certains pays.<\/p>\n<p>Par ailleurs, cet endettement est toujours accompagn\u00e9 de fa\u00e7on m\u00e9canique, par une \u00e9viction de l\u2019investissement priv\u00e9 ; toute la litt\u00e9rature \u00e9conomique, \u00e0 quelque \u00e9cole qu\u2019elle appartienne, retient de fa\u00e7on unanime, l\u2019effet d\u2019\u00e9viction des d\u00e9penses publiques sur l\u2019investissement priv\u00e9, alors que c\u2019est l\u2019investissement priv\u00e9 qui cr\u00e9e de la richesse, de l\u2019emploi, fabrique du capital.<\/p>\n<p>Il est temps de mettre fin \u00e0 cette ambig\u00fcit\u00e9 s\u00e9mantique qui pr\u00e9sente l\u2019Etat comme un \u00ab investisseur \u00bb ; les Etats n\u2019investissent pas, ils d\u00e9pensent les deniers publics , et lorsqu\u2019un Etat affecte une d\u00e9pense publique \u00e0 la cr\u00e9ation d\u2019un h\u00f4pital, d\u2019une route, d\u2019une \u00e9cole, il n\u2019investit pas, parce que l\u2019objectif recherch\u00e9 n\u2019est pas de cr\u00e9er de la richesse, mais d\u2019am\u00e9liorer le service public, ce qui est en soi louable, mais ne saurait constituer un investissement.<\/p>\n<p>Evidemment, on peut toujours, dans le cadre de l\u2019\u00e9valuation des politiques publiques, appr\u00e9cier les retomb\u00e9es sociales et macro-\u00e9conomiques de telles ou telles d\u00e9penses publiques, mais ni le champ du raisonnement, ni les crit\u00e8res d\u2019\u00e9valuation ne sont comparables \u00e0 ceux pris en consid\u00e9ration dans le calcul de la rentabilit\u00e9 financi\u00e8re d\u2019un investissement, pour lequel on aurait mis en place un capital, \u00e0 des fins lucratives.<\/p>\n<p>L\u2019Etat doit renouer avec ses fonctions r\u00e9galiennes classiques , et s\u2019abstenir de s\u2019embourber dans des probl\u00e8mes d\u2019intendance, en mobilisant des financements \u00e0 fonds perdu.<\/p>\n<p>L\u2019Etat- Providence, et les autre notions voisines, ne servent qu\u2019\u00e0 justifier l\u2019immixtion de bureaucrates en mal de pouvoir dans le domaine du droit priv\u00e9, or ces bureaucrates sont plut\u00f4t experts en paperasses, et discours d\u00e9magogiques et l\u00e9nifiants, qu\u2019en toute autre chose. Selon l\u2019\u00e9conomiste Herbert Stein, les choses qui ne peuvent perdurer ind\u00e9finiment, finissent par s\u2019arr\u00eater ; ainsi en est-il de l\u2019endettement public, auquel il faudra bien trouver une voie alternative, qui ne peut \u00eatre que l\u2019investissement priv\u00e9 ; il n\u2019y en pas d\u2019autres.<\/p>\n<p>Au vu de ces observations, il faut souhaiter que les d\u00e9cisions de la Banque Centrale, viennent sonner le glas de la pr\u00e9\u00e9minence de la politique budg\u00e9taire sur la politique mon\u00e9taire.<\/p>\n<p>La mission que s\u2019est fix\u00e9e la Banque Centrale n\u2019est pas de tout repos, puisqu\u2019il s\u2019agit de remplacer un mod\u00e8le \u00e9conomique d\u00e9suet, par un autre dont la performance est av\u00e9r\u00e9e.<\/p>\n<p>Il va de soi que tous ceux qui b\u00e9n\u00e9ficient de l\u2019ancien mod\u00e8le , et des privil\u00e8ges qu\u2019ils en tirent ne garderont pas les bras crois\u00e9s ; ils se battront avec l\u2019\u00e9nergie du converti, pour que les choses reviennent tr\u00e8s vite \u00e0 l\u2019ancienne, qu\u2019\u00e0 Dieu ne plaise.<\/p>\n<p>Tout l\u2019attirail de chefs de tribus, chefs de partis vampiris\u00e9s*, et autres courtisans d\u00e9guis\u00e9s ou affich\u00e9s du pouvoir, viendront barrer la route \u00e0 la politique mon\u00e9taire courageusement initi\u00e9e par la Banque Centrale, face \u00e0 une inflation qui menace toutes les \u00e9conomies du monde, y compris les plus performantes.<\/p>\n<p>Ce n\u2019est pas un fait du hasard si, en Europe, on assiste \u00e0 une v\u00e9ritable remise en cause de r\u00e8gles sacro-saintes de l\u2019Union, pour satisfaire des agriculteurs entr\u00e9s en r\u00e9bellion ouverte, affich\u00e9e, assum\u00e9e ; que dans des pays comme le Nig\u00e9ria, on n\u2019a de cesse de chercher la solution qui permettrait de ralentir la chute du naira vers des profondeurs abyssales ; qu\u2019en Tunisie, la Banque Centrale soit exceptionnellement mise \u00e0 contribution pour all\u00e9ger l\u2019endettement du pays ; qu\u2019en Afrique de l\u2019Ouest, la perspective d\u2019une souverainet\u00e9 mon\u00e9taire, soit plus que jamais d\u2019actualit\u00e9 ; que l\u2019aide publique au d\u00e9veloppement soit remise en cause par son principal pourvoyeur\u2026\u2026\u2026\u2026etc.<\/p>\n<p>Le p\u00e9ril est imminent ! L\u2019inflation qui gagne du terrain partout dans le monde, n\u2019est \u00e0 nulle autre comparable.<\/p>\n<p>Il faut voir l\u2019\u00e9mergence toute puissante des crispations et \u00e9go\u00efsmes nationaux, pour en appr\u00e9cier les cons\u00e9quences, y compris \u00e0 l\u2019int\u00e9rieur de grands ensembles \u00e9conomiques, comme l\u2019Union Europ\u00e9enne, o\u00f9 des produits de pays partenaires sont refoul\u00e9s aux fronti\u00e8res de pays membres de la communaut\u00e9, et les camions les transportant, renvers\u00e9s ; m\u00eame les c\u00e9r\u00e9ales ukrainiennes ne font pas exception, tax\u00e9es de concurrencer d\u00e9loyalement la production de pays europ\u00e9ens, par lesquelles ces c\u00e9r\u00e9ales ne font pourtant que transiter.<\/p>\n<p>L\u2019inflation alt\u00e8re la monnaie ; une monnaie alt\u00e9r\u00e9e est un facteur puissant de d\u00e9stabilisation, pour ne pas dire le moyen le plus s\u00fbr de d\u00e9truire un pays sans recourir aux armes ; la monnaie d\u2019un pays, c\u2019est sa stabilit\u00e9.<\/p>\n<p>En l\u2019absence de march\u00e9s de capitaux que pourra combler la solidit\u00e9 financi\u00e8re attendue des banques de la place , partenaires strat\u00e9giques dans ce combat existentiel, la politique de restriction mon\u00e9taire pr\u00e9conis\u00e9e par la Banque Centrale demeure le seul rem\u00e8de aux menaces qui p\u00e8sent sur l\u2019ouguiya , en cons\u00e9quence de l\u2019inflation qui, selon Milton Friedman, prix Nobel d\u2019\u00e9conomie, \u00ab est toujours et partout un ph\u00e9nom\u00e8ne mon\u00e9taire \u00bb.<\/p>\n<p>Cette conclusion du prix Nobel d\u2019\u00e9conomie, est fond\u00e9e sur des donn\u00e9es qui , bien qu\u2019empiriques, n\u2019en sont pas moins authentifi\u00e9es historiquement, et viennent confirmer la corr\u00e9lation positive entre croissance de la quantit\u00e9 de monnaie et inflation.<\/p>\n<p>Il ne faut donc pas, que nous perdions notre temps \u00e0 vouloir r\u00e9\u00e9diter les solutions obsol\u00e8tes fond\u00e9es sur des ajustements budg\u00e9taires , qui ont marqu\u00e9 les ann\u00e9es 90, et dont on vit encore les cons\u00e9quences n\u00e9fastes sur notre sant\u00e9, notre \u00e9ducation , notre mieux-\u00eatre. (\u00e0 suivre)<\/p>\n<p>*Avocat \u00e0 la Cour<\/p>\n<p>*Ancien membre du Conseil de l\u2019Ordre<\/p>\n<p>*Les partis vampiris\u00e9s ne vivent pas des cotisations de leurs adh\u00e9rents, mais de financements externes qui font des dirigeants de ces partis, des commandit\u00e9s au service des apporteurs de capitaux qui en sont les v\u00e9ritables commanditaires.<\/p>\n<p>En droit des restructurations des entreprises, la vampirisation s\u2019exprime \u00e0 travers le contr\u00f4le d\u2019une soci\u00e9t\u00e9 par une autre, ou son absorption, et parfois son acquisition pure et simple, ou sa filialisation ; c\u2019est aussi une variante possible d\u2019op\u00e9rations de restructuration \u00e0 caract\u00e8re inamical, voire agressif.<\/p>\n","protected":false},"excerpt":{"rendered":"<p>Qui l\u2019e\u00fbt cru ? L\u2019opinion dominante ne pouvait imaginer que dans un pays comme la Mauritanie, et plusieurs autres de la r\u00e9gion du Sahel, et d\u2019autres encore de la plan\u00e8te o\u00f9 l\u2019\u00e9conomie de rente a toujours \u00e9t\u00e9 \u00e0 son comble, on se r\u00e9soudrait enfin \u00e0 privil\u00e9gier une politique de restriction mon\u00e9taire sur celle de l\u2019expansion&#8230;..<\/p>\n","protected":false},"author":4,"featured_media":16787,"comment_status":"open","ping_status":"open","sticky":false,"template":"","format":"standard","meta":{"footnotes":""},"categories":[59],"tags":[],"class_list":["post-16786","post","type-post","status-publish","format-standard","has-post-thumbnail","hentry","category-opinion"],"yoast_head":"<!-- This site is optimized with the Yoast SEO plugin v27.5 - https:\/\/yoast.com\/product\/yoast-seo-wordpress\/ -->\n<title>La Banque Centrale de Mauritanie, aux prises avec le d\u00e9sordre mon\u00e9taire (5) Par ma\u00eetre Taleb Khyar ould Mohamed Mouloud* - Le Quotidien de Nouakchott<\/title>\n<meta name=\"robots\" content=\"index, follow, max-snippet:-1, max-image-preview:large, max-video-preview:-1\" \/>\n<link rel=\"canonical\" href=\"https:\/\/lequotidien.mr\/?p=16786&lang=fr\" \/>\n<meta property=\"og:locale\" content=\"ar_AR\" \/>\n<meta property=\"og:type\" content=\"article\" \/>\n<meta property=\"og:title\" content=\"La Banque Centrale de Mauritanie, aux prises avec le d\u00e9sordre mon\u00e9taire (5) Par ma\u00eetre Taleb Khyar ould Mohamed Mouloud* - Le Quotidien de Nouakchott\" \/>\n<meta property=\"og:description\" content=\"Qui l\u2019e\u00fbt cru ? L\u2019opinion dominante ne pouvait imaginer que dans un pays comme la Mauritanie, et plusieurs autres de la r\u00e9gion du Sahel, et d\u2019autres encore de la plan\u00e8te o\u00f9 l\u2019\u00e9conomie de rente a toujours \u00e9t\u00e9 \u00e0 son comble, on se r\u00e9soudrait enfin \u00e0 privil\u00e9gier une politique de restriction mon\u00e9taire sur celle de l\u2019expansion.....\" \/>\n<meta property=\"og:url\" content=\"https:\/\/lequotidien.mr\/?p=16786&amp;lang=fr\" \/>\n<meta property=\"og:site_name\" content=\"Le Quotidien de Nouakchott\" \/>\n<meta property=\"article:publisher\" content=\"https:\/\/web.facebook.com\/lequotidienmr\" \/>\n<meta property=\"article:published_time\" content=\"2024-03-18T10:19:19+00:00\" \/>\n<meta property=\"og:image\" content=\"https:\/\/lequotidien.mr\/wp-content\/uploads\/2024\/03\/Taleb_Khyar_ouloud_0012_5.jpg\" \/>\n\t<meta property=\"og:image:width\" content=\"300\" \/>\n\t<meta property=\"og:image:height\" content=\"200\" \/>\n\t<meta property=\"og:image:type\" content=\"image\/jpeg\" \/>\n<meta name=\"author\" content=\"Le Quotidien\" \/>\n<meta name=\"twitter:card\" content=\"summary_large_image\" \/>\n<meta name=\"twitter:creator\" content=\"@lequotidienmr\" \/>\n<meta name=\"twitter:site\" content=\"@lequotidienmr\" \/>\n<meta name=\"twitter:label1\" content=\"\u0643\u064f\u062a\u0628 \u0628\u0648\u0627\u0633\u0637\u0629\" \/>\n\t<meta name=\"twitter:data1\" content=\"Le Quotidien\" \/>\n\t<meta name=\"twitter:label2\" content=\"\u0648\u0642\u062a \u0627\u0644\u0642\u0631\u0627\u0621\u0629 \u0627\u0644\u0645\u064f\u0642\u062f\u0651\u0631\" \/>\n\t<meta name=\"twitter:data2\" content=\"8 \u062f\u0642\u0627\u0626\u0642\" \/>\n<script type=\"application\/ld+json\" class=\"yoast-schema-graph\">{\"@context\":\"https:\\\/\\\/schema.org\",\"@graph\":[{\"@type\":\"Article\",\"@id\":\"https:\\\/\\\/lequotidien.mr\\\/?p=16786&lang=fr#article\",\"isPartOf\":{\"@id\":\"https:\\\/\\\/lequotidien.mr\\\/?p=16786&lang=fr\"},\"author\":{\"name\":\"Le Quotidien\",\"@id\":\"https:\\\/\\\/lequotidien.mr\\\/#\\\/schema\\\/person\\\/f90fcdaa970c60288de4ed2e64a56472\"},\"headline\":\"La Banque Centrale de Mauritanie, aux prises avec le d\u00e9sordre mon\u00e9taire (5) Par ma\u00eetre Taleb Khyar ould Mohamed Mouloud*\",\"datePublished\":\"2024-03-18T10:19:19+00:00\",\"mainEntityOfPage\":{\"@id\":\"https:\\\/\\\/lequotidien.mr\\\/?p=16786&lang=fr\"},\"wordCount\":1548,\"commentCount\":0,\"publisher\":{\"@id\":\"https:\\\/\\\/lequotidien.mr\\\/#organization\"},\"image\":{\"@id\":\"https:\\\/\\\/lequotidien.mr\\\/?p=16786&lang=fr#primaryimage\"},\"thumbnailUrl\":\"https:\\\/\\\/lequotidien.mr\\\/wp-content\\\/uploads\\\/2024\\\/03\\\/Taleb_Khyar_ouloud_0012_5.jpg\",\"articleSection\":[\"Opinion\"],\"inLanguage\":\"ar\",\"potentialAction\":[{\"@type\":\"CommentAction\",\"name\":\"Comment\",\"target\":[\"https:\\\/\\\/lequotidien.mr\\\/?p=16786&lang=fr#respond\"]}]},{\"@type\":\"WebPage\",\"@id\":\"https:\\\/\\\/lequotidien.mr\\\/?p=16786&lang=fr\",\"url\":\"https:\\\/\\\/lequotidien.mr\\\/?p=16786&lang=fr\",\"name\":\"La Banque Centrale de Mauritanie, aux prises avec le d\u00e9sordre mon\u00e9taire (5) Par ma\u00eetre Taleb Khyar ould Mohamed Mouloud* - Le Quotidien de Nouakchott\",\"isPartOf\":{\"@id\":\"https:\\\/\\\/lequotidien.mr\\\/#website\"},\"primaryImageOfPage\":{\"@id\":\"https:\\\/\\\/lequotidien.mr\\\/?p=16786&lang=fr#primaryimage\"},\"image\":{\"@id\":\"https:\\\/\\\/lequotidien.mr\\\/?p=16786&lang=fr#primaryimage\"},\"thumbnailUrl\":\"https:\\\/\\\/lequotidien.mr\\\/wp-content\\\/uploads\\\/2024\\\/03\\\/Taleb_Khyar_ouloud_0012_5.jpg\",\"datePublished\":\"2024-03-18T10:19:19+00:00\",\"breadcrumb\":{\"@id\":\"https:\\\/\\\/lequotidien.mr\\\/?p=16786&lang=fr#breadcrumb\"},\"inLanguage\":\"ar\",\"potentialAction\":[{\"@type\":\"ReadAction\",\"target\":[\"https:\\\/\\\/lequotidien.mr\\\/?p=16786&lang=fr\"]}]},{\"@type\":\"ImageObject\",\"inLanguage\":\"ar\",\"@id\":\"https:\\\/\\\/lequotidien.mr\\\/?p=16786&lang=fr#primaryimage\",\"url\":\"https:\\\/\\\/lequotidien.mr\\\/wp-content\\\/uploads\\\/2024\\\/03\\\/Taleb_Khyar_ouloud_0012_5.jpg\",\"contentUrl\":\"https:\\\/\\\/lequotidien.mr\\\/wp-content\\\/uploads\\\/2024\\\/03\\\/Taleb_Khyar_ouloud_0012_5.jpg\",\"width\":300,\"height\":200},{\"@type\":\"BreadcrumbList\",\"@id\":\"https:\\\/\\\/lequotidien.mr\\\/?p=16786&lang=fr#breadcrumb\",\"itemListElement\":[{\"@type\":\"ListItem\",\"position\":1,\"name\":\"Home\",\"item\":\"https:\\\/\\\/lequotidien.mr\\\/\"},{\"@type\":\"ListItem\",\"position\":2,\"name\":\"La Banque Centrale de Mauritanie, aux prises avec le d\u00e9sordre mon\u00e9taire (5) Par ma\u00eetre Taleb Khyar ould Mohamed Mouloud*\"}]},{\"@type\":\"WebSite\",\"@id\":\"https:\\\/\\\/lequotidien.mr\\\/#website\",\"url\":\"https:\\\/\\\/lequotidien.mr\\\/\",\"name\":\"Le Quotidien de Nouakchott\",\"description\":\"\u0625\u062e\u0628\u0627\u0631\u064a\u0629 \u0645\u0633\u062a\u0642\u0644\u0629 \u0644\u0644\u0623\u0646\u0628\u0627\u0621 \u0627\u0644\u0639\u0627\u0645\u0629\",\"publisher\":{\"@id\":\"https:\\\/\\\/lequotidien.mr\\\/#organization\"},\"potentialAction\":[{\"@type\":\"SearchAction\",\"target\":{\"@type\":\"EntryPoint\",\"urlTemplate\":\"https:\\\/\\\/lequotidien.mr\\\/?s={search_term_string}\"},\"query-input\":{\"@type\":\"PropertyValueSpecification\",\"valueRequired\":true,\"valueName\":\"search_term_string\"}}],\"inLanguage\":\"ar\"},{\"@type\":\"Organization\",\"@id\":\"https:\\\/\\\/lequotidien.mr\\\/#organization\",\"name\":\"Le Quotidien de Nouakchott\",\"url\":\"https:\\\/\\\/lequotidien.mr\\\/\",\"logo\":{\"@type\":\"ImageObject\",\"inLanguage\":\"ar\",\"@id\":\"https:\\\/\\\/lequotidien.mr\\\/#\\\/schema\\\/logo\\\/image\\\/\",\"url\":\"https:\\\/\\\/lequotidien.mr\\\/wp-content\\\/uploads\\\/2022\\\/11\\\/logolequotidien.jpg\",\"contentUrl\":\"https:\\\/\\\/lequotidien.mr\\\/wp-content\\\/uploads\\\/2022\\\/11\\\/logolequotidien.jpg\",\"width\":290,\"height\":65,\"caption\":\"Le Quotidien de Nouakchott\"},\"image\":{\"@id\":\"https:\\\/\\\/lequotidien.mr\\\/#\\\/schema\\\/logo\\\/image\\\/\"},\"sameAs\":[\"https:\\\/\\\/web.facebook.com\\\/lequotidienmr\",\"https:\\\/\\\/x.com\\\/lequotidienmr\"]},{\"@type\":\"Person\",\"@id\":\"https:\\\/\\\/lequotidien.mr\\\/#\\\/schema\\\/person\\\/f90fcdaa970c60288de4ed2e64a56472\",\"name\":\"Le Quotidien\",\"image\":{\"@type\":\"ImageObject\",\"inLanguage\":\"ar\",\"@id\":\"https:\\\/\\\/secure.gravatar.com\\\/avatar\\\/374cb39a1a458a912465a93e5a3ce6546886fc3da809a1f10c63e4e8fcbca30f?s=96&d=mm&r=g\",\"url\":\"https:\\\/\\\/secure.gravatar.com\\\/avatar\\\/374cb39a1a458a912465a93e5a3ce6546886fc3da809a1f10c63e4e8fcbca30f?s=96&d=mm&r=g\",\"contentUrl\":\"https:\\\/\\\/secure.gravatar.com\\\/avatar\\\/374cb39a1a458a912465a93e5a3ce6546886fc3da809a1f10c63e4e8fcbca30f?s=96&d=mm&r=g\",\"caption\":\"Le Quotidien\"},\"sameAs\":[\"https:\\\/\\\/lequotidien.mr\\\/\"],\"url\":\"https:\\\/\\\/lequotidien.mr\\\/?author=4\"}]}<\/script>\n<!-- \/ Yoast SEO plugin. -->","yoast_head_json":{"title":"La Banque Centrale de Mauritanie, aux prises avec le d\u00e9sordre mon\u00e9taire (5) Par ma\u00eetre Taleb Khyar ould Mohamed Mouloud* - Le Quotidien de Nouakchott","robots":{"index":"index","follow":"follow","max-snippet":"max-snippet:-1","max-image-preview":"max-image-preview:large","max-video-preview":"max-video-preview:-1"},"canonical":"https:\/\/lequotidien.mr\/?p=16786&lang=fr","og_locale":"ar_AR","og_type":"article","og_title":"La Banque Centrale de Mauritanie, aux prises avec le d\u00e9sordre mon\u00e9taire (5) Par ma\u00eetre Taleb Khyar ould Mohamed Mouloud* - Le Quotidien de Nouakchott","og_description":"Qui l\u2019e\u00fbt cru ? L\u2019opinion dominante ne pouvait imaginer que dans un pays comme la Mauritanie, et plusieurs autres de la r\u00e9gion du Sahel, et d\u2019autres encore de la plan\u00e8te o\u00f9 l\u2019\u00e9conomie de rente a toujours \u00e9t\u00e9 \u00e0 son comble, on se r\u00e9soudrait enfin \u00e0 privil\u00e9gier une politique de restriction mon\u00e9taire sur celle de l\u2019expansion.....","og_url":"https:\/\/lequotidien.mr\/?p=16786&lang=fr","og_site_name":"Le Quotidien de Nouakchott","article_publisher":"https:\/\/web.facebook.com\/lequotidienmr","article_published_time":"2024-03-18T10:19:19+00:00","og_image":[{"width":300,"height":200,"url":"https:\/\/lequotidien.mr\/wp-content\/uploads\/2024\/03\/Taleb_Khyar_ouloud_0012_5.jpg","type":"image\/jpeg"}],"author":"Le Quotidien","twitter_card":"summary_large_image","twitter_creator":"@lequotidienmr","twitter_site":"@lequotidienmr","twitter_misc":{"\u0643\u064f\u062a\u0628 \u0628\u0648\u0627\u0633\u0637\u0629":"Le Quotidien","\u0648\u0642\u062a \u0627\u0644\u0642\u0631\u0627\u0621\u0629 \u0627\u0644\u0645\u064f\u0642\u062f\u0651\u0631":"8 \u062f\u0642\u0627\u0626\u0642"},"schema":{"@context":"https:\/\/schema.org","@graph":[{"@type":"Article","@id":"https:\/\/lequotidien.mr\/?p=16786&lang=fr#article","isPartOf":{"@id":"https:\/\/lequotidien.mr\/?p=16786&lang=fr"},"author":{"name":"Le Quotidien","@id":"https:\/\/lequotidien.mr\/#\/schema\/person\/f90fcdaa970c60288de4ed2e64a56472"},"headline":"La Banque Centrale de Mauritanie, aux prises avec le d\u00e9sordre mon\u00e9taire (5) Par ma\u00eetre Taleb Khyar ould Mohamed Mouloud*","datePublished":"2024-03-18T10:19:19+00:00","mainEntityOfPage":{"@id":"https:\/\/lequotidien.mr\/?p=16786&lang=fr"},"wordCount":1548,"commentCount":0,"publisher":{"@id":"https:\/\/lequotidien.mr\/#organization"},"image":{"@id":"https:\/\/lequotidien.mr\/?p=16786&lang=fr#primaryimage"},"thumbnailUrl":"https:\/\/lequotidien.mr\/wp-content\/uploads\/2024\/03\/Taleb_Khyar_ouloud_0012_5.jpg","articleSection":["Opinion"],"inLanguage":"ar","potentialAction":[{"@type":"CommentAction","name":"Comment","target":["https:\/\/lequotidien.mr\/?p=16786&lang=fr#respond"]}]},{"@type":"WebPage","@id":"https:\/\/lequotidien.mr\/?p=16786&lang=fr","url":"https:\/\/lequotidien.mr\/?p=16786&lang=fr","name":"La Banque Centrale de Mauritanie, aux prises avec le d\u00e9sordre mon\u00e9taire (5) Par ma\u00eetre Taleb Khyar ould Mohamed Mouloud* - Le Quotidien de Nouakchott","isPartOf":{"@id":"https:\/\/lequotidien.mr\/#website"},"primaryImageOfPage":{"@id":"https:\/\/lequotidien.mr\/?p=16786&lang=fr#primaryimage"},"image":{"@id":"https:\/\/lequotidien.mr\/?p=16786&lang=fr#primaryimage"},"thumbnailUrl":"https:\/\/lequotidien.mr\/wp-content\/uploads\/2024\/03\/Taleb_Khyar_ouloud_0012_5.jpg","datePublished":"2024-03-18T10:19:19+00:00","breadcrumb":{"@id":"https:\/\/lequotidien.mr\/?p=16786&lang=fr#breadcrumb"},"inLanguage":"ar","potentialAction":[{"@type":"ReadAction","target":["https:\/\/lequotidien.mr\/?p=16786&lang=fr"]}]},{"@type":"ImageObject","inLanguage":"ar","@id":"https:\/\/lequotidien.mr\/?p=16786&lang=fr#primaryimage","url":"https:\/\/lequotidien.mr\/wp-content\/uploads\/2024\/03\/Taleb_Khyar_ouloud_0012_5.jpg","contentUrl":"https:\/\/lequotidien.mr\/wp-content\/uploads\/2024\/03\/Taleb_Khyar_ouloud_0012_5.jpg","width":300,"height":200},{"@type":"BreadcrumbList","@id":"https:\/\/lequotidien.mr\/?p=16786&lang=fr#breadcrumb","itemListElement":[{"@type":"ListItem","position":1,"name":"Home","item":"https:\/\/lequotidien.mr\/"},{"@type":"ListItem","position":2,"name":"La Banque Centrale de Mauritanie, aux prises avec le d\u00e9sordre mon\u00e9taire (5) Par ma\u00eetre Taleb Khyar ould Mohamed Mouloud*"}]},{"@type":"WebSite","@id":"https:\/\/lequotidien.mr\/#website","url":"https:\/\/lequotidien.mr\/","name":"Le Quotidien de Nouakchott","description":"\u0625\u062e\u0628\u0627\u0631\u064a\u0629 \u0645\u0633\u062a\u0642\u0644\u0629 \u0644\u0644\u0623\u0646\u0628\u0627\u0621 \u0627\u0644\u0639\u0627\u0645\u0629","publisher":{"@id":"https:\/\/lequotidien.mr\/#organization"},"potentialAction":[{"@type":"SearchAction","target":{"@type":"EntryPoint","urlTemplate":"https:\/\/lequotidien.mr\/?s={search_term_string}"},"query-input":{"@type":"PropertyValueSpecification","valueRequired":true,"valueName":"search_term_string"}}],"inLanguage":"ar"},{"@type":"Organization","@id":"https:\/\/lequotidien.mr\/#organization","name":"Le Quotidien de Nouakchott","url":"https:\/\/lequotidien.mr\/","logo":{"@type":"ImageObject","inLanguage":"ar","@id":"https:\/\/lequotidien.mr\/#\/schema\/logo\/image\/","url":"https:\/\/lequotidien.mr\/wp-content\/uploads\/2022\/11\/logolequotidien.jpg","contentUrl":"https:\/\/lequotidien.mr\/wp-content\/uploads\/2022\/11\/logolequotidien.jpg","width":290,"height":65,"caption":"Le Quotidien de Nouakchott"},"image":{"@id":"https:\/\/lequotidien.mr\/#\/schema\/logo\/image\/"},"sameAs":["https:\/\/web.facebook.com\/lequotidienmr","https:\/\/x.com\/lequotidienmr"]},{"@type":"Person","@id":"https:\/\/lequotidien.mr\/#\/schema\/person\/f90fcdaa970c60288de4ed2e64a56472","name":"Le Quotidien","image":{"@type":"ImageObject","inLanguage":"ar","@id":"https:\/\/secure.gravatar.com\/avatar\/374cb39a1a458a912465a93e5a3ce6546886fc3da809a1f10c63e4e8fcbca30f?s=96&d=mm&r=g","url":"https:\/\/secure.gravatar.com\/avatar\/374cb39a1a458a912465a93e5a3ce6546886fc3da809a1f10c63e4e8fcbca30f?s=96&d=mm&r=g","contentUrl":"https:\/\/secure.gravatar.com\/avatar\/374cb39a1a458a912465a93e5a3ce6546886fc3da809a1f10c63e4e8fcbca30f?s=96&d=mm&r=g","caption":"Le Quotidien"},"sameAs":["https:\/\/lequotidien.mr\/"],"url":"https:\/\/lequotidien.mr\/?author=4"}]}},"_links":{"self":[{"href":"https:\/\/lequotidien.mr\/index.php?rest_route=\/wp\/v2\/posts\/16786","targetHints":{"allow":["GET"]}}],"collection":[{"href":"https:\/\/lequotidien.mr\/index.php?rest_route=\/wp\/v2\/posts"}],"about":[{"href":"https:\/\/lequotidien.mr\/index.php?rest_route=\/wp\/v2\/types\/post"}],"author":[{"embeddable":true,"href":"https:\/\/lequotidien.mr\/index.php?rest_route=\/wp\/v2\/users\/4"}],"replies":[{"embeddable":true,"href":"https:\/\/lequotidien.mr\/index.php?rest_route=%2Fwp%2Fv2%2Fcomments&post=16786"}],"version-history":[{"count":1,"href":"https:\/\/lequotidien.mr\/index.php?rest_route=\/wp\/v2\/posts\/16786\/revisions"}],"predecessor-version":[{"id":16788,"href":"https:\/\/lequotidien.mr\/index.php?rest_route=\/wp\/v2\/posts\/16786\/revisions\/16788"}],"wp:featuredmedia":[{"embeddable":true,"href":"https:\/\/lequotidien.mr\/index.php?rest_route=\/wp\/v2\/media\/16787"}],"wp:attachment":[{"href":"https:\/\/lequotidien.mr\/index.php?rest_route=%2Fwp%2Fv2%2Fmedia&parent=16786"}],"wp:term":[{"taxonomy":"category","embeddable":true,"href":"https:\/\/lequotidien.mr\/index.php?rest_route=%2Fwp%2Fv2%2Fcategories&post=16786"},{"taxonomy":"post_tag","embeddable":true,"href":"https:\/\/lequotidien.mr\/index.php?rest_route=%2Fwp%2Fv2%2Ftags&post=16786"}],"curies":[{"name":"wp","href":"https:\/\/api.w.org\/{rel}","templated":true}]}}