{"id":16754,"date":"2024-03-16T14:05:53","date_gmt":"2024-03-16T14:05:53","guid":{"rendered":"https:\/\/lequotidien.mr\/?p=16754"},"modified":"2024-03-16T14:05:53","modified_gmt":"2024-03-16T14:05:53","slug":"journees-de-concertations-du-ministere-de-linterieur-synthese-du-rapport-final","status":"publish","type":"post","link":"https:\/\/lequotidien.mr\/?p=16754&lang=fr","title":{"rendered":"Journ\u00e9es de concertations du Minist\u00e8re de l&#8217;Int\u00e9rieur: Synth\u00e8se du rapport final"},"content":{"rendered":"<p>En accord avec l&#8217;engagement de Son Excellence le Pr\u00e9sident de la R\u00e9publique, M. Mohamed Ould Cheikh El Ghazouani, exprim\u00e9 dans son programme soci\u00e9tal, de pr\u00e9parer les conditions ad\u00e9quates pour la cr\u00e9ation d&#8217;un climat politique serein, visant le rapprochement entre les acteurs politiques sur les positions concernant les principales questions nationales d&#8217;une mani\u00e8re qui renforce la coh\u00e9sion sociale, soutient le consensus national, et consolide les valeurs de pluralisme d\u00e9mocratique, un atelier des Journ\u00e9es Nationales de Consultation sur la Pr\u00e9paration Participative aux \u00c9lections Pr\u00e9sidentielles et le D\u00e9veloppement de la Gouvernance Politique a \u00e9t\u00e9 organis\u00e9 au Palais des Congr\u00e8s \u00e0 Nouakchott, du 28 Sha&#8217;ban au 5 Ramadan 1445 H, correspondant \u00e0 la p\u00e9riode du 9 au 15 mars 2024.<\/p>\n<p>Les ateliers, organis\u00e9s par le Minist\u00e8re de l&#8217;Int\u00e9rieur et de la D\u00e9centralisation, ont vu la participation de :<\/p>\n<p>&#8211; Les partis politiques existants ;<\/p>\n<p>&#8211; Les formations politiques en instance de constitution ;<\/p>\n<p>&#8211; Les centrales syndicales de travailleurs et les organisations de la soci\u00e9t\u00e9 civile.<\/p>\n<p>\u00c9taient \u00e9galement pr\u00e9sents des repr\u00e9sentants de :<\/p>\n<p>&#8211; Le Conseil Constitutionnel ;<\/p>\n<p>&#8211; La Commission Electorale Nationale Ind\u00e9pendante ;<\/p>\n<p>&#8211; L&#8217;Autorit\u00e9 de la Presse et de l&#8217;Audiovisuel.<\/p>\n<p>Le discours d&#8217;ouverture a \u00e9t\u00e9 marqu\u00e9 par une intervention \u00a0\u00a0du \u00a0Ministre de l&#8217;Int\u00e9rieur et de la D\u00e9centralisation, M. Mohamed Ahmed Ould Mohamed Lemine, qui a encadr\u00e9 ces journ\u00e9es, affirmant qu&#8217;elles couronnent le processus de consultation avec la classe politique initi\u00e9 par les rencontres r\u00e9guli\u00e8res de Son Excellence le Pr\u00e9sident de la R\u00e9publique, M. Mohamed Ould Cheikh El Ghazouani avec les chefs de partis, les acteurs politiques, les leaders d&#8217;opinion, et continuent avec l&#8217;approche participative \u00e9tendue avec toutes les parties, une commission ind\u00e9pendante pour les \u00e9lections, une autorit\u00e9 sup\u00e9rieure pour la presse et l&#8217;audiovisuel, des partis politiques, des syndicats, la soci\u00e9t\u00e9 civile, et des personnalit\u00e9s de r\u00e9f\u00e9rence.<\/p>\n<p>Le Ministre a soulign\u00e9 l&#8217;engagement du secteur \u00e0 pr\u00e9server les libert\u00e9s individuelles et collectives, et \u00e0 \u00e9tendre les espaces de leur exercice de mani\u00e8re constante, dans le respect des principes, \u00e9thiques et l\u00e9gaux, dans une perspective constitutionnelle.<\/p>\n<p>Il a ajout\u00e9 que, malgr\u00e9 l&#8217;existence de vingt partis politiques autoris\u00e9s et quatre-vingt-dix-huit dossiers d\u00e9pos\u00e9s aupr\u00e8s des services comp\u00e9tents, le Minist\u00e8re ne vise pas \u00e0 restreindre l&#8217;action politique, ou \u00e0 limiter ceux souhaitant des autorisations pour les partis, ni \u00e0 confisquer les libert\u00e9s.<\/p>\n<p>En pr\u00e9paration pour la discussion des deux axes pr\u00e9vus, le Secr\u00e9taire G\u00e9n\u00e9ral du Minist\u00e8re de l&#8217;Int\u00e9rieur et de la D\u00e9centralisation, M. Mohamed Mahfouz Ibrahim Ahmed, a mis en contexte, rappelant que cette \u00e9tape est une autre \u00e9tape de consultation nationale sur les grandes questions, repr\u00e9sentant une approche et un comportement consolid\u00e9s par Son Excellence le Pr\u00e9sident de la R\u00e9publique, M. Mohamed Ould Cheikh El Ghazouani, ajoutant que dans le suivi de cette approche vient cette consultation avec l&#8217;\u00e9lite politique et civile, autour de la pr\u00e9paration participative aux \u00e9lections pr\u00e9sidentielles et le d\u00e9veloppement de la gouvernance politique.<\/p>\n<p>Concernant la gouvernance politique, le Secr\u00e9taire G\u00e9n\u00e9ral a soulign\u00e9 le besoin d&#8217;ouvrir une consultation nationale sur diverses questions et de d\u00e9lib\u00e9rer \u00e0 leur sujet est un consensus parmi les acteurs politiques, bien que la pression des d\u00e9lais constitutionnels pour la date des \u00e9lections pr\u00e9sidentielles, et le besoin g\u00e9n\u00e9ral de r\u00e9visions profondes et compl\u00e8tes des sujets li\u00e9s \u00e0 la gouvernance politique, rend la priorit\u00e9 dans l&#8217;axe de consultation sur le d\u00e9veloppement de la gouvernance, \u00e0 ce moment, pour les r\u00e9formes li\u00e9es au syst\u00e8me partisan, surtout puisque cela constitue l&#8217;une des recommandations des consultations pr\u00e9c\u00e9dentes, et que la consultation sur la loi des partis repr\u00e9sente l&#8217;ex\u00e9cution d&#8217;un engagement que le Minist\u00e8re s&#8217;\u00e9tait d\u00e9j\u00e0 impos\u00e9. Ainsi, il est attendu de ces sessions qu&#8217;elles d\u00e9bouchent sur des recommandations qui seront la base de r\u00e9formes substantielles du cadre l\u00e9gal et r\u00e9glementaire des partis.<\/p>\n<p>D&#8217;autre part, le Secr\u00e9taire G\u00e9n\u00e9ral a soulign\u00e9 l&#8217;importance des syndicats et des organismes de la soci\u00e9t\u00e9 civile comme acteur principal dans les affaires nationales, bien qu&#8217;ils soient, d&#8217;un point de vue organisationnel, non politiques, mais ils font partie des institutions importantes dans la vie d\u00e9mocratique et ont leurs contributions appr\u00e9ci\u00e9es, \u00e9tant un partenaire indispensable pour l&#8217;ex\u00e9cutif, un organisateur et un sensibilisateur, et un arbitre entre les concurrents contribuant aux garanties de transparence.<\/p>\n<p>Les sessions de consultation ont connu des discussions approfondies sur diff\u00e9rents aspects de la gouvernance politique, du diagnostic de la r\u00e9alit\u00e9 politique dans ses dimensions l\u00e9gales et r\u00e9glementaires, \u00e0 la pr\u00e9sentation de propositions et de recommandations susceptibles d&#8217;am\u00e9liorer le niveau d&#8217;efficacit\u00e9 et de maturit\u00e9 du paysage politique. Le d\u00e9roulement des ateliers des Journ\u00e9es de Consultation a \u00e9t\u00e9 structur\u00e9 en trois groupes de discussion, chaque groupe se concentrant sur les deux sujets propos\u00e9s pendant une journ\u00e9e :<\/p>\n<ol>\n<li>La premi\u00e8re session a \u00e9t\u00e9 r\u00e9serv\u00e9e aux repr\u00e9sentants des partis politiques existants ;<\/li>\n<li>La deuxi\u00e8me session a accueilli des repr\u00e9sentants des partis politiques dissous et des blocs politiques cherchant \u00e0 obtenir une licence pour un nouveau parti politique ;<\/li>\n<li>La troisi\u00e8me session a \u00e9t\u00e9 d\u00e9di\u00e9e aux repr\u00e9sentants des syndicats et des organisations de la soci\u00e9t\u00e9 civile.<\/li>\n<\/ol>\n<p>Au d\u00e9but de ces sessions, le Secr\u00e9taire G\u00e9n\u00e9ral a affirm\u00e9 que l&#8217;objectif principal de ces Journ\u00e9es de Consultation \u00e9tait d&#8217;\u00e9couter tout le monde sans imposer de limites pr\u00e9\u00e9tablies et sans pr\u00e9jug\u00e9s ou orientations sp\u00e9cifiques. Les discussions se sont d\u00e9roul\u00e9es dans une atmosph\u00e8re marqu\u00e9e par le calme et l&#8217;\u00e9change s\u00e9rieux, o\u00f9 toutes les suggestions, observations et recommandations pr\u00e9sent\u00e9es ont \u00e9t\u00e9 consign\u00e9es, dans le but d&#8217;\u00e9merger avec une vision efficace pour r\u00e9soudre les probl\u00e8mes soulev\u00e9s dans les deux axes.<\/p>\n<p>Axe 1: La pr\u00e9paration participative aux \u00e9lections pr\u00e9sidentielles\u00a0:<\/p>\n<p>&#8211; Un consensus s&#8217;est d\u00e9gag\u00e9 sur la n\u00e9cessit\u00e9 d&#8217;\u00e9lections justes, transparentes et cr\u00e9dibles, n\u00e9cessitant une concentration sur les moyens humains et mat\u00e9riels.<\/p>\n<p>&#8211; L&#8217;acc\u00e9l\u00e9ration de l&#8217;activation d&#8217;un observatoire national pour surveiller les \u00e9lections, avec une composition repr\u00e9sentant les partis politiques, les syndicats et les organisations de la soci\u00e9t\u00e9 civile, et les entit\u00e9s concern\u00e9es a \u00e9t\u00e9 demand\u00e9e.<\/p>\n<p>Concernant la Commission Electorale Nationale Ind\u00e9pendante, les recommandations incluent:<\/p>\n<p>&#8211; Le recrutement transparent du personnel, en tenant compte de leur qualification et en donnant la priorit\u00e9 au choix du personnel des bureaux de vote parmi les employ\u00e9s ;<\/p>\n<p>&#8211; L&#8217;am\u00e9lioration du syst\u00e8me informatique au sein de la commission ;<\/p>\n<p>&#8211; L&#8217;introduction d&#8217;un m\u00e9canisme d&#8217;enregistrement des empreintes digitales dans tous les bureaux de vote ;<\/p>\n<p>&#8211; L&#8217;adoption de la transparence dans l&#8217;acquisition du mat\u00e9riel \u00e9lectoral ;<\/p>\n<p>&#8211; L&#8217;ind\u00e9pendance des m\u00e9canismes de surveillance \u00e9lectorale (observatoire, entit\u00e9s de la soci\u00e9t\u00e9 civile) ;<\/p>\n<p>&#8211; Le remplissage des proc\u00e8s-verbaux selon les r\u00e9sultats enregistr\u00e9s et la fourniture de copies aux repr\u00e9sentants des candidats ;<\/p>\n<p>&#8211; L&#8217;effort significatif dans le domaine de l&#8217;information et les aspects logistiques ;<\/p>\n<p>&#8211; La consultation continue avec les parties concern\u00e9es et la r\u00e9vision exhaustive des textes l\u00e9gislatifs et r\u00e9glementaires r\u00e9gissant la commission nationale ind\u00e9pendante pour les \u00e9lections ;<\/p>\n<p>&#8211; L&#8217;exclusion de toute personne ayant des ant\u00e9c\u00e9dents de manipulation ou de fraude \u00e9lectorale de la composition de la commission et la sanction de la manipulation \u00e9lectorale comme un crime cybern\u00e9tique ;<\/p>\n<p>&#8211; Permettre aux parties politiques d&#8217;acc\u00e9der \u00e0 des informations sur la transparence et l&#8217;int\u00e9grit\u00e9 des travaux de la commission en temps r\u00e9el ;<\/p>\n<p>&#8211; Surveiller la gestion interne, administrative, financi\u00e8re et informatique de la commission, et activer les lois p\u00e9nales mentionn\u00e9es dans le code \u00e9lectoral ;<\/p>\n<p>&#8211; Impliquer les syndicats et la soci\u00e9t\u00e9 civile dans la surveillance des prochaines \u00e9lections ;<\/p>\n<p>&#8211; Respecter le temps allou\u00e9 pour le vote, en termes d&#8217;heure d&#8217;ouverture et de fermeture des bureaux.<\/p>\n<p><strong>\u00a0Axe 2: La gouvernance politique (cadre l\u00e9gal des partis) \u00a0<\/strong><\/p>\n<p>&#8211; La premi\u00e8re session d\u00e9di\u00e9e aux partis politiques existants a mis en \u00e9vidence la n\u00e9cessit\u00e9 de r\u00e9viser la loi sur les partis ou d&#8217;adopter une nouvelle loi am\u00e9liorant diff\u00e9rents aspects de la vie partisane ;<\/p>\n<p>&#8211; La plupart des participants ont soulign\u00e9 la n\u00e9cessit\u00e9 d&#8217;imposer de nouvelles conditions plus strictes et s\u00e9rieuses pour l&#8217;octroi de licences ;<\/p>\n<p>&#8211; Certains ont sugg\u00e9r\u00e9 de maintenir les conditions de fondation actuelles dans la loi en vigueur;<\/p>\n<p>&#8211; Il a \u00e9t\u00e9 r\u00e9affirm\u00e9 que la libert\u00e9 de cr\u00e9er des partis doit rester garantie, tout en am\u00e9liorant les crit\u00e8res de r\u00e9gulation ;<\/p>\n<p>&#8211; Plusieurs ont propos\u00e9 d&#8217;adopter un syst\u00e8me de d\u00e9claration plut\u00f4t qu&#8217;un syst\u00e8me d\u2019autorisation pour les partis ;<\/p>\n<p>&#8211; L&#8217;importance d&#8217;augmenter le nombre de membre fondateurs requis pour la fondation des partis de 20, comme stipul\u00e9 par la loi actuelle, \u00e0 150, 500 ou m\u00eame 1500 membres repr\u00e9sentant 8 ou 10 wilayas, tandis que certains ont vu la n\u00e9cessit\u00e9 de repr\u00e9senter les membres fondateurs de toutes les wilayas du pays. Il a \u00e9t\u00e9 sugg\u00e9r\u00e9 d&#8217;augmenter le nombre de signataires du statut \u00e0 vingt au lieu de sept actuellement.<\/p>\n<p>Ces discussions et recommandations refl\u00e8tent la complexit\u00e9 des d\u00e9fis rencontr\u00e9s dans le paysage politique mauritanien et le d\u00e9sir commun d&#8217;am\u00e9liorer le cadre \u00e9lectoral et la gouvernance politique pour un avenir d\u00e9mocratique plus stable et inclusif. &#8211; L&#8217;importance d&#8217;examiner les dossiers et les parcours des leaders des partis et de leur obtenir des recommandations, tout en adoptant le crit\u00e8re de comp\u00e9tence pour la direction des partis ;<\/p>\n<p>&#8211; La n\u00e9cessit\u00e9 d&#8217;introduire une caution financi\u00e8re consid\u00e9rable pour l&#8217;obtention de la reconnaissance, qui ne serait remboursable qu&#8217;apr\u00e8s une certaine p\u00e9riode et selon le niveau d&#8217;engagement du parti aux conditions pr\u00e9\u00e9tablies ;<\/p>\n<p>&#8211; Plusieurs participants ont sugg\u00e9r\u00e9 l&#8217;obligation d&#8217;organiser un congr\u00e8s constitutif comme condition pr\u00e9alable \u00e0 l&#8217;obtention d\u2019un agr\u00e9ment, et de s&#8217;assurer que ce congr\u00e8s refl\u00e8te la diversit\u00e9 des membres fondateurs ;<\/p>\n<p>&#8211; La proposition r\u00e9p\u00e9t\u00e9e d&#8217;obligation d&#8217;ouvrir un nombre sp\u00e9cifi\u00e9 de bureaux permanents lors de la fondation, allant selon les propositions de 03 \u00e0 15 au niveau des capitales r\u00e9gionales ;<\/p>\n<p>&#8211; Certains ont sugg\u00e9r\u00e9 que le dossier de fondation d&#8217;un parti inclue son budget, et qu&#8217;au moins un tiers de celui-ci soit d\u00e9pos\u00e9 \u00e0 la Tr\u00e9sorerie ;<\/p>\n<p>&#8211; Certains ont propos\u00e9 que la dissolution des partis soit confi\u00e9e aux autorit\u00e9s judiciaires comp\u00e9tentes, tout en permettant au minist\u00e8re de l&#8217;Int\u00e9rieur de suspendre les activit\u00e9s pour une dur\u00e9e limit\u00e9e ;<\/p>\n<p>&#8211; Il a \u00e9t\u00e9 sugg\u00e9r\u00e9 que tout candidat \u00e0 la licence d&#8217;un parti politique obtienne les signatures de 1% des \u00e9lecteurs \u00e0 l&#8217;\u00e9chelle nationale ;<\/p>\n<p>&#8211; Certains ont demand\u00e9 l&#8217;interdiction des discours sectaires pour l&#8217;obtention d&#8217;une autorisation ;<\/p>\n<p>&#8211; Il a \u00e9t\u00e9 propos\u00e9 de travailler sur l&#8217;am\u00e9lioration des conditions administratives et techniques permettant \u00e0 l&#8217;administration de suivre objectivement et de mani\u00e8re responsable le respect des crit\u00e8res \u00a0\u00a0et d&#8217;\u00e9valuer le degr\u00e9 de respect des obligations \u00e9thiques et l\u00e9gales ;<\/p>\n<p>&#8211; L&#8217;obligation pour les partis d&#8217;ouvrir leur adh\u00e9sion \u00e0 tous les citoyens d\u00e9sireux de participer au projet social du parti ;<\/p>\n<p>&#8211; La r\u00e9p\u00e9tition de la proposition d&#8217;imposer la p\u00e9riodicit\u00e9 des congr\u00e8s et l&#8217;\u00e9lection des organes du parti ;<\/p>\n<p>&#8211; L&#8217;obligation de consacrer l&#8217;institutionnalisation au sein des partis et de pr\u00e9senter des rapports sur les activit\u00e9s du parti et sa situation financi\u00e8re ;<\/p>\n<p>&#8211; L&#8217;activation et la compl\u00e9tion du cadre l\u00e9gal pour le financement des partis ;<\/p>\n<p>&#8211; Certains ont demand\u00e9 des exemptions fiscales et des droits applicables aux biens immobiliers et mobiliers des partis ;<\/p>\n<p>&#8211; La n\u00e9cessit\u00e9 d&#8217;une \u00e9quit\u00e9 dans le soutien moral et mat\u00e9riel aux partis politiques ;<\/p>\n<p>&#8211; L&#8217;inscription de la justice dans le financement des partis et la surveillance de ce financement;<\/p>\n<p>&#8211; La demande de v\u00e9rification des sources de financement des partis et d&#8217;un suivi strict de leur gestion financi\u00e8re par des inspections p\u00e9riodiques des sources de fonds et de la d\u00e9pense budg\u00e9taire ;<\/p>\n<p>&#8211; L&#8217;obligation de tenir des registres comptables et de pr\u00e9senter des rapports sur les financements et les d\u00e9penses ;<\/p>\n<p>&#8211; La demande de dissolution de tout parti politique qui, comme stipul\u00e9 dans la loi, pr\u00f4ne la division, adopte un discours raciste ou engage des actions contraires aux constantes nationales ;<\/p>\n<p>&#8211; La suspension temporaire du parti et sa fermeture en cas de violation des lois ou de menaces \u00e0 la s\u00e9curit\u00e9 par d\u00e9cision judiciaire, contrairement \u00e0 l&#8217;article 24 qui stipule que la fermeture temporaire du parti se fait par d\u00e9cision du ministre, et la r\u00e9duction de la p\u00e9riode de suspension \u00e0 un mois ;<\/p>\n<p>&#8211; La proposition de maintenir la dissolution li\u00e9e aux r\u00e9sultats ; avec l&#8217;ajout de la dissolution comme sanction pour d&#8217;autres dysfonctionnements ;<\/p>\n<p>&#8211; Certains participants ont sugg\u00e9r\u00e9 d&#8217;augmenter le pourcentage entra\u00eenant la dissolution \u00e0 5%;<\/p>\n<p>&#8211; Il a \u00e9t\u00e9 propos\u00e9 de lier la dissolution d&#8217;un parti politique \u00e0 un certain pourcentage des circonscriptions dans lesquelles il participe (20% par exemple).<\/p>\n<p>&nbsp;<\/p>\n<p>Ces propositions et discussions mettent en lumi\u00e8re les efforts continus pour am\u00e9liorer la sc\u00e8ne politique en Mauritanie, visant \u00e0 renforcer la d\u00e9mocratie et \u00e0 assurer une participation plus large et plus \u00e9quitable dans le processus politique. La volont\u00e9 d&#8217;engager des r\u00e9formes profondes refl\u00e8te un engagement envers une gouvernance inclusive, transparente et responsable, soulignant l&#8217;importance du dialogue et de la consultation entre tous les acteurs concern\u00e9s pour parvenir \u00e0 un consensus sur les meilleures pratiques pour la gouvernance politique et la pr\u00e9paration des \u00e9lections.<\/p>\n<p><strong>La session d\u00e9di\u00e9e aux formations politiques aspirant \u00e0 obtenir une reconnaissance comme partis a permis de mettre en lumi\u00e8re plusieurs points essentiels :<\/strong><\/p>\n<ol>\n<li>Appr\u00e9ciation de l\u2019initiative du Minist\u00e8re de l&#8217;Int\u00e9rieur et de la D\u00e9centralisation d&#8217;organiser ces sessions de consultation sur des sujets importants, invitant les partis en cours de reconnaissance \u00e0 participer.<\/li>\n<li>Demande de reconnaissance rapide pour les partis ayant d\u00e9j\u00e0 soumis leurs dossiers, conform\u00e9ment \u00e0 la l\u00e9gislation actuelle.<\/li>\n<li>Consid\u00e9ration que la loi actuelle sur les partis est ad\u00e9quate et ne n\u00e9cessite pas de modification.<\/li>\n<li>Critique du retard dans l&#8217;application de la loi et des d\u00e9cisions judiciaires.<\/li>\n<li>Perception de la dissolution des partis comme inconstitutionnelle.<\/li>\n<li>Insistance sur le non-affectation des libert\u00e9s publiques par le refus de reconnaitre les partis.<\/li>\n<li>Opinion que les partis existants ne remplissent pas leurs fonctions conform\u00e9ment \u00e0 la loi et aux r\u00e8gles d\u00e9mocratiques.<\/li>\n<\/ol>\n<p><strong>Les recommandations des formations aspirant \u00e0 une reconnaissance incluent :<\/strong><\/p>\n<ol>\n<li>Reconnaitre tous les partis remplissant les conditions selon la l\u00e9gislation en vigueur.<\/li>\n<li>Possibilit\u00e9 de r\u00e9viser la loi sur les partis apr\u00e8s la reconnaissance des partis en cours de formation.<\/li>\n<li>R\u00e9vision des crit\u00e8res de candidature via les partis pour les \u00e9lections.<\/li>\n<li>Insistance sur l&#8217;inclusion dans la loi des partis de dispositions garantissant la rotation des postes de direction.<\/li>\n<li>Respect des d\u00e9cisions judiciaires par l&#8217;ex\u00e9cutif.<\/li>\n<li>Facilitation de la cr\u00e9ation de partis par les cadres et universitaires.<\/li>\n<li>R\u00e9habilitation des partis dissous ayant obtenu des d\u00e9cisions judiciaires annulant leur dissolution.<\/li>\n<li>Actualisation et application des textes l\u00e9gislatifs concernant le financement des partis.<\/li>\n<li>Obligation pour les candidats ind\u00e9pendants d\u2019\u00eatre endoss\u00e9s par des partis reconnus.<\/li>\n<\/ol>\n<p><strong>Pour la session d\u00e9di\u00e9e aux syndicats et organisations de la soci\u00e9t\u00e9 civile, les observations comprenaient :<\/strong><\/p>\n<ol>\n<li>Appr\u00e9ciation de l\u2019organisation de ces journ\u00e9es de consultation par le Minist\u00e8re de l&#8217;Int\u00e9rieur et de la D\u00e9centralisation.<\/li>\n<li>Consensus sur l&#8217;effet perturbateur de l&#8217;abondance des partis sur la sc\u00e8ne politique.<\/li>\n<li>Unanimit\u00e9 sur le fait que l\u2019inflation du nombre de partis ne sert pas la d\u00e9mocratie.<\/li>\n<li>Avertissement contre les effets n\u00e9gatifs de la fragmentation et de la dilution de la sc\u00e8ne politique.<\/li>\n<li>Observation de l\u2019absence de projets de soci\u00e9t\u00e9 et de visions politiques chez certains partis.<\/li>\n<li>Accord sur la n\u00e9cessit\u00e9 de modifier la loi sur les partis.<\/li>\n<li>Insistance sur la r\u00e9vision des conditions et crit\u00e8res de cr\u00e9ation des partis.<\/li>\n<li>Mention que le nombre actuel de partis reconnus est suffisant par rapport \u00e0 la population.<\/li>\n<\/ol>\n<p><strong>Les recommandations des syndicats et des organisations de la soci\u00e9t\u00e9 civile portent sur :<\/strong><\/p>\n<ol>\n<li>La s\u00e9paration entre l&#8217;action politique partisane et l&#8217;activisme syndical ou associatif.<\/li>\n<li>L&#8217;\u00e9vitement par les partis de s&#8217;engager dans des activit\u00e9s caritatives.<\/li>\n<li>L&#8217;interdiction pour les partis d&#8217;intervenir dans les domaines r\u00e9serv\u00e9s \u00e0 la soci\u00e9t\u00e9 civile.<\/li>\n<li>La r\u00e9vision n\u00e9cessaire de la loi sur les partis.<\/li>\n<li>L&#8217;instauration de conditions plus strictes pour la licence des partis.<\/li>\n<li>La rationalisation de la libert\u00e9 de s&#8217;organiser en partis.<\/li>\n<li>L&#8217;exigence que la reconnaissance des partis respecte des crit\u00e8res valorisant la coh\u00e9sion sociale.<\/li>\n<li>Il a \u00e9t\u00e9 propos\u00e9 d&#8217;exiger 500 fondateurs pour accorder une licence aux partis ;<\/li>\n<li>L&#8217;importance pour chaque parti politique d&#8217;avoir un projet de soci\u00e9t\u00e9 diff\u00e9rent de ceux des autres partis ;<\/li>\n<li>La n\u00e9cessit\u00e9 de repr\u00e9senter toutes les wilayas dans les organes fondateurs et d&#8217;assurer la diversit\u00e9 ;<\/li>\n<li>Veiller \u00e0 ce que le parti repr\u00e9sente tous les segments de la soci\u00e9t\u00e9 et respecte la diversit\u00e9;<\/li>\n<li>L&#8217;obligation d&#8217;inclure des comp\u00e9tences acad\u00e9miques parmi les fondateurs ;<\/li>\n<li>Refuser la licence \u00e0 tout parti qui ne respecte pas les valeurs de la soci\u00e9t\u00e9 ;<\/li>\n<li>Exiger que le parti couvre l&#8217;ensemble du territoire national ;<\/li>\n<li>Imposer l\u00e9galement le respect de l&#8217;alternance et la tenue de congr\u00e8s ;<\/li>\n<li>Une proposition a \u00e9t\u00e9 faite pour que la dissolution des partis soit laiss\u00e9e \u00e0 la justice.<\/li>\n<\/ol>\n<p>&nbsp;<\/p>\n<p>&nbsp;<\/p>\n","protected":false},"excerpt":{"rendered":"<p>En accord avec l&#8217;engagement de Son Excellence le Pr\u00e9sident de la R\u00e9publique, M. Mohamed Ould Cheikh El Ghazouani, exprim\u00e9 dans son programme soci\u00e9tal, de pr\u00e9parer les conditions ad\u00e9quates pour la cr\u00e9ation d&#8217;un climat politique serein, visant le rapprochement entre les acteurs politiques sur les positions concernant les principales questions nationales d&#8217;une mani\u00e8re qui renforce la&#8230;..<\/p>\n","protected":false},"author":4,"featured_media":16755,"comment_status":"open","ping_status":"open","sticky":false,"template":"","format":"standard","meta":{"footnotes":""},"categories":[23,57],"tags":[],"class_list":["post-16754","post","type-post","status-publish","format-standard","has-post-thumbnail","hentry","category-actualite","category-couverture-specilale"],"yoast_head":"<!-- This site is optimized with the Yoast SEO plugin v27.5 - https:\/\/yoast.com\/product\/yoast-seo-wordpress\/ -->\n<title>Journ\u00e9es de concertations du Minist\u00e8re de l&#039;Int\u00e9rieur: Synth\u00e8se du rapport final - Le Quotidien de Nouakchott<\/title>\n<meta name=\"robots\" content=\"index, follow, max-snippet:-1, max-image-preview:large, max-video-preview:-1\" \/>\n<link rel=\"canonical\" href=\"https:\/\/lequotidien.mr\/?p=16754&lang=fr\" \/>\n<meta property=\"og:locale\" content=\"ar_AR\" \/>\n<meta property=\"og:type\" content=\"article\" \/>\n<meta property=\"og:title\" content=\"Journ\u00e9es de concertations du Minist\u00e8re de l&#039;Int\u00e9rieur: Synth\u00e8se du rapport final - Le Quotidien de Nouakchott\" \/>\n<meta property=\"og:description\" content=\"En accord avec l&#8217;engagement de Son Excellence le Pr\u00e9sident de la R\u00e9publique, M. Mohamed Ould Cheikh El Ghazouani, exprim\u00e9 dans son programme soci\u00e9tal, de pr\u00e9parer les conditions ad\u00e9quates pour la cr\u00e9ation d&#8217;un climat politique serein, visant le rapprochement entre les acteurs politiques sur les positions concernant les principales questions nationales d&#8217;une mani\u00e8re qui renforce la.....\" \/>\n<meta property=\"og:url\" content=\"https:\/\/lequotidien.mr\/?p=16754&amp;lang=fr\" \/>\n<meta property=\"og:site_name\" content=\"Le Quotidien de Nouakchott\" \/>\n<meta property=\"article:publisher\" content=\"https:\/\/web.facebook.com\/lequotidienmr\" \/>\n<meta property=\"article:published_time\" content=\"2024-03-16T14:05:53+00:00\" \/>\n<meta property=\"og:image\" content=\"https:\/\/lequotidien.mr\/wp-content\/uploads\/2024\/03\/16-03-2024-001-750x430-1.jpg\" \/>\n\t<meta property=\"og:image:width\" content=\"750\" \/>\n\t<meta property=\"og:image:height\" content=\"430\" \/>\n\t<meta property=\"og:image:type\" content=\"image\/jpeg\" \/>\n<meta name=\"author\" content=\"Le Quotidien\" \/>\n<meta name=\"twitter:card\" content=\"summary_large_image\" \/>\n<meta name=\"twitter:creator\" content=\"@lequotidienmr\" \/>\n<meta name=\"twitter:site\" content=\"@lequotidienmr\" \/>\n<meta name=\"twitter:label1\" content=\"\u0643\u064f\u062a\u0628 \u0628\u0648\u0627\u0633\u0637\u0629\" \/>\n\t<meta name=\"twitter:data1\" content=\"Le Quotidien\" \/>\n\t<meta name=\"twitter:label2\" content=\"\u0648\u0642\u062a \u0627\u0644\u0642\u0631\u0627\u0621\u0629 \u0627\u0644\u0645\u064f\u0642\u062f\u0651\u0631\" \/>\n\t<meta name=\"twitter:data2\" content=\"15 \u062f\u0642\u064a\u0642\u0629\" \/>\n<script type=\"application\/ld+json\" class=\"yoast-schema-graph\">{\"@context\":\"https:\\\/\\\/schema.org\",\"@graph\":[{\"@type\":\"Article\",\"@id\":\"https:\\\/\\\/lequotidien.mr\\\/?p=16754&lang=fr#article\",\"isPartOf\":{\"@id\":\"https:\\\/\\\/lequotidien.mr\\\/?p=16754&lang=fr\"},\"author\":{\"name\":\"Le Quotidien\",\"@id\":\"https:\\\/\\\/lequotidien.mr\\\/#\\\/schema\\\/person\\\/f90fcdaa970c60288de4ed2e64a56472\"},\"headline\":\"Journ\u00e9es de concertations du Minist\u00e8re de l&#8217;Int\u00e9rieur: Synth\u00e8se du rapport final\",\"datePublished\":\"2024-03-16T14:05:53+00:00\",\"mainEntityOfPage\":{\"@id\":\"https:\\\/\\\/lequotidien.mr\\\/?p=16754&lang=fr\"},\"wordCount\":3096,\"commentCount\":0,\"publisher\":{\"@id\":\"https:\\\/\\\/lequotidien.mr\\\/#organization\"},\"image\":{\"@id\":\"https:\\\/\\\/lequotidien.mr\\\/?p=16754&lang=fr#primaryimage\"},\"thumbnailUrl\":\"https:\\\/\\\/lequotidien.mr\\\/wp-content\\\/uploads\\\/2024\\\/03\\\/16-03-2024-001-750x430-1.jpg\",\"articleSection\":[\"ACTUALIT\u00c9\",\"Couverture sp\u00e9cilale\"],\"inLanguage\":\"ar\",\"potentialAction\":[{\"@type\":\"CommentAction\",\"name\":\"Comment\",\"target\":[\"https:\\\/\\\/lequotidien.mr\\\/?p=16754&lang=fr#respond\"]}]},{\"@type\":\"WebPage\",\"@id\":\"https:\\\/\\\/lequotidien.mr\\\/?p=16754&lang=fr\",\"url\":\"https:\\\/\\\/lequotidien.mr\\\/?p=16754&lang=fr\",\"name\":\"Journ\u00e9es de concertations du Minist\u00e8re de l'Int\u00e9rieur: Synth\u00e8se du rapport final - Le Quotidien de Nouakchott\",\"isPartOf\":{\"@id\":\"https:\\\/\\\/lequotidien.mr\\\/#website\"},\"primaryImageOfPage\":{\"@id\":\"https:\\\/\\\/lequotidien.mr\\\/?p=16754&lang=fr#primaryimage\"},\"image\":{\"@id\":\"https:\\\/\\\/lequotidien.mr\\\/?p=16754&lang=fr#primaryimage\"},\"thumbnailUrl\":\"https:\\\/\\\/lequotidien.mr\\\/wp-content\\\/uploads\\\/2024\\\/03\\\/16-03-2024-001-750x430-1.jpg\",\"datePublished\":\"2024-03-16T14:05:53+00:00\",\"breadcrumb\":{\"@id\":\"https:\\\/\\\/lequotidien.mr\\\/?p=16754&lang=fr#breadcrumb\"},\"inLanguage\":\"ar\",\"potentialAction\":[{\"@type\":\"ReadAction\",\"target\":[\"https:\\\/\\\/lequotidien.mr\\\/?p=16754&lang=fr\"]}]},{\"@type\":\"ImageObject\",\"inLanguage\":\"ar\",\"@id\":\"https:\\\/\\\/lequotidien.mr\\\/?p=16754&lang=fr#primaryimage\",\"url\":\"https:\\\/\\\/lequotidien.mr\\\/wp-content\\\/uploads\\\/2024\\\/03\\\/16-03-2024-001-750x430-1.jpg\",\"contentUrl\":\"https:\\\/\\\/lequotidien.mr\\\/wp-content\\\/uploads\\\/2024\\\/03\\\/16-03-2024-001-750x430-1.jpg\",\"width\":750,\"height\":430},{\"@type\":\"BreadcrumbList\",\"@id\":\"https:\\\/\\\/lequotidien.mr\\\/?p=16754&lang=fr#breadcrumb\",\"itemListElement\":[{\"@type\":\"ListItem\",\"position\":1,\"name\":\"Home\",\"item\":\"https:\\\/\\\/lequotidien.mr\\\/\"},{\"@type\":\"ListItem\",\"position\":2,\"name\":\"Journ\u00e9es de concertations du Minist\u00e8re de l&#8217;Int\u00e9rieur: Synth\u00e8se du rapport final\"}]},{\"@type\":\"WebSite\",\"@id\":\"https:\\\/\\\/lequotidien.mr\\\/#website\",\"url\":\"https:\\\/\\\/lequotidien.mr\\\/\",\"name\":\"Le Quotidien de Nouakchott\",\"description\":\"\u0625\u062e\u0628\u0627\u0631\u064a\u0629 \u0645\u0633\u062a\u0642\u0644\u0629 \u0644\u0644\u0623\u0646\u0628\u0627\u0621 \u0627\u0644\u0639\u0627\u0645\u0629\",\"publisher\":{\"@id\":\"https:\\\/\\\/lequotidien.mr\\\/#organization\"},\"potentialAction\":[{\"@type\":\"SearchAction\",\"target\":{\"@type\":\"EntryPoint\",\"urlTemplate\":\"https:\\\/\\\/lequotidien.mr\\\/?s={search_term_string}\"},\"query-input\":{\"@type\":\"PropertyValueSpecification\",\"valueRequired\":true,\"valueName\":\"search_term_string\"}}],\"inLanguage\":\"ar\"},{\"@type\":\"Organization\",\"@id\":\"https:\\\/\\\/lequotidien.mr\\\/#organization\",\"name\":\"Le Quotidien de Nouakchott\",\"url\":\"https:\\\/\\\/lequotidien.mr\\\/\",\"logo\":{\"@type\":\"ImageObject\",\"inLanguage\":\"ar\",\"@id\":\"https:\\\/\\\/lequotidien.mr\\\/#\\\/schema\\\/logo\\\/image\\\/\",\"url\":\"https:\\\/\\\/lequotidien.mr\\\/wp-content\\\/uploads\\\/2022\\\/11\\\/logolequotidien.jpg\",\"contentUrl\":\"https:\\\/\\\/lequotidien.mr\\\/wp-content\\\/uploads\\\/2022\\\/11\\\/logolequotidien.jpg\",\"width\":290,\"height\":65,\"caption\":\"Le Quotidien de Nouakchott\"},\"image\":{\"@id\":\"https:\\\/\\\/lequotidien.mr\\\/#\\\/schema\\\/logo\\\/image\\\/\"},\"sameAs\":[\"https:\\\/\\\/web.facebook.com\\\/lequotidienmr\",\"https:\\\/\\\/x.com\\\/lequotidienmr\"]},{\"@type\":\"Person\",\"@id\":\"https:\\\/\\\/lequotidien.mr\\\/#\\\/schema\\\/person\\\/f90fcdaa970c60288de4ed2e64a56472\",\"name\":\"Le Quotidien\",\"image\":{\"@type\":\"ImageObject\",\"inLanguage\":\"ar\",\"@id\":\"https:\\\/\\\/secure.gravatar.com\\\/avatar\\\/374cb39a1a458a912465a93e5a3ce6546886fc3da809a1f10c63e4e8fcbca30f?s=96&d=mm&r=g\",\"url\":\"https:\\\/\\\/secure.gravatar.com\\\/avatar\\\/374cb39a1a458a912465a93e5a3ce6546886fc3da809a1f10c63e4e8fcbca30f?s=96&d=mm&r=g\",\"contentUrl\":\"https:\\\/\\\/secure.gravatar.com\\\/avatar\\\/374cb39a1a458a912465a93e5a3ce6546886fc3da809a1f10c63e4e8fcbca30f?s=96&d=mm&r=g\",\"caption\":\"Le Quotidien\"},\"sameAs\":[\"https:\\\/\\\/lequotidien.mr\\\/\"],\"url\":\"https:\\\/\\\/lequotidien.mr\\\/?author=4\"}]}<\/script>\n<!-- \/ Yoast SEO plugin. -->","yoast_head_json":{"title":"Journ\u00e9es de concertations du Minist\u00e8re de l'Int\u00e9rieur: Synth\u00e8se du rapport final - Le Quotidien de Nouakchott","robots":{"index":"index","follow":"follow","max-snippet":"max-snippet:-1","max-image-preview":"max-image-preview:large","max-video-preview":"max-video-preview:-1"},"canonical":"https:\/\/lequotidien.mr\/?p=16754&lang=fr","og_locale":"ar_AR","og_type":"article","og_title":"Journ\u00e9es de concertations du Minist\u00e8re de l'Int\u00e9rieur: Synth\u00e8se du rapport final - Le Quotidien de Nouakchott","og_description":"En accord avec l&#8217;engagement de Son Excellence le Pr\u00e9sident de la R\u00e9publique, M. Mohamed Ould Cheikh El Ghazouani, exprim\u00e9 dans son programme soci\u00e9tal, de pr\u00e9parer les conditions ad\u00e9quates pour la cr\u00e9ation d&#8217;un climat politique serein, visant le rapprochement entre les acteurs politiques sur les positions concernant les principales questions nationales d&#8217;une mani\u00e8re qui renforce la.....","og_url":"https:\/\/lequotidien.mr\/?p=16754&lang=fr","og_site_name":"Le Quotidien de Nouakchott","article_publisher":"https:\/\/web.facebook.com\/lequotidienmr","article_published_time":"2024-03-16T14:05:53+00:00","og_image":[{"width":750,"height":430,"url":"https:\/\/lequotidien.mr\/wp-content\/uploads\/2024\/03\/16-03-2024-001-750x430-1.jpg","type":"image\/jpeg"}],"author":"Le Quotidien","twitter_card":"summary_large_image","twitter_creator":"@lequotidienmr","twitter_site":"@lequotidienmr","twitter_misc":{"\u0643\u064f\u062a\u0628 \u0628\u0648\u0627\u0633\u0637\u0629":"Le Quotidien","\u0648\u0642\u062a \u0627\u0644\u0642\u0631\u0627\u0621\u0629 \u0627\u0644\u0645\u064f\u0642\u062f\u0651\u0631":"15 \u062f\u0642\u064a\u0642\u0629"},"schema":{"@context":"https:\/\/schema.org","@graph":[{"@type":"Article","@id":"https:\/\/lequotidien.mr\/?p=16754&lang=fr#article","isPartOf":{"@id":"https:\/\/lequotidien.mr\/?p=16754&lang=fr"},"author":{"name":"Le Quotidien","@id":"https:\/\/lequotidien.mr\/#\/schema\/person\/f90fcdaa970c60288de4ed2e64a56472"},"headline":"Journ\u00e9es de concertations du Minist\u00e8re de l&#8217;Int\u00e9rieur: Synth\u00e8se du rapport final","datePublished":"2024-03-16T14:05:53+00:00","mainEntityOfPage":{"@id":"https:\/\/lequotidien.mr\/?p=16754&lang=fr"},"wordCount":3096,"commentCount":0,"publisher":{"@id":"https:\/\/lequotidien.mr\/#organization"},"image":{"@id":"https:\/\/lequotidien.mr\/?p=16754&lang=fr#primaryimage"},"thumbnailUrl":"https:\/\/lequotidien.mr\/wp-content\/uploads\/2024\/03\/16-03-2024-001-750x430-1.jpg","articleSection":["ACTUALIT\u00c9","Couverture sp\u00e9cilale"],"inLanguage":"ar","potentialAction":[{"@type":"CommentAction","name":"Comment","target":["https:\/\/lequotidien.mr\/?p=16754&lang=fr#respond"]}]},{"@type":"WebPage","@id":"https:\/\/lequotidien.mr\/?p=16754&lang=fr","url":"https:\/\/lequotidien.mr\/?p=16754&lang=fr","name":"Journ\u00e9es de concertations du Minist\u00e8re de l'Int\u00e9rieur: Synth\u00e8se du rapport final - Le Quotidien de Nouakchott","isPartOf":{"@id":"https:\/\/lequotidien.mr\/#website"},"primaryImageOfPage":{"@id":"https:\/\/lequotidien.mr\/?p=16754&lang=fr#primaryimage"},"image":{"@id":"https:\/\/lequotidien.mr\/?p=16754&lang=fr#primaryimage"},"thumbnailUrl":"https:\/\/lequotidien.mr\/wp-content\/uploads\/2024\/03\/16-03-2024-001-750x430-1.jpg","datePublished":"2024-03-16T14:05:53+00:00","breadcrumb":{"@id":"https:\/\/lequotidien.mr\/?p=16754&lang=fr#breadcrumb"},"inLanguage":"ar","potentialAction":[{"@type":"ReadAction","target":["https:\/\/lequotidien.mr\/?p=16754&lang=fr"]}]},{"@type":"ImageObject","inLanguage":"ar","@id":"https:\/\/lequotidien.mr\/?p=16754&lang=fr#primaryimage","url":"https:\/\/lequotidien.mr\/wp-content\/uploads\/2024\/03\/16-03-2024-001-750x430-1.jpg","contentUrl":"https:\/\/lequotidien.mr\/wp-content\/uploads\/2024\/03\/16-03-2024-001-750x430-1.jpg","width":750,"height":430},{"@type":"BreadcrumbList","@id":"https:\/\/lequotidien.mr\/?p=16754&lang=fr#breadcrumb","itemListElement":[{"@type":"ListItem","position":1,"name":"Home","item":"https:\/\/lequotidien.mr\/"},{"@type":"ListItem","position":2,"name":"Journ\u00e9es de concertations du Minist\u00e8re de l&#8217;Int\u00e9rieur: Synth\u00e8se du rapport final"}]},{"@type":"WebSite","@id":"https:\/\/lequotidien.mr\/#website","url":"https:\/\/lequotidien.mr\/","name":"Le Quotidien de Nouakchott","description":"\u0625\u062e\u0628\u0627\u0631\u064a\u0629 \u0645\u0633\u062a\u0642\u0644\u0629 \u0644\u0644\u0623\u0646\u0628\u0627\u0621 \u0627\u0644\u0639\u0627\u0645\u0629","publisher":{"@id":"https:\/\/lequotidien.mr\/#organization"},"potentialAction":[{"@type":"SearchAction","target":{"@type":"EntryPoint","urlTemplate":"https:\/\/lequotidien.mr\/?s={search_term_string}"},"query-input":{"@type":"PropertyValueSpecification","valueRequired":true,"valueName":"search_term_string"}}],"inLanguage":"ar"},{"@type":"Organization","@id":"https:\/\/lequotidien.mr\/#organization","name":"Le Quotidien de Nouakchott","url":"https:\/\/lequotidien.mr\/","logo":{"@type":"ImageObject","inLanguage":"ar","@id":"https:\/\/lequotidien.mr\/#\/schema\/logo\/image\/","url":"https:\/\/lequotidien.mr\/wp-content\/uploads\/2022\/11\/logolequotidien.jpg","contentUrl":"https:\/\/lequotidien.mr\/wp-content\/uploads\/2022\/11\/logolequotidien.jpg","width":290,"height":65,"caption":"Le Quotidien de Nouakchott"},"image":{"@id":"https:\/\/lequotidien.mr\/#\/schema\/logo\/image\/"},"sameAs":["https:\/\/web.facebook.com\/lequotidienmr","https:\/\/x.com\/lequotidienmr"]},{"@type":"Person","@id":"https:\/\/lequotidien.mr\/#\/schema\/person\/f90fcdaa970c60288de4ed2e64a56472","name":"Le Quotidien","image":{"@type":"ImageObject","inLanguage":"ar","@id":"https:\/\/secure.gravatar.com\/avatar\/374cb39a1a458a912465a93e5a3ce6546886fc3da809a1f10c63e4e8fcbca30f?s=96&d=mm&r=g","url":"https:\/\/secure.gravatar.com\/avatar\/374cb39a1a458a912465a93e5a3ce6546886fc3da809a1f10c63e4e8fcbca30f?s=96&d=mm&r=g","contentUrl":"https:\/\/secure.gravatar.com\/avatar\/374cb39a1a458a912465a93e5a3ce6546886fc3da809a1f10c63e4e8fcbca30f?s=96&d=mm&r=g","caption":"Le Quotidien"},"sameAs":["https:\/\/lequotidien.mr\/"],"url":"https:\/\/lequotidien.mr\/?author=4"}]}},"_links":{"self":[{"href":"https:\/\/lequotidien.mr\/index.php?rest_route=\/wp\/v2\/posts\/16754","targetHints":{"allow":["GET"]}}],"collection":[{"href":"https:\/\/lequotidien.mr\/index.php?rest_route=\/wp\/v2\/posts"}],"about":[{"href":"https:\/\/lequotidien.mr\/index.php?rest_route=\/wp\/v2\/types\/post"}],"author":[{"embeddable":true,"href":"https:\/\/lequotidien.mr\/index.php?rest_route=\/wp\/v2\/users\/4"}],"replies":[{"embeddable":true,"href":"https:\/\/lequotidien.mr\/index.php?rest_route=%2Fwp%2Fv2%2Fcomments&post=16754"}],"version-history":[{"count":1,"href":"https:\/\/lequotidien.mr\/index.php?rest_route=\/wp\/v2\/posts\/16754\/revisions"}],"predecessor-version":[{"id":16756,"href":"https:\/\/lequotidien.mr\/index.php?rest_route=\/wp\/v2\/posts\/16754\/revisions\/16756"}],"wp:featuredmedia":[{"embeddable":true,"href":"https:\/\/lequotidien.mr\/index.php?rest_route=\/wp\/v2\/media\/16755"}],"wp:attachment":[{"href":"https:\/\/lequotidien.mr\/index.php?rest_route=%2Fwp%2Fv2%2Fmedia&parent=16754"}],"wp:term":[{"taxonomy":"category","embeddable":true,"href":"https:\/\/lequotidien.mr\/index.php?rest_route=%2Fwp%2Fv2%2Fcategories&post=16754"},{"taxonomy":"post_tag","embeddable":true,"href":"https:\/\/lequotidien.mr\/index.php?rest_route=%2Fwp%2Fv2%2Ftags&post=16754"}],"curies":[{"name":"wp","href":"https:\/\/api.w.org\/{rel}","templated":true}]}}