{"id":16709,"date":"2024-03-15T10:34:44","date_gmt":"2024-03-15T10:34:44","guid":{"rendered":"https:\/\/lequotidien.mr\/?p=16709"},"modified":"2024-03-15T10:34:44","modified_gmt":"2024-03-15T10:34:44","slug":"antony-blinken-et-le-president-ghazouani-sentretiennent-au-telephone","status":"publish","type":"post","link":"https:\/\/lequotidien.mr\/?p=16709&lang=fr","title":{"rendered":"\u00a0Antony Blinken \u00a0et le Pr\u00e9sident Ghazouani s\u2019entretiennent au t\u00e9l\u00e9phone"},"content":{"rendered":"<p>Le 14 mars 2024, le Secr\u00e9taire d&#8217;\u00c9tat am\u00e9ricain, Antony J. Blinken, a eu un entretien t\u00e9l\u00e9phonique avec le Pr\u00e9sident mauritanien, Mohamed Ould Ghazouani, r\u00e9cemment \u00e9lu \u00e0 la pr\u00e9sidence de l&#8217;Union Africaine (UA) pour l&#8217;ann\u00e9e 2024. Au cours de cette conversation, M. Blinken a tenu \u00e0 f\u00e9liciter le Pr\u00e9sident Ghazouani pour sa nomination et a soulign\u00e9 l&#8217;engagement des \u00c9tats-Unis \u00e0 collaborer \u00e9troitement avec lui pour relever les d\u00e9fis mondiaux.<\/p>\n<p>L&#8217;entretien a \u00e9t\u00e9 l&#8217;occasion de discuter des priorit\u00e9s de l&#8217;UA pour l&#8217;ann\u00e9e \u00e0 venir, telles que d\u00e9finies par le Pr\u00e9sident Ghazouani, et de mettre en lumi\u00e8re l&#8217;importance de travailler ensemble dans des domaines cruciaux tels que la d\u00e9mocratie et la gouvernance, la paix et la s\u00e9curit\u00e9, ainsi que les enjeux climatiques et de s\u00e9curit\u00e9 alimentaire. Ces domaines d&#8217;int\u00e9r\u00eat commun s&#8217;inscrivent dans le cadre des objectifs et aspirations de l&#8217;Agenda 2063 de l&#8217;UA, visant \u00e0 fa\u00e7onner un continent africain prosp\u00e8re, pacifique et int\u00e9gr\u00e9.<\/p>\n<p>Le Secr\u00e9taire Blinken et le Pr\u00e9sident Ghazouani ont \u00e9galement \u00e9voqu\u00e9 la relation bilat\u00e9rale entre les \u00c9tats-Unis et la Mauritanie, r\u00e9affirmant leur d\u00e9sir mutuel de renforcer davantage les liens entre les deux pays. Selon le porte-parole du D\u00e9partement d\u2019Etat, cette rencontre t\u00e9moigne de l&#8217;importance accord\u00e9e par les \u00c9tats-Unis \u00e0 la collaboration avec l&#8217;Afrique et ses leaders pour adresser ensemble les d\u00e9fis mondiaux et promouvoir un d\u00e9veloppement durable et inclusif.<\/p>\n<p>&nbsp;<\/p>\n<p>&nbsp;<\/p>\n","protected":false},"excerpt":{"rendered":"<p>Le 14 mars 2024, le Secr\u00e9taire d&#8217;\u00c9tat am\u00e9ricain, Antony J. Blinken, a eu un entretien t\u00e9l\u00e9phonique avec le Pr\u00e9sident mauritanien, Mohamed Ould Ghazouani, r\u00e9cemment \u00e9lu \u00e0 la pr\u00e9sidence de l&#8217;Union Africaine (UA) pour l&#8217;ann\u00e9e 2024. Au cours de cette conversation, M. Blinken a tenu \u00e0 f\u00e9liciter le Pr\u00e9sident Ghazouani pour sa nomination et a soulign\u00e9&#8230;..<\/p>\n","protected":false},"author":4,"featured_media":16710,"comment_status":"open","ping_status":"open","sticky":false,"template":"","format":"standard","meta":{"footnotes":""},"categories":[23,57],"tags":[],"class_list":["post-16709","post","type-post","status-publish","format-standard","has-post-thumbnail","hentry","category-actualite","category-couverture-specilale"],"yoast_head":"<!-- This site is optimized with the Yoast SEO plugin v27.5 - https:\/\/yoast.com\/product\/yoast-seo-wordpress\/ -->\n<title>\u00a0Antony Blinken \u00a0et le Pr\u00e9sident Ghazouani s\u2019entretiennent au t\u00e9l\u00e9phone - Le Quotidien de Nouakchott<\/title>\n<meta name=\"robots\" content=\"index, follow, max-snippet:-1, max-image-preview:large, max-video-preview:-1\" \/>\n<link rel=\"canonical\" href=\"https:\/\/lequotidien.mr\/?p=16709&lang=fr\" \/>\n<meta property=\"og:locale\" content=\"ar_AR\" \/>\n<meta property=\"og:type\" content=\"article\" \/>\n<meta property=\"og:title\" content=\"\u00a0Antony Blinken \u00a0et le Pr\u00e9sident Ghazouani s\u2019entretiennent au t\u00e9l\u00e9phone - Le Quotidien de Nouakchott\" \/>\n<meta property=\"og:description\" content=\"Le 14 mars 2024, le Secr\u00e9taire d&#8217;\u00c9tat am\u00e9ricain, Antony J. Blinken, a eu un entretien t\u00e9l\u00e9phonique avec le Pr\u00e9sident mauritanien, Mohamed Ould Ghazouani, r\u00e9cemment \u00e9lu \u00e0 la pr\u00e9sidence de l&#8217;Union Africaine (UA) pour l&#8217;ann\u00e9e 2024. Au cours de cette conversation, M. Blinken a tenu \u00e0 f\u00e9liciter le Pr\u00e9sident Ghazouani pour sa nomination et a soulign\u00e9.....\" \/>\n<meta property=\"og:url\" content=\"https:\/\/lequotidien.mr\/?p=16709&amp;lang=fr\" \/>\n<meta property=\"og:site_name\" content=\"Le Quotidien de Nouakchott\" \/>\n<meta property=\"article:publisher\" content=\"https:\/\/web.facebook.com\/lequotidienmr\" \/>\n<meta property=\"article:published_time\" content=\"2024-03-15T10:34:44+00:00\" \/>\n<meta property=\"og:image\" content=\"https:\/\/lequotidien.mr\/wp-content\/uploads\/2024\/03\/blnken.webp\" \/>\n\t<meta property=\"og:image:width\" content=\"780\" \/>\n\t<meta property=\"og:image:height\" content=\"470\" \/>\n\t<meta property=\"og:image:type\" content=\"image\/webp\" \/>\n<meta name=\"author\" content=\"Le Quotidien\" \/>\n<meta name=\"twitter:card\" content=\"summary_large_image\" \/>\n<meta name=\"twitter:creator\" content=\"@lequotidienmr\" \/>\n<meta name=\"twitter:site\" content=\"@lequotidienmr\" \/>\n<meta name=\"twitter:label1\" content=\"\u0643\u064f\u062a\u0628 \u0628\u0648\u0627\u0633\u0637\u0629\" \/>\n\t<meta name=\"twitter:data1\" content=\"Le Quotidien\" \/>\n\t<meta name=\"twitter:label2\" content=\"\u0648\u0642\u062a \u0627\u0644\u0642\u0631\u0627\u0621\u0629 \u0627\u0644\u0645\u064f\u0642\u062f\u0651\u0631\" \/>\n\t<meta name=\"twitter:data2\" content=\"\u062f\u0642\u064a\u0642\u0629 \u0648\u0627\u062d\u062f\u0629\" \/>\n<script type=\"application\/ld+json\" class=\"yoast-schema-graph\">{\"@context\":\"https:\\\/\\\/schema.org\",\"@graph\":[{\"@type\":\"Article\",\"@id\":\"https:\\\/\\\/lequotidien.mr\\\/?p=16709&lang=fr#article\",\"isPartOf\":{\"@id\":\"https:\\\/\\\/lequotidien.mr\\\/?p=16709&lang=fr\"},\"author\":{\"name\":\"Le Quotidien\",\"@id\":\"https:\\\/\\\/lequotidien.mr\\\/#\\\/schema\\\/person\\\/f90fcdaa970c60288de4ed2e64a56472\"},\"headline\":\"\u00a0Antony Blinken \u00a0et le Pr\u00e9sident Ghazouani s\u2019entretiennent au t\u00e9l\u00e9phone\",\"datePublished\":\"2024-03-15T10:34:44+00:00\",\"mainEntityOfPage\":{\"@id\":\"https:\\\/\\\/lequotidien.mr\\\/?p=16709&lang=fr\"},\"wordCount\":273,\"commentCount\":0,\"publisher\":{\"@id\":\"https:\\\/\\\/lequotidien.mr\\\/#organization\"},\"image\":{\"@id\":\"https:\\\/\\\/lequotidien.mr\\\/?p=16709&lang=fr#primaryimage\"},\"thumbnailUrl\":\"https:\\\/\\\/lequotidien.mr\\\/wp-content\\\/uploads\\\/2024\\\/03\\\/blnken.webp\",\"articleSection\":[\"ACTUALIT\u00c9\",\"Couverture sp\u00e9cilale\"],\"inLanguage\":\"ar\",\"potentialAction\":[{\"@type\":\"CommentAction\",\"name\":\"Comment\",\"target\":[\"https:\\\/\\\/lequotidien.mr\\\/?p=16709&lang=fr#respond\"]}]},{\"@type\":\"WebPage\",\"@id\":\"https:\\\/\\\/lequotidien.mr\\\/?p=16709&lang=fr\",\"url\":\"https:\\\/\\\/lequotidien.mr\\\/?p=16709&lang=fr\",\"name\":\"\u00a0Antony Blinken \u00a0et le Pr\u00e9sident Ghazouani s\u2019entretiennent au t\u00e9l\u00e9phone - Le Quotidien de Nouakchott\",\"isPartOf\":{\"@id\":\"https:\\\/\\\/lequotidien.mr\\\/#website\"},\"primaryImageOfPage\":{\"@id\":\"https:\\\/\\\/lequotidien.mr\\\/?p=16709&lang=fr#primaryimage\"},\"image\":{\"@id\":\"https:\\\/\\\/lequotidien.mr\\\/?p=16709&lang=fr#primaryimage\"},\"thumbnailUrl\":\"https:\\\/\\\/lequotidien.mr\\\/wp-content\\\/uploads\\\/2024\\\/03\\\/blnken.webp\",\"datePublished\":\"2024-03-15T10:34:44+00:00\",\"breadcrumb\":{\"@id\":\"https:\\\/\\\/lequotidien.mr\\\/?p=16709&lang=fr#breadcrumb\"},\"inLanguage\":\"ar\",\"potentialAction\":[{\"@type\":\"ReadAction\",\"target\":[\"https:\\\/\\\/lequotidien.mr\\\/?p=16709&lang=fr\"]}]},{\"@type\":\"ImageObject\",\"inLanguage\":\"ar\",\"@id\":\"https:\\\/\\\/lequotidien.mr\\\/?p=16709&lang=fr#primaryimage\",\"url\":\"https:\\\/\\\/lequotidien.mr\\\/wp-content\\\/uploads\\\/2024\\\/03\\\/blnken.webp\",\"contentUrl\":\"https:\\\/\\\/lequotidien.mr\\\/wp-content\\\/uploads\\\/2024\\\/03\\\/blnken.webp\",\"width\":780,\"height\":470},{\"@type\":\"BreadcrumbList\",\"@id\":\"https:\\\/\\\/lequotidien.mr\\\/?p=16709&lang=fr#breadcrumb\",\"itemListElement\":[{\"@type\":\"ListItem\",\"position\":1,\"name\":\"Home\",\"item\":\"https:\\\/\\\/lequotidien.mr\\\/\"},{\"@type\":\"ListItem\",\"position\":2,\"name\":\"\u00a0Antony Blinken \u00a0et le Pr\u00e9sident Ghazouani s\u2019entretiennent au t\u00e9l\u00e9phone\"}]},{\"@type\":\"WebSite\",\"@id\":\"https:\\\/\\\/lequotidien.mr\\\/#website\",\"url\":\"https:\\\/\\\/lequotidien.mr\\\/\",\"name\":\"Le Quotidien de Nouakchott\",\"description\":\"\u0625\u062e\u0628\u0627\u0631\u064a\u0629 \u0645\u0633\u062a\u0642\u0644\u0629 \u0644\u0644\u0623\u0646\u0628\u0627\u0621 \u0627\u0644\u0639\u0627\u0645\u0629\",\"publisher\":{\"@id\":\"https:\\\/\\\/lequotidien.mr\\\/#organization\"},\"potentialAction\":[{\"@type\":\"SearchAction\",\"target\":{\"@type\":\"EntryPoint\",\"urlTemplate\":\"https:\\\/\\\/lequotidien.mr\\\/?s={search_term_string}\"},\"query-input\":{\"@type\":\"PropertyValueSpecification\",\"valueRequired\":true,\"valueName\":\"search_term_string\"}}],\"inLanguage\":\"ar\"},{\"@type\":\"Organization\",\"@id\":\"https:\\\/\\\/lequotidien.mr\\\/#organization\",\"name\":\"Le Quotidien de Nouakchott\",\"url\":\"https:\\\/\\\/lequotidien.mr\\\/\",\"logo\":{\"@type\":\"ImageObject\",\"inLanguage\":\"ar\",\"@id\":\"https:\\\/\\\/lequotidien.mr\\\/#\\\/schema\\\/logo\\\/image\\\/\",\"url\":\"https:\\\/\\\/lequotidien.mr\\\/wp-content\\\/uploads\\\/2022\\\/11\\\/logolequotidien.jpg\",\"contentUrl\":\"https:\\\/\\\/lequotidien.mr\\\/wp-content\\\/uploads\\\/2022\\\/11\\\/logolequotidien.jpg\",\"width\":290,\"height\":65,\"caption\":\"Le Quotidien de Nouakchott\"},\"image\":{\"@id\":\"https:\\\/\\\/lequotidien.mr\\\/#\\\/schema\\\/logo\\\/image\\\/\"},\"sameAs\":[\"https:\\\/\\\/web.facebook.com\\\/lequotidienmr\",\"https:\\\/\\\/x.com\\\/lequotidienmr\"]},{\"@type\":\"Person\",\"@id\":\"https:\\\/\\\/lequotidien.mr\\\/#\\\/schema\\\/person\\\/f90fcdaa970c60288de4ed2e64a56472\",\"name\":\"Le Quotidien\",\"image\":{\"@type\":\"ImageObject\",\"inLanguage\":\"ar\",\"@id\":\"https:\\\/\\\/secure.gravatar.com\\\/avatar\\\/374cb39a1a458a912465a93e5a3ce6546886fc3da809a1f10c63e4e8fcbca30f?s=96&d=mm&r=g\",\"url\":\"https:\\\/\\\/secure.gravatar.com\\\/avatar\\\/374cb39a1a458a912465a93e5a3ce6546886fc3da809a1f10c63e4e8fcbca30f?s=96&d=mm&r=g\",\"contentUrl\":\"https:\\\/\\\/secure.gravatar.com\\\/avatar\\\/374cb39a1a458a912465a93e5a3ce6546886fc3da809a1f10c63e4e8fcbca30f?s=96&d=mm&r=g\",\"caption\":\"Le Quotidien\"},\"sameAs\":[\"https:\\\/\\\/lequotidien.mr\\\/\"],\"url\":\"https:\\\/\\\/lequotidien.mr\\\/?author=4\"}]}<\/script>\n<!-- \/ Yoast SEO plugin. -->","yoast_head_json":{"title":"\u00a0Antony Blinken \u00a0et le Pr\u00e9sident Ghazouani s\u2019entretiennent au t\u00e9l\u00e9phone - Le Quotidien de Nouakchott","robots":{"index":"index","follow":"follow","max-snippet":"max-snippet:-1","max-image-preview":"max-image-preview:large","max-video-preview":"max-video-preview:-1"},"canonical":"https:\/\/lequotidien.mr\/?p=16709&lang=fr","og_locale":"ar_AR","og_type":"article","og_title":"\u00a0Antony Blinken \u00a0et le Pr\u00e9sident Ghazouani s\u2019entretiennent au t\u00e9l\u00e9phone - Le Quotidien de Nouakchott","og_description":"Le 14 mars 2024, le Secr\u00e9taire d&#8217;\u00c9tat am\u00e9ricain, Antony J. Blinken, a eu un entretien t\u00e9l\u00e9phonique avec le Pr\u00e9sident mauritanien, Mohamed Ould Ghazouani, r\u00e9cemment \u00e9lu \u00e0 la pr\u00e9sidence de l&#8217;Union Africaine (UA) pour l&#8217;ann\u00e9e 2024. Au cours de cette conversation, M. Blinken a tenu \u00e0 f\u00e9liciter le Pr\u00e9sident Ghazouani pour sa nomination et a soulign\u00e9.....","og_url":"https:\/\/lequotidien.mr\/?p=16709&lang=fr","og_site_name":"Le Quotidien de Nouakchott","article_publisher":"https:\/\/web.facebook.com\/lequotidienmr","article_published_time":"2024-03-15T10:34:44+00:00","og_image":[{"width":780,"height":470,"url":"https:\/\/lequotidien.mr\/wp-content\/uploads\/2024\/03\/blnken.webp","type":"image\/webp"}],"author":"Le Quotidien","twitter_card":"summary_large_image","twitter_creator":"@lequotidienmr","twitter_site":"@lequotidienmr","twitter_misc":{"\u0643\u064f\u062a\u0628 \u0628\u0648\u0627\u0633\u0637\u0629":"Le Quotidien","\u0648\u0642\u062a \u0627\u0644\u0642\u0631\u0627\u0621\u0629 \u0627\u0644\u0645\u064f\u0642\u062f\u0651\u0631":"\u062f\u0642\u064a\u0642\u0629 \u0648\u0627\u062d\u062f\u0629"},"schema":{"@context":"https:\/\/schema.org","@graph":[{"@type":"Article","@id":"https:\/\/lequotidien.mr\/?p=16709&lang=fr#article","isPartOf":{"@id":"https:\/\/lequotidien.mr\/?p=16709&lang=fr"},"author":{"name":"Le Quotidien","@id":"https:\/\/lequotidien.mr\/#\/schema\/person\/f90fcdaa970c60288de4ed2e64a56472"},"headline":"\u00a0Antony Blinken \u00a0et le Pr\u00e9sident Ghazouani s\u2019entretiennent au t\u00e9l\u00e9phone","datePublished":"2024-03-15T10:34:44+00:00","mainEntityOfPage":{"@id":"https:\/\/lequotidien.mr\/?p=16709&lang=fr"},"wordCount":273,"commentCount":0,"publisher":{"@id":"https:\/\/lequotidien.mr\/#organization"},"image":{"@id":"https:\/\/lequotidien.mr\/?p=16709&lang=fr#primaryimage"},"thumbnailUrl":"https:\/\/lequotidien.mr\/wp-content\/uploads\/2024\/03\/blnken.webp","articleSection":["ACTUALIT\u00c9","Couverture sp\u00e9cilale"],"inLanguage":"ar","potentialAction":[{"@type":"CommentAction","name":"Comment","target":["https:\/\/lequotidien.mr\/?p=16709&lang=fr#respond"]}]},{"@type":"WebPage","@id":"https:\/\/lequotidien.mr\/?p=16709&lang=fr","url":"https:\/\/lequotidien.mr\/?p=16709&lang=fr","name":"\u00a0Antony Blinken \u00a0et le Pr\u00e9sident Ghazouani s\u2019entretiennent au t\u00e9l\u00e9phone - Le Quotidien de Nouakchott","isPartOf":{"@id":"https:\/\/lequotidien.mr\/#website"},"primaryImageOfPage":{"@id":"https:\/\/lequotidien.mr\/?p=16709&lang=fr#primaryimage"},"image":{"@id":"https:\/\/lequotidien.mr\/?p=16709&lang=fr#primaryimage"},"thumbnailUrl":"https:\/\/lequotidien.mr\/wp-content\/uploads\/2024\/03\/blnken.webp","datePublished":"2024-03-15T10:34:44+00:00","breadcrumb":{"@id":"https:\/\/lequotidien.mr\/?p=16709&lang=fr#breadcrumb"},"inLanguage":"ar","potentialAction":[{"@type":"ReadAction","target":["https:\/\/lequotidien.mr\/?p=16709&lang=fr"]}]},{"@type":"ImageObject","inLanguage":"ar","@id":"https:\/\/lequotidien.mr\/?p=16709&lang=fr#primaryimage","url":"https:\/\/lequotidien.mr\/wp-content\/uploads\/2024\/03\/blnken.webp","contentUrl":"https:\/\/lequotidien.mr\/wp-content\/uploads\/2024\/03\/blnken.webp","width":780,"height":470},{"@type":"BreadcrumbList","@id":"https:\/\/lequotidien.mr\/?p=16709&lang=fr#breadcrumb","itemListElement":[{"@type":"ListItem","position":1,"name":"Home","item":"https:\/\/lequotidien.mr\/"},{"@type":"ListItem","position":2,"name":"\u00a0Antony Blinken \u00a0et le Pr\u00e9sident Ghazouani s\u2019entretiennent au t\u00e9l\u00e9phone"}]},{"@type":"WebSite","@id":"https:\/\/lequotidien.mr\/#website","url":"https:\/\/lequotidien.mr\/","name":"Le Quotidien de Nouakchott","description":"\u0625\u062e\u0628\u0627\u0631\u064a\u0629 \u0645\u0633\u062a\u0642\u0644\u0629 \u0644\u0644\u0623\u0646\u0628\u0627\u0621 \u0627\u0644\u0639\u0627\u0645\u0629","publisher":{"@id":"https:\/\/lequotidien.mr\/#organization"},"potentialAction":[{"@type":"SearchAction","target":{"@type":"EntryPoint","urlTemplate":"https:\/\/lequotidien.mr\/?s={search_term_string}"},"query-input":{"@type":"PropertyValueSpecification","valueRequired":true,"valueName":"search_term_string"}}],"inLanguage":"ar"},{"@type":"Organization","@id":"https:\/\/lequotidien.mr\/#organization","name":"Le Quotidien de Nouakchott","url":"https:\/\/lequotidien.mr\/","logo":{"@type":"ImageObject","inLanguage":"ar","@id":"https:\/\/lequotidien.mr\/#\/schema\/logo\/image\/","url":"https:\/\/lequotidien.mr\/wp-content\/uploads\/2022\/11\/logolequotidien.jpg","contentUrl":"https:\/\/lequotidien.mr\/wp-content\/uploads\/2022\/11\/logolequotidien.jpg","width":290,"height":65,"caption":"Le Quotidien de Nouakchott"},"image":{"@id":"https:\/\/lequotidien.mr\/#\/schema\/logo\/image\/"},"sameAs":["https:\/\/web.facebook.com\/lequotidienmr","https:\/\/x.com\/lequotidienmr"]},{"@type":"Person","@id":"https:\/\/lequotidien.mr\/#\/schema\/person\/f90fcdaa970c60288de4ed2e64a56472","name":"Le Quotidien","image":{"@type":"ImageObject","inLanguage":"ar","@id":"https:\/\/secure.gravatar.com\/avatar\/374cb39a1a458a912465a93e5a3ce6546886fc3da809a1f10c63e4e8fcbca30f?s=96&d=mm&r=g","url":"https:\/\/secure.gravatar.com\/avatar\/374cb39a1a458a912465a93e5a3ce6546886fc3da809a1f10c63e4e8fcbca30f?s=96&d=mm&r=g","contentUrl":"https:\/\/secure.gravatar.com\/avatar\/374cb39a1a458a912465a93e5a3ce6546886fc3da809a1f10c63e4e8fcbca30f?s=96&d=mm&r=g","caption":"Le Quotidien"},"sameAs":["https:\/\/lequotidien.mr\/"],"url":"https:\/\/lequotidien.mr\/?author=4"}]}},"_links":{"self":[{"href":"https:\/\/lequotidien.mr\/index.php?rest_route=\/wp\/v2\/posts\/16709","targetHints":{"allow":["GET"]}}],"collection":[{"href":"https:\/\/lequotidien.mr\/index.php?rest_route=\/wp\/v2\/posts"}],"about":[{"href":"https:\/\/lequotidien.mr\/index.php?rest_route=\/wp\/v2\/types\/post"}],"author":[{"embeddable":true,"href":"https:\/\/lequotidien.mr\/index.php?rest_route=\/wp\/v2\/users\/4"}],"replies":[{"embeddable":true,"href":"https:\/\/lequotidien.mr\/index.php?rest_route=%2Fwp%2Fv2%2Fcomments&post=16709"}],"version-history":[{"count":1,"href":"https:\/\/lequotidien.mr\/index.php?rest_route=\/wp\/v2\/posts\/16709\/revisions"}],"predecessor-version":[{"id":16711,"href":"https:\/\/lequotidien.mr\/index.php?rest_route=\/wp\/v2\/posts\/16709\/revisions\/16711"}],"wp:featuredmedia":[{"embeddable":true,"href":"https:\/\/lequotidien.mr\/index.php?rest_route=\/wp\/v2\/media\/16710"}],"wp:attachment":[{"href":"https:\/\/lequotidien.mr\/index.php?rest_route=%2Fwp%2Fv2%2Fmedia&parent=16709"}],"wp:term":[{"taxonomy":"category","embeddable":true,"href":"https:\/\/lequotidien.mr\/index.php?rest_route=%2Fwp%2Fv2%2Fcategories&post=16709"},{"taxonomy":"post_tag","embeddable":true,"href":"https:\/\/lequotidien.mr\/index.php?rest_route=%2Fwp%2Fv2%2Ftags&post=16709"}],"curies":[{"name":"wp","href":"https:\/\/api.w.org\/{rel}","templated":true}]}}