{"id":16621,"date":"2024-03-11T12:10:50","date_gmt":"2024-03-11T12:10:50","guid":{"rendered":"https:\/\/lequotidien.mr\/?p=16621"},"modified":"2024-03-11T12:10:50","modified_gmt":"2024-03-11T12:10:50","slug":"la-mauritanie-engage-un-enieme-dialogue-national-pour-des-elections-presidentielles-inclusives-et-la-gouvernance-politique","status":"publish","type":"post","link":"https:\/\/lequotidien.mr\/?p=16621&lang=fr","title":{"rendered":"La Mauritanie engage un \u00e9ni\u00e8me dialogue national pour des \u00e9lections pr\u00e9sidentielles inclusives et la gouvernance politique"},"content":{"rendered":"<p>Dans le cadre d&#8217;une initiative visant, selon lui, \u00e0 renforcer la d\u00e9mocratie et la gouvernance dans le pays, le minist\u00e8re de l&#8217;Int\u00e9rieur et de la D\u00e9centralisation de Mauritanie a lanc\u00e9, samedi soir au Palais des Congr\u00e8s de Nouakchott, les Journ\u00e9es nationales de concertation sur la pr\u00e9paration des \u00e9lections pr\u00e9sidentielles et le d\u00e9veloppement de la gouvernance politique.<\/p>\n<p>&nbsp;<\/p>\n<p>Cet \u00e9v\u00e9nement consultatif, qui se d\u00e9roulera sur cinq jours, r\u00e9unit une large palette de participants : des partis politiques, l&#8217;Association des maires de Mauritanie, des repr\u00e9sentants des centrales syndicales, des syndicats professionnels, des organismes de la soci\u00e9t\u00e9 civile, ainsi que la Commission Electorale nationale ind\u00e9pendante. D&#8217;anciens ministres et des personnalit\u00e9s de r\u00e9f\u00e9rence participent \u00e9galement \u00e0 ces discussions.<\/p>\n<p>&nbsp;<\/p>\n<p>Le ministre de l&#8217;Int\u00e9rieur et de la D\u00e9centralisation, Mohamed Ahmed Ould Mohamed Lemine, a soulign\u00e9 dans son discours que cette rencontre incarne la vision du Pr\u00e9sident Mohamed Ould Ghazouani, qui s&#8217;est engag\u00e9 dans son programme social \u00e0 cr\u00e9er des conditions favorables \u00e0 un climat politique apais\u00e9. L&#8217;objectif est de favoriser le rapprochement entre les acteurs politiques sur les grandes questions nationales, dans un esprit qui renforce la coh\u00e9sion sociale, soutient le consensus national et consolide les valeurs de pluralisme d\u00e9mocratique.<\/p>\n<p>&nbsp;<\/p>\n<p>Ould Mohamed Lemine a ajout\u00e9 que le processus de consultation avec la classe politique avait d\u00e9but\u00e9 bien avant, avec des r\u00e9unions r\u00e9guli\u00e8res entre le Pr\u00e9sident Ould Ghazouani, les chefs de partis et les acteurs politiques, ainsi que les leaders d&#8217;opinion. Ces efforts ont conduit \u00e0 un dialogue politique global entre le gouvernement, les partis de la majorit\u00e9 et de l&#8217;opposition sur la pr\u00e9paration participative et consensuelle d&#8217;\u00e9lections l\u00e9gislatives, r\u00e9gionales et municipales transparentes et cr\u00e9dibles. Pour la premi\u00e8re fois, un accord politique a \u00e9t\u00e9 sign\u00e9 entre le gouvernement et tous les partis, majorit\u00e9 et opposition confondues.<\/p>\n<p>&nbsp;<\/p>\n<p>Le ministre a soulign\u00e9 que cette rencontre s&#8217;inscrit dans le cadre de ces consultations continues, adoptant une approche participative, \u00e9largie et soutenue avec toutes les parties concern\u00e9es : la commission ind\u00e9pendante des \u00e9lections, l&#8217;autorit\u00e9 de r\u00e9gulation de la presse et des m\u00e9dias audiovisuels, les partis politiques, les syndicats, la soci\u00e9t\u00e9 civile et les personnalit\u00e9s de r\u00e9f\u00e9rence.<\/p>\n<p>&nbsp;<\/p>\n<p>Il a insist\u00e9 sur l&#8217;importance pour tous de veiller au d\u00e9veloppement de cette approche et \u00e0 l&#8217;am\u00e9lioration de ses m\u00e9canismes, en vue de les aligner sur l&#8217;atmosph\u00e8re de consensus national sans pr\u00e9c\u00e9dent que conna\u00eet le pays, \u00e0 l&#8217;approche d&#8217;\u00e9lections pr\u00e9sidentielles imminentes. L&#8217;objectif est de renforcer la transparence et d&#8217;am\u00e9liorer les m\u00e9canismes de gestion des partis, a-t-il d\u00e9clar\u00e9.<\/p>\n<p>&nbsp;<\/p>\n<p>Le ministre de l&#8217;Int\u00e9rieur et de la D\u00e9centralisation, Mohamed Ahmed Ould Mohamed Lemine, a aussi exprim\u00e9 sa pr\u00e9occupation concernant le nombre excessif, selon lui, de partis politiques en Mauritanie, notant que cela ne m\u00e8ne pas n\u00e9cessairement \u00e0 une pluralit\u00e9 d\u00e9mocratique saine. Cette pluralit\u00e9 est cens\u00e9e refl\u00e9ter la diversit\u00e9 et la richesse des propositions soci\u00e9tales objectives offertes par les partis. Le ministre a indiqu\u00e9 qu&#8217;il y avait 20 partis politiques officiellement reconnus et 98 dossiers en instance de traitement par les services comp\u00e9tents.<\/p>\n<p>&nbsp;<\/p>\n<p>Le ministre a insist\u00e9 sur le fait que son d\u00e9partement ne cherche pas \u00e0 restreindre l&#8217;activit\u00e9 politique, \u00e0 limiter les demandes de de cr\u00e9ation de partis politiques ou \u00e0 empi\u00e9ter sur les libert\u00e9s. Il a soulign\u00e9 la compr\u00e9hension g\u00e9n\u00e9rale des implications proc\u00e9durales et organisationnelles du nombre croissant de partis, qui peut diluer les efforts des acteurs politiques et du soutien public aux partis, tout en compliquant le processus \u00e9lectoral.<\/p>\n<p>&nbsp;<\/p>\n<p>Ould Mohamed Lemine a \u00e9galement not\u00e9 que les projets soci\u00e9taux des partis politiques visent \u00e0 acc\u00e9der au pouvoir. Par cons\u00e9quent, leurs dirigeants devraient \u00e9maner de l&#8217;\u00e9lite de la classe politique et \u00eatre plus engag\u00e9s que quiconque \u00e0 am\u00e9liorer les r\u00e8gles et normes r\u00e9gissant l&#8217;organisation des partis, selon le ministre. Ce point de vue souligne l&#8217;importance d&#8217;un cadre r\u00e9glementaire solide pour assurer une comp\u00e9tition politique \u00e9quitable et constructive en Mauritanie, en vue de la prochaine \u00e9lection pr\u00e9sidentielle et du d\u00e9veloppement continu de la gouvernance politique dans le pays.<\/p>\n","protected":false},"excerpt":{"rendered":"<p>Dans le cadre d&#8217;une initiative visant, selon lui, \u00e0 renforcer la d\u00e9mocratie et la gouvernance dans le pays, le minist\u00e8re de l&#8217;Int\u00e9rieur et de la D\u00e9centralisation de Mauritanie a lanc\u00e9, samedi soir au Palais des Congr\u00e8s de Nouakchott, les Journ\u00e9es nationales de concertation sur la pr\u00e9paration des \u00e9lections pr\u00e9sidentielles et le d\u00e9veloppement de la gouvernance&#8230;..<\/p>\n","protected":false},"author":4,"featured_media":16622,"comment_status":"open","ping_status":"open","sticky":false,"template":"","format":"standard","meta":{"footnotes":""},"categories":[23,57],"tags":[],"class_list":["post-16621","post","type-post","status-publish","format-standard","has-post-thumbnail","hentry","category-actualite","category-couverture-specilale"],"yoast_head":"<!-- This site is optimized with the Yoast SEO plugin v27.5 - https:\/\/yoast.com\/product\/yoast-seo-wordpress\/ -->\n<title>La Mauritanie engage un \u00e9ni\u00e8me dialogue national pour des \u00e9lections pr\u00e9sidentielles inclusives et la gouvernance politique - Le Quotidien de Nouakchott<\/title>\n<meta name=\"robots\" content=\"index, follow, max-snippet:-1, max-image-preview:large, max-video-preview:-1\" \/>\n<link rel=\"canonical\" href=\"https:\/\/lequotidien.mr\/?p=16621&lang=fr\" \/>\n<meta property=\"og:locale\" content=\"ar_AR\" \/>\n<meta property=\"og:type\" content=\"article\" \/>\n<meta property=\"og:title\" content=\"La Mauritanie engage un \u00e9ni\u00e8me dialogue national pour des \u00e9lections pr\u00e9sidentielles inclusives et la gouvernance politique - Le Quotidien de Nouakchott\" \/>\n<meta property=\"og:description\" content=\"Dans le cadre d&#8217;une initiative visant, selon lui, \u00e0 renforcer la d\u00e9mocratie et la gouvernance dans le pays, le minist\u00e8re de l&#8217;Int\u00e9rieur et de la D\u00e9centralisation de Mauritanie a lanc\u00e9, samedi soir au Palais des Congr\u00e8s de Nouakchott, les Journ\u00e9es nationales de concertation sur la pr\u00e9paration des \u00e9lections pr\u00e9sidentielles et le d\u00e9veloppement de la gouvernance.....\" \/>\n<meta property=\"og:url\" content=\"https:\/\/lequotidien.mr\/?p=16621&amp;lang=fr\" \/>\n<meta property=\"og:site_name\" content=\"Le Quotidien de Nouakchott\" \/>\n<meta property=\"article:publisher\" content=\"https:\/\/web.facebook.com\/lequotidienmr\" \/>\n<meta property=\"article:published_time\" content=\"2024-03-11T12:10:50+00:00\" \/>\n<meta property=\"og:image\" content=\"https:\/\/lequotidien.mr\/wp-content\/uploads\/2024\/03\/IMG-20240309-WA0669.jpg\" \/>\n\t<meta property=\"og:image:width\" content=\"1280\" \/>\n\t<meta property=\"og:image:height\" content=\"852\" \/>\n\t<meta property=\"og:image:type\" content=\"image\/jpeg\" \/>\n<meta name=\"author\" content=\"Le Quotidien\" \/>\n<meta name=\"twitter:card\" content=\"summary_large_image\" \/>\n<meta name=\"twitter:creator\" content=\"@lequotidienmr\" \/>\n<meta name=\"twitter:site\" content=\"@lequotidienmr\" \/>\n<meta name=\"twitter:label1\" content=\"\u0643\u064f\u062a\u0628 \u0628\u0648\u0627\u0633\u0637\u0629\" \/>\n\t<meta name=\"twitter:data1\" content=\"Le Quotidien\" \/>\n\t<meta name=\"twitter:label2\" content=\"\u0648\u0642\u062a \u0627\u0644\u0642\u0631\u0627\u0621\u0629 \u0627\u0644\u0645\u064f\u0642\u062f\u0651\u0631\" \/>\n\t<meta name=\"twitter:data2\" content=\"4 \u062f\u0642\u0627\u0626\u0642\" \/>\n<script type=\"application\/ld+json\" class=\"yoast-schema-graph\">{\"@context\":\"https:\\\/\\\/schema.org\",\"@graph\":[{\"@type\":\"Article\",\"@id\":\"https:\\\/\\\/lequotidien.mr\\\/?p=16621&lang=fr#article\",\"isPartOf\":{\"@id\":\"https:\\\/\\\/lequotidien.mr\\\/?p=16621&lang=fr\"},\"author\":{\"name\":\"Le Quotidien\",\"@id\":\"https:\\\/\\\/lequotidien.mr\\\/#\\\/schema\\\/person\\\/f90fcdaa970c60288de4ed2e64a56472\"},\"headline\":\"La Mauritanie engage un \u00e9ni\u00e8me dialogue national pour des \u00e9lections pr\u00e9sidentielles inclusives et la gouvernance politique\",\"datePublished\":\"2024-03-11T12:10:50+00:00\",\"mainEntityOfPage\":{\"@id\":\"https:\\\/\\\/lequotidien.mr\\\/?p=16621&lang=fr\"},\"wordCount\":756,\"commentCount\":0,\"publisher\":{\"@id\":\"https:\\\/\\\/lequotidien.mr\\\/#organization\"},\"image\":{\"@id\":\"https:\\\/\\\/lequotidien.mr\\\/?p=16621&lang=fr#primaryimage\"},\"thumbnailUrl\":\"https:\\\/\\\/lequotidien.mr\\\/wp-content\\\/uploads\\\/2024\\\/03\\\/IMG-20240309-WA0669.jpg\",\"articleSection\":[\"ACTUALIT\u00c9\",\"Couverture sp\u00e9cilale\"],\"inLanguage\":\"ar\",\"potentialAction\":[{\"@type\":\"CommentAction\",\"name\":\"Comment\",\"target\":[\"https:\\\/\\\/lequotidien.mr\\\/?p=16621&lang=fr#respond\"]}]},{\"@type\":\"WebPage\",\"@id\":\"https:\\\/\\\/lequotidien.mr\\\/?p=16621&lang=fr\",\"url\":\"https:\\\/\\\/lequotidien.mr\\\/?p=16621&lang=fr\",\"name\":\"La Mauritanie engage un \u00e9ni\u00e8me dialogue national pour des \u00e9lections pr\u00e9sidentielles inclusives et la gouvernance politique - Le Quotidien de Nouakchott\",\"isPartOf\":{\"@id\":\"https:\\\/\\\/lequotidien.mr\\\/#website\"},\"primaryImageOfPage\":{\"@id\":\"https:\\\/\\\/lequotidien.mr\\\/?p=16621&lang=fr#primaryimage\"},\"image\":{\"@id\":\"https:\\\/\\\/lequotidien.mr\\\/?p=16621&lang=fr#primaryimage\"},\"thumbnailUrl\":\"https:\\\/\\\/lequotidien.mr\\\/wp-content\\\/uploads\\\/2024\\\/03\\\/IMG-20240309-WA0669.jpg\",\"datePublished\":\"2024-03-11T12:10:50+00:00\",\"breadcrumb\":{\"@id\":\"https:\\\/\\\/lequotidien.mr\\\/?p=16621&lang=fr#breadcrumb\"},\"inLanguage\":\"ar\",\"potentialAction\":[{\"@type\":\"ReadAction\",\"target\":[\"https:\\\/\\\/lequotidien.mr\\\/?p=16621&lang=fr\"]}]},{\"@type\":\"ImageObject\",\"inLanguage\":\"ar\",\"@id\":\"https:\\\/\\\/lequotidien.mr\\\/?p=16621&lang=fr#primaryimage\",\"url\":\"https:\\\/\\\/lequotidien.mr\\\/wp-content\\\/uploads\\\/2024\\\/03\\\/IMG-20240309-WA0669.jpg\",\"contentUrl\":\"https:\\\/\\\/lequotidien.mr\\\/wp-content\\\/uploads\\\/2024\\\/03\\\/IMG-20240309-WA0669.jpg\",\"width\":1280,\"height\":852},{\"@type\":\"BreadcrumbList\",\"@id\":\"https:\\\/\\\/lequotidien.mr\\\/?p=16621&lang=fr#breadcrumb\",\"itemListElement\":[{\"@type\":\"ListItem\",\"position\":1,\"name\":\"Home\",\"item\":\"https:\\\/\\\/lequotidien.mr\\\/\"},{\"@type\":\"ListItem\",\"position\":2,\"name\":\"La Mauritanie engage un \u00e9ni\u00e8me dialogue national pour des \u00e9lections pr\u00e9sidentielles inclusives et la gouvernance politique\"}]},{\"@type\":\"WebSite\",\"@id\":\"https:\\\/\\\/lequotidien.mr\\\/#website\",\"url\":\"https:\\\/\\\/lequotidien.mr\\\/\",\"name\":\"Le Quotidien de Nouakchott\",\"description\":\"\u0625\u062e\u0628\u0627\u0631\u064a\u0629 \u0645\u0633\u062a\u0642\u0644\u0629 \u0644\u0644\u0623\u0646\u0628\u0627\u0621 \u0627\u0644\u0639\u0627\u0645\u0629\",\"publisher\":{\"@id\":\"https:\\\/\\\/lequotidien.mr\\\/#organization\"},\"potentialAction\":[{\"@type\":\"SearchAction\",\"target\":{\"@type\":\"EntryPoint\",\"urlTemplate\":\"https:\\\/\\\/lequotidien.mr\\\/?s={search_term_string}\"},\"query-input\":{\"@type\":\"PropertyValueSpecification\",\"valueRequired\":true,\"valueName\":\"search_term_string\"}}],\"inLanguage\":\"ar\"},{\"@type\":\"Organization\",\"@id\":\"https:\\\/\\\/lequotidien.mr\\\/#organization\",\"name\":\"Le Quotidien de Nouakchott\",\"url\":\"https:\\\/\\\/lequotidien.mr\\\/\",\"logo\":{\"@type\":\"ImageObject\",\"inLanguage\":\"ar\",\"@id\":\"https:\\\/\\\/lequotidien.mr\\\/#\\\/schema\\\/logo\\\/image\\\/\",\"url\":\"https:\\\/\\\/lequotidien.mr\\\/wp-content\\\/uploads\\\/2022\\\/11\\\/logolequotidien.jpg\",\"contentUrl\":\"https:\\\/\\\/lequotidien.mr\\\/wp-content\\\/uploads\\\/2022\\\/11\\\/logolequotidien.jpg\",\"width\":290,\"height\":65,\"caption\":\"Le Quotidien de Nouakchott\"},\"image\":{\"@id\":\"https:\\\/\\\/lequotidien.mr\\\/#\\\/schema\\\/logo\\\/image\\\/\"},\"sameAs\":[\"https:\\\/\\\/web.facebook.com\\\/lequotidienmr\",\"https:\\\/\\\/x.com\\\/lequotidienmr\"]},{\"@type\":\"Person\",\"@id\":\"https:\\\/\\\/lequotidien.mr\\\/#\\\/schema\\\/person\\\/f90fcdaa970c60288de4ed2e64a56472\",\"name\":\"Le Quotidien\",\"image\":{\"@type\":\"ImageObject\",\"inLanguage\":\"ar\",\"@id\":\"https:\\\/\\\/secure.gravatar.com\\\/avatar\\\/374cb39a1a458a912465a93e5a3ce6546886fc3da809a1f10c63e4e8fcbca30f?s=96&d=mm&r=g\",\"url\":\"https:\\\/\\\/secure.gravatar.com\\\/avatar\\\/374cb39a1a458a912465a93e5a3ce6546886fc3da809a1f10c63e4e8fcbca30f?s=96&d=mm&r=g\",\"contentUrl\":\"https:\\\/\\\/secure.gravatar.com\\\/avatar\\\/374cb39a1a458a912465a93e5a3ce6546886fc3da809a1f10c63e4e8fcbca30f?s=96&d=mm&r=g\",\"caption\":\"Le Quotidien\"},\"sameAs\":[\"https:\\\/\\\/lequotidien.mr\\\/\"],\"url\":\"https:\\\/\\\/lequotidien.mr\\\/?author=4\"}]}<\/script>\n<!-- \/ Yoast SEO plugin. -->","yoast_head_json":{"title":"La Mauritanie engage un \u00e9ni\u00e8me dialogue national pour des \u00e9lections pr\u00e9sidentielles inclusives et la gouvernance politique - Le Quotidien de Nouakchott","robots":{"index":"index","follow":"follow","max-snippet":"max-snippet:-1","max-image-preview":"max-image-preview:large","max-video-preview":"max-video-preview:-1"},"canonical":"https:\/\/lequotidien.mr\/?p=16621&lang=fr","og_locale":"ar_AR","og_type":"article","og_title":"La Mauritanie engage un \u00e9ni\u00e8me dialogue national pour des \u00e9lections pr\u00e9sidentielles inclusives et la gouvernance politique - Le Quotidien de Nouakchott","og_description":"Dans le cadre d&#8217;une initiative visant, selon lui, \u00e0 renforcer la d\u00e9mocratie et la gouvernance dans le pays, le minist\u00e8re de l&#8217;Int\u00e9rieur et de la D\u00e9centralisation de Mauritanie a lanc\u00e9, samedi soir au Palais des Congr\u00e8s de Nouakchott, les Journ\u00e9es nationales de concertation sur la pr\u00e9paration des \u00e9lections pr\u00e9sidentielles et le d\u00e9veloppement de la gouvernance.....","og_url":"https:\/\/lequotidien.mr\/?p=16621&lang=fr","og_site_name":"Le Quotidien de Nouakchott","article_publisher":"https:\/\/web.facebook.com\/lequotidienmr","article_published_time":"2024-03-11T12:10:50+00:00","og_image":[{"width":1280,"height":852,"url":"https:\/\/lequotidien.mr\/wp-content\/uploads\/2024\/03\/IMG-20240309-WA0669.jpg","type":"image\/jpeg"}],"author":"Le Quotidien","twitter_card":"summary_large_image","twitter_creator":"@lequotidienmr","twitter_site":"@lequotidienmr","twitter_misc":{"\u0643\u064f\u062a\u0628 \u0628\u0648\u0627\u0633\u0637\u0629":"Le Quotidien","\u0648\u0642\u062a \u0627\u0644\u0642\u0631\u0627\u0621\u0629 \u0627\u0644\u0645\u064f\u0642\u062f\u0651\u0631":"4 \u062f\u0642\u0627\u0626\u0642"},"schema":{"@context":"https:\/\/schema.org","@graph":[{"@type":"Article","@id":"https:\/\/lequotidien.mr\/?p=16621&lang=fr#article","isPartOf":{"@id":"https:\/\/lequotidien.mr\/?p=16621&lang=fr"},"author":{"name":"Le Quotidien","@id":"https:\/\/lequotidien.mr\/#\/schema\/person\/f90fcdaa970c60288de4ed2e64a56472"},"headline":"La Mauritanie engage un \u00e9ni\u00e8me dialogue national pour des \u00e9lections pr\u00e9sidentielles inclusives et la gouvernance politique","datePublished":"2024-03-11T12:10:50+00:00","mainEntityOfPage":{"@id":"https:\/\/lequotidien.mr\/?p=16621&lang=fr"},"wordCount":756,"commentCount":0,"publisher":{"@id":"https:\/\/lequotidien.mr\/#organization"},"image":{"@id":"https:\/\/lequotidien.mr\/?p=16621&lang=fr#primaryimage"},"thumbnailUrl":"https:\/\/lequotidien.mr\/wp-content\/uploads\/2024\/03\/IMG-20240309-WA0669.jpg","articleSection":["ACTUALIT\u00c9","Couverture sp\u00e9cilale"],"inLanguage":"ar","potentialAction":[{"@type":"CommentAction","name":"Comment","target":["https:\/\/lequotidien.mr\/?p=16621&lang=fr#respond"]}]},{"@type":"WebPage","@id":"https:\/\/lequotidien.mr\/?p=16621&lang=fr","url":"https:\/\/lequotidien.mr\/?p=16621&lang=fr","name":"La Mauritanie engage un \u00e9ni\u00e8me dialogue national pour des \u00e9lections pr\u00e9sidentielles inclusives et la gouvernance politique - Le Quotidien de Nouakchott","isPartOf":{"@id":"https:\/\/lequotidien.mr\/#website"},"primaryImageOfPage":{"@id":"https:\/\/lequotidien.mr\/?p=16621&lang=fr#primaryimage"},"image":{"@id":"https:\/\/lequotidien.mr\/?p=16621&lang=fr#primaryimage"},"thumbnailUrl":"https:\/\/lequotidien.mr\/wp-content\/uploads\/2024\/03\/IMG-20240309-WA0669.jpg","datePublished":"2024-03-11T12:10:50+00:00","breadcrumb":{"@id":"https:\/\/lequotidien.mr\/?p=16621&lang=fr#breadcrumb"},"inLanguage":"ar","potentialAction":[{"@type":"ReadAction","target":["https:\/\/lequotidien.mr\/?p=16621&lang=fr"]}]},{"@type":"ImageObject","inLanguage":"ar","@id":"https:\/\/lequotidien.mr\/?p=16621&lang=fr#primaryimage","url":"https:\/\/lequotidien.mr\/wp-content\/uploads\/2024\/03\/IMG-20240309-WA0669.jpg","contentUrl":"https:\/\/lequotidien.mr\/wp-content\/uploads\/2024\/03\/IMG-20240309-WA0669.jpg","width":1280,"height":852},{"@type":"BreadcrumbList","@id":"https:\/\/lequotidien.mr\/?p=16621&lang=fr#breadcrumb","itemListElement":[{"@type":"ListItem","position":1,"name":"Home","item":"https:\/\/lequotidien.mr\/"},{"@type":"ListItem","position":2,"name":"La Mauritanie engage un \u00e9ni\u00e8me dialogue national pour des \u00e9lections pr\u00e9sidentielles inclusives et la gouvernance politique"}]},{"@type":"WebSite","@id":"https:\/\/lequotidien.mr\/#website","url":"https:\/\/lequotidien.mr\/","name":"Le Quotidien de Nouakchott","description":"\u0625\u062e\u0628\u0627\u0631\u064a\u0629 \u0645\u0633\u062a\u0642\u0644\u0629 \u0644\u0644\u0623\u0646\u0628\u0627\u0621 \u0627\u0644\u0639\u0627\u0645\u0629","publisher":{"@id":"https:\/\/lequotidien.mr\/#organization"},"potentialAction":[{"@type":"SearchAction","target":{"@type":"EntryPoint","urlTemplate":"https:\/\/lequotidien.mr\/?s={search_term_string}"},"query-input":{"@type":"PropertyValueSpecification","valueRequired":true,"valueName":"search_term_string"}}],"inLanguage":"ar"},{"@type":"Organization","@id":"https:\/\/lequotidien.mr\/#organization","name":"Le Quotidien de Nouakchott","url":"https:\/\/lequotidien.mr\/","logo":{"@type":"ImageObject","inLanguage":"ar","@id":"https:\/\/lequotidien.mr\/#\/schema\/logo\/image\/","url":"https:\/\/lequotidien.mr\/wp-content\/uploads\/2022\/11\/logolequotidien.jpg","contentUrl":"https:\/\/lequotidien.mr\/wp-content\/uploads\/2022\/11\/logolequotidien.jpg","width":290,"height":65,"caption":"Le Quotidien de Nouakchott"},"image":{"@id":"https:\/\/lequotidien.mr\/#\/schema\/logo\/image\/"},"sameAs":["https:\/\/web.facebook.com\/lequotidienmr","https:\/\/x.com\/lequotidienmr"]},{"@type":"Person","@id":"https:\/\/lequotidien.mr\/#\/schema\/person\/f90fcdaa970c60288de4ed2e64a56472","name":"Le Quotidien","image":{"@type":"ImageObject","inLanguage":"ar","@id":"https:\/\/secure.gravatar.com\/avatar\/374cb39a1a458a912465a93e5a3ce6546886fc3da809a1f10c63e4e8fcbca30f?s=96&d=mm&r=g","url":"https:\/\/secure.gravatar.com\/avatar\/374cb39a1a458a912465a93e5a3ce6546886fc3da809a1f10c63e4e8fcbca30f?s=96&d=mm&r=g","contentUrl":"https:\/\/secure.gravatar.com\/avatar\/374cb39a1a458a912465a93e5a3ce6546886fc3da809a1f10c63e4e8fcbca30f?s=96&d=mm&r=g","caption":"Le Quotidien"},"sameAs":["https:\/\/lequotidien.mr\/"],"url":"https:\/\/lequotidien.mr\/?author=4"}]}},"_links":{"self":[{"href":"https:\/\/lequotidien.mr\/index.php?rest_route=\/wp\/v2\/posts\/16621","targetHints":{"allow":["GET"]}}],"collection":[{"href":"https:\/\/lequotidien.mr\/index.php?rest_route=\/wp\/v2\/posts"}],"about":[{"href":"https:\/\/lequotidien.mr\/index.php?rest_route=\/wp\/v2\/types\/post"}],"author":[{"embeddable":true,"href":"https:\/\/lequotidien.mr\/index.php?rest_route=\/wp\/v2\/users\/4"}],"replies":[{"embeddable":true,"href":"https:\/\/lequotidien.mr\/index.php?rest_route=%2Fwp%2Fv2%2Fcomments&post=16621"}],"version-history":[{"count":1,"href":"https:\/\/lequotidien.mr\/index.php?rest_route=\/wp\/v2\/posts\/16621\/revisions"}],"predecessor-version":[{"id":16623,"href":"https:\/\/lequotidien.mr\/index.php?rest_route=\/wp\/v2\/posts\/16621\/revisions\/16623"}],"wp:featuredmedia":[{"embeddable":true,"href":"https:\/\/lequotidien.mr\/index.php?rest_route=\/wp\/v2\/media\/16622"}],"wp:attachment":[{"href":"https:\/\/lequotidien.mr\/index.php?rest_route=%2Fwp%2Fv2%2Fmedia&parent=16621"}],"wp:term":[{"taxonomy":"category","embeddable":true,"href":"https:\/\/lequotidien.mr\/index.php?rest_route=%2Fwp%2Fv2%2Fcategories&post=16621"},{"taxonomy":"post_tag","embeddable":true,"href":"https:\/\/lequotidien.mr\/index.php?rest_route=%2Fwp%2Fv2%2Ftags&post=16621"}],"curies":[{"name":"wp","href":"https:\/\/api.w.org\/{rel}","templated":true}]}}