{"id":16419,"date":"2024-03-02T16:18:32","date_gmt":"2024-03-02T16:18:32","guid":{"rendered":"https:\/\/lequotidien.mr\/?p=16419"},"modified":"2024-03-02T16:18:32","modified_gmt":"2024-03-02T16:18:32","slug":"ouverture-du-septieme-sommet-du-gecf-a-alger-un-pas-de-plus-vers-une-transition-energetique-equitable","status":"publish","type":"post","link":"https:\/\/lequotidien.mr\/?p=16419&lang=fr","title":{"rendered":"Ouverture du septi\u00e8me sommet du GECF \u00e0 Alger : un pas de plus vers une transition \u00e9nerg\u00e9tique \u00e9quitable"},"content":{"rendered":"<p>Ouverture ce jour, samedi 2 mars 2024, du septi\u00e8me sommet des chefs d&#8217;Etat et de gouvernement du Forum des pays exportateurs de gaz (GECF), \u00e0 Alger.\u00a0 Plusieurs dirigeants ont fait le d\u00e9placement\u00a0 dont SEM Mohamed Cheikh El Ghazouani puisque la Mauritanie a officiellement rejoint le GECF sachant que la demande de l&#8217;adh\u00e9sion du S\u00e9n\u00e9gal a \u00e9t\u00e9 unanimement approuv\u00e9e lors des r\u00e9unions minist\u00e9rielles d&#8217;hier.<\/p>\n<p>Il est \u00e0 noter que sous les eaux c\u00f4ti\u00e8res de ces deux pays frontaliers se trouvent d\u2019importants gisements de p\u00e9trole et de gaz naturel dont l\u2019exploitation aiguise d\u00e9j\u00e0 l&#8217;int\u00e9r\u00eat de beaucoup de pays de par le monde, notamment du c\u00f4t\u00e9 europ\u00e9en avec le tarissement des livraisons russes de gaz vers le vieux continent.<\/p>\n<p>La participation de la Mauritanie \u00e0 ce sommet rev\u00eat une importance particuli\u00e8re alors que le pays se pr\u00e9pare, \u00e0 court terme, \u00e0 devenir un producteur et exportateur de gaz naturel. Le GECF offre surtout pour le pays une plateforme pr\u00e9cieuse pour apprendre des meilleures pratiques et des exp\u00e9riences des autres membres dans le domaine de la production et de la commercialisation du gaz naturel promis \u00e0 un grand avenir.<\/p>\n<p>Le ministre du P\u00e9trole, des Mines et de l\u2019\u00c9nergie, porte-parole du gouvernement \u00a0mauritanien, Nani O. Chrougha, a indiqu\u00e9, lors de sa participation \u00e0 la s\u00e9ance d\u2019ouverture de la conf\u00e9rence des Ministres et D\u00e9l\u00e9gations participant au sommet de la septi\u00e8me session des chefs d\u2019Etat et de gouvernement du forum des GECF, que la Mauritanie participe pour la troisi\u00e8me fois aux r\u00e9unions du forum, et s\u2019att\u00e8lera \u00e0 atteindre tous les objectifs arr\u00eat\u00e9s pour le d\u00e9veloppement de l\u2019industrie gazi\u00e8re.<\/p>\n<p>Aujourd&#8217;hui, le nombre total de pays membres et observateurs du GECF est de\u00a0 20 (Alg\u00e9rie, Bolivie, \u00c9gypte, Guin\u00e9e \u00e9quatoriale, Iran, Libye, Nigeria, Qatar, Russie, Trinit\u00e9-et-Tobago, \u00c9mirats arabes unis, Venezuela, Mauritanie, S\u00e9n\u00e9gal, Angola, Azerba\u00efdjan, Irak, Malaisie, Mozambique et P\u00e9rou). Ces pays d\u00e9tiennent, \u00e0 eux seuls, plus de 72% des r\u00e9serves mondiales de gaz naturel.<\/p>\n<p>Dans son rapport annuel intitul\u00e9 &#8220;Global Gas Outlook 2050&#8221;, le GECF souligne l&#8217;importance croissante du gaz naturel dans le mix \u00e9nerg\u00e9tique mondial. Selon ces projections, la demande mondiale de gaz naturel devrait augmenter de 34% d&#8217;ici 2050, et sa contribution au mix \u00e9nerg\u00e9tique mondial devrait passer de 23% actuellement \u00e0 26%. Cette tendance refl\u00e8te une nette transition vers des sources d&#8217;\u00e9nergie plus durables et moins polluantes \u00e0 l&#8217;\u00e9chelle mondiale.<\/p>\n<p>En effet, cette ressource, consid\u00e9r\u00e9e comme une alternative aux combustibles fossiles, offre de multiples avantages, notamment la r\u00e9duction de la pollution atmosph\u00e9rique, de la d\u00e9forestation et des \u00e9missions de gaz \u00e0 effet de serre. Selon le document \u00a0rapport Global Gas Outlook 2050, \u00ab le gaz naturel est une source d\u2019\u00e9nergie polyvalente, destin\u00e9e \u00e0 rester indispensable pour les d\u00e9cennies \u00e0 venir.<\/p>\n","protected":false},"excerpt":{"rendered":"<p>Ouverture ce jour, samedi 2 mars 2024, du septi\u00e8me sommet des chefs d&#8217;Etat et de gouvernement du Forum des pays exportateurs de gaz (GECF), \u00e0 Alger.\u00a0 Plusieurs dirigeants ont fait le d\u00e9placement\u00a0 dont SEM Mohamed Cheikh El Ghazouani puisque la Mauritanie a officiellement rejoint le GECF sachant que la demande de l&#8217;adh\u00e9sion du S\u00e9n\u00e9gal a&#8230;..<\/p>\n","protected":false},"author":4,"featured_media":16420,"comment_status":"open","ping_status":"open","sticky":false,"template":"","format":"standard","meta":{"footnotes":""},"categories":[23,49],"tags":[],"class_list":["post-16419","post","type-post","status-publish","format-standard","has-post-thumbnail","hentry","category-actualite","category-economie"],"yoast_head":"<!-- This site is optimized with the Yoast SEO plugin v27.5 - https:\/\/yoast.com\/product\/yoast-seo-wordpress\/ -->\n<title>Ouverture du septi\u00e8me sommet du GECF \u00e0 Alger : un pas de plus vers une transition \u00e9nerg\u00e9tique \u00e9quitable - Le Quotidien de Nouakchott<\/title>\n<meta name=\"robots\" content=\"index, follow, max-snippet:-1, max-image-preview:large, max-video-preview:-1\" \/>\n<link rel=\"canonical\" href=\"https:\/\/lequotidien.mr\/?p=16419&lang=fr\" \/>\n<meta property=\"og:locale\" content=\"ar_AR\" \/>\n<meta property=\"og:type\" content=\"article\" \/>\n<meta property=\"og:title\" content=\"Ouverture du septi\u00e8me sommet du GECF \u00e0 Alger : un pas de plus vers une transition \u00e9nerg\u00e9tique \u00e9quitable - Le Quotidien de Nouakchott\" \/>\n<meta property=\"og:description\" content=\"Ouverture ce jour, samedi 2 mars 2024, du septi\u00e8me sommet des chefs d&#8217;Etat et de gouvernement du Forum des pays exportateurs de gaz (GECF), \u00e0 Alger.\u00a0 Plusieurs dirigeants ont fait le d\u00e9placement\u00a0 dont SEM Mohamed Cheikh El Ghazouani puisque la Mauritanie a officiellement rejoint le GECF sachant que la demande de l&#8217;adh\u00e9sion du S\u00e9n\u00e9gal a.....\" \/>\n<meta property=\"og:url\" content=\"https:\/\/lequotidien.mr\/?p=16419&amp;lang=fr\" \/>\n<meta property=\"og:site_name\" content=\"Le Quotidien de Nouakchott\" \/>\n<meta property=\"article:publisher\" content=\"https:\/\/web.facebook.com\/lequotidienmr\" \/>\n<meta property=\"article:published_time\" content=\"2024-03-02T16:18:32+00:00\" \/>\n<meta property=\"og:image\" content=\"https:\/\/lequotidien.mr\/wp-content\/uploads\/2024\/03\/photo-forum-gaz-3.jpg\" \/>\n\t<meta property=\"og:image:width\" content=\"800\" \/>\n\t<meta property=\"og:image:height\" content=\"368\" \/>\n\t<meta property=\"og:image:type\" content=\"image\/jpeg\" \/>\n<meta name=\"author\" content=\"Le Quotidien\" \/>\n<meta name=\"twitter:card\" content=\"summary_large_image\" \/>\n<meta name=\"twitter:creator\" content=\"@lequotidienmr\" \/>\n<meta name=\"twitter:site\" content=\"@lequotidienmr\" \/>\n<meta name=\"twitter:label1\" content=\"\u0643\u064f\u062a\u0628 \u0628\u0648\u0627\u0633\u0637\u0629\" \/>\n\t<meta name=\"twitter:data1\" content=\"Le Quotidien\" \/>\n\t<meta name=\"twitter:label2\" content=\"\u0648\u0642\u062a \u0627\u0644\u0642\u0631\u0627\u0621\u0629 \u0627\u0644\u0645\u064f\u0642\u062f\u0651\u0631\" \/>\n\t<meta name=\"twitter:data2\" content=\"\u062f\u0642\u064a\u0642\u062a\u0627\u0646\" \/>\n<script type=\"application\/ld+json\" class=\"yoast-schema-graph\">{\"@context\":\"https:\\\/\\\/schema.org\",\"@graph\":[{\"@type\":\"Article\",\"@id\":\"https:\\\/\\\/lequotidien.mr\\\/?p=16419&lang=fr#article\",\"isPartOf\":{\"@id\":\"https:\\\/\\\/lequotidien.mr\\\/?p=16419&lang=fr\"},\"author\":{\"name\":\"Le Quotidien\",\"@id\":\"https:\\\/\\\/lequotidien.mr\\\/#\\\/schema\\\/person\\\/f90fcdaa970c60288de4ed2e64a56472\"},\"headline\":\"Ouverture du septi\u00e8me sommet du GECF \u00e0 Alger : un pas de plus vers une transition \u00e9nerg\u00e9tique \u00e9quitable\",\"datePublished\":\"2024-03-02T16:18:32+00:00\",\"mainEntityOfPage\":{\"@id\":\"https:\\\/\\\/lequotidien.mr\\\/?p=16419&lang=fr\"},\"wordCount\":506,\"commentCount\":0,\"publisher\":{\"@id\":\"https:\\\/\\\/lequotidien.mr\\\/#organization\"},\"image\":{\"@id\":\"https:\\\/\\\/lequotidien.mr\\\/?p=16419&lang=fr#primaryimage\"},\"thumbnailUrl\":\"https:\\\/\\\/lequotidien.mr\\\/wp-content\\\/uploads\\\/2024\\\/03\\\/photo-forum-gaz-3.jpg\",\"articleSection\":[\"ACTUALIT\u00c9\",\"Economie\"],\"inLanguage\":\"ar\",\"potentialAction\":[{\"@type\":\"CommentAction\",\"name\":\"Comment\",\"target\":[\"https:\\\/\\\/lequotidien.mr\\\/?p=16419&lang=fr#respond\"]}]},{\"@type\":\"WebPage\",\"@id\":\"https:\\\/\\\/lequotidien.mr\\\/?p=16419&lang=fr\",\"url\":\"https:\\\/\\\/lequotidien.mr\\\/?p=16419&lang=fr\",\"name\":\"Ouverture du septi\u00e8me sommet du GECF \u00e0 Alger : un pas de plus vers une transition \u00e9nerg\u00e9tique \u00e9quitable - Le Quotidien de Nouakchott\",\"isPartOf\":{\"@id\":\"https:\\\/\\\/lequotidien.mr\\\/#website\"},\"primaryImageOfPage\":{\"@id\":\"https:\\\/\\\/lequotidien.mr\\\/?p=16419&lang=fr#primaryimage\"},\"image\":{\"@id\":\"https:\\\/\\\/lequotidien.mr\\\/?p=16419&lang=fr#primaryimage\"},\"thumbnailUrl\":\"https:\\\/\\\/lequotidien.mr\\\/wp-content\\\/uploads\\\/2024\\\/03\\\/photo-forum-gaz-3.jpg\",\"datePublished\":\"2024-03-02T16:18:32+00:00\",\"breadcrumb\":{\"@id\":\"https:\\\/\\\/lequotidien.mr\\\/?p=16419&lang=fr#breadcrumb\"},\"inLanguage\":\"ar\",\"potentialAction\":[{\"@type\":\"ReadAction\",\"target\":[\"https:\\\/\\\/lequotidien.mr\\\/?p=16419&lang=fr\"]}]},{\"@type\":\"ImageObject\",\"inLanguage\":\"ar\",\"@id\":\"https:\\\/\\\/lequotidien.mr\\\/?p=16419&lang=fr#primaryimage\",\"url\":\"https:\\\/\\\/lequotidien.mr\\\/wp-content\\\/uploads\\\/2024\\\/03\\\/photo-forum-gaz-3.jpg\",\"contentUrl\":\"https:\\\/\\\/lequotidien.mr\\\/wp-content\\\/uploads\\\/2024\\\/03\\\/photo-forum-gaz-3.jpg\",\"width\":800,\"height\":368},{\"@type\":\"BreadcrumbList\",\"@id\":\"https:\\\/\\\/lequotidien.mr\\\/?p=16419&lang=fr#breadcrumb\",\"itemListElement\":[{\"@type\":\"ListItem\",\"position\":1,\"name\":\"Home\",\"item\":\"https:\\\/\\\/lequotidien.mr\\\/\"},{\"@type\":\"ListItem\",\"position\":2,\"name\":\"Ouverture du septi\u00e8me sommet du GECF \u00e0 Alger : un pas de plus vers une transition \u00e9nerg\u00e9tique \u00e9quitable\"}]},{\"@type\":\"WebSite\",\"@id\":\"https:\\\/\\\/lequotidien.mr\\\/#website\",\"url\":\"https:\\\/\\\/lequotidien.mr\\\/\",\"name\":\"Le Quotidien de Nouakchott\",\"description\":\"\u0625\u062e\u0628\u0627\u0631\u064a\u0629 \u0645\u0633\u062a\u0642\u0644\u0629 \u0644\u0644\u0623\u0646\u0628\u0627\u0621 \u0627\u0644\u0639\u0627\u0645\u0629\",\"publisher\":{\"@id\":\"https:\\\/\\\/lequotidien.mr\\\/#organization\"},\"potentialAction\":[{\"@type\":\"SearchAction\",\"target\":{\"@type\":\"EntryPoint\",\"urlTemplate\":\"https:\\\/\\\/lequotidien.mr\\\/?s={search_term_string}\"},\"query-input\":{\"@type\":\"PropertyValueSpecification\",\"valueRequired\":true,\"valueName\":\"search_term_string\"}}],\"inLanguage\":\"ar\"},{\"@type\":\"Organization\",\"@id\":\"https:\\\/\\\/lequotidien.mr\\\/#organization\",\"name\":\"Le Quotidien de Nouakchott\",\"url\":\"https:\\\/\\\/lequotidien.mr\\\/\",\"logo\":{\"@type\":\"ImageObject\",\"inLanguage\":\"ar\",\"@id\":\"https:\\\/\\\/lequotidien.mr\\\/#\\\/schema\\\/logo\\\/image\\\/\",\"url\":\"https:\\\/\\\/lequotidien.mr\\\/wp-content\\\/uploads\\\/2022\\\/11\\\/logolequotidien.jpg\",\"contentUrl\":\"https:\\\/\\\/lequotidien.mr\\\/wp-content\\\/uploads\\\/2022\\\/11\\\/logolequotidien.jpg\",\"width\":290,\"height\":65,\"caption\":\"Le Quotidien de Nouakchott\"},\"image\":{\"@id\":\"https:\\\/\\\/lequotidien.mr\\\/#\\\/schema\\\/logo\\\/image\\\/\"},\"sameAs\":[\"https:\\\/\\\/web.facebook.com\\\/lequotidienmr\",\"https:\\\/\\\/x.com\\\/lequotidienmr\"]},{\"@type\":\"Person\",\"@id\":\"https:\\\/\\\/lequotidien.mr\\\/#\\\/schema\\\/person\\\/f90fcdaa970c60288de4ed2e64a56472\",\"name\":\"Le Quotidien\",\"image\":{\"@type\":\"ImageObject\",\"inLanguage\":\"ar\",\"@id\":\"https:\\\/\\\/secure.gravatar.com\\\/avatar\\\/374cb39a1a458a912465a93e5a3ce6546886fc3da809a1f10c63e4e8fcbca30f?s=96&d=mm&r=g\",\"url\":\"https:\\\/\\\/secure.gravatar.com\\\/avatar\\\/374cb39a1a458a912465a93e5a3ce6546886fc3da809a1f10c63e4e8fcbca30f?s=96&d=mm&r=g\",\"contentUrl\":\"https:\\\/\\\/secure.gravatar.com\\\/avatar\\\/374cb39a1a458a912465a93e5a3ce6546886fc3da809a1f10c63e4e8fcbca30f?s=96&d=mm&r=g\",\"caption\":\"Le Quotidien\"},\"sameAs\":[\"https:\\\/\\\/lequotidien.mr\\\/\"],\"url\":\"https:\\\/\\\/lequotidien.mr\\\/?author=4\"}]}<\/script>\n<!-- \/ Yoast SEO plugin. -->","yoast_head_json":{"title":"Ouverture du septi\u00e8me sommet du GECF \u00e0 Alger : un pas de plus vers une transition \u00e9nerg\u00e9tique \u00e9quitable - Le Quotidien de Nouakchott","robots":{"index":"index","follow":"follow","max-snippet":"max-snippet:-1","max-image-preview":"max-image-preview:large","max-video-preview":"max-video-preview:-1"},"canonical":"https:\/\/lequotidien.mr\/?p=16419&lang=fr","og_locale":"ar_AR","og_type":"article","og_title":"Ouverture du septi\u00e8me sommet du GECF \u00e0 Alger : un pas de plus vers une transition \u00e9nerg\u00e9tique \u00e9quitable - Le Quotidien de Nouakchott","og_description":"Ouverture ce jour, samedi 2 mars 2024, du septi\u00e8me sommet des chefs d&#8217;Etat et de gouvernement du Forum des pays exportateurs de gaz (GECF), \u00e0 Alger.\u00a0 Plusieurs dirigeants ont fait le d\u00e9placement\u00a0 dont SEM Mohamed Cheikh El Ghazouani puisque la Mauritanie a officiellement rejoint le GECF sachant que la demande de l&#8217;adh\u00e9sion du S\u00e9n\u00e9gal a.....","og_url":"https:\/\/lequotidien.mr\/?p=16419&lang=fr","og_site_name":"Le Quotidien de Nouakchott","article_publisher":"https:\/\/web.facebook.com\/lequotidienmr","article_published_time":"2024-03-02T16:18:32+00:00","og_image":[{"width":800,"height":368,"url":"https:\/\/lequotidien.mr\/wp-content\/uploads\/2024\/03\/photo-forum-gaz-3.jpg","type":"image\/jpeg"}],"author":"Le Quotidien","twitter_card":"summary_large_image","twitter_creator":"@lequotidienmr","twitter_site":"@lequotidienmr","twitter_misc":{"\u0643\u064f\u062a\u0628 \u0628\u0648\u0627\u0633\u0637\u0629":"Le Quotidien","\u0648\u0642\u062a \u0627\u0644\u0642\u0631\u0627\u0621\u0629 \u0627\u0644\u0645\u064f\u0642\u062f\u0651\u0631":"\u062f\u0642\u064a\u0642\u062a\u0627\u0646"},"schema":{"@context":"https:\/\/schema.org","@graph":[{"@type":"Article","@id":"https:\/\/lequotidien.mr\/?p=16419&lang=fr#article","isPartOf":{"@id":"https:\/\/lequotidien.mr\/?p=16419&lang=fr"},"author":{"name":"Le Quotidien","@id":"https:\/\/lequotidien.mr\/#\/schema\/person\/f90fcdaa970c60288de4ed2e64a56472"},"headline":"Ouverture du septi\u00e8me sommet du GECF \u00e0 Alger : un pas de plus vers une transition \u00e9nerg\u00e9tique \u00e9quitable","datePublished":"2024-03-02T16:18:32+00:00","mainEntityOfPage":{"@id":"https:\/\/lequotidien.mr\/?p=16419&lang=fr"},"wordCount":506,"commentCount":0,"publisher":{"@id":"https:\/\/lequotidien.mr\/#organization"},"image":{"@id":"https:\/\/lequotidien.mr\/?p=16419&lang=fr#primaryimage"},"thumbnailUrl":"https:\/\/lequotidien.mr\/wp-content\/uploads\/2024\/03\/photo-forum-gaz-3.jpg","articleSection":["ACTUALIT\u00c9","Economie"],"inLanguage":"ar","potentialAction":[{"@type":"CommentAction","name":"Comment","target":["https:\/\/lequotidien.mr\/?p=16419&lang=fr#respond"]}]},{"@type":"WebPage","@id":"https:\/\/lequotidien.mr\/?p=16419&lang=fr","url":"https:\/\/lequotidien.mr\/?p=16419&lang=fr","name":"Ouverture du septi\u00e8me sommet du GECF \u00e0 Alger : un pas de plus vers une transition \u00e9nerg\u00e9tique \u00e9quitable - Le Quotidien de Nouakchott","isPartOf":{"@id":"https:\/\/lequotidien.mr\/#website"},"primaryImageOfPage":{"@id":"https:\/\/lequotidien.mr\/?p=16419&lang=fr#primaryimage"},"image":{"@id":"https:\/\/lequotidien.mr\/?p=16419&lang=fr#primaryimage"},"thumbnailUrl":"https:\/\/lequotidien.mr\/wp-content\/uploads\/2024\/03\/photo-forum-gaz-3.jpg","datePublished":"2024-03-02T16:18:32+00:00","breadcrumb":{"@id":"https:\/\/lequotidien.mr\/?p=16419&lang=fr#breadcrumb"},"inLanguage":"ar","potentialAction":[{"@type":"ReadAction","target":["https:\/\/lequotidien.mr\/?p=16419&lang=fr"]}]},{"@type":"ImageObject","inLanguage":"ar","@id":"https:\/\/lequotidien.mr\/?p=16419&lang=fr#primaryimage","url":"https:\/\/lequotidien.mr\/wp-content\/uploads\/2024\/03\/photo-forum-gaz-3.jpg","contentUrl":"https:\/\/lequotidien.mr\/wp-content\/uploads\/2024\/03\/photo-forum-gaz-3.jpg","width":800,"height":368},{"@type":"BreadcrumbList","@id":"https:\/\/lequotidien.mr\/?p=16419&lang=fr#breadcrumb","itemListElement":[{"@type":"ListItem","position":1,"name":"Home","item":"https:\/\/lequotidien.mr\/"},{"@type":"ListItem","position":2,"name":"Ouverture du septi\u00e8me sommet du GECF \u00e0 Alger : un pas de plus vers une transition \u00e9nerg\u00e9tique \u00e9quitable"}]},{"@type":"WebSite","@id":"https:\/\/lequotidien.mr\/#website","url":"https:\/\/lequotidien.mr\/","name":"Le Quotidien de Nouakchott","description":"\u0625\u062e\u0628\u0627\u0631\u064a\u0629 \u0645\u0633\u062a\u0642\u0644\u0629 \u0644\u0644\u0623\u0646\u0628\u0627\u0621 \u0627\u0644\u0639\u0627\u0645\u0629","publisher":{"@id":"https:\/\/lequotidien.mr\/#organization"},"potentialAction":[{"@type":"SearchAction","target":{"@type":"EntryPoint","urlTemplate":"https:\/\/lequotidien.mr\/?s={search_term_string}"},"query-input":{"@type":"PropertyValueSpecification","valueRequired":true,"valueName":"search_term_string"}}],"inLanguage":"ar"},{"@type":"Organization","@id":"https:\/\/lequotidien.mr\/#organization","name":"Le Quotidien de Nouakchott","url":"https:\/\/lequotidien.mr\/","logo":{"@type":"ImageObject","inLanguage":"ar","@id":"https:\/\/lequotidien.mr\/#\/schema\/logo\/image\/","url":"https:\/\/lequotidien.mr\/wp-content\/uploads\/2022\/11\/logolequotidien.jpg","contentUrl":"https:\/\/lequotidien.mr\/wp-content\/uploads\/2022\/11\/logolequotidien.jpg","width":290,"height":65,"caption":"Le Quotidien de Nouakchott"},"image":{"@id":"https:\/\/lequotidien.mr\/#\/schema\/logo\/image\/"},"sameAs":["https:\/\/web.facebook.com\/lequotidienmr","https:\/\/x.com\/lequotidienmr"]},{"@type":"Person","@id":"https:\/\/lequotidien.mr\/#\/schema\/person\/f90fcdaa970c60288de4ed2e64a56472","name":"Le Quotidien","image":{"@type":"ImageObject","inLanguage":"ar","@id":"https:\/\/secure.gravatar.com\/avatar\/374cb39a1a458a912465a93e5a3ce6546886fc3da809a1f10c63e4e8fcbca30f?s=96&d=mm&r=g","url":"https:\/\/secure.gravatar.com\/avatar\/374cb39a1a458a912465a93e5a3ce6546886fc3da809a1f10c63e4e8fcbca30f?s=96&d=mm&r=g","contentUrl":"https:\/\/secure.gravatar.com\/avatar\/374cb39a1a458a912465a93e5a3ce6546886fc3da809a1f10c63e4e8fcbca30f?s=96&d=mm&r=g","caption":"Le Quotidien"},"sameAs":["https:\/\/lequotidien.mr\/"],"url":"https:\/\/lequotidien.mr\/?author=4"}]}},"_links":{"self":[{"href":"https:\/\/lequotidien.mr\/index.php?rest_route=\/wp\/v2\/posts\/16419","targetHints":{"allow":["GET"]}}],"collection":[{"href":"https:\/\/lequotidien.mr\/index.php?rest_route=\/wp\/v2\/posts"}],"about":[{"href":"https:\/\/lequotidien.mr\/index.php?rest_route=\/wp\/v2\/types\/post"}],"author":[{"embeddable":true,"href":"https:\/\/lequotidien.mr\/index.php?rest_route=\/wp\/v2\/users\/4"}],"replies":[{"embeddable":true,"href":"https:\/\/lequotidien.mr\/index.php?rest_route=%2Fwp%2Fv2%2Fcomments&post=16419"}],"version-history":[{"count":1,"href":"https:\/\/lequotidien.mr\/index.php?rest_route=\/wp\/v2\/posts\/16419\/revisions"}],"predecessor-version":[{"id":16421,"href":"https:\/\/lequotidien.mr\/index.php?rest_route=\/wp\/v2\/posts\/16419\/revisions\/16421"}],"wp:featuredmedia":[{"embeddable":true,"href":"https:\/\/lequotidien.mr\/index.php?rest_route=\/wp\/v2\/media\/16420"}],"wp:attachment":[{"href":"https:\/\/lequotidien.mr\/index.php?rest_route=%2Fwp%2Fv2%2Fmedia&parent=16419"}],"wp:term":[{"taxonomy":"category","embeddable":true,"href":"https:\/\/lequotidien.mr\/index.php?rest_route=%2Fwp%2Fv2%2Fcategories&post=16419"},{"taxonomy":"post_tag","embeddable":true,"href":"https:\/\/lequotidien.mr\/index.php?rest_route=%2Fwp%2Fv2%2Ftags&post=16419"}],"curies":[{"name":"wp","href":"https:\/\/api.w.org\/{rel}","templated":true}]}}