{"id":16411,"date":"2024-03-02T13:43:36","date_gmt":"2024-03-02T13:43:36","guid":{"rendered":"https:\/\/lequotidien.mr\/?p=16411"},"modified":"2024-03-02T13:47:46","modified_gmt":"2024-03-02T13:47:46","slug":"rfi-nuance-ses-propos-par-une-clarification-importante-a-propos-de-laccord-ue-mauritanie","status":"publish","type":"post","link":"https:\/\/lequotidien.mr\/?p=16411&lang=fr","title":{"rendered":"RFI nuance ses propos par une clarification importante \u00e0 propos de l&#8217;Accord UE-Mauritanie \u00a0"},"content":{"rendered":"<p>&nbsp;<\/p>\n<p>Dans un d\u00e9veloppement r\u00e9cent qui met en lumi\u00e8re la complexit\u00e9 et la sensibilit\u00e9 des n\u00e9gociations men\u00e9es actuellement entre l\u2019Union europ\u00e9enne et la Mauritanie sur la gestion des flux migratoires, Radio France Internationale (RFI) a diffus\u00e9 ce matin dans ses journaux de Afrique Matin un d\u00e9menti \u00a0\u00a0concernant les informations diffus\u00e9es la semaine derni\u00e8res portant sur cet accord, notamment en ce qui concerne l\u2019accueil tous azimuts et des \u00e9migr\u00e9s. Contrairement aux informations publi\u00e9es il y a une semaine, qui sugg\u00e9raient que l&#8217;accord \u00e9tait finalis\u00e9, le minist\u00e8re de l&#8217;int\u00e9rieur mauritanien a clarifi\u00e9 que les discussions sont toujours en cours.<\/p>\n<p>Au c\u0153ur de ce d\u00e9menti se trouve la question du contr\u00f4le des fronti\u00e8res mauritaniennes. Le gouvernement mauritanien a soulign\u00e9 que l&#8217;accord en n\u00e9gociation vise \u00e0 renforcer la surveillance et la s\u00e9curit\u00e9 aux fronti\u00e8res. Plus significativement, il a \u00e9t\u00e9 pr\u00e9cis\u00e9 que l&#8217;accord n&#8217;envisage pas le retour en Mauritanie des migrants irr\u00e9guliers pr\u00e9sents en Europe. Cette clarification d\u00e9monte les rumeurs selon lesquelles la Mauritanie pourrait devenir un lieu d&#8217;accueil ou d&#8217;h\u00e9bergement pour les immigrants ill\u00e9gaux, soulignant l&#8217;engagement de la Mauritanie \u00e0 ne pas \u00eatre consid\u00e9r\u00e9e comme une &#8220;patrie alternative&#8221; pour l&#8217;immigration ill\u00e9gale.<\/p>\n<p>Le d\u00e9menti fait suite \u00e0 un rapport initial de RFI, attribu\u00e9 \u00e0 une journaliste bas\u00e9e \u00e0 Paris, qui avait \u00e9voqu\u00e9 des dispositions potentielles dans l&#8217;accord encore en discussion. Cette publication\u00a0 \u00a0avait suscit\u00e9 une vive r\u00e9action de la part des autorit\u00e9s mauritaniennes qui auraient exprim\u00e9 leurs vives protestations.<\/p>\n<p>Cet incident souligne l&#8217;importance de la v\u00e9rification des faits et de la communication claire dans le reportage des accords internationaux, surtout lorsqu&#8217;ils touchent \u00e0 des sujets aussi d\u00e9licats que l&#8217;immigration. Il rappelle \u00e9galement aux m\u00e9dias la n\u00e9cessit\u00e9 de consulter leurs correspondants locaux pour s&#8217;assurer que les informations diffus\u00e9es sont pr\u00e9cises et refl\u00e8tent fid\u00e8lement la r\u00e9alit\u00e9 des n\u00e9gociations en cours.<\/p>\n<p>Alors que les discussions entre l&#8217;UE et la Mauritanie continuent, il est crucial que les informations partag\u00e9es avec le public soient non seulement v\u00e9rifi\u00e9es, mais aussi pr\u00e9sent\u00e9es avec un souci de pr\u00e9cision qui respecte les sensibilit\u00e9s de toutes les parties impliqu\u00e9es. La clarification apport\u00e9e aujourd&#8217;hui par RFI contribue \u00e0 r\u00e9tablir l&#8217;exactitude des faits autour de cet accord crucial et rappelle l&#8217;importance de la rigueur journalistique dans le traitement des affaires internationales<\/p>\n","protected":false},"excerpt":{"rendered":"<p>&nbsp; Dans un d\u00e9veloppement r\u00e9cent qui met en lumi\u00e8re la complexit\u00e9 et la sensibilit\u00e9 des n\u00e9gociations men\u00e9es actuellement entre l\u2019Union europ\u00e9enne et la Mauritanie sur la gestion des flux migratoires, Radio France Internationale (RFI) a diffus\u00e9 ce matin dans ses journaux de Afrique Matin un d\u00e9menti \u00a0\u00a0concernant les informations diffus\u00e9es la semaine derni\u00e8res portant sur&#8230;..<\/p>\n","protected":false},"author":4,"featured_media":16412,"comment_status":"open","ping_status":"open","sticky":false,"template":"","format":"standard","meta":{"footnotes":""},"categories":[23,57],"tags":[],"class_list":["post-16411","post","type-post","status-publish","format-standard","has-post-thumbnail","hentry","category-actualite","category-couverture-specilale"],"yoast_head":"<!-- This site is optimized with the Yoast SEO plugin v27.5 - https:\/\/yoast.com\/product\/yoast-seo-wordpress\/ -->\n<title>RFI nuance ses propos par une clarification importante \u00e0 propos de l&#039;Accord UE-Mauritanie \u00a0 - Le Quotidien de Nouakchott<\/title>\n<meta name=\"robots\" content=\"index, follow, max-snippet:-1, max-image-preview:large, max-video-preview:-1\" \/>\n<link rel=\"canonical\" href=\"https:\/\/lequotidien.mr\/?p=16411&lang=fr\" \/>\n<meta property=\"og:locale\" content=\"ar_AR\" \/>\n<meta property=\"og:type\" content=\"article\" \/>\n<meta property=\"og:title\" content=\"RFI nuance ses propos par une clarification importante \u00e0 propos de l&#039;Accord UE-Mauritanie \u00a0 - Le Quotidien de Nouakchott\" \/>\n<meta property=\"og:description\" content=\"&nbsp; Dans un d\u00e9veloppement r\u00e9cent qui met en lumi\u00e8re la complexit\u00e9 et la sensibilit\u00e9 des n\u00e9gociations men\u00e9es actuellement entre l\u2019Union europ\u00e9enne et la Mauritanie sur la gestion des flux migratoires, Radio France Internationale (RFI) a diffus\u00e9 ce matin dans ses journaux de Afrique Matin un d\u00e9menti \u00a0\u00a0concernant les informations diffus\u00e9es la semaine derni\u00e8res portant sur.....\" \/>\n<meta property=\"og:url\" content=\"https:\/\/lequotidien.mr\/?p=16411&amp;lang=fr\" \/>\n<meta property=\"og:site_name\" content=\"Le Quotidien de Nouakchott\" \/>\n<meta property=\"article:publisher\" content=\"https:\/\/web.facebook.com\/lequotidienmr\" \/>\n<meta property=\"article:published_time\" content=\"2024-03-02T13:43:36+00:00\" \/>\n<meta property=\"article:modified_time\" content=\"2024-03-02T13:47:46+00:00\" \/>\n<meta property=\"og:image\" content=\"https:\/\/lequotidien.mr\/wp-content\/uploads\/2024\/03\/images-1.png\" \/>\n\t<meta property=\"og:image:width\" content=\"225\" \/>\n\t<meta property=\"og:image:height\" content=\"225\" \/>\n\t<meta property=\"og:image:type\" content=\"image\/png\" \/>\n<meta name=\"author\" content=\"Le Quotidien\" \/>\n<meta name=\"twitter:card\" content=\"summary_large_image\" \/>\n<meta name=\"twitter:creator\" content=\"@lequotidienmr\" \/>\n<meta name=\"twitter:site\" content=\"@lequotidienmr\" \/>\n<meta name=\"twitter:label1\" content=\"\u0643\u064f\u062a\u0628 \u0628\u0648\u0627\u0633\u0637\u0629\" \/>\n\t<meta name=\"twitter:data1\" content=\"Le Quotidien\" \/>\n\t<meta name=\"twitter:label2\" content=\"\u0648\u0642\u062a \u0627\u0644\u0642\u0631\u0627\u0621\u0629 \u0627\u0644\u0645\u064f\u0642\u062f\u0651\u0631\" \/>\n\t<meta name=\"twitter:data2\" content=\"\u062f\u0642\u064a\u0642\u062a\u0627\u0646\" \/>\n<script type=\"application\/ld+json\" class=\"yoast-schema-graph\">{\"@context\":\"https:\\\/\\\/schema.org\",\"@graph\":[{\"@type\":\"Article\",\"@id\":\"https:\\\/\\\/lequotidien.mr\\\/?p=16411&lang=fr#article\",\"isPartOf\":{\"@id\":\"https:\\\/\\\/lequotidien.mr\\\/?p=16411&lang=fr\"},\"author\":{\"name\":\"Le Quotidien\",\"@id\":\"https:\\\/\\\/lequotidien.mr\\\/#\\\/schema\\\/person\\\/f90fcdaa970c60288de4ed2e64a56472\"},\"headline\":\"RFI nuance ses propos par une clarification importante \u00e0 propos de l&#8217;Accord UE-Mauritanie \u00a0\",\"datePublished\":\"2024-03-02T13:43:36+00:00\",\"dateModified\":\"2024-03-02T13:47:46+00:00\",\"mainEntityOfPage\":{\"@id\":\"https:\\\/\\\/lequotidien.mr\\\/?p=16411&lang=fr\"},\"wordCount\":444,\"commentCount\":0,\"publisher\":{\"@id\":\"https:\\\/\\\/lequotidien.mr\\\/#organization\"},\"image\":{\"@id\":\"https:\\\/\\\/lequotidien.mr\\\/?p=16411&lang=fr#primaryimage\"},\"thumbnailUrl\":\"https:\\\/\\\/lequotidien.mr\\\/wp-content\\\/uploads\\\/2024\\\/03\\\/images-1.png\",\"articleSection\":[\"ACTUALIT\u00c9\",\"Couverture sp\u00e9cilale\"],\"inLanguage\":\"ar\",\"potentialAction\":[{\"@type\":\"CommentAction\",\"name\":\"Comment\",\"target\":[\"https:\\\/\\\/lequotidien.mr\\\/?p=16411&lang=fr#respond\"]}]},{\"@type\":\"WebPage\",\"@id\":\"https:\\\/\\\/lequotidien.mr\\\/?p=16411&lang=fr\",\"url\":\"https:\\\/\\\/lequotidien.mr\\\/?p=16411&lang=fr\",\"name\":\"RFI nuance ses propos par une clarification importante \u00e0 propos de l'Accord UE-Mauritanie \u00a0 - Le Quotidien de Nouakchott\",\"isPartOf\":{\"@id\":\"https:\\\/\\\/lequotidien.mr\\\/#website\"},\"primaryImageOfPage\":{\"@id\":\"https:\\\/\\\/lequotidien.mr\\\/?p=16411&lang=fr#primaryimage\"},\"image\":{\"@id\":\"https:\\\/\\\/lequotidien.mr\\\/?p=16411&lang=fr#primaryimage\"},\"thumbnailUrl\":\"https:\\\/\\\/lequotidien.mr\\\/wp-content\\\/uploads\\\/2024\\\/03\\\/images-1.png\",\"datePublished\":\"2024-03-02T13:43:36+00:00\",\"dateModified\":\"2024-03-02T13:47:46+00:00\",\"breadcrumb\":{\"@id\":\"https:\\\/\\\/lequotidien.mr\\\/?p=16411&lang=fr#breadcrumb\"},\"inLanguage\":\"ar\",\"potentialAction\":[{\"@type\":\"ReadAction\",\"target\":[\"https:\\\/\\\/lequotidien.mr\\\/?p=16411&lang=fr\"]}]},{\"@type\":\"ImageObject\",\"inLanguage\":\"ar\",\"@id\":\"https:\\\/\\\/lequotidien.mr\\\/?p=16411&lang=fr#primaryimage\",\"url\":\"https:\\\/\\\/lequotidien.mr\\\/wp-content\\\/uploads\\\/2024\\\/03\\\/images-1.png\",\"contentUrl\":\"https:\\\/\\\/lequotidien.mr\\\/wp-content\\\/uploads\\\/2024\\\/03\\\/images-1.png\",\"width\":225,\"height\":225},{\"@type\":\"BreadcrumbList\",\"@id\":\"https:\\\/\\\/lequotidien.mr\\\/?p=16411&lang=fr#breadcrumb\",\"itemListElement\":[{\"@type\":\"ListItem\",\"position\":1,\"name\":\"Home\",\"item\":\"https:\\\/\\\/lequotidien.mr\\\/\"},{\"@type\":\"ListItem\",\"position\":2,\"name\":\"RFI nuance ses propos par une clarification importante \u00e0 propos de l&#8217;Accord UE-Mauritanie \u00a0\"}]},{\"@type\":\"WebSite\",\"@id\":\"https:\\\/\\\/lequotidien.mr\\\/#website\",\"url\":\"https:\\\/\\\/lequotidien.mr\\\/\",\"name\":\"Le Quotidien de Nouakchott\",\"description\":\"\u0625\u062e\u0628\u0627\u0631\u064a\u0629 \u0645\u0633\u062a\u0642\u0644\u0629 \u0644\u0644\u0623\u0646\u0628\u0627\u0621 \u0627\u0644\u0639\u0627\u0645\u0629\",\"publisher\":{\"@id\":\"https:\\\/\\\/lequotidien.mr\\\/#organization\"},\"potentialAction\":[{\"@type\":\"SearchAction\",\"target\":{\"@type\":\"EntryPoint\",\"urlTemplate\":\"https:\\\/\\\/lequotidien.mr\\\/?s={search_term_string}\"},\"query-input\":{\"@type\":\"PropertyValueSpecification\",\"valueRequired\":true,\"valueName\":\"search_term_string\"}}],\"inLanguage\":\"ar\"},{\"@type\":\"Organization\",\"@id\":\"https:\\\/\\\/lequotidien.mr\\\/#organization\",\"name\":\"Le Quotidien de Nouakchott\",\"url\":\"https:\\\/\\\/lequotidien.mr\\\/\",\"logo\":{\"@type\":\"ImageObject\",\"inLanguage\":\"ar\",\"@id\":\"https:\\\/\\\/lequotidien.mr\\\/#\\\/schema\\\/logo\\\/image\\\/\",\"url\":\"https:\\\/\\\/lequotidien.mr\\\/wp-content\\\/uploads\\\/2022\\\/11\\\/logolequotidien.jpg\",\"contentUrl\":\"https:\\\/\\\/lequotidien.mr\\\/wp-content\\\/uploads\\\/2022\\\/11\\\/logolequotidien.jpg\",\"width\":290,\"height\":65,\"caption\":\"Le Quotidien de Nouakchott\"},\"image\":{\"@id\":\"https:\\\/\\\/lequotidien.mr\\\/#\\\/schema\\\/logo\\\/image\\\/\"},\"sameAs\":[\"https:\\\/\\\/web.facebook.com\\\/lequotidienmr\",\"https:\\\/\\\/x.com\\\/lequotidienmr\"]},{\"@type\":\"Person\",\"@id\":\"https:\\\/\\\/lequotidien.mr\\\/#\\\/schema\\\/person\\\/f90fcdaa970c60288de4ed2e64a56472\",\"name\":\"Le Quotidien\",\"image\":{\"@type\":\"ImageObject\",\"inLanguage\":\"ar\",\"@id\":\"https:\\\/\\\/secure.gravatar.com\\\/avatar\\\/374cb39a1a458a912465a93e5a3ce6546886fc3da809a1f10c63e4e8fcbca30f?s=96&d=mm&r=g\",\"url\":\"https:\\\/\\\/secure.gravatar.com\\\/avatar\\\/374cb39a1a458a912465a93e5a3ce6546886fc3da809a1f10c63e4e8fcbca30f?s=96&d=mm&r=g\",\"contentUrl\":\"https:\\\/\\\/secure.gravatar.com\\\/avatar\\\/374cb39a1a458a912465a93e5a3ce6546886fc3da809a1f10c63e4e8fcbca30f?s=96&d=mm&r=g\",\"caption\":\"Le Quotidien\"},\"sameAs\":[\"https:\\\/\\\/lequotidien.mr\\\/\"],\"url\":\"https:\\\/\\\/lequotidien.mr\\\/?author=4\"}]}<\/script>\n<!-- \/ Yoast SEO plugin. -->","yoast_head_json":{"title":"RFI nuance ses propos par une clarification importante \u00e0 propos de l'Accord UE-Mauritanie \u00a0 - Le Quotidien de Nouakchott","robots":{"index":"index","follow":"follow","max-snippet":"max-snippet:-1","max-image-preview":"max-image-preview:large","max-video-preview":"max-video-preview:-1"},"canonical":"https:\/\/lequotidien.mr\/?p=16411&lang=fr","og_locale":"ar_AR","og_type":"article","og_title":"RFI nuance ses propos par une clarification importante \u00e0 propos de l'Accord UE-Mauritanie \u00a0 - Le Quotidien de Nouakchott","og_description":"&nbsp; Dans un d\u00e9veloppement r\u00e9cent qui met en lumi\u00e8re la complexit\u00e9 et la sensibilit\u00e9 des n\u00e9gociations men\u00e9es actuellement entre l\u2019Union europ\u00e9enne et la Mauritanie sur la gestion des flux migratoires, Radio France Internationale (RFI) a diffus\u00e9 ce matin dans ses journaux de Afrique Matin un d\u00e9menti \u00a0\u00a0concernant les informations diffus\u00e9es la semaine derni\u00e8res portant sur.....","og_url":"https:\/\/lequotidien.mr\/?p=16411&lang=fr","og_site_name":"Le Quotidien de Nouakchott","article_publisher":"https:\/\/web.facebook.com\/lequotidienmr","article_published_time":"2024-03-02T13:43:36+00:00","article_modified_time":"2024-03-02T13:47:46+00:00","og_image":[{"width":225,"height":225,"url":"https:\/\/lequotidien.mr\/wp-content\/uploads\/2024\/03\/images-1.png","type":"image\/png"}],"author":"Le Quotidien","twitter_card":"summary_large_image","twitter_creator":"@lequotidienmr","twitter_site":"@lequotidienmr","twitter_misc":{"\u0643\u064f\u062a\u0628 \u0628\u0648\u0627\u0633\u0637\u0629":"Le Quotidien","\u0648\u0642\u062a \u0627\u0644\u0642\u0631\u0627\u0621\u0629 \u0627\u0644\u0645\u064f\u0642\u062f\u0651\u0631":"\u062f\u0642\u064a\u0642\u062a\u0627\u0646"},"schema":{"@context":"https:\/\/schema.org","@graph":[{"@type":"Article","@id":"https:\/\/lequotidien.mr\/?p=16411&lang=fr#article","isPartOf":{"@id":"https:\/\/lequotidien.mr\/?p=16411&lang=fr"},"author":{"name":"Le Quotidien","@id":"https:\/\/lequotidien.mr\/#\/schema\/person\/f90fcdaa970c60288de4ed2e64a56472"},"headline":"RFI nuance ses propos par une clarification importante \u00e0 propos de l&#8217;Accord UE-Mauritanie \u00a0","datePublished":"2024-03-02T13:43:36+00:00","dateModified":"2024-03-02T13:47:46+00:00","mainEntityOfPage":{"@id":"https:\/\/lequotidien.mr\/?p=16411&lang=fr"},"wordCount":444,"commentCount":0,"publisher":{"@id":"https:\/\/lequotidien.mr\/#organization"},"image":{"@id":"https:\/\/lequotidien.mr\/?p=16411&lang=fr#primaryimage"},"thumbnailUrl":"https:\/\/lequotidien.mr\/wp-content\/uploads\/2024\/03\/images-1.png","articleSection":["ACTUALIT\u00c9","Couverture sp\u00e9cilale"],"inLanguage":"ar","potentialAction":[{"@type":"CommentAction","name":"Comment","target":["https:\/\/lequotidien.mr\/?p=16411&lang=fr#respond"]}]},{"@type":"WebPage","@id":"https:\/\/lequotidien.mr\/?p=16411&lang=fr","url":"https:\/\/lequotidien.mr\/?p=16411&lang=fr","name":"RFI nuance ses propos par une clarification importante \u00e0 propos de l'Accord UE-Mauritanie \u00a0 - Le Quotidien de Nouakchott","isPartOf":{"@id":"https:\/\/lequotidien.mr\/#website"},"primaryImageOfPage":{"@id":"https:\/\/lequotidien.mr\/?p=16411&lang=fr#primaryimage"},"image":{"@id":"https:\/\/lequotidien.mr\/?p=16411&lang=fr#primaryimage"},"thumbnailUrl":"https:\/\/lequotidien.mr\/wp-content\/uploads\/2024\/03\/images-1.png","datePublished":"2024-03-02T13:43:36+00:00","dateModified":"2024-03-02T13:47:46+00:00","breadcrumb":{"@id":"https:\/\/lequotidien.mr\/?p=16411&lang=fr#breadcrumb"},"inLanguage":"ar","potentialAction":[{"@type":"ReadAction","target":["https:\/\/lequotidien.mr\/?p=16411&lang=fr"]}]},{"@type":"ImageObject","inLanguage":"ar","@id":"https:\/\/lequotidien.mr\/?p=16411&lang=fr#primaryimage","url":"https:\/\/lequotidien.mr\/wp-content\/uploads\/2024\/03\/images-1.png","contentUrl":"https:\/\/lequotidien.mr\/wp-content\/uploads\/2024\/03\/images-1.png","width":225,"height":225},{"@type":"BreadcrumbList","@id":"https:\/\/lequotidien.mr\/?p=16411&lang=fr#breadcrumb","itemListElement":[{"@type":"ListItem","position":1,"name":"Home","item":"https:\/\/lequotidien.mr\/"},{"@type":"ListItem","position":2,"name":"RFI nuance ses propos par une clarification importante \u00e0 propos de l&#8217;Accord UE-Mauritanie \u00a0"}]},{"@type":"WebSite","@id":"https:\/\/lequotidien.mr\/#website","url":"https:\/\/lequotidien.mr\/","name":"Le Quotidien de Nouakchott","description":"\u0625\u062e\u0628\u0627\u0631\u064a\u0629 \u0645\u0633\u062a\u0642\u0644\u0629 \u0644\u0644\u0623\u0646\u0628\u0627\u0621 \u0627\u0644\u0639\u0627\u0645\u0629","publisher":{"@id":"https:\/\/lequotidien.mr\/#organization"},"potentialAction":[{"@type":"SearchAction","target":{"@type":"EntryPoint","urlTemplate":"https:\/\/lequotidien.mr\/?s={search_term_string}"},"query-input":{"@type":"PropertyValueSpecification","valueRequired":true,"valueName":"search_term_string"}}],"inLanguage":"ar"},{"@type":"Organization","@id":"https:\/\/lequotidien.mr\/#organization","name":"Le Quotidien de Nouakchott","url":"https:\/\/lequotidien.mr\/","logo":{"@type":"ImageObject","inLanguage":"ar","@id":"https:\/\/lequotidien.mr\/#\/schema\/logo\/image\/","url":"https:\/\/lequotidien.mr\/wp-content\/uploads\/2022\/11\/logolequotidien.jpg","contentUrl":"https:\/\/lequotidien.mr\/wp-content\/uploads\/2022\/11\/logolequotidien.jpg","width":290,"height":65,"caption":"Le Quotidien de Nouakchott"},"image":{"@id":"https:\/\/lequotidien.mr\/#\/schema\/logo\/image\/"},"sameAs":["https:\/\/web.facebook.com\/lequotidienmr","https:\/\/x.com\/lequotidienmr"]},{"@type":"Person","@id":"https:\/\/lequotidien.mr\/#\/schema\/person\/f90fcdaa970c60288de4ed2e64a56472","name":"Le Quotidien","image":{"@type":"ImageObject","inLanguage":"ar","@id":"https:\/\/secure.gravatar.com\/avatar\/374cb39a1a458a912465a93e5a3ce6546886fc3da809a1f10c63e4e8fcbca30f?s=96&d=mm&r=g","url":"https:\/\/secure.gravatar.com\/avatar\/374cb39a1a458a912465a93e5a3ce6546886fc3da809a1f10c63e4e8fcbca30f?s=96&d=mm&r=g","contentUrl":"https:\/\/secure.gravatar.com\/avatar\/374cb39a1a458a912465a93e5a3ce6546886fc3da809a1f10c63e4e8fcbca30f?s=96&d=mm&r=g","caption":"Le Quotidien"},"sameAs":["https:\/\/lequotidien.mr\/"],"url":"https:\/\/lequotidien.mr\/?author=4"}]}},"_links":{"self":[{"href":"https:\/\/lequotidien.mr\/index.php?rest_route=\/wp\/v2\/posts\/16411","targetHints":{"allow":["GET"]}}],"collection":[{"href":"https:\/\/lequotidien.mr\/index.php?rest_route=\/wp\/v2\/posts"}],"about":[{"href":"https:\/\/lequotidien.mr\/index.php?rest_route=\/wp\/v2\/types\/post"}],"author":[{"embeddable":true,"href":"https:\/\/lequotidien.mr\/index.php?rest_route=\/wp\/v2\/users\/4"}],"replies":[{"embeddable":true,"href":"https:\/\/lequotidien.mr\/index.php?rest_route=%2Fwp%2Fv2%2Fcomments&post=16411"}],"version-history":[{"count":2,"href":"https:\/\/lequotidien.mr\/index.php?rest_route=\/wp\/v2\/posts\/16411\/revisions"}],"predecessor-version":[{"id":16414,"href":"https:\/\/lequotidien.mr\/index.php?rest_route=\/wp\/v2\/posts\/16411\/revisions\/16414"}],"wp:featuredmedia":[{"embeddable":true,"href":"https:\/\/lequotidien.mr\/index.php?rest_route=\/wp\/v2\/media\/16412"}],"wp:attachment":[{"href":"https:\/\/lequotidien.mr\/index.php?rest_route=%2Fwp%2Fv2%2Fmedia&parent=16411"}],"wp:term":[{"taxonomy":"category","embeddable":true,"href":"https:\/\/lequotidien.mr\/index.php?rest_route=%2Fwp%2Fv2%2Fcategories&post=16411"},{"taxonomy":"post_tag","embeddable":true,"href":"https:\/\/lequotidien.mr\/index.php?rest_route=%2Fwp%2Fv2%2Ftags&post=16411"}],"curies":[{"name":"wp","href":"https:\/\/api.w.org\/{rel}","templated":true}]}}