{"id":16380,"date":"2024-03-01T11:19:12","date_gmt":"2024-03-01T11:19:12","guid":{"rendered":"https:\/\/lequotidien.mr\/?p=16380"},"modified":"2024-03-01T11:19:12","modified_gmt":"2024-03-01T11:19:12","slug":"hamidine-moctar-kane-un-vent-de-changement-souffle-sur-la-presidentielle-mauritanienne","status":"publish","type":"post","link":"https:\/\/lequotidien.mr\/?p=16380&lang=fr","title":{"rendered":"Hamidine Moctar Kane, un Vent de Changement Souffle sur la Pr\u00e9sidentielle Mauritanienne"},"content":{"rendered":"<p>&nbsp;<\/p>\n<p>Nouakchott, le 28 f\u00e9vrier \u2013 L&#8217;h\u00f4tel Mauricenter de Nouakchott a \u00e9t\u00e9 le th\u00e9\u00e2tre d&#8217;un \u00e9v\u00e9nement politique majeur hier, marquant une \u00e9tape cruciale dans la course \u00e0 la pr\u00e9sidence mauritanienne pr\u00e9vue pour le 22 juin 2024. Dans une ambiance charg\u00e9e d&#8217;anticipation, Hamidine Moctar Kane, une figure embl\u00e9matique de la diaspora mauritanienne, a officiellement annonc\u00e9 sa candidature \u00e0 la plus haute magistrature du pays.<\/p>\n<p>N\u00e9 en 1955 \u00e0 Saint-Louis et originaire de T\u00e9kane, Hamidine Moctar Kane n&#8217;est pas un novice dans le paysage politique et social de la Mauritanie. Fort d&#8217;un parcours impressionnant qui l&#8217;a men\u00e9 de l&#8217;\u00e9cole primaire \u00e0 Rosso au cycle universitaire \u00e0 Sofia en Bulgarie, o\u00f9 il a obtenu un Master en gestion industrielle et un Doctorat en \u00e9conomie industrielle, Kane apporte une richesse d&#8217;exp\u00e9rience et de savoir \u00e0 la table. Sa carri\u00e8re, d\u00e9but\u00e9e au Minist\u00e8re de l\u2019artisanat et de la condition f\u00e9minine en Mauritanie, s&#8217;est enrichie \u00e0 l&#8217;international o\u00f9 il a enseign\u00e9 la strat\u00e9gie des multinationales en cycle sup\u00e9rieur, parmi d&#8217;autres postes prestigieux.<\/p>\n<p>Lors de la conf\u00e9rence de presse, Kane a expos\u00e9 sa vision pour une Mauritanie de demain, audacieuse et r\u00e9solument tourn\u00e9e vers l&#8217;avenir. Se pr\u00e9sentant comme un homme au-dessus des clivages traditionnels, il a partag\u00e9 son ambition de guider la Mauritanie vers une \u00e8re nouvelle, o\u00f9 le pays jouerait pleinement son r\u00f4le sur la sc\u00e8ne r\u00e9gionale, en tirant parti de sa double appartenance au Maghreb et \u00e0 l&#8217;Afrique de l&#8217;Ouest.<\/p>\n<p>Son programme aborde frontalement les d\u00e9fis auxquels le pays est confront\u00e9 : l&#8217;unit\u00e9 nationale, la crise de l&#8217;\u00e9ducation, la question linguistique dans l&#8217;administration, l&#8217;esclavage, la gestion des terres de la vall\u00e9e du fleuve, la corruption, le terrorisme, et l&#8217;ins\u00e9curit\u00e9 au Sahel. Kane s&#8217;est engag\u00e9 \u00e0 r\u00e9soudre le passif humanitaire dans un d\u00e9lai de six mois, en adoptant une approche consensuelle inspir\u00e9e des exp\u00e9riences r\u00e9ussies d&#8217;autres nations africaines.<\/p>\n<p>Ce sp\u00e9cialiste de l\u2019intelligence \u00e9conomique n&#8217;est pas seulement un th\u00e9oricien. Connu pour ses analyses perspicaces et ses interventions dans les m\u00e9dias, il est un fervent d\u00e9fenseur des int\u00e9r\u00eats mauritaniens \u00e0 l&#8217;\u00e9tranger. Son engagement pour une Mauritanie unie, solidaire, juste, et prosp\u00e8re est au c\u0153ur de sa d\u00e9marche. Hamidine Moctar Kane se pr\u00e9sente ainsi comme un candidat de rupture, pr\u00eat \u00e0 mettre son expertise au service du d\u00e9veloppement du pays sur des bases nouvelles et innovantes.<\/p>\n<p>La candidature de Kane intervient dans un contexte politique dynamique, avec plusieurs pr\u00e9tendants \u00e0 la pr\u00e9sidence, y compris le pr\u00e9sident sortant El Ghazouani. Sa proposition d&#8217;une vision globale et son parcours international distingu\u00e9 ajoutent une dimension fascinante \u00e0 la course \u00e9lectorale, promettant une campagne pr\u00e9sidentielle anim\u00e9e par le d\u00e9bat sur l&#8217;avenir de la Mauritanie.<\/p>\n<p>Alors que la date du 22 juin se rapproche, les yeux sont tourn\u00e9s vers Hamidine Moctar Kane et ses concurrents, chacun offrant sa propre vision du chemin que devrait emprunter la Mauritanie dans les ann\u00e9es \u00e0 venir. Dans cette p\u00e9riode cruciale, l&#8217;engagement de Kane pour une transformation profonde du pays pourrait bien r\u00e9sonner avec les aspirations d&#8217;un peuple d\u00e9sireux de progr\u00e8s et de justice.<\/p>\n","protected":false},"excerpt":{"rendered":"<p>&nbsp; Nouakchott, le 28 f\u00e9vrier \u2013 L&#8217;h\u00f4tel Mauricenter de Nouakchott a \u00e9t\u00e9 le th\u00e9\u00e2tre d&#8217;un \u00e9v\u00e9nement politique majeur hier, marquant une \u00e9tape cruciale dans la course \u00e0 la pr\u00e9sidence mauritanienne pr\u00e9vue pour le 22 juin 2024. Dans une ambiance charg\u00e9e d&#8217;anticipation, Hamidine Moctar Kane, une figure embl\u00e9matique de la diaspora mauritanienne, a officiellement annonc\u00e9 sa&#8230;..<\/p>\n","protected":false},"author":4,"featured_media":16383,"comment_status":"open","ping_status":"open","sticky":false,"template":"","format":"standard","meta":{"footnotes":""},"categories":[23,57],"tags":[],"class_list":["post-16380","post","type-post","status-publish","format-standard","has-post-thumbnail","hentry","category-actualite","category-couverture-specilale"],"yoast_head":"<!-- This site is optimized with the Yoast SEO plugin v27.5 - https:\/\/yoast.com\/product\/yoast-seo-wordpress\/ -->\n<title>Hamidine Moctar Kane, un Vent de Changement Souffle sur la Pr\u00e9sidentielle Mauritanienne - Le Quotidien de Nouakchott<\/title>\n<meta name=\"robots\" content=\"index, follow, max-snippet:-1, max-image-preview:large, max-video-preview:-1\" \/>\n<link rel=\"canonical\" href=\"https:\/\/lequotidien.mr\/?p=16380&lang=fr\" \/>\n<meta property=\"og:locale\" content=\"ar_AR\" \/>\n<meta property=\"og:type\" content=\"article\" \/>\n<meta property=\"og:title\" content=\"Hamidine Moctar Kane, un Vent de Changement Souffle sur la Pr\u00e9sidentielle Mauritanienne - Le Quotidien de Nouakchott\" \/>\n<meta property=\"og:description\" content=\"&nbsp; Nouakchott, le 28 f\u00e9vrier \u2013 L&#8217;h\u00f4tel Mauricenter de Nouakchott a \u00e9t\u00e9 le th\u00e9\u00e2tre d&#8217;un \u00e9v\u00e9nement politique majeur hier, marquant une \u00e9tape cruciale dans la course \u00e0 la pr\u00e9sidence mauritanienne pr\u00e9vue pour le 22 juin 2024. Dans une ambiance charg\u00e9e d&#8217;anticipation, Hamidine Moctar Kane, une figure embl\u00e9matique de la diaspora mauritanienne, a officiellement annonc\u00e9 sa.....\" \/>\n<meta property=\"og:url\" content=\"https:\/\/lequotidien.mr\/?p=16380&amp;lang=fr\" \/>\n<meta property=\"og:site_name\" content=\"Le Quotidien de Nouakchott\" \/>\n<meta property=\"article:publisher\" content=\"https:\/\/web.facebook.com\/lequotidienmr\" \/>\n<meta property=\"article:published_time\" content=\"2024-03-01T11:19:12+00:00\" \/>\n<meta property=\"og:image\" content=\"https:\/\/lequotidien.mr\/wp-content\/uploads\/2024\/03\/hamedine.jpeg\" \/>\n\t<meta property=\"og:image:width\" content=\"243\" \/>\n\t<meta property=\"og:image:height\" content=\"207\" \/>\n\t<meta property=\"og:image:type\" content=\"image\/jpeg\" \/>\n<meta name=\"author\" content=\"Le Quotidien\" \/>\n<meta name=\"twitter:card\" content=\"summary_large_image\" \/>\n<meta name=\"twitter:creator\" content=\"@lequotidienmr\" \/>\n<meta name=\"twitter:site\" content=\"@lequotidienmr\" \/>\n<meta name=\"twitter:label1\" content=\"\u0643\u064f\u062a\u0628 \u0628\u0648\u0627\u0633\u0637\u0629\" \/>\n\t<meta name=\"twitter:data1\" content=\"Le Quotidien\" \/>\n\t<meta name=\"twitter:label2\" content=\"\u0648\u0642\u062a \u0627\u0644\u0642\u0631\u0627\u0621\u0629 \u0627\u0644\u0645\u064f\u0642\u062f\u0651\u0631\" \/>\n\t<meta name=\"twitter:data2\" content=\"3 \u062f\u0642\u0627\u0626\u0642\" \/>\n<script type=\"application\/ld+json\" class=\"yoast-schema-graph\">{\"@context\":\"https:\\\/\\\/schema.org\",\"@graph\":[{\"@type\":\"Article\",\"@id\":\"https:\\\/\\\/lequotidien.mr\\\/?p=16380&lang=fr#article\",\"isPartOf\":{\"@id\":\"https:\\\/\\\/lequotidien.mr\\\/?p=16380&lang=fr\"},\"author\":{\"name\":\"Le Quotidien\",\"@id\":\"https:\\\/\\\/lequotidien.mr\\\/#\\\/schema\\\/person\\\/f90fcdaa970c60288de4ed2e64a56472\"},\"headline\":\"Hamidine Moctar Kane, un Vent de Changement Souffle sur la Pr\u00e9sidentielle Mauritanienne\",\"datePublished\":\"2024-03-01T11:19:12+00:00\",\"mainEntityOfPage\":{\"@id\":\"https:\\\/\\\/lequotidien.mr\\\/?p=16380&lang=fr\"},\"wordCount\":572,\"commentCount\":0,\"publisher\":{\"@id\":\"https:\\\/\\\/lequotidien.mr\\\/#organization\"},\"image\":{\"@id\":\"https:\\\/\\\/lequotidien.mr\\\/?p=16380&lang=fr#primaryimage\"},\"thumbnailUrl\":\"https:\\\/\\\/lequotidien.mr\\\/wp-content\\\/uploads\\\/2024\\\/03\\\/hamedine.jpeg\",\"articleSection\":[\"ACTUALIT\u00c9\",\"Couverture sp\u00e9cilale\"],\"inLanguage\":\"ar\",\"potentialAction\":[{\"@type\":\"CommentAction\",\"name\":\"Comment\",\"target\":[\"https:\\\/\\\/lequotidien.mr\\\/?p=16380&lang=fr#respond\"]}]},{\"@type\":\"WebPage\",\"@id\":\"https:\\\/\\\/lequotidien.mr\\\/?p=16380&lang=fr\",\"url\":\"https:\\\/\\\/lequotidien.mr\\\/?p=16380&lang=fr\",\"name\":\"Hamidine Moctar Kane, un Vent de Changement Souffle sur la Pr\u00e9sidentielle Mauritanienne - Le Quotidien de Nouakchott\",\"isPartOf\":{\"@id\":\"https:\\\/\\\/lequotidien.mr\\\/#website\"},\"primaryImageOfPage\":{\"@id\":\"https:\\\/\\\/lequotidien.mr\\\/?p=16380&lang=fr#primaryimage\"},\"image\":{\"@id\":\"https:\\\/\\\/lequotidien.mr\\\/?p=16380&lang=fr#primaryimage\"},\"thumbnailUrl\":\"https:\\\/\\\/lequotidien.mr\\\/wp-content\\\/uploads\\\/2024\\\/03\\\/hamedine.jpeg\",\"datePublished\":\"2024-03-01T11:19:12+00:00\",\"breadcrumb\":{\"@id\":\"https:\\\/\\\/lequotidien.mr\\\/?p=16380&lang=fr#breadcrumb\"},\"inLanguage\":\"ar\",\"potentialAction\":[{\"@type\":\"ReadAction\",\"target\":[\"https:\\\/\\\/lequotidien.mr\\\/?p=16380&lang=fr\"]}]},{\"@type\":\"ImageObject\",\"inLanguage\":\"ar\",\"@id\":\"https:\\\/\\\/lequotidien.mr\\\/?p=16380&lang=fr#primaryimage\",\"url\":\"https:\\\/\\\/lequotidien.mr\\\/wp-content\\\/uploads\\\/2024\\\/03\\\/hamedine.jpeg\",\"contentUrl\":\"https:\\\/\\\/lequotidien.mr\\\/wp-content\\\/uploads\\\/2024\\\/03\\\/hamedine.jpeg\",\"width\":243,\"height\":207},{\"@type\":\"BreadcrumbList\",\"@id\":\"https:\\\/\\\/lequotidien.mr\\\/?p=16380&lang=fr#breadcrumb\",\"itemListElement\":[{\"@type\":\"ListItem\",\"position\":1,\"name\":\"Home\",\"item\":\"https:\\\/\\\/lequotidien.mr\\\/\"},{\"@type\":\"ListItem\",\"position\":2,\"name\":\"Hamidine Moctar Kane, un Vent de Changement Souffle sur la Pr\u00e9sidentielle Mauritanienne\"}]},{\"@type\":\"WebSite\",\"@id\":\"https:\\\/\\\/lequotidien.mr\\\/#website\",\"url\":\"https:\\\/\\\/lequotidien.mr\\\/\",\"name\":\"Le Quotidien de Nouakchott\",\"description\":\"\u0625\u062e\u0628\u0627\u0631\u064a\u0629 \u0645\u0633\u062a\u0642\u0644\u0629 \u0644\u0644\u0623\u0646\u0628\u0627\u0621 \u0627\u0644\u0639\u0627\u0645\u0629\",\"publisher\":{\"@id\":\"https:\\\/\\\/lequotidien.mr\\\/#organization\"},\"potentialAction\":[{\"@type\":\"SearchAction\",\"target\":{\"@type\":\"EntryPoint\",\"urlTemplate\":\"https:\\\/\\\/lequotidien.mr\\\/?s={search_term_string}\"},\"query-input\":{\"@type\":\"PropertyValueSpecification\",\"valueRequired\":true,\"valueName\":\"search_term_string\"}}],\"inLanguage\":\"ar\"},{\"@type\":\"Organization\",\"@id\":\"https:\\\/\\\/lequotidien.mr\\\/#organization\",\"name\":\"Le Quotidien de Nouakchott\",\"url\":\"https:\\\/\\\/lequotidien.mr\\\/\",\"logo\":{\"@type\":\"ImageObject\",\"inLanguage\":\"ar\",\"@id\":\"https:\\\/\\\/lequotidien.mr\\\/#\\\/schema\\\/logo\\\/image\\\/\",\"url\":\"https:\\\/\\\/lequotidien.mr\\\/wp-content\\\/uploads\\\/2022\\\/11\\\/logolequotidien.jpg\",\"contentUrl\":\"https:\\\/\\\/lequotidien.mr\\\/wp-content\\\/uploads\\\/2022\\\/11\\\/logolequotidien.jpg\",\"width\":290,\"height\":65,\"caption\":\"Le Quotidien de Nouakchott\"},\"image\":{\"@id\":\"https:\\\/\\\/lequotidien.mr\\\/#\\\/schema\\\/logo\\\/image\\\/\"},\"sameAs\":[\"https:\\\/\\\/web.facebook.com\\\/lequotidienmr\",\"https:\\\/\\\/x.com\\\/lequotidienmr\"]},{\"@type\":\"Person\",\"@id\":\"https:\\\/\\\/lequotidien.mr\\\/#\\\/schema\\\/person\\\/f90fcdaa970c60288de4ed2e64a56472\",\"name\":\"Le Quotidien\",\"image\":{\"@type\":\"ImageObject\",\"inLanguage\":\"ar\",\"@id\":\"https:\\\/\\\/secure.gravatar.com\\\/avatar\\\/374cb39a1a458a912465a93e5a3ce6546886fc3da809a1f10c63e4e8fcbca30f?s=96&d=mm&r=g\",\"url\":\"https:\\\/\\\/secure.gravatar.com\\\/avatar\\\/374cb39a1a458a912465a93e5a3ce6546886fc3da809a1f10c63e4e8fcbca30f?s=96&d=mm&r=g\",\"contentUrl\":\"https:\\\/\\\/secure.gravatar.com\\\/avatar\\\/374cb39a1a458a912465a93e5a3ce6546886fc3da809a1f10c63e4e8fcbca30f?s=96&d=mm&r=g\",\"caption\":\"Le Quotidien\"},\"sameAs\":[\"https:\\\/\\\/lequotidien.mr\\\/\"],\"url\":\"https:\\\/\\\/lequotidien.mr\\\/?author=4\"}]}<\/script>\n<!-- \/ Yoast SEO plugin. -->","yoast_head_json":{"title":"Hamidine Moctar Kane, un Vent de Changement Souffle sur la Pr\u00e9sidentielle Mauritanienne - Le Quotidien de Nouakchott","robots":{"index":"index","follow":"follow","max-snippet":"max-snippet:-1","max-image-preview":"max-image-preview:large","max-video-preview":"max-video-preview:-1"},"canonical":"https:\/\/lequotidien.mr\/?p=16380&lang=fr","og_locale":"ar_AR","og_type":"article","og_title":"Hamidine Moctar Kane, un Vent de Changement Souffle sur la Pr\u00e9sidentielle Mauritanienne - Le Quotidien de Nouakchott","og_description":"&nbsp; Nouakchott, le 28 f\u00e9vrier \u2013 L&#8217;h\u00f4tel Mauricenter de Nouakchott a \u00e9t\u00e9 le th\u00e9\u00e2tre d&#8217;un \u00e9v\u00e9nement politique majeur hier, marquant une \u00e9tape cruciale dans la course \u00e0 la pr\u00e9sidence mauritanienne pr\u00e9vue pour le 22 juin 2024. Dans une ambiance charg\u00e9e d&#8217;anticipation, Hamidine Moctar Kane, une figure embl\u00e9matique de la diaspora mauritanienne, a officiellement annonc\u00e9 sa.....","og_url":"https:\/\/lequotidien.mr\/?p=16380&lang=fr","og_site_name":"Le Quotidien de Nouakchott","article_publisher":"https:\/\/web.facebook.com\/lequotidienmr","article_published_time":"2024-03-01T11:19:12+00:00","og_image":[{"width":243,"height":207,"url":"https:\/\/lequotidien.mr\/wp-content\/uploads\/2024\/03\/hamedine.jpeg","type":"image\/jpeg"}],"author":"Le Quotidien","twitter_card":"summary_large_image","twitter_creator":"@lequotidienmr","twitter_site":"@lequotidienmr","twitter_misc":{"\u0643\u064f\u062a\u0628 \u0628\u0648\u0627\u0633\u0637\u0629":"Le Quotidien","\u0648\u0642\u062a \u0627\u0644\u0642\u0631\u0627\u0621\u0629 \u0627\u0644\u0645\u064f\u0642\u062f\u0651\u0631":"3 \u062f\u0642\u0627\u0626\u0642"},"schema":{"@context":"https:\/\/schema.org","@graph":[{"@type":"Article","@id":"https:\/\/lequotidien.mr\/?p=16380&lang=fr#article","isPartOf":{"@id":"https:\/\/lequotidien.mr\/?p=16380&lang=fr"},"author":{"name":"Le Quotidien","@id":"https:\/\/lequotidien.mr\/#\/schema\/person\/f90fcdaa970c60288de4ed2e64a56472"},"headline":"Hamidine Moctar Kane, un Vent de Changement Souffle sur la Pr\u00e9sidentielle Mauritanienne","datePublished":"2024-03-01T11:19:12+00:00","mainEntityOfPage":{"@id":"https:\/\/lequotidien.mr\/?p=16380&lang=fr"},"wordCount":572,"commentCount":0,"publisher":{"@id":"https:\/\/lequotidien.mr\/#organization"},"image":{"@id":"https:\/\/lequotidien.mr\/?p=16380&lang=fr#primaryimage"},"thumbnailUrl":"https:\/\/lequotidien.mr\/wp-content\/uploads\/2024\/03\/hamedine.jpeg","articleSection":["ACTUALIT\u00c9","Couverture sp\u00e9cilale"],"inLanguage":"ar","potentialAction":[{"@type":"CommentAction","name":"Comment","target":["https:\/\/lequotidien.mr\/?p=16380&lang=fr#respond"]}]},{"@type":"WebPage","@id":"https:\/\/lequotidien.mr\/?p=16380&lang=fr","url":"https:\/\/lequotidien.mr\/?p=16380&lang=fr","name":"Hamidine Moctar Kane, un Vent de Changement Souffle sur la Pr\u00e9sidentielle Mauritanienne - Le Quotidien de Nouakchott","isPartOf":{"@id":"https:\/\/lequotidien.mr\/#website"},"primaryImageOfPage":{"@id":"https:\/\/lequotidien.mr\/?p=16380&lang=fr#primaryimage"},"image":{"@id":"https:\/\/lequotidien.mr\/?p=16380&lang=fr#primaryimage"},"thumbnailUrl":"https:\/\/lequotidien.mr\/wp-content\/uploads\/2024\/03\/hamedine.jpeg","datePublished":"2024-03-01T11:19:12+00:00","breadcrumb":{"@id":"https:\/\/lequotidien.mr\/?p=16380&lang=fr#breadcrumb"},"inLanguage":"ar","potentialAction":[{"@type":"ReadAction","target":["https:\/\/lequotidien.mr\/?p=16380&lang=fr"]}]},{"@type":"ImageObject","inLanguage":"ar","@id":"https:\/\/lequotidien.mr\/?p=16380&lang=fr#primaryimage","url":"https:\/\/lequotidien.mr\/wp-content\/uploads\/2024\/03\/hamedine.jpeg","contentUrl":"https:\/\/lequotidien.mr\/wp-content\/uploads\/2024\/03\/hamedine.jpeg","width":243,"height":207},{"@type":"BreadcrumbList","@id":"https:\/\/lequotidien.mr\/?p=16380&lang=fr#breadcrumb","itemListElement":[{"@type":"ListItem","position":1,"name":"Home","item":"https:\/\/lequotidien.mr\/"},{"@type":"ListItem","position":2,"name":"Hamidine Moctar Kane, un Vent de Changement Souffle sur la Pr\u00e9sidentielle Mauritanienne"}]},{"@type":"WebSite","@id":"https:\/\/lequotidien.mr\/#website","url":"https:\/\/lequotidien.mr\/","name":"Le Quotidien de Nouakchott","description":"\u0625\u062e\u0628\u0627\u0631\u064a\u0629 \u0645\u0633\u062a\u0642\u0644\u0629 \u0644\u0644\u0623\u0646\u0628\u0627\u0621 \u0627\u0644\u0639\u0627\u0645\u0629","publisher":{"@id":"https:\/\/lequotidien.mr\/#organization"},"potentialAction":[{"@type":"SearchAction","target":{"@type":"EntryPoint","urlTemplate":"https:\/\/lequotidien.mr\/?s={search_term_string}"},"query-input":{"@type":"PropertyValueSpecification","valueRequired":true,"valueName":"search_term_string"}}],"inLanguage":"ar"},{"@type":"Organization","@id":"https:\/\/lequotidien.mr\/#organization","name":"Le Quotidien de Nouakchott","url":"https:\/\/lequotidien.mr\/","logo":{"@type":"ImageObject","inLanguage":"ar","@id":"https:\/\/lequotidien.mr\/#\/schema\/logo\/image\/","url":"https:\/\/lequotidien.mr\/wp-content\/uploads\/2022\/11\/logolequotidien.jpg","contentUrl":"https:\/\/lequotidien.mr\/wp-content\/uploads\/2022\/11\/logolequotidien.jpg","width":290,"height":65,"caption":"Le Quotidien de Nouakchott"},"image":{"@id":"https:\/\/lequotidien.mr\/#\/schema\/logo\/image\/"},"sameAs":["https:\/\/web.facebook.com\/lequotidienmr","https:\/\/x.com\/lequotidienmr"]},{"@type":"Person","@id":"https:\/\/lequotidien.mr\/#\/schema\/person\/f90fcdaa970c60288de4ed2e64a56472","name":"Le Quotidien","image":{"@type":"ImageObject","inLanguage":"ar","@id":"https:\/\/secure.gravatar.com\/avatar\/374cb39a1a458a912465a93e5a3ce6546886fc3da809a1f10c63e4e8fcbca30f?s=96&d=mm&r=g","url":"https:\/\/secure.gravatar.com\/avatar\/374cb39a1a458a912465a93e5a3ce6546886fc3da809a1f10c63e4e8fcbca30f?s=96&d=mm&r=g","contentUrl":"https:\/\/secure.gravatar.com\/avatar\/374cb39a1a458a912465a93e5a3ce6546886fc3da809a1f10c63e4e8fcbca30f?s=96&d=mm&r=g","caption":"Le Quotidien"},"sameAs":["https:\/\/lequotidien.mr\/"],"url":"https:\/\/lequotidien.mr\/?author=4"}]}},"_links":{"self":[{"href":"https:\/\/lequotidien.mr\/index.php?rest_route=\/wp\/v2\/posts\/16380","targetHints":{"allow":["GET"]}}],"collection":[{"href":"https:\/\/lequotidien.mr\/index.php?rest_route=\/wp\/v2\/posts"}],"about":[{"href":"https:\/\/lequotidien.mr\/index.php?rest_route=\/wp\/v2\/types\/post"}],"author":[{"embeddable":true,"href":"https:\/\/lequotidien.mr\/index.php?rest_route=\/wp\/v2\/users\/4"}],"replies":[{"embeddable":true,"href":"https:\/\/lequotidien.mr\/index.php?rest_route=%2Fwp%2Fv2%2Fcomments&post=16380"}],"version-history":[{"count":1,"href":"https:\/\/lequotidien.mr\/index.php?rest_route=\/wp\/v2\/posts\/16380\/revisions"}],"predecessor-version":[{"id":16384,"href":"https:\/\/lequotidien.mr\/index.php?rest_route=\/wp\/v2\/posts\/16380\/revisions\/16384"}],"wp:featuredmedia":[{"embeddable":true,"href":"https:\/\/lequotidien.mr\/index.php?rest_route=\/wp\/v2\/media\/16383"}],"wp:attachment":[{"href":"https:\/\/lequotidien.mr\/index.php?rest_route=%2Fwp%2Fv2%2Fmedia&parent=16380"}],"wp:term":[{"taxonomy":"category","embeddable":true,"href":"https:\/\/lequotidien.mr\/index.php?rest_route=%2Fwp%2Fv2%2Fcategories&post=16380"},{"taxonomy":"post_tag","embeddable":true,"href":"https:\/\/lequotidien.mr\/index.php?rest_route=%2Fwp%2Fv2%2Ftags&post=16380"}],"curies":[{"name":"wp","href":"https:\/\/api.w.org\/{rel}","templated":true}]}}