{"id":16270,"date":"2024-02-28T09:06:08","date_gmt":"2024-02-28T09:06:08","guid":{"rendered":"https:\/\/lequotidien.mr\/?p=16270"},"modified":"2024-02-28T09:06:08","modified_gmt":"2024-02-28T09:06:08","slug":"le-ministre-de-leconomie-recoit-une-delegation-du-fmi-pour-discuter-du-renforcement-des-relations-economiques","status":"publish","type":"post","link":"https:\/\/lequotidien.mr\/?p=16270&lang=fr","title":{"rendered":"Le ministre de l&#8217;\u00c9conomie re\u00e7oit une d\u00e9l\u00e9gation du FMI pour discuter du renforcement des relations \u00e9conomiques"},"content":{"rendered":"<p>Dans un mouvement strat\u00e9gique visant \u00e0 renforcer les relations \u00e9conomiques et le d\u00e9veloppement durable, Son Excellence M. Abdessalam Ould Mohamed Saleh, le ministre de l&#8217;\u00c9conomie et du D\u00e9veloppement durable de la Mauritanie, a accueilli une d\u00e9l\u00e9gation de haut niveau du Fonds Mon\u00e9taire International (FMI). La d\u00e9l\u00e9gation \u00e9tait dirig\u00e9e par M. F\u00e9lix Fisher, chef de la mission du FMI en Mauritanie.<\/p>\n<p>&nbsp;<\/p>\n<p>La rencontre, qui s&#8217;est tenue dans le bureau du ministre \u00e0 Nouakchott, a ouvert un dialogue crucial sur divers sujets d&#8217;int\u00e9r\u00eat commun. Les discussions ont principalement port\u00e9 sur l&#8217;\u00e9valuation de la coop\u00e9ration actuelle entre la Mauritanie et le FMI, ainsi que sur l&#8217;exploration de nouvelles avenues pour approfondir et \u00e9largir cette collaboration.<\/p>\n<p>&nbsp;<\/p>\n<p>Parmi les participants figuraient plusieurs personnalit\u00e9s influentes, telles que M. Mohamed Salem Ould Nani, directeur g\u00e9n\u00e9ral des Financements et de la Coop\u00e9ration \u00e9conomique, M. Cheikhna Ould Beddad, directeur g\u00e9n\u00e9ral des Politiques et Strat\u00e9gies de D\u00e9veloppement, M. Ahmed Salem Ould Beyah, directeur g\u00e9n\u00e9ral des partenariats public-priv\u00e9, et M. Mohamed El Mokhtar Ahmed Sidi, directeur g\u00e9n\u00e9ral de l&#8217;Agence nationale de la statistique et de l&#8217;analyse d\u00e9mographique et \u00e9conomique. Mme Anta Ndoye, repr\u00e9sentante r\u00e9sidente du FMI en Mauritanie, \u00e9tait \u00e9galement pr\u00e9sente.<\/p>\n<p>&nbsp;<\/p>\n<p>Cette r\u00e9union rev\u00eat une importance particuli\u00e8re dans le contexte \u00e9conomique actuel de la Mauritanie. Le pays, cherchant \u00e0 stimuler son \u00e9conomie et \u00e0 am\u00e9liorer ses indicateurs de d\u00e9veloppement, voit dans le FMI un partenaire cl\u00e9 pour atteindre ces objectifs. Les discussions ont soulign\u00e9 l&#8217;importance de la coop\u00e9ration dans des domaines tels que la gestion financi\u00e8re, la transparence budg\u00e9taire et le d\u00e9veloppement de politiques \u00e9conomiques efficaces.<\/p>\n<p>&nbsp;<\/p>\n<p>Les deux parties ont exprim\u00e9 leur satisfaction quant \u00e0 l&#8217;\u00e9tat actuel de leur coop\u00e9ration et ont r\u00e9it\u00e9r\u00e9 leur engagement \u00e0 poursuivre et \u00e0 renforcer leur partenariat. Cette rencontre est un pas de plus vers la r\u00e9alisation des objectifs \u00e9conomiques de la Mauritanie et t\u00e9moigne de son engagement \u00e0 travailler main dans la main avec des institutions financi\u00e8res internationales pour un avenir plus prosp\u00e8re.<\/p>\n","protected":false},"excerpt":{"rendered":"<p>Dans un mouvement strat\u00e9gique visant \u00e0 renforcer les relations \u00e9conomiques et le d\u00e9veloppement durable, Son Excellence M. Abdessalam Ould Mohamed Saleh, le ministre de l&#8217;\u00c9conomie et du D\u00e9veloppement durable de la Mauritanie, a accueilli une d\u00e9l\u00e9gation de haut niveau du Fonds Mon\u00e9taire International (FMI). La d\u00e9l\u00e9gation \u00e9tait dirig\u00e9e par M. F\u00e9lix Fisher, chef de la&#8230;..<\/p>\n","protected":false},"author":3,"featured_media":16223,"comment_status":"open","ping_status":"open","sticky":false,"template":"","format":"standard","meta":{"footnotes":""},"categories":[23,49],"tags":[],"class_list":["post-16270","post","type-post","status-publish","format-standard","has-post-thumbnail","hentry","category-actualite","category-economie"],"yoast_head":"<!-- This site is optimized with the Yoast SEO plugin v27.5 - https:\/\/yoast.com\/product\/yoast-seo-wordpress\/ -->\n<title>Le ministre de l&#039;\u00c9conomie re\u00e7oit une d\u00e9l\u00e9gation du FMI pour discuter du renforcement des relations \u00e9conomiques - Le Quotidien de Nouakchott<\/title>\n<meta name=\"robots\" content=\"index, follow, max-snippet:-1, max-image-preview:large, max-video-preview:-1\" \/>\n<link rel=\"canonical\" href=\"https:\/\/lequotidien.mr\/?p=16270&lang=fr\" \/>\n<meta property=\"og:locale\" content=\"ar_AR\" \/>\n<meta property=\"og:type\" content=\"article\" \/>\n<meta property=\"og:title\" content=\"Le ministre de l&#039;\u00c9conomie re\u00e7oit une d\u00e9l\u00e9gation du FMI pour discuter du renforcement des relations \u00e9conomiques - Le Quotidien de Nouakchott\" \/>\n<meta property=\"og:description\" content=\"Dans un mouvement strat\u00e9gique visant \u00e0 renforcer les relations \u00e9conomiques et le d\u00e9veloppement durable, Son Excellence M. Abdessalam Ould Mohamed Saleh, le ministre de l&#8217;\u00c9conomie et du D\u00e9veloppement durable de la Mauritanie, a accueilli une d\u00e9l\u00e9gation de haut niveau du Fonds Mon\u00e9taire International (FMI). La d\u00e9l\u00e9gation \u00e9tait dirig\u00e9e par M. F\u00e9lix Fisher, chef de la.....\" \/>\n<meta property=\"og:url\" content=\"https:\/\/lequotidien.mr\/?p=16270&amp;lang=fr\" \/>\n<meta property=\"og:site_name\" content=\"Le Quotidien de Nouakchott\" \/>\n<meta property=\"article:publisher\" content=\"https:\/\/web.facebook.com\/lequotidienmr\" \/>\n<meta property=\"article:author\" content=\"https:\/\/web.facebook.com\/a.mleiwih\" \/>\n<meta property=\"article:published_time\" content=\"2024-02-28T09:06:08+00:00\" \/>\n<meta property=\"og:image\" content=\"https:\/\/lequotidien.mr\/wp-content\/uploads\/2024\/02\/PHOTO-2024-02-26-17-37-19.jpg\" \/>\n\t<meta property=\"og:image:width\" content=\"1280\" \/>\n\t<meta property=\"og:image:height\" content=\"960\" \/>\n\t<meta property=\"og:image:type\" content=\"image\/jpeg\" \/>\n<meta name=\"author\" content=\"Alioun M&#039;leiwih\" \/>\n<meta name=\"twitter:card\" content=\"summary_large_image\" \/>\n<meta name=\"twitter:creator\" content=\"@lequotidienmr\" \/>\n<meta name=\"twitter:site\" content=\"@lequotidienmr\" \/>\n<meta name=\"twitter:label1\" content=\"\u0643\u064f\u062a\u0628 \u0628\u0648\u0627\u0633\u0637\u0629\" \/>\n\t<meta name=\"twitter:data1\" content=\"Alioun M&#039;leiwih\" \/>\n\t<meta name=\"twitter:label2\" content=\"\u0648\u0642\u062a \u0627\u0644\u0642\u0631\u0627\u0621\u0629 \u0627\u0644\u0645\u064f\u0642\u062f\u0651\u0631\" \/>\n\t<meta name=\"twitter:data2\" content=\"\u062f\u0642\u064a\u0642\u062a\u0627\u0646\" \/>\n<script type=\"application\/ld+json\" class=\"yoast-schema-graph\">{\"@context\":\"https:\\\/\\\/schema.org\",\"@graph\":[{\"@type\":\"Article\",\"@id\":\"https:\\\/\\\/lequotidien.mr\\\/?p=16270&lang=fr#article\",\"isPartOf\":{\"@id\":\"https:\\\/\\\/lequotidien.mr\\\/?p=16270&lang=fr\"},\"author\":{\"name\":\"Alioun M'leiwih\",\"@id\":\"https:\\\/\\\/lequotidien.mr\\\/#\\\/schema\\\/person\\\/69d1518c74c9137087929a20b1272cb0\"},\"headline\":\"Le ministre de l&#8217;\u00c9conomie re\u00e7oit une d\u00e9l\u00e9gation du FMI pour discuter du renforcement des relations \u00e9conomiques\",\"datePublished\":\"2024-02-28T09:06:08+00:00\",\"mainEntityOfPage\":{\"@id\":\"https:\\\/\\\/lequotidien.mr\\\/?p=16270&lang=fr\"},\"wordCount\":388,\"commentCount\":0,\"publisher\":{\"@id\":\"https:\\\/\\\/lequotidien.mr\\\/#organization\"},\"image\":{\"@id\":\"https:\\\/\\\/lequotidien.mr\\\/?p=16270&lang=fr#primaryimage\"},\"thumbnailUrl\":\"https:\\\/\\\/lequotidien.mr\\\/wp-content\\\/uploads\\\/2024\\\/02\\\/PHOTO-2024-02-26-17-37-19.jpg\",\"articleSection\":[\"ACTUALIT\u00c9\",\"Economie\"],\"inLanguage\":\"ar\",\"potentialAction\":[{\"@type\":\"CommentAction\",\"name\":\"Comment\",\"target\":[\"https:\\\/\\\/lequotidien.mr\\\/?p=16270&lang=fr#respond\"]}]},{\"@type\":\"WebPage\",\"@id\":\"https:\\\/\\\/lequotidien.mr\\\/?p=16270&lang=fr\",\"url\":\"https:\\\/\\\/lequotidien.mr\\\/?p=16270&lang=fr\",\"name\":\"Le ministre de l'\u00c9conomie re\u00e7oit une d\u00e9l\u00e9gation du FMI pour discuter du renforcement des relations \u00e9conomiques - Le Quotidien de Nouakchott\",\"isPartOf\":{\"@id\":\"https:\\\/\\\/lequotidien.mr\\\/#website\"},\"primaryImageOfPage\":{\"@id\":\"https:\\\/\\\/lequotidien.mr\\\/?p=16270&lang=fr#primaryimage\"},\"image\":{\"@id\":\"https:\\\/\\\/lequotidien.mr\\\/?p=16270&lang=fr#primaryimage\"},\"thumbnailUrl\":\"https:\\\/\\\/lequotidien.mr\\\/wp-content\\\/uploads\\\/2024\\\/02\\\/PHOTO-2024-02-26-17-37-19.jpg\",\"datePublished\":\"2024-02-28T09:06:08+00:00\",\"breadcrumb\":{\"@id\":\"https:\\\/\\\/lequotidien.mr\\\/?p=16270&lang=fr#breadcrumb\"},\"inLanguage\":\"ar\",\"potentialAction\":[{\"@type\":\"ReadAction\",\"target\":[\"https:\\\/\\\/lequotidien.mr\\\/?p=16270&lang=fr\"]}]},{\"@type\":\"ImageObject\",\"inLanguage\":\"ar\",\"@id\":\"https:\\\/\\\/lequotidien.mr\\\/?p=16270&lang=fr#primaryimage\",\"url\":\"https:\\\/\\\/lequotidien.mr\\\/wp-content\\\/uploads\\\/2024\\\/02\\\/PHOTO-2024-02-26-17-37-19.jpg\",\"contentUrl\":\"https:\\\/\\\/lequotidien.mr\\\/wp-content\\\/uploads\\\/2024\\\/02\\\/PHOTO-2024-02-26-17-37-19.jpg\",\"width\":1280,\"height\":960},{\"@type\":\"BreadcrumbList\",\"@id\":\"https:\\\/\\\/lequotidien.mr\\\/?p=16270&lang=fr#breadcrumb\",\"itemListElement\":[{\"@type\":\"ListItem\",\"position\":1,\"name\":\"Home\",\"item\":\"https:\\\/\\\/lequotidien.mr\\\/\"},{\"@type\":\"ListItem\",\"position\":2,\"name\":\"Le ministre de l&#8217;\u00c9conomie re\u00e7oit une d\u00e9l\u00e9gation du FMI pour discuter du renforcement des relations \u00e9conomiques\"}]},{\"@type\":\"WebSite\",\"@id\":\"https:\\\/\\\/lequotidien.mr\\\/#website\",\"url\":\"https:\\\/\\\/lequotidien.mr\\\/\",\"name\":\"Le Quotidien de Nouakchott\",\"description\":\"\u0625\u062e\u0628\u0627\u0631\u064a\u0629 \u0645\u0633\u062a\u0642\u0644\u0629 \u0644\u0644\u0623\u0646\u0628\u0627\u0621 \u0627\u0644\u0639\u0627\u0645\u0629\",\"publisher\":{\"@id\":\"https:\\\/\\\/lequotidien.mr\\\/#organization\"},\"potentialAction\":[{\"@type\":\"SearchAction\",\"target\":{\"@type\":\"EntryPoint\",\"urlTemplate\":\"https:\\\/\\\/lequotidien.mr\\\/?s={search_term_string}\"},\"query-input\":{\"@type\":\"PropertyValueSpecification\",\"valueRequired\":true,\"valueName\":\"search_term_string\"}}],\"inLanguage\":\"ar\"},{\"@type\":\"Organization\",\"@id\":\"https:\\\/\\\/lequotidien.mr\\\/#organization\",\"name\":\"Le Quotidien de Nouakchott\",\"url\":\"https:\\\/\\\/lequotidien.mr\\\/\",\"logo\":{\"@type\":\"ImageObject\",\"inLanguage\":\"ar\",\"@id\":\"https:\\\/\\\/lequotidien.mr\\\/#\\\/schema\\\/logo\\\/image\\\/\",\"url\":\"https:\\\/\\\/lequotidien.mr\\\/wp-content\\\/uploads\\\/2022\\\/11\\\/logolequotidien.jpg\",\"contentUrl\":\"https:\\\/\\\/lequotidien.mr\\\/wp-content\\\/uploads\\\/2022\\\/11\\\/logolequotidien.jpg\",\"width\":290,\"height\":65,\"caption\":\"Le Quotidien de Nouakchott\"},\"image\":{\"@id\":\"https:\\\/\\\/lequotidien.mr\\\/#\\\/schema\\\/logo\\\/image\\\/\"},\"sameAs\":[\"https:\\\/\\\/web.facebook.com\\\/lequotidienmr\",\"https:\\\/\\\/x.com\\\/lequotidienmr\"]},{\"@type\":\"Person\",\"@id\":\"https:\\\/\\\/lequotidien.mr\\\/#\\\/schema\\\/person\\\/69d1518c74c9137087929a20b1272cb0\",\"name\":\"Alioun M'leiwih\",\"image\":{\"@type\":\"ImageObject\",\"inLanguage\":\"ar\",\"@id\":\"https:\\\/\\\/secure.gravatar.com\\\/avatar\\\/01f9d357222d7d4ca8f71662f4b081718f06d25b11fc45662ecca0622d507e51?s=96&d=mm&r=g\",\"url\":\"https:\\\/\\\/secure.gravatar.com\\\/avatar\\\/01f9d357222d7d4ca8f71662f4b081718f06d25b11fc45662ecca0622d507e51?s=96&d=mm&r=g\",\"contentUrl\":\"https:\\\/\\\/secure.gravatar.com\\\/avatar\\\/01f9d357222d7d4ca8f71662f4b081718f06d25b11fc45662ecca0622d507e51?s=96&d=mm&r=g\",\"caption\":\"Alioun M'leiwih\"},\"sameAs\":[\"https:\\\/\\\/lequotidien.mr\\\/\",\"https:\\\/\\\/web.facebook.com\\\/a.mleiwih\",\"https:\\\/\\\/www.linkedin.com\\\/in\\\/alimlewih\\\/\"],\"url\":\"https:\\\/\\\/lequotidien.mr\\\/?author=3\"}]}<\/script>\n<!-- \/ Yoast SEO plugin. -->","yoast_head_json":{"title":"Le ministre de l'\u00c9conomie re\u00e7oit une d\u00e9l\u00e9gation du FMI pour discuter du renforcement des relations \u00e9conomiques - Le Quotidien de Nouakchott","robots":{"index":"index","follow":"follow","max-snippet":"max-snippet:-1","max-image-preview":"max-image-preview:large","max-video-preview":"max-video-preview:-1"},"canonical":"https:\/\/lequotidien.mr\/?p=16270&lang=fr","og_locale":"ar_AR","og_type":"article","og_title":"Le ministre de l'\u00c9conomie re\u00e7oit une d\u00e9l\u00e9gation du FMI pour discuter du renforcement des relations \u00e9conomiques - Le Quotidien de Nouakchott","og_description":"Dans un mouvement strat\u00e9gique visant \u00e0 renforcer les relations \u00e9conomiques et le d\u00e9veloppement durable, Son Excellence M. Abdessalam Ould Mohamed Saleh, le ministre de l&#8217;\u00c9conomie et du D\u00e9veloppement durable de la Mauritanie, a accueilli une d\u00e9l\u00e9gation de haut niveau du Fonds Mon\u00e9taire International (FMI). La d\u00e9l\u00e9gation \u00e9tait dirig\u00e9e par M. F\u00e9lix Fisher, chef de la.....","og_url":"https:\/\/lequotidien.mr\/?p=16270&lang=fr","og_site_name":"Le Quotidien de Nouakchott","article_publisher":"https:\/\/web.facebook.com\/lequotidienmr","article_author":"https:\/\/web.facebook.com\/a.mleiwih","article_published_time":"2024-02-28T09:06:08+00:00","og_image":[{"width":1280,"height":960,"url":"https:\/\/lequotidien.mr\/wp-content\/uploads\/2024\/02\/PHOTO-2024-02-26-17-37-19.jpg","type":"image\/jpeg"}],"author":"Alioun M'leiwih","twitter_card":"summary_large_image","twitter_creator":"@lequotidienmr","twitter_site":"@lequotidienmr","twitter_misc":{"\u0643\u064f\u062a\u0628 \u0628\u0648\u0627\u0633\u0637\u0629":"Alioun M'leiwih","\u0648\u0642\u062a \u0627\u0644\u0642\u0631\u0627\u0621\u0629 \u0627\u0644\u0645\u064f\u0642\u062f\u0651\u0631":"\u062f\u0642\u064a\u0642\u062a\u0627\u0646"},"schema":{"@context":"https:\/\/schema.org","@graph":[{"@type":"Article","@id":"https:\/\/lequotidien.mr\/?p=16270&lang=fr#article","isPartOf":{"@id":"https:\/\/lequotidien.mr\/?p=16270&lang=fr"},"author":{"name":"Alioun M'leiwih","@id":"https:\/\/lequotidien.mr\/#\/schema\/person\/69d1518c74c9137087929a20b1272cb0"},"headline":"Le ministre de l&#8217;\u00c9conomie re\u00e7oit une d\u00e9l\u00e9gation du FMI pour discuter du renforcement des relations \u00e9conomiques","datePublished":"2024-02-28T09:06:08+00:00","mainEntityOfPage":{"@id":"https:\/\/lequotidien.mr\/?p=16270&lang=fr"},"wordCount":388,"commentCount":0,"publisher":{"@id":"https:\/\/lequotidien.mr\/#organization"},"image":{"@id":"https:\/\/lequotidien.mr\/?p=16270&lang=fr#primaryimage"},"thumbnailUrl":"https:\/\/lequotidien.mr\/wp-content\/uploads\/2024\/02\/PHOTO-2024-02-26-17-37-19.jpg","articleSection":["ACTUALIT\u00c9","Economie"],"inLanguage":"ar","potentialAction":[{"@type":"CommentAction","name":"Comment","target":["https:\/\/lequotidien.mr\/?p=16270&lang=fr#respond"]}]},{"@type":"WebPage","@id":"https:\/\/lequotidien.mr\/?p=16270&lang=fr","url":"https:\/\/lequotidien.mr\/?p=16270&lang=fr","name":"Le ministre de l'\u00c9conomie re\u00e7oit une d\u00e9l\u00e9gation du FMI pour discuter du renforcement des relations \u00e9conomiques - Le Quotidien de Nouakchott","isPartOf":{"@id":"https:\/\/lequotidien.mr\/#website"},"primaryImageOfPage":{"@id":"https:\/\/lequotidien.mr\/?p=16270&lang=fr#primaryimage"},"image":{"@id":"https:\/\/lequotidien.mr\/?p=16270&lang=fr#primaryimage"},"thumbnailUrl":"https:\/\/lequotidien.mr\/wp-content\/uploads\/2024\/02\/PHOTO-2024-02-26-17-37-19.jpg","datePublished":"2024-02-28T09:06:08+00:00","breadcrumb":{"@id":"https:\/\/lequotidien.mr\/?p=16270&lang=fr#breadcrumb"},"inLanguage":"ar","potentialAction":[{"@type":"ReadAction","target":["https:\/\/lequotidien.mr\/?p=16270&lang=fr"]}]},{"@type":"ImageObject","inLanguage":"ar","@id":"https:\/\/lequotidien.mr\/?p=16270&lang=fr#primaryimage","url":"https:\/\/lequotidien.mr\/wp-content\/uploads\/2024\/02\/PHOTO-2024-02-26-17-37-19.jpg","contentUrl":"https:\/\/lequotidien.mr\/wp-content\/uploads\/2024\/02\/PHOTO-2024-02-26-17-37-19.jpg","width":1280,"height":960},{"@type":"BreadcrumbList","@id":"https:\/\/lequotidien.mr\/?p=16270&lang=fr#breadcrumb","itemListElement":[{"@type":"ListItem","position":1,"name":"Home","item":"https:\/\/lequotidien.mr\/"},{"@type":"ListItem","position":2,"name":"Le ministre de l&#8217;\u00c9conomie re\u00e7oit une d\u00e9l\u00e9gation du FMI pour discuter du renforcement des relations \u00e9conomiques"}]},{"@type":"WebSite","@id":"https:\/\/lequotidien.mr\/#website","url":"https:\/\/lequotidien.mr\/","name":"Le Quotidien de Nouakchott","description":"\u0625\u062e\u0628\u0627\u0631\u064a\u0629 \u0645\u0633\u062a\u0642\u0644\u0629 \u0644\u0644\u0623\u0646\u0628\u0627\u0621 \u0627\u0644\u0639\u0627\u0645\u0629","publisher":{"@id":"https:\/\/lequotidien.mr\/#organization"},"potentialAction":[{"@type":"SearchAction","target":{"@type":"EntryPoint","urlTemplate":"https:\/\/lequotidien.mr\/?s={search_term_string}"},"query-input":{"@type":"PropertyValueSpecification","valueRequired":true,"valueName":"search_term_string"}}],"inLanguage":"ar"},{"@type":"Organization","@id":"https:\/\/lequotidien.mr\/#organization","name":"Le Quotidien de Nouakchott","url":"https:\/\/lequotidien.mr\/","logo":{"@type":"ImageObject","inLanguage":"ar","@id":"https:\/\/lequotidien.mr\/#\/schema\/logo\/image\/","url":"https:\/\/lequotidien.mr\/wp-content\/uploads\/2022\/11\/logolequotidien.jpg","contentUrl":"https:\/\/lequotidien.mr\/wp-content\/uploads\/2022\/11\/logolequotidien.jpg","width":290,"height":65,"caption":"Le Quotidien de Nouakchott"},"image":{"@id":"https:\/\/lequotidien.mr\/#\/schema\/logo\/image\/"},"sameAs":["https:\/\/web.facebook.com\/lequotidienmr","https:\/\/x.com\/lequotidienmr"]},{"@type":"Person","@id":"https:\/\/lequotidien.mr\/#\/schema\/person\/69d1518c74c9137087929a20b1272cb0","name":"Alioun M'leiwih","image":{"@type":"ImageObject","inLanguage":"ar","@id":"https:\/\/secure.gravatar.com\/avatar\/01f9d357222d7d4ca8f71662f4b081718f06d25b11fc45662ecca0622d507e51?s=96&d=mm&r=g","url":"https:\/\/secure.gravatar.com\/avatar\/01f9d357222d7d4ca8f71662f4b081718f06d25b11fc45662ecca0622d507e51?s=96&d=mm&r=g","contentUrl":"https:\/\/secure.gravatar.com\/avatar\/01f9d357222d7d4ca8f71662f4b081718f06d25b11fc45662ecca0622d507e51?s=96&d=mm&r=g","caption":"Alioun M'leiwih"},"sameAs":["https:\/\/lequotidien.mr\/","https:\/\/web.facebook.com\/a.mleiwih","https:\/\/www.linkedin.com\/in\/alimlewih\/"],"url":"https:\/\/lequotidien.mr\/?author=3"}]}},"_links":{"self":[{"href":"https:\/\/lequotidien.mr\/index.php?rest_route=\/wp\/v2\/posts\/16270","targetHints":{"allow":["GET"]}}],"collection":[{"href":"https:\/\/lequotidien.mr\/index.php?rest_route=\/wp\/v2\/posts"}],"about":[{"href":"https:\/\/lequotidien.mr\/index.php?rest_route=\/wp\/v2\/types\/post"}],"author":[{"embeddable":true,"href":"https:\/\/lequotidien.mr\/index.php?rest_route=\/wp\/v2\/users\/3"}],"replies":[{"embeddable":true,"href":"https:\/\/lequotidien.mr\/index.php?rest_route=%2Fwp%2Fv2%2Fcomments&post=16270"}],"version-history":[{"count":1,"href":"https:\/\/lequotidien.mr\/index.php?rest_route=\/wp\/v2\/posts\/16270\/revisions"}],"predecessor-version":[{"id":16271,"href":"https:\/\/lequotidien.mr\/index.php?rest_route=\/wp\/v2\/posts\/16270\/revisions\/16271"}],"wp:featuredmedia":[{"embeddable":true,"href":"https:\/\/lequotidien.mr\/index.php?rest_route=\/wp\/v2\/media\/16223"}],"wp:attachment":[{"href":"https:\/\/lequotidien.mr\/index.php?rest_route=%2Fwp%2Fv2%2Fmedia&parent=16270"}],"wp:term":[{"taxonomy":"category","embeddable":true,"href":"https:\/\/lequotidien.mr\/index.php?rest_route=%2Fwp%2Fv2%2Fcategories&post=16270"},{"taxonomy":"post_tag","embeddable":true,"href":"https:\/\/lequotidien.mr\/index.php?rest_route=%2Fwp%2Fv2%2Ftags&post=16270"}],"curies":[{"name":"wp","href":"https:\/\/api.w.org\/{rel}","templated":true}]}}