{"id":16162,"date":"2024-02-26T13:15:56","date_gmt":"2024-02-26T13:15:56","guid":{"rendered":"https:\/\/lequotidien.mr\/?p=16162"},"modified":"2024-02-26T13:15:56","modified_gmt":"2024-02-26T13:15:56","slug":"assemblee-generale-du-centre-mauritanien-detudes-strategiques-et-de-developpement-durable","status":"publish","type":"post","link":"https:\/\/lequotidien.mr\/?p=16162&lang=fr","title":{"rendered":"Assembl\u00e9e g\u00e9n\u00e9rale du Centre Mauritanien d&#8217;\u00c9tudes Strat\u00e9giques et de D\u00e9veloppement Durable"},"content":{"rendered":"<p>Le Samedi 24 \u00a0f\u00e9vrier 2024, l\u2019h\u00f4tel El Khater a abrit\u00e9 la quatri\u00e8me assembl\u00e9e g\u00e9n\u00e9rale du Centre Mauritanien pour les \u00c9tudes Strat\u00e9giques, le D\u00e9veloppement Durable et d\u2019enqu\u00eates globales. C\u2019\u00e9tait l\u2019occasion pour le directeur g\u00e9n\u00e9ral, M. Mohamed El Sheikh Ould Sidi Mohamed de prononcer une allocution, pour mettre en lumi\u00e8re trois perspectives essentielles guidant le centre de recherche.<\/p>\n<ol>\n<li>Affronter les &#8220;Guerres de G\u00e9ographie&#8221; par la Recherche Approfondie :<\/li>\n<\/ol>\n<p>Le directeur a soulign\u00e9 l&#8217;importance d&#8217;une investigation approfondie dans les r\u00e9alit\u00e9s g\u00e9ographiques et leurs cons\u00e9quences, illustr\u00e9e par la question rh\u00e9torique &#8220;Qu&#8217;advient-il apr\u00e8s Gaza ?&#8221;. Ce point soul\u00e8ve la n\u00e9cessit\u00e9 d&#8217;une compr\u00e9hension nuanc\u00e9e des conflits g\u00e9opolitiques et de leurs implications \u00e0 long terme.<\/p>\n<ol start=\"2\">\n<li>Le R\u00f4le du D\u00e9veloppement Durable dans la Protection Territoriale.<\/li>\n<\/ol>\n<p>L&#8217;accent a \u00e9t\u00e9 mis sur le d\u00e9veloppement durable comme un outil essentiel pour pr\u00e9server l&#8217;int\u00e9grit\u00e9 territoriale des nations. Cette approche s&#8217;inscrit dans la construction de soci\u00e9t\u00e9s ax\u00e9es sur la paix et le dialogue constructif, soulignant l&#8217;importance de la durabilit\u00e9 environnementale et sociale.<\/p>\n<ol start=\"3\">\n<li>L&#8217;Importance de l&#8217;\u00c8re Num\u00e9rique et de l&#8217;Intelligence Artificielle.<\/li>\n<\/ol>\n<p>L&#8217;allocution a \u00e9galement abord\u00e9 les risques li\u00e9s au retard dans l&#8217;adoption des technologies num\u00e9riques et de l&#8217;intelligence artificielle. L&#8217;\u00e8re de la &#8220;DATA&#8221; correcte, comme l&#8217;a mentionn\u00e9 le directeur, est cruciale pour le progr\u00e8s.<\/p>\n<p>En outre, le discours a mis en lumi\u00e8re trois indicateurs significatifs de changement en Mauritanie depuis ao\u00fbt 2019. Le premier est l&#8217;\u00e9lection d&#8217;un leader repr\u00e9sentant selon lui, une &#8220;force tranquille&#8221;, appelant \u00e0 la mobilisation des cr\u00e9ateurs, des sages, des sp\u00e9cialistes et des acteurs comp\u00e9tents autour du pr\u00e9sident Mohamed Ould Ghazouani. Le second point a soulign\u00e9 le retrait des corrompus et des pr\u00e9varicateurs de la sc\u00e8ne politique, permettant ainsi l&#8217;\u00e9mergence d&#8217;un plan de d\u00e9veloppement impliquant trois g\u00e9n\u00e9rations. Enfin, l&#8217;importance de la &#8220;Madrassa&#8221; d&#8217;alimentation, de conseil et de jihad, \u00e9tablie par un imamat mauritanien qui a diffus\u00e9 l&#8217;Islam de mod\u00e9ration et de tol\u00e9rance dans 15 pays africains et a \u00e9tabli les fondements de l&#8217;Islam et de la langue arabe en Afrique du Nord et dans l&#8217;Europe musulmane, a \u00e9t\u00e9 soulign\u00e9e.<\/p>\n<p>Cette intervention de M. Mohamed El Sheikh Ould Sidi Mohamed se veut une vision claire pour l&#8217;avenir de la Mauritanie, reliant le pass\u00e9 historique et les d\u00e9fis contemporains avec une feuille de route strat\u00e9gique pour le d\u00e9veloppement durable et la prosp\u00e9rit\u00e9.<\/p>\n<p>&nbsp;<\/p>\n<p>&nbsp;<\/p>\n<p>&nbsp;<\/p>\n","protected":false},"excerpt":{"rendered":"<p>Le Samedi 24 \u00a0f\u00e9vrier 2024, l\u2019h\u00f4tel El Khater a abrit\u00e9 la quatri\u00e8me assembl\u00e9e g\u00e9n\u00e9rale du Centre Mauritanien pour les \u00c9tudes Strat\u00e9giques, le D\u00e9veloppement Durable et d\u2019enqu\u00eates globales. C\u2019\u00e9tait l\u2019occasion pour le directeur g\u00e9n\u00e9ral, M. Mohamed El Sheikh Ould Sidi Mohamed de prononcer une allocution, pour mettre en lumi\u00e8re trois perspectives essentielles guidant le centre de&#8230;..<\/p>\n","protected":false},"author":4,"featured_media":16163,"comment_status":"open","ping_status":"open","sticky":false,"template":"","format":"standard","meta":{"footnotes":""},"categories":[23,57],"tags":[],"class_list":["post-16162","post","type-post","status-publish","format-standard","has-post-thumbnail","hentry","category-actualite","category-couverture-specilale"],"yoast_head":"<!-- This site is optimized with the Yoast SEO plugin v27.5 - https:\/\/yoast.com\/product\/yoast-seo-wordpress\/ -->\n<title>Assembl\u00e9e g\u00e9n\u00e9rale du Centre Mauritanien d&#039;\u00c9tudes Strat\u00e9giques et de D\u00e9veloppement Durable - Le Quotidien de Nouakchott<\/title>\n<meta name=\"robots\" content=\"index, follow, max-snippet:-1, max-image-preview:large, max-video-preview:-1\" \/>\n<link rel=\"canonical\" href=\"https:\/\/lequotidien.mr\/?p=16162&lang=fr\" \/>\n<meta property=\"og:locale\" content=\"ar_AR\" \/>\n<meta property=\"og:type\" content=\"article\" \/>\n<meta property=\"og:title\" content=\"Assembl\u00e9e g\u00e9n\u00e9rale du Centre Mauritanien d&#039;\u00c9tudes Strat\u00e9giques et de D\u00e9veloppement Durable - Le Quotidien de Nouakchott\" \/>\n<meta property=\"og:description\" content=\"Le Samedi 24 \u00a0f\u00e9vrier 2024, l\u2019h\u00f4tel El Khater a abrit\u00e9 la quatri\u00e8me assembl\u00e9e g\u00e9n\u00e9rale du Centre Mauritanien pour les \u00c9tudes Strat\u00e9giques, le D\u00e9veloppement Durable et d\u2019enqu\u00eates globales. C\u2019\u00e9tait l\u2019occasion pour le directeur g\u00e9n\u00e9ral, M. Mohamed El Sheikh Ould Sidi Mohamed de prononcer une allocution, pour mettre en lumi\u00e8re trois perspectives essentielles guidant le centre de.....\" \/>\n<meta property=\"og:url\" content=\"https:\/\/lequotidien.mr\/?p=16162&amp;lang=fr\" \/>\n<meta property=\"og:site_name\" content=\"Le Quotidien de Nouakchott\" \/>\n<meta property=\"article:publisher\" content=\"https:\/\/web.facebook.com\/lequotidienmr\" \/>\n<meta property=\"article:published_time\" content=\"2024-02-26T13:15:56+00:00\" \/>\n<meta property=\"og:image\" content=\"https:\/\/lequotidien.mr\/wp-content\/uploads\/2024\/02\/PHOTO-2024-02-24-15-12-52.jpg\" \/>\n\t<meta property=\"og:image:width\" content=\"1600\" \/>\n\t<meta property=\"og:image:height\" content=\"1066\" \/>\n\t<meta property=\"og:image:type\" content=\"image\/jpeg\" \/>\n<meta name=\"author\" content=\"Le Quotidien\" \/>\n<meta name=\"twitter:card\" content=\"summary_large_image\" \/>\n<meta name=\"twitter:creator\" content=\"@lequotidienmr\" \/>\n<meta name=\"twitter:site\" content=\"@lequotidienmr\" \/>\n<meta name=\"twitter:label1\" content=\"\u0643\u064f\u062a\u0628 \u0628\u0648\u0627\u0633\u0637\u0629\" \/>\n\t<meta name=\"twitter:data1\" content=\"Le Quotidien\" \/>\n\t<meta name=\"twitter:label2\" content=\"\u0648\u0642\u062a \u0627\u0644\u0642\u0631\u0627\u0621\u0629 \u0627\u0644\u0645\u064f\u0642\u062f\u0651\u0631\" \/>\n\t<meta name=\"twitter:data2\" content=\"\u062f\u0642\u064a\u0642\u062a\u0627\u0646\" \/>\n<script type=\"application\/ld+json\" class=\"yoast-schema-graph\">{\"@context\":\"https:\\\/\\\/schema.org\",\"@graph\":[{\"@type\":\"Article\",\"@id\":\"https:\\\/\\\/lequotidien.mr\\\/?p=16162&lang=fr#article\",\"isPartOf\":{\"@id\":\"https:\\\/\\\/lequotidien.mr\\\/?p=16162&lang=fr\"},\"author\":{\"name\":\"Le Quotidien\",\"@id\":\"https:\\\/\\\/lequotidien.mr\\\/#\\\/schema\\\/person\\\/f90fcdaa970c60288de4ed2e64a56472\"},\"headline\":\"Assembl\u00e9e g\u00e9n\u00e9rale du Centre Mauritanien d&#8217;\u00c9tudes Strat\u00e9giques et de D\u00e9veloppement Durable\",\"datePublished\":\"2024-02-26T13:15:56+00:00\",\"mainEntityOfPage\":{\"@id\":\"https:\\\/\\\/lequotidien.mr\\\/?p=16162&lang=fr\"},\"wordCount\":467,\"commentCount\":0,\"publisher\":{\"@id\":\"https:\\\/\\\/lequotidien.mr\\\/#organization\"},\"image\":{\"@id\":\"https:\\\/\\\/lequotidien.mr\\\/?p=16162&lang=fr#primaryimage\"},\"thumbnailUrl\":\"https:\\\/\\\/lequotidien.mr\\\/wp-content\\\/uploads\\\/2024\\\/02\\\/PHOTO-2024-02-24-15-12-52.jpg\",\"articleSection\":[\"ACTUALIT\u00c9\",\"Couverture sp\u00e9cilale\"],\"inLanguage\":\"ar\",\"potentialAction\":[{\"@type\":\"CommentAction\",\"name\":\"Comment\",\"target\":[\"https:\\\/\\\/lequotidien.mr\\\/?p=16162&lang=fr#respond\"]}]},{\"@type\":\"WebPage\",\"@id\":\"https:\\\/\\\/lequotidien.mr\\\/?p=16162&lang=fr\",\"url\":\"https:\\\/\\\/lequotidien.mr\\\/?p=16162&lang=fr\",\"name\":\"Assembl\u00e9e g\u00e9n\u00e9rale du Centre Mauritanien d'\u00c9tudes Strat\u00e9giques et de D\u00e9veloppement Durable - Le Quotidien de Nouakchott\",\"isPartOf\":{\"@id\":\"https:\\\/\\\/lequotidien.mr\\\/#website\"},\"primaryImageOfPage\":{\"@id\":\"https:\\\/\\\/lequotidien.mr\\\/?p=16162&lang=fr#primaryimage\"},\"image\":{\"@id\":\"https:\\\/\\\/lequotidien.mr\\\/?p=16162&lang=fr#primaryimage\"},\"thumbnailUrl\":\"https:\\\/\\\/lequotidien.mr\\\/wp-content\\\/uploads\\\/2024\\\/02\\\/PHOTO-2024-02-24-15-12-52.jpg\",\"datePublished\":\"2024-02-26T13:15:56+00:00\",\"breadcrumb\":{\"@id\":\"https:\\\/\\\/lequotidien.mr\\\/?p=16162&lang=fr#breadcrumb\"},\"inLanguage\":\"ar\",\"potentialAction\":[{\"@type\":\"ReadAction\",\"target\":[\"https:\\\/\\\/lequotidien.mr\\\/?p=16162&lang=fr\"]}]},{\"@type\":\"ImageObject\",\"inLanguage\":\"ar\",\"@id\":\"https:\\\/\\\/lequotidien.mr\\\/?p=16162&lang=fr#primaryimage\",\"url\":\"https:\\\/\\\/lequotidien.mr\\\/wp-content\\\/uploads\\\/2024\\\/02\\\/PHOTO-2024-02-24-15-12-52.jpg\",\"contentUrl\":\"https:\\\/\\\/lequotidien.mr\\\/wp-content\\\/uploads\\\/2024\\\/02\\\/PHOTO-2024-02-24-15-12-52.jpg\",\"width\":1600,\"height\":1066},{\"@type\":\"BreadcrumbList\",\"@id\":\"https:\\\/\\\/lequotidien.mr\\\/?p=16162&lang=fr#breadcrumb\",\"itemListElement\":[{\"@type\":\"ListItem\",\"position\":1,\"name\":\"Home\",\"item\":\"https:\\\/\\\/lequotidien.mr\\\/\"},{\"@type\":\"ListItem\",\"position\":2,\"name\":\"Assembl\u00e9e g\u00e9n\u00e9rale du Centre Mauritanien d&#8217;\u00c9tudes Strat\u00e9giques et de D\u00e9veloppement Durable\"}]},{\"@type\":\"WebSite\",\"@id\":\"https:\\\/\\\/lequotidien.mr\\\/#website\",\"url\":\"https:\\\/\\\/lequotidien.mr\\\/\",\"name\":\"Le Quotidien de Nouakchott\",\"description\":\"\u0625\u062e\u0628\u0627\u0631\u064a\u0629 \u0645\u0633\u062a\u0642\u0644\u0629 \u0644\u0644\u0623\u0646\u0628\u0627\u0621 \u0627\u0644\u0639\u0627\u0645\u0629\",\"publisher\":{\"@id\":\"https:\\\/\\\/lequotidien.mr\\\/#organization\"},\"potentialAction\":[{\"@type\":\"SearchAction\",\"target\":{\"@type\":\"EntryPoint\",\"urlTemplate\":\"https:\\\/\\\/lequotidien.mr\\\/?s={search_term_string}\"},\"query-input\":{\"@type\":\"PropertyValueSpecification\",\"valueRequired\":true,\"valueName\":\"search_term_string\"}}],\"inLanguage\":\"ar\"},{\"@type\":\"Organization\",\"@id\":\"https:\\\/\\\/lequotidien.mr\\\/#organization\",\"name\":\"Le Quotidien de Nouakchott\",\"url\":\"https:\\\/\\\/lequotidien.mr\\\/\",\"logo\":{\"@type\":\"ImageObject\",\"inLanguage\":\"ar\",\"@id\":\"https:\\\/\\\/lequotidien.mr\\\/#\\\/schema\\\/logo\\\/image\\\/\",\"url\":\"https:\\\/\\\/lequotidien.mr\\\/wp-content\\\/uploads\\\/2022\\\/11\\\/logolequotidien.jpg\",\"contentUrl\":\"https:\\\/\\\/lequotidien.mr\\\/wp-content\\\/uploads\\\/2022\\\/11\\\/logolequotidien.jpg\",\"width\":290,\"height\":65,\"caption\":\"Le Quotidien de Nouakchott\"},\"image\":{\"@id\":\"https:\\\/\\\/lequotidien.mr\\\/#\\\/schema\\\/logo\\\/image\\\/\"},\"sameAs\":[\"https:\\\/\\\/web.facebook.com\\\/lequotidienmr\",\"https:\\\/\\\/x.com\\\/lequotidienmr\"]},{\"@type\":\"Person\",\"@id\":\"https:\\\/\\\/lequotidien.mr\\\/#\\\/schema\\\/person\\\/f90fcdaa970c60288de4ed2e64a56472\",\"name\":\"Le Quotidien\",\"image\":{\"@type\":\"ImageObject\",\"inLanguage\":\"ar\",\"@id\":\"https:\\\/\\\/secure.gravatar.com\\\/avatar\\\/374cb39a1a458a912465a93e5a3ce6546886fc3da809a1f10c63e4e8fcbca30f?s=96&d=mm&r=g\",\"url\":\"https:\\\/\\\/secure.gravatar.com\\\/avatar\\\/374cb39a1a458a912465a93e5a3ce6546886fc3da809a1f10c63e4e8fcbca30f?s=96&d=mm&r=g\",\"contentUrl\":\"https:\\\/\\\/secure.gravatar.com\\\/avatar\\\/374cb39a1a458a912465a93e5a3ce6546886fc3da809a1f10c63e4e8fcbca30f?s=96&d=mm&r=g\",\"caption\":\"Le Quotidien\"},\"sameAs\":[\"https:\\\/\\\/lequotidien.mr\\\/\"],\"url\":\"https:\\\/\\\/lequotidien.mr\\\/?author=4\"}]}<\/script>\n<!-- \/ Yoast SEO plugin. -->","yoast_head_json":{"title":"Assembl\u00e9e g\u00e9n\u00e9rale du Centre Mauritanien d'\u00c9tudes Strat\u00e9giques et de D\u00e9veloppement Durable - Le Quotidien de Nouakchott","robots":{"index":"index","follow":"follow","max-snippet":"max-snippet:-1","max-image-preview":"max-image-preview:large","max-video-preview":"max-video-preview:-1"},"canonical":"https:\/\/lequotidien.mr\/?p=16162&lang=fr","og_locale":"ar_AR","og_type":"article","og_title":"Assembl\u00e9e g\u00e9n\u00e9rale du Centre Mauritanien d'\u00c9tudes Strat\u00e9giques et de D\u00e9veloppement Durable - Le Quotidien de Nouakchott","og_description":"Le Samedi 24 \u00a0f\u00e9vrier 2024, l\u2019h\u00f4tel El Khater a abrit\u00e9 la quatri\u00e8me assembl\u00e9e g\u00e9n\u00e9rale du Centre Mauritanien pour les \u00c9tudes Strat\u00e9giques, le D\u00e9veloppement Durable et d\u2019enqu\u00eates globales. C\u2019\u00e9tait l\u2019occasion pour le directeur g\u00e9n\u00e9ral, M. Mohamed El Sheikh Ould Sidi Mohamed de prononcer une allocution, pour mettre en lumi\u00e8re trois perspectives essentielles guidant le centre de.....","og_url":"https:\/\/lequotidien.mr\/?p=16162&lang=fr","og_site_name":"Le Quotidien de Nouakchott","article_publisher":"https:\/\/web.facebook.com\/lequotidienmr","article_published_time":"2024-02-26T13:15:56+00:00","og_image":[{"width":1600,"height":1066,"url":"https:\/\/lequotidien.mr\/wp-content\/uploads\/2024\/02\/PHOTO-2024-02-24-15-12-52.jpg","type":"image\/jpeg"}],"author":"Le Quotidien","twitter_card":"summary_large_image","twitter_creator":"@lequotidienmr","twitter_site":"@lequotidienmr","twitter_misc":{"\u0643\u064f\u062a\u0628 \u0628\u0648\u0627\u0633\u0637\u0629":"Le Quotidien","\u0648\u0642\u062a \u0627\u0644\u0642\u0631\u0627\u0621\u0629 \u0627\u0644\u0645\u064f\u0642\u062f\u0651\u0631":"\u062f\u0642\u064a\u0642\u062a\u0627\u0646"},"schema":{"@context":"https:\/\/schema.org","@graph":[{"@type":"Article","@id":"https:\/\/lequotidien.mr\/?p=16162&lang=fr#article","isPartOf":{"@id":"https:\/\/lequotidien.mr\/?p=16162&lang=fr"},"author":{"name":"Le Quotidien","@id":"https:\/\/lequotidien.mr\/#\/schema\/person\/f90fcdaa970c60288de4ed2e64a56472"},"headline":"Assembl\u00e9e g\u00e9n\u00e9rale du Centre Mauritanien d&#8217;\u00c9tudes Strat\u00e9giques et de D\u00e9veloppement Durable","datePublished":"2024-02-26T13:15:56+00:00","mainEntityOfPage":{"@id":"https:\/\/lequotidien.mr\/?p=16162&lang=fr"},"wordCount":467,"commentCount":0,"publisher":{"@id":"https:\/\/lequotidien.mr\/#organization"},"image":{"@id":"https:\/\/lequotidien.mr\/?p=16162&lang=fr#primaryimage"},"thumbnailUrl":"https:\/\/lequotidien.mr\/wp-content\/uploads\/2024\/02\/PHOTO-2024-02-24-15-12-52.jpg","articleSection":["ACTUALIT\u00c9","Couverture sp\u00e9cilale"],"inLanguage":"ar","potentialAction":[{"@type":"CommentAction","name":"Comment","target":["https:\/\/lequotidien.mr\/?p=16162&lang=fr#respond"]}]},{"@type":"WebPage","@id":"https:\/\/lequotidien.mr\/?p=16162&lang=fr","url":"https:\/\/lequotidien.mr\/?p=16162&lang=fr","name":"Assembl\u00e9e g\u00e9n\u00e9rale du Centre Mauritanien d'\u00c9tudes Strat\u00e9giques et de D\u00e9veloppement Durable - Le Quotidien de Nouakchott","isPartOf":{"@id":"https:\/\/lequotidien.mr\/#website"},"primaryImageOfPage":{"@id":"https:\/\/lequotidien.mr\/?p=16162&lang=fr#primaryimage"},"image":{"@id":"https:\/\/lequotidien.mr\/?p=16162&lang=fr#primaryimage"},"thumbnailUrl":"https:\/\/lequotidien.mr\/wp-content\/uploads\/2024\/02\/PHOTO-2024-02-24-15-12-52.jpg","datePublished":"2024-02-26T13:15:56+00:00","breadcrumb":{"@id":"https:\/\/lequotidien.mr\/?p=16162&lang=fr#breadcrumb"},"inLanguage":"ar","potentialAction":[{"@type":"ReadAction","target":["https:\/\/lequotidien.mr\/?p=16162&lang=fr"]}]},{"@type":"ImageObject","inLanguage":"ar","@id":"https:\/\/lequotidien.mr\/?p=16162&lang=fr#primaryimage","url":"https:\/\/lequotidien.mr\/wp-content\/uploads\/2024\/02\/PHOTO-2024-02-24-15-12-52.jpg","contentUrl":"https:\/\/lequotidien.mr\/wp-content\/uploads\/2024\/02\/PHOTO-2024-02-24-15-12-52.jpg","width":1600,"height":1066},{"@type":"BreadcrumbList","@id":"https:\/\/lequotidien.mr\/?p=16162&lang=fr#breadcrumb","itemListElement":[{"@type":"ListItem","position":1,"name":"Home","item":"https:\/\/lequotidien.mr\/"},{"@type":"ListItem","position":2,"name":"Assembl\u00e9e g\u00e9n\u00e9rale du Centre Mauritanien d&#8217;\u00c9tudes Strat\u00e9giques et de D\u00e9veloppement Durable"}]},{"@type":"WebSite","@id":"https:\/\/lequotidien.mr\/#website","url":"https:\/\/lequotidien.mr\/","name":"Le Quotidien de Nouakchott","description":"\u0625\u062e\u0628\u0627\u0631\u064a\u0629 \u0645\u0633\u062a\u0642\u0644\u0629 \u0644\u0644\u0623\u0646\u0628\u0627\u0621 \u0627\u0644\u0639\u0627\u0645\u0629","publisher":{"@id":"https:\/\/lequotidien.mr\/#organization"},"potentialAction":[{"@type":"SearchAction","target":{"@type":"EntryPoint","urlTemplate":"https:\/\/lequotidien.mr\/?s={search_term_string}"},"query-input":{"@type":"PropertyValueSpecification","valueRequired":true,"valueName":"search_term_string"}}],"inLanguage":"ar"},{"@type":"Organization","@id":"https:\/\/lequotidien.mr\/#organization","name":"Le Quotidien de Nouakchott","url":"https:\/\/lequotidien.mr\/","logo":{"@type":"ImageObject","inLanguage":"ar","@id":"https:\/\/lequotidien.mr\/#\/schema\/logo\/image\/","url":"https:\/\/lequotidien.mr\/wp-content\/uploads\/2022\/11\/logolequotidien.jpg","contentUrl":"https:\/\/lequotidien.mr\/wp-content\/uploads\/2022\/11\/logolequotidien.jpg","width":290,"height":65,"caption":"Le Quotidien de Nouakchott"},"image":{"@id":"https:\/\/lequotidien.mr\/#\/schema\/logo\/image\/"},"sameAs":["https:\/\/web.facebook.com\/lequotidienmr","https:\/\/x.com\/lequotidienmr"]},{"@type":"Person","@id":"https:\/\/lequotidien.mr\/#\/schema\/person\/f90fcdaa970c60288de4ed2e64a56472","name":"Le Quotidien","image":{"@type":"ImageObject","inLanguage":"ar","@id":"https:\/\/secure.gravatar.com\/avatar\/374cb39a1a458a912465a93e5a3ce6546886fc3da809a1f10c63e4e8fcbca30f?s=96&d=mm&r=g","url":"https:\/\/secure.gravatar.com\/avatar\/374cb39a1a458a912465a93e5a3ce6546886fc3da809a1f10c63e4e8fcbca30f?s=96&d=mm&r=g","contentUrl":"https:\/\/secure.gravatar.com\/avatar\/374cb39a1a458a912465a93e5a3ce6546886fc3da809a1f10c63e4e8fcbca30f?s=96&d=mm&r=g","caption":"Le Quotidien"},"sameAs":["https:\/\/lequotidien.mr\/"],"url":"https:\/\/lequotidien.mr\/?author=4"}]}},"_links":{"self":[{"href":"https:\/\/lequotidien.mr\/index.php?rest_route=\/wp\/v2\/posts\/16162","targetHints":{"allow":["GET"]}}],"collection":[{"href":"https:\/\/lequotidien.mr\/index.php?rest_route=\/wp\/v2\/posts"}],"about":[{"href":"https:\/\/lequotidien.mr\/index.php?rest_route=\/wp\/v2\/types\/post"}],"author":[{"embeddable":true,"href":"https:\/\/lequotidien.mr\/index.php?rest_route=\/wp\/v2\/users\/4"}],"replies":[{"embeddable":true,"href":"https:\/\/lequotidien.mr\/index.php?rest_route=%2Fwp%2Fv2%2Fcomments&post=16162"}],"version-history":[{"count":1,"href":"https:\/\/lequotidien.mr\/index.php?rest_route=\/wp\/v2\/posts\/16162\/revisions"}],"predecessor-version":[{"id":16164,"href":"https:\/\/lequotidien.mr\/index.php?rest_route=\/wp\/v2\/posts\/16162\/revisions\/16164"}],"wp:featuredmedia":[{"embeddable":true,"href":"https:\/\/lequotidien.mr\/index.php?rest_route=\/wp\/v2\/media\/16163"}],"wp:attachment":[{"href":"https:\/\/lequotidien.mr\/index.php?rest_route=%2Fwp%2Fv2%2Fmedia&parent=16162"}],"wp:term":[{"taxonomy":"category","embeddable":true,"href":"https:\/\/lequotidien.mr\/index.php?rest_route=%2Fwp%2Fv2%2Fcategories&post=16162"},{"taxonomy":"post_tag","embeddable":true,"href":"https:\/\/lequotidien.mr\/index.php?rest_route=%2Fwp%2Fv2%2Ftags&post=16162"}],"curies":[{"name":"wp","href":"https:\/\/api.w.org\/{rel}","templated":true}]}}