{"id":16141,"date":"2024-02-25T09:35:07","date_gmt":"2024-02-25T09:35:07","guid":{"rendered":"https:\/\/lequotidien.mr\/?p=16141"},"modified":"2024-02-25T11:15:37","modified_gmt":"2024-02-25T11:15:37","slug":"lalgerie-va-financer-la-construction-de-la-maison-de-la-presse-a-nouakchott","status":"publish","type":"post","link":"https:\/\/lequotidien.mr\/?p=16141&lang=fr","title":{"rendered":"L\u2019Alg\u00e9rie va financer la construction de la maison de la presse \u00e0 Nouakchott"},"content":{"rendered":"<p>Le pr\u00e9sident alg\u00e9rien, Abdelmadjid Tebboune, a annonc\u00e9 la construction imminente d&#8217;une maison de la presse mauritanienne \u00e0 Nouakchott, financ\u00e9e par l&#8217;Alg\u00e9rie. Cette annonce intervient dans un contexte pas lointain o\u00f9 les relations entre certains m\u00e9dias locaux et l&#8217;Alg\u00e9rie ont \u00e9t\u00e9 marqu\u00e9es par une certaine m\u00e9fiance, avec des accusations de partialit\u00e9 en faveur du voisin de l&#8217;ouest.<br \/>\nL&#8217;engagement du pr\u00e9sident Tebboune envers ce projet est manifeste, puisqu&#8217;il a personnellement charg\u00e9 son ambassadeur en Mauritanie de superviser sa mise en \u0153uvre. Cette initiative t\u00e9moigne de la volont\u00e9 des deux pays de renforcer les \u00e9changes culturels et m\u00e9diatiques, favorisant ainsi une meilleure compr\u00e9hension mutuelle.<br \/>\nOutre la construction de la maison de la presse, un autre projet phare a \u00e9t\u00e9 lanc\u00e9 lors de cette visite : la construction d&#8217;une route reliant Tindouf, dans le sud-ouest alg\u00e9rien, \u00e0 Zouerate, dans le nord-ouest mauritanien. Ce projet, enti\u00e8rement financ\u00e9 par l&#8217;Alg\u00e9rie, est consid\u00e9r\u00e9 comme strat\u00e9gique, car il devrait favoriser une augmentation significative des \u00e9changes commerciaux entre les deux pays, renfor\u00e7ant ainsi leur partenariat \u00e9conomique.<br \/>\nAuparavant, le pr\u00e9sident Tebboune et son homologue mauritanien, Mohamed Cheikh El Ghazouani, ont inaugur\u00e9 deux postes frontaliers fixes entre leurs pays respectifs. Cette inauguration t\u00e9moigne de la volont\u00e9 des deux gouvernements de faciliter les \u00e9changes transfrontaliers et de renforcer la coop\u00e9ration dans la lutte contre les d\u00e9fis communs.<br \/>\nUn autre projet d&#8217;importance a \u00e9galement \u00e9t\u00e9 annonc\u00e9 : la cr\u00e9ation d&#8217;une zone franche \u00e0 Tindouf. Cette initiative vise \u00e0 stimuler les investissements et \u00e0 favoriser le d\u00e9veloppement \u00e9conomique dans la r\u00e9gion, offrant des opportunit\u00e9s commerciales attrayantes pour les entreprises des deux pays.<br \/>\nDans l&#8217;ensemble, ces projets t\u00e9moignent d&#8217;une volont\u00e9 commune de renforcer les liens entre l&#8217;Alg\u00e9rie et la Mauritanie, tant sur le plan \u00e9conomique que sur le plan culturel. Ils ouvrent la voie \u00e0 une coop\u00e9ration plus \u00e9troite et \u00e0 des relations bilat\u00e9rales renforc\u00e9es, b\u00e9n\u00e9fiques pour les deux nations et pour la r\u00e9gion dans son ensemble.<\/p>\n<p>&nbsp;<\/p>\n","protected":false},"excerpt":{"rendered":"<p>Le pr\u00e9sident alg\u00e9rien, Abdelmadjid Tebboune, a annonc\u00e9 la construction imminente d&#8217;une maison de la presse mauritanienne \u00e0 Nouakchott, financ\u00e9e par l&#8217;Alg\u00e9rie. Cette annonce intervient dans un contexte pas lointain o\u00f9 les relations entre certains m\u00e9dias locaux et l&#8217;Alg\u00e9rie ont \u00e9t\u00e9 marqu\u00e9es par une certaine m\u00e9fiance, avec des accusations de partialit\u00e9 en faveur du voisin de&#8230;..<\/p>\n","protected":false},"author":3,"featured_media":16142,"comment_status":"open","ping_status":"open","sticky":false,"template":"","format":"standard","meta":{"footnotes":""},"categories":[23,49],"tags":[],"class_list":["post-16141","post","type-post","status-publish","format-standard","has-post-thumbnail","hentry","category-actualite","category-economie"],"yoast_head":"<!-- This site is optimized with the Yoast SEO plugin v27.5 - https:\/\/yoast.com\/product\/yoast-seo-wordpress\/ -->\n<title>L\u2019Alg\u00e9rie va financer la construction de la maison de la presse \u00e0 Nouakchott - Le Quotidien de Nouakchott<\/title>\n<meta name=\"robots\" content=\"index, follow, max-snippet:-1, max-image-preview:large, max-video-preview:-1\" \/>\n<link rel=\"canonical\" href=\"https:\/\/lequotidien.mr\/?p=16141&lang=fr\" \/>\n<meta property=\"og:locale\" content=\"ar_AR\" \/>\n<meta property=\"og:type\" content=\"article\" \/>\n<meta property=\"og:title\" content=\"L\u2019Alg\u00e9rie va financer la construction de la maison de la presse \u00e0 Nouakchott - Le Quotidien de Nouakchott\" \/>\n<meta property=\"og:description\" content=\"Le pr\u00e9sident alg\u00e9rien, Abdelmadjid Tebboune, a annonc\u00e9 la construction imminente d&#8217;une maison de la presse mauritanienne \u00e0 Nouakchott, financ\u00e9e par l&#8217;Alg\u00e9rie. Cette annonce intervient dans un contexte pas lointain o\u00f9 les relations entre certains m\u00e9dias locaux et l&#8217;Alg\u00e9rie ont \u00e9t\u00e9 marqu\u00e9es par une certaine m\u00e9fiance, avec des accusations de partialit\u00e9 en faveur du voisin de.....\" \/>\n<meta property=\"og:url\" content=\"https:\/\/lequotidien.mr\/?p=16141&amp;lang=fr\" \/>\n<meta property=\"og:site_name\" content=\"Le Quotidien de Nouakchott\" \/>\n<meta property=\"article:publisher\" content=\"https:\/\/web.facebook.com\/lequotidienmr\" \/>\n<meta property=\"article:author\" content=\"https:\/\/web.facebook.com\/a.mleiwih\" \/>\n<meta property=\"article:published_time\" content=\"2024-02-25T09:35:07+00:00\" \/>\n<meta property=\"article:modified_time\" content=\"2024-02-25T11:15:37+00:00\" \/>\n<meta property=\"og:image\" content=\"https:\/\/lequotidien.mr\/wp-content\/uploads\/2024\/02\/IMG-20240224-WA0044.jpg\" \/>\n\t<meta property=\"og:image:width\" content=\"292\" \/>\n\t<meta property=\"og:image:height\" content=\"172\" \/>\n\t<meta property=\"og:image:type\" content=\"image\/jpeg\" \/>\n<meta name=\"author\" content=\"Alioun M&#039;leiwih\" \/>\n<meta name=\"twitter:card\" content=\"summary_large_image\" \/>\n<meta name=\"twitter:creator\" content=\"@lequotidienmr\" \/>\n<meta name=\"twitter:site\" content=\"@lequotidienmr\" \/>\n<meta name=\"twitter:label1\" content=\"\u0643\u064f\u062a\u0628 \u0628\u0648\u0627\u0633\u0637\u0629\" \/>\n\t<meta name=\"twitter:data1\" content=\"Alioun M&#039;leiwih\" \/>\n\t<meta name=\"twitter:label2\" content=\"\u0648\u0642\u062a \u0627\u0644\u0642\u0631\u0627\u0621\u0629 \u0627\u0644\u0645\u064f\u0642\u062f\u0651\u0631\" \/>\n\t<meta name=\"twitter:data2\" content=\"\u062f\u0642\u064a\u0642\u062a\u0627\u0646\" \/>\n<script type=\"application\/ld+json\" class=\"yoast-schema-graph\">{\"@context\":\"https:\\\/\\\/schema.org\",\"@graph\":[{\"@type\":\"Article\",\"@id\":\"https:\\\/\\\/lequotidien.mr\\\/?p=16141&lang=fr#article\",\"isPartOf\":{\"@id\":\"https:\\\/\\\/lequotidien.mr\\\/?p=16141&lang=fr\"},\"author\":{\"name\":\"Alioun M'leiwih\",\"@id\":\"https:\\\/\\\/lequotidien.mr\\\/#\\\/schema\\\/person\\\/69d1518c74c9137087929a20b1272cb0\"},\"headline\":\"L\u2019Alg\u00e9rie va financer la construction de la maison de la presse \u00e0 Nouakchott\",\"datePublished\":\"2024-02-25T09:35:07+00:00\",\"dateModified\":\"2024-02-25T11:15:37+00:00\",\"mainEntityOfPage\":{\"@id\":\"https:\\\/\\\/lequotidien.mr\\\/?p=16141&lang=fr\"},\"wordCount\":365,\"commentCount\":0,\"publisher\":{\"@id\":\"https:\\\/\\\/lequotidien.mr\\\/#organization\"},\"image\":{\"@id\":\"https:\\\/\\\/lequotidien.mr\\\/?p=16141&lang=fr#primaryimage\"},\"thumbnailUrl\":\"https:\\\/\\\/lequotidien.mr\\\/wp-content\\\/uploads\\\/2024\\\/02\\\/IMG-20240224-WA0044.jpg\",\"articleSection\":[\"ACTUALIT\u00c9\",\"Economie\"],\"inLanguage\":\"ar\",\"potentialAction\":[{\"@type\":\"CommentAction\",\"name\":\"Comment\",\"target\":[\"https:\\\/\\\/lequotidien.mr\\\/?p=16141&lang=fr#respond\"]}]},{\"@type\":\"WebPage\",\"@id\":\"https:\\\/\\\/lequotidien.mr\\\/?p=16141&lang=fr\",\"url\":\"https:\\\/\\\/lequotidien.mr\\\/?p=16141&lang=fr\",\"name\":\"L\u2019Alg\u00e9rie va financer la construction de la maison de la presse \u00e0 Nouakchott - Le Quotidien de Nouakchott\",\"isPartOf\":{\"@id\":\"https:\\\/\\\/lequotidien.mr\\\/#website\"},\"primaryImageOfPage\":{\"@id\":\"https:\\\/\\\/lequotidien.mr\\\/?p=16141&lang=fr#primaryimage\"},\"image\":{\"@id\":\"https:\\\/\\\/lequotidien.mr\\\/?p=16141&lang=fr#primaryimage\"},\"thumbnailUrl\":\"https:\\\/\\\/lequotidien.mr\\\/wp-content\\\/uploads\\\/2024\\\/02\\\/IMG-20240224-WA0044.jpg\",\"datePublished\":\"2024-02-25T09:35:07+00:00\",\"dateModified\":\"2024-02-25T11:15:37+00:00\",\"breadcrumb\":{\"@id\":\"https:\\\/\\\/lequotidien.mr\\\/?p=16141&lang=fr#breadcrumb\"},\"inLanguage\":\"ar\",\"potentialAction\":[{\"@type\":\"ReadAction\",\"target\":[\"https:\\\/\\\/lequotidien.mr\\\/?p=16141&lang=fr\"]}]},{\"@type\":\"ImageObject\",\"inLanguage\":\"ar\",\"@id\":\"https:\\\/\\\/lequotidien.mr\\\/?p=16141&lang=fr#primaryimage\",\"url\":\"https:\\\/\\\/lequotidien.mr\\\/wp-content\\\/uploads\\\/2024\\\/02\\\/IMG-20240224-WA0044.jpg\",\"contentUrl\":\"https:\\\/\\\/lequotidien.mr\\\/wp-content\\\/uploads\\\/2024\\\/02\\\/IMG-20240224-WA0044.jpg\",\"width\":292,\"height\":172},{\"@type\":\"BreadcrumbList\",\"@id\":\"https:\\\/\\\/lequotidien.mr\\\/?p=16141&lang=fr#breadcrumb\",\"itemListElement\":[{\"@type\":\"ListItem\",\"position\":1,\"name\":\"Home\",\"item\":\"https:\\\/\\\/lequotidien.mr\\\/\"},{\"@type\":\"ListItem\",\"position\":2,\"name\":\"L\u2019Alg\u00e9rie va financer la construction de la maison de la presse \u00e0 Nouakchott\"}]},{\"@type\":\"WebSite\",\"@id\":\"https:\\\/\\\/lequotidien.mr\\\/#website\",\"url\":\"https:\\\/\\\/lequotidien.mr\\\/\",\"name\":\"Le Quotidien de Nouakchott\",\"description\":\"\u0625\u062e\u0628\u0627\u0631\u064a\u0629 \u0645\u0633\u062a\u0642\u0644\u0629 \u0644\u0644\u0623\u0646\u0628\u0627\u0621 \u0627\u0644\u0639\u0627\u0645\u0629\",\"publisher\":{\"@id\":\"https:\\\/\\\/lequotidien.mr\\\/#organization\"},\"potentialAction\":[{\"@type\":\"SearchAction\",\"target\":{\"@type\":\"EntryPoint\",\"urlTemplate\":\"https:\\\/\\\/lequotidien.mr\\\/?s={search_term_string}\"},\"query-input\":{\"@type\":\"PropertyValueSpecification\",\"valueRequired\":true,\"valueName\":\"search_term_string\"}}],\"inLanguage\":\"ar\"},{\"@type\":\"Organization\",\"@id\":\"https:\\\/\\\/lequotidien.mr\\\/#organization\",\"name\":\"Le Quotidien de Nouakchott\",\"url\":\"https:\\\/\\\/lequotidien.mr\\\/\",\"logo\":{\"@type\":\"ImageObject\",\"inLanguage\":\"ar\",\"@id\":\"https:\\\/\\\/lequotidien.mr\\\/#\\\/schema\\\/logo\\\/image\\\/\",\"url\":\"https:\\\/\\\/lequotidien.mr\\\/wp-content\\\/uploads\\\/2022\\\/11\\\/logolequotidien.jpg\",\"contentUrl\":\"https:\\\/\\\/lequotidien.mr\\\/wp-content\\\/uploads\\\/2022\\\/11\\\/logolequotidien.jpg\",\"width\":290,\"height\":65,\"caption\":\"Le Quotidien de Nouakchott\"},\"image\":{\"@id\":\"https:\\\/\\\/lequotidien.mr\\\/#\\\/schema\\\/logo\\\/image\\\/\"},\"sameAs\":[\"https:\\\/\\\/web.facebook.com\\\/lequotidienmr\",\"https:\\\/\\\/x.com\\\/lequotidienmr\"]},{\"@type\":\"Person\",\"@id\":\"https:\\\/\\\/lequotidien.mr\\\/#\\\/schema\\\/person\\\/69d1518c74c9137087929a20b1272cb0\",\"name\":\"Alioun M'leiwih\",\"image\":{\"@type\":\"ImageObject\",\"inLanguage\":\"ar\",\"@id\":\"https:\\\/\\\/secure.gravatar.com\\\/avatar\\\/01f9d357222d7d4ca8f71662f4b081718f06d25b11fc45662ecca0622d507e51?s=96&d=mm&r=g\",\"url\":\"https:\\\/\\\/secure.gravatar.com\\\/avatar\\\/01f9d357222d7d4ca8f71662f4b081718f06d25b11fc45662ecca0622d507e51?s=96&d=mm&r=g\",\"contentUrl\":\"https:\\\/\\\/secure.gravatar.com\\\/avatar\\\/01f9d357222d7d4ca8f71662f4b081718f06d25b11fc45662ecca0622d507e51?s=96&d=mm&r=g\",\"caption\":\"Alioun M'leiwih\"},\"sameAs\":[\"https:\\\/\\\/lequotidien.mr\\\/\",\"https:\\\/\\\/web.facebook.com\\\/a.mleiwih\",\"https:\\\/\\\/www.linkedin.com\\\/in\\\/alimlewih\\\/\"],\"url\":\"https:\\\/\\\/lequotidien.mr\\\/?author=3\"}]}<\/script>\n<!-- \/ Yoast SEO plugin. -->","yoast_head_json":{"title":"L\u2019Alg\u00e9rie va financer la construction de la maison de la presse \u00e0 Nouakchott - Le Quotidien de Nouakchott","robots":{"index":"index","follow":"follow","max-snippet":"max-snippet:-1","max-image-preview":"max-image-preview:large","max-video-preview":"max-video-preview:-1"},"canonical":"https:\/\/lequotidien.mr\/?p=16141&lang=fr","og_locale":"ar_AR","og_type":"article","og_title":"L\u2019Alg\u00e9rie va financer la construction de la maison de la presse \u00e0 Nouakchott - Le Quotidien de Nouakchott","og_description":"Le pr\u00e9sident alg\u00e9rien, Abdelmadjid Tebboune, a annonc\u00e9 la construction imminente d&#8217;une maison de la presse mauritanienne \u00e0 Nouakchott, financ\u00e9e par l&#8217;Alg\u00e9rie. Cette annonce intervient dans un contexte pas lointain o\u00f9 les relations entre certains m\u00e9dias locaux et l&#8217;Alg\u00e9rie ont \u00e9t\u00e9 marqu\u00e9es par une certaine m\u00e9fiance, avec des accusations de partialit\u00e9 en faveur du voisin de.....","og_url":"https:\/\/lequotidien.mr\/?p=16141&lang=fr","og_site_name":"Le Quotidien de Nouakchott","article_publisher":"https:\/\/web.facebook.com\/lequotidienmr","article_author":"https:\/\/web.facebook.com\/a.mleiwih","article_published_time":"2024-02-25T09:35:07+00:00","article_modified_time":"2024-02-25T11:15:37+00:00","og_image":[{"width":292,"height":172,"url":"https:\/\/lequotidien.mr\/wp-content\/uploads\/2024\/02\/IMG-20240224-WA0044.jpg","type":"image\/jpeg"}],"author":"Alioun M'leiwih","twitter_card":"summary_large_image","twitter_creator":"@lequotidienmr","twitter_site":"@lequotidienmr","twitter_misc":{"\u0643\u064f\u062a\u0628 \u0628\u0648\u0627\u0633\u0637\u0629":"Alioun M'leiwih","\u0648\u0642\u062a \u0627\u0644\u0642\u0631\u0627\u0621\u0629 \u0627\u0644\u0645\u064f\u0642\u062f\u0651\u0631":"\u062f\u0642\u064a\u0642\u062a\u0627\u0646"},"schema":{"@context":"https:\/\/schema.org","@graph":[{"@type":"Article","@id":"https:\/\/lequotidien.mr\/?p=16141&lang=fr#article","isPartOf":{"@id":"https:\/\/lequotidien.mr\/?p=16141&lang=fr"},"author":{"name":"Alioun M'leiwih","@id":"https:\/\/lequotidien.mr\/#\/schema\/person\/69d1518c74c9137087929a20b1272cb0"},"headline":"L\u2019Alg\u00e9rie va financer la construction de la maison de la presse \u00e0 Nouakchott","datePublished":"2024-02-25T09:35:07+00:00","dateModified":"2024-02-25T11:15:37+00:00","mainEntityOfPage":{"@id":"https:\/\/lequotidien.mr\/?p=16141&lang=fr"},"wordCount":365,"commentCount":0,"publisher":{"@id":"https:\/\/lequotidien.mr\/#organization"},"image":{"@id":"https:\/\/lequotidien.mr\/?p=16141&lang=fr#primaryimage"},"thumbnailUrl":"https:\/\/lequotidien.mr\/wp-content\/uploads\/2024\/02\/IMG-20240224-WA0044.jpg","articleSection":["ACTUALIT\u00c9","Economie"],"inLanguage":"ar","potentialAction":[{"@type":"CommentAction","name":"Comment","target":["https:\/\/lequotidien.mr\/?p=16141&lang=fr#respond"]}]},{"@type":"WebPage","@id":"https:\/\/lequotidien.mr\/?p=16141&lang=fr","url":"https:\/\/lequotidien.mr\/?p=16141&lang=fr","name":"L\u2019Alg\u00e9rie va financer la construction de la maison de la presse \u00e0 Nouakchott - Le Quotidien de Nouakchott","isPartOf":{"@id":"https:\/\/lequotidien.mr\/#website"},"primaryImageOfPage":{"@id":"https:\/\/lequotidien.mr\/?p=16141&lang=fr#primaryimage"},"image":{"@id":"https:\/\/lequotidien.mr\/?p=16141&lang=fr#primaryimage"},"thumbnailUrl":"https:\/\/lequotidien.mr\/wp-content\/uploads\/2024\/02\/IMG-20240224-WA0044.jpg","datePublished":"2024-02-25T09:35:07+00:00","dateModified":"2024-02-25T11:15:37+00:00","breadcrumb":{"@id":"https:\/\/lequotidien.mr\/?p=16141&lang=fr#breadcrumb"},"inLanguage":"ar","potentialAction":[{"@type":"ReadAction","target":["https:\/\/lequotidien.mr\/?p=16141&lang=fr"]}]},{"@type":"ImageObject","inLanguage":"ar","@id":"https:\/\/lequotidien.mr\/?p=16141&lang=fr#primaryimage","url":"https:\/\/lequotidien.mr\/wp-content\/uploads\/2024\/02\/IMG-20240224-WA0044.jpg","contentUrl":"https:\/\/lequotidien.mr\/wp-content\/uploads\/2024\/02\/IMG-20240224-WA0044.jpg","width":292,"height":172},{"@type":"BreadcrumbList","@id":"https:\/\/lequotidien.mr\/?p=16141&lang=fr#breadcrumb","itemListElement":[{"@type":"ListItem","position":1,"name":"Home","item":"https:\/\/lequotidien.mr\/"},{"@type":"ListItem","position":2,"name":"L\u2019Alg\u00e9rie va financer la construction de la maison de la presse \u00e0 Nouakchott"}]},{"@type":"WebSite","@id":"https:\/\/lequotidien.mr\/#website","url":"https:\/\/lequotidien.mr\/","name":"Le Quotidien de Nouakchott","description":"\u0625\u062e\u0628\u0627\u0631\u064a\u0629 \u0645\u0633\u062a\u0642\u0644\u0629 \u0644\u0644\u0623\u0646\u0628\u0627\u0621 \u0627\u0644\u0639\u0627\u0645\u0629","publisher":{"@id":"https:\/\/lequotidien.mr\/#organization"},"potentialAction":[{"@type":"SearchAction","target":{"@type":"EntryPoint","urlTemplate":"https:\/\/lequotidien.mr\/?s={search_term_string}"},"query-input":{"@type":"PropertyValueSpecification","valueRequired":true,"valueName":"search_term_string"}}],"inLanguage":"ar"},{"@type":"Organization","@id":"https:\/\/lequotidien.mr\/#organization","name":"Le Quotidien de Nouakchott","url":"https:\/\/lequotidien.mr\/","logo":{"@type":"ImageObject","inLanguage":"ar","@id":"https:\/\/lequotidien.mr\/#\/schema\/logo\/image\/","url":"https:\/\/lequotidien.mr\/wp-content\/uploads\/2022\/11\/logolequotidien.jpg","contentUrl":"https:\/\/lequotidien.mr\/wp-content\/uploads\/2022\/11\/logolequotidien.jpg","width":290,"height":65,"caption":"Le Quotidien de Nouakchott"},"image":{"@id":"https:\/\/lequotidien.mr\/#\/schema\/logo\/image\/"},"sameAs":["https:\/\/web.facebook.com\/lequotidienmr","https:\/\/x.com\/lequotidienmr"]},{"@type":"Person","@id":"https:\/\/lequotidien.mr\/#\/schema\/person\/69d1518c74c9137087929a20b1272cb0","name":"Alioun M'leiwih","image":{"@type":"ImageObject","inLanguage":"ar","@id":"https:\/\/secure.gravatar.com\/avatar\/01f9d357222d7d4ca8f71662f4b081718f06d25b11fc45662ecca0622d507e51?s=96&d=mm&r=g","url":"https:\/\/secure.gravatar.com\/avatar\/01f9d357222d7d4ca8f71662f4b081718f06d25b11fc45662ecca0622d507e51?s=96&d=mm&r=g","contentUrl":"https:\/\/secure.gravatar.com\/avatar\/01f9d357222d7d4ca8f71662f4b081718f06d25b11fc45662ecca0622d507e51?s=96&d=mm&r=g","caption":"Alioun M'leiwih"},"sameAs":["https:\/\/lequotidien.mr\/","https:\/\/web.facebook.com\/a.mleiwih","https:\/\/www.linkedin.com\/in\/alimlewih\/"],"url":"https:\/\/lequotidien.mr\/?author=3"}]}},"_links":{"self":[{"href":"https:\/\/lequotidien.mr\/index.php?rest_route=\/wp\/v2\/posts\/16141","targetHints":{"allow":["GET"]}}],"collection":[{"href":"https:\/\/lequotidien.mr\/index.php?rest_route=\/wp\/v2\/posts"}],"about":[{"href":"https:\/\/lequotidien.mr\/index.php?rest_route=\/wp\/v2\/types\/post"}],"author":[{"embeddable":true,"href":"https:\/\/lequotidien.mr\/index.php?rest_route=\/wp\/v2\/users\/3"}],"replies":[{"embeddable":true,"href":"https:\/\/lequotidien.mr\/index.php?rest_route=%2Fwp%2Fv2%2Fcomments&post=16141"}],"version-history":[{"count":2,"href":"https:\/\/lequotidien.mr\/index.php?rest_route=\/wp\/v2\/posts\/16141\/revisions"}],"predecessor-version":[{"id":16145,"href":"https:\/\/lequotidien.mr\/index.php?rest_route=\/wp\/v2\/posts\/16141\/revisions\/16145"}],"wp:featuredmedia":[{"embeddable":true,"href":"https:\/\/lequotidien.mr\/index.php?rest_route=\/wp\/v2\/media\/16142"}],"wp:attachment":[{"href":"https:\/\/lequotidien.mr\/index.php?rest_route=%2Fwp%2Fv2%2Fmedia&parent=16141"}],"wp:term":[{"taxonomy":"category","embeddable":true,"href":"https:\/\/lequotidien.mr\/index.php?rest_route=%2Fwp%2Fv2%2Fcategories&post=16141"},{"taxonomy":"post_tag","embeddable":true,"href":"https:\/\/lequotidien.mr\/index.php?rest_route=%2Fwp%2Fv2%2Ftags&post=16141"}],"curies":[{"name":"wp","href":"https:\/\/api.w.org\/{rel}","templated":true}]}}