{"id":16100,"date":"2024-02-22T11:32:03","date_gmt":"2024-02-22T11:32:03","guid":{"rendered":"https:\/\/lequotidien.mr\/?p=16100"},"modified":"2024-02-22T11:32:03","modified_gmt":"2024-02-22T11:32:03","slug":"ouverture-du-3eme-forum-economique-mauritanien-marocain-a-nouakchott-vers-un-renforcement-des-partenariats-et-des-echanges-economiques","status":"publish","type":"post","link":"https:\/\/lequotidien.mr\/?p=16100&lang=fr","title":{"rendered":"Ouverture du 3\u00e8me forum \u00e9conomique mauritanien-marocain \u00e0 Nouakchott : Vers un renforcement des partenariats et des \u00e9changes \u00e9conomiques"},"content":{"rendered":"<p>La capitale mauritanienne, Nouakchott, a abrit\u00e9 l&#8217;inauguration de la troisi\u00e8me \u00e9dition du Forum \u00c9conomique Mauritanien-Marocain. Cet \u00e9v\u00e9nement important, organis\u00e9 par l&#8217;Union Nationale des Employeurs Mauritaniens et la Conf\u00e9d\u00e9ration G\u00e9n\u00e9rale des Entreprises du Maroc, marque un jalon significatif dans les relations \u00e9conomiques entre les deux pays fr\u00e8res.<\/p>\n<p>Dans son discours inaugural, M. Abdel Salam Ould Mohamed Saleh, ministre de l&#8217;\u00c9conomie et du D\u00e9veloppement Durable, a soulign\u00e9 que ce forum constitue une opportunit\u00e9 cruciale pour renforcer les partenariats et les \u00e9changes entre les acteurs \u00e9conomiques des deux nations. Il a r\u00e9affirm\u00e9 l&#8217;engagement de ces derniers \u00e0 d\u00e9velopper davantage ces relations conform\u00e9ment aux directives des chefs d&#8217;\u00c9tat respectifs, le Pr\u00e9sident Mohamed Ould Cheikh El Ghazouani et Sa Majest\u00e9 le Roi Mohammed VI.<\/p>\n<p>Ould Mohamed Saleh a mis en avant la dynamique positive des relations \u00e9conomiques et commerciales bilat\u00e9rales, qui ont vu leur volume d\u00e9passer 300 millions de dollars. En 2022, ces \u00e9changes ont enregistr\u00e9 une hausse record de plus de 58% par rapport aux ann\u00e9es pr\u00e9c\u00e9dentes, t\u00e9moignant de la vigueur de la coop\u00e9ration \u00e9conomique.<\/p>\n<p>Toutefois, le ministre a soulign\u00e9 que d&#8217;importantes potentialit\u00e9s demeurent inexploit\u00e9es, en particulier dans les domaines de l&#8217;investissement propice \u00e0 l&#8217;int\u00e9gration \u00e9conomique. Il a appel\u00e9 les entrepreneurs et hommes d&#8217;affaires des deux pays \u00e0 explorer des moyens de faciliter l&#8217;exploitation des opportunit\u00e9s d&#8217;investissement attrayantes, en profitant du climat des affaires, favorable et de la stabilit\u00e9 s\u00e9curitaire que conna\u00eet la Mauritanie.<\/p>\n<p>Selon lui, les partenariats d&#8217;investissement dans les secteurs cl\u00e9s tels que l&#8217;agriculture, la p\u00eache, le d\u00e9veloppement de l&#8217;\u00e9levage, les min\u00e9raux et l&#8217;\u00e9nergie, non seulement cr\u00e9ent de la valeur ajout\u00e9e, mais contribuent \u00e9galement \u00e0 la s\u00e9curit\u00e9 alimentaire et \u00e9nerg\u00e9tique &#8211; une priorit\u00e9 commune des deux nations. Ces collaborations stimulent et approfondissent les liens strat\u00e9giques et favorisent l&#8217;int\u00e9gration \u00e9conomique, ouvrant la voie \u00e0 un p\u00f4le \u00e9conomique majeur connect\u00e9 aux march\u00e9s importants d&#8217;Afrique subsaharienne, d&#8217;Europe et d&#8217;Am\u00e9rique.<\/p>\n<p>Ould Mohamed Saleh a \u00e9galement \u00e9voqu\u00e9 le retour de la Mauritanie dans le cadre du programme AGOA (African Growth and Opportunity Act) des \u00c9tats-Unis, offrant aux entrepreneurs et industriels mauritaniens et marocains des opportunit\u00e9s pr\u00e9cieuses pour acc\u00e9der au march\u00e9 am\u00e9ricain sans droits de douane, \u00e0 condition que les produits soient d&#8217;origine mauritanienne.<\/p>\n<p>En conclusion, le ministre a insist\u00e9 sur l&#8217;engagement du gouvernement mauritanien \u00e0 soutenir et encourager davantage de partenariats, d&#8217;\u00e9changes et d&#8217;investissements entre les acteurs des deux pays, au service de l&#8217;int\u00e9r\u00eat commun et pour r\u00e9aliser les aspirations des deux peuples fraternels.<\/p>\n<p>L&#8217;ambassadeur mauritanien au Royaume du Maroc, M. Ahmed Ould Bahiya, a f\u00e9licit\u00e9 l&#8217;Union Nationale du Patronat Mauritanien et la Conf\u00e9d\u00e9ration G\u00e9n\u00e9rale des Entreprises du Maroc pour l&#8217;organisation de cette rencontre. Il a valoris\u00e9 la croissance constante des relations mauritano-marocaines gr\u00e2ce aux directives des dirigeants des deux pays.<\/p>\n<p>Il a exprim\u00e9 sa satisfaction quant aux efforts de coop\u00e9ration entre les secteurs priv\u00e9s des deux pays, affirmant que l&#8217;ambassade mauritanienne au Maroc ne m\u00e9nagera aucun effort pour suivre les accords et les relations de partenariat entre les deux pays.<\/p>\n<p>Pour sa part l&#8217;ambassadeur marocain accr\u00e9dit\u00e9 en Mauritanie, M. Hamid Chabar, a appr\u00e9ci\u00e9 l&#8217;\u00e9volution des relations \u00e9conomiques et des \u00e9changes entre le Maroc et la Mauritanie. Il a pass\u00e9 en revue les secteurs \u00e9conomiques prometteurs de la Mauritanie et a lou\u00e9 les efforts de ce pays dans la stimulation et l&#8217;attraction des investissements.<\/p>\n<p>Il a soulign\u00e9 que cette \u00e9volution des relations est due \u00e0 plusieurs facteurs, notamment la proximit\u00e9 g\u00e9ographique, la convergence culturelle, les routes terrestres et le transport a\u00e9rien, insistant sur la n\u00e9cessit\u00e9 pour les deux pays de d\u00e9velopper des infrastructures permettant aux pays voisins de b\u00e9n\u00e9ficier de l&#8217;espace atlantique.<\/p>\n<p>Le pr\u00e9sident de l&#8217;Union Nationale du Patronat Mauritanien, M. Mohamed Zein El Abidine Ould Cheikh Ahmed, a soulign\u00e9 que l&#8217;organisation de ce forum repr\u00e9sente une pr\u00e9cieuse opportunit\u00e9 pour renforcer les partenariats et augmenter les \u00e9changes et les investissements existants. Il a \u00e9galement soulign\u00e9 l&#8217;opportunit\u00e9 de d\u00e9couvrir davantage les capacit\u00e9s \u00e9conomiques de la Mauritanie et les opportunit\u00e9s d&#8217;investissement disponibles.<\/p>\n<p>Il a mentionn\u00e9 que l&#8217;organisation de ce forum intervient dans un contexte particulier, o\u00f9 le Pr\u00e9sident de la R\u00e9publique, M. Mohamed Ould Cheikh El Ghazouani, a \u00e9t\u00e9 \u00e9lu pr\u00e9sident en exercice de l&#8217;Union Africaine. Le discours du pr\u00e9sident lors de l&#8217;ouverture du sommet a mis l&#8217;accent sur l&#8217;importance du secteur priv\u00e9 et son d\u00e9veloppement.<\/p>\n<p>Le pr\u00e9sident de la Conf\u00e9d\u00e9ration G\u00e9n\u00e9rale des Entreprises du Maroc, M. Chakib Alj, a mis en \u00e9vidence l&#8217;int\u00e9r\u00eat important que les entreprises marocaines portent au march\u00e9 mauritanien, confirmant que la forte pr\u00e9sence de ces entreprises t\u00e9moigne de cet int\u00e9r\u00eat.<\/p>\n<p>Il a d\u00e9clar\u00e9 que cette rencontre donnerait plus de dynamisme aux relations existantes entre les secteurs priv\u00e9s des deux pays, faisant remarquer que la Mauritanie poss\u00e8de des capacit\u00e9s d&#8217;investissement attrayantes dans des domaines comme la p\u00eache, l&#8217;agriculture, les industries agroalimentaires, l&#8217;\u00e9nergie, la sant\u00e9, l&#8217;industrie pharmaceutique, le d\u00e9veloppement des connaissances et la formation, entre autres.<\/p>\n<p>Les sessions de ce forum seront marqu\u00e9es par des pr\u00e9sentations sur le climat des affaires dans les deux pays et les opportunit\u00e9s \u00e9conomiques disponibles.<\/p>\n<p>La c\u00e9r\u00e9monie d&#8217;ouverture du forum s\u2019est d\u00e9roul\u00e9e en pr\u00e9sence du pr\u00e9sident de la Chambre de Commerce, d&#8217;Industrie et d&#8217;Agriculture, M. Cheikh El Afia Ould Mohamed Khouna, et des pr\u00e9sidents des conseils d&#8217;affaires des deux pays.<\/p>\n","protected":false},"excerpt":{"rendered":"<p>La capitale mauritanienne, Nouakchott, a abrit\u00e9 l&#8217;inauguration de la troisi\u00e8me \u00e9dition du Forum \u00c9conomique Mauritanien-Marocain. Cet \u00e9v\u00e9nement important, organis\u00e9 par l&#8217;Union Nationale des Employeurs Mauritaniens et la Conf\u00e9d\u00e9ration G\u00e9n\u00e9rale des Entreprises du Maroc, marque un jalon significatif dans les relations \u00e9conomiques entre les deux pays fr\u00e8res. Dans son discours inaugural, M. Abdel Salam Ould Mohamed&#8230;..<\/p>\n","protected":false},"author":4,"featured_media":16101,"comment_status":"open","ping_status":"open","sticky":false,"template":"","format":"standard","meta":{"footnotes":""},"categories":[23,49,57],"tags":[],"class_list":["post-16100","post","type-post","status-publish","format-standard","has-post-thumbnail","hentry","category-actualite","category-economie","category-couverture-specilale"],"yoast_head":"<!-- This site is optimized with the Yoast SEO plugin v27.5 - https:\/\/yoast.com\/product\/yoast-seo-wordpress\/ -->\n<title>Ouverture du 3\u00e8me forum \u00e9conomique mauritanien-marocain \u00e0 Nouakchott : Vers un renforcement des partenariats et des \u00e9changes \u00e9conomiques - Le Quotidien de Nouakchott<\/title>\n<meta name=\"robots\" content=\"index, follow, max-snippet:-1, max-image-preview:large, max-video-preview:-1\" \/>\n<link rel=\"canonical\" href=\"https:\/\/lequotidien.mr\/?p=16100&lang=fr\" \/>\n<meta property=\"og:locale\" content=\"ar_AR\" \/>\n<meta property=\"og:type\" content=\"article\" \/>\n<meta property=\"og:title\" content=\"Ouverture du 3\u00e8me forum \u00e9conomique mauritanien-marocain \u00e0 Nouakchott : Vers un renforcement des partenariats et des \u00e9changes \u00e9conomiques - Le Quotidien de Nouakchott\" \/>\n<meta property=\"og:description\" content=\"La capitale mauritanienne, Nouakchott, a abrit\u00e9 l&#8217;inauguration de la troisi\u00e8me \u00e9dition du Forum \u00c9conomique Mauritanien-Marocain. Cet \u00e9v\u00e9nement important, organis\u00e9 par l&#8217;Union Nationale des Employeurs Mauritaniens et la Conf\u00e9d\u00e9ration G\u00e9n\u00e9rale des Entreprises du Maroc, marque un jalon significatif dans les relations \u00e9conomiques entre les deux pays fr\u00e8res. Dans son discours inaugural, M. Abdel Salam Ould Mohamed.....\" \/>\n<meta property=\"og:url\" content=\"https:\/\/lequotidien.mr\/?p=16100&amp;lang=fr\" \/>\n<meta property=\"og:site_name\" content=\"Le Quotidien de Nouakchott\" \/>\n<meta property=\"article:publisher\" content=\"https:\/\/web.facebook.com\/lequotidienmr\" \/>\n<meta property=\"article:published_time\" content=\"2024-02-22T11:32:03+00:00\" \/>\n<meta property=\"og:image\" content=\"https:\/\/lequotidien.mr\/wp-content\/uploads\/2024\/02\/mm.jpg\" \/>\n\t<meta property=\"og:image:width\" content=\"1400\" \/>\n\t<meta property=\"og:image:height\" content=\"630\" \/>\n\t<meta property=\"og:image:type\" content=\"image\/jpeg\" \/>\n<meta name=\"author\" content=\"Le Quotidien\" \/>\n<meta name=\"twitter:card\" content=\"summary_large_image\" \/>\n<meta name=\"twitter:creator\" content=\"@lequotidienmr\" \/>\n<meta name=\"twitter:site\" content=\"@lequotidienmr\" \/>\n<meta name=\"twitter:label1\" content=\"\u0643\u064f\u062a\u0628 \u0628\u0648\u0627\u0633\u0637\u0629\" \/>\n\t<meta name=\"twitter:data1\" content=\"Le Quotidien\" \/>\n\t<meta name=\"twitter:label2\" content=\"\u0648\u0642\u062a \u0627\u0644\u0642\u0631\u0627\u0621\u0629 \u0627\u0644\u0645\u064f\u0642\u062f\u0651\u0631\" \/>\n\t<meta name=\"twitter:data2\" content=\"5 \u062f\u0642\u0627\u0626\u0642\" \/>\n<script type=\"application\/ld+json\" class=\"yoast-schema-graph\">{\"@context\":\"https:\\\/\\\/schema.org\",\"@graph\":[{\"@type\":\"Article\",\"@id\":\"https:\\\/\\\/lequotidien.mr\\\/?p=16100&lang=fr#article\",\"isPartOf\":{\"@id\":\"https:\\\/\\\/lequotidien.mr\\\/?p=16100&lang=fr\"},\"author\":{\"name\":\"Le Quotidien\",\"@id\":\"https:\\\/\\\/lequotidien.mr\\\/#\\\/schema\\\/person\\\/f90fcdaa970c60288de4ed2e64a56472\"},\"headline\":\"Ouverture du 3\u00e8me forum \u00e9conomique mauritanien-marocain \u00e0 Nouakchott : Vers un renforcement des partenariats et des \u00e9changes \u00e9conomiques\",\"datePublished\":\"2024-02-22T11:32:03+00:00\",\"mainEntityOfPage\":{\"@id\":\"https:\\\/\\\/lequotidien.mr\\\/?p=16100&lang=fr\"},\"wordCount\":1005,\"commentCount\":0,\"publisher\":{\"@id\":\"https:\\\/\\\/lequotidien.mr\\\/#organization\"},\"image\":{\"@id\":\"https:\\\/\\\/lequotidien.mr\\\/?p=16100&lang=fr#primaryimage\"},\"thumbnailUrl\":\"https:\\\/\\\/lequotidien.mr\\\/wp-content\\\/uploads\\\/2024\\\/02\\\/mm.jpg\",\"articleSection\":[\"ACTUALIT\u00c9\",\"Economie\",\"Couverture sp\u00e9cilale\"],\"inLanguage\":\"ar\",\"potentialAction\":[{\"@type\":\"CommentAction\",\"name\":\"Comment\",\"target\":[\"https:\\\/\\\/lequotidien.mr\\\/?p=16100&lang=fr#respond\"]}]},{\"@type\":\"WebPage\",\"@id\":\"https:\\\/\\\/lequotidien.mr\\\/?p=16100&lang=fr\",\"url\":\"https:\\\/\\\/lequotidien.mr\\\/?p=16100&lang=fr\",\"name\":\"Ouverture du 3\u00e8me forum \u00e9conomique mauritanien-marocain \u00e0 Nouakchott : Vers un renforcement des partenariats et des \u00e9changes \u00e9conomiques - Le Quotidien de Nouakchott\",\"isPartOf\":{\"@id\":\"https:\\\/\\\/lequotidien.mr\\\/#website\"},\"primaryImageOfPage\":{\"@id\":\"https:\\\/\\\/lequotidien.mr\\\/?p=16100&lang=fr#primaryimage\"},\"image\":{\"@id\":\"https:\\\/\\\/lequotidien.mr\\\/?p=16100&lang=fr#primaryimage\"},\"thumbnailUrl\":\"https:\\\/\\\/lequotidien.mr\\\/wp-content\\\/uploads\\\/2024\\\/02\\\/mm.jpg\",\"datePublished\":\"2024-02-22T11:32:03+00:00\",\"breadcrumb\":{\"@id\":\"https:\\\/\\\/lequotidien.mr\\\/?p=16100&lang=fr#breadcrumb\"},\"inLanguage\":\"ar\",\"potentialAction\":[{\"@type\":\"ReadAction\",\"target\":[\"https:\\\/\\\/lequotidien.mr\\\/?p=16100&lang=fr\"]}]},{\"@type\":\"ImageObject\",\"inLanguage\":\"ar\",\"@id\":\"https:\\\/\\\/lequotidien.mr\\\/?p=16100&lang=fr#primaryimage\",\"url\":\"https:\\\/\\\/lequotidien.mr\\\/wp-content\\\/uploads\\\/2024\\\/02\\\/mm.jpg\",\"contentUrl\":\"https:\\\/\\\/lequotidien.mr\\\/wp-content\\\/uploads\\\/2024\\\/02\\\/mm.jpg\",\"width\":1400,\"height\":630},{\"@type\":\"BreadcrumbList\",\"@id\":\"https:\\\/\\\/lequotidien.mr\\\/?p=16100&lang=fr#breadcrumb\",\"itemListElement\":[{\"@type\":\"ListItem\",\"position\":1,\"name\":\"Home\",\"item\":\"https:\\\/\\\/lequotidien.mr\\\/\"},{\"@type\":\"ListItem\",\"position\":2,\"name\":\"Ouverture du 3\u00e8me forum \u00e9conomique mauritanien-marocain \u00e0 Nouakchott : Vers un renforcement des partenariats et des \u00e9changes \u00e9conomiques\"}]},{\"@type\":\"WebSite\",\"@id\":\"https:\\\/\\\/lequotidien.mr\\\/#website\",\"url\":\"https:\\\/\\\/lequotidien.mr\\\/\",\"name\":\"Le Quotidien de Nouakchott\",\"description\":\"\u0625\u062e\u0628\u0627\u0631\u064a\u0629 \u0645\u0633\u062a\u0642\u0644\u0629 \u0644\u0644\u0623\u0646\u0628\u0627\u0621 \u0627\u0644\u0639\u0627\u0645\u0629\",\"publisher\":{\"@id\":\"https:\\\/\\\/lequotidien.mr\\\/#organization\"},\"potentialAction\":[{\"@type\":\"SearchAction\",\"target\":{\"@type\":\"EntryPoint\",\"urlTemplate\":\"https:\\\/\\\/lequotidien.mr\\\/?s={search_term_string}\"},\"query-input\":{\"@type\":\"PropertyValueSpecification\",\"valueRequired\":true,\"valueName\":\"search_term_string\"}}],\"inLanguage\":\"ar\"},{\"@type\":\"Organization\",\"@id\":\"https:\\\/\\\/lequotidien.mr\\\/#organization\",\"name\":\"Le Quotidien de Nouakchott\",\"url\":\"https:\\\/\\\/lequotidien.mr\\\/\",\"logo\":{\"@type\":\"ImageObject\",\"inLanguage\":\"ar\",\"@id\":\"https:\\\/\\\/lequotidien.mr\\\/#\\\/schema\\\/logo\\\/image\\\/\",\"url\":\"https:\\\/\\\/lequotidien.mr\\\/wp-content\\\/uploads\\\/2022\\\/11\\\/logolequotidien.jpg\",\"contentUrl\":\"https:\\\/\\\/lequotidien.mr\\\/wp-content\\\/uploads\\\/2022\\\/11\\\/logolequotidien.jpg\",\"width\":290,\"height\":65,\"caption\":\"Le Quotidien de Nouakchott\"},\"image\":{\"@id\":\"https:\\\/\\\/lequotidien.mr\\\/#\\\/schema\\\/logo\\\/image\\\/\"},\"sameAs\":[\"https:\\\/\\\/web.facebook.com\\\/lequotidienmr\",\"https:\\\/\\\/x.com\\\/lequotidienmr\"]},{\"@type\":\"Person\",\"@id\":\"https:\\\/\\\/lequotidien.mr\\\/#\\\/schema\\\/person\\\/f90fcdaa970c60288de4ed2e64a56472\",\"name\":\"Le Quotidien\",\"image\":{\"@type\":\"ImageObject\",\"inLanguage\":\"ar\",\"@id\":\"https:\\\/\\\/secure.gravatar.com\\\/avatar\\\/374cb39a1a458a912465a93e5a3ce6546886fc3da809a1f10c63e4e8fcbca30f?s=96&d=mm&r=g\",\"url\":\"https:\\\/\\\/secure.gravatar.com\\\/avatar\\\/374cb39a1a458a912465a93e5a3ce6546886fc3da809a1f10c63e4e8fcbca30f?s=96&d=mm&r=g\",\"contentUrl\":\"https:\\\/\\\/secure.gravatar.com\\\/avatar\\\/374cb39a1a458a912465a93e5a3ce6546886fc3da809a1f10c63e4e8fcbca30f?s=96&d=mm&r=g\",\"caption\":\"Le Quotidien\"},\"sameAs\":[\"https:\\\/\\\/lequotidien.mr\\\/\"],\"url\":\"https:\\\/\\\/lequotidien.mr\\\/?author=4\"}]}<\/script>\n<!-- \/ Yoast SEO plugin. -->","yoast_head_json":{"title":"Ouverture du 3\u00e8me forum \u00e9conomique mauritanien-marocain \u00e0 Nouakchott : Vers un renforcement des partenariats et des \u00e9changes \u00e9conomiques - Le Quotidien de Nouakchott","robots":{"index":"index","follow":"follow","max-snippet":"max-snippet:-1","max-image-preview":"max-image-preview:large","max-video-preview":"max-video-preview:-1"},"canonical":"https:\/\/lequotidien.mr\/?p=16100&lang=fr","og_locale":"ar_AR","og_type":"article","og_title":"Ouverture du 3\u00e8me forum \u00e9conomique mauritanien-marocain \u00e0 Nouakchott : Vers un renforcement des partenariats et des \u00e9changes \u00e9conomiques - Le Quotidien de Nouakchott","og_description":"La capitale mauritanienne, Nouakchott, a abrit\u00e9 l&#8217;inauguration de la troisi\u00e8me \u00e9dition du Forum \u00c9conomique Mauritanien-Marocain. Cet \u00e9v\u00e9nement important, organis\u00e9 par l&#8217;Union Nationale des Employeurs Mauritaniens et la Conf\u00e9d\u00e9ration G\u00e9n\u00e9rale des Entreprises du Maroc, marque un jalon significatif dans les relations \u00e9conomiques entre les deux pays fr\u00e8res. Dans son discours inaugural, M. Abdel Salam Ould Mohamed.....","og_url":"https:\/\/lequotidien.mr\/?p=16100&lang=fr","og_site_name":"Le Quotidien de Nouakchott","article_publisher":"https:\/\/web.facebook.com\/lequotidienmr","article_published_time":"2024-02-22T11:32:03+00:00","og_image":[{"width":1400,"height":630,"url":"https:\/\/lequotidien.mr\/wp-content\/uploads\/2024\/02\/mm.jpg","type":"image\/jpeg"}],"author":"Le Quotidien","twitter_card":"summary_large_image","twitter_creator":"@lequotidienmr","twitter_site":"@lequotidienmr","twitter_misc":{"\u0643\u064f\u062a\u0628 \u0628\u0648\u0627\u0633\u0637\u0629":"Le Quotidien","\u0648\u0642\u062a \u0627\u0644\u0642\u0631\u0627\u0621\u0629 \u0627\u0644\u0645\u064f\u0642\u062f\u0651\u0631":"5 \u062f\u0642\u0627\u0626\u0642"},"schema":{"@context":"https:\/\/schema.org","@graph":[{"@type":"Article","@id":"https:\/\/lequotidien.mr\/?p=16100&lang=fr#article","isPartOf":{"@id":"https:\/\/lequotidien.mr\/?p=16100&lang=fr"},"author":{"name":"Le Quotidien","@id":"https:\/\/lequotidien.mr\/#\/schema\/person\/f90fcdaa970c60288de4ed2e64a56472"},"headline":"Ouverture du 3\u00e8me forum \u00e9conomique mauritanien-marocain \u00e0 Nouakchott : Vers un renforcement des partenariats et des \u00e9changes \u00e9conomiques","datePublished":"2024-02-22T11:32:03+00:00","mainEntityOfPage":{"@id":"https:\/\/lequotidien.mr\/?p=16100&lang=fr"},"wordCount":1005,"commentCount":0,"publisher":{"@id":"https:\/\/lequotidien.mr\/#organization"},"image":{"@id":"https:\/\/lequotidien.mr\/?p=16100&lang=fr#primaryimage"},"thumbnailUrl":"https:\/\/lequotidien.mr\/wp-content\/uploads\/2024\/02\/mm.jpg","articleSection":["ACTUALIT\u00c9","Economie","Couverture sp\u00e9cilale"],"inLanguage":"ar","potentialAction":[{"@type":"CommentAction","name":"Comment","target":["https:\/\/lequotidien.mr\/?p=16100&lang=fr#respond"]}]},{"@type":"WebPage","@id":"https:\/\/lequotidien.mr\/?p=16100&lang=fr","url":"https:\/\/lequotidien.mr\/?p=16100&lang=fr","name":"Ouverture du 3\u00e8me forum \u00e9conomique mauritanien-marocain \u00e0 Nouakchott : Vers un renforcement des partenariats et des \u00e9changes \u00e9conomiques - Le Quotidien de Nouakchott","isPartOf":{"@id":"https:\/\/lequotidien.mr\/#website"},"primaryImageOfPage":{"@id":"https:\/\/lequotidien.mr\/?p=16100&lang=fr#primaryimage"},"image":{"@id":"https:\/\/lequotidien.mr\/?p=16100&lang=fr#primaryimage"},"thumbnailUrl":"https:\/\/lequotidien.mr\/wp-content\/uploads\/2024\/02\/mm.jpg","datePublished":"2024-02-22T11:32:03+00:00","breadcrumb":{"@id":"https:\/\/lequotidien.mr\/?p=16100&lang=fr#breadcrumb"},"inLanguage":"ar","potentialAction":[{"@type":"ReadAction","target":["https:\/\/lequotidien.mr\/?p=16100&lang=fr"]}]},{"@type":"ImageObject","inLanguage":"ar","@id":"https:\/\/lequotidien.mr\/?p=16100&lang=fr#primaryimage","url":"https:\/\/lequotidien.mr\/wp-content\/uploads\/2024\/02\/mm.jpg","contentUrl":"https:\/\/lequotidien.mr\/wp-content\/uploads\/2024\/02\/mm.jpg","width":1400,"height":630},{"@type":"BreadcrumbList","@id":"https:\/\/lequotidien.mr\/?p=16100&lang=fr#breadcrumb","itemListElement":[{"@type":"ListItem","position":1,"name":"Home","item":"https:\/\/lequotidien.mr\/"},{"@type":"ListItem","position":2,"name":"Ouverture du 3\u00e8me forum \u00e9conomique mauritanien-marocain \u00e0 Nouakchott : Vers un renforcement des partenariats et des \u00e9changes \u00e9conomiques"}]},{"@type":"WebSite","@id":"https:\/\/lequotidien.mr\/#website","url":"https:\/\/lequotidien.mr\/","name":"Le Quotidien de Nouakchott","description":"\u0625\u062e\u0628\u0627\u0631\u064a\u0629 \u0645\u0633\u062a\u0642\u0644\u0629 \u0644\u0644\u0623\u0646\u0628\u0627\u0621 \u0627\u0644\u0639\u0627\u0645\u0629","publisher":{"@id":"https:\/\/lequotidien.mr\/#organization"},"potentialAction":[{"@type":"SearchAction","target":{"@type":"EntryPoint","urlTemplate":"https:\/\/lequotidien.mr\/?s={search_term_string}"},"query-input":{"@type":"PropertyValueSpecification","valueRequired":true,"valueName":"search_term_string"}}],"inLanguage":"ar"},{"@type":"Organization","@id":"https:\/\/lequotidien.mr\/#organization","name":"Le Quotidien de Nouakchott","url":"https:\/\/lequotidien.mr\/","logo":{"@type":"ImageObject","inLanguage":"ar","@id":"https:\/\/lequotidien.mr\/#\/schema\/logo\/image\/","url":"https:\/\/lequotidien.mr\/wp-content\/uploads\/2022\/11\/logolequotidien.jpg","contentUrl":"https:\/\/lequotidien.mr\/wp-content\/uploads\/2022\/11\/logolequotidien.jpg","width":290,"height":65,"caption":"Le Quotidien de Nouakchott"},"image":{"@id":"https:\/\/lequotidien.mr\/#\/schema\/logo\/image\/"},"sameAs":["https:\/\/web.facebook.com\/lequotidienmr","https:\/\/x.com\/lequotidienmr"]},{"@type":"Person","@id":"https:\/\/lequotidien.mr\/#\/schema\/person\/f90fcdaa970c60288de4ed2e64a56472","name":"Le Quotidien","image":{"@type":"ImageObject","inLanguage":"ar","@id":"https:\/\/secure.gravatar.com\/avatar\/374cb39a1a458a912465a93e5a3ce6546886fc3da809a1f10c63e4e8fcbca30f?s=96&d=mm&r=g","url":"https:\/\/secure.gravatar.com\/avatar\/374cb39a1a458a912465a93e5a3ce6546886fc3da809a1f10c63e4e8fcbca30f?s=96&d=mm&r=g","contentUrl":"https:\/\/secure.gravatar.com\/avatar\/374cb39a1a458a912465a93e5a3ce6546886fc3da809a1f10c63e4e8fcbca30f?s=96&d=mm&r=g","caption":"Le Quotidien"},"sameAs":["https:\/\/lequotidien.mr\/"],"url":"https:\/\/lequotidien.mr\/?author=4"}]}},"_links":{"self":[{"href":"https:\/\/lequotidien.mr\/index.php?rest_route=\/wp\/v2\/posts\/16100","targetHints":{"allow":["GET"]}}],"collection":[{"href":"https:\/\/lequotidien.mr\/index.php?rest_route=\/wp\/v2\/posts"}],"about":[{"href":"https:\/\/lequotidien.mr\/index.php?rest_route=\/wp\/v2\/types\/post"}],"author":[{"embeddable":true,"href":"https:\/\/lequotidien.mr\/index.php?rest_route=\/wp\/v2\/users\/4"}],"replies":[{"embeddable":true,"href":"https:\/\/lequotidien.mr\/index.php?rest_route=%2Fwp%2Fv2%2Fcomments&post=16100"}],"version-history":[{"count":1,"href":"https:\/\/lequotidien.mr\/index.php?rest_route=\/wp\/v2\/posts\/16100\/revisions"}],"predecessor-version":[{"id":16102,"href":"https:\/\/lequotidien.mr\/index.php?rest_route=\/wp\/v2\/posts\/16100\/revisions\/16102"}],"wp:featuredmedia":[{"embeddable":true,"href":"https:\/\/lequotidien.mr\/index.php?rest_route=\/wp\/v2\/media\/16101"}],"wp:attachment":[{"href":"https:\/\/lequotidien.mr\/index.php?rest_route=%2Fwp%2Fv2%2Fmedia&parent=16100"}],"wp:term":[{"taxonomy":"category","embeddable":true,"href":"https:\/\/lequotidien.mr\/index.php?rest_route=%2Fwp%2Fv2%2Fcategories&post=16100"},{"taxonomy":"post_tag","embeddable":true,"href":"https:\/\/lequotidien.mr\/index.php?rest_route=%2Fwp%2Fv2%2Ftags&post=16100"}],"curies":[{"name":"wp","href":"https:\/\/api.w.org\/{rel}","templated":true}]}}