{"id":15933,"date":"2024-02-16T11:54:35","date_gmt":"2024-02-16T11:54:35","guid":{"rendered":"https:\/\/lequotidien.mr\/?p=15933"},"modified":"2024-02-16T11:54:35","modified_gmt":"2024-02-16T11:54:35","slug":"la-banque-mondiale-prend-des-mesures-decisives-pour-renforcer-la-resilience-climatique-dans-la-vallee-du-fleuve-senegal","status":"publish","type":"post","link":"https:\/\/lequotidien.mr\/?p=15933&lang=fr","title":{"rendered":"La Banque mondiale prend des mesures d\u00e9cisives pour renforcer la r\u00e9silience climatique dans la vall\u00e9e du fleuve S\u00e9n\u00e9gal"},"content":{"rendered":"<p>Washington, 13 f\u00e9vrier 2024 \u2013 Dans une d\u00e9marche ambitieuse, le Conseil des administrateurs de la Banque mondiale a donn\u00e9 son feu vert \u00e0 une initiative majeure pour affronter les d\u00e9fis pressants pos\u00e9s par le changement climatique dans la vall\u00e9e du fleuve S\u00e9n\u00e9gal, une r\u00e9gion cruciale pour les \u00e9conomies locales et leurs populations. Avec un financement de 195 millions de dollars de l\u2019Association internationale de d\u00e9veloppement (IDA), le projet de d\u00e9veloppement et de r\u00e9silience de la vall\u00e9e du fleuve S\u00e9n\u00e9gal (PDRVFS) vise \u00e0 b\u00e9n\u00e9ficier \u00e0 pr\u00e8s de 2,9 millions de personnes en Mauritanie et au S\u00e9n\u00e9gal, en mettant un accent particulier sur les femmes, les jeunes et d&#8217;autres parties prenantes.<\/p>\n<p>La r\u00e9gion de la vall\u00e9e du fleuve S\u00e9n\u00e9gal, qui abrite la majorit\u00e9 des terres irrigu\u00e9es des deux pays, est confront\u00e9e \u00e0 des difficult\u00e9s croissantes dues au changement climatique, telles que l&#8217;augmentation des temp\u00e9ratures, des pr\u00e9cipitations irr\u00e9guli\u00e8res, des s\u00e9cheresses, des inondations, la mont\u00e9e du niveau de la mer, la salinisation des sols et de l&#8217;eau, la d\u00e9sertification et la d\u00e9gradation des sols. Ces conditions exacerbent la pauvret\u00e9 et la vuln\u00e9rabilit\u00e9 des communaut\u00e9s riveraines.<\/p>\n<p>Le PDRVFS se concentre sur l&#8217;am\u00e9lioration de l&#8217;acc\u00e8s \u00e0 des infrastructures et services r\u00e9silients aux changements climatiques et int\u00e9gr\u00e9s \u00e0 l&#8217;\u00e9chelle r\u00e9gionale. Le projet ambitionne de transformer la r\u00e9alit\u00e9 socio-\u00e9conomique de cette r\u00e9gion frontali\u00e8re importante par le biais de la cr\u00e9ation d&#8217;emplois de qualit\u00e9, du renforcement de la connectivit\u00e9 et du d\u00e9veloppement \u00e9conomique local.<\/p>\n<p>Chakib Jenane, directeur \u00e0 la Banque mondiale pour le D\u00e9veloppement durable en Afrique de l\u2019Ouest et du Centre, souligne que ce projet repr\u00e9sente une avanc\u00e9e significative pour surmonter les d\u00e9fis complexes du changement climatique et favoriser un d\u00e9veloppement inclusif pour les communaut\u00e9s locales. Les efforts collaboratifs seront essentiels pour r\u00e9aliser les ambitions de d\u00e9veloppement de la r\u00e9gion, comme l&#8217;a rappel\u00e9 le ministre s\u00e9n\u00e9galais de l&#8217;\u00e9conomie et du budget, Mamadou Moustapha Ba, lors d&#8217;un forum r\u00e9gional \u00e0 Saint-Louis du S\u00e9n\u00e9gal.<\/p>\n<p>Le PDRVFS pr\u00e9voit des investissements dans les infrastructures communautaires, l&#8217;am\u00e9lioration des infrastructures d&#8217;irrigation, le soutien aux agriculteurs pour s&#8217;adapter aux changements climatiques, l&#8217;introduction de cultures r\u00e9silientes \u00e0 la s\u00e9cheresse, et la protection de la biodiversit\u00e9. De plus, des initiatives de d\u00e9veloppement des capacit\u00e9s et de partage des connaissances sont pr\u00e9vues pour aider les communaut\u00e9s et institutions \u00e0 mieux comprendre et affronter les impacts du changement climatique.<\/p>\n<p>Boutheina Guermazi, directrice de la Banque mondiale pour l\u2019int\u00e9gration r\u00e9gionale en Afrique et au Moyen-Orient, met en avant l&#8217;approche d&#8217;int\u00e9gration r\u00e9gionale du projet, qui vise \u00e0 surmonter les barri\u00e8res \u00e0 la circulation des personnes, des biens, des services, du capital et des id\u00e9es, tout en d\u00e9veloppant la coh\u00e9sion sociale et l&#8217;inclusion pour combattre les risques climatiques.<\/p>\n<p>Ce projet s&#8217;aligne sur les mesures globales prises suite \u00e0 la COP27, soulignant l&#8217;urgence de l&#8217;adaptation et de l&#8217;att\u00e9nuation des effets du changement climatique. Il repr\u00e9sente un engagement fort de la Banque mondiale envers le d\u00e9veloppement de la r\u00e9silience et des moyens de subsistance durables pour les communaut\u00e9s frontali\u00e8res, en harmonie avec les aspirations des pays affect\u00e9s par ces enjeux mondiaux.<\/p>\n","protected":false},"excerpt":{"rendered":"<p>Washington, 13 f\u00e9vrier 2024 \u2013 Dans une d\u00e9marche ambitieuse, le Conseil des administrateurs de la Banque mondiale a donn\u00e9 son feu vert \u00e0 une initiative majeure pour affronter les d\u00e9fis pressants pos\u00e9s par le changement climatique dans la vall\u00e9e du fleuve S\u00e9n\u00e9gal, une r\u00e9gion cruciale pour les \u00e9conomies locales et leurs populations. Avec un financement&#8230;..<\/p>\n","protected":false},"author":4,"featured_media":15934,"comment_status":"open","ping_status":"open","sticky":false,"template":"","format":"standard","meta":{"footnotes":""},"categories":[23,49,57],"tags":[],"class_list":["post-15933","post","type-post","status-publish","format-standard","has-post-thumbnail","hentry","category-actualite","category-economie","category-couverture-specilale"],"yoast_head":"<!-- This site is optimized with the Yoast SEO plugin v27.5 - https:\/\/yoast.com\/product\/yoast-seo-wordpress\/ -->\n<title>La Banque mondiale prend des mesures d\u00e9cisives pour renforcer la r\u00e9silience climatique dans la vall\u00e9e du fleuve S\u00e9n\u00e9gal - Le Quotidien de Nouakchott<\/title>\n<meta name=\"robots\" content=\"index, follow, max-snippet:-1, max-image-preview:large, max-video-preview:-1\" \/>\n<link rel=\"canonical\" href=\"https:\/\/lequotidien.mr\/?p=15933&lang=fr\" \/>\n<meta property=\"og:locale\" content=\"ar_AR\" \/>\n<meta property=\"og:type\" content=\"article\" \/>\n<meta property=\"og:title\" content=\"La Banque mondiale prend des mesures d\u00e9cisives pour renforcer la r\u00e9silience climatique dans la vall\u00e9e du fleuve S\u00e9n\u00e9gal - Le Quotidien de Nouakchott\" \/>\n<meta property=\"og:description\" content=\"Washington, 13 f\u00e9vrier 2024 \u2013 Dans une d\u00e9marche ambitieuse, le Conseil des administrateurs de la Banque mondiale a donn\u00e9 son feu vert \u00e0 une initiative majeure pour affronter les d\u00e9fis pressants pos\u00e9s par le changement climatique dans la vall\u00e9e du fleuve S\u00e9n\u00e9gal, une r\u00e9gion cruciale pour les \u00e9conomies locales et leurs populations. Avec un financement.....\" \/>\n<meta property=\"og:url\" content=\"https:\/\/lequotidien.mr\/?p=15933&amp;lang=fr\" \/>\n<meta property=\"og:site_name\" content=\"Le Quotidien de Nouakchott\" \/>\n<meta property=\"article:publisher\" content=\"https:\/\/web.facebook.com\/lequotidienmr\" \/>\n<meta property=\"article:published_time\" content=\"2024-02-16T11:54:35+00:00\" \/>\n<meta property=\"og:image\" content=\"https:\/\/lequotidien.mr\/wp-content\/uploads\/2024\/02\/Les-warnings-de-la-Banque-mondiale.jpg\" \/>\n\t<meta property=\"og:image:width\" content=\"780\" \/>\n\t<meta property=\"og:image:height\" content=\"468\" \/>\n\t<meta property=\"og:image:type\" content=\"image\/jpeg\" \/>\n<meta name=\"author\" content=\"Le Quotidien\" \/>\n<meta name=\"twitter:card\" content=\"summary_large_image\" \/>\n<meta name=\"twitter:creator\" content=\"@lequotidienmr\" \/>\n<meta name=\"twitter:site\" content=\"@lequotidienmr\" \/>\n<meta name=\"twitter:label1\" content=\"\u0643\u064f\u062a\u0628 \u0628\u0648\u0627\u0633\u0637\u0629\" \/>\n\t<meta name=\"twitter:data1\" content=\"Le Quotidien\" \/>\n\t<meta name=\"twitter:label2\" content=\"\u0648\u0642\u062a \u0627\u0644\u0642\u0631\u0627\u0621\u0629 \u0627\u0644\u0645\u064f\u0642\u062f\u0651\u0631\" \/>\n\t<meta name=\"twitter:data2\" content=\"3 \u062f\u0642\u0627\u0626\u0642\" \/>\n<script type=\"application\/ld+json\" class=\"yoast-schema-graph\">{\"@context\":\"https:\\\/\\\/schema.org\",\"@graph\":[{\"@type\":\"Article\",\"@id\":\"https:\\\/\\\/lequotidien.mr\\\/?p=15933&lang=fr#article\",\"isPartOf\":{\"@id\":\"https:\\\/\\\/lequotidien.mr\\\/?p=15933&lang=fr\"},\"author\":{\"name\":\"Le Quotidien\",\"@id\":\"https:\\\/\\\/lequotidien.mr\\\/#\\\/schema\\\/person\\\/f90fcdaa970c60288de4ed2e64a56472\"},\"headline\":\"La Banque mondiale prend des mesures d\u00e9cisives pour renforcer la r\u00e9silience climatique dans la vall\u00e9e du fleuve S\u00e9n\u00e9gal\",\"datePublished\":\"2024-02-16T11:54:35+00:00\",\"mainEntityOfPage\":{\"@id\":\"https:\\\/\\\/lequotidien.mr\\\/?p=15933&lang=fr\"},\"wordCount\":611,\"commentCount\":0,\"publisher\":{\"@id\":\"https:\\\/\\\/lequotidien.mr\\\/#organization\"},\"image\":{\"@id\":\"https:\\\/\\\/lequotidien.mr\\\/?p=15933&lang=fr#primaryimage\"},\"thumbnailUrl\":\"https:\\\/\\\/lequotidien.mr\\\/wp-content\\\/uploads\\\/2024\\\/02\\\/Les-warnings-de-la-Banque-mondiale.jpg\",\"articleSection\":[\"ACTUALIT\u00c9\",\"Economie\",\"Couverture sp\u00e9cilale\"],\"inLanguage\":\"ar\",\"potentialAction\":[{\"@type\":\"CommentAction\",\"name\":\"Comment\",\"target\":[\"https:\\\/\\\/lequotidien.mr\\\/?p=15933&lang=fr#respond\"]}]},{\"@type\":\"WebPage\",\"@id\":\"https:\\\/\\\/lequotidien.mr\\\/?p=15933&lang=fr\",\"url\":\"https:\\\/\\\/lequotidien.mr\\\/?p=15933&lang=fr\",\"name\":\"La Banque mondiale prend des mesures d\u00e9cisives pour renforcer la r\u00e9silience climatique dans la vall\u00e9e du fleuve S\u00e9n\u00e9gal - Le Quotidien de Nouakchott\",\"isPartOf\":{\"@id\":\"https:\\\/\\\/lequotidien.mr\\\/#website\"},\"primaryImageOfPage\":{\"@id\":\"https:\\\/\\\/lequotidien.mr\\\/?p=15933&lang=fr#primaryimage\"},\"image\":{\"@id\":\"https:\\\/\\\/lequotidien.mr\\\/?p=15933&lang=fr#primaryimage\"},\"thumbnailUrl\":\"https:\\\/\\\/lequotidien.mr\\\/wp-content\\\/uploads\\\/2024\\\/02\\\/Les-warnings-de-la-Banque-mondiale.jpg\",\"datePublished\":\"2024-02-16T11:54:35+00:00\",\"breadcrumb\":{\"@id\":\"https:\\\/\\\/lequotidien.mr\\\/?p=15933&lang=fr#breadcrumb\"},\"inLanguage\":\"ar\",\"potentialAction\":[{\"@type\":\"ReadAction\",\"target\":[\"https:\\\/\\\/lequotidien.mr\\\/?p=15933&lang=fr\"]}]},{\"@type\":\"ImageObject\",\"inLanguage\":\"ar\",\"@id\":\"https:\\\/\\\/lequotidien.mr\\\/?p=15933&lang=fr#primaryimage\",\"url\":\"https:\\\/\\\/lequotidien.mr\\\/wp-content\\\/uploads\\\/2024\\\/02\\\/Les-warnings-de-la-Banque-mondiale.jpg\",\"contentUrl\":\"https:\\\/\\\/lequotidien.mr\\\/wp-content\\\/uploads\\\/2024\\\/02\\\/Les-warnings-de-la-Banque-mondiale.jpg\",\"width\":780,\"height\":468},{\"@type\":\"BreadcrumbList\",\"@id\":\"https:\\\/\\\/lequotidien.mr\\\/?p=15933&lang=fr#breadcrumb\",\"itemListElement\":[{\"@type\":\"ListItem\",\"position\":1,\"name\":\"Home\",\"item\":\"https:\\\/\\\/lequotidien.mr\\\/\"},{\"@type\":\"ListItem\",\"position\":2,\"name\":\"La Banque mondiale prend des mesures d\u00e9cisives pour renforcer la r\u00e9silience climatique dans la vall\u00e9e du fleuve S\u00e9n\u00e9gal\"}]},{\"@type\":\"WebSite\",\"@id\":\"https:\\\/\\\/lequotidien.mr\\\/#website\",\"url\":\"https:\\\/\\\/lequotidien.mr\\\/\",\"name\":\"Le Quotidien de Nouakchott\",\"description\":\"\u0625\u062e\u0628\u0627\u0631\u064a\u0629 \u0645\u0633\u062a\u0642\u0644\u0629 \u0644\u0644\u0623\u0646\u0628\u0627\u0621 \u0627\u0644\u0639\u0627\u0645\u0629\",\"publisher\":{\"@id\":\"https:\\\/\\\/lequotidien.mr\\\/#organization\"},\"potentialAction\":[{\"@type\":\"SearchAction\",\"target\":{\"@type\":\"EntryPoint\",\"urlTemplate\":\"https:\\\/\\\/lequotidien.mr\\\/?s={search_term_string}\"},\"query-input\":{\"@type\":\"PropertyValueSpecification\",\"valueRequired\":true,\"valueName\":\"search_term_string\"}}],\"inLanguage\":\"ar\"},{\"@type\":\"Organization\",\"@id\":\"https:\\\/\\\/lequotidien.mr\\\/#organization\",\"name\":\"Le Quotidien de Nouakchott\",\"url\":\"https:\\\/\\\/lequotidien.mr\\\/\",\"logo\":{\"@type\":\"ImageObject\",\"inLanguage\":\"ar\",\"@id\":\"https:\\\/\\\/lequotidien.mr\\\/#\\\/schema\\\/logo\\\/image\\\/\",\"url\":\"https:\\\/\\\/lequotidien.mr\\\/wp-content\\\/uploads\\\/2022\\\/11\\\/logolequotidien.jpg\",\"contentUrl\":\"https:\\\/\\\/lequotidien.mr\\\/wp-content\\\/uploads\\\/2022\\\/11\\\/logolequotidien.jpg\",\"width\":290,\"height\":65,\"caption\":\"Le Quotidien de Nouakchott\"},\"image\":{\"@id\":\"https:\\\/\\\/lequotidien.mr\\\/#\\\/schema\\\/logo\\\/image\\\/\"},\"sameAs\":[\"https:\\\/\\\/web.facebook.com\\\/lequotidienmr\",\"https:\\\/\\\/x.com\\\/lequotidienmr\"]},{\"@type\":\"Person\",\"@id\":\"https:\\\/\\\/lequotidien.mr\\\/#\\\/schema\\\/person\\\/f90fcdaa970c60288de4ed2e64a56472\",\"name\":\"Le Quotidien\",\"image\":{\"@type\":\"ImageObject\",\"inLanguage\":\"ar\",\"@id\":\"https:\\\/\\\/secure.gravatar.com\\\/avatar\\\/374cb39a1a458a912465a93e5a3ce6546886fc3da809a1f10c63e4e8fcbca30f?s=96&d=mm&r=g\",\"url\":\"https:\\\/\\\/secure.gravatar.com\\\/avatar\\\/374cb39a1a458a912465a93e5a3ce6546886fc3da809a1f10c63e4e8fcbca30f?s=96&d=mm&r=g\",\"contentUrl\":\"https:\\\/\\\/secure.gravatar.com\\\/avatar\\\/374cb39a1a458a912465a93e5a3ce6546886fc3da809a1f10c63e4e8fcbca30f?s=96&d=mm&r=g\",\"caption\":\"Le Quotidien\"},\"sameAs\":[\"https:\\\/\\\/lequotidien.mr\\\/\"],\"url\":\"https:\\\/\\\/lequotidien.mr\\\/?author=4\"}]}<\/script>\n<!-- \/ Yoast SEO plugin. -->","yoast_head_json":{"title":"La Banque mondiale prend des mesures d\u00e9cisives pour renforcer la r\u00e9silience climatique dans la vall\u00e9e du fleuve S\u00e9n\u00e9gal - Le Quotidien de Nouakchott","robots":{"index":"index","follow":"follow","max-snippet":"max-snippet:-1","max-image-preview":"max-image-preview:large","max-video-preview":"max-video-preview:-1"},"canonical":"https:\/\/lequotidien.mr\/?p=15933&lang=fr","og_locale":"ar_AR","og_type":"article","og_title":"La Banque mondiale prend des mesures d\u00e9cisives pour renforcer la r\u00e9silience climatique dans la vall\u00e9e du fleuve S\u00e9n\u00e9gal - Le Quotidien de Nouakchott","og_description":"Washington, 13 f\u00e9vrier 2024 \u2013 Dans une d\u00e9marche ambitieuse, le Conseil des administrateurs de la Banque mondiale a donn\u00e9 son feu vert \u00e0 une initiative majeure pour affronter les d\u00e9fis pressants pos\u00e9s par le changement climatique dans la vall\u00e9e du fleuve S\u00e9n\u00e9gal, une r\u00e9gion cruciale pour les \u00e9conomies locales et leurs populations. Avec un financement.....","og_url":"https:\/\/lequotidien.mr\/?p=15933&lang=fr","og_site_name":"Le Quotidien de Nouakchott","article_publisher":"https:\/\/web.facebook.com\/lequotidienmr","article_published_time":"2024-02-16T11:54:35+00:00","og_image":[{"width":780,"height":468,"url":"https:\/\/lequotidien.mr\/wp-content\/uploads\/2024\/02\/Les-warnings-de-la-Banque-mondiale.jpg","type":"image\/jpeg"}],"author":"Le Quotidien","twitter_card":"summary_large_image","twitter_creator":"@lequotidienmr","twitter_site":"@lequotidienmr","twitter_misc":{"\u0643\u064f\u062a\u0628 \u0628\u0648\u0627\u0633\u0637\u0629":"Le Quotidien","\u0648\u0642\u062a \u0627\u0644\u0642\u0631\u0627\u0621\u0629 \u0627\u0644\u0645\u064f\u0642\u062f\u0651\u0631":"3 \u062f\u0642\u0627\u0626\u0642"},"schema":{"@context":"https:\/\/schema.org","@graph":[{"@type":"Article","@id":"https:\/\/lequotidien.mr\/?p=15933&lang=fr#article","isPartOf":{"@id":"https:\/\/lequotidien.mr\/?p=15933&lang=fr"},"author":{"name":"Le Quotidien","@id":"https:\/\/lequotidien.mr\/#\/schema\/person\/f90fcdaa970c60288de4ed2e64a56472"},"headline":"La Banque mondiale prend des mesures d\u00e9cisives pour renforcer la r\u00e9silience climatique dans la vall\u00e9e du fleuve S\u00e9n\u00e9gal","datePublished":"2024-02-16T11:54:35+00:00","mainEntityOfPage":{"@id":"https:\/\/lequotidien.mr\/?p=15933&lang=fr"},"wordCount":611,"commentCount":0,"publisher":{"@id":"https:\/\/lequotidien.mr\/#organization"},"image":{"@id":"https:\/\/lequotidien.mr\/?p=15933&lang=fr#primaryimage"},"thumbnailUrl":"https:\/\/lequotidien.mr\/wp-content\/uploads\/2024\/02\/Les-warnings-de-la-Banque-mondiale.jpg","articleSection":["ACTUALIT\u00c9","Economie","Couverture sp\u00e9cilale"],"inLanguage":"ar","potentialAction":[{"@type":"CommentAction","name":"Comment","target":["https:\/\/lequotidien.mr\/?p=15933&lang=fr#respond"]}]},{"@type":"WebPage","@id":"https:\/\/lequotidien.mr\/?p=15933&lang=fr","url":"https:\/\/lequotidien.mr\/?p=15933&lang=fr","name":"La Banque mondiale prend des mesures d\u00e9cisives pour renforcer la r\u00e9silience climatique dans la vall\u00e9e du fleuve S\u00e9n\u00e9gal - Le Quotidien de Nouakchott","isPartOf":{"@id":"https:\/\/lequotidien.mr\/#website"},"primaryImageOfPage":{"@id":"https:\/\/lequotidien.mr\/?p=15933&lang=fr#primaryimage"},"image":{"@id":"https:\/\/lequotidien.mr\/?p=15933&lang=fr#primaryimage"},"thumbnailUrl":"https:\/\/lequotidien.mr\/wp-content\/uploads\/2024\/02\/Les-warnings-de-la-Banque-mondiale.jpg","datePublished":"2024-02-16T11:54:35+00:00","breadcrumb":{"@id":"https:\/\/lequotidien.mr\/?p=15933&lang=fr#breadcrumb"},"inLanguage":"ar","potentialAction":[{"@type":"ReadAction","target":["https:\/\/lequotidien.mr\/?p=15933&lang=fr"]}]},{"@type":"ImageObject","inLanguage":"ar","@id":"https:\/\/lequotidien.mr\/?p=15933&lang=fr#primaryimage","url":"https:\/\/lequotidien.mr\/wp-content\/uploads\/2024\/02\/Les-warnings-de-la-Banque-mondiale.jpg","contentUrl":"https:\/\/lequotidien.mr\/wp-content\/uploads\/2024\/02\/Les-warnings-de-la-Banque-mondiale.jpg","width":780,"height":468},{"@type":"BreadcrumbList","@id":"https:\/\/lequotidien.mr\/?p=15933&lang=fr#breadcrumb","itemListElement":[{"@type":"ListItem","position":1,"name":"Home","item":"https:\/\/lequotidien.mr\/"},{"@type":"ListItem","position":2,"name":"La Banque mondiale prend des mesures d\u00e9cisives pour renforcer la r\u00e9silience climatique dans la vall\u00e9e du fleuve S\u00e9n\u00e9gal"}]},{"@type":"WebSite","@id":"https:\/\/lequotidien.mr\/#website","url":"https:\/\/lequotidien.mr\/","name":"Le Quotidien de Nouakchott","description":"\u0625\u062e\u0628\u0627\u0631\u064a\u0629 \u0645\u0633\u062a\u0642\u0644\u0629 \u0644\u0644\u0623\u0646\u0628\u0627\u0621 \u0627\u0644\u0639\u0627\u0645\u0629","publisher":{"@id":"https:\/\/lequotidien.mr\/#organization"},"potentialAction":[{"@type":"SearchAction","target":{"@type":"EntryPoint","urlTemplate":"https:\/\/lequotidien.mr\/?s={search_term_string}"},"query-input":{"@type":"PropertyValueSpecification","valueRequired":true,"valueName":"search_term_string"}}],"inLanguage":"ar"},{"@type":"Organization","@id":"https:\/\/lequotidien.mr\/#organization","name":"Le Quotidien de Nouakchott","url":"https:\/\/lequotidien.mr\/","logo":{"@type":"ImageObject","inLanguage":"ar","@id":"https:\/\/lequotidien.mr\/#\/schema\/logo\/image\/","url":"https:\/\/lequotidien.mr\/wp-content\/uploads\/2022\/11\/logolequotidien.jpg","contentUrl":"https:\/\/lequotidien.mr\/wp-content\/uploads\/2022\/11\/logolequotidien.jpg","width":290,"height":65,"caption":"Le Quotidien de Nouakchott"},"image":{"@id":"https:\/\/lequotidien.mr\/#\/schema\/logo\/image\/"},"sameAs":["https:\/\/web.facebook.com\/lequotidienmr","https:\/\/x.com\/lequotidienmr"]},{"@type":"Person","@id":"https:\/\/lequotidien.mr\/#\/schema\/person\/f90fcdaa970c60288de4ed2e64a56472","name":"Le Quotidien","image":{"@type":"ImageObject","inLanguage":"ar","@id":"https:\/\/secure.gravatar.com\/avatar\/374cb39a1a458a912465a93e5a3ce6546886fc3da809a1f10c63e4e8fcbca30f?s=96&d=mm&r=g","url":"https:\/\/secure.gravatar.com\/avatar\/374cb39a1a458a912465a93e5a3ce6546886fc3da809a1f10c63e4e8fcbca30f?s=96&d=mm&r=g","contentUrl":"https:\/\/secure.gravatar.com\/avatar\/374cb39a1a458a912465a93e5a3ce6546886fc3da809a1f10c63e4e8fcbca30f?s=96&d=mm&r=g","caption":"Le Quotidien"},"sameAs":["https:\/\/lequotidien.mr\/"],"url":"https:\/\/lequotidien.mr\/?author=4"}]}},"_links":{"self":[{"href":"https:\/\/lequotidien.mr\/index.php?rest_route=\/wp\/v2\/posts\/15933","targetHints":{"allow":["GET"]}}],"collection":[{"href":"https:\/\/lequotidien.mr\/index.php?rest_route=\/wp\/v2\/posts"}],"about":[{"href":"https:\/\/lequotidien.mr\/index.php?rest_route=\/wp\/v2\/types\/post"}],"author":[{"embeddable":true,"href":"https:\/\/lequotidien.mr\/index.php?rest_route=\/wp\/v2\/users\/4"}],"replies":[{"embeddable":true,"href":"https:\/\/lequotidien.mr\/index.php?rest_route=%2Fwp%2Fv2%2Fcomments&post=15933"}],"version-history":[{"count":1,"href":"https:\/\/lequotidien.mr\/index.php?rest_route=\/wp\/v2\/posts\/15933\/revisions"}],"predecessor-version":[{"id":15935,"href":"https:\/\/lequotidien.mr\/index.php?rest_route=\/wp\/v2\/posts\/15933\/revisions\/15935"}],"wp:featuredmedia":[{"embeddable":true,"href":"https:\/\/lequotidien.mr\/index.php?rest_route=\/wp\/v2\/media\/15934"}],"wp:attachment":[{"href":"https:\/\/lequotidien.mr\/index.php?rest_route=%2Fwp%2Fv2%2Fmedia&parent=15933"}],"wp:term":[{"taxonomy":"category","embeddable":true,"href":"https:\/\/lequotidien.mr\/index.php?rest_route=%2Fwp%2Fv2%2Fcategories&post=15933"},{"taxonomy":"post_tag","embeddable":true,"href":"https:\/\/lequotidien.mr\/index.php?rest_route=%2Fwp%2Fv2%2Ftags&post=15933"}],"curies":[{"name":"wp","href":"https:\/\/api.w.org\/{rel}","templated":true}]}}