{"id":15864,"date":"2024-02-14T10:47:27","date_gmt":"2024-02-14T10:47:27","guid":{"rendered":"https:\/\/lequotidien.mr\/?p=15864"},"modified":"2024-02-14T10:47:27","modified_gmt":"2024-02-14T10:47:27","slug":"reunion-houleuse-au-sein-du-parti-au-pouvoir-insaf-un-cri-de-coeur-des-jeunes-militants","status":"publish","type":"post","link":"https:\/\/lequotidien.mr\/?p=15864&lang=fr","title":{"rendered":"R\u00e9union Houleuse au Sein du Parti au Pouvoir INSAF: Un Cri de C\u0153ur des Jeunes Militants"},"content":{"rendered":"<p>Dans une atmosph\u00e8re \u00e9lectrique, le parti au pouvoir INSAF a tenu une r\u00e9union marqu\u00e9e par la pr\u00e9sence \u00a0\u00a0de son leader, Mohammed Ma El Ainin Ould Eyih. Cette rencontre, destin\u00e9e aux jeunes militants du parti, s&#8217;est rapidement transform\u00e9e en une plateforme d&#8217;expression de leur m\u00e9contentement, notamment concernant leur exclusion des sph\u00e8res d\u00e9cisionnelles et leur faible repr\u00e9sentation dans les nominations aux \u00e9lections l\u00e9gislatives et municipales r\u00e9centes.<\/p>\n<p>&nbsp;<\/p>\n<p>L&#8217;assembl\u00e9e, tenue hier, a vu une succession d&#8217;interventions passionn\u00e9es de la part de la jeunesse du parti. Ces derniers ont mis l&#8217;accent sur plusieurs points critiques, notamment l&#8217;emploi, l&#8217;engagement politique et la participation aux d\u00e9cisions. Ils ont exprim\u00e9 leur frustration vis-\u00e0-vis de l&#8217;exclusion syst\u00e9matique des jeunes militants dans les choix de candidatures pour les \u00e9lections, une situation qui a suscit\u00e9 de vives critiques.<\/p>\n<p>&nbsp;<\/p>\n<p>En r\u00e9ponse aux pr\u00e9occupations soulev\u00e9es, Mohammed Ma El Ainin Ould Eyih a tent\u00e9 de rassurer les jeunes militants en soulignant l&#8217;orientation sociale et inclusive du programme du pr\u00e9sident Mohamed Ould Cheikh El Ghazouani. Ce dernier, selon Ould Eyih, priorise les groupes sociaux vuln\u00e9rables, ce qui aurait d\u00e9tourn\u00e9 l&#8217;attention de certaines autres pr\u00e9occupations.<\/p>\n<p>&nbsp;<\/p>\n<p>Ould Eyih a \u00e9galement rappel\u00e9 que le pr\u00e9sident Ould Ghazouani se consid\u00e8re comme le pr\u00e9sident de tous les Mauritaniens, et non exclusivement du parti INSAF. Il a promis que les dol\u00e9ances des jeunes seraient prises en compte et trait\u00e9es \u00e0 l&#8217;avenir, dans un effort pour r\u00e9tablir l&#8217;harmonie au sein du parti et renforcer l&#8217;implication des jeunes dans la politique mauritanienne.<\/p>\n<p>&nbsp;<\/p>\n<p>Cette r\u00e9union houleuse r\u00e9v\u00e8le les tensions internes au sein du parti au pouvoir \u00e0 quelques mois de l\u2019\u00e9lection pr\u00e9sidentielle et met en lumi\u00e8re le d\u00e9fi constant de l&#8217;inclusion des jeunes dans le processus politique. L&#8217;engagement pris par le leader du parti de r\u00e9pondre aux pr\u00e9occupations de la jeunesse est un pas vers la r\u00e9conciliation, mais seule l&#8217;action concr\u00e8te d\u00e9terminera si ces promesses seront tenues.<\/p>\n","protected":false},"excerpt":{"rendered":"<p>Dans une atmosph\u00e8re \u00e9lectrique, le parti au pouvoir INSAF a tenu une r\u00e9union marqu\u00e9e par la pr\u00e9sence \u00a0\u00a0de son leader, Mohammed Ma El Ainin Ould Eyih. Cette rencontre, destin\u00e9e aux jeunes militants du parti, s&#8217;est rapidement transform\u00e9e en une plateforme d&#8217;expression de leur m\u00e9contentement, notamment concernant leur exclusion des sph\u00e8res d\u00e9cisionnelles et leur faible repr\u00e9sentation&#8230;..<\/p>\n","protected":false},"author":4,"featured_media":15865,"comment_status":"open","ping_status":"open","sticky":false,"template":"","format":"standard","meta":{"footnotes":""},"categories":[23,57],"tags":[],"class_list":["post-15864","post","type-post","status-publish","format-standard","has-post-thumbnail","hentry","category-actualite","category-couverture-specilale"],"yoast_head":"<!-- This site is optimized with the Yoast SEO plugin v27.5 - https:\/\/yoast.com\/product\/yoast-seo-wordpress\/ -->\n<title>R\u00e9union Houleuse au Sein du Parti au Pouvoir INSAF: Un Cri de C\u0153ur des Jeunes Militants - Le Quotidien de Nouakchott<\/title>\n<meta name=\"robots\" content=\"index, follow, max-snippet:-1, max-image-preview:large, max-video-preview:-1\" \/>\n<link rel=\"canonical\" href=\"https:\/\/lequotidien.mr\/?p=15864&lang=fr\" \/>\n<meta property=\"og:locale\" content=\"ar_AR\" \/>\n<meta property=\"og:type\" content=\"article\" \/>\n<meta property=\"og:title\" content=\"R\u00e9union Houleuse au Sein du Parti au Pouvoir INSAF: Un Cri de C\u0153ur des Jeunes Militants - Le Quotidien de Nouakchott\" \/>\n<meta property=\"og:description\" content=\"Dans une atmosph\u00e8re \u00e9lectrique, le parti au pouvoir INSAF a tenu une r\u00e9union marqu\u00e9e par la pr\u00e9sence \u00a0\u00a0de son leader, Mohammed Ma El Ainin Ould Eyih. Cette rencontre, destin\u00e9e aux jeunes militants du parti, s&#8217;est rapidement transform\u00e9e en une plateforme d&#8217;expression de leur m\u00e9contentement, notamment concernant leur exclusion des sph\u00e8res d\u00e9cisionnelles et leur faible repr\u00e9sentation.....\" \/>\n<meta property=\"og:url\" content=\"https:\/\/lequotidien.mr\/?p=15864&amp;lang=fr\" \/>\n<meta property=\"og:site_name\" content=\"Le Quotidien de Nouakchott\" \/>\n<meta property=\"article:publisher\" content=\"https:\/\/web.facebook.com\/lequotidienmr\" \/>\n<meta property=\"article:published_time\" content=\"2024-02-14T10:47:27+00:00\" \/>\n<meta property=\"og:image\" content=\"https:\/\/lequotidien.mr\/wp-content\/uploads\/2024\/02\/insaf.webp\" \/>\n\t<meta property=\"og:image:width\" content=\"1080\" \/>\n\t<meta property=\"og:image:height\" content=\"608\" \/>\n\t<meta property=\"og:image:type\" content=\"image\/webp\" \/>\n<meta name=\"author\" content=\"Le Quotidien\" \/>\n<meta name=\"twitter:card\" content=\"summary_large_image\" \/>\n<meta name=\"twitter:creator\" content=\"@lequotidienmr\" \/>\n<meta name=\"twitter:site\" content=\"@lequotidienmr\" \/>\n<meta name=\"twitter:label1\" content=\"\u0643\u064f\u062a\u0628 \u0628\u0648\u0627\u0633\u0637\u0629\" \/>\n\t<meta name=\"twitter:data1\" content=\"Le Quotidien\" \/>\n\t<meta name=\"twitter:label2\" content=\"\u0648\u0642\u062a \u0627\u0644\u0642\u0631\u0627\u0621\u0629 \u0627\u0644\u0645\u064f\u0642\u062f\u0651\u0631\" \/>\n\t<meta name=\"twitter:data2\" content=\"\u062f\u0642\u064a\u0642\u062a\u0627\u0646\" \/>\n<script type=\"application\/ld+json\" class=\"yoast-schema-graph\">{\"@context\":\"https:\\\/\\\/schema.org\",\"@graph\":[{\"@type\":\"Article\",\"@id\":\"https:\\\/\\\/lequotidien.mr\\\/?p=15864&lang=fr#article\",\"isPartOf\":{\"@id\":\"https:\\\/\\\/lequotidien.mr\\\/?p=15864&lang=fr\"},\"author\":{\"name\":\"Le Quotidien\",\"@id\":\"https:\\\/\\\/lequotidien.mr\\\/#\\\/schema\\\/person\\\/f90fcdaa970c60288de4ed2e64a56472\"},\"headline\":\"R\u00e9union Houleuse au Sein du Parti au Pouvoir INSAF: Un Cri de C\u0153ur des Jeunes Militants\",\"datePublished\":\"2024-02-14T10:47:27+00:00\",\"mainEntityOfPage\":{\"@id\":\"https:\\\/\\\/lequotidien.mr\\\/?p=15864&lang=fr\"},\"wordCount\":381,\"commentCount\":0,\"publisher\":{\"@id\":\"https:\\\/\\\/lequotidien.mr\\\/#organization\"},\"image\":{\"@id\":\"https:\\\/\\\/lequotidien.mr\\\/?p=15864&lang=fr#primaryimage\"},\"thumbnailUrl\":\"https:\\\/\\\/lequotidien.mr\\\/wp-content\\\/uploads\\\/2024\\\/02\\\/insaf.webp\",\"articleSection\":[\"ACTUALIT\u00c9\",\"Couverture sp\u00e9cilale\"],\"inLanguage\":\"ar\",\"potentialAction\":[{\"@type\":\"CommentAction\",\"name\":\"Comment\",\"target\":[\"https:\\\/\\\/lequotidien.mr\\\/?p=15864&lang=fr#respond\"]}]},{\"@type\":\"WebPage\",\"@id\":\"https:\\\/\\\/lequotidien.mr\\\/?p=15864&lang=fr\",\"url\":\"https:\\\/\\\/lequotidien.mr\\\/?p=15864&lang=fr\",\"name\":\"R\u00e9union Houleuse au Sein du Parti au Pouvoir INSAF: Un Cri de C\u0153ur des Jeunes Militants - Le Quotidien de Nouakchott\",\"isPartOf\":{\"@id\":\"https:\\\/\\\/lequotidien.mr\\\/#website\"},\"primaryImageOfPage\":{\"@id\":\"https:\\\/\\\/lequotidien.mr\\\/?p=15864&lang=fr#primaryimage\"},\"image\":{\"@id\":\"https:\\\/\\\/lequotidien.mr\\\/?p=15864&lang=fr#primaryimage\"},\"thumbnailUrl\":\"https:\\\/\\\/lequotidien.mr\\\/wp-content\\\/uploads\\\/2024\\\/02\\\/insaf.webp\",\"datePublished\":\"2024-02-14T10:47:27+00:00\",\"breadcrumb\":{\"@id\":\"https:\\\/\\\/lequotidien.mr\\\/?p=15864&lang=fr#breadcrumb\"},\"inLanguage\":\"ar\",\"potentialAction\":[{\"@type\":\"ReadAction\",\"target\":[\"https:\\\/\\\/lequotidien.mr\\\/?p=15864&lang=fr\"]}]},{\"@type\":\"ImageObject\",\"inLanguage\":\"ar\",\"@id\":\"https:\\\/\\\/lequotidien.mr\\\/?p=15864&lang=fr#primaryimage\",\"url\":\"https:\\\/\\\/lequotidien.mr\\\/wp-content\\\/uploads\\\/2024\\\/02\\\/insaf.webp\",\"contentUrl\":\"https:\\\/\\\/lequotidien.mr\\\/wp-content\\\/uploads\\\/2024\\\/02\\\/insaf.webp\",\"width\":1080,\"height\":608},{\"@type\":\"BreadcrumbList\",\"@id\":\"https:\\\/\\\/lequotidien.mr\\\/?p=15864&lang=fr#breadcrumb\",\"itemListElement\":[{\"@type\":\"ListItem\",\"position\":1,\"name\":\"Home\",\"item\":\"https:\\\/\\\/lequotidien.mr\\\/\"},{\"@type\":\"ListItem\",\"position\":2,\"name\":\"R\u00e9union Houleuse au Sein du Parti au Pouvoir INSAF: Un Cri de C\u0153ur des Jeunes Militants\"}]},{\"@type\":\"WebSite\",\"@id\":\"https:\\\/\\\/lequotidien.mr\\\/#website\",\"url\":\"https:\\\/\\\/lequotidien.mr\\\/\",\"name\":\"Le Quotidien de Nouakchott\",\"description\":\"\u0625\u062e\u0628\u0627\u0631\u064a\u0629 \u0645\u0633\u062a\u0642\u0644\u0629 \u0644\u0644\u0623\u0646\u0628\u0627\u0621 \u0627\u0644\u0639\u0627\u0645\u0629\",\"publisher\":{\"@id\":\"https:\\\/\\\/lequotidien.mr\\\/#organization\"},\"potentialAction\":[{\"@type\":\"SearchAction\",\"target\":{\"@type\":\"EntryPoint\",\"urlTemplate\":\"https:\\\/\\\/lequotidien.mr\\\/?s={search_term_string}\"},\"query-input\":{\"@type\":\"PropertyValueSpecification\",\"valueRequired\":true,\"valueName\":\"search_term_string\"}}],\"inLanguage\":\"ar\"},{\"@type\":\"Organization\",\"@id\":\"https:\\\/\\\/lequotidien.mr\\\/#organization\",\"name\":\"Le Quotidien de Nouakchott\",\"url\":\"https:\\\/\\\/lequotidien.mr\\\/\",\"logo\":{\"@type\":\"ImageObject\",\"inLanguage\":\"ar\",\"@id\":\"https:\\\/\\\/lequotidien.mr\\\/#\\\/schema\\\/logo\\\/image\\\/\",\"url\":\"https:\\\/\\\/lequotidien.mr\\\/wp-content\\\/uploads\\\/2022\\\/11\\\/logolequotidien.jpg\",\"contentUrl\":\"https:\\\/\\\/lequotidien.mr\\\/wp-content\\\/uploads\\\/2022\\\/11\\\/logolequotidien.jpg\",\"width\":290,\"height\":65,\"caption\":\"Le Quotidien de Nouakchott\"},\"image\":{\"@id\":\"https:\\\/\\\/lequotidien.mr\\\/#\\\/schema\\\/logo\\\/image\\\/\"},\"sameAs\":[\"https:\\\/\\\/web.facebook.com\\\/lequotidienmr\",\"https:\\\/\\\/x.com\\\/lequotidienmr\"]},{\"@type\":\"Person\",\"@id\":\"https:\\\/\\\/lequotidien.mr\\\/#\\\/schema\\\/person\\\/f90fcdaa970c60288de4ed2e64a56472\",\"name\":\"Le Quotidien\",\"image\":{\"@type\":\"ImageObject\",\"inLanguage\":\"ar\",\"@id\":\"https:\\\/\\\/secure.gravatar.com\\\/avatar\\\/374cb39a1a458a912465a93e5a3ce6546886fc3da809a1f10c63e4e8fcbca30f?s=96&d=mm&r=g\",\"url\":\"https:\\\/\\\/secure.gravatar.com\\\/avatar\\\/374cb39a1a458a912465a93e5a3ce6546886fc3da809a1f10c63e4e8fcbca30f?s=96&d=mm&r=g\",\"contentUrl\":\"https:\\\/\\\/secure.gravatar.com\\\/avatar\\\/374cb39a1a458a912465a93e5a3ce6546886fc3da809a1f10c63e4e8fcbca30f?s=96&d=mm&r=g\",\"caption\":\"Le Quotidien\"},\"sameAs\":[\"https:\\\/\\\/lequotidien.mr\\\/\"],\"url\":\"https:\\\/\\\/lequotidien.mr\\\/?author=4\"}]}<\/script>\n<!-- \/ Yoast SEO plugin. -->","yoast_head_json":{"title":"R\u00e9union Houleuse au Sein du Parti au Pouvoir INSAF: Un Cri de C\u0153ur des Jeunes Militants - Le Quotidien de Nouakchott","robots":{"index":"index","follow":"follow","max-snippet":"max-snippet:-1","max-image-preview":"max-image-preview:large","max-video-preview":"max-video-preview:-1"},"canonical":"https:\/\/lequotidien.mr\/?p=15864&lang=fr","og_locale":"ar_AR","og_type":"article","og_title":"R\u00e9union Houleuse au Sein du Parti au Pouvoir INSAF: Un Cri de C\u0153ur des Jeunes Militants - Le Quotidien de Nouakchott","og_description":"Dans une atmosph\u00e8re \u00e9lectrique, le parti au pouvoir INSAF a tenu une r\u00e9union marqu\u00e9e par la pr\u00e9sence \u00a0\u00a0de son leader, Mohammed Ma El Ainin Ould Eyih. Cette rencontre, destin\u00e9e aux jeunes militants du parti, s&#8217;est rapidement transform\u00e9e en une plateforme d&#8217;expression de leur m\u00e9contentement, notamment concernant leur exclusion des sph\u00e8res d\u00e9cisionnelles et leur faible repr\u00e9sentation.....","og_url":"https:\/\/lequotidien.mr\/?p=15864&lang=fr","og_site_name":"Le Quotidien de Nouakchott","article_publisher":"https:\/\/web.facebook.com\/lequotidienmr","article_published_time":"2024-02-14T10:47:27+00:00","og_image":[{"width":1080,"height":608,"url":"https:\/\/lequotidien.mr\/wp-content\/uploads\/2024\/02\/insaf.webp","type":"image\/webp"}],"author":"Le Quotidien","twitter_card":"summary_large_image","twitter_creator":"@lequotidienmr","twitter_site":"@lequotidienmr","twitter_misc":{"\u0643\u064f\u062a\u0628 \u0628\u0648\u0627\u0633\u0637\u0629":"Le Quotidien","\u0648\u0642\u062a \u0627\u0644\u0642\u0631\u0627\u0621\u0629 \u0627\u0644\u0645\u064f\u0642\u062f\u0651\u0631":"\u062f\u0642\u064a\u0642\u062a\u0627\u0646"},"schema":{"@context":"https:\/\/schema.org","@graph":[{"@type":"Article","@id":"https:\/\/lequotidien.mr\/?p=15864&lang=fr#article","isPartOf":{"@id":"https:\/\/lequotidien.mr\/?p=15864&lang=fr"},"author":{"name":"Le Quotidien","@id":"https:\/\/lequotidien.mr\/#\/schema\/person\/f90fcdaa970c60288de4ed2e64a56472"},"headline":"R\u00e9union Houleuse au Sein du Parti au Pouvoir INSAF: Un Cri de C\u0153ur des Jeunes Militants","datePublished":"2024-02-14T10:47:27+00:00","mainEntityOfPage":{"@id":"https:\/\/lequotidien.mr\/?p=15864&lang=fr"},"wordCount":381,"commentCount":0,"publisher":{"@id":"https:\/\/lequotidien.mr\/#organization"},"image":{"@id":"https:\/\/lequotidien.mr\/?p=15864&lang=fr#primaryimage"},"thumbnailUrl":"https:\/\/lequotidien.mr\/wp-content\/uploads\/2024\/02\/insaf.webp","articleSection":["ACTUALIT\u00c9","Couverture sp\u00e9cilale"],"inLanguage":"ar","potentialAction":[{"@type":"CommentAction","name":"Comment","target":["https:\/\/lequotidien.mr\/?p=15864&lang=fr#respond"]}]},{"@type":"WebPage","@id":"https:\/\/lequotidien.mr\/?p=15864&lang=fr","url":"https:\/\/lequotidien.mr\/?p=15864&lang=fr","name":"R\u00e9union Houleuse au Sein du Parti au Pouvoir INSAF: Un Cri de C\u0153ur des Jeunes Militants - Le Quotidien de Nouakchott","isPartOf":{"@id":"https:\/\/lequotidien.mr\/#website"},"primaryImageOfPage":{"@id":"https:\/\/lequotidien.mr\/?p=15864&lang=fr#primaryimage"},"image":{"@id":"https:\/\/lequotidien.mr\/?p=15864&lang=fr#primaryimage"},"thumbnailUrl":"https:\/\/lequotidien.mr\/wp-content\/uploads\/2024\/02\/insaf.webp","datePublished":"2024-02-14T10:47:27+00:00","breadcrumb":{"@id":"https:\/\/lequotidien.mr\/?p=15864&lang=fr#breadcrumb"},"inLanguage":"ar","potentialAction":[{"@type":"ReadAction","target":["https:\/\/lequotidien.mr\/?p=15864&lang=fr"]}]},{"@type":"ImageObject","inLanguage":"ar","@id":"https:\/\/lequotidien.mr\/?p=15864&lang=fr#primaryimage","url":"https:\/\/lequotidien.mr\/wp-content\/uploads\/2024\/02\/insaf.webp","contentUrl":"https:\/\/lequotidien.mr\/wp-content\/uploads\/2024\/02\/insaf.webp","width":1080,"height":608},{"@type":"BreadcrumbList","@id":"https:\/\/lequotidien.mr\/?p=15864&lang=fr#breadcrumb","itemListElement":[{"@type":"ListItem","position":1,"name":"Home","item":"https:\/\/lequotidien.mr\/"},{"@type":"ListItem","position":2,"name":"R\u00e9union Houleuse au Sein du Parti au Pouvoir INSAF: Un Cri de C\u0153ur des Jeunes Militants"}]},{"@type":"WebSite","@id":"https:\/\/lequotidien.mr\/#website","url":"https:\/\/lequotidien.mr\/","name":"Le Quotidien de Nouakchott","description":"\u0625\u062e\u0628\u0627\u0631\u064a\u0629 \u0645\u0633\u062a\u0642\u0644\u0629 \u0644\u0644\u0623\u0646\u0628\u0627\u0621 \u0627\u0644\u0639\u0627\u0645\u0629","publisher":{"@id":"https:\/\/lequotidien.mr\/#organization"},"potentialAction":[{"@type":"SearchAction","target":{"@type":"EntryPoint","urlTemplate":"https:\/\/lequotidien.mr\/?s={search_term_string}"},"query-input":{"@type":"PropertyValueSpecification","valueRequired":true,"valueName":"search_term_string"}}],"inLanguage":"ar"},{"@type":"Organization","@id":"https:\/\/lequotidien.mr\/#organization","name":"Le Quotidien de Nouakchott","url":"https:\/\/lequotidien.mr\/","logo":{"@type":"ImageObject","inLanguage":"ar","@id":"https:\/\/lequotidien.mr\/#\/schema\/logo\/image\/","url":"https:\/\/lequotidien.mr\/wp-content\/uploads\/2022\/11\/logolequotidien.jpg","contentUrl":"https:\/\/lequotidien.mr\/wp-content\/uploads\/2022\/11\/logolequotidien.jpg","width":290,"height":65,"caption":"Le Quotidien de Nouakchott"},"image":{"@id":"https:\/\/lequotidien.mr\/#\/schema\/logo\/image\/"},"sameAs":["https:\/\/web.facebook.com\/lequotidienmr","https:\/\/x.com\/lequotidienmr"]},{"@type":"Person","@id":"https:\/\/lequotidien.mr\/#\/schema\/person\/f90fcdaa970c60288de4ed2e64a56472","name":"Le Quotidien","image":{"@type":"ImageObject","inLanguage":"ar","@id":"https:\/\/secure.gravatar.com\/avatar\/374cb39a1a458a912465a93e5a3ce6546886fc3da809a1f10c63e4e8fcbca30f?s=96&d=mm&r=g","url":"https:\/\/secure.gravatar.com\/avatar\/374cb39a1a458a912465a93e5a3ce6546886fc3da809a1f10c63e4e8fcbca30f?s=96&d=mm&r=g","contentUrl":"https:\/\/secure.gravatar.com\/avatar\/374cb39a1a458a912465a93e5a3ce6546886fc3da809a1f10c63e4e8fcbca30f?s=96&d=mm&r=g","caption":"Le Quotidien"},"sameAs":["https:\/\/lequotidien.mr\/"],"url":"https:\/\/lequotidien.mr\/?author=4"}]}},"_links":{"self":[{"href":"https:\/\/lequotidien.mr\/index.php?rest_route=\/wp\/v2\/posts\/15864","targetHints":{"allow":["GET"]}}],"collection":[{"href":"https:\/\/lequotidien.mr\/index.php?rest_route=\/wp\/v2\/posts"}],"about":[{"href":"https:\/\/lequotidien.mr\/index.php?rest_route=\/wp\/v2\/types\/post"}],"author":[{"embeddable":true,"href":"https:\/\/lequotidien.mr\/index.php?rest_route=\/wp\/v2\/users\/4"}],"replies":[{"embeddable":true,"href":"https:\/\/lequotidien.mr\/index.php?rest_route=%2Fwp%2Fv2%2Fcomments&post=15864"}],"version-history":[{"count":1,"href":"https:\/\/lequotidien.mr\/index.php?rest_route=\/wp\/v2\/posts\/15864\/revisions"}],"predecessor-version":[{"id":15866,"href":"https:\/\/lequotidien.mr\/index.php?rest_route=\/wp\/v2\/posts\/15864\/revisions\/15866"}],"wp:featuredmedia":[{"embeddable":true,"href":"https:\/\/lequotidien.mr\/index.php?rest_route=\/wp\/v2\/media\/15865"}],"wp:attachment":[{"href":"https:\/\/lequotidien.mr\/index.php?rest_route=%2Fwp%2Fv2%2Fmedia&parent=15864"}],"wp:term":[{"taxonomy":"category","embeddable":true,"href":"https:\/\/lequotidien.mr\/index.php?rest_route=%2Fwp%2Fv2%2Fcategories&post=15864"},{"taxonomy":"post_tag","embeddable":true,"href":"https:\/\/lequotidien.mr\/index.php?rest_route=%2Fwp%2Fv2%2Ftags&post=15864"}],"curies":[{"name":"wp","href":"https:\/\/api.w.org\/{rel}","templated":true}]}}