{"id":15819,"date":"2024-02-12T12:32:03","date_gmt":"2024-02-12T12:32:03","guid":{"rendered":"https:\/\/lequotidien.mr\/?p=15819"},"modified":"2024-02-12T12:32:03","modified_gmt":"2024-02-12T12:32:03","slug":"impasse-historique-a-lapproche-du-37e-sommet-de-lunion-africaine","status":"publish","type":"post","link":"https:\/\/lequotidien.mr\/?p=15819&lang=fr","title":{"rendered":"Impasse Historique \u00e0 l&#8217;Approche du 37e Sommet de l&#8217;Union Africaine"},"content":{"rendered":"<p>\u00c0 la veille du 37e sommet des chefs d&#8217;\u00c9tat de l&#8217;Union africaine (UA), qui se tiendra les 17 et 18 f\u00e9vrier \u00e0 Addis-Abeba, l&#8217;organisation continentale se trouve dans une situation sans pr\u00e9c\u00e9dent. Pour la premi\u00e8re fois, \u00e0 seulement deux semaines de l&#8217;\u00e9v\u00e9nement, le nom du futur pr\u00e9sident de l&#8217;UA pour l&#8217;ann\u00e9e 2024 demeure une \u00e9nigme, plongeant l&#8217;institution dans une p\u00e9riode d&#8217;incertitude et d&#8217;attente.<\/p>\n<p>Cette ann\u00e9e, il revenait \u00e0 l&#8217;Afrique du Nord de proposer un candidat pour la pr\u00e9sidence tournante, traditionnellement partag\u00e9e entre les diff\u00e9rentes r\u00e9gions du continent. Cependant, cette r\u00e9gion n&#8217;a pas r\u00e9ussi \u00e0 se mettre d&#8217;accord sur un nom, laissant planer le doute sur l&#8217;issue de cette impasse. L&#8217;Alg\u00e9rie et le Maroc, les principaux pr\u00e9tendants, n&#8217;ont pas c\u00e9d\u00e9 l&#8217;un \u00e0 l&#8217;autre, exacerb\u00e9s par des relations bilat\u00e9rales tendues qui ont compliqu\u00e9 la s\u00e9lection d&#8217;un candidat consensuel.<\/p>\n<p>La situation s&#8217;est complexifi\u00e9e \u00e0 tel point que plusieurs chefs d&#8217;\u00c9tat ont sollicit\u00e9 la Mauritanie pour assumer ce r\u00f4le. Cependant, le pr\u00e9sident mauritanien, Mohamed Ould Ghazouani, aurait d\u00e9clin\u00e9 l&#8217;offre, invoquant officiellement la tenue prochaine d&#8217;\u00e9lections pr\u00e9sidentielles dans son pays en juin 2024, bien que d&#8217;autres sources sugg\u00e8rent qu&#8217;il chercherait \u00e9galement \u00e0 \u00e9viter de froisser ou de devoir arbitrer entre ses deux voisins du nord l&#8217;Alg\u00e9rie et le Maroc.<\/p>\n<p>Face \u00e0 ce blocage, l&#8217;attention se tourne d\u00e9sormais vers l&#8217;Angola et son pr\u00e9sident, Jo\u00e3o Louren\u00e7o, qui est pr\u00e9vu pour prendre la pr\u00e9sidence en 2025 au nom de l&#8217;Afrique australe. Selon la tradition, en cas de d\u00e9sistement de la r\u00e9gion d\u00e9sign\u00e9e, c&#8217;est \u00e0 la r\u00e9gion suivante de prendre le relais. Cependant, jusqu&#8217;\u00e0 pr\u00e9sent, l&#8217;Angola a gard\u00e9 une position prudente, indiquant n&#8217;avoir pas \u00e9t\u00e9 officiellement consult\u00e9 sur cette possibilit\u00e9. Tandis que d\u2019autres chefs d\u2019Etat n\u2019ont pas encore baiss\u00e9 les bras et tenteraient toujours de convaincre le pr\u00e9sident mauritanien.<\/p>\n<p>Le d\u00e9nouement de cette situation in\u00e9dite est attendu avec impatience lors de la r\u00e9union des ministres des Affaires \u00e9trang\u00e8res de l&#8217;UA, pr\u00e9vue les 14 et 15 f\u00e9vrier, juste avant le sommet. Cette r\u00e9union cruciale pourrait enfin apporter une r\u00e9ponse \u00e0 la question de la pr\u00e9sidence de l&#8217;UA pour 2024 et mettre fin \u00e0 un suspense qui marque un moment historique pour l&#8217;organisation africaine.<\/p>\n<p>La gestion de cette crise est un test significatif pour l&#8217;UA, qui doit d\u00e9montrer sa capacit\u00e9 \u00e0 surmonter les divisions internes et \u00e0 maintenir son unit\u00e9 face aux d\u00e9fis. Alors que le continent fait face \u00e0 de multiples enjeux, de la s\u00e9curit\u00e9 \u00e0 la sant\u00e9 publique, en passant par le d\u00e9veloppement \u00e9conomique, la r\u00e9solution rapide de cette impasse est cruciale pour la cr\u00e9dibilit\u00e9 et l&#8217;efficacit\u00e9 de l&#8217;Union africaine dans sa mission de promouvoir l&#8217;int\u00e9gration et la coop\u00e9ration africaines.<\/p>\n","protected":false},"excerpt":{"rendered":"<p>\u00c0 la veille du 37e sommet des chefs d&#8217;\u00c9tat de l&#8217;Union africaine (UA), qui se tiendra les 17 et 18 f\u00e9vrier \u00e0 Addis-Abeba, l&#8217;organisation continentale se trouve dans une situation sans pr\u00e9c\u00e9dent. Pour la premi\u00e8re fois, \u00e0 seulement deux semaines de l&#8217;\u00e9v\u00e9nement, le nom du futur pr\u00e9sident de l&#8217;UA pour l&#8217;ann\u00e9e 2024 demeure une \u00e9nigme,&#8230;..<\/p>\n","protected":false},"author":4,"featured_media":15820,"comment_status":"open","ping_status":"open","sticky":false,"template":"","format":"standard","meta":{"footnotes":""},"categories":[23,57],"tags":[],"class_list":["post-15819","post","type-post","status-publish","format-standard","has-post-thumbnail","hentry","category-actualite","category-couverture-specilale"],"yoast_head":"<!-- This site is optimized with the Yoast SEO plugin v27.5 - https:\/\/yoast.com\/product\/yoast-seo-wordpress\/ -->\n<title>Impasse Historique \u00e0 l&#039;Approche du 37e Sommet de l&#039;Union Africaine - Le Quotidien de Nouakchott<\/title>\n<meta name=\"robots\" content=\"index, follow, max-snippet:-1, max-image-preview:large, max-video-preview:-1\" \/>\n<link rel=\"canonical\" href=\"https:\/\/lequotidien.mr\/?p=15819&lang=fr\" \/>\n<meta property=\"og:locale\" content=\"ar_AR\" \/>\n<meta property=\"og:type\" content=\"article\" \/>\n<meta property=\"og:title\" content=\"Impasse Historique \u00e0 l&#039;Approche du 37e Sommet de l&#039;Union Africaine - Le Quotidien de Nouakchott\" \/>\n<meta property=\"og:description\" content=\"\u00c0 la veille du 37e sommet des chefs d&#8217;\u00c9tat de l&#8217;Union africaine (UA), qui se tiendra les 17 et 18 f\u00e9vrier \u00e0 Addis-Abeba, l&#8217;organisation continentale se trouve dans une situation sans pr\u00e9c\u00e9dent. Pour la premi\u00e8re fois, \u00e0 seulement deux semaines de l&#8217;\u00e9v\u00e9nement, le nom du futur pr\u00e9sident de l&#8217;UA pour l&#8217;ann\u00e9e 2024 demeure une \u00e9nigme,.....\" \/>\n<meta property=\"og:url\" content=\"https:\/\/lequotidien.mr\/?p=15819&amp;lang=fr\" \/>\n<meta property=\"og:site_name\" content=\"Le Quotidien de Nouakchott\" \/>\n<meta property=\"article:publisher\" content=\"https:\/\/web.facebook.com\/lequotidienmr\" \/>\n<meta property=\"article:published_time\" content=\"2024-02-12T12:32:03+00:00\" \/>\n<meta property=\"og:image\" content=\"https:\/\/lequotidien.mr\/wp-content\/uploads\/2024\/02\/000_339H9WH.webp\" \/>\n\t<meta property=\"og:image:width\" content=\"980\" \/>\n\t<meta property=\"og:image:height\" content=\"551\" \/>\n\t<meta property=\"og:image:type\" content=\"image\/webp\" \/>\n<meta name=\"author\" content=\"Le Quotidien\" \/>\n<meta name=\"twitter:card\" content=\"summary_large_image\" \/>\n<meta name=\"twitter:creator\" content=\"@lequotidienmr\" \/>\n<meta name=\"twitter:site\" content=\"@lequotidienmr\" \/>\n<meta name=\"twitter:label1\" content=\"\u0643\u064f\u062a\u0628 \u0628\u0648\u0627\u0633\u0637\u0629\" \/>\n\t<meta name=\"twitter:data1\" content=\"Le Quotidien\" \/>\n\t<meta name=\"twitter:label2\" content=\"\u0648\u0642\u062a \u0627\u0644\u0642\u0631\u0627\u0621\u0629 \u0627\u0644\u0645\u064f\u0642\u062f\u0651\u0631\" \/>\n\t<meta name=\"twitter:data2\" content=\"\u062f\u0642\u064a\u0642\u062a\u0627\u0646\" \/>\n<script type=\"application\/ld+json\" class=\"yoast-schema-graph\">{\"@context\":\"https:\\\/\\\/schema.org\",\"@graph\":[{\"@type\":\"Article\",\"@id\":\"https:\\\/\\\/lequotidien.mr\\\/?p=15819&lang=fr#article\",\"isPartOf\":{\"@id\":\"https:\\\/\\\/lequotidien.mr\\\/?p=15819&lang=fr\"},\"author\":{\"name\":\"Le Quotidien\",\"@id\":\"https:\\\/\\\/lequotidien.mr\\\/#\\\/schema\\\/person\\\/f90fcdaa970c60288de4ed2e64a56472\"},\"headline\":\"Impasse Historique \u00e0 l&#8217;Approche du 37e Sommet de l&#8217;Union Africaine\",\"datePublished\":\"2024-02-12T12:32:03+00:00\",\"mainEntityOfPage\":{\"@id\":\"https:\\\/\\\/lequotidien.mr\\\/?p=15819&lang=fr\"},\"wordCount\":517,\"commentCount\":0,\"publisher\":{\"@id\":\"https:\\\/\\\/lequotidien.mr\\\/#organization\"},\"image\":{\"@id\":\"https:\\\/\\\/lequotidien.mr\\\/?p=15819&lang=fr#primaryimage\"},\"thumbnailUrl\":\"https:\\\/\\\/lequotidien.mr\\\/wp-content\\\/uploads\\\/2024\\\/02\\\/000_339H9WH.webp\",\"articleSection\":[\"ACTUALIT\u00c9\",\"Couverture sp\u00e9cilale\"],\"inLanguage\":\"ar\",\"potentialAction\":[{\"@type\":\"CommentAction\",\"name\":\"Comment\",\"target\":[\"https:\\\/\\\/lequotidien.mr\\\/?p=15819&lang=fr#respond\"]}]},{\"@type\":\"WebPage\",\"@id\":\"https:\\\/\\\/lequotidien.mr\\\/?p=15819&lang=fr\",\"url\":\"https:\\\/\\\/lequotidien.mr\\\/?p=15819&lang=fr\",\"name\":\"Impasse Historique \u00e0 l'Approche du 37e Sommet de l'Union Africaine - Le Quotidien de Nouakchott\",\"isPartOf\":{\"@id\":\"https:\\\/\\\/lequotidien.mr\\\/#website\"},\"primaryImageOfPage\":{\"@id\":\"https:\\\/\\\/lequotidien.mr\\\/?p=15819&lang=fr#primaryimage\"},\"image\":{\"@id\":\"https:\\\/\\\/lequotidien.mr\\\/?p=15819&lang=fr#primaryimage\"},\"thumbnailUrl\":\"https:\\\/\\\/lequotidien.mr\\\/wp-content\\\/uploads\\\/2024\\\/02\\\/000_339H9WH.webp\",\"datePublished\":\"2024-02-12T12:32:03+00:00\",\"breadcrumb\":{\"@id\":\"https:\\\/\\\/lequotidien.mr\\\/?p=15819&lang=fr#breadcrumb\"},\"inLanguage\":\"ar\",\"potentialAction\":[{\"@type\":\"ReadAction\",\"target\":[\"https:\\\/\\\/lequotidien.mr\\\/?p=15819&lang=fr\"]}]},{\"@type\":\"ImageObject\",\"inLanguage\":\"ar\",\"@id\":\"https:\\\/\\\/lequotidien.mr\\\/?p=15819&lang=fr#primaryimage\",\"url\":\"https:\\\/\\\/lequotidien.mr\\\/wp-content\\\/uploads\\\/2024\\\/02\\\/000_339H9WH.webp\",\"contentUrl\":\"https:\\\/\\\/lequotidien.mr\\\/wp-content\\\/uploads\\\/2024\\\/02\\\/000_339H9WH.webp\",\"width\":980,\"height\":551},{\"@type\":\"BreadcrumbList\",\"@id\":\"https:\\\/\\\/lequotidien.mr\\\/?p=15819&lang=fr#breadcrumb\",\"itemListElement\":[{\"@type\":\"ListItem\",\"position\":1,\"name\":\"Home\",\"item\":\"https:\\\/\\\/lequotidien.mr\\\/\"},{\"@type\":\"ListItem\",\"position\":2,\"name\":\"Impasse Historique \u00e0 l&#8217;Approche du 37e Sommet de l&#8217;Union Africaine\"}]},{\"@type\":\"WebSite\",\"@id\":\"https:\\\/\\\/lequotidien.mr\\\/#website\",\"url\":\"https:\\\/\\\/lequotidien.mr\\\/\",\"name\":\"Le Quotidien de Nouakchott\",\"description\":\"\u0625\u062e\u0628\u0627\u0631\u064a\u0629 \u0645\u0633\u062a\u0642\u0644\u0629 \u0644\u0644\u0623\u0646\u0628\u0627\u0621 \u0627\u0644\u0639\u0627\u0645\u0629\",\"publisher\":{\"@id\":\"https:\\\/\\\/lequotidien.mr\\\/#organization\"},\"potentialAction\":[{\"@type\":\"SearchAction\",\"target\":{\"@type\":\"EntryPoint\",\"urlTemplate\":\"https:\\\/\\\/lequotidien.mr\\\/?s={search_term_string}\"},\"query-input\":{\"@type\":\"PropertyValueSpecification\",\"valueRequired\":true,\"valueName\":\"search_term_string\"}}],\"inLanguage\":\"ar\"},{\"@type\":\"Organization\",\"@id\":\"https:\\\/\\\/lequotidien.mr\\\/#organization\",\"name\":\"Le Quotidien de Nouakchott\",\"url\":\"https:\\\/\\\/lequotidien.mr\\\/\",\"logo\":{\"@type\":\"ImageObject\",\"inLanguage\":\"ar\",\"@id\":\"https:\\\/\\\/lequotidien.mr\\\/#\\\/schema\\\/logo\\\/image\\\/\",\"url\":\"https:\\\/\\\/lequotidien.mr\\\/wp-content\\\/uploads\\\/2022\\\/11\\\/logolequotidien.jpg\",\"contentUrl\":\"https:\\\/\\\/lequotidien.mr\\\/wp-content\\\/uploads\\\/2022\\\/11\\\/logolequotidien.jpg\",\"width\":290,\"height\":65,\"caption\":\"Le Quotidien de Nouakchott\"},\"image\":{\"@id\":\"https:\\\/\\\/lequotidien.mr\\\/#\\\/schema\\\/logo\\\/image\\\/\"},\"sameAs\":[\"https:\\\/\\\/web.facebook.com\\\/lequotidienmr\",\"https:\\\/\\\/x.com\\\/lequotidienmr\"]},{\"@type\":\"Person\",\"@id\":\"https:\\\/\\\/lequotidien.mr\\\/#\\\/schema\\\/person\\\/f90fcdaa970c60288de4ed2e64a56472\",\"name\":\"Le Quotidien\",\"image\":{\"@type\":\"ImageObject\",\"inLanguage\":\"ar\",\"@id\":\"https:\\\/\\\/secure.gravatar.com\\\/avatar\\\/374cb39a1a458a912465a93e5a3ce6546886fc3da809a1f10c63e4e8fcbca30f?s=96&d=mm&r=g\",\"url\":\"https:\\\/\\\/secure.gravatar.com\\\/avatar\\\/374cb39a1a458a912465a93e5a3ce6546886fc3da809a1f10c63e4e8fcbca30f?s=96&d=mm&r=g\",\"contentUrl\":\"https:\\\/\\\/secure.gravatar.com\\\/avatar\\\/374cb39a1a458a912465a93e5a3ce6546886fc3da809a1f10c63e4e8fcbca30f?s=96&d=mm&r=g\",\"caption\":\"Le Quotidien\"},\"sameAs\":[\"https:\\\/\\\/lequotidien.mr\\\/\"],\"url\":\"https:\\\/\\\/lequotidien.mr\\\/?author=4\"}]}<\/script>\n<!-- \/ Yoast SEO plugin. -->","yoast_head_json":{"title":"Impasse Historique \u00e0 l'Approche du 37e Sommet de l'Union Africaine - Le Quotidien de Nouakchott","robots":{"index":"index","follow":"follow","max-snippet":"max-snippet:-1","max-image-preview":"max-image-preview:large","max-video-preview":"max-video-preview:-1"},"canonical":"https:\/\/lequotidien.mr\/?p=15819&lang=fr","og_locale":"ar_AR","og_type":"article","og_title":"Impasse Historique \u00e0 l'Approche du 37e Sommet de l'Union Africaine - Le Quotidien de Nouakchott","og_description":"\u00c0 la veille du 37e sommet des chefs d&#8217;\u00c9tat de l&#8217;Union africaine (UA), qui se tiendra les 17 et 18 f\u00e9vrier \u00e0 Addis-Abeba, l&#8217;organisation continentale se trouve dans une situation sans pr\u00e9c\u00e9dent. Pour la premi\u00e8re fois, \u00e0 seulement deux semaines de l&#8217;\u00e9v\u00e9nement, le nom du futur pr\u00e9sident de l&#8217;UA pour l&#8217;ann\u00e9e 2024 demeure une \u00e9nigme,.....","og_url":"https:\/\/lequotidien.mr\/?p=15819&lang=fr","og_site_name":"Le Quotidien de Nouakchott","article_publisher":"https:\/\/web.facebook.com\/lequotidienmr","article_published_time":"2024-02-12T12:32:03+00:00","og_image":[{"width":980,"height":551,"url":"https:\/\/lequotidien.mr\/wp-content\/uploads\/2024\/02\/000_339H9WH.webp","type":"image\/webp"}],"author":"Le Quotidien","twitter_card":"summary_large_image","twitter_creator":"@lequotidienmr","twitter_site":"@lequotidienmr","twitter_misc":{"\u0643\u064f\u062a\u0628 \u0628\u0648\u0627\u0633\u0637\u0629":"Le Quotidien","\u0648\u0642\u062a \u0627\u0644\u0642\u0631\u0627\u0621\u0629 \u0627\u0644\u0645\u064f\u0642\u062f\u0651\u0631":"\u062f\u0642\u064a\u0642\u062a\u0627\u0646"},"schema":{"@context":"https:\/\/schema.org","@graph":[{"@type":"Article","@id":"https:\/\/lequotidien.mr\/?p=15819&lang=fr#article","isPartOf":{"@id":"https:\/\/lequotidien.mr\/?p=15819&lang=fr"},"author":{"name":"Le Quotidien","@id":"https:\/\/lequotidien.mr\/#\/schema\/person\/f90fcdaa970c60288de4ed2e64a56472"},"headline":"Impasse Historique \u00e0 l&#8217;Approche du 37e Sommet de l&#8217;Union Africaine","datePublished":"2024-02-12T12:32:03+00:00","mainEntityOfPage":{"@id":"https:\/\/lequotidien.mr\/?p=15819&lang=fr"},"wordCount":517,"commentCount":0,"publisher":{"@id":"https:\/\/lequotidien.mr\/#organization"},"image":{"@id":"https:\/\/lequotidien.mr\/?p=15819&lang=fr#primaryimage"},"thumbnailUrl":"https:\/\/lequotidien.mr\/wp-content\/uploads\/2024\/02\/000_339H9WH.webp","articleSection":["ACTUALIT\u00c9","Couverture sp\u00e9cilale"],"inLanguage":"ar","potentialAction":[{"@type":"CommentAction","name":"Comment","target":["https:\/\/lequotidien.mr\/?p=15819&lang=fr#respond"]}]},{"@type":"WebPage","@id":"https:\/\/lequotidien.mr\/?p=15819&lang=fr","url":"https:\/\/lequotidien.mr\/?p=15819&lang=fr","name":"Impasse Historique \u00e0 l'Approche du 37e Sommet de l'Union Africaine - Le Quotidien de Nouakchott","isPartOf":{"@id":"https:\/\/lequotidien.mr\/#website"},"primaryImageOfPage":{"@id":"https:\/\/lequotidien.mr\/?p=15819&lang=fr#primaryimage"},"image":{"@id":"https:\/\/lequotidien.mr\/?p=15819&lang=fr#primaryimage"},"thumbnailUrl":"https:\/\/lequotidien.mr\/wp-content\/uploads\/2024\/02\/000_339H9WH.webp","datePublished":"2024-02-12T12:32:03+00:00","breadcrumb":{"@id":"https:\/\/lequotidien.mr\/?p=15819&lang=fr#breadcrumb"},"inLanguage":"ar","potentialAction":[{"@type":"ReadAction","target":["https:\/\/lequotidien.mr\/?p=15819&lang=fr"]}]},{"@type":"ImageObject","inLanguage":"ar","@id":"https:\/\/lequotidien.mr\/?p=15819&lang=fr#primaryimage","url":"https:\/\/lequotidien.mr\/wp-content\/uploads\/2024\/02\/000_339H9WH.webp","contentUrl":"https:\/\/lequotidien.mr\/wp-content\/uploads\/2024\/02\/000_339H9WH.webp","width":980,"height":551},{"@type":"BreadcrumbList","@id":"https:\/\/lequotidien.mr\/?p=15819&lang=fr#breadcrumb","itemListElement":[{"@type":"ListItem","position":1,"name":"Home","item":"https:\/\/lequotidien.mr\/"},{"@type":"ListItem","position":2,"name":"Impasse Historique \u00e0 l&#8217;Approche du 37e Sommet de l&#8217;Union Africaine"}]},{"@type":"WebSite","@id":"https:\/\/lequotidien.mr\/#website","url":"https:\/\/lequotidien.mr\/","name":"Le Quotidien de Nouakchott","description":"\u0625\u062e\u0628\u0627\u0631\u064a\u0629 \u0645\u0633\u062a\u0642\u0644\u0629 \u0644\u0644\u0623\u0646\u0628\u0627\u0621 \u0627\u0644\u0639\u0627\u0645\u0629","publisher":{"@id":"https:\/\/lequotidien.mr\/#organization"},"potentialAction":[{"@type":"SearchAction","target":{"@type":"EntryPoint","urlTemplate":"https:\/\/lequotidien.mr\/?s={search_term_string}"},"query-input":{"@type":"PropertyValueSpecification","valueRequired":true,"valueName":"search_term_string"}}],"inLanguage":"ar"},{"@type":"Organization","@id":"https:\/\/lequotidien.mr\/#organization","name":"Le Quotidien de Nouakchott","url":"https:\/\/lequotidien.mr\/","logo":{"@type":"ImageObject","inLanguage":"ar","@id":"https:\/\/lequotidien.mr\/#\/schema\/logo\/image\/","url":"https:\/\/lequotidien.mr\/wp-content\/uploads\/2022\/11\/logolequotidien.jpg","contentUrl":"https:\/\/lequotidien.mr\/wp-content\/uploads\/2022\/11\/logolequotidien.jpg","width":290,"height":65,"caption":"Le Quotidien de Nouakchott"},"image":{"@id":"https:\/\/lequotidien.mr\/#\/schema\/logo\/image\/"},"sameAs":["https:\/\/web.facebook.com\/lequotidienmr","https:\/\/x.com\/lequotidienmr"]},{"@type":"Person","@id":"https:\/\/lequotidien.mr\/#\/schema\/person\/f90fcdaa970c60288de4ed2e64a56472","name":"Le Quotidien","image":{"@type":"ImageObject","inLanguage":"ar","@id":"https:\/\/secure.gravatar.com\/avatar\/374cb39a1a458a912465a93e5a3ce6546886fc3da809a1f10c63e4e8fcbca30f?s=96&d=mm&r=g","url":"https:\/\/secure.gravatar.com\/avatar\/374cb39a1a458a912465a93e5a3ce6546886fc3da809a1f10c63e4e8fcbca30f?s=96&d=mm&r=g","contentUrl":"https:\/\/secure.gravatar.com\/avatar\/374cb39a1a458a912465a93e5a3ce6546886fc3da809a1f10c63e4e8fcbca30f?s=96&d=mm&r=g","caption":"Le Quotidien"},"sameAs":["https:\/\/lequotidien.mr\/"],"url":"https:\/\/lequotidien.mr\/?author=4"}]}},"_links":{"self":[{"href":"https:\/\/lequotidien.mr\/index.php?rest_route=\/wp\/v2\/posts\/15819","targetHints":{"allow":["GET"]}}],"collection":[{"href":"https:\/\/lequotidien.mr\/index.php?rest_route=\/wp\/v2\/posts"}],"about":[{"href":"https:\/\/lequotidien.mr\/index.php?rest_route=\/wp\/v2\/types\/post"}],"author":[{"embeddable":true,"href":"https:\/\/lequotidien.mr\/index.php?rest_route=\/wp\/v2\/users\/4"}],"replies":[{"embeddable":true,"href":"https:\/\/lequotidien.mr\/index.php?rest_route=%2Fwp%2Fv2%2Fcomments&post=15819"}],"version-history":[{"count":1,"href":"https:\/\/lequotidien.mr\/index.php?rest_route=\/wp\/v2\/posts\/15819\/revisions"}],"predecessor-version":[{"id":15821,"href":"https:\/\/lequotidien.mr\/index.php?rest_route=\/wp\/v2\/posts\/15819\/revisions\/15821"}],"wp:featuredmedia":[{"embeddable":true,"href":"https:\/\/lequotidien.mr\/index.php?rest_route=\/wp\/v2\/media\/15820"}],"wp:attachment":[{"href":"https:\/\/lequotidien.mr\/index.php?rest_route=%2Fwp%2Fv2%2Fmedia&parent=15819"}],"wp:term":[{"taxonomy":"category","embeddable":true,"href":"https:\/\/lequotidien.mr\/index.php?rest_route=%2Fwp%2Fv2%2Fcategories&post=15819"},{"taxonomy":"post_tag","embeddable":true,"href":"https:\/\/lequotidien.mr\/index.php?rest_route=%2Fwp%2Fv2%2Ftags&post=15819"}],"curies":[{"name":"wp","href":"https:\/\/api.w.org\/{rel}","templated":true}]}}