{"id":15780,"date":"2024-02-10T12:41:20","date_gmt":"2024-02-10T12:41:20","guid":{"rendered":"https:\/\/lequotidien.mr\/?p=15780"},"modified":"2024-02-10T12:44:14","modified_gmt":"2024-02-10T12:44:14","slug":"finale-de-la-can-2023-apres-idrissa-sar-en-1988-dahane-beida-au-sifflet","status":"publish","type":"post","link":"https:\/\/lequotidien.mr\/?p=15780&lang=fr","title":{"rendered":"Finale de la CAN 2023 : Apr\u00e8s Idrissa Sarr en 1988, Dahane Beida, au sifflet !"},"content":{"rendered":"<p><span style=\"vertical-align: inherit\"><span style=\"vertical-align: inherit\">La CAF a d\u00e9sign\u00e9 le Mauritanien Dahane Beida pour arbitrer le match de la finale de la CAN 2023 entre le Nig\u00e9ria et la C\u00f4te d&#8217;Ivoire, le dimanche 11 f\u00e9vrier 2023, au Stade d&#8217;Ebimp\u00e9. <\/span><span style=\"vertical-align: inherit\">Un remake du match du groupe A, victoire 1-0 par les Super Eagles le 18 janvier dernier. <\/span><span style=\"vertical-align: inherit\">Le sifflet mauritanien r\u00e9ussit ainsi au Sud-Africain Victor Gomes, parti \u00e0 la retraite et qui avait siffl\u00e9 la finale de la derni\u00e8re \u00e9dition.<\/span><\/span><\/p>\n<p><span style=\"vertical-align: inherit\"><span style=\"vertical-align: inherit\">C&#8217;est une d\u00e9signation d&#8217;abord m\u00e9rit\u00e9 pour ce jeune arbitre qui couronne l&#8217;excellent parcours des arbitres mauritaniens durant cette comp\u00e9tition, mais \u00e9galement qui valorise \u00e9galement le football mauritanien dans son ensemble. <\/span><span style=\"vertical-align: inherit\">Il faut noter que lors de la petite finale, le deuxi\u00e8me arbitre mauritanien pr\u00e9sent \u00e0 cette CAN, Abdel Aziz Bouh, \u00e9tait le quatri\u00e8me arbitre de la \u00bd finale qui avait oppos\u00e9 la C\u00f4te d&#8217;Ivoire \u00e0 la RDC. <\/span><\/span><br \/>\n<span style=\"vertical-align: inherit\"><span style=\"vertical-align: inherit\">Durant cette CAN, Dahane Beida a offici\u00e9 lors du match de groupes entre l&#8217;Egypte et le Mozambique (2-2; 4 cartons jaunes distribu\u00e9s) et \u00e0 l&#8217;occasion du 8e de finale entre l&#8217;Angola et la Namibie (3-0 ; 2 cartons jaunes et 2 rouges, dont une expulsion directe). <\/span><\/span><br \/>\n<span style=\"vertical-align: inherit\"><span style=\"vertical-align: inherit\">L&#8217;homme de 32 ans avait d\u00e9j\u00e0 \u00e9t\u00e9 \u00e0 l&#8217;\u0153uvre lors de la CAN 2021 en arbitre lors de la phase de groupes Malawi-Zimbabwe (2-1) et Gabon-Maroc (2-2). <\/span><span style=\"vertical-align: inherit\">Pour rappel, c&#8217;est le Sud-Africain Victor Gomes, d\u00e9sormais retrait\u00e9, qui avait arbitr\u00e9 la derni\u00e8re finale de la CAN entre le S\u00e9n\u00e9gal et l&#8217;Egypte (0-0, 4-2 tab).<\/span><\/span><\/p>\n<p><span style=\"vertical-align: inherit\"><span style=\"vertical-align: inherit\">Il ya lieu de rappeler qu&#8217;en 1988, c&#8217;\u00e9tait un autre Mauritanien du nom d&#8217;Idrissa Sarr qui avait arbitr\u00e9 une finale de CAN, entre le Cameroun et le Nig\u00e9ria, au Maroc. <\/span><span style=\"vertical-align: inherit\">Aujourd&#8217;hui, Dahane suit les traces de son doyen.<\/span><\/span><\/p>\n","protected":false},"excerpt":{"rendered":"<p>La CAF a d\u00e9sign\u00e9 le Mauritanien Dahane Beida pour arbitrer le match de la finale de la CAN 2023 entre le Nig\u00e9ria et la C\u00f4te d&#8217;Ivoire, le dimanche 11 f\u00e9vrier 2023, au Stade d&#8217;Ebimp\u00e9. Un remake du match du groupe A, victoire 1-0 par les Super Eagles le 18 janvier dernier. Le sifflet mauritanien r\u00e9ussit&#8230;..<\/p>\n","protected":false},"author":7,"featured_media":15781,"comment_status":"open","ping_status":"open","sticky":false,"template":"","format":"standard","meta":{"footnotes":""},"categories":[51],"tags":[],"class_list":["post-15780","post","type-post","status-publish","format-standard","has-post-thumbnail","hentry","category-sport"],"yoast_head":"<!-- This site is optimized with the Yoast SEO plugin v27.5 - https:\/\/yoast.com\/product\/yoast-seo-wordpress\/ -->\n<title>Finale de la CAN 2023 : Apr\u00e8s Idrissa Sarr en 1988, Dahane Beida, au sifflet ! - Le Quotidien de Nouakchott<\/title>\n<meta name=\"robots\" content=\"index, follow, max-snippet:-1, max-image-preview:large, max-video-preview:-1\" \/>\n<link rel=\"canonical\" href=\"https:\/\/lequotidien.mr\/?p=15780&lang=fr\" \/>\n<meta property=\"og:locale\" content=\"ar_AR\" \/>\n<meta property=\"og:type\" content=\"article\" \/>\n<meta property=\"og:title\" content=\"Finale de la CAN 2023 : Apr\u00e8s Idrissa Sarr en 1988, Dahane Beida, au sifflet ! - Le Quotidien de Nouakchott\" \/>\n<meta property=\"og:description\" content=\"La CAF a d\u00e9sign\u00e9 le Mauritanien Dahane Beida pour arbitrer le match de la finale de la CAN 2023 entre le Nig\u00e9ria et la C\u00f4te d&#8217;Ivoire, le dimanche 11 f\u00e9vrier 2023, au Stade d&#8217;Ebimp\u00e9. Un remake du match du groupe A, victoire 1-0 par les Super Eagles le 18 janvier dernier. Le sifflet mauritanien r\u00e9ussit.....\" \/>\n<meta property=\"og:url\" content=\"https:\/\/lequotidien.mr\/?p=15780&amp;lang=fr\" \/>\n<meta property=\"og:site_name\" content=\"Le Quotidien de Nouakchott\" \/>\n<meta property=\"article:publisher\" content=\"https:\/\/web.facebook.com\/lequotidienmr\" \/>\n<meta property=\"article:published_time\" content=\"2024-02-10T12:41:20+00:00\" \/>\n<meta property=\"article:modified_time\" content=\"2024-02-10T12:44:14+00:00\" \/>\n<meta property=\"og:image\" content=\"https:\/\/lequotidien.mr\/wp-content\/uploads\/2024\/02\/IS.jpg\" \/>\n\t<meta property=\"og:image:width\" content=\"720\" \/>\n\t<meta property=\"og:image:height\" content=\"489\" \/>\n\t<meta property=\"og:image:type\" content=\"image\/jpeg\" \/>\n<meta name=\"author\" content=\"Hachim El Yemani\" \/>\n<meta name=\"twitter:card\" content=\"summary_large_image\" \/>\n<meta name=\"twitter:creator\" content=\"@lequotidienmr\" \/>\n<meta name=\"twitter:site\" content=\"@lequotidienmr\" \/>\n<meta name=\"twitter:label1\" content=\"\u0643\u064f\u062a\u0628 \u0628\u0648\u0627\u0633\u0637\u0629\" \/>\n\t<meta name=\"twitter:data1\" content=\"Hachim El Yemani\" \/>\n\t<meta name=\"twitter:label2\" content=\"\u0648\u0642\u062a \u0627\u0644\u0642\u0631\u0627\u0621\u0629 \u0627\u0644\u0645\u064f\u0642\u062f\u0651\u0631\" \/>\n\t<meta name=\"twitter:data2\" content=\"\u062f\u0642\u064a\u0642\u0629 \u0648\u0627\u062d\u062f\u0629\" \/>\n<script type=\"application\/ld+json\" class=\"yoast-schema-graph\">{\"@context\":\"https:\\\/\\\/schema.org\",\"@graph\":[{\"@type\":\"Article\",\"@id\":\"https:\\\/\\\/lequotidien.mr\\\/?p=15780&lang=fr#article\",\"isPartOf\":{\"@id\":\"https:\\\/\\\/lequotidien.mr\\\/?p=15780&lang=fr\"},\"author\":{\"name\":\"Hachim El Yemani\",\"@id\":\"https:\\\/\\\/lequotidien.mr\\\/#\\\/schema\\\/person\\\/084fc8a65780dd82fc2dc1b6606ccd93\"},\"headline\":\"Finale de la CAN 2023 : Apr\u00e8s Idrissa Sarr en 1988, Dahane Beida, au sifflet !\",\"datePublished\":\"2024-02-10T12:41:20+00:00\",\"dateModified\":\"2024-02-10T12:44:14+00:00\",\"mainEntityOfPage\":{\"@id\":\"https:\\\/\\\/lequotidien.mr\\\/?p=15780&lang=fr\"},\"wordCount\":311,\"commentCount\":0,\"publisher\":{\"@id\":\"https:\\\/\\\/lequotidien.mr\\\/#organization\"},\"image\":{\"@id\":\"https:\\\/\\\/lequotidien.mr\\\/?p=15780&lang=fr#primaryimage\"},\"thumbnailUrl\":\"https:\\\/\\\/lequotidien.mr\\\/wp-content\\\/uploads\\\/2024\\\/02\\\/IS.jpg\",\"articleSection\":[\"SPORT\"],\"inLanguage\":\"ar\",\"potentialAction\":[{\"@type\":\"CommentAction\",\"name\":\"Comment\",\"target\":[\"https:\\\/\\\/lequotidien.mr\\\/?p=15780&lang=fr#respond\"]}]},{\"@type\":\"WebPage\",\"@id\":\"https:\\\/\\\/lequotidien.mr\\\/?p=15780&lang=fr\",\"url\":\"https:\\\/\\\/lequotidien.mr\\\/?p=15780&lang=fr\",\"name\":\"Finale de la CAN 2023 : Apr\u00e8s Idrissa Sarr en 1988, Dahane Beida, au sifflet ! - Le Quotidien de Nouakchott\",\"isPartOf\":{\"@id\":\"https:\\\/\\\/lequotidien.mr\\\/#website\"},\"primaryImageOfPage\":{\"@id\":\"https:\\\/\\\/lequotidien.mr\\\/?p=15780&lang=fr#primaryimage\"},\"image\":{\"@id\":\"https:\\\/\\\/lequotidien.mr\\\/?p=15780&lang=fr#primaryimage\"},\"thumbnailUrl\":\"https:\\\/\\\/lequotidien.mr\\\/wp-content\\\/uploads\\\/2024\\\/02\\\/IS.jpg\",\"datePublished\":\"2024-02-10T12:41:20+00:00\",\"dateModified\":\"2024-02-10T12:44:14+00:00\",\"breadcrumb\":{\"@id\":\"https:\\\/\\\/lequotidien.mr\\\/?p=15780&lang=fr#breadcrumb\"},\"inLanguage\":\"ar\",\"potentialAction\":[{\"@type\":\"ReadAction\",\"target\":[\"https:\\\/\\\/lequotidien.mr\\\/?p=15780&lang=fr\"]}]},{\"@type\":\"ImageObject\",\"inLanguage\":\"ar\",\"@id\":\"https:\\\/\\\/lequotidien.mr\\\/?p=15780&lang=fr#primaryimage\",\"url\":\"https:\\\/\\\/lequotidien.mr\\\/wp-content\\\/uploads\\\/2024\\\/02\\\/IS.jpg\",\"contentUrl\":\"https:\\\/\\\/lequotidien.mr\\\/wp-content\\\/uploads\\\/2024\\\/02\\\/IS.jpg\",\"width\":720,\"height\":489},{\"@type\":\"BreadcrumbList\",\"@id\":\"https:\\\/\\\/lequotidien.mr\\\/?p=15780&lang=fr#breadcrumb\",\"itemListElement\":[{\"@type\":\"ListItem\",\"position\":1,\"name\":\"Home\",\"item\":\"https:\\\/\\\/lequotidien.mr\\\/\"},{\"@type\":\"ListItem\",\"position\":2,\"name\":\"Finale de la CAN 2023 : Apr\u00e8s Idrissa Sarr en 1988, Dahane Beida, au sifflet !\"}]},{\"@type\":\"WebSite\",\"@id\":\"https:\\\/\\\/lequotidien.mr\\\/#website\",\"url\":\"https:\\\/\\\/lequotidien.mr\\\/\",\"name\":\"Le Quotidien de Nouakchott\",\"description\":\"\u0625\u062e\u0628\u0627\u0631\u064a\u0629 \u0645\u0633\u062a\u0642\u0644\u0629 \u0644\u0644\u0623\u0646\u0628\u0627\u0621 \u0627\u0644\u0639\u0627\u0645\u0629\",\"publisher\":{\"@id\":\"https:\\\/\\\/lequotidien.mr\\\/#organization\"},\"potentialAction\":[{\"@type\":\"SearchAction\",\"target\":{\"@type\":\"EntryPoint\",\"urlTemplate\":\"https:\\\/\\\/lequotidien.mr\\\/?s={search_term_string}\"},\"query-input\":{\"@type\":\"PropertyValueSpecification\",\"valueRequired\":true,\"valueName\":\"search_term_string\"}}],\"inLanguage\":\"ar\"},{\"@type\":\"Organization\",\"@id\":\"https:\\\/\\\/lequotidien.mr\\\/#organization\",\"name\":\"Le Quotidien de Nouakchott\",\"url\":\"https:\\\/\\\/lequotidien.mr\\\/\",\"logo\":{\"@type\":\"ImageObject\",\"inLanguage\":\"ar\",\"@id\":\"https:\\\/\\\/lequotidien.mr\\\/#\\\/schema\\\/logo\\\/image\\\/\",\"url\":\"https:\\\/\\\/lequotidien.mr\\\/wp-content\\\/uploads\\\/2022\\\/11\\\/logolequotidien.jpg\",\"contentUrl\":\"https:\\\/\\\/lequotidien.mr\\\/wp-content\\\/uploads\\\/2022\\\/11\\\/logolequotidien.jpg\",\"width\":290,\"height\":65,\"caption\":\"Le Quotidien de Nouakchott\"},\"image\":{\"@id\":\"https:\\\/\\\/lequotidien.mr\\\/#\\\/schema\\\/logo\\\/image\\\/\"},\"sameAs\":[\"https:\\\/\\\/web.facebook.com\\\/lequotidienmr\",\"https:\\\/\\\/x.com\\\/lequotidienmr\"]},{\"@type\":\"Person\",\"@id\":\"https:\\\/\\\/lequotidien.mr\\\/#\\\/schema\\\/person\\\/084fc8a65780dd82fc2dc1b6606ccd93\",\"name\":\"Hachim El Yemani\",\"image\":{\"@type\":\"ImageObject\",\"inLanguage\":\"ar\",\"@id\":\"https:\\\/\\\/secure.gravatar.com\\\/avatar\\\/d26186aaa5bf4c9f95183e2f6e441600872253143ebb24ebf40607e5f0b7ced0?s=96&d=mm&r=g\",\"url\":\"https:\\\/\\\/secure.gravatar.com\\\/avatar\\\/d26186aaa5bf4c9f95183e2f6e441600872253143ebb24ebf40607e5f0b7ced0?s=96&d=mm&r=g\",\"contentUrl\":\"https:\\\/\\\/secure.gravatar.com\\\/avatar\\\/d26186aaa5bf4c9f95183e2f6e441600872253143ebb24ebf40607e5f0b7ced0?s=96&d=mm&r=g\",\"caption\":\"Hachim El Yemani\"},\"sameAs\":[\"https:\\\/\\\/lequotidien.mr\\\/\"],\"url\":\"https:\\\/\\\/lequotidien.mr\\\/?author=7\"}]}<\/script>\n<!-- \/ Yoast SEO plugin. -->","yoast_head_json":{"title":"Finale de la CAN 2023 : Apr\u00e8s Idrissa Sarr en 1988, Dahane Beida, au sifflet ! - Le Quotidien de Nouakchott","robots":{"index":"index","follow":"follow","max-snippet":"max-snippet:-1","max-image-preview":"max-image-preview:large","max-video-preview":"max-video-preview:-1"},"canonical":"https:\/\/lequotidien.mr\/?p=15780&lang=fr","og_locale":"ar_AR","og_type":"article","og_title":"Finale de la CAN 2023 : Apr\u00e8s Idrissa Sarr en 1988, Dahane Beida, au sifflet ! - Le Quotidien de Nouakchott","og_description":"La CAF a d\u00e9sign\u00e9 le Mauritanien Dahane Beida pour arbitrer le match de la finale de la CAN 2023 entre le Nig\u00e9ria et la C\u00f4te d&#8217;Ivoire, le dimanche 11 f\u00e9vrier 2023, au Stade d&#8217;Ebimp\u00e9. Un remake du match du groupe A, victoire 1-0 par les Super Eagles le 18 janvier dernier. Le sifflet mauritanien r\u00e9ussit.....","og_url":"https:\/\/lequotidien.mr\/?p=15780&lang=fr","og_site_name":"Le Quotidien de Nouakchott","article_publisher":"https:\/\/web.facebook.com\/lequotidienmr","article_published_time":"2024-02-10T12:41:20+00:00","article_modified_time":"2024-02-10T12:44:14+00:00","og_image":[{"width":720,"height":489,"url":"https:\/\/lequotidien.mr\/wp-content\/uploads\/2024\/02\/IS.jpg","type":"image\/jpeg"}],"author":"Hachim El Yemani","twitter_card":"summary_large_image","twitter_creator":"@lequotidienmr","twitter_site":"@lequotidienmr","twitter_misc":{"\u0643\u064f\u062a\u0628 \u0628\u0648\u0627\u0633\u0637\u0629":"Hachim El Yemani","\u0648\u0642\u062a \u0627\u0644\u0642\u0631\u0627\u0621\u0629 \u0627\u0644\u0645\u064f\u0642\u062f\u0651\u0631":"\u062f\u0642\u064a\u0642\u0629 \u0648\u0627\u062d\u062f\u0629"},"schema":{"@context":"https:\/\/schema.org","@graph":[{"@type":"Article","@id":"https:\/\/lequotidien.mr\/?p=15780&lang=fr#article","isPartOf":{"@id":"https:\/\/lequotidien.mr\/?p=15780&lang=fr"},"author":{"name":"Hachim El Yemani","@id":"https:\/\/lequotidien.mr\/#\/schema\/person\/084fc8a65780dd82fc2dc1b6606ccd93"},"headline":"Finale de la CAN 2023 : Apr\u00e8s Idrissa Sarr en 1988, Dahane Beida, au sifflet !","datePublished":"2024-02-10T12:41:20+00:00","dateModified":"2024-02-10T12:44:14+00:00","mainEntityOfPage":{"@id":"https:\/\/lequotidien.mr\/?p=15780&lang=fr"},"wordCount":311,"commentCount":0,"publisher":{"@id":"https:\/\/lequotidien.mr\/#organization"},"image":{"@id":"https:\/\/lequotidien.mr\/?p=15780&lang=fr#primaryimage"},"thumbnailUrl":"https:\/\/lequotidien.mr\/wp-content\/uploads\/2024\/02\/IS.jpg","articleSection":["SPORT"],"inLanguage":"ar","potentialAction":[{"@type":"CommentAction","name":"Comment","target":["https:\/\/lequotidien.mr\/?p=15780&lang=fr#respond"]}]},{"@type":"WebPage","@id":"https:\/\/lequotidien.mr\/?p=15780&lang=fr","url":"https:\/\/lequotidien.mr\/?p=15780&lang=fr","name":"Finale de la CAN 2023 : Apr\u00e8s Idrissa Sarr en 1988, Dahane Beida, au sifflet ! - Le Quotidien de Nouakchott","isPartOf":{"@id":"https:\/\/lequotidien.mr\/#website"},"primaryImageOfPage":{"@id":"https:\/\/lequotidien.mr\/?p=15780&lang=fr#primaryimage"},"image":{"@id":"https:\/\/lequotidien.mr\/?p=15780&lang=fr#primaryimage"},"thumbnailUrl":"https:\/\/lequotidien.mr\/wp-content\/uploads\/2024\/02\/IS.jpg","datePublished":"2024-02-10T12:41:20+00:00","dateModified":"2024-02-10T12:44:14+00:00","breadcrumb":{"@id":"https:\/\/lequotidien.mr\/?p=15780&lang=fr#breadcrumb"},"inLanguage":"ar","potentialAction":[{"@type":"ReadAction","target":["https:\/\/lequotidien.mr\/?p=15780&lang=fr"]}]},{"@type":"ImageObject","inLanguage":"ar","@id":"https:\/\/lequotidien.mr\/?p=15780&lang=fr#primaryimage","url":"https:\/\/lequotidien.mr\/wp-content\/uploads\/2024\/02\/IS.jpg","contentUrl":"https:\/\/lequotidien.mr\/wp-content\/uploads\/2024\/02\/IS.jpg","width":720,"height":489},{"@type":"BreadcrumbList","@id":"https:\/\/lequotidien.mr\/?p=15780&lang=fr#breadcrumb","itemListElement":[{"@type":"ListItem","position":1,"name":"Home","item":"https:\/\/lequotidien.mr\/"},{"@type":"ListItem","position":2,"name":"Finale de la CAN 2023 : Apr\u00e8s Idrissa Sarr en 1988, Dahane Beida, au sifflet !"}]},{"@type":"WebSite","@id":"https:\/\/lequotidien.mr\/#website","url":"https:\/\/lequotidien.mr\/","name":"Le Quotidien de Nouakchott","description":"\u0625\u062e\u0628\u0627\u0631\u064a\u0629 \u0645\u0633\u062a\u0642\u0644\u0629 \u0644\u0644\u0623\u0646\u0628\u0627\u0621 \u0627\u0644\u0639\u0627\u0645\u0629","publisher":{"@id":"https:\/\/lequotidien.mr\/#organization"},"potentialAction":[{"@type":"SearchAction","target":{"@type":"EntryPoint","urlTemplate":"https:\/\/lequotidien.mr\/?s={search_term_string}"},"query-input":{"@type":"PropertyValueSpecification","valueRequired":true,"valueName":"search_term_string"}}],"inLanguage":"ar"},{"@type":"Organization","@id":"https:\/\/lequotidien.mr\/#organization","name":"Le Quotidien de Nouakchott","url":"https:\/\/lequotidien.mr\/","logo":{"@type":"ImageObject","inLanguage":"ar","@id":"https:\/\/lequotidien.mr\/#\/schema\/logo\/image\/","url":"https:\/\/lequotidien.mr\/wp-content\/uploads\/2022\/11\/logolequotidien.jpg","contentUrl":"https:\/\/lequotidien.mr\/wp-content\/uploads\/2022\/11\/logolequotidien.jpg","width":290,"height":65,"caption":"Le Quotidien de Nouakchott"},"image":{"@id":"https:\/\/lequotidien.mr\/#\/schema\/logo\/image\/"},"sameAs":["https:\/\/web.facebook.com\/lequotidienmr","https:\/\/x.com\/lequotidienmr"]},{"@type":"Person","@id":"https:\/\/lequotidien.mr\/#\/schema\/person\/084fc8a65780dd82fc2dc1b6606ccd93","name":"Hachim El Yemani","image":{"@type":"ImageObject","inLanguage":"ar","@id":"https:\/\/secure.gravatar.com\/avatar\/d26186aaa5bf4c9f95183e2f6e441600872253143ebb24ebf40607e5f0b7ced0?s=96&d=mm&r=g","url":"https:\/\/secure.gravatar.com\/avatar\/d26186aaa5bf4c9f95183e2f6e441600872253143ebb24ebf40607e5f0b7ced0?s=96&d=mm&r=g","contentUrl":"https:\/\/secure.gravatar.com\/avatar\/d26186aaa5bf4c9f95183e2f6e441600872253143ebb24ebf40607e5f0b7ced0?s=96&d=mm&r=g","caption":"Hachim El Yemani"},"sameAs":["https:\/\/lequotidien.mr\/"],"url":"https:\/\/lequotidien.mr\/?author=7"}]}},"_links":{"self":[{"href":"https:\/\/lequotidien.mr\/index.php?rest_route=\/wp\/v2\/posts\/15780","targetHints":{"allow":["GET"]}}],"collection":[{"href":"https:\/\/lequotidien.mr\/index.php?rest_route=\/wp\/v2\/posts"}],"about":[{"href":"https:\/\/lequotidien.mr\/index.php?rest_route=\/wp\/v2\/types\/post"}],"author":[{"embeddable":true,"href":"https:\/\/lequotidien.mr\/index.php?rest_route=\/wp\/v2\/users\/7"}],"replies":[{"embeddable":true,"href":"https:\/\/lequotidien.mr\/index.php?rest_route=%2Fwp%2Fv2%2Fcomments&post=15780"}],"version-history":[{"count":4,"href":"https:\/\/lequotidien.mr\/index.php?rest_route=\/wp\/v2\/posts\/15780\/revisions"}],"predecessor-version":[{"id":15787,"href":"https:\/\/lequotidien.mr\/index.php?rest_route=\/wp\/v2\/posts\/15780\/revisions\/15787"}],"wp:featuredmedia":[{"embeddable":true,"href":"https:\/\/lequotidien.mr\/index.php?rest_route=\/wp\/v2\/media\/15781"}],"wp:attachment":[{"href":"https:\/\/lequotidien.mr\/index.php?rest_route=%2Fwp%2Fv2%2Fmedia&parent=15780"}],"wp:term":[{"taxonomy":"category","embeddable":true,"href":"https:\/\/lequotidien.mr\/index.php?rest_route=%2Fwp%2Fv2%2Fcategories&post=15780"},{"taxonomy":"post_tag","embeddable":true,"href":"https:\/\/lequotidien.mr\/index.php?rest_route=%2Fwp%2Fv2%2Ftags&post=15780"}],"curies":[{"name":"wp","href":"https:\/\/api.w.org\/{rel}","templated":true}]}}