{"id":15618,"date":"2024-02-03T12:59:45","date_gmt":"2024-02-03T12:59:45","guid":{"rendered":"https:\/\/lequotidien.mr\/?p=15618"},"modified":"2024-02-23T12:52:12","modified_gmt":"2024-02-23T12:52:12","slug":"lespagne-va-t-elle-imposer-un-visa-de-transit-pour-les-citoyens-mauritaniens-ainsi-que-pour-tous-les-ressortissants-des-pays-dafrique-subsaharienne","status":"publish","type":"post","link":"https:\/\/lequotidien.mr\/?p=15618&lang=fr","title":{"rendered":"L\u2019Espagne va-t-elle imposer un visa de transit pour les citoyens Mauritaniens, ainsi que pour tous les ressortissants des pays d&#8217;Afrique subsaharienne ?-"},"content":{"rendered":"<p style=\"text-align: left;\">Une annonce du gouvernement espagnol, parue dans les quotidiens &#8220;20minutos.es&#8221; et &#8220;el periodico&#8221; ce vendredi, a suscit\u00e9 une vive r\u00e9action du Syndicat de la Police Unifi\u00e9e (SUP). Selon cette annonce, entre lundi et mardi de cette semaine, 72 ressortissants mauritaniens sont arriv\u00e9s en Espagne, une nationalit\u00e9 jusqu&#8217;ici peu repr\u00e9sent\u00e9e dans les flux migratoires du pays.<\/p>\n<p style=\"text-align: left;\">La Mauritanie est devenue, depuis quelques ann\u00e9es, un point de transit majeur pour les migrants africains, notamment \u00e0 partir de la ville de Nouadhibou sur la c\u00f4te atlantique, \u00e0 quelques kilom\u00e8tres du fameux Cap blanc, point de rencontre entre la mer et le d\u00e9sert ; et r\u00e9serve des derniers phoques-moine d\u2019Afrique.<\/p>\n<p style=\"text-align: left;\">Ces Mauritaniens ont emprunt\u00e9 la route chaude reliant Casablanca \u00e0 Madrid, \u00e0 bord d&#8217;un vol de la compagnie Royal Air Maroc. Il est int\u00e9ressant de noter que cette m\u00eame compagnie a\u00e9rienne \u00e9tait jusqu&#8217;\u00e0 pr\u00e9sent utilis\u00e9e par les demandeurs d&#8217;asile de nationalit\u00e9s kenyane, s\u00e9n\u00e9galaise et marocaine. Cette nouvelle tendance soul\u00e8ve des questions sur les politiques migratoires et les accords de transit entre les diff\u00e9rents pays.<\/p>\n<p style=\"text-align: left;\">Ce changement soudain dans les flux migratoires est attribu\u00e9 au fait que le gouvernement espagnol n&#8217;exige pas de visa de transit pour les citoyens mauritaniens qui changent d&#8217;avion sur le territoire espagnol. Dans la plupart des cas, ces individus \u00e9taient en transit vers le Salvador, ce qui soul\u00e8ve des interrogations sur les v\u00e9ritables motivations de leur voyage et sur la n\u00e9cessit\u00e9 de renforcer les contr\u00f4les aux fronti\u00e8res.<\/p>\n<p style=\"text-align: left;\">Face \u00e0 cette situation, le SUP a exprim\u00e9 ses pr\u00e9occupations et a appel\u00e9 le minist\u00e8re de l&#8217;Int\u00e9rieur \u00e0 prendre des mesures imm\u00e9diates. Dans une d\u00e9claration faite ce mercredi, le syndicat a demand\u00e9 au gouvernement d&#8217;imposer des visas de transit pour les citoyens de Mauritanie, ainsi que pour tous les ressortissants des pays d&#8217;Afrique subsaharienne qui ne sont pas encore soumis \u00e0 cette exigence.<\/p>\n<p style=\"text-align: left;\">Cette demande vise \u00e0 renforcer les contr\u00f4les aux fronti\u00e8res et \u00e0 garantir la s\u00e9curit\u00e9 nationale, tout en emp\u00eachant l&#8217;utilisation de l&#8217;Espagne comme point de transit pour des destinations potentiellement non d\u00e9clar\u00e9es. Le SUP souligne l&#8217;importance de mettre en place des politiques migratoires coh\u00e9rentes et efficaces, en collaboration avec les autorit\u00e9s internationales et les organisations comp\u00e9tentes.<\/p>\n<p style=\"text-align: left;\">Il est \u00e0 noter que l\u2019Espagne et la Mauritanie ont sign\u00e9 r\u00e9cemment un accord de s\u00e9curit\u00e9 visant principalement \u00e0 renforcer la coop\u00e9ration pour lutter contre la migration irr\u00e9guli\u00e8re. Cet accord permettra \u00e0 la Mauritanie d&#8217;obtenir une assistance logistique et technique dans le domaine de la s\u00e9curit\u00e9, et de renforcer la coop\u00e9ration dans le domaine de la formation et de l&#8217;\u00e9change d&#8217;expertise en mati\u00e8re de s\u00e9curit\u00e9, de mani\u00e8re \u00e0 soutenir les efforts du pays\u00a0 pour lutter contre la migration irr\u00e9guli\u00e8re, la contrebande et autres types de criminalit\u00e9 organis\u00e9e.<\/p>\n","protected":false},"excerpt":{"rendered":"<p>Une annonce du gouvernement espagnol, parue dans les quotidiens &#8220;20minutos.es&#8221; et &#8220;el periodico&#8221; ce vendredi, a suscit\u00e9 une vive r\u00e9action du Syndicat de la Police Unifi\u00e9e (SUP). Selon cette annonce, entre lundi et mardi de cette semaine, 72 ressortissants mauritaniens sont arriv\u00e9s en Espagne, une nationalit\u00e9 jusqu&#8217;ici peu repr\u00e9sent\u00e9e dans les flux migratoires du pays&#8230;&#8230;<\/p>\n","protected":false},"author":4,"featured_media":15619,"comment_status":"open","ping_status":"open","sticky":false,"template":"","format":"standard","meta":{"footnotes":""},"categories":[23,49],"tags":[],"class_list":["post-15618","post","type-post","status-publish","format-standard","has-post-thumbnail","hentry","category-actualite","category-economie"],"yoast_head":"<!-- This site is optimized with the Yoast SEO plugin v27.5 - https:\/\/yoast.com\/product\/yoast-seo-wordpress\/ -->\n<title>L\u2019Espagne va-t-elle imposer un visa de transit pour les citoyens Mauritaniens, ainsi que pour tous les ressortissants des pays d&#039;Afrique subsaharienne ?- Le Quotidien de Nouakchott<\/title>\n<meta name=\"robots\" content=\"index, follow, max-snippet:-1, max-image-preview:large, max-video-preview:-1\" \/>\n<link rel=\"canonical\" href=\"https:\/\/lequotidien.mr\/?p=15618&lang=fr\" \/>\n<meta property=\"og:locale\" content=\"ar_AR\" \/>\n<meta property=\"og:type\" content=\"article\" \/>\n<meta property=\"og:title\" content=\"L\u2019Espagne va-t-elle imposer un visa de transit pour les citoyens Mauritaniens, ainsi que pour tous les ressortissants des pays d&#039;Afrique subsaharienne ?- Le Quotidien de Nouakchott\" \/>\n<meta property=\"og:description\" content=\"Une annonce du gouvernement espagnol, parue dans les quotidiens &#8220;20minutos.es&#8221; et &#8220;el periodico&#8221; ce vendredi, a suscit\u00e9 une vive r\u00e9action du Syndicat de la Police Unifi\u00e9e (SUP). Selon cette annonce, entre lundi et mardi de cette semaine, 72 ressortissants mauritaniens sont arriv\u00e9s en Espagne, une nationalit\u00e9 jusqu&#8217;ici peu repr\u00e9sent\u00e9e dans les flux migratoires du pays......\" \/>\n<meta property=\"og:url\" content=\"https:\/\/lequotidien.mr\/?p=15618&amp;lang=fr\" \/>\n<meta property=\"og:site_name\" content=\"Le Quotidien de Nouakchott\" \/>\n<meta property=\"article:publisher\" content=\"https:\/\/web.facebook.com\/lequotidienmr\" \/>\n<meta property=\"article:published_time\" content=\"2024-02-03T12:59:45+00:00\" \/>\n<meta property=\"article:modified_time\" content=\"2024-02-23T12:52:12+00:00\" \/>\n<meta property=\"og:image\" content=\"https:\/\/lequotidien.mr\/wp-content\/uploads\/2024\/02\/photo-migrants-Espagne.jpeg\" \/>\n\t<meta property=\"og:image:width\" content=\"1289\" \/>\n\t<meta property=\"og:image:height\" content=\"858\" \/>\n\t<meta property=\"og:image:type\" content=\"image\/jpeg\" \/>\n<meta name=\"author\" content=\"Le Quotidien\" \/>\n<meta name=\"twitter:card\" content=\"summary_large_image\" \/>\n<meta name=\"twitter:creator\" content=\"@lequotidienmr\" \/>\n<meta name=\"twitter:site\" content=\"@lequotidienmr\" \/>\n<meta name=\"twitter:label1\" content=\"\u0643\u064f\u062a\u0628 \u0628\u0648\u0627\u0633\u0637\u0629\" \/>\n\t<meta name=\"twitter:data1\" content=\"Le Quotidien\" \/>\n\t<meta name=\"twitter:label2\" content=\"\u0648\u0642\u062a \u0627\u0644\u0642\u0631\u0627\u0621\u0629 \u0627\u0644\u0645\u064f\u0642\u062f\u0651\u0631\" \/>\n\t<meta name=\"twitter:data2\" content=\"\u062f\u0642\u064a\u0642\u062a\u0627\u0646\" \/>\n<script type=\"application\/ld+json\" class=\"yoast-schema-graph\">{\"@context\":\"https:\\\/\\\/schema.org\",\"@graph\":[{\"@type\":\"Article\",\"@id\":\"https:\\\/\\\/lequotidien.mr\\\/?p=15618&lang=fr#article\",\"isPartOf\":{\"@id\":\"https:\\\/\\\/lequotidien.mr\\\/?p=15618&lang=fr\"},\"author\":{\"name\":\"Le Quotidien\",\"@id\":\"https:\\\/\\\/lequotidien.mr\\\/#\\\/schema\\\/person\\\/f90fcdaa970c60288de4ed2e64a56472\"},\"headline\":\"L\u2019Espagne va-t-elle imposer un visa de transit pour les citoyens Mauritaniens, ainsi que pour tous les ressortissants des pays d&#8217;Afrique subsaharienne ?-\",\"datePublished\":\"2024-02-03T12:59:45+00:00\",\"dateModified\":\"2024-02-23T12:52:12+00:00\",\"mainEntityOfPage\":{\"@id\":\"https:\\\/\\\/lequotidien.mr\\\/?p=15618&lang=fr\"},\"wordCount\":520,\"commentCount\":0,\"publisher\":{\"@id\":\"https:\\\/\\\/lequotidien.mr\\\/#organization\"},\"image\":{\"@id\":\"https:\\\/\\\/lequotidien.mr\\\/?p=15618&lang=fr#primaryimage\"},\"thumbnailUrl\":\"https:\\\/\\\/lequotidien.mr\\\/wp-content\\\/uploads\\\/2024\\\/02\\\/photo-migrants-Espagne.jpeg\",\"articleSection\":[\"ACTUALIT\u00c9\",\"Economie\"],\"inLanguage\":\"ar\",\"potentialAction\":[{\"@type\":\"CommentAction\",\"name\":\"Comment\",\"target\":[\"https:\\\/\\\/lequotidien.mr\\\/?p=15618&lang=fr#respond\"]}]},{\"@type\":\"WebPage\",\"@id\":\"https:\\\/\\\/lequotidien.mr\\\/?p=15618&lang=fr\",\"url\":\"https:\\\/\\\/lequotidien.mr\\\/?p=15618&lang=fr\",\"name\":\"L\u2019Espagne va-t-elle imposer un visa de transit pour les citoyens Mauritaniens, ainsi que pour tous les ressortissants des pays d'Afrique subsaharienne ?- Le Quotidien de Nouakchott\",\"isPartOf\":{\"@id\":\"https:\\\/\\\/lequotidien.mr\\\/#website\"},\"primaryImageOfPage\":{\"@id\":\"https:\\\/\\\/lequotidien.mr\\\/?p=15618&lang=fr#primaryimage\"},\"image\":{\"@id\":\"https:\\\/\\\/lequotidien.mr\\\/?p=15618&lang=fr#primaryimage\"},\"thumbnailUrl\":\"https:\\\/\\\/lequotidien.mr\\\/wp-content\\\/uploads\\\/2024\\\/02\\\/photo-migrants-Espagne.jpeg\",\"datePublished\":\"2024-02-03T12:59:45+00:00\",\"dateModified\":\"2024-02-23T12:52:12+00:00\",\"breadcrumb\":{\"@id\":\"https:\\\/\\\/lequotidien.mr\\\/?p=15618&lang=fr#breadcrumb\"},\"inLanguage\":\"ar\",\"potentialAction\":[{\"@type\":\"ReadAction\",\"target\":[\"https:\\\/\\\/lequotidien.mr\\\/?p=15618&lang=fr\"]}]},{\"@type\":\"ImageObject\",\"inLanguage\":\"ar\",\"@id\":\"https:\\\/\\\/lequotidien.mr\\\/?p=15618&lang=fr#primaryimage\",\"url\":\"https:\\\/\\\/lequotidien.mr\\\/wp-content\\\/uploads\\\/2024\\\/02\\\/photo-migrants-Espagne.jpeg\",\"contentUrl\":\"https:\\\/\\\/lequotidien.mr\\\/wp-content\\\/uploads\\\/2024\\\/02\\\/photo-migrants-Espagne.jpeg\",\"width\":1289,\"height\":858,\"caption\":\"?????????????????????????????????????????????????????????\"},{\"@type\":\"BreadcrumbList\",\"@id\":\"https:\\\/\\\/lequotidien.mr\\\/?p=15618&lang=fr#breadcrumb\",\"itemListElement\":[{\"@type\":\"ListItem\",\"position\":1,\"name\":\"Home\",\"item\":\"https:\\\/\\\/lequotidien.mr\\\/\"},{\"@type\":\"ListItem\",\"position\":2,\"name\":\"L\u2019Espagne va-t-elle imposer un visa de transit pour les citoyens Mauritaniens, ainsi que pour tous les ressortissants des pays d&#8217;Afrique subsaharienne ?-\"}]},{\"@type\":\"WebSite\",\"@id\":\"https:\\\/\\\/lequotidien.mr\\\/#website\",\"url\":\"https:\\\/\\\/lequotidien.mr\\\/\",\"name\":\"Le Quotidien de Nouakchott\",\"description\":\"\u0625\u062e\u0628\u0627\u0631\u064a\u0629 \u0645\u0633\u062a\u0642\u0644\u0629 \u0644\u0644\u0623\u0646\u0628\u0627\u0621 \u0627\u0644\u0639\u0627\u0645\u0629\",\"publisher\":{\"@id\":\"https:\\\/\\\/lequotidien.mr\\\/#organization\"},\"potentialAction\":[{\"@type\":\"SearchAction\",\"target\":{\"@type\":\"EntryPoint\",\"urlTemplate\":\"https:\\\/\\\/lequotidien.mr\\\/?s={search_term_string}\"},\"query-input\":{\"@type\":\"PropertyValueSpecification\",\"valueRequired\":true,\"valueName\":\"search_term_string\"}}],\"inLanguage\":\"ar\"},{\"@type\":\"Organization\",\"@id\":\"https:\\\/\\\/lequotidien.mr\\\/#organization\",\"name\":\"Le Quotidien de Nouakchott\",\"url\":\"https:\\\/\\\/lequotidien.mr\\\/\",\"logo\":{\"@type\":\"ImageObject\",\"inLanguage\":\"ar\",\"@id\":\"https:\\\/\\\/lequotidien.mr\\\/#\\\/schema\\\/logo\\\/image\\\/\",\"url\":\"https:\\\/\\\/lequotidien.mr\\\/wp-content\\\/uploads\\\/2022\\\/11\\\/logolequotidien.jpg\",\"contentUrl\":\"https:\\\/\\\/lequotidien.mr\\\/wp-content\\\/uploads\\\/2022\\\/11\\\/logolequotidien.jpg\",\"width\":290,\"height\":65,\"caption\":\"Le Quotidien de Nouakchott\"},\"image\":{\"@id\":\"https:\\\/\\\/lequotidien.mr\\\/#\\\/schema\\\/logo\\\/image\\\/\"},\"sameAs\":[\"https:\\\/\\\/web.facebook.com\\\/lequotidienmr\",\"https:\\\/\\\/x.com\\\/lequotidienmr\"]},{\"@type\":\"Person\",\"@id\":\"https:\\\/\\\/lequotidien.mr\\\/#\\\/schema\\\/person\\\/f90fcdaa970c60288de4ed2e64a56472\",\"name\":\"Le Quotidien\",\"image\":{\"@type\":\"ImageObject\",\"inLanguage\":\"ar\",\"@id\":\"https:\\\/\\\/secure.gravatar.com\\\/avatar\\\/374cb39a1a458a912465a93e5a3ce6546886fc3da809a1f10c63e4e8fcbca30f?s=96&d=mm&r=g\",\"url\":\"https:\\\/\\\/secure.gravatar.com\\\/avatar\\\/374cb39a1a458a912465a93e5a3ce6546886fc3da809a1f10c63e4e8fcbca30f?s=96&d=mm&r=g\",\"contentUrl\":\"https:\\\/\\\/secure.gravatar.com\\\/avatar\\\/374cb39a1a458a912465a93e5a3ce6546886fc3da809a1f10c63e4e8fcbca30f?s=96&d=mm&r=g\",\"caption\":\"Le Quotidien\"},\"sameAs\":[\"https:\\\/\\\/lequotidien.mr\\\/\"],\"url\":\"https:\\\/\\\/lequotidien.mr\\\/?author=4\"}]}<\/script>\n<!-- \/ Yoast SEO plugin. -->","yoast_head_json":{"title":"L\u2019Espagne va-t-elle imposer un visa de transit pour les citoyens Mauritaniens, ainsi que pour tous les ressortissants des pays d'Afrique subsaharienne ?- Le Quotidien de Nouakchott","robots":{"index":"index","follow":"follow","max-snippet":"max-snippet:-1","max-image-preview":"max-image-preview:large","max-video-preview":"max-video-preview:-1"},"canonical":"https:\/\/lequotidien.mr\/?p=15618&lang=fr","og_locale":"ar_AR","og_type":"article","og_title":"L\u2019Espagne va-t-elle imposer un visa de transit pour les citoyens Mauritaniens, ainsi que pour tous les ressortissants des pays d'Afrique subsaharienne ?- Le Quotidien de Nouakchott","og_description":"Une annonce du gouvernement espagnol, parue dans les quotidiens &#8220;20minutos.es&#8221; et &#8220;el periodico&#8221; ce vendredi, a suscit\u00e9 une vive r\u00e9action du Syndicat de la Police Unifi\u00e9e (SUP). Selon cette annonce, entre lundi et mardi de cette semaine, 72 ressortissants mauritaniens sont arriv\u00e9s en Espagne, une nationalit\u00e9 jusqu&#8217;ici peu repr\u00e9sent\u00e9e dans les flux migratoires du pays......","og_url":"https:\/\/lequotidien.mr\/?p=15618&lang=fr","og_site_name":"Le Quotidien de Nouakchott","article_publisher":"https:\/\/web.facebook.com\/lequotidienmr","article_published_time":"2024-02-03T12:59:45+00:00","article_modified_time":"2024-02-23T12:52:12+00:00","og_image":[{"width":1289,"height":858,"url":"https:\/\/lequotidien.mr\/wp-content\/uploads\/2024\/02\/photo-migrants-Espagne.jpeg","type":"image\/jpeg"}],"author":"Le Quotidien","twitter_card":"summary_large_image","twitter_creator":"@lequotidienmr","twitter_site":"@lequotidienmr","twitter_misc":{"\u0643\u064f\u062a\u0628 \u0628\u0648\u0627\u0633\u0637\u0629":"Le Quotidien","\u0648\u0642\u062a \u0627\u0644\u0642\u0631\u0627\u0621\u0629 \u0627\u0644\u0645\u064f\u0642\u062f\u0651\u0631":"\u062f\u0642\u064a\u0642\u062a\u0627\u0646"},"schema":{"@context":"https:\/\/schema.org","@graph":[{"@type":"Article","@id":"https:\/\/lequotidien.mr\/?p=15618&lang=fr#article","isPartOf":{"@id":"https:\/\/lequotidien.mr\/?p=15618&lang=fr"},"author":{"name":"Le Quotidien","@id":"https:\/\/lequotidien.mr\/#\/schema\/person\/f90fcdaa970c60288de4ed2e64a56472"},"headline":"L\u2019Espagne va-t-elle imposer un visa de transit pour les citoyens Mauritaniens, ainsi que pour tous les ressortissants des pays d&#8217;Afrique subsaharienne ?-","datePublished":"2024-02-03T12:59:45+00:00","dateModified":"2024-02-23T12:52:12+00:00","mainEntityOfPage":{"@id":"https:\/\/lequotidien.mr\/?p=15618&lang=fr"},"wordCount":520,"commentCount":0,"publisher":{"@id":"https:\/\/lequotidien.mr\/#organization"},"image":{"@id":"https:\/\/lequotidien.mr\/?p=15618&lang=fr#primaryimage"},"thumbnailUrl":"https:\/\/lequotidien.mr\/wp-content\/uploads\/2024\/02\/photo-migrants-Espagne.jpeg","articleSection":["ACTUALIT\u00c9","Economie"],"inLanguage":"ar","potentialAction":[{"@type":"CommentAction","name":"Comment","target":["https:\/\/lequotidien.mr\/?p=15618&lang=fr#respond"]}]},{"@type":"WebPage","@id":"https:\/\/lequotidien.mr\/?p=15618&lang=fr","url":"https:\/\/lequotidien.mr\/?p=15618&lang=fr","name":"L\u2019Espagne va-t-elle imposer un visa de transit pour les citoyens Mauritaniens, ainsi que pour tous les ressortissants des pays d'Afrique subsaharienne ?- Le Quotidien de Nouakchott","isPartOf":{"@id":"https:\/\/lequotidien.mr\/#website"},"primaryImageOfPage":{"@id":"https:\/\/lequotidien.mr\/?p=15618&lang=fr#primaryimage"},"image":{"@id":"https:\/\/lequotidien.mr\/?p=15618&lang=fr#primaryimage"},"thumbnailUrl":"https:\/\/lequotidien.mr\/wp-content\/uploads\/2024\/02\/photo-migrants-Espagne.jpeg","datePublished":"2024-02-03T12:59:45+00:00","dateModified":"2024-02-23T12:52:12+00:00","breadcrumb":{"@id":"https:\/\/lequotidien.mr\/?p=15618&lang=fr#breadcrumb"},"inLanguage":"ar","potentialAction":[{"@type":"ReadAction","target":["https:\/\/lequotidien.mr\/?p=15618&lang=fr"]}]},{"@type":"ImageObject","inLanguage":"ar","@id":"https:\/\/lequotidien.mr\/?p=15618&lang=fr#primaryimage","url":"https:\/\/lequotidien.mr\/wp-content\/uploads\/2024\/02\/photo-migrants-Espagne.jpeg","contentUrl":"https:\/\/lequotidien.mr\/wp-content\/uploads\/2024\/02\/photo-migrants-Espagne.jpeg","width":1289,"height":858,"caption":"?????????????????????????????????????????????????????????"},{"@type":"BreadcrumbList","@id":"https:\/\/lequotidien.mr\/?p=15618&lang=fr#breadcrumb","itemListElement":[{"@type":"ListItem","position":1,"name":"Home","item":"https:\/\/lequotidien.mr\/"},{"@type":"ListItem","position":2,"name":"L\u2019Espagne va-t-elle imposer un visa de transit pour les citoyens Mauritaniens, ainsi que pour tous les ressortissants des pays d&#8217;Afrique subsaharienne ?-"}]},{"@type":"WebSite","@id":"https:\/\/lequotidien.mr\/#website","url":"https:\/\/lequotidien.mr\/","name":"Le Quotidien de Nouakchott","description":"\u0625\u062e\u0628\u0627\u0631\u064a\u0629 \u0645\u0633\u062a\u0642\u0644\u0629 \u0644\u0644\u0623\u0646\u0628\u0627\u0621 \u0627\u0644\u0639\u0627\u0645\u0629","publisher":{"@id":"https:\/\/lequotidien.mr\/#organization"},"potentialAction":[{"@type":"SearchAction","target":{"@type":"EntryPoint","urlTemplate":"https:\/\/lequotidien.mr\/?s={search_term_string}"},"query-input":{"@type":"PropertyValueSpecification","valueRequired":true,"valueName":"search_term_string"}}],"inLanguage":"ar"},{"@type":"Organization","@id":"https:\/\/lequotidien.mr\/#organization","name":"Le Quotidien de Nouakchott","url":"https:\/\/lequotidien.mr\/","logo":{"@type":"ImageObject","inLanguage":"ar","@id":"https:\/\/lequotidien.mr\/#\/schema\/logo\/image\/","url":"https:\/\/lequotidien.mr\/wp-content\/uploads\/2022\/11\/logolequotidien.jpg","contentUrl":"https:\/\/lequotidien.mr\/wp-content\/uploads\/2022\/11\/logolequotidien.jpg","width":290,"height":65,"caption":"Le Quotidien de Nouakchott"},"image":{"@id":"https:\/\/lequotidien.mr\/#\/schema\/logo\/image\/"},"sameAs":["https:\/\/web.facebook.com\/lequotidienmr","https:\/\/x.com\/lequotidienmr"]},{"@type":"Person","@id":"https:\/\/lequotidien.mr\/#\/schema\/person\/f90fcdaa970c60288de4ed2e64a56472","name":"Le Quotidien","image":{"@type":"ImageObject","inLanguage":"ar","@id":"https:\/\/secure.gravatar.com\/avatar\/374cb39a1a458a912465a93e5a3ce6546886fc3da809a1f10c63e4e8fcbca30f?s=96&d=mm&r=g","url":"https:\/\/secure.gravatar.com\/avatar\/374cb39a1a458a912465a93e5a3ce6546886fc3da809a1f10c63e4e8fcbca30f?s=96&d=mm&r=g","contentUrl":"https:\/\/secure.gravatar.com\/avatar\/374cb39a1a458a912465a93e5a3ce6546886fc3da809a1f10c63e4e8fcbca30f?s=96&d=mm&r=g","caption":"Le Quotidien"},"sameAs":["https:\/\/lequotidien.mr\/"],"url":"https:\/\/lequotidien.mr\/?author=4"}]}},"_links":{"self":[{"href":"https:\/\/lequotidien.mr\/index.php?rest_route=\/wp\/v2\/posts\/15618","targetHints":{"allow":["GET"]}}],"collection":[{"href":"https:\/\/lequotidien.mr\/index.php?rest_route=\/wp\/v2\/posts"}],"about":[{"href":"https:\/\/lequotidien.mr\/index.php?rest_route=\/wp\/v2\/types\/post"}],"author":[{"embeddable":true,"href":"https:\/\/lequotidien.mr\/index.php?rest_route=\/wp\/v2\/users\/4"}],"replies":[{"embeddable":true,"href":"https:\/\/lequotidien.mr\/index.php?rest_route=%2Fwp%2Fv2%2Fcomments&post=15618"}],"version-history":[{"count":3,"href":"https:\/\/lequotidien.mr\/index.php?rest_route=\/wp\/v2\/posts\/15618\/revisions"}],"predecessor-version":[{"id":16128,"href":"https:\/\/lequotidien.mr\/index.php?rest_route=\/wp\/v2\/posts\/15618\/revisions\/16128"}],"wp:featuredmedia":[{"embeddable":true,"href":"https:\/\/lequotidien.mr\/index.php?rest_route=\/wp\/v2\/media\/15619"}],"wp:attachment":[{"href":"https:\/\/lequotidien.mr\/index.php?rest_route=%2Fwp%2Fv2%2Fmedia&parent=15618"}],"wp:term":[{"taxonomy":"category","embeddable":true,"href":"https:\/\/lequotidien.mr\/index.php?rest_route=%2Fwp%2Fv2%2Fcategories&post=15618"},{"taxonomy":"post_tag","embeddable":true,"href":"https:\/\/lequotidien.mr\/index.php?rest_route=%2Fwp%2Fv2%2Ftags&post=15618"}],"curies":[{"name":"wp","href":"https:\/\/api.w.org\/{rel}","templated":true}]}}