{"id":15491,"date":"2024-01-28T16:42:42","date_gmt":"2024-01-28T16:42:42","guid":{"rendered":"https:\/\/lequotidien.mr\/?p=15491"},"modified":"2024-01-28T16:42:42","modified_gmt":"2024-01-28T16:42:42","slug":"la-ceni-se-reunit-avec-les-partis-pour-preparer-les-presidentielles-de-2024","status":"publish","type":"post","link":"https:\/\/lequotidien.mr\/?p=15491&lang=fr","title":{"rendered":"La CENI se r\u00e9unit avec les partis pour pr\u00e9parer les Pr\u00e9sidentielles de 2024"},"content":{"rendered":"<p style=\"text-align: left;\">La Commission \u00c9lectorale Nationale Ind\u00e9pendante\u00a0 (CENI) s&#8217;est r\u00e9cemment r\u00e9unie avec des repr\u00e9sentants des partis politiques pour discuter et r\u00e9viser le calendrier \u00e9lectoral des \u00e9lections pr\u00e9sidentielles de 2024. L&#8217;objectif principal de cette rencontre \u00e9tait de renforcer la coordination entre toutes les parties prenantes en vue du scrutin \u00e0 venir<\/p>\n<p style=\"text-align: left;\">Selon la page officielle de la CENI, la r\u00e9union a \u00e9t\u00e9 l&#8217;occasion d&#8217;\u00e9tudier les diff\u00e9rentes m\u00e9thodes permettant d&#8217;optimiser cette coordination. Cela incluait l&#8217;examen des proc\u00e9dures et des plans d&#8217;action n\u00e9cessaires pour assurer un d\u00e9roulement fluide et transparent des \u00e9lections<\/p>\n<p style=\"text-align: left;\">De plus, il a \u00e9t\u00e9 convenu, \u00e0 la demande des partis politiques, d&#8217;organiser une r\u00e9union d&#8217;\u00e9valuation des pr\u00e9c\u00e9dentes \u00e9lections. Cette r\u00e9union \u00e9valuative est pr\u00e9vue au si\u00e8ge de la CENI le jeudi 1er f\u00e9vrier 2024. L&#8217;objectif de cet \u00e9v\u00e9nement sera de tirer des le\u00e7ons des exp\u00e9riences pass\u00e9es pour am\u00e9liorer le processus \u00e9lectoral \u00e0 venir<\/p>\n<p style=\"text-align: left;\">Cette initiative marque une \u00e9tape importante dans les pr\u00e9paratifs des \u00e9lections pr\u00e9sidentielles en garantissant une approche inclusive et collaborative entre la commission \u00e9lectorale et les partis politiques, afin de promouvoir des \u00e9lections justes et \u00e9quitables<\/p>\n","protected":false},"excerpt":{"rendered":"<p>La Commission \u00c9lectorale Nationale Ind\u00e9pendante\u00a0 (CENI) s&#8217;est r\u00e9cemment r\u00e9unie avec des repr\u00e9sentants des partis politiques pour discuter et r\u00e9viser le calendrier \u00e9lectoral des \u00e9lections pr\u00e9sidentielles de 2024. L&#8217;objectif principal de cette rencontre \u00e9tait de renforcer la coordination entre toutes les parties prenantes en vue du scrutin \u00e0 venir Selon la page officielle de la CENI,&#8230;..<\/p>\n","protected":false},"author":4,"featured_media":15492,"comment_status":"open","ping_status":"open","sticky":false,"template":"","format":"standard","meta":{"footnotes":""},"categories":[23,57],"tags":[],"class_list":["post-15491","post","type-post","status-publish","format-standard","has-post-thumbnail","hentry","category-actualite","category-couverture-specilale"],"yoast_head":"<!-- This site is optimized with the Yoast SEO plugin v27.5 - https:\/\/yoast.com\/product\/yoast-seo-wordpress\/ -->\n<title>La CENI se r\u00e9unit avec les partis pour pr\u00e9parer les Pr\u00e9sidentielles de 2024 - Le Quotidien de Nouakchott<\/title>\n<meta name=\"robots\" content=\"index, follow, max-snippet:-1, max-image-preview:large, max-video-preview:-1\" \/>\n<link rel=\"canonical\" href=\"https:\/\/lequotidien.mr\/?p=15491&lang=fr\" \/>\n<meta property=\"og:locale\" content=\"ar_AR\" \/>\n<meta property=\"og:type\" content=\"article\" \/>\n<meta property=\"og:title\" content=\"La CENI se r\u00e9unit avec les partis pour pr\u00e9parer les Pr\u00e9sidentielles de 2024 - Le Quotidien de Nouakchott\" \/>\n<meta property=\"og:description\" content=\"La Commission \u00c9lectorale Nationale Ind\u00e9pendante\u00a0 (CENI) s&#8217;est r\u00e9cemment r\u00e9unie avec des repr\u00e9sentants des partis politiques pour discuter et r\u00e9viser le calendrier \u00e9lectoral des \u00e9lections pr\u00e9sidentielles de 2024. L&#8217;objectif principal de cette rencontre \u00e9tait de renforcer la coordination entre toutes les parties prenantes en vue du scrutin \u00e0 venir Selon la page officielle de la CENI,.....\" \/>\n<meta property=\"og:url\" content=\"https:\/\/lequotidien.mr\/?p=15491&amp;lang=fr\" \/>\n<meta property=\"og:site_name\" content=\"Le Quotidien de Nouakchott\" \/>\n<meta property=\"article:publisher\" content=\"https:\/\/web.facebook.com\/lequotidienmr\" \/>\n<meta property=\"article:published_time\" content=\"2024-01-28T16:42:42+00:00\" \/>\n<meta property=\"og:image\" content=\"https:\/\/lequotidien.mr\/wp-content\/uploads\/2024\/01\/photo-CENI.jpg\" \/>\n\t<meta property=\"og:image:width\" content=\"1080\" \/>\n\t<meta property=\"og:image:height\" content=\"810\" \/>\n\t<meta property=\"og:image:type\" content=\"image\/jpeg\" \/>\n<meta name=\"author\" content=\"Le Quotidien\" \/>\n<meta name=\"twitter:card\" content=\"summary_large_image\" \/>\n<meta name=\"twitter:creator\" content=\"@lequotidienmr\" \/>\n<meta name=\"twitter:site\" content=\"@lequotidienmr\" \/>\n<meta name=\"twitter:label1\" content=\"\u0643\u064f\u062a\u0628 \u0628\u0648\u0627\u0633\u0637\u0629\" \/>\n\t<meta name=\"twitter:data1\" content=\"Le Quotidien\" \/>\n\t<meta name=\"twitter:label2\" content=\"\u0648\u0642\u062a \u0627\u0644\u0642\u0631\u0627\u0621\u0629 \u0627\u0644\u0645\u064f\u0642\u062f\u0651\u0631\" \/>\n\t<meta name=\"twitter:data2\" content=\"\u062f\u0642\u064a\u0642\u0629 \u0648\u0627\u062d\u062f\u0629\" \/>\n<script type=\"application\/ld+json\" class=\"yoast-schema-graph\">{\"@context\":\"https:\\\/\\\/schema.org\",\"@graph\":[{\"@type\":\"Article\",\"@id\":\"https:\\\/\\\/lequotidien.mr\\\/?p=15491&lang=fr#article\",\"isPartOf\":{\"@id\":\"https:\\\/\\\/lequotidien.mr\\\/?p=15491&lang=fr\"},\"author\":{\"name\":\"Le Quotidien\",\"@id\":\"https:\\\/\\\/lequotidien.mr\\\/#\\\/schema\\\/person\\\/f90fcdaa970c60288de4ed2e64a56472\"},\"headline\":\"La CENI se r\u00e9unit avec les partis pour pr\u00e9parer les Pr\u00e9sidentielles de 2024\",\"datePublished\":\"2024-01-28T16:42:42+00:00\",\"mainEntityOfPage\":{\"@id\":\"https:\\\/\\\/lequotidien.mr\\\/?p=15491&lang=fr\"},\"wordCount\":221,\"commentCount\":0,\"publisher\":{\"@id\":\"https:\\\/\\\/lequotidien.mr\\\/#organization\"},\"image\":{\"@id\":\"https:\\\/\\\/lequotidien.mr\\\/?p=15491&lang=fr#primaryimage\"},\"thumbnailUrl\":\"https:\\\/\\\/lequotidien.mr\\\/wp-content\\\/uploads\\\/2024\\\/01\\\/photo-CENI.jpg\",\"articleSection\":[\"ACTUALIT\u00c9\",\"Couverture sp\u00e9cilale\"],\"inLanguage\":\"ar\",\"potentialAction\":[{\"@type\":\"CommentAction\",\"name\":\"Comment\",\"target\":[\"https:\\\/\\\/lequotidien.mr\\\/?p=15491&lang=fr#respond\"]}]},{\"@type\":\"WebPage\",\"@id\":\"https:\\\/\\\/lequotidien.mr\\\/?p=15491&lang=fr\",\"url\":\"https:\\\/\\\/lequotidien.mr\\\/?p=15491&lang=fr\",\"name\":\"La CENI se r\u00e9unit avec les partis pour pr\u00e9parer les Pr\u00e9sidentielles de 2024 - Le Quotidien de Nouakchott\",\"isPartOf\":{\"@id\":\"https:\\\/\\\/lequotidien.mr\\\/#website\"},\"primaryImageOfPage\":{\"@id\":\"https:\\\/\\\/lequotidien.mr\\\/?p=15491&lang=fr#primaryimage\"},\"image\":{\"@id\":\"https:\\\/\\\/lequotidien.mr\\\/?p=15491&lang=fr#primaryimage\"},\"thumbnailUrl\":\"https:\\\/\\\/lequotidien.mr\\\/wp-content\\\/uploads\\\/2024\\\/01\\\/photo-CENI.jpg\",\"datePublished\":\"2024-01-28T16:42:42+00:00\",\"breadcrumb\":{\"@id\":\"https:\\\/\\\/lequotidien.mr\\\/?p=15491&lang=fr#breadcrumb\"},\"inLanguage\":\"ar\",\"potentialAction\":[{\"@type\":\"ReadAction\",\"target\":[\"https:\\\/\\\/lequotidien.mr\\\/?p=15491&lang=fr\"]}]},{\"@type\":\"ImageObject\",\"inLanguage\":\"ar\",\"@id\":\"https:\\\/\\\/lequotidien.mr\\\/?p=15491&lang=fr#primaryimage\",\"url\":\"https:\\\/\\\/lequotidien.mr\\\/wp-content\\\/uploads\\\/2024\\\/01\\\/photo-CENI.jpg\",\"contentUrl\":\"https:\\\/\\\/lequotidien.mr\\\/wp-content\\\/uploads\\\/2024\\\/01\\\/photo-CENI.jpg\",\"width\":1080,\"height\":810},{\"@type\":\"BreadcrumbList\",\"@id\":\"https:\\\/\\\/lequotidien.mr\\\/?p=15491&lang=fr#breadcrumb\",\"itemListElement\":[{\"@type\":\"ListItem\",\"position\":1,\"name\":\"Home\",\"item\":\"https:\\\/\\\/lequotidien.mr\\\/\"},{\"@type\":\"ListItem\",\"position\":2,\"name\":\"La CENI se r\u00e9unit avec les partis pour pr\u00e9parer les Pr\u00e9sidentielles de 2024\"}]},{\"@type\":\"WebSite\",\"@id\":\"https:\\\/\\\/lequotidien.mr\\\/#website\",\"url\":\"https:\\\/\\\/lequotidien.mr\\\/\",\"name\":\"Le Quotidien de Nouakchott\",\"description\":\"\u0625\u062e\u0628\u0627\u0631\u064a\u0629 \u0645\u0633\u062a\u0642\u0644\u0629 \u0644\u0644\u0623\u0646\u0628\u0627\u0621 \u0627\u0644\u0639\u0627\u0645\u0629\",\"publisher\":{\"@id\":\"https:\\\/\\\/lequotidien.mr\\\/#organization\"},\"potentialAction\":[{\"@type\":\"SearchAction\",\"target\":{\"@type\":\"EntryPoint\",\"urlTemplate\":\"https:\\\/\\\/lequotidien.mr\\\/?s={search_term_string}\"},\"query-input\":{\"@type\":\"PropertyValueSpecification\",\"valueRequired\":true,\"valueName\":\"search_term_string\"}}],\"inLanguage\":\"ar\"},{\"@type\":\"Organization\",\"@id\":\"https:\\\/\\\/lequotidien.mr\\\/#organization\",\"name\":\"Le Quotidien de Nouakchott\",\"url\":\"https:\\\/\\\/lequotidien.mr\\\/\",\"logo\":{\"@type\":\"ImageObject\",\"inLanguage\":\"ar\",\"@id\":\"https:\\\/\\\/lequotidien.mr\\\/#\\\/schema\\\/logo\\\/image\\\/\",\"url\":\"https:\\\/\\\/lequotidien.mr\\\/wp-content\\\/uploads\\\/2022\\\/11\\\/logolequotidien.jpg\",\"contentUrl\":\"https:\\\/\\\/lequotidien.mr\\\/wp-content\\\/uploads\\\/2022\\\/11\\\/logolequotidien.jpg\",\"width\":290,\"height\":65,\"caption\":\"Le Quotidien de Nouakchott\"},\"image\":{\"@id\":\"https:\\\/\\\/lequotidien.mr\\\/#\\\/schema\\\/logo\\\/image\\\/\"},\"sameAs\":[\"https:\\\/\\\/web.facebook.com\\\/lequotidienmr\",\"https:\\\/\\\/x.com\\\/lequotidienmr\"]},{\"@type\":\"Person\",\"@id\":\"https:\\\/\\\/lequotidien.mr\\\/#\\\/schema\\\/person\\\/f90fcdaa970c60288de4ed2e64a56472\",\"name\":\"Le Quotidien\",\"image\":{\"@type\":\"ImageObject\",\"inLanguage\":\"ar\",\"@id\":\"https:\\\/\\\/secure.gravatar.com\\\/avatar\\\/374cb39a1a458a912465a93e5a3ce6546886fc3da809a1f10c63e4e8fcbca30f?s=96&d=mm&r=g\",\"url\":\"https:\\\/\\\/secure.gravatar.com\\\/avatar\\\/374cb39a1a458a912465a93e5a3ce6546886fc3da809a1f10c63e4e8fcbca30f?s=96&d=mm&r=g\",\"contentUrl\":\"https:\\\/\\\/secure.gravatar.com\\\/avatar\\\/374cb39a1a458a912465a93e5a3ce6546886fc3da809a1f10c63e4e8fcbca30f?s=96&d=mm&r=g\",\"caption\":\"Le Quotidien\"},\"sameAs\":[\"https:\\\/\\\/lequotidien.mr\\\/\"],\"url\":\"https:\\\/\\\/lequotidien.mr\\\/?author=4\"}]}<\/script>\n<!-- \/ Yoast SEO plugin. -->","yoast_head_json":{"title":"La CENI se r\u00e9unit avec les partis pour pr\u00e9parer les Pr\u00e9sidentielles de 2024 - Le Quotidien de Nouakchott","robots":{"index":"index","follow":"follow","max-snippet":"max-snippet:-1","max-image-preview":"max-image-preview:large","max-video-preview":"max-video-preview:-1"},"canonical":"https:\/\/lequotidien.mr\/?p=15491&lang=fr","og_locale":"ar_AR","og_type":"article","og_title":"La CENI se r\u00e9unit avec les partis pour pr\u00e9parer les Pr\u00e9sidentielles de 2024 - Le Quotidien de Nouakchott","og_description":"La Commission \u00c9lectorale Nationale Ind\u00e9pendante\u00a0 (CENI) s&#8217;est r\u00e9cemment r\u00e9unie avec des repr\u00e9sentants des partis politiques pour discuter et r\u00e9viser le calendrier \u00e9lectoral des \u00e9lections pr\u00e9sidentielles de 2024. L&#8217;objectif principal de cette rencontre \u00e9tait de renforcer la coordination entre toutes les parties prenantes en vue du scrutin \u00e0 venir Selon la page officielle de la CENI,.....","og_url":"https:\/\/lequotidien.mr\/?p=15491&lang=fr","og_site_name":"Le Quotidien de Nouakchott","article_publisher":"https:\/\/web.facebook.com\/lequotidienmr","article_published_time":"2024-01-28T16:42:42+00:00","og_image":[{"width":1080,"height":810,"url":"https:\/\/lequotidien.mr\/wp-content\/uploads\/2024\/01\/photo-CENI.jpg","type":"image\/jpeg"}],"author":"Le Quotidien","twitter_card":"summary_large_image","twitter_creator":"@lequotidienmr","twitter_site":"@lequotidienmr","twitter_misc":{"\u0643\u064f\u062a\u0628 \u0628\u0648\u0627\u0633\u0637\u0629":"Le Quotidien","\u0648\u0642\u062a \u0627\u0644\u0642\u0631\u0627\u0621\u0629 \u0627\u0644\u0645\u064f\u0642\u062f\u0651\u0631":"\u062f\u0642\u064a\u0642\u0629 \u0648\u0627\u062d\u062f\u0629"},"schema":{"@context":"https:\/\/schema.org","@graph":[{"@type":"Article","@id":"https:\/\/lequotidien.mr\/?p=15491&lang=fr#article","isPartOf":{"@id":"https:\/\/lequotidien.mr\/?p=15491&lang=fr"},"author":{"name":"Le Quotidien","@id":"https:\/\/lequotidien.mr\/#\/schema\/person\/f90fcdaa970c60288de4ed2e64a56472"},"headline":"La CENI se r\u00e9unit avec les partis pour pr\u00e9parer les Pr\u00e9sidentielles de 2024","datePublished":"2024-01-28T16:42:42+00:00","mainEntityOfPage":{"@id":"https:\/\/lequotidien.mr\/?p=15491&lang=fr"},"wordCount":221,"commentCount":0,"publisher":{"@id":"https:\/\/lequotidien.mr\/#organization"},"image":{"@id":"https:\/\/lequotidien.mr\/?p=15491&lang=fr#primaryimage"},"thumbnailUrl":"https:\/\/lequotidien.mr\/wp-content\/uploads\/2024\/01\/photo-CENI.jpg","articleSection":["ACTUALIT\u00c9","Couverture sp\u00e9cilale"],"inLanguage":"ar","potentialAction":[{"@type":"CommentAction","name":"Comment","target":["https:\/\/lequotidien.mr\/?p=15491&lang=fr#respond"]}]},{"@type":"WebPage","@id":"https:\/\/lequotidien.mr\/?p=15491&lang=fr","url":"https:\/\/lequotidien.mr\/?p=15491&lang=fr","name":"La CENI se r\u00e9unit avec les partis pour pr\u00e9parer les Pr\u00e9sidentielles de 2024 - Le Quotidien de Nouakchott","isPartOf":{"@id":"https:\/\/lequotidien.mr\/#website"},"primaryImageOfPage":{"@id":"https:\/\/lequotidien.mr\/?p=15491&lang=fr#primaryimage"},"image":{"@id":"https:\/\/lequotidien.mr\/?p=15491&lang=fr#primaryimage"},"thumbnailUrl":"https:\/\/lequotidien.mr\/wp-content\/uploads\/2024\/01\/photo-CENI.jpg","datePublished":"2024-01-28T16:42:42+00:00","breadcrumb":{"@id":"https:\/\/lequotidien.mr\/?p=15491&lang=fr#breadcrumb"},"inLanguage":"ar","potentialAction":[{"@type":"ReadAction","target":["https:\/\/lequotidien.mr\/?p=15491&lang=fr"]}]},{"@type":"ImageObject","inLanguage":"ar","@id":"https:\/\/lequotidien.mr\/?p=15491&lang=fr#primaryimage","url":"https:\/\/lequotidien.mr\/wp-content\/uploads\/2024\/01\/photo-CENI.jpg","contentUrl":"https:\/\/lequotidien.mr\/wp-content\/uploads\/2024\/01\/photo-CENI.jpg","width":1080,"height":810},{"@type":"BreadcrumbList","@id":"https:\/\/lequotidien.mr\/?p=15491&lang=fr#breadcrumb","itemListElement":[{"@type":"ListItem","position":1,"name":"Home","item":"https:\/\/lequotidien.mr\/"},{"@type":"ListItem","position":2,"name":"La CENI se r\u00e9unit avec les partis pour pr\u00e9parer les Pr\u00e9sidentielles de 2024"}]},{"@type":"WebSite","@id":"https:\/\/lequotidien.mr\/#website","url":"https:\/\/lequotidien.mr\/","name":"Le Quotidien de Nouakchott","description":"\u0625\u062e\u0628\u0627\u0631\u064a\u0629 \u0645\u0633\u062a\u0642\u0644\u0629 \u0644\u0644\u0623\u0646\u0628\u0627\u0621 \u0627\u0644\u0639\u0627\u0645\u0629","publisher":{"@id":"https:\/\/lequotidien.mr\/#organization"},"potentialAction":[{"@type":"SearchAction","target":{"@type":"EntryPoint","urlTemplate":"https:\/\/lequotidien.mr\/?s={search_term_string}"},"query-input":{"@type":"PropertyValueSpecification","valueRequired":true,"valueName":"search_term_string"}}],"inLanguage":"ar"},{"@type":"Organization","@id":"https:\/\/lequotidien.mr\/#organization","name":"Le Quotidien de Nouakchott","url":"https:\/\/lequotidien.mr\/","logo":{"@type":"ImageObject","inLanguage":"ar","@id":"https:\/\/lequotidien.mr\/#\/schema\/logo\/image\/","url":"https:\/\/lequotidien.mr\/wp-content\/uploads\/2022\/11\/logolequotidien.jpg","contentUrl":"https:\/\/lequotidien.mr\/wp-content\/uploads\/2022\/11\/logolequotidien.jpg","width":290,"height":65,"caption":"Le Quotidien de Nouakchott"},"image":{"@id":"https:\/\/lequotidien.mr\/#\/schema\/logo\/image\/"},"sameAs":["https:\/\/web.facebook.com\/lequotidienmr","https:\/\/x.com\/lequotidienmr"]},{"@type":"Person","@id":"https:\/\/lequotidien.mr\/#\/schema\/person\/f90fcdaa970c60288de4ed2e64a56472","name":"Le Quotidien","image":{"@type":"ImageObject","inLanguage":"ar","@id":"https:\/\/secure.gravatar.com\/avatar\/374cb39a1a458a912465a93e5a3ce6546886fc3da809a1f10c63e4e8fcbca30f?s=96&d=mm&r=g","url":"https:\/\/secure.gravatar.com\/avatar\/374cb39a1a458a912465a93e5a3ce6546886fc3da809a1f10c63e4e8fcbca30f?s=96&d=mm&r=g","contentUrl":"https:\/\/secure.gravatar.com\/avatar\/374cb39a1a458a912465a93e5a3ce6546886fc3da809a1f10c63e4e8fcbca30f?s=96&d=mm&r=g","caption":"Le Quotidien"},"sameAs":["https:\/\/lequotidien.mr\/"],"url":"https:\/\/lequotidien.mr\/?author=4"}]}},"_links":{"self":[{"href":"https:\/\/lequotidien.mr\/index.php?rest_route=\/wp\/v2\/posts\/15491","targetHints":{"allow":["GET"]}}],"collection":[{"href":"https:\/\/lequotidien.mr\/index.php?rest_route=\/wp\/v2\/posts"}],"about":[{"href":"https:\/\/lequotidien.mr\/index.php?rest_route=\/wp\/v2\/types\/post"}],"author":[{"embeddable":true,"href":"https:\/\/lequotidien.mr\/index.php?rest_route=\/wp\/v2\/users\/4"}],"replies":[{"embeddable":true,"href":"https:\/\/lequotidien.mr\/index.php?rest_route=%2Fwp%2Fv2%2Fcomments&post=15491"}],"version-history":[{"count":1,"href":"https:\/\/lequotidien.mr\/index.php?rest_route=\/wp\/v2\/posts\/15491\/revisions"}],"predecessor-version":[{"id":15493,"href":"https:\/\/lequotidien.mr\/index.php?rest_route=\/wp\/v2\/posts\/15491\/revisions\/15493"}],"wp:featuredmedia":[{"embeddable":true,"href":"https:\/\/lequotidien.mr\/index.php?rest_route=\/wp\/v2\/media\/15492"}],"wp:attachment":[{"href":"https:\/\/lequotidien.mr\/index.php?rest_route=%2Fwp%2Fv2%2Fmedia&parent=15491"}],"wp:term":[{"taxonomy":"category","embeddable":true,"href":"https:\/\/lequotidien.mr\/index.php?rest_route=%2Fwp%2Fv2%2Fcategories&post=15491"},{"taxonomy":"post_tag","embeddable":true,"href":"https:\/\/lequotidien.mr\/index.php?rest_route=%2Fwp%2Fv2%2Ftags&post=15491"}],"curies":[{"name":"wp","href":"https:\/\/api.w.org\/{rel}","templated":true}]}}