{"id":15488,"date":"2024-01-28T16:31:18","date_gmt":"2024-01-28T16:31:18","guid":{"rendered":"https:\/\/lequotidien.mr\/?p=15488"},"modified":"2024-01-28T16:31:18","modified_gmt":"2024-01-28T16:31:18","slug":"democratie-mouvement-de-renouveau","status":"publish","type":"post","link":"https:\/\/lequotidien.mr\/?p=15488&lang=fr","title":{"rendered":"D\u00e9mocratie\/Mouvement de Renouveau"},"content":{"rendered":"<p style=\"text-align: left;\">Mamadou Bocar Ba, pr\u00e9sident du parti Alliance pour la Justice et la D\u00e9mocratie\/Mouvement de Renouveau, a annonc\u00e9 avoir \u00e9t\u00e9 choisi comme candidat \u00e0 la prochaine \u00e9lection pr\u00e9sidentielle lors du congr\u00e8s extraordinaire du parti. Il a soulign\u00e9 son intention de rester ouvert \u00e0 la collaboration avec ses partenaires de l&#8217;opposition afin de d\u00e9velopper une strat\u00e9gie visant \u00e0 instaurer un changement d\u00e9mocratique dans le pays cette ann\u00e9e<\/p>\n<p style=\"text-align: left;\">Lors de sa premi\u00e8re conf\u00e9rence de presse, une semaine apr\u00e8s avoir \u00e9t\u00e9 \u00e9lu pr\u00e9sident du parti, succ\u00e9dant \u00e0 Ibrahim Mokhtar Sarr, Ba a expliqu\u00e9 que sa candidature \u00e0 la pr\u00e9sidence repr\u00e9sentait un d\u00e9fi n\u00e9cessitant beaucoup de travail, d&#8217;activit\u00e9 et de sensibilisation. Il a mis l&#8217;accent sur l&#8217;importance de &#8220;renforcer et de diffuser la pr\u00e9sence du parti&#8221;, une t\u00e2che pour laquelle il compte sur son \u00e9quipe jeune et dynamique<\/p>\n<p style=\"text-align: left;\">Ba a \u00e9galement exprim\u00e9 son inqui\u00e9tude concernant la situation d\u00e9licate que traverse actuellement la Mauritanie, semblable \u00e0 celle des autres pays de la r\u00e9gion du Sahel. Pour lui, surmonter ces d\u00e9fis n\u00e9cessite une unit\u00e9 nationale, et il critique les autorit\u00e9s pour ne pas \u0153uvrer suffisamment \u00e0 cr\u00e9er une harmonie nationale capable de r\u00e9sister aux probl\u00e8mes rencontr\u00e9s<\/p>\n<p style=\"text-align: left;\">Parmi les principaux enjeux auxquels fait face la Mauritanie aujourd&#8217;hui, Ba a cit\u00e9 &#8220;la question du recensement&#8221;, &#8220;la loi d&#8217;orientation sur l&#8217;\u00e9ducation&#8221;, et &#8220;les probl\u00e8mes de coexistence&#8221;. Il estime que l&#8217;opposition doit se r\u00e9unir pour discuter des meilleurs moyens de pr\u00e9senter ces probl\u00e8mes et de trouver des solutions<\/p>\n<p style=\"text-align: left;\">Enfin, il a soulign\u00e9 une divergence au sein m\u00eame de l&#8217;opposition, notant que ses membres &#8220;ne parlent pas d&#8217;une seule voix et ne sont pas d&#8217;accord sur des points sp\u00e9cifiques et clairs&#8221;<\/p>\n","protected":false},"excerpt":{"rendered":"<p>Mamadou Bocar Ba, pr\u00e9sident du parti Alliance pour la Justice et la D\u00e9mocratie\/Mouvement de Renouveau, a annonc\u00e9 avoir \u00e9t\u00e9 choisi comme candidat \u00e0 la prochaine \u00e9lection pr\u00e9sidentielle lors du congr\u00e8s extraordinaire du parti. Il a soulign\u00e9 son intention de rester ouvert \u00e0 la collaboration avec ses partenaires de l&#8217;opposition afin de d\u00e9velopper une strat\u00e9gie visant&#8230;..<\/p>\n","protected":false},"author":4,"featured_media":15489,"comment_status":"open","ping_status":"open","sticky":false,"template":"","format":"standard","meta":{"footnotes":""},"categories":[23,59,57],"tags":[],"class_list":["post-15488","post","type-post","status-publish","format-standard","has-post-thumbnail","hentry","category-actualite","category-opinion","category-couverture-specilale"],"yoast_head":"<!-- This site is optimized with the Yoast SEO plugin v27.5 - https:\/\/yoast.com\/product\/yoast-seo-wordpress\/ -->\n<title>D\u00e9mocratie\/Mouvement de Renouveau - Le Quotidien de Nouakchott<\/title>\n<meta name=\"robots\" content=\"index, follow, max-snippet:-1, max-image-preview:large, max-video-preview:-1\" \/>\n<link rel=\"canonical\" href=\"https:\/\/lequotidien.mr\/?p=15488&lang=fr\" \/>\n<meta property=\"og:locale\" content=\"ar_AR\" \/>\n<meta property=\"og:type\" content=\"article\" \/>\n<meta property=\"og:title\" content=\"D\u00e9mocratie\/Mouvement de Renouveau - Le Quotidien de Nouakchott\" \/>\n<meta property=\"og:description\" content=\"Mamadou Bocar Ba, pr\u00e9sident du parti Alliance pour la Justice et la D\u00e9mocratie\/Mouvement de Renouveau, a annonc\u00e9 avoir \u00e9t\u00e9 choisi comme candidat \u00e0 la prochaine \u00e9lection pr\u00e9sidentielle lors du congr\u00e8s extraordinaire du parti. Il a soulign\u00e9 son intention de rester ouvert \u00e0 la collaboration avec ses partenaires de l&#8217;opposition afin de d\u00e9velopper une strat\u00e9gie visant.....\" \/>\n<meta property=\"og:url\" content=\"https:\/\/lequotidien.mr\/?p=15488&amp;lang=fr\" \/>\n<meta property=\"og:site_name\" content=\"Le Quotidien de Nouakchott\" \/>\n<meta property=\"article:publisher\" content=\"https:\/\/web.facebook.com\/lequotidienmr\" \/>\n<meta property=\"article:published_time\" content=\"2024-01-28T16:31:18+00:00\" \/>\n<meta property=\"og:image\" content=\"https:\/\/lequotidien.mr\/wp-content\/uploads\/2024\/01\/photo-Mdou-Bocar-Ba.jpg\" \/>\n\t<meta property=\"og:image:width\" content=\"934\" \/>\n\t<meta property=\"og:image:height\" content=\"1010\" \/>\n\t<meta property=\"og:image:type\" content=\"image\/jpeg\" \/>\n<meta name=\"author\" content=\"Le Quotidien\" \/>\n<meta name=\"twitter:card\" content=\"summary_large_image\" \/>\n<meta name=\"twitter:creator\" content=\"@lequotidienmr\" \/>\n<meta name=\"twitter:site\" content=\"@lequotidienmr\" \/>\n<meta name=\"twitter:label1\" content=\"\u0643\u064f\u062a\u0628 \u0628\u0648\u0627\u0633\u0637\u0629\" \/>\n\t<meta name=\"twitter:data1\" content=\"Le Quotidien\" \/>\n\t<meta name=\"twitter:label2\" content=\"\u0648\u0642\u062a \u0627\u0644\u0642\u0631\u0627\u0621\u0629 \u0627\u0644\u0645\u064f\u0642\u062f\u0651\u0631\" \/>\n\t<meta name=\"twitter:data2\" content=\"\u062f\u0642\u064a\u0642\u0629 \u0648\u0627\u062d\u062f\u0629\" \/>\n<script type=\"application\/ld+json\" class=\"yoast-schema-graph\">{\"@context\":\"https:\\\/\\\/schema.org\",\"@graph\":[{\"@type\":\"Article\",\"@id\":\"https:\\\/\\\/lequotidien.mr\\\/?p=15488&lang=fr#article\",\"isPartOf\":{\"@id\":\"https:\\\/\\\/lequotidien.mr\\\/?p=15488&lang=fr\"},\"author\":{\"name\":\"Le Quotidien\",\"@id\":\"https:\\\/\\\/lequotidien.mr\\\/#\\\/schema\\\/person\\\/f90fcdaa970c60288de4ed2e64a56472\"},\"headline\":\"D\u00e9mocratie\\\/Mouvement de Renouveau\",\"datePublished\":\"2024-01-28T16:31:18+00:00\",\"mainEntityOfPage\":{\"@id\":\"https:\\\/\\\/lequotidien.mr\\\/?p=15488&lang=fr\"},\"wordCount\":314,\"commentCount\":0,\"publisher\":{\"@id\":\"https:\\\/\\\/lequotidien.mr\\\/#organization\"},\"image\":{\"@id\":\"https:\\\/\\\/lequotidien.mr\\\/?p=15488&lang=fr#primaryimage\"},\"thumbnailUrl\":\"https:\\\/\\\/lequotidien.mr\\\/wp-content\\\/uploads\\\/2024\\\/01\\\/photo-Mdou-Bocar-Ba.jpg\",\"articleSection\":[\"ACTUALIT\u00c9\",\"Opinion\",\"Couverture sp\u00e9cilale\"],\"inLanguage\":\"ar\",\"potentialAction\":[{\"@type\":\"CommentAction\",\"name\":\"Comment\",\"target\":[\"https:\\\/\\\/lequotidien.mr\\\/?p=15488&lang=fr#respond\"]}]},{\"@type\":\"WebPage\",\"@id\":\"https:\\\/\\\/lequotidien.mr\\\/?p=15488&lang=fr\",\"url\":\"https:\\\/\\\/lequotidien.mr\\\/?p=15488&lang=fr\",\"name\":\"D\u00e9mocratie\\\/Mouvement de Renouveau - Le Quotidien de Nouakchott\",\"isPartOf\":{\"@id\":\"https:\\\/\\\/lequotidien.mr\\\/#website\"},\"primaryImageOfPage\":{\"@id\":\"https:\\\/\\\/lequotidien.mr\\\/?p=15488&lang=fr#primaryimage\"},\"image\":{\"@id\":\"https:\\\/\\\/lequotidien.mr\\\/?p=15488&lang=fr#primaryimage\"},\"thumbnailUrl\":\"https:\\\/\\\/lequotidien.mr\\\/wp-content\\\/uploads\\\/2024\\\/01\\\/photo-Mdou-Bocar-Ba.jpg\",\"datePublished\":\"2024-01-28T16:31:18+00:00\",\"breadcrumb\":{\"@id\":\"https:\\\/\\\/lequotidien.mr\\\/?p=15488&lang=fr#breadcrumb\"},\"inLanguage\":\"ar\",\"potentialAction\":[{\"@type\":\"ReadAction\",\"target\":[\"https:\\\/\\\/lequotidien.mr\\\/?p=15488&lang=fr\"]}]},{\"@type\":\"ImageObject\",\"inLanguage\":\"ar\",\"@id\":\"https:\\\/\\\/lequotidien.mr\\\/?p=15488&lang=fr#primaryimage\",\"url\":\"https:\\\/\\\/lequotidien.mr\\\/wp-content\\\/uploads\\\/2024\\\/01\\\/photo-Mdou-Bocar-Ba.jpg\",\"contentUrl\":\"https:\\\/\\\/lequotidien.mr\\\/wp-content\\\/uploads\\\/2024\\\/01\\\/photo-Mdou-Bocar-Ba.jpg\",\"width\":934,\"height\":1010},{\"@type\":\"BreadcrumbList\",\"@id\":\"https:\\\/\\\/lequotidien.mr\\\/?p=15488&lang=fr#breadcrumb\",\"itemListElement\":[{\"@type\":\"ListItem\",\"position\":1,\"name\":\"Home\",\"item\":\"https:\\\/\\\/lequotidien.mr\\\/\"},{\"@type\":\"ListItem\",\"position\":2,\"name\":\"D\u00e9mocratie\\\/Mouvement de Renouveau\"}]},{\"@type\":\"WebSite\",\"@id\":\"https:\\\/\\\/lequotidien.mr\\\/#website\",\"url\":\"https:\\\/\\\/lequotidien.mr\\\/\",\"name\":\"Le Quotidien de Nouakchott\",\"description\":\"\u0625\u062e\u0628\u0627\u0631\u064a\u0629 \u0645\u0633\u062a\u0642\u0644\u0629 \u0644\u0644\u0623\u0646\u0628\u0627\u0621 \u0627\u0644\u0639\u0627\u0645\u0629\",\"publisher\":{\"@id\":\"https:\\\/\\\/lequotidien.mr\\\/#organization\"},\"potentialAction\":[{\"@type\":\"SearchAction\",\"target\":{\"@type\":\"EntryPoint\",\"urlTemplate\":\"https:\\\/\\\/lequotidien.mr\\\/?s={search_term_string}\"},\"query-input\":{\"@type\":\"PropertyValueSpecification\",\"valueRequired\":true,\"valueName\":\"search_term_string\"}}],\"inLanguage\":\"ar\"},{\"@type\":\"Organization\",\"@id\":\"https:\\\/\\\/lequotidien.mr\\\/#organization\",\"name\":\"Le Quotidien de Nouakchott\",\"url\":\"https:\\\/\\\/lequotidien.mr\\\/\",\"logo\":{\"@type\":\"ImageObject\",\"inLanguage\":\"ar\",\"@id\":\"https:\\\/\\\/lequotidien.mr\\\/#\\\/schema\\\/logo\\\/image\\\/\",\"url\":\"https:\\\/\\\/lequotidien.mr\\\/wp-content\\\/uploads\\\/2022\\\/11\\\/logolequotidien.jpg\",\"contentUrl\":\"https:\\\/\\\/lequotidien.mr\\\/wp-content\\\/uploads\\\/2022\\\/11\\\/logolequotidien.jpg\",\"width\":290,\"height\":65,\"caption\":\"Le Quotidien de Nouakchott\"},\"image\":{\"@id\":\"https:\\\/\\\/lequotidien.mr\\\/#\\\/schema\\\/logo\\\/image\\\/\"},\"sameAs\":[\"https:\\\/\\\/web.facebook.com\\\/lequotidienmr\",\"https:\\\/\\\/x.com\\\/lequotidienmr\"]},{\"@type\":\"Person\",\"@id\":\"https:\\\/\\\/lequotidien.mr\\\/#\\\/schema\\\/person\\\/f90fcdaa970c60288de4ed2e64a56472\",\"name\":\"Le Quotidien\",\"image\":{\"@type\":\"ImageObject\",\"inLanguage\":\"ar\",\"@id\":\"https:\\\/\\\/secure.gravatar.com\\\/avatar\\\/374cb39a1a458a912465a93e5a3ce6546886fc3da809a1f10c63e4e8fcbca30f?s=96&d=mm&r=g\",\"url\":\"https:\\\/\\\/secure.gravatar.com\\\/avatar\\\/374cb39a1a458a912465a93e5a3ce6546886fc3da809a1f10c63e4e8fcbca30f?s=96&d=mm&r=g\",\"contentUrl\":\"https:\\\/\\\/secure.gravatar.com\\\/avatar\\\/374cb39a1a458a912465a93e5a3ce6546886fc3da809a1f10c63e4e8fcbca30f?s=96&d=mm&r=g\",\"caption\":\"Le Quotidien\"},\"sameAs\":[\"https:\\\/\\\/lequotidien.mr\\\/\"],\"url\":\"https:\\\/\\\/lequotidien.mr\\\/?author=4\"}]}<\/script>\n<!-- \/ Yoast SEO plugin. -->","yoast_head_json":{"title":"D\u00e9mocratie\/Mouvement de Renouveau - Le Quotidien de Nouakchott","robots":{"index":"index","follow":"follow","max-snippet":"max-snippet:-1","max-image-preview":"max-image-preview:large","max-video-preview":"max-video-preview:-1"},"canonical":"https:\/\/lequotidien.mr\/?p=15488&lang=fr","og_locale":"ar_AR","og_type":"article","og_title":"D\u00e9mocratie\/Mouvement de Renouveau - Le Quotidien de Nouakchott","og_description":"Mamadou Bocar Ba, pr\u00e9sident du parti Alliance pour la Justice et la D\u00e9mocratie\/Mouvement de Renouveau, a annonc\u00e9 avoir \u00e9t\u00e9 choisi comme candidat \u00e0 la prochaine \u00e9lection pr\u00e9sidentielle lors du congr\u00e8s extraordinaire du parti. Il a soulign\u00e9 son intention de rester ouvert \u00e0 la collaboration avec ses partenaires de l&#8217;opposition afin de d\u00e9velopper une strat\u00e9gie visant.....","og_url":"https:\/\/lequotidien.mr\/?p=15488&lang=fr","og_site_name":"Le Quotidien de Nouakchott","article_publisher":"https:\/\/web.facebook.com\/lequotidienmr","article_published_time":"2024-01-28T16:31:18+00:00","og_image":[{"width":934,"height":1010,"url":"https:\/\/lequotidien.mr\/wp-content\/uploads\/2024\/01\/photo-Mdou-Bocar-Ba.jpg","type":"image\/jpeg"}],"author":"Le Quotidien","twitter_card":"summary_large_image","twitter_creator":"@lequotidienmr","twitter_site":"@lequotidienmr","twitter_misc":{"\u0643\u064f\u062a\u0628 \u0628\u0648\u0627\u0633\u0637\u0629":"Le Quotidien","\u0648\u0642\u062a \u0627\u0644\u0642\u0631\u0627\u0621\u0629 \u0627\u0644\u0645\u064f\u0642\u062f\u0651\u0631":"\u062f\u0642\u064a\u0642\u0629 \u0648\u0627\u062d\u062f\u0629"},"schema":{"@context":"https:\/\/schema.org","@graph":[{"@type":"Article","@id":"https:\/\/lequotidien.mr\/?p=15488&lang=fr#article","isPartOf":{"@id":"https:\/\/lequotidien.mr\/?p=15488&lang=fr"},"author":{"name":"Le Quotidien","@id":"https:\/\/lequotidien.mr\/#\/schema\/person\/f90fcdaa970c60288de4ed2e64a56472"},"headline":"D\u00e9mocratie\/Mouvement de Renouveau","datePublished":"2024-01-28T16:31:18+00:00","mainEntityOfPage":{"@id":"https:\/\/lequotidien.mr\/?p=15488&lang=fr"},"wordCount":314,"commentCount":0,"publisher":{"@id":"https:\/\/lequotidien.mr\/#organization"},"image":{"@id":"https:\/\/lequotidien.mr\/?p=15488&lang=fr#primaryimage"},"thumbnailUrl":"https:\/\/lequotidien.mr\/wp-content\/uploads\/2024\/01\/photo-Mdou-Bocar-Ba.jpg","articleSection":["ACTUALIT\u00c9","Opinion","Couverture sp\u00e9cilale"],"inLanguage":"ar","potentialAction":[{"@type":"CommentAction","name":"Comment","target":["https:\/\/lequotidien.mr\/?p=15488&lang=fr#respond"]}]},{"@type":"WebPage","@id":"https:\/\/lequotidien.mr\/?p=15488&lang=fr","url":"https:\/\/lequotidien.mr\/?p=15488&lang=fr","name":"D\u00e9mocratie\/Mouvement de Renouveau - Le Quotidien de Nouakchott","isPartOf":{"@id":"https:\/\/lequotidien.mr\/#website"},"primaryImageOfPage":{"@id":"https:\/\/lequotidien.mr\/?p=15488&lang=fr#primaryimage"},"image":{"@id":"https:\/\/lequotidien.mr\/?p=15488&lang=fr#primaryimage"},"thumbnailUrl":"https:\/\/lequotidien.mr\/wp-content\/uploads\/2024\/01\/photo-Mdou-Bocar-Ba.jpg","datePublished":"2024-01-28T16:31:18+00:00","breadcrumb":{"@id":"https:\/\/lequotidien.mr\/?p=15488&lang=fr#breadcrumb"},"inLanguage":"ar","potentialAction":[{"@type":"ReadAction","target":["https:\/\/lequotidien.mr\/?p=15488&lang=fr"]}]},{"@type":"ImageObject","inLanguage":"ar","@id":"https:\/\/lequotidien.mr\/?p=15488&lang=fr#primaryimage","url":"https:\/\/lequotidien.mr\/wp-content\/uploads\/2024\/01\/photo-Mdou-Bocar-Ba.jpg","contentUrl":"https:\/\/lequotidien.mr\/wp-content\/uploads\/2024\/01\/photo-Mdou-Bocar-Ba.jpg","width":934,"height":1010},{"@type":"BreadcrumbList","@id":"https:\/\/lequotidien.mr\/?p=15488&lang=fr#breadcrumb","itemListElement":[{"@type":"ListItem","position":1,"name":"Home","item":"https:\/\/lequotidien.mr\/"},{"@type":"ListItem","position":2,"name":"D\u00e9mocratie\/Mouvement de Renouveau"}]},{"@type":"WebSite","@id":"https:\/\/lequotidien.mr\/#website","url":"https:\/\/lequotidien.mr\/","name":"Le Quotidien de Nouakchott","description":"\u0625\u062e\u0628\u0627\u0631\u064a\u0629 \u0645\u0633\u062a\u0642\u0644\u0629 \u0644\u0644\u0623\u0646\u0628\u0627\u0621 \u0627\u0644\u0639\u0627\u0645\u0629","publisher":{"@id":"https:\/\/lequotidien.mr\/#organization"},"potentialAction":[{"@type":"SearchAction","target":{"@type":"EntryPoint","urlTemplate":"https:\/\/lequotidien.mr\/?s={search_term_string}"},"query-input":{"@type":"PropertyValueSpecification","valueRequired":true,"valueName":"search_term_string"}}],"inLanguage":"ar"},{"@type":"Organization","@id":"https:\/\/lequotidien.mr\/#organization","name":"Le Quotidien de Nouakchott","url":"https:\/\/lequotidien.mr\/","logo":{"@type":"ImageObject","inLanguage":"ar","@id":"https:\/\/lequotidien.mr\/#\/schema\/logo\/image\/","url":"https:\/\/lequotidien.mr\/wp-content\/uploads\/2022\/11\/logolequotidien.jpg","contentUrl":"https:\/\/lequotidien.mr\/wp-content\/uploads\/2022\/11\/logolequotidien.jpg","width":290,"height":65,"caption":"Le Quotidien de Nouakchott"},"image":{"@id":"https:\/\/lequotidien.mr\/#\/schema\/logo\/image\/"},"sameAs":["https:\/\/web.facebook.com\/lequotidienmr","https:\/\/x.com\/lequotidienmr"]},{"@type":"Person","@id":"https:\/\/lequotidien.mr\/#\/schema\/person\/f90fcdaa970c60288de4ed2e64a56472","name":"Le Quotidien","image":{"@type":"ImageObject","inLanguage":"ar","@id":"https:\/\/secure.gravatar.com\/avatar\/374cb39a1a458a912465a93e5a3ce6546886fc3da809a1f10c63e4e8fcbca30f?s=96&d=mm&r=g","url":"https:\/\/secure.gravatar.com\/avatar\/374cb39a1a458a912465a93e5a3ce6546886fc3da809a1f10c63e4e8fcbca30f?s=96&d=mm&r=g","contentUrl":"https:\/\/secure.gravatar.com\/avatar\/374cb39a1a458a912465a93e5a3ce6546886fc3da809a1f10c63e4e8fcbca30f?s=96&d=mm&r=g","caption":"Le Quotidien"},"sameAs":["https:\/\/lequotidien.mr\/"],"url":"https:\/\/lequotidien.mr\/?author=4"}]}},"_links":{"self":[{"href":"https:\/\/lequotidien.mr\/index.php?rest_route=\/wp\/v2\/posts\/15488","targetHints":{"allow":["GET"]}}],"collection":[{"href":"https:\/\/lequotidien.mr\/index.php?rest_route=\/wp\/v2\/posts"}],"about":[{"href":"https:\/\/lequotidien.mr\/index.php?rest_route=\/wp\/v2\/types\/post"}],"author":[{"embeddable":true,"href":"https:\/\/lequotidien.mr\/index.php?rest_route=\/wp\/v2\/users\/4"}],"replies":[{"embeddable":true,"href":"https:\/\/lequotidien.mr\/index.php?rest_route=%2Fwp%2Fv2%2Fcomments&post=15488"}],"version-history":[{"count":1,"href":"https:\/\/lequotidien.mr\/index.php?rest_route=\/wp\/v2\/posts\/15488\/revisions"}],"predecessor-version":[{"id":15490,"href":"https:\/\/lequotidien.mr\/index.php?rest_route=\/wp\/v2\/posts\/15488\/revisions\/15490"}],"wp:featuredmedia":[{"embeddable":true,"href":"https:\/\/lequotidien.mr\/index.php?rest_route=\/wp\/v2\/media\/15489"}],"wp:attachment":[{"href":"https:\/\/lequotidien.mr\/index.php?rest_route=%2Fwp%2Fv2%2Fmedia&parent=15488"}],"wp:term":[{"taxonomy":"category","embeddable":true,"href":"https:\/\/lequotidien.mr\/index.php?rest_route=%2Fwp%2Fv2%2Fcategories&post=15488"},{"taxonomy":"post_tag","embeddable":true,"href":"https:\/\/lequotidien.mr\/index.php?rest_route=%2Fwp%2Fv2%2Ftags&post=15488"}],"curies":[{"name":"wp","href":"https:\/\/api.w.org\/{rel}","templated":true}]}}