{"id":15472,"date":"2024-01-28T16:08:17","date_gmt":"2024-01-28T16:08:17","guid":{"rendered":"https:\/\/lequotidien.mr\/?p=15472"},"modified":"2024-01-28T16:17:09","modified_gmt":"2024-01-28T16:17:09","slug":"lancement-de-lassemblee-constitutive-du-mouvement-pour-la-patrie-a-nouakchott","status":"publish","type":"post","link":"https:\/\/lequotidien.mr\/?p=15472&lang=fr","title":{"rendered":"Lancement de l&#8217;Assembl\u00e9e Constitutive du Mouvement &#8220;Pour la Patrie&#8221; \u00e0 Nouakchott"},"content":{"rendered":"<p>La nouvelle plateforme politique &#8220;Pour la Patrie&#8221;, dirig\u00e9e par l&#8217;ancien leader du parti &#8220;Tawassoul&#8221;, Mohamed Jamil Mansour, a r\u00e9cemment lanc\u00e9 son Assembl\u00e9e Constitutive dans la capitale mauritanienne, \u00e0 l&#8217;h\u00f4tel Mauri Centre. Cette assembl\u00e9e a \u00e9t\u00e9 l&#8217;occasion pour le mouvement de d\u00e9finir ses caract\u00e9ristiques, priorit\u00e9s et objectifs \u00e0 court terme<\/p>\n<p style=\"text-align: left;\">Selon le document fondateur dont on a obtenu une copie, le mouvement se distingue par trois caract\u00e9ristiques principales. Premi\u00e8rement, il se d\u00e9finit comme un courant nationaliste, visant l&#8217;int\u00e9r\u00eat, l&#8217;unit\u00e9 et l&#8217;harmonie de la Mauritanie, tout en s&#8217;engageant \u00e0 d\u00e9fendre sa souverainet\u00e9, son ind\u00e9pendance et son territoire. Deuxi\u00e8mement, il se positionne comme un courant social, mettant l&#8217;accent sur les pr\u00e9occupations et les demandes de la majorit\u00e9 de la population, souvent confront\u00e9e \u00e0 la pauvret\u00e9, \u00e0 l&#8217;injustice et \u00e0 la marginalisation. Troisi\u00e8mement, il s&#8217;identifie comme un courant d\u00e9mocratique, soulignant l&#8217;importance de la d\u00e9mocratie pour la libert\u00e9, la surveillance et la responsabilit\u00e9 des \u00e9lus<\/p>\n<p style=\"text-align: left;\">Le mouvement a \u00e9galement mis l&#8217;accent sur des priorit\u00e9s telles que la bonne gouvernance, le d\u00e9veloppement et la r\u00e9forme \u00e9conomique, en insistant sur l&#8217;efficacit\u00e9 de la production et l&#8217;\u00e9quit\u00e9 dans la distribution. Il s&#8217;est engag\u00e9 \u00e0 d\u00e9velopper une force de proposition objective et claire pour aborder les questions de bonne gouvernance et proposer des solutions de d\u00e9veloppement viables \u00e0 tous les niveaux de gouvernement<\/p>\n<p style=\"text-align: left;\">En ce qui concerne ses objectifs actuels, le mouvement &#8220;Pour la Patrie&#8221; se concentre sur le renforcement de l&#8217;unit\u00e9 nationale, la promotion de r\u00e9formes d\u00e9mocratiques suppl\u00e9mentaires, la prise en compte des pr\u00e9occupations des citoyens, et le suivi des performances ex\u00e9cutives et gouvernementales. Il accorde \u00e9galement une attention particuli\u00e8re aux questions li\u00e9es aux femmes et aux jeunes<\/p>\n<p style=\"text-align: left;\">Avec ces initiatives et ces engagements, le mouvement &#8220;Pour la Patrie&#8221; esp\u00e8re redonner confiance et respect aux g\u00e9n\u00e9rations montantes envers le discours politique<\/p>\n","protected":false},"excerpt":{"rendered":"<p>La nouvelle plateforme politique &#8220;Pour la Patrie&#8221;, dirig\u00e9e par l&#8217;ancien leader du parti &#8220;Tawassoul&#8221;, Mohamed Jamil Mansour, a r\u00e9cemment lanc\u00e9 son Assembl\u00e9e Constitutive dans la capitale mauritanienne, \u00e0 l&#8217;h\u00f4tel Mauri Centre. Cette assembl\u00e9e a \u00e9t\u00e9 l&#8217;occasion pour le mouvement de d\u00e9finir ses caract\u00e9ristiques, priorit\u00e9s et objectifs \u00e0 court terme Selon le document fondateur dont on&#8230;..<\/p>\n","protected":false},"author":4,"featured_media":15479,"comment_status":"open","ping_status":"open","sticky":false,"template":"","format":"standard","meta":{"footnotes":""},"categories":[23,57],"tags":[],"class_list":["post-15472","post","type-post","status-publish","format-standard","has-post-thumbnail","hentry","category-actualite","category-couverture-specilale"],"yoast_head":"<!-- This site is optimized with the Yoast SEO plugin v27.5 - https:\/\/yoast.com\/product\/yoast-seo-wordpress\/ -->\n<title>Lancement de l&#039;Assembl\u00e9e Constitutive du Mouvement &quot;Pour la Patrie&quot; \u00e0 Nouakchott - Le Quotidien de Nouakchott<\/title>\n<meta name=\"robots\" content=\"index, follow, max-snippet:-1, max-image-preview:large, max-video-preview:-1\" \/>\n<link rel=\"canonical\" href=\"https:\/\/lequotidien.mr\/?p=15472&lang=fr\" \/>\n<meta property=\"og:locale\" content=\"ar_AR\" \/>\n<meta property=\"og:type\" content=\"article\" \/>\n<meta property=\"og:title\" content=\"Lancement de l&#039;Assembl\u00e9e Constitutive du Mouvement &quot;Pour la Patrie&quot; \u00e0 Nouakchott - Le Quotidien de Nouakchott\" \/>\n<meta property=\"og:description\" content=\"La nouvelle plateforme politique &#8220;Pour la Patrie&#8221;, dirig\u00e9e par l&#8217;ancien leader du parti &#8220;Tawassoul&#8221;, Mohamed Jamil Mansour, a r\u00e9cemment lanc\u00e9 son Assembl\u00e9e Constitutive dans la capitale mauritanienne, \u00e0 l&#8217;h\u00f4tel Mauri Centre. Cette assembl\u00e9e a \u00e9t\u00e9 l&#8217;occasion pour le mouvement de d\u00e9finir ses caract\u00e9ristiques, priorit\u00e9s et objectifs \u00e0 court terme Selon le document fondateur dont on.....\" \/>\n<meta property=\"og:url\" content=\"https:\/\/lequotidien.mr\/?p=15472&amp;lang=fr\" \/>\n<meta property=\"og:site_name\" content=\"Le Quotidien de Nouakchott\" \/>\n<meta property=\"article:publisher\" content=\"https:\/\/web.facebook.com\/lequotidienmr\" \/>\n<meta property=\"article:published_time\" content=\"2024-01-28T16:08:17+00:00\" \/>\n<meta property=\"article:modified_time\" content=\"2024-01-28T16:17:09+00:00\" \/>\n<meta property=\"og:image\" content=\"https:\/\/lequotidien.mr\/wp-content\/uploads\/2024\/01\/photo-Jemil.jpg\" \/>\n\t<meta property=\"og:image:width\" content=\"720\" \/>\n\t<meta property=\"og:image:height\" content=\"540\" \/>\n\t<meta property=\"og:image:type\" content=\"image\/jpeg\" \/>\n<meta name=\"author\" content=\"Le Quotidien\" \/>\n<meta name=\"twitter:card\" content=\"summary_large_image\" \/>\n<meta name=\"twitter:creator\" content=\"@lequotidienmr\" \/>\n<meta name=\"twitter:site\" content=\"@lequotidienmr\" \/>\n<meta name=\"twitter:label1\" content=\"\u0643\u064f\u062a\u0628 \u0628\u0648\u0627\u0633\u0637\u0629\" \/>\n\t<meta name=\"twitter:data1\" content=\"Le Quotidien\" \/>\n\t<meta name=\"twitter:label2\" content=\"\u0648\u0642\u062a \u0627\u0644\u0642\u0631\u0627\u0621\u0629 \u0627\u0644\u0645\u064f\u0642\u062f\u0651\u0631\" \/>\n\t<meta name=\"twitter:data2\" content=\"\u062f\u0642\u064a\u0642\u062a\u0627\u0646\" \/>\n<script type=\"application\/ld+json\" class=\"yoast-schema-graph\">{\"@context\":\"https:\\\/\\\/schema.org\",\"@graph\":[{\"@type\":\"Article\",\"@id\":\"https:\\\/\\\/lequotidien.mr\\\/?p=15472&lang=fr#article\",\"isPartOf\":{\"@id\":\"https:\\\/\\\/lequotidien.mr\\\/?p=15472&lang=fr\"},\"author\":{\"name\":\"Le Quotidien\",\"@id\":\"https:\\\/\\\/lequotidien.mr\\\/#\\\/schema\\\/person\\\/f90fcdaa970c60288de4ed2e64a56472\"},\"headline\":\"Lancement de l&#8217;Assembl\u00e9e Constitutive du Mouvement &#8220;Pour la Patrie&#8221; \u00e0 Nouakchott\",\"datePublished\":\"2024-01-28T16:08:17+00:00\",\"dateModified\":\"2024-01-28T16:17:09+00:00\",\"mainEntityOfPage\":{\"@id\":\"https:\\\/\\\/lequotidien.mr\\\/?p=15472&lang=fr\"},\"wordCount\":349,\"commentCount\":0,\"publisher\":{\"@id\":\"https:\\\/\\\/lequotidien.mr\\\/#organization\"},\"image\":{\"@id\":\"https:\\\/\\\/lequotidien.mr\\\/?p=15472&lang=fr#primaryimage\"},\"thumbnailUrl\":\"https:\\\/\\\/lequotidien.mr\\\/wp-content\\\/uploads\\\/2024\\\/01\\\/photo-Jemil.jpg\",\"articleSection\":[\"ACTUALIT\u00c9\",\"Couverture sp\u00e9cilale\"],\"inLanguage\":\"ar\",\"potentialAction\":[{\"@type\":\"CommentAction\",\"name\":\"Comment\",\"target\":[\"https:\\\/\\\/lequotidien.mr\\\/?p=15472&lang=fr#respond\"]}]},{\"@type\":\"WebPage\",\"@id\":\"https:\\\/\\\/lequotidien.mr\\\/?p=15472&lang=fr\",\"url\":\"https:\\\/\\\/lequotidien.mr\\\/?p=15472&lang=fr\",\"name\":\"Lancement de l'Assembl\u00e9e Constitutive du Mouvement \\\"Pour la Patrie\\\" \u00e0 Nouakchott - Le Quotidien de Nouakchott\",\"isPartOf\":{\"@id\":\"https:\\\/\\\/lequotidien.mr\\\/#website\"},\"primaryImageOfPage\":{\"@id\":\"https:\\\/\\\/lequotidien.mr\\\/?p=15472&lang=fr#primaryimage\"},\"image\":{\"@id\":\"https:\\\/\\\/lequotidien.mr\\\/?p=15472&lang=fr#primaryimage\"},\"thumbnailUrl\":\"https:\\\/\\\/lequotidien.mr\\\/wp-content\\\/uploads\\\/2024\\\/01\\\/photo-Jemil.jpg\",\"datePublished\":\"2024-01-28T16:08:17+00:00\",\"dateModified\":\"2024-01-28T16:17:09+00:00\",\"breadcrumb\":{\"@id\":\"https:\\\/\\\/lequotidien.mr\\\/?p=15472&lang=fr#breadcrumb\"},\"inLanguage\":\"ar\",\"potentialAction\":[{\"@type\":\"ReadAction\",\"target\":[\"https:\\\/\\\/lequotidien.mr\\\/?p=15472&lang=fr\"]}]},{\"@type\":\"ImageObject\",\"inLanguage\":\"ar\",\"@id\":\"https:\\\/\\\/lequotidien.mr\\\/?p=15472&lang=fr#primaryimage\",\"url\":\"https:\\\/\\\/lequotidien.mr\\\/wp-content\\\/uploads\\\/2024\\\/01\\\/photo-Jemil.jpg\",\"contentUrl\":\"https:\\\/\\\/lequotidien.mr\\\/wp-content\\\/uploads\\\/2024\\\/01\\\/photo-Jemil.jpg\",\"width\":720,\"height\":540},{\"@type\":\"BreadcrumbList\",\"@id\":\"https:\\\/\\\/lequotidien.mr\\\/?p=15472&lang=fr#breadcrumb\",\"itemListElement\":[{\"@type\":\"ListItem\",\"position\":1,\"name\":\"Home\",\"item\":\"https:\\\/\\\/lequotidien.mr\\\/\"},{\"@type\":\"ListItem\",\"position\":2,\"name\":\"Lancement de l&rsquo;Assembl\u00e9e Constitutive du Mouvement \u00ab\u00a0Pour la Patrie\u00a0\u00bb \u00e0 Nouakchott\"}]},{\"@type\":\"WebSite\",\"@id\":\"https:\\\/\\\/lequotidien.mr\\\/#website\",\"url\":\"https:\\\/\\\/lequotidien.mr\\\/\",\"name\":\"Le Quotidien de Nouakchott\",\"description\":\"\u0625\u062e\u0628\u0627\u0631\u064a\u0629 \u0645\u0633\u062a\u0642\u0644\u0629 \u0644\u0644\u0623\u0646\u0628\u0627\u0621 \u0627\u0644\u0639\u0627\u0645\u0629\",\"publisher\":{\"@id\":\"https:\\\/\\\/lequotidien.mr\\\/#organization\"},\"potentialAction\":[{\"@type\":\"SearchAction\",\"target\":{\"@type\":\"EntryPoint\",\"urlTemplate\":\"https:\\\/\\\/lequotidien.mr\\\/?s={search_term_string}\"},\"query-input\":{\"@type\":\"PropertyValueSpecification\",\"valueRequired\":true,\"valueName\":\"search_term_string\"}}],\"inLanguage\":\"ar\"},{\"@type\":\"Organization\",\"@id\":\"https:\\\/\\\/lequotidien.mr\\\/#organization\",\"name\":\"Le Quotidien de Nouakchott\",\"url\":\"https:\\\/\\\/lequotidien.mr\\\/\",\"logo\":{\"@type\":\"ImageObject\",\"inLanguage\":\"ar\",\"@id\":\"https:\\\/\\\/lequotidien.mr\\\/#\\\/schema\\\/logo\\\/image\\\/\",\"url\":\"https:\\\/\\\/lequotidien.mr\\\/wp-content\\\/uploads\\\/2022\\\/11\\\/logolequotidien.jpg\",\"contentUrl\":\"https:\\\/\\\/lequotidien.mr\\\/wp-content\\\/uploads\\\/2022\\\/11\\\/logolequotidien.jpg\",\"width\":290,\"height\":65,\"caption\":\"Le Quotidien de Nouakchott\"},\"image\":{\"@id\":\"https:\\\/\\\/lequotidien.mr\\\/#\\\/schema\\\/logo\\\/image\\\/\"},\"sameAs\":[\"https:\\\/\\\/web.facebook.com\\\/lequotidienmr\",\"https:\\\/\\\/x.com\\\/lequotidienmr\"]},{\"@type\":\"Person\",\"@id\":\"https:\\\/\\\/lequotidien.mr\\\/#\\\/schema\\\/person\\\/f90fcdaa970c60288de4ed2e64a56472\",\"name\":\"Le Quotidien\",\"image\":{\"@type\":\"ImageObject\",\"inLanguage\":\"ar\",\"@id\":\"https:\\\/\\\/secure.gravatar.com\\\/avatar\\\/374cb39a1a458a912465a93e5a3ce6546886fc3da809a1f10c63e4e8fcbca30f?s=96&d=mm&r=g\",\"url\":\"https:\\\/\\\/secure.gravatar.com\\\/avatar\\\/374cb39a1a458a912465a93e5a3ce6546886fc3da809a1f10c63e4e8fcbca30f?s=96&d=mm&r=g\",\"contentUrl\":\"https:\\\/\\\/secure.gravatar.com\\\/avatar\\\/374cb39a1a458a912465a93e5a3ce6546886fc3da809a1f10c63e4e8fcbca30f?s=96&d=mm&r=g\",\"caption\":\"Le Quotidien\"},\"sameAs\":[\"https:\\\/\\\/lequotidien.mr\\\/\"],\"url\":\"https:\\\/\\\/lequotidien.mr\\\/?author=4\"}]}<\/script>\n<!-- \/ Yoast SEO plugin. -->","yoast_head_json":{"title":"Lancement de l'Assembl\u00e9e Constitutive du Mouvement \"Pour la Patrie\" \u00e0 Nouakchott - Le Quotidien de Nouakchott","robots":{"index":"index","follow":"follow","max-snippet":"max-snippet:-1","max-image-preview":"max-image-preview:large","max-video-preview":"max-video-preview:-1"},"canonical":"https:\/\/lequotidien.mr\/?p=15472&lang=fr","og_locale":"ar_AR","og_type":"article","og_title":"Lancement de l'Assembl\u00e9e Constitutive du Mouvement \"Pour la Patrie\" \u00e0 Nouakchott - Le Quotidien de Nouakchott","og_description":"La nouvelle plateforme politique &#8220;Pour la Patrie&#8221;, dirig\u00e9e par l&#8217;ancien leader du parti &#8220;Tawassoul&#8221;, Mohamed Jamil Mansour, a r\u00e9cemment lanc\u00e9 son Assembl\u00e9e Constitutive dans la capitale mauritanienne, \u00e0 l&#8217;h\u00f4tel Mauri Centre. Cette assembl\u00e9e a \u00e9t\u00e9 l&#8217;occasion pour le mouvement de d\u00e9finir ses caract\u00e9ristiques, priorit\u00e9s et objectifs \u00e0 court terme Selon le document fondateur dont on.....","og_url":"https:\/\/lequotidien.mr\/?p=15472&lang=fr","og_site_name":"Le Quotidien de Nouakchott","article_publisher":"https:\/\/web.facebook.com\/lequotidienmr","article_published_time":"2024-01-28T16:08:17+00:00","article_modified_time":"2024-01-28T16:17:09+00:00","og_image":[{"width":720,"height":540,"url":"https:\/\/lequotidien.mr\/wp-content\/uploads\/2024\/01\/photo-Jemil.jpg","type":"image\/jpeg"}],"author":"Le Quotidien","twitter_card":"summary_large_image","twitter_creator":"@lequotidienmr","twitter_site":"@lequotidienmr","twitter_misc":{"\u0643\u064f\u062a\u0628 \u0628\u0648\u0627\u0633\u0637\u0629":"Le Quotidien","\u0648\u0642\u062a \u0627\u0644\u0642\u0631\u0627\u0621\u0629 \u0627\u0644\u0645\u064f\u0642\u062f\u0651\u0631":"\u062f\u0642\u064a\u0642\u062a\u0627\u0646"},"schema":{"@context":"https:\/\/schema.org","@graph":[{"@type":"Article","@id":"https:\/\/lequotidien.mr\/?p=15472&lang=fr#article","isPartOf":{"@id":"https:\/\/lequotidien.mr\/?p=15472&lang=fr"},"author":{"name":"Le Quotidien","@id":"https:\/\/lequotidien.mr\/#\/schema\/person\/f90fcdaa970c60288de4ed2e64a56472"},"headline":"Lancement de l&#8217;Assembl\u00e9e Constitutive du Mouvement &#8220;Pour la Patrie&#8221; \u00e0 Nouakchott","datePublished":"2024-01-28T16:08:17+00:00","dateModified":"2024-01-28T16:17:09+00:00","mainEntityOfPage":{"@id":"https:\/\/lequotidien.mr\/?p=15472&lang=fr"},"wordCount":349,"commentCount":0,"publisher":{"@id":"https:\/\/lequotidien.mr\/#organization"},"image":{"@id":"https:\/\/lequotidien.mr\/?p=15472&lang=fr#primaryimage"},"thumbnailUrl":"https:\/\/lequotidien.mr\/wp-content\/uploads\/2024\/01\/photo-Jemil.jpg","articleSection":["ACTUALIT\u00c9","Couverture sp\u00e9cilale"],"inLanguage":"ar","potentialAction":[{"@type":"CommentAction","name":"Comment","target":["https:\/\/lequotidien.mr\/?p=15472&lang=fr#respond"]}]},{"@type":"WebPage","@id":"https:\/\/lequotidien.mr\/?p=15472&lang=fr","url":"https:\/\/lequotidien.mr\/?p=15472&lang=fr","name":"Lancement de l'Assembl\u00e9e Constitutive du Mouvement \"Pour la Patrie\" \u00e0 Nouakchott - Le Quotidien de Nouakchott","isPartOf":{"@id":"https:\/\/lequotidien.mr\/#website"},"primaryImageOfPage":{"@id":"https:\/\/lequotidien.mr\/?p=15472&lang=fr#primaryimage"},"image":{"@id":"https:\/\/lequotidien.mr\/?p=15472&lang=fr#primaryimage"},"thumbnailUrl":"https:\/\/lequotidien.mr\/wp-content\/uploads\/2024\/01\/photo-Jemil.jpg","datePublished":"2024-01-28T16:08:17+00:00","dateModified":"2024-01-28T16:17:09+00:00","breadcrumb":{"@id":"https:\/\/lequotidien.mr\/?p=15472&lang=fr#breadcrumb"},"inLanguage":"ar","potentialAction":[{"@type":"ReadAction","target":["https:\/\/lequotidien.mr\/?p=15472&lang=fr"]}]},{"@type":"ImageObject","inLanguage":"ar","@id":"https:\/\/lequotidien.mr\/?p=15472&lang=fr#primaryimage","url":"https:\/\/lequotidien.mr\/wp-content\/uploads\/2024\/01\/photo-Jemil.jpg","contentUrl":"https:\/\/lequotidien.mr\/wp-content\/uploads\/2024\/01\/photo-Jemil.jpg","width":720,"height":540},{"@type":"BreadcrumbList","@id":"https:\/\/lequotidien.mr\/?p=15472&lang=fr#breadcrumb","itemListElement":[{"@type":"ListItem","position":1,"name":"Home","item":"https:\/\/lequotidien.mr\/"},{"@type":"ListItem","position":2,"name":"Lancement de l&rsquo;Assembl\u00e9e Constitutive du Mouvement \u00ab\u00a0Pour la Patrie\u00a0\u00bb \u00e0 Nouakchott"}]},{"@type":"WebSite","@id":"https:\/\/lequotidien.mr\/#website","url":"https:\/\/lequotidien.mr\/","name":"Le Quotidien de Nouakchott","description":"\u0625\u062e\u0628\u0627\u0631\u064a\u0629 \u0645\u0633\u062a\u0642\u0644\u0629 \u0644\u0644\u0623\u0646\u0628\u0627\u0621 \u0627\u0644\u0639\u0627\u0645\u0629","publisher":{"@id":"https:\/\/lequotidien.mr\/#organization"},"potentialAction":[{"@type":"SearchAction","target":{"@type":"EntryPoint","urlTemplate":"https:\/\/lequotidien.mr\/?s={search_term_string}"},"query-input":{"@type":"PropertyValueSpecification","valueRequired":true,"valueName":"search_term_string"}}],"inLanguage":"ar"},{"@type":"Organization","@id":"https:\/\/lequotidien.mr\/#organization","name":"Le Quotidien de Nouakchott","url":"https:\/\/lequotidien.mr\/","logo":{"@type":"ImageObject","inLanguage":"ar","@id":"https:\/\/lequotidien.mr\/#\/schema\/logo\/image\/","url":"https:\/\/lequotidien.mr\/wp-content\/uploads\/2022\/11\/logolequotidien.jpg","contentUrl":"https:\/\/lequotidien.mr\/wp-content\/uploads\/2022\/11\/logolequotidien.jpg","width":290,"height":65,"caption":"Le Quotidien de Nouakchott"},"image":{"@id":"https:\/\/lequotidien.mr\/#\/schema\/logo\/image\/"},"sameAs":["https:\/\/web.facebook.com\/lequotidienmr","https:\/\/x.com\/lequotidienmr"]},{"@type":"Person","@id":"https:\/\/lequotidien.mr\/#\/schema\/person\/f90fcdaa970c60288de4ed2e64a56472","name":"Le Quotidien","image":{"@type":"ImageObject","inLanguage":"ar","@id":"https:\/\/secure.gravatar.com\/avatar\/374cb39a1a458a912465a93e5a3ce6546886fc3da809a1f10c63e4e8fcbca30f?s=96&d=mm&r=g","url":"https:\/\/secure.gravatar.com\/avatar\/374cb39a1a458a912465a93e5a3ce6546886fc3da809a1f10c63e4e8fcbca30f?s=96&d=mm&r=g","contentUrl":"https:\/\/secure.gravatar.com\/avatar\/374cb39a1a458a912465a93e5a3ce6546886fc3da809a1f10c63e4e8fcbca30f?s=96&d=mm&r=g","caption":"Le Quotidien"},"sameAs":["https:\/\/lequotidien.mr\/"],"url":"https:\/\/lequotidien.mr\/?author=4"}]}},"_links":{"self":[{"href":"https:\/\/lequotidien.mr\/index.php?rest_route=\/wp\/v2\/posts\/15472","targetHints":{"allow":["GET"]}}],"collection":[{"href":"https:\/\/lequotidien.mr\/index.php?rest_route=\/wp\/v2\/posts"}],"about":[{"href":"https:\/\/lequotidien.mr\/index.php?rest_route=\/wp\/v2\/types\/post"}],"author":[{"embeddable":true,"href":"https:\/\/lequotidien.mr\/index.php?rest_route=\/wp\/v2\/users\/4"}],"replies":[{"embeddable":true,"href":"https:\/\/lequotidien.mr\/index.php?rest_route=%2Fwp%2Fv2%2Fcomments&post=15472"}],"version-history":[{"count":3,"href":"https:\/\/lequotidien.mr\/index.php?rest_route=\/wp\/v2\/posts\/15472\/revisions"}],"predecessor-version":[{"id":15487,"href":"https:\/\/lequotidien.mr\/index.php?rest_route=\/wp\/v2\/posts\/15472\/revisions\/15487"}],"wp:featuredmedia":[{"embeddable":true,"href":"https:\/\/lequotidien.mr\/index.php?rest_route=\/wp\/v2\/media\/15479"}],"wp:attachment":[{"href":"https:\/\/lequotidien.mr\/index.php?rest_route=%2Fwp%2Fv2%2Fmedia&parent=15472"}],"wp:term":[{"taxonomy":"category","embeddable":true,"href":"https:\/\/lequotidien.mr\/index.php?rest_route=%2Fwp%2Fv2%2Fcategories&post=15472"},{"taxonomy":"post_tag","embeddable":true,"href":"https:\/\/lequotidien.mr\/index.php?rest_route=%2Fwp%2Fv2%2Ftags&post=15472"}],"curies":[{"name":"wp","href":"https:\/\/api.w.org\/{rel}","templated":true}]}}