{"id":15163,"date":"2024-01-17T22:41:54","date_gmt":"2024-01-17T22:41:54","guid":{"rendered":"https:\/\/lequotidien.mr\/?p=15163"},"modified":"2024-01-17T22:41:54","modified_gmt":"2024-01-17T22:41:54","slug":"communique-du-conseil-des-ministres-du-mercredi-17-janvier-2024","status":"publish","type":"post","link":"https:\/\/lequotidien.mr\/?p=15163&lang=fr","title":{"rendered":"Communiqu\u00e9 du Conseil des Ministres du mercredi 17 Janvier 2024"},"content":{"rendered":"<p>AMI &#8211; Le Conseil des Ministres s\u2019est r\u00e9uni le mercredi 17 janvier 2024 sous la Pr\u00e9sidence de Son Excellence Monsieur le Pr\u00e9sident de la R\u00e9publique, Mohamed Ould Cheikh El Ghazouani.<\/p>\n<p>Le Conseil a examin\u00e9 et approuv\u00e9 le projet de loi modifiant certaines dispositions de la loi n\u00b064-130 du 14 juillet 1964, modifi\u00e9e, fixant le statut des officiers de l\u2019arm\u00e9e active et de la r\u00e9serve.<\/p>\n<p>Ce projet de loi a pour but d\u2019assurer une gestion plus efficace du flux des officiers g\u00e9n\u00e9raux et de leur avancement, conform\u00e9ment aux standards r\u00e9gionaux et internationaux. Les principales am\u00e9liorations apport\u00e9es par ce projet de loi sont :<\/p>\n<p>\u2010 La suppression de la subordination de la promotion au grade d\u2019officier g\u00e9n\u00e9ral \u00e0 l\u2019inscription pr\u00e9alable sur un tableau d\u2019avancement ;<\/p>\n<p>\u2010 La promotion au grade d\u2019officier g\u00e9n\u00e9ral est d\u00e9sormais prononc\u00e9e en Conseil des ministres.<\/p>\n<p>Le Conseil a \u00e9galement examin\u00e9 et adopt\u00e9 les projets de d\u00e9crets suivants :<\/p>\n<p>\u2010 Projet de d\u00e9cret portant nomination d\u2019un membre du Conseil \u00c9conomique, Social et Environnemental.<\/p>\n<p>\u2010 Projet de d\u00e9cret abrogeant et rempla\u00e7ant certaines dispositions du d\u00e9cret n\u00b0 2021-139 du 03 ao\u00fbt 2021 r\u00e9glementant les titres du voyage.<\/p>\n<p>\u2010 Projet de d\u00e9cret abrogeant et rempla\u00e7ant certaines dispositions du d\u00e9cret n\u00b0 2021-138 du 03 ao\u00fbt 2021, modifi\u00e9, instituant une Carte Nationale d\u2019Identit\u00e9 et fixant les conditions de sa d\u00e9livrance.<\/p>\n<p>\u2010 Projet de d\u00e9cret abrogeant et rempla\u00e7ant certaines dispositions du d\u00e9cret n\u00b02012-031 du 25 janvier 2012, portant modification de certaines dispositions du d\u00e9cret n\u00b0 64-169 du 15 d\u00e9cembre 1964, portant r\u00e9gime de l\u2019immigration en Mauritanie et fixant les modalit\u00e9s de s\u00e9curisation de la carte de r\u00e9sident.<\/p>\n<p>Ces trois projets de d\u00e9cret proposent un amendement avec une option suppl\u00e9mentaire dans la possibilit\u00e9 d\u2019introduire une demande de d\u00e9livrance de documents s\u00e9curis\u00e9s \u00e0 distance via un nouveau syst\u00e8me d\u00e9nomm\u00e9 \u00ab HOUWIYETI \u00bb.<\/p>\n<p>Le syst\u00e8me est une application con\u00e7ue pour les Smartphones par l\u2019Agence Nationale du Registre des Populations et des Titres S\u00e9curis\u00e9s, dans le but de permettre aux titulaires de num\u00e9ros nationaux, de demander \u00e0 distance des titres s\u00e9curis\u00e9s, notamment les passeports, les cartes d\u2019identit\u00e9, les cartes de r\u00e9sident, les extraits d\u2019actes d\u2019Etat civil, ainsi que tout autre titre dont le processus de demande \u00e0 distance a \u00e9t\u00e9 s\u00e9curis\u00e9.<\/p>\n<p>Ce syst\u00e8me permettra de fournir des services au demandeur o\u00f9 qu\u2019il soit et \u00e0 tout moment et il en b\u00e9n\u00e9ficiera en cons\u00e9quence en termes d\u2019efforts et de moyens. De plus, il lui sera permis de suivre les tra\u00e7abilit\u00e9s des demandes \u00e0 travers des informations visibles sur le syst\u00e8me.<\/p>\n<p>L\u2019utilisation de ce service sera d\u2019une grande utilit\u00e9 pour nos communaut\u00e9s install\u00e9es \u00e0 l\u2019\u00e9tranger et permettra aux tuteurs des mineurs de pr\u00e9senter en leur nom des demandes pour l\u2019obtention des titres s\u00e9curis\u00e9s pour cette cat\u00e9gorie de citoyens.<\/p>\n<p>Il offrira \u00e9galement aux demandeurs qui ont effectu\u00e9 leurs demandes \u00e0 distance, la possibilit\u00e9 de se faire repr\u00e9senter pour la r\u00e9cup\u00e9ration de leurs documents produits au niveau de n\u2019importe quel centre.<\/p>\n<p>\u2010 Projet de d\u00e9cret portant nomination du Pr\u00e9sident et membres du Conseil d\u2019Administration de l\u2019Institut Sup\u00e9rieur d\u2019Etudes et de Recherches Islamiques (ISERI).<\/p>\n<p>\u2010 Projet de d\u00e9cret portant nomination du Pr\u00e9sident du Conseil d\u2019Administration du Centre Hospitalier de Cheikh Zayed.<\/p>\n<p>\u2010 Projet de d\u00e9cret modifiant certaines dispositions du d\u00e9cret n\u00b02014-065 du 19 mai 2014, portant sur le r\u00e9gime des activit\u00e9s de communications \u00e9lectroniques et sur les modalit\u00e9s d\u2019octroi des licences et autorisations.<\/p>\n<p>Ce projet de d\u00e9cret vise \u00e0 pallier l\u2019absence de d\u00e9lai pour le paiement de la contrepartie financi\u00e8re, en cas de renouvellement d\u2019une licence individuelle et \u00e0 simplifier et all\u00e9ger la proc\u00e9dure en mati\u00e8re d\u2019octroi d\u2019autorisations g\u00e9n\u00e9rales, en vue d\u2019am\u00e9liorer nos dispositifs dans ce domaine.<\/p>\n<p>Le Ministre de l\u2019Int\u00e9rieur et de la D\u00e9centralisation, Ministre des Affaires Etrang\u00e8res, de la Coop\u00e9ration et des Mauritaniens de l\u2019Ext\u00e9rieur par Int\u00e9rim a pr\u00e9sent\u00e9 une communication relative \u00e0 la situation internationale.<\/p>\n<p>Le Ministre de l\u2019Int\u00e9rieur et de la D\u00e9centralisation a pr\u00e9sent\u00e9 une communication relative \u00e0 la situation int\u00e9rieure.<\/p>\n<p><u><strong>Enfin, le Conseil a pris les mesures individuelles suivantes :<\/strong><\/u><\/p>\n<p>Minist\u00e8re des Affaires Islamiques et de l\u2019Enseignement Originel<\/p>\n<p>Cabinet du Ministre<\/p>\n<p>Charg\u00e9 de Mission : Ahmed Ould Sidi Mohamed Ould M\u2019BARECK, titulaire d\u2019un Master en Charia, en remplacement de Monsieur Lematt Ould Moctar.<\/p>\n<p>Minist\u00e8re du P\u00e9trole, des Mines et de l\u2019Energie<\/p>\n<p>Cabinet du Ministre<\/p>\n<p>Charg\u00e9s de Mission<\/p>\n<p>\u2010 Tourad Ould Abdel Baghi, pr\u00e9c\u00e9demment Directeur G\u00e9n\u00e9ral de la Soci\u00e9t\u00e9 Mauritanienne des Hydrocarbures ; \u2010 Hamadi OULD AHMED, pr\u00e9c\u00e9demment Directeur Adjoint de l\u2019Approvisionnement et de la Distribution au m\u00eame minist\u00e8re ;<\/p>\n<p>\u2010 H\u2019biba BACAR, pr\u00e9c\u00e9demment Charg\u00e9e de mission ;<\/p>\n<p>\u2010 Leita DAH, Cadre Sup\u00e9rieure au Minist\u00e8re<\/p>\n<p>\u2010 Gaye silly SOUMARE, pr\u00e9c\u00e9demment Directeur Financier de la Soci\u00e9t\u00e9 de Gestion et d\u2019Exploitation de la Navigation (SOGENAV) ;<\/p>\n<p>\u2010 Abdel Maleck OULD MOULOUD, pr\u00e9c\u00e9demment Conseiller \u00e0 la Soci\u00e9t\u00e9 Mauritanienne des Hydrocarbures ;<\/p>\n<p>\u2010 Charg\u00e9 de Mission et Coordonnateur de la Cellule charg\u00e9e du Contenu Local, Mohamed OULD BATY, pr\u00e9c\u00e9demment Charg\u00e9 de Mission au Minist\u00e8re de la Transformation Num\u00e9rique, de l\u2019Innovation et de la Modernisation de l\u2019Administration ;<\/p>\n<p>\u2010 Charg\u00e9 de mission pour la transition \u00e9nerg\u00e9tique et le d\u00e9veloppement de l\u2019hydrog\u00e8ne vert, Khroumbaly LEHBIB, pr\u00e9c\u00e9demment Conseiller Charg\u00e9 de l\u2019Amont ;<\/p>\n<p>\u2010 Charg\u00e9 de mission pour les Politiques et strat\u00e9gies, coordonnateur du Programme de transformation du secteur de l\u2019Energie pour un D\u00e9veloppement Durable et Acc\u00e9l\u00e9r\u00e9, KANE Amadou Mamadou, pr\u00e9c\u00e9demment Charg\u00e9 de Mission au m\u00eame minist\u00e8re ;<\/p>\n<p>\u2010 Charg\u00e9 de mission, Coordinateur de la Cellule Nationale de Coordination (CNC) \/ Organisation pour la Mise en Valeur du fleuve S\u00e9n\u00e9gal (OMVS), Mohamed Elmokhtar OULD MOHAMED MAHMOUD, pr\u00e9c\u00e9demment Charg\u00e9 de Mission au m\u00eame minist\u00e8re.<\/p>\n<p>Conseillers<\/p>\n<p>\u2010 Conseiller Technique charg\u00e9 du secteur amont des Hydrocarbures, Moustapha OULD BECHIR, pr\u00e9c\u00e9demment Directeur G\u00e9n\u00e9ral des Hydrocarbures ;<\/p>\n<p>\u2010 Conseiller Technique charg\u00e9 du secteur aval des Hydrocarbures, Ebba Abdellahi, pr\u00e9c\u00e9demment Directeur de l\u2019Exportation\/production \u00e0 la Direction G\u00e9n\u00e9rale des Hydrocarbures ;<\/p>\n<p>\u2010 Conseiller Technique charg\u00e9 de l\u2019Electricit\u00e9, Mohamed Ould Yarguett, pr\u00e9c\u00e9demment \u00e0 la m\u00eame fonction ;<\/p>\n<p>\u2010 Conseiller Technique des Mines, Ahmed Taleb Mohamed, pr\u00e9c\u00e9demment \u00e0 la m\u00eame fonction ;<\/p>\n<p>\u2010 Conseiller Economique et Financier, Mohamed OULD NAFEE, pr\u00e9c\u00e9demment Charg\u00e9 de Mission au Minist\u00e8re de l\u2019Equipement et des Transports ;<\/p>\n<p>\u2010 Conseiller Technique charg\u00e9 de la S\u00e9curit\u00e9 Industrielle, Mohamed Mahmoud ABDEL AZIZ, pr\u00e9c\u00e9demment Conseiller technique ;<\/p>\n<p>\u2010 Conseiller Technique, Coordinateur de la Cellule de la coop\u00e9ration et de la communication, Ahmed Vall Ould Mohameden, pr\u00e9c\u00e9demment Conseiller technique.<\/p>\n<p>Inspection G\u00e9n\u00e9rale Interne<\/p>\n<p>\u2010 Inspecteur G\u00e9n\u00e9ral : Moustapha Saleck Zeidane, pr\u00e9c\u00e9demment \u00e0 la m\u00eame fonction ;<\/p>\n<p>\u2010 Inspectrice charg\u00e9e des Hydrocarbures amont, Jemila MINT LECHEYAKH, pr\u00e9c\u00e9demment \u00e0 la m\u00eame fonction ;<\/p>\n<p>\u2010 Inspecteur charg\u00e9 des Hydrocarbures aval, Brahim Bej\u00e9, pr\u00e9c\u00e9demment \u00e0 la m\u00eame fonction ;<\/p>\n<p>\u2010 Inspecteur charg\u00e9 de l\u2019Energie, Sidi Aly OULD MOHAMED MAHMOUD, pr\u00e9c\u00e9demment m\u00eame fonction ;<\/p>\n<p>Inspecteur charg\u00e9 des Mines, Mohamed OULD AHMADA<\/p>\n","protected":false},"excerpt":{"rendered":"<p>AMI &#8211; Le Conseil des Ministres s\u2019est r\u00e9uni le mercredi 17 janvier 2024 sous la Pr\u00e9sidence de Son Excellence Monsieur le Pr\u00e9sident de la R\u00e9publique, Mohamed Ould Cheikh El Ghazouani. Le Conseil a examin\u00e9 et approuv\u00e9 le projet de loi modifiant certaines dispositions de la loi n\u00b064-130 du 14 juillet 1964, modifi\u00e9e, fixant le statut&#8230;..<\/p>\n","protected":false},"author":5,"featured_media":14699,"comment_status":"open","ping_status":"open","sticky":false,"template":"","format":"standard","meta":{"footnotes":""},"categories":[23,57],"tags":[],"class_list":["post-15163","post","type-post","status-publish","format-standard","has-post-thumbnail","hentry","category-actualite","category-couverture-specilale"],"yoast_head":"<!-- This site is optimized with the Yoast SEO plugin v27.5 - https:\/\/yoast.com\/product\/yoast-seo-wordpress\/ -->\n<title>Communiqu\u00e9 du Conseil des Ministres du mercredi 17 Janvier 2024 - Le Quotidien de Nouakchott<\/title>\n<meta name=\"robots\" content=\"index, follow, max-snippet:-1, max-image-preview:large, max-video-preview:-1\" \/>\n<link rel=\"canonical\" href=\"https:\/\/lequotidien.mr\/?p=15163&lang=fr\" \/>\n<meta property=\"og:locale\" content=\"ar_AR\" \/>\n<meta property=\"og:type\" content=\"article\" \/>\n<meta property=\"og:title\" content=\"Communiqu\u00e9 du Conseil des Ministres du mercredi 17 Janvier 2024 - Le Quotidien de Nouakchott\" \/>\n<meta property=\"og:description\" content=\"AMI &#8211; Le Conseil des Ministres s\u2019est r\u00e9uni le mercredi 17 janvier 2024 sous la Pr\u00e9sidence de Son Excellence Monsieur le Pr\u00e9sident de la R\u00e9publique, Mohamed Ould Cheikh El Ghazouani. Le Conseil a examin\u00e9 et approuv\u00e9 le projet de loi modifiant certaines dispositions de la loi n\u00b064-130 du 14 juillet 1964, modifi\u00e9e, fixant le statut.....\" \/>\n<meta property=\"og:url\" content=\"https:\/\/lequotidien.mr\/?p=15163&amp;lang=fr\" \/>\n<meta property=\"og:site_name\" content=\"Le Quotidien de Nouakchott\" \/>\n<meta property=\"article:publisher\" content=\"https:\/\/web.facebook.com\/lequotidienmr\" \/>\n<meta property=\"article:published_time\" content=\"2024-01-17T22:41:54+00:00\" \/>\n<meta property=\"og:image\" content=\"https:\/\/lequotidien.mr\/wp-content\/uploads\/2023\/12\/conseil_des_minitres_co_d_m_pr_001_750x430-2.jpg\" \/>\n\t<meta property=\"og:image:width\" content=\"400\" \/>\n\t<meta property=\"og:image:height\" content=\"256\" \/>\n\t<meta property=\"og:image:type\" content=\"image\/jpeg\" \/>\n<meta name=\"author\" content=\"Gayi Diawara\" \/>\n<meta name=\"twitter:card\" content=\"summary_large_image\" \/>\n<meta name=\"twitter:creator\" content=\"@lequotidienmr\" \/>\n<meta name=\"twitter:site\" content=\"@lequotidienmr\" \/>\n<meta name=\"twitter:label1\" content=\"\u0643\u064f\u062a\u0628 \u0628\u0648\u0627\u0633\u0637\u0629\" \/>\n\t<meta name=\"twitter:data1\" content=\"Gayi Diawara\" \/>\n\t<meta name=\"twitter:label2\" content=\"\u0648\u0642\u062a \u0627\u0644\u0642\u0631\u0627\u0621\u0629 \u0627\u0644\u0645\u064f\u0642\u062f\u0651\u0631\" \/>\n\t<meta name=\"twitter:data2\" content=\"6 \u062f\u0642\u0627\u0626\u0642\" \/>\n<script type=\"application\/ld+json\" class=\"yoast-schema-graph\">{\"@context\":\"https:\\\/\\\/schema.org\",\"@graph\":[{\"@type\":\"Article\",\"@id\":\"https:\\\/\\\/lequotidien.mr\\\/?p=15163&lang=fr#article\",\"isPartOf\":{\"@id\":\"https:\\\/\\\/lequotidien.mr\\\/?p=15163&lang=fr\"},\"author\":{\"name\":\"Gayi Diawara\",\"@id\":\"https:\\\/\\\/lequotidien.mr\\\/#\\\/schema\\\/person\\\/1077c8abd5640a6514b909318d271dee\"},\"headline\":\"Communiqu\u00e9 du Conseil des Ministres du mercredi 17 Janvier 2024\",\"datePublished\":\"2024-01-17T22:41:54+00:00\",\"mainEntityOfPage\":{\"@id\":\"https:\\\/\\\/lequotidien.mr\\\/?p=15163&lang=fr\"},\"wordCount\":1262,\"commentCount\":0,\"publisher\":{\"@id\":\"https:\\\/\\\/lequotidien.mr\\\/#organization\"},\"image\":{\"@id\":\"https:\\\/\\\/lequotidien.mr\\\/?p=15163&lang=fr#primaryimage\"},\"thumbnailUrl\":\"https:\\\/\\\/lequotidien.mr\\\/wp-content\\\/uploads\\\/2023\\\/12\\\/conseil_des_minitres_co_d_m_pr_001_750x430-2.jpg\",\"articleSection\":[\"ACTUALIT\u00c9\",\"Couverture sp\u00e9cilale\"],\"inLanguage\":\"ar\",\"potentialAction\":[{\"@type\":\"CommentAction\",\"name\":\"Comment\",\"target\":[\"https:\\\/\\\/lequotidien.mr\\\/?p=15163&lang=fr#respond\"]}]},{\"@type\":\"WebPage\",\"@id\":\"https:\\\/\\\/lequotidien.mr\\\/?p=15163&lang=fr\",\"url\":\"https:\\\/\\\/lequotidien.mr\\\/?p=15163&lang=fr\",\"name\":\"Communiqu\u00e9 du Conseil des Ministres du mercredi 17 Janvier 2024 - Le Quotidien de Nouakchott\",\"isPartOf\":{\"@id\":\"https:\\\/\\\/lequotidien.mr\\\/#website\"},\"primaryImageOfPage\":{\"@id\":\"https:\\\/\\\/lequotidien.mr\\\/?p=15163&lang=fr#primaryimage\"},\"image\":{\"@id\":\"https:\\\/\\\/lequotidien.mr\\\/?p=15163&lang=fr#primaryimage\"},\"thumbnailUrl\":\"https:\\\/\\\/lequotidien.mr\\\/wp-content\\\/uploads\\\/2023\\\/12\\\/conseil_des_minitres_co_d_m_pr_001_750x430-2.jpg\",\"datePublished\":\"2024-01-17T22:41:54+00:00\",\"breadcrumb\":{\"@id\":\"https:\\\/\\\/lequotidien.mr\\\/?p=15163&lang=fr#breadcrumb\"},\"inLanguage\":\"ar\",\"potentialAction\":[{\"@type\":\"ReadAction\",\"target\":[\"https:\\\/\\\/lequotidien.mr\\\/?p=15163&lang=fr\"]}]},{\"@type\":\"ImageObject\",\"inLanguage\":\"ar\",\"@id\":\"https:\\\/\\\/lequotidien.mr\\\/?p=15163&lang=fr#primaryimage\",\"url\":\"https:\\\/\\\/lequotidien.mr\\\/wp-content\\\/uploads\\\/2023\\\/12\\\/conseil_des_minitres_co_d_m_pr_001_750x430-2.jpg\",\"contentUrl\":\"https:\\\/\\\/lequotidien.mr\\\/wp-content\\\/uploads\\\/2023\\\/12\\\/conseil_des_minitres_co_d_m_pr_001_750x430-2.jpg\",\"width\":400,\"height\":256},{\"@type\":\"BreadcrumbList\",\"@id\":\"https:\\\/\\\/lequotidien.mr\\\/?p=15163&lang=fr#breadcrumb\",\"itemListElement\":[{\"@type\":\"ListItem\",\"position\":1,\"name\":\"Home\",\"item\":\"https:\\\/\\\/lequotidien.mr\\\/\"},{\"@type\":\"ListItem\",\"position\":2,\"name\":\"Communiqu\u00e9 du Conseil des Ministres du mercredi 17 Janvier 2024\"}]},{\"@type\":\"WebSite\",\"@id\":\"https:\\\/\\\/lequotidien.mr\\\/#website\",\"url\":\"https:\\\/\\\/lequotidien.mr\\\/\",\"name\":\"Le Quotidien de Nouakchott\",\"description\":\"\u0625\u062e\u0628\u0627\u0631\u064a\u0629 \u0645\u0633\u062a\u0642\u0644\u0629 \u0644\u0644\u0623\u0646\u0628\u0627\u0621 \u0627\u0644\u0639\u0627\u0645\u0629\",\"publisher\":{\"@id\":\"https:\\\/\\\/lequotidien.mr\\\/#organization\"},\"potentialAction\":[{\"@type\":\"SearchAction\",\"target\":{\"@type\":\"EntryPoint\",\"urlTemplate\":\"https:\\\/\\\/lequotidien.mr\\\/?s={search_term_string}\"},\"query-input\":{\"@type\":\"PropertyValueSpecification\",\"valueRequired\":true,\"valueName\":\"search_term_string\"}}],\"inLanguage\":\"ar\"},{\"@type\":\"Organization\",\"@id\":\"https:\\\/\\\/lequotidien.mr\\\/#organization\",\"name\":\"Le Quotidien de Nouakchott\",\"url\":\"https:\\\/\\\/lequotidien.mr\\\/\",\"logo\":{\"@type\":\"ImageObject\",\"inLanguage\":\"ar\",\"@id\":\"https:\\\/\\\/lequotidien.mr\\\/#\\\/schema\\\/logo\\\/image\\\/\",\"url\":\"https:\\\/\\\/lequotidien.mr\\\/wp-content\\\/uploads\\\/2022\\\/11\\\/logolequotidien.jpg\",\"contentUrl\":\"https:\\\/\\\/lequotidien.mr\\\/wp-content\\\/uploads\\\/2022\\\/11\\\/logolequotidien.jpg\",\"width\":290,\"height\":65,\"caption\":\"Le Quotidien de Nouakchott\"},\"image\":{\"@id\":\"https:\\\/\\\/lequotidien.mr\\\/#\\\/schema\\\/logo\\\/image\\\/\"},\"sameAs\":[\"https:\\\/\\\/web.facebook.com\\\/lequotidienmr\",\"https:\\\/\\\/x.com\\\/lequotidienmr\"]},{\"@type\":\"Person\",\"@id\":\"https:\\\/\\\/lequotidien.mr\\\/#\\\/schema\\\/person\\\/1077c8abd5640a6514b909318d271dee\",\"name\":\"Gayi Diawara\",\"image\":{\"@type\":\"ImageObject\",\"inLanguage\":\"ar\",\"@id\":\"https:\\\/\\\/secure.gravatar.com\\\/avatar\\\/63ea8db1e19a6d2d608b24c0f78b5f3a7d6e0bc11959fec273410af333e4d0ac?s=96&d=mm&r=g\",\"url\":\"https:\\\/\\\/secure.gravatar.com\\\/avatar\\\/63ea8db1e19a6d2d608b24c0f78b5f3a7d6e0bc11959fec273410af333e4d0ac?s=96&d=mm&r=g\",\"contentUrl\":\"https:\\\/\\\/secure.gravatar.com\\\/avatar\\\/63ea8db1e19a6d2d608b24c0f78b5f3a7d6e0bc11959fec273410af333e4d0ac?s=96&d=mm&r=g\",\"caption\":\"Gayi Diawara\"},\"sameAs\":[\"http:\\\/\\\/lequotidien.mr\"],\"url\":\"https:\\\/\\\/lequotidien.mr\\\/?author=5\"}]}<\/script>\n<!-- \/ Yoast SEO plugin. -->","yoast_head_json":{"title":"Communiqu\u00e9 du Conseil des Ministres du mercredi 17 Janvier 2024 - Le Quotidien de Nouakchott","robots":{"index":"index","follow":"follow","max-snippet":"max-snippet:-1","max-image-preview":"max-image-preview:large","max-video-preview":"max-video-preview:-1"},"canonical":"https:\/\/lequotidien.mr\/?p=15163&lang=fr","og_locale":"ar_AR","og_type":"article","og_title":"Communiqu\u00e9 du Conseil des Ministres du mercredi 17 Janvier 2024 - Le Quotidien de Nouakchott","og_description":"AMI &#8211; Le Conseil des Ministres s\u2019est r\u00e9uni le mercredi 17 janvier 2024 sous la Pr\u00e9sidence de Son Excellence Monsieur le Pr\u00e9sident de la R\u00e9publique, Mohamed Ould Cheikh El Ghazouani. Le Conseil a examin\u00e9 et approuv\u00e9 le projet de loi modifiant certaines dispositions de la loi n\u00b064-130 du 14 juillet 1964, modifi\u00e9e, fixant le statut.....","og_url":"https:\/\/lequotidien.mr\/?p=15163&lang=fr","og_site_name":"Le Quotidien de Nouakchott","article_publisher":"https:\/\/web.facebook.com\/lequotidienmr","article_published_time":"2024-01-17T22:41:54+00:00","og_image":[{"width":400,"height":256,"url":"https:\/\/lequotidien.mr\/wp-content\/uploads\/2023\/12\/conseil_des_minitres_co_d_m_pr_001_750x430-2.jpg","type":"image\/jpeg"}],"author":"Gayi Diawara","twitter_card":"summary_large_image","twitter_creator":"@lequotidienmr","twitter_site":"@lequotidienmr","twitter_misc":{"\u0643\u064f\u062a\u0628 \u0628\u0648\u0627\u0633\u0637\u0629":"Gayi Diawara","\u0648\u0642\u062a \u0627\u0644\u0642\u0631\u0627\u0621\u0629 \u0627\u0644\u0645\u064f\u0642\u062f\u0651\u0631":"6 \u062f\u0642\u0627\u0626\u0642"},"schema":{"@context":"https:\/\/schema.org","@graph":[{"@type":"Article","@id":"https:\/\/lequotidien.mr\/?p=15163&lang=fr#article","isPartOf":{"@id":"https:\/\/lequotidien.mr\/?p=15163&lang=fr"},"author":{"name":"Gayi Diawara","@id":"https:\/\/lequotidien.mr\/#\/schema\/person\/1077c8abd5640a6514b909318d271dee"},"headline":"Communiqu\u00e9 du Conseil des Ministres du mercredi 17 Janvier 2024","datePublished":"2024-01-17T22:41:54+00:00","mainEntityOfPage":{"@id":"https:\/\/lequotidien.mr\/?p=15163&lang=fr"},"wordCount":1262,"commentCount":0,"publisher":{"@id":"https:\/\/lequotidien.mr\/#organization"},"image":{"@id":"https:\/\/lequotidien.mr\/?p=15163&lang=fr#primaryimage"},"thumbnailUrl":"https:\/\/lequotidien.mr\/wp-content\/uploads\/2023\/12\/conseil_des_minitres_co_d_m_pr_001_750x430-2.jpg","articleSection":["ACTUALIT\u00c9","Couverture sp\u00e9cilale"],"inLanguage":"ar","potentialAction":[{"@type":"CommentAction","name":"Comment","target":["https:\/\/lequotidien.mr\/?p=15163&lang=fr#respond"]}]},{"@type":"WebPage","@id":"https:\/\/lequotidien.mr\/?p=15163&lang=fr","url":"https:\/\/lequotidien.mr\/?p=15163&lang=fr","name":"Communiqu\u00e9 du Conseil des Ministres du mercredi 17 Janvier 2024 - Le Quotidien de Nouakchott","isPartOf":{"@id":"https:\/\/lequotidien.mr\/#website"},"primaryImageOfPage":{"@id":"https:\/\/lequotidien.mr\/?p=15163&lang=fr#primaryimage"},"image":{"@id":"https:\/\/lequotidien.mr\/?p=15163&lang=fr#primaryimage"},"thumbnailUrl":"https:\/\/lequotidien.mr\/wp-content\/uploads\/2023\/12\/conseil_des_minitres_co_d_m_pr_001_750x430-2.jpg","datePublished":"2024-01-17T22:41:54+00:00","breadcrumb":{"@id":"https:\/\/lequotidien.mr\/?p=15163&lang=fr#breadcrumb"},"inLanguage":"ar","potentialAction":[{"@type":"ReadAction","target":["https:\/\/lequotidien.mr\/?p=15163&lang=fr"]}]},{"@type":"ImageObject","inLanguage":"ar","@id":"https:\/\/lequotidien.mr\/?p=15163&lang=fr#primaryimage","url":"https:\/\/lequotidien.mr\/wp-content\/uploads\/2023\/12\/conseil_des_minitres_co_d_m_pr_001_750x430-2.jpg","contentUrl":"https:\/\/lequotidien.mr\/wp-content\/uploads\/2023\/12\/conseil_des_minitres_co_d_m_pr_001_750x430-2.jpg","width":400,"height":256},{"@type":"BreadcrumbList","@id":"https:\/\/lequotidien.mr\/?p=15163&lang=fr#breadcrumb","itemListElement":[{"@type":"ListItem","position":1,"name":"Home","item":"https:\/\/lequotidien.mr\/"},{"@type":"ListItem","position":2,"name":"Communiqu\u00e9 du Conseil des Ministres du mercredi 17 Janvier 2024"}]},{"@type":"WebSite","@id":"https:\/\/lequotidien.mr\/#website","url":"https:\/\/lequotidien.mr\/","name":"Le Quotidien de Nouakchott","description":"\u0625\u062e\u0628\u0627\u0631\u064a\u0629 \u0645\u0633\u062a\u0642\u0644\u0629 \u0644\u0644\u0623\u0646\u0628\u0627\u0621 \u0627\u0644\u0639\u0627\u0645\u0629","publisher":{"@id":"https:\/\/lequotidien.mr\/#organization"},"potentialAction":[{"@type":"SearchAction","target":{"@type":"EntryPoint","urlTemplate":"https:\/\/lequotidien.mr\/?s={search_term_string}"},"query-input":{"@type":"PropertyValueSpecification","valueRequired":true,"valueName":"search_term_string"}}],"inLanguage":"ar"},{"@type":"Organization","@id":"https:\/\/lequotidien.mr\/#organization","name":"Le Quotidien de Nouakchott","url":"https:\/\/lequotidien.mr\/","logo":{"@type":"ImageObject","inLanguage":"ar","@id":"https:\/\/lequotidien.mr\/#\/schema\/logo\/image\/","url":"https:\/\/lequotidien.mr\/wp-content\/uploads\/2022\/11\/logolequotidien.jpg","contentUrl":"https:\/\/lequotidien.mr\/wp-content\/uploads\/2022\/11\/logolequotidien.jpg","width":290,"height":65,"caption":"Le Quotidien de Nouakchott"},"image":{"@id":"https:\/\/lequotidien.mr\/#\/schema\/logo\/image\/"},"sameAs":["https:\/\/web.facebook.com\/lequotidienmr","https:\/\/x.com\/lequotidienmr"]},{"@type":"Person","@id":"https:\/\/lequotidien.mr\/#\/schema\/person\/1077c8abd5640a6514b909318d271dee","name":"Gayi Diawara","image":{"@type":"ImageObject","inLanguage":"ar","@id":"https:\/\/secure.gravatar.com\/avatar\/63ea8db1e19a6d2d608b24c0f78b5f3a7d6e0bc11959fec273410af333e4d0ac?s=96&d=mm&r=g","url":"https:\/\/secure.gravatar.com\/avatar\/63ea8db1e19a6d2d608b24c0f78b5f3a7d6e0bc11959fec273410af333e4d0ac?s=96&d=mm&r=g","contentUrl":"https:\/\/secure.gravatar.com\/avatar\/63ea8db1e19a6d2d608b24c0f78b5f3a7d6e0bc11959fec273410af333e4d0ac?s=96&d=mm&r=g","caption":"Gayi Diawara"},"sameAs":["http:\/\/lequotidien.mr"],"url":"https:\/\/lequotidien.mr\/?author=5"}]}},"_links":{"self":[{"href":"https:\/\/lequotidien.mr\/index.php?rest_route=\/wp\/v2\/posts\/15163","targetHints":{"allow":["GET"]}}],"collection":[{"href":"https:\/\/lequotidien.mr\/index.php?rest_route=\/wp\/v2\/posts"}],"about":[{"href":"https:\/\/lequotidien.mr\/index.php?rest_route=\/wp\/v2\/types\/post"}],"author":[{"embeddable":true,"href":"https:\/\/lequotidien.mr\/index.php?rest_route=\/wp\/v2\/users\/5"}],"replies":[{"embeddable":true,"href":"https:\/\/lequotidien.mr\/index.php?rest_route=%2Fwp%2Fv2%2Fcomments&post=15163"}],"version-history":[{"count":1,"href":"https:\/\/lequotidien.mr\/index.php?rest_route=\/wp\/v2\/posts\/15163\/revisions"}],"predecessor-version":[{"id":15164,"href":"https:\/\/lequotidien.mr\/index.php?rest_route=\/wp\/v2\/posts\/15163\/revisions\/15164"}],"wp:featuredmedia":[{"embeddable":true,"href":"https:\/\/lequotidien.mr\/index.php?rest_route=\/wp\/v2\/media\/14699"}],"wp:attachment":[{"href":"https:\/\/lequotidien.mr\/index.php?rest_route=%2Fwp%2Fv2%2Fmedia&parent=15163"}],"wp:term":[{"taxonomy":"category","embeddable":true,"href":"https:\/\/lequotidien.mr\/index.php?rest_route=%2Fwp%2Fv2%2Fcategories&post=15163"},{"taxonomy":"post_tag","embeddable":true,"href":"https:\/\/lequotidien.mr\/index.php?rest_route=%2Fwp%2Fv2%2Ftags&post=15163"}],"curies":[{"name":"wp","href":"https:\/\/api.w.org\/{rel}","templated":true}]}}