{"id":14954,"date":"2024-01-11T00:49:02","date_gmt":"2024-01-11T00:49:02","guid":{"rendered":"https:\/\/lequotidien.mr\/?p=14954"},"modified":"2024-01-11T00:49:02","modified_gmt":"2024-01-11T00:49:02","slug":"communique-du-conseil-des-ministres-du-mercredi-10-janvier-2024","status":"publish","type":"post","link":"https:\/\/lequotidien.mr\/?p=14954&lang=fr","title":{"rendered":"Communiqu\u00e9 du Conseil des Ministres du mercredi 10 Janvier 2024"},"content":{"rendered":"<p>AMI &#8211; Le Conseil des ministres s\u2019est r\u00e9uni le mercredi 10 Janvier 2024 sous la Pr\u00e9sidence de Son Excellence Monsieur le Pr\u00e9sident de la R\u00e9publique, Mohamed Ould Cheikh El Ghazouani.<\/p>\n<p>\u2010 Le Conseil a examin\u00e9 et approuv\u00e9 le projet de loi autorisant la ratification de l\u2019accord de financement, sign\u00e9 le 03 octobre 2023, entre le Gouvernement de la R\u00e9publique Islamique de Mauritanie et l\u2019Association Internationale de D\u00e9veloppement (IDA), destin\u00e9 au financement additionnel du projet d\u2019appui \u00e0 l\u2019employabilit\u00e9 des jeunes en Mauritanie.<\/p>\n<p>Ce projet vise \u00e0 promouvoir l\u2019employabilit\u00e9 des jeunes vuln\u00e9rables dans les 3 Wilayas de Nouakchott, les 2 Hodhs, l\u2019Assaba, le Trarza et le Guidimagha et \u00e0 apporter une r\u00e9ponse imm\u00e9diate et efficace \u00e0 une situation d\u2019urgence.<\/p>\n<p>Les principales composantes de ce projet sont : i) l\u2019appui \u00e0 l\u2019orientation, \u00e0 l\u2019\u00e9laboration du projet professionnel et \u00e0 la formation en comp\u00e9tences de vie ; ii) l\u2019appui \u00e0 la formation technique et l\u2019apprentissage ; iii) la promotion du micro-entrepreneuriat pour les activit\u00e9s g\u00e9n\u00e9ratrices de revenus ; et iv) les Interventions d\u2019urgence.<\/p>\n<p>Les r\u00e9sultats attendus de ce projet se r\u00e9sument en la formation en comp\u00e9tences de vie de pr\u00e8s de 60.000 jeunes, la formation technique de 11.350 jeunes, la formation en gestion de 17.000 jeunes, en plus de l\u2019octroi d\u2019une subvention et des appuis divers pour la cr\u00e9ation de micro-entreprises. Il permettra \u00e9galement de soutenir pr\u00e8s de 40.000 personnes victimes d\u2019inondations dans les zones d\u2019intervention dudit projet et le renforcement des capacit\u00e9s en assainissement.<\/p>\n<p>Le Conseil a \u00e9galement examin\u00e9 et adopt\u00e9 les projets de d\u00e9crets suivants :<\/p>\n<p>\u2010 Projet de d\u00e9cret portant cr\u00e9ation, organisation et fonctionnement du Comit\u00e9 National de Pilotage de la Strat\u00e9gie Nationale de Lutte contre la Corruption<\/p>\n<p>Ce projet de d\u00e9cret a pour objectif d\u2019instituer un m\u00e9canisme de suivi de la mise en \u0153uvre de la Strat\u00e9gie Nationale de Lutte Contre la Corruption, de fixer son organisation et son fonctionnement, en vue de la coordination de la mise en \u0153uvre de la politique du Gouvernement en mati\u00e8re de pr\u00e9vention et de lutte contre la corruption.<\/p>\n<p>\u2010 Projet de d\u00e9cret portant cr\u00e9ation et organisation d\u2019un Etablissement Public \u00e0 caract\u00e8re Administratif d\u00e9nomm\u00e9 \u00ab Services d\u2019Aide M\u00e9dicale Urgente de Mauritanie (SAMU) \u00bb et fixant ses r\u00e8gles d\u2019organisation et de fonctionnement.<\/p>\n<p>Ce projet de d\u00e9cret vise \u00e0 conf\u00e9rer au Service d\u2019Aide M\u00e9dicale d\u2019Urgence en Mauritanie, un statut juridique qui lui permettrait de s\u2019inscrire durablement dans la r\u00e9alisation du droit d\u2019acc\u00e8s \u00e0 la sant\u00e9, d\u2019exercer ses comp\u00e9tences et de s\u2019acquitter convenablement de ses missions, conform\u00e9ment \u00e0 la politique nationale de m\u00e9decine pr\u00e9 hospitali\u00e8re.<\/p>\n<p>\u2010 Projet de d\u00e9cret portant nomination du Pr\u00e9sident du Conseil d\u2019Administration de la Soci\u00e9t\u00e9 Nationale de Distribution du Poisson (SNDP).<\/p>\n<p>\u2010 Projet de d\u00e9cret portant nomination du Pr\u00e9sident du Conseil d\u2019Administration du Port Autonome de Nouakchott dit Port de l\u2019Amiti\u00e9<\/p>\n<p>\u2010 Projet de d\u00e9cret portant nomination du Pr\u00e9sident du Conseil d\u2019Administration de l\u2019Imprimerie Nationale.<\/p>\n<p>Le Ministre des Affaires \u00c9trang\u00e8res, de la Coop\u00e9ration et des Mauritaniens de l\u2019Ext\u00e9rieur a pr\u00e9sent\u00e9 une communication relative \u00e0 la situation internationale.<\/p>\n<p>Le Ministre de l\u2019Int\u00e9rieur et de la D\u00e9centralisation a pr\u00e9sent\u00e9 une communication relative \u00e0 la situation int\u00e9rieure.<\/p>\n<p>Le Minist\u00e8re de l\u2019\u00c9conomie et du D\u00e9veloppement Durable a pr\u00e9sent\u00e9 une communication relative \u00e0 l\u2019ex\u00e9cution des projets sur financement ext\u00e9rieur au cours du 3\u00e8me trimestre 2023.<\/p>\n<p>Cette communication a inform\u00e9 le Gouvernement sur, d\u2019une part l\u2019\u00e9tat d\u2019avancement des projets financ\u00e9s sur ressources ext\u00e9rieures, et d\u2019autre part, les le\u00e7ons apprises dans ce cadre avant de proposer des recommandations visant \u00e0 renforcer le syst\u00e8me de suivi des projets.<\/p>\n<p>Le portefeuille de projets a connu, au cours du troisi\u00e8me trimestre 2023, une diminution en volume et en valeur par rapport au trimestre pr\u00e9c\u00e9dent, due en particulier \u00e0 l\u2019ach\u00e8vement de 5 projets. Le nombre de projets \u00e0 probl\u00e8me n\u2019a pas augment\u00e9 et les performances des projets sont rest\u00e9es mod\u00e9r\u00e9es. Toutefois, l\u2019ex\u00e9cution des projets a connu au cours de cette p\u00e9riode une \u00e9volution satisfaisante.<\/p>\n<p>Par ailleurs, des recommandations en termes d\u2019am\u00e9lioration de l\u2019efficacit\u00e9, de l\u2019efficience et d\u2019harmonisation du syst\u00e8me de suivi des projets ont \u00e9t\u00e9 formul\u00e9es.<\/p>\n<p>Enfin, le Conseil a pris les mesures individuelles suivantes :<\/p>\n<p>Premier Minist\u00e8re<\/p>\n<p>Commission Nationale des Concours<\/p>\n<p>Membres:<\/p>\n<p>-M\u2019beirick Ould Garva<\/p>\n<p>-Mohameden Ould Mohamed El Hafedh<\/p>\n<p>-Mohamed Mahmoud Ould El Hadj Brahim<\/p>\n<p>-Tekber Mint Deye<\/p>\n<p>Minist\u00e8re des Affaires Etrang\u00e8res, de la Coop\u00e9ration et des Mauritaniens de l\u2019Ext\u00e9rieur<\/p>\n<p>Cabinet du Ministre<\/p>\n<p>Conseiller Charg\u00e9 des Affaires Globales : Dr. Achraf Abdul, Professeur Universitaire, sp\u00e9cialiste des questions globales de d\u00e9veloppement.<\/p>\n","protected":false},"excerpt":{"rendered":"<p>AMI &#8211; Le Conseil des ministres s\u2019est r\u00e9uni le mercredi 10 Janvier 2024 sous la Pr\u00e9sidence de Son Excellence Monsieur le Pr\u00e9sident de la R\u00e9publique, Mohamed Ould Cheikh El Ghazouani. \u2010 Le Conseil a examin\u00e9 et approuv\u00e9 le projet de loi autorisant la ratification de l\u2019accord de financement, sign\u00e9 le 03 octobre 2023, entre le&#8230;..<\/p>\n","protected":false},"author":5,"featured_media":14553,"comment_status":"open","ping_status":"open","sticky":false,"template":"","format":"standard","meta":{"footnotes":""},"categories":[23,57],"tags":[],"class_list":["post-14954","post","type-post","status-publish","format-standard","has-post-thumbnail","hentry","category-actualite","category-couverture-specilale"],"yoast_head":"<!-- This site is optimized with the Yoast SEO plugin v27.5 - https:\/\/yoast.com\/product\/yoast-seo-wordpress\/ -->\n<title>Communiqu\u00e9 du Conseil des Ministres du mercredi 10 Janvier 2024 - Le Quotidien de Nouakchott<\/title>\n<meta name=\"robots\" content=\"index, follow, max-snippet:-1, max-image-preview:large, max-video-preview:-1\" \/>\n<link rel=\"canonical\" href=\"https:\/\/lequotidien.mr\/?p=14954&lang=fr\" \/>\n<meta property=\"og:locale\" content=\"ar_AR\" \/>\n<meta property=\"og:type\" content=\"article\" \/>\n<meta property=\"og:title\" content=\"Communiqu\u00e9 du Conseil des Ministres du mercredi 10 Janvier 2024 - Le Quotidien de Nouakchott\" \/>\n<meta property=\"og:description\" content=\"AMI &#8211; Le Conseil des ministres s\u2019est r\u00e9uni le mercredi 10 Janvier 2024 sous la Pr\u00e9sidence de Son Excellence Monsieur le Pr\u00e9sident de la R\u00e9publique, Mohamed Ould Cheikh El Ghazouani. \u2010 Le Conseil a examin\u00e9 et approuv\u00e9 le projet de loi autorisant la ratification de l\u2019accord de financement, sign\u00e9 le 03 octobre 2023, entre le.....\" \/>\n<meta property=\"og:url\" content=\"https:\/\/lequotidien.mr\/?p=14954&amp;lang=fr\" \/>\n<meta property=\"og:site_name\" content=\"Le Quotidien de Nouakchott\" \/>\n<meta property=\"article:publisher\" content=\"https:\/\/web.facebook.com\/lequotidienmr\" \/>\n<meta property=\"article:published_time\" content=\"2024-01-11T00:49:02+00:00\" \/>\n<meta property=\"og:image\" content=\"https:\/\/lequotidien.mr\/wp-content\/uploads\/2023\/12\/conseil_des_minitres_co_d_m_pr_001_750x430-1.jpg\" \/>\n\t<meta property=\"og:image:width\" content=\"639\" \/>\n\t<meta property=\"og:image:height\" content=\"410\" \/>\n\t<meta property=\"og:image:type\" content=\"image\/jpeg\" \/>\n<meta name=\"author\" content=\"Gayi Diawara\" \/>\n<meta name=\"twitter:card\" content=\"summary_large_image\" \/>\n<meta name=\"twitter:creator\" content=\"@lequotidienmr\" \/>\n<meta name=\"twitter:site\" content=\"@lequotidienmr\" \/>\n<meta name=\"twitter:label1\" content=\"\u0643\u064f\u062a\u0628 \u0628\u0648\u0627\u0633\u0637\u0629\" \/>\n\t<meta name=\"twitter:data1\" content=\"Gayi Diawara\" \/>\n\t<meta name=\"twitter:label2\" content=\"\u0648\u0642\u062a \u0627\u0644\u0642\u0631\u0627\u0621\u0629 \u0627\u0644\u0645\u064f\u0642\u062f\u0651\u0631\" \/>\n\t<meta name=\"twitter:data2\" content=\"4 \u062f\u0642\u0627\u0626\u0642\" \/>\n<script type=\"application\/ld+json\" class=\"yoast-schema-graph\">{\"@context\":\"https:\\\/\\\/schema.org\",\"@graph\":[{\"@type\":\"Article\",\"@id\":\"https:\\\/\\\/lequotidien.mr\\\/?p=14954&lang=fr#article\",\"isPartOf\":{\"@id\":\"https:\\\/\\\/lequotidien.mr\\\/?p=14954&lang=fr\"},\"author\":{\"name\":\"Gayi Diawara\",\"@id\":\"https:\\\/\\\/lequotidien.mr\\\/#\\\/schema\\\/person\\\/1077c8abd5640a6514b909318d271dee\"},\"headline\":\"Communiqu\u00e9 du Conseil des Ministres du mercredi 10 Janvier 2024\",\"datePublished\":\"2024-01-11T00:49:02+00:00\",\"mainEntityOfPage\":{\"@id\":\"https:\\\/\\\/lequotidien.mr\\\/?p=14954&lang=fr\"},\"wordCount\":828,\"commentCount\":0,\"publisher\":{\"@id\":\"https:\\\/\\\/lequotidien.mr\\\/#organization\"},\"image\":{\"@id\":\"https:\\\/\\\/lequotidien.mr\\\/?p=14954&lang=fr#primaryimage\"},\"thumbnailUrl\":\"https:\\\/\\\/lequotidien.mr\\\/wp-content\\\/uploads\\\/2023\\\/12\\\/conseil_des_minitres_co_d_m_pr_001_750x430-1.jpg\",\"articleSection\":[\"ACTUALIT\u00c9\",\"Couverture sp\u00e9cilale\"],\"inLanguage\":\"ar\",\"potentialAction\":[{\"@type\":\"CommentAction\",\"name\":\"Comment\",\"target\":[\"https:\\\/\\\/lequotidien.mr\\\/?p=14954&lang=fr#respond\"]}]},{\"@type\":\"WebPage\",\"@id\":\"https:\\\/\\\/lequotidien.mr\\\/?p=14954&lang=fr\",\"url\":\"https:\\\/\\\/lequotidien.mr\\\/?p=14954&lang=fr\",\"name\":\"Communiqu\u00e9 du Conseil des Ministres du mercredi 10 Janvier 2024 - Le Quotidien de Nouakchott\",\"isPartOf\":{\"@id\":\"https:\\\/\\\/lequotidien.mr\\\/#website\"},\"primaryImageOfPage\":{\"@id\":\"https:\\\/\\\/lequotidien.mr\\\/?p=14954&lang=fr#primaryimage\"},\"image\":{\"@id\":\"https:\\\/\\\/lequotidien.mr\\\/?p=14954&lang=fr#primaryimage\"},\"thumbnailUrl\":\"https:\\\/\\\/lequotidien.mr\\\/wp-content\\\/uploads\\\/2023\\\/12\\\/conseil_des_minitres_co_d_m_pr_001_750x430-1.jpg\",\"datePublished\":\"2024-01-11T00:49:02+00:00\",\"breadcrumb\":{\"@id\":\"https:\\\/\\\/lequotidien.mr\\\/?p=14954&lang=fr#breadcrumb\"},\"inLanguage\":\"ar\",\"potentialAction\":[{\"@type\":\"ReadAction\",\"target\":[\"https:\\\/\\\/lequotidien.mr\\\/?p=14954&lang=fr\"]}]},{\"@type\":\"ImageObject\",\"inLanguage\":\"ar\",\"@id\":\"https:\\\/\\\/lequotidien.mr\\\/?p=14954&lang=fr#primaryimage\",\"url\":\"https:\\\/\\\/lequotidien.mr\\\/wp-content\\\/uploads\\\/2023\\\/12\\\/conseil_des_minitres_co_d_m_pr_001_750x430-1.jpg\",\"contentUrl\":\"https:\\\/\\\/lequotidien.mr\\\/wp-content\\\/uploads\\\/2023\\\/12\\\/conseil_des_minitres_co_d_m_pr_001_750x430-1.jpg\",\"width\":639,\"height\":410},{\"@type\":\"BreadcrumbList\",\"@id\":\"https:\\\/\\\/lequotidien.mr\\\/?p=14954&lang=fr#breadcrumb\",\"itemListElement\":[{\"@type\":\"ListItem\",\"position\":1,\"name\":\"Home\",\"item\":\"https:\\\/\\\/lequotidien.mr\\\/\"},{\"@type\":\"ListItem\",\"position\":2,\"name\":\"Communiqu\u00e9 du Conseil des Ministres du mercredi 10 Janvier 2024\"}]},{\"@type\":\"WebSite\",\"@id\":\"https:\\\/\\\/lequotidien.mr\\\/#website\",\"url\":\"https:\\\/\\\/lequotidien.mr\\\/\",\"name\":\"Le Quotidien de Nouakchott\",\"description\":\"\u0625\u062e\u0628\u0627\u0631\u064a\u0629 \u0645\u0633\u062a\u0642\u0644\u0629 \u0644\u0644\u0623\u0646\u0628\u0627\u0621 \u0627\u0644\u0639\u0627\u0645\u0629\",\"publisher\":{\"@id\":\"https:\\\/\\\/lequotidien.mr\\\/#organization\"},\"potentialAction\":[{\"@type\":\"SearchAction\",\"target\":{\"@type\":\"EntryPoint\",\"urlTemplate\":\"https:\\\/\\\/lequotidien.mr\\\/?s={search_term_string}\"},\"query-input\":{\"@type\":\"PropertyValueSpecification\",\"valueRequired\":true,\"valueName\":\"search_term_string\"}}],\"inLanguage\":\"ar\"},{\"@type\":\"Organization\",\"@id\":\"https:\\\/\\\/lequotidien.mr\\\/#organization\",\"name\":\"Le Quotidien de Nouakchott\",\"url\":\"https:\\\/\\\/lequotidien.mr\\\/\",\"logo\":{\"@type\":\"ImageObject\",\"inLanguage\":\"ar\",\"@id\":\"https:\\\/\\\/lequotidien.mr\\\/#\\\/schema\\\/logo\\\/image\\\/\",\"url\":\"https:\\\/\\\/lequotidien.mr\\\/wp-content\\\/uploads\\\/2022\\\/11\\\/logolequotidien.jpg\",\"contentUrl\":\"https:\\\/\\\/lequotidien.mr\\\/wp-content\\\/uploads\\\/2022\\\/11\\\/logolequotidien.jpg\",\"width\":290,\"height\":65,\"caption\":\"Le Quotidien de Nouakchott\"},\"image\":{\"@id\":\"https:\\\/\\\/lequotidien.mr\\\/#\\\/schema\\\/logo\\\/image\\\/\"},\"sameAs\":[\"https:\\\/\\\/web.facebook.com\\\/lequotidienmr\",\"https:\\\/\\\/x.com\\\/lequotidienmr\"]},{\"@type\":\"Person\",\"@id\":\"https:\\\/\\\/lequotidien.mr\\\/#\\\/schema\\\/person\\\/1077c8abd5640a6514b909318d271dee\",\"name\":\"Gayi Diawara\",\"image\":{\"@type\":\"ImageObject\",\"inLanguage\":\"ar\",\"@id\":\"https:\\\/\\\/secure.gravatar.com\\\/avatar\\\/63ea8db1e19a6d2d608b24c0f78b5f3a7d6e0bc11959fec273410af333e4d0ac?s=96&d=mm&r=g\",\"url\":\"https:\\\/\\\/secure.gravatar.com\\\/avatar\\\/63ea8db1e19a6d2d608b24c0f78b5f3a7d6e0bc11959fec273410af333e4d0ac?s=96&d=mm&r=g\",\"contentUrl\":\"https:\\\/\\\/secure.gravatar.com\\\/avatar\\\/63ea8db1e19a6d2d608b24c0f78b5f3a7d6e0bc11959fec273410af333e4d0ac?s=96&d=mm&r=g\",\"caption\":\"Gayi Diawara\"},\"sameAs\":[\"http:\\\/\\\/lequotidien.mr\"],\"url\":\"https:\\\/\\\/lequotidien.mr\\\/?author=5\"}]}<\/script>\n<!-- \/ Yoast SEO plugin. -->","yoast_head_json":{"title":"Communiqu\u00e9 du Conseil des Ministres du mercredi 10 Janvier 2024 - Le Quotidien de Nouakchott","robots":{"index":"index","follow":"follow","max-snippet":"max-snippet:-1","max-image-preview":"max-image-preview:large","max-video-preview":"max-video-preview:-1"},"canonical":"https:\/\/lequotidien.mr\/?p=14954&lang=fr","og_locale":"ar_AR","og_type":"article","og_title":"Communiqu\u00e9 du Conseil des Ministres du mercredi 10 Janvier 2024 - Le Quotidien de Nouakchott","og_description":"AMI &#8211; Le Conseil des ministres s\u2019est r\u00e9uni le mercredi 10 Janvier 2024 sous la Pr\u00e9sidence de Son Excellence Monsieur le Pr\u00e9sident de la R\u00e9publique, Mohamed Ould Cheikh El Ghazouani. \u2010 Le Conseil a examin\u00e9 et approuv\u00e9 le projet de loi autorisant la ratification de l\u2019accord de financement, sign\u00e9 le 03 octobre 2023, entre le.....","og_url":"https:\/\/lequotidien.mr\/?p=14954&lang=fr","og_site_name":"Le Quotidien de Nouakchott","article_publisher":"https:\/\/web.facebook.com\/lequotidienmr","article_published_time":"2024-01-11T00:49:02+00:00","og_image":[{"width":639,"height":410,"url":"https:\/\/lequotidien.mr\/wp-content\/uploads\/2023\/12\/conseil_des_minitres_co_d_m_pr_001_750x430-1.jpg","type":"image\/jpeg"}],"author":"Gayi Diawara","twitter_card":"summary_large_image","twitter_creator":"@lequotidienmr","twitter_site":"@lequotidienmr","twitter_misc":{"\u0643\u064f\u062a\u0628 \u0628\u0648\u0627\u0633\u0637\u0629":"Gayi Diawara","\u0648\u0642\u062a \u0627\u0644\u0642\u0631\u0627\u0621\u0629 \u0627\u0644\u0645\u064f\u0642\u062f\u0651\u0631":"4 \u062f\u0642\u0627\u0626\u0642"},"schema":{"@context":"https:\/\/schema.org","@graph":[{"@type":"Article","@id":"https:\/\/lequotidien.mr\/?p=14954&lang=fr#article","isPartOf":{"@id":"https:\/\/lequotidien.mr\/?p=14954&lang=fr"},"author":{"name":"Gayi Diawara","@id":"https:\/\/lequotidien.mr\/#\/schema\/person\/1077c8abd5640a6514b909318d271dee"},"headline":"Communiqu\u00e9 du Conseil des Ministres du mercredi 10 Janvier 2024","datePublished":"2024-01-11T00:49:02+00:00","mainEntityOfPage":{"@id":"https:\/\/lequotidien.mr\/?p=14954&lang=fr"},"wordCount":828,"commentCount":0,"publisher":{"@id":"https:\/\/lequotidien.mr\/#organization"},"image":{"@id":"https:\/\/lequotidien.mr\/?p=14954&lang=fr#primaryimage"},"thumbnailUrl":"https:\/\/lequotidien.mr\/wp-content\/uploads\/2023\/12\/conseil_des_minitres_co_d_m_pr_001_750x430-1.jpg","articleSection":["ACTUALIT\u00c9","Couverture sp\u00e9cilale"],"inLanguage":"ar","potentialAction":[{"@type":"CommentAction","name":"Comment","target":["https:\/\/lequotidien.mr\/?p=14954&lang=fr#respond"]}]},{"@type":"WebPage","@id":"https:\/\/lequotidien.mr\/?p=14954&lang=fr","url":"https:\/\/lequotidien.mr\/?p=14954&lang=fr","name":"Communiqu\u00e9 du Conseil des Ministres du mercredi 10 Janvier 2024 - Le Quotidien de Nouakchott","isPartOf":{"@id":"https:\/\/lequotidien.mr\/#website"},"primaryImageOfPage":{"@id":"https:\/\/lequotidien.mr\/?p=14954&lang=fr#primaryimage"},"image":{"@id":"https:\/\/lequotidien.mr\/?p=14954&lang=fr#primaryimage"},"thumbnailUrl":"https:\/\/lequotidien.mr\/wp-content\/uploads\/2023\/12\/conseil_des_minitres_co_d_m_pr_001_750x430-1.jpg","datePublished":"2024-01-11T00:49:02+00:00","breadcrumb":{"@id":"https:\/\/lequotidien.mr\/?p=14954&lang=fr#breadcrumb"},"inLanguage":"ar","potentialAction":[{"@type":"ReadAction","target":["https:\/\/lequotidien.mr\/?p=14954&lang=fr"]}]},{"@type":"ImageObject","inLanguage":"ar","@id":"https:\/\/lequotidien.mr\/?p=14954&lang=fr#primaryimage","url":"https:\/\/lequotidien.mr\/wp-content\/uploads\/2023\/12\/conseil_des_minitres_co_d_m_pr_001_750x430-1.jpg","contentUrl":"https:\/\/lequotidien.mr\/wp-content\/uploads\/2023\/12\/conseil_des_minitres_co_d_m_pr_001_750x430-1.jpg","width":639,"height":410},{"@type":"BreadcrumbList","@id":"https:\/\/lequotidien.mr\/?p=14954&lang=fr#breadcrumb","itemListElement":[{"@type":"ListItem","position":1,"name":"Home","item":"https:\/\/lequotidien.mr\/"},{"@type":"ListItem","position":2,"name":"Communiqu\u00e9 du Conseil des Ministres du mercredi 10 Janvier 2024"}]},{"@type":"WebSite","@id":"https:\/\/lequotidien.mr\/#website","url":"https:\/\/lequotidien.mr\/","name":"Le Quotidien de Nouakchott","description":"\u0625\u062e\u0628\u0627\u0631\u064a\u0629 \u0645\u0633\u062a\u0642\u0644\u0629 \u0644\u0644\u0623\u0646\u0628\u0627\u0621 \u0627\u0644\u0639\u0627\u0645\u0629","publisher":{"@id":"https:\/\/lequotidien.mr\/#organization"},"potentialAction":[{"@type":"SearchAction","target":{"@type":"EntryPoint","urlTemplate":"https:\/\/lequotidien.mr\/?s={search_term_string}"},"query-input":{"@type":"PropertyValueSpecification","valueRequired":true,"valueName":"search_term_string"}}],"inLanguage":"ar"},{"@type":"Organization","@id":"https:\/\/lequotidien.mr\/#organization","name":"Le Quotidien de Nouakchott","url":"https:\/\/lequotidien.mr\/","logo":{"@type":"ImageObject","inLanguage":"ar","@id":"https:\/\/lequotidien.mr\/#\/schema\/logo\/image\/","url":"https:\/\/lequotidien.mr\/wp-content\/uploads\/2022\/11\/logolequotidien.jpg","contentUrl":"https:\/\/lequotidien.mr\/wp-content\/uploads\/2022\/11\/logolequotidien.jpg","width":290,"height":65,"caption":"Le Quotidien de Nouakchott"},"image":{"@id":"https:\/\/lequotidien.mr\/#\/schema\/logo\/image\/"},"sameAs":["https:\/\/web.facebook.com\/lequotidienmr","https:\/\/x.com\/lequotidienmr"]},{"@type":"Person","@id":"https:\/\/lequotidien.mr\/#\/schema\/person\/1077c8abd5640a6514b909318d271dee","name":"Gayi Diawara","image":{"@type":"ImageObject","inLanguage":"ar","@id":"https:\/\/secure.gravatar.com\/avatar\/63ea8db1e19a6d2d608b24c0f78b5f3a7d6e0bc11959fec273410af333e4d0ac?s=96&d=mm&r=g","url":"https:\/\/secure.gravatar.com\/avatar\/63ea8db1e19a6d2d608b24c0f78b5f3a7d6e0bc11959fec273410af333e4d0ac?s=96&d=mm&r=g","contentUrl":"https:\/\/secure.gravatar.com\/avatar\/63ea8db1e19a6d2d608b24c0f78b5f3a7d6e0bc11959fec273410af333e4d0ac?s=96&d=mm&r=g","caption":"Gayi Diawara"},"sameAs":["http:\/\/lequotidien.mr"],"url":"https:\/\/lequotidien.mr\/?author=5"}]}},"_links":{"self":[{"href":"https:\/\/lequotidien.mr\/index.php?rest_route=\/wp\/v2\/posts\/14954","targetHints":{"allow":["GET"]}}],"collection":[{"href":"https:\/\/lequotidien.mr\/index.php?rest_route=\/wp\/v2\/posts"}],"about":[{"href":"https:\/\/lequotidien.mr\/index.php?rest_route=\/wp\/v2\/types\/post"}],"author":[{"embeddable":true,"href":"https:\/\/lequotidien.mr\/index.php?rest_route=\/wp\/v2\/users\/5"}],"replies":[{"embeddable":true,"href":"https:\/\/lequotidien.mr\/index.php?rest_route=%2Fwp%2Fv2%2Fcomments&post=14954"}],"version-history":[{"count":1,"href":"https:\/\/lequotidien.mr\/index.php?rest_route=\/wp\/v2\/posts\/14954\/revisions"}],"predecessor-version":[{"id":14955,"href":"https:\/\/lequotidien.mr\/index.php?rest_route=\/wp\/v2\/posts\/14954\/revisions\/14955"}],"wp:featuredmedia":[{"embeddable":true,"href":"https:\/\/lequotidien.mr\/index.php?rest_route=\/wp\/v2\/media\/14553"}],"wp:attachment":[{"href":"https:\/\/lequotidien.mr\/index.php?rest_route=%2Fwp%2Fv2%2Fmedia&parent=14954"}],"wp:term":[{"taxonomy":"category","embeddable":true,"href":"https:\/\/lequotidien.mr\/index.php?rest_route=%2Fwp%2Fv2%2Fcategories&post=14954"},{"taxonomy":"post_tag","embeddable":true,"href":"https:\/\/lequotidien.mr\/index.php?rest_route=%2Fwp%2Fv2%2Ftags&post=14954"}],"curies":[{"name":"wp","href":"https:\/\/api.w.org\/{rel}","templated":true}]}}