{"id":14895,"date":"2024-01-08T10:41:27","date_gmt":"2024-01-08T10:41:27","guid":{"rendered":"https:\/\/lequotidien.mr\/?p=14895"},"modified":"2024-01-08T10:41:27","modified_gmt":"2024-01-08T10:41:27","slug":"programme-intensif-de-questions-orales-au-gouvernement-par-lassemblee-nationale","status":"publish","type":"post","link":"https:\/\/lequotidien.mr\/?p=14895&lang=fr","title":{"rendered":"Programme Intensif de Questions Orales au Gouvernement par l&#8217;Assembl\u00e9e Nationale"},"content":{"rendered":"<p>Dans un mouvement visant \u00e0 renforcer la transparence et la responsabilit\u00e9 gouvernementale, la conf\u00e9rence des pr\u00e9sidents de l&#8217;Assembl\u00e9e Nationale a r\u00e9cemment annonc\u00e9 un programme charg\u00e9 de sessions de questions orales \u00e0 divers ministres.<\/p>\n<p>La s\u00e9rie de sessions d\u00e9butera le lundi 8 janvier avec le ministre de l\u2019\u00e9ducation et de la r\u00e9forme du syst\u00e8me \u00e9ducatif. Il r\u00e9pondra aux questions des d\u00e9put\u00e9s Abdessalam Horma, Kadiata Malick Diallo, et Ahmedou Mahfoud M\u2019Balla, suivies de d\u00e9bats. Plus tard dans la journ\u00e9e, le ministre de l\u2019hydraulique et de l\u2019assainissement fera face aux interrogations du d\u00e9put\u00e9 Mohamed Lemine Sidi Maouloud.<\/p>\n<p>Le mardi 9 janvier, le ministre du p\u00e9trole, de l\u2019\u00e9nergie et des mines r\u00e9pondra aux questions des d\u00e9put\u00e9s Isselkou Mohamed Salem Bahah et Abdessalam Horma. Dans l&#8217;apr\u00e8s-midi, le ministre de l\u2019\u00e9levage sera interrog\u00e9 par le d\u00e9put\u00e9 Yahya Loud.<\/p>\n<p>La s\u00e9ance pl\u00e9ni\u00e8re du jeudi 11 janvier sera consacr\u00e9e aux r\u00e9ponses des ministres sur les questions pos\u00e9es pr\u00e9c\u00e9demment. Ce jour-l\u00e0, des questions seront adress\u00e9es au ministre de la sant\u00e9, au ministre d\u00e9l\u00e9gu\u00e9 des affaires \u00e9trang\u00e8res charg\u00e9 des Mauritaniens de l\u2019ext\u00e9rieur, et au ministre de l\u2019habitat, de l\u2019urbanisme et de l\u2019am\u00e9nagement du territoire par les d\u00e9put\u00e9s respectifs.<\/p>\n<p>Le programme continue avec une session le 18 janvier, o\u00f9 la ministre de l\u2019environnement r\u00e9pondra aux questions des d\u00e9put\u00e9s Sid\u2019Ahmed Mohamed El Hacen et Ahmed Jiddou Zeine Limam. Le ministre de l\u2019agriculture et le ministre de l\u2019emploi et de la formation professionnelle seront \u00e9galement interrog\u00e9s par les d\u00e9put\u00e9s Mohameden M\u2019Bareck et Sid\u2019Ahmed Mohamed El Hacen.<\/p>\n<p>Le 25 janvier, les ministres des affaires \u00e9conomiques et du d\u00e9veloppement durable ainsi que de l\u2019int\u00e9rieur et de la d\u00e9centralisation r\u00e9pondront aux questions des d\u00e9put\u00e9s, avec une attention particuli\u00e8re port\u00e9e aux interrogations de Sid\u2019Ahmed Mohamed El Hacen et Kadiata Malick Diallo.<\/p>\n<p>Cette initiative de l&#8217;Assembl\u00e9e Nationale souligne l&#8217;importance de la responsabilit\u00e9 gouvernementale et de la transparence dans la gestion des affaires publiques. Elle offre une plateforme pour aborder des sujets cruciaux touchant divers secteurs tels que l&#8217;\u00e9ducation, l&#8217;hydraulique, l&#8217;\u00e9nergie, l&#8217;\u00e9levage, la sant\u00e9, les affaires \u00e9trang\u00e8res, l&#8217;habitat, l&#8217;environnement, l&#8217;agriculture, l&#8217;emploi, et la d\u00e9centralisation.<\/p>\n<p>Ces sessions de questions orales sont une \u00e9tape importante dans la d\u00e9mocratie repr\u00e9sentative, permettant aux d\u00e9put\u00e9s de poser directement des questions aux membres du gouvernement sur des sujets d&#8217;int\u00e9r\u00eat public. Elles repr\u00e9sentent une opportunit\u00e9 pour les citoyens de mieux comprendre les politiques et les actions du gouvernement.<\/p>\n<p>&nbsp;<\/p>\n<p>&nbsp;<\/p>\n<p>&nbsp;<\/p>\n","protected":false},"excerpt":{"rendered":"<p>Dans un mouvement visant \u00e0 renforcer la transparence et la responsabilit\u00e9 gouvernementale, la conf\u00e9rence des pr\u00e9sidents de l&#8217;Assembl\u00e9e Nationale a r\u00e9cemment annonc\u00e9 un programme charg\u00e9 de sessions de questions orales \u00e0 divers ministres. La s\u00e9rie de sessions d\u00e9butera le lundi 8 janvier avec le ministre de l\u2019\u00e9ducation et de la r\u00e9forme du syst\u00e8me \u00e9ducatif. Il&#8230;..<\/p>\n","protected":false},"author":4,"featured_media":14896,"comment_status":"open","ping_status":"open","sticky":false,"template":"","format":"standard","meta":{"footnotes":""},"categories":[23,57],"tags":[],"class_list":["post-14895","post","type-post","status-publish","format-standard","has-post-thumbnail","hentry","category-actualite","category-couverture-specilale"],"yoast_head":"<!-- This site is optimized with the Yoast SEO plugin v27.5 - https:\/\/yoast.com\/product\/yoast-seo-wordpress\/ -->\n<title>Programme Intensif de Questions Orales au Gouvernement par l&#039;Assembl\u00e9e Nationale - Le Quotidien de Nouakchott<\/title>\n<meta name=\"robots\" content=\"index, follow, max-snippet:-1, max-image-preview:large, max-video-preview:-1\" \/>\n<link rel=\"canonical\" href=\"https:\/\/lequotidien.mr\/?p=14895&lang=fr\" \/>\n<meta property=\"og:locale\" content=\"ar_AR\" \/>\n<meta property=\"og:type\" content=\"article\" \/>\n<meta property=\"og:title\" content=\"Programme Intensif de Questions Orales au Gouvernement par l&#039;Assembl\u00e9e Nationale - Le Quotidien de Nouakchott\" \/>\n<meta property=\"og:description\" content=\"Dans un mouvement visant \u00e0 renforcer la transparence et la responsabilit\u00e9 gouvernementale, la conf\u00e9rence des pr\u00e9sidents de l&#8217;Assembl\u00e9e Nationale a r\u00e9cemment annonc\u00e9 un programme charg\u00e9 de sessions de questions orales \u00e0 divers ministres. La s\u00e9rie de sessions d\u00e9butera le lundi 8 janvier avec le ministre de l\u2019\u00e9ducation et de la r\u00e9forme du syst\u00e8me \u00e9ducatif. Il.....\" \/>\n<meta property=\"og:url\" content=\"https:\/\/lequotidien.mr\/?p=14895&amp;lang=fr\" \/>\n<meta property=\"og:site_name\" content=\"Le Quotidien de Nouakchott\" \/>\n<meta property=\"article:publisher\" content=\"https:\/\/web.facebook.com\/lequotidienmr\" \/>\n<meta property=\"article:published_time\" content=\"2024-01-08T10:41:27+00:00\" \/>\n<meta property=\"og:image\" content=\"https:\/\/lequotidien.mr\/wp-content\/uploads\/2024\/01\/parlment-780x470-1.webp\" \/>\n\t<meta property=\"og:image:width\" content=\"780\" \/>\n\t<meta property=\"og:image:height\" content=\"470\" \/>\n\t<meta property=\"og:image:type\" content=\"image\/webp\" \/>\n<meta name=\"author\" content=\"Le Quotidien\" \/>\n<meta name=\"twitter:card\" content=\"summary_large_image\" \/>\n<meta name=\"twitter:creator\" content=\"@lequotidienmr\" \/>\n<meta name=\"twitter:site\" content=\"@lequotidienmr\" \/>\n<meta name=\"twitter:label1\" content=\"\u0643\u064f\u062a\u0628 \u0628\u0648\u0627\u0633\u0637\u0629\" \/>\n\t<meta name=\"twitter:data1\" content=\"Le Quotidien\" \/>\n\t<meta name=\"twitter:label2\" content=\"\u0648\u0642\u062a \u0627\u0644\u0642\u0631\u0627\u0621\u0629 \u0627\u0644\u0645\u064f\u0642\u062f\u0651\u0631\" \/>\n\t<meta name=\"twitter:data2\" content=\"\u062f\u0642\u064a\u0642\u062a\u0627\u0646\" \/>\n<script type=\"application\/ld+json\" class=\"yoast-schema-graph\">{\"@context\":\"https:\\\/\\\/schema.org\",\"@graph\":[{\"@type\":\"Article\",\"@id\":\"https:\\\/\\\/lequotidien.mr\\\/?p=14895&lang=fr#article\",\"isPartOf\":{\"@id\":\"https:\\\/\\\/lequotidien.mr\\\/?p=14895&lang=fr\"},\"author\":{\"name\":\"Le Quotidien\",\"@id\":\"https:\\\/\\\/lequotidien.mr\\\/#\\\/schema\\\/person\\\/f90fcdaa970c60288de4ed2e64a56472\"},\"headline\":\"Programme Intensif de Questions Orales au Gouvernement par l&#8217;Assembl\u00e9e Nationale\",\"datePublished\":\"2024-01-08T10:41:27+00:00\",\"mainEntityOfPage\":{\"@id\":\"https:\\\/\\\/lequotidien.mr\\\/?p=14895&lang=fr\"},\"wordCount\":481,\"commentCount\":0,\"publisher\":{\"@id\":\"https:\\\/\\\/lequotidien.mr\\\/#organization\"},\"image\":{\"@id\":\"https:\\\/\\\/lequotidien.mr\\\/?p=14895&lang=fr#primaryimage\"},\"thumbnailUrl\":\"https:\\\/\\\/lequotidien.mr\\\/wp-content\\\/uploads\\\/2024\\\/01\\\/parlment-780x470-1.webp\",\"articleSection\":[\"ACTUALIT\u00c9\",\"Couverture sp\u00e9cilale\"],\"inLanguage\":\"ar\",\"potentialAction\":[{\"@type\":\"CommentAction\",\"name\":\"Comment\",\"target\":[\"https:\\\/\\\/lequotidien.mr\\\/?p=14895&lang=fr#respond\"]}]},{\"@type\":\"WebPage\",\"@id\":\"https:\\\/\\\/lequotidien.mr\\\/?p=14895&lang=fr\",\"url\":\"https:\\\/\\\/lequotidien.mr\\\/?p=14895&lang=fr\",\"name\":\"Programme Intensif de Questions Orales au Gouvernement par l'Assembl\u00e9e Nationale - Le Quotidien de Nouakchott\",\"isPartOf\":{\"@id\":\"https:\\\/\\\/lequotidien.mr\\\/#website\"},\"primaryImageOfPage\":{\"@id\":\"https:\\\/\\\/lequotidien.mr\\\/?p=14895&lang=fr#primaryimage\"},\"image\":{\"@id\":\"https:\\\/\\\/lequotidien.mr\\\/?p=14895&lang=fr#primaryimage\"},\"thumbnailUrl\":\"https:\\\/\\\/lequotidien.mr\\\/wp-content\\\/uploads\\\/2024\\\/01\\\/parlment-780x470-1.webp\",\"datePublished\":\"2024-01-08T10:41:27+00:00\",\"breadcrumb\":{\"@id\":\"https:\\\/\\\/lequotidien.mr\\\/?p=14895&lang=fr#breadcrumb\"},\"inLanguage\":\"ar\",\"potentialAction\":[{\"@type\":\"ReadAction\",\"target\":[\"https:\\\/\\\/lequotidien.mr\\\/?p=14895&lang=fr\"]}]},{\"@type\":\"ImageObject\",\"inLanguage\":\"ar\",\"@id\":\"https:\\\/\\\/lequotidien.mr\\\/?p=14895&lang=fr#primaryimage\",\"url\":\"https:\\\/\\\/lequotidien.mr\\\/wp-content\\\/uploads\\\/2024\\\/01\\\/parlment-780x470-1.webp\",\"contentUrl\":\"https:\\\/\\\/lequotidien.mr\\\/wp-content\\\/uploads\\\/2024\\\/01\\\/parlment-780x470-1.webp\",\"width\":780,\"height\":470},{\"@type\":\"BreadcrumbList\",\"@id\":\"https:\\\/\\\/lequotidien.mr\\\/?p=14895&lang=fr#breadcrumb\",\"itemListElement\":[{\"@type\":\"ListItem\",\"position\":1,\"name\":\"Home\",\"item\":\"https:\\\/\\\/lequotidien.mr\\\/\"},{\"@type\":\"ListItem\",\"position\":2,\"name\":\"Programme Intensif de Questions Orales au Gouvernement par l&#8217;Assembl\u00e9e Nationale\"}]},{\"@type\":\"WebSite\",\"@id\":\"https:\\\/\\\/lequotidien.mr\\\/#website\",\"url\":\"https:\\\/\\\/lequotidien.mr\\\/\",\"name\":\"Le Quotidien de Nouakchott\",\"description\":\"\u0625\u062e\u0628\u0627\u0631\u064a\u0629 \u0645\u0633\u062a\u0642\u0644\u0629 \u0644\u0644\u0623\u0646\u0628\u0627\u0621 \u0627\u0644\u0639\u0627\u0645\u0629\",\"publisher\":{\"@id\":\"https:\\\/\\\/lequotidien.mr\\\/#organization\"},\"potentialAction\":[{\"@type\":\"SearchAction\",\"target\":{\"@type\":\"EntryPoint\",\"urlTemplate\":\"https:\\\/\\\/lequotidien.mr\\\/?s={search_term_string}\"},\"query-input\":{\"@type\":\"PropertyValueSpecification\",\"valueRequired\":true,\"valueName\":\"search_term_string\"}}],\"inLanguage\":\"ar\"},{\"@type\":\"Organization\",\"@id\":\"https:\\\/\\\/lequotidien.mr\\\/#organization\",\"name\":\"Le Quotidien de Nouakchott\",\"url\":\"https:\\\/\\\/lequotidien.mr\\\/\",\"logo\":{\"@type\":\"ImageObject\",\"inLanguage\":\"ar\",\"@id\":\"https:\\\/\\\/lequotidien.mr\\\/#\\\/schema\\\/logo\\\/image\\\/\",\"url\":\"https:\\\/\\\/lequotidien.mr\\\/wp-content\\\/uploads\\\/2022\\\/11\\\/logolequotidien.jpg\",\"contentUrl\":\"https:\\\/\\\/lequotidien.mr\\\/wp-content\\\/uploads\\\/2022\\\/11\\\/logolequotidien.jpg\",\"width\":290,\"height\":65,\"caption\":\"Le Quotidien de Nouakchott\"},\"image\":{\"@id\":\"https:\\\/\\\/lequotidien.mr\\\/#\\\/schema\\\/logo\\\/image\\\/\"},\"sameAs\":[\"https:\\\/\\\/web.facebook.com\\\/lequotidienmr\",\"https:\\\/\\\/x.com\\\/lequotidienmr\"]},{\"@type\":\"Person\",\"@id\":\"https:\\\/\\\/lequotidien.mr\\\/#\\\/schema\\\/person\\\/f90fcdaa970c60288de4ed2e64a56472\",\"name\":\"Le Quotidien\",\"image\":{\"@type\":\"ImageObject\",\"inLanguage\":\"ar\",\"@id\":\"https:\\\/\\\/secure.gravatar.com\\\/avatar\\\/374cb39a1a458a912465a93e5a3ce6546886fc3da809a1f10c63e4e8fcbca30f?s=96&d=mm&r=g\",\"url\":\"https:\\\/\\\/secure.gravatar.com\\\/avatar\\\/374cb39a1a458a912465a93e5a3ce6546886fc3da809a1f10c63e4e8fcbca30f?s=96&d=mm&r=g\",\"contentUrl\":\"https:\\\/\\\/secure.gravatar.com\\\/avatar\\\/374cb39a1a458a912465a93e5a3ce6546886fc3da809a1f10c63e4e8fcbca30f?s=96&d=mm&r=g\",\"caption\":\"Le Quotidien\"},\"sameAs\":[\"https:\\\/\\\/lequotidien.mr\\\/\"],\"url\":\"https:\\\/\\\/lequotidien.mr\\\/?author=4\"}]}<\/script>\n<!-- \/ Yoast SEO plugin. -->","yoast_head_json":{"title":"Programme Intensif de Questions Orales au Gouvernement par l'Assembl\u00e9e Nationale - Le Quotidien de Nouakchott","robots":{"index":"index","follow":"follow","max-snippet":"max-snippet:-1","max-image-preview":"max-image-preview:large","max-video-preview":"max-video-preview:-1"},"canonical":"https:\/\/lequotidien.mr\/?p=14895&lang=fr","og_locale":"ar_AR","og_type":"article","og_title":"Programme Intensif de Questions Orales au Gouvernement par l'Assembl\u00e9e Nationale - Le Quotidien de Nouakchott","og_description":"Dans un mouvement visant \u00e0 renforcer la transparence et la responsabilit\u00e9 gouvernementale, la conf\u00e9rence des pr\u00e9sidents de l&#8217;Assembl\u00e9e Nationale a r\u00e9cemment annonc\u00e9 un programme charg\u00e9 de sessions de questions orales \u00e0 divers ministres. La s\u00e9rie de sessions d\u00e9butera le lundi 8 janvier avec le ministre de l\u2019\u00e9ducation et de la r\u00e9forme du syst\u00e8me \u00e9ducatif. Il.....","og_url":"https:\/\/lequotidien.mr\/?p=14895&lang=fr","og_site_name":"Le Quotidien de Nouakchott","article_publisher":"https:\/\/web.facebook.com\/lequotidienmr","article_published_time":"2024-01-08T10:41:27+00:00","og_image":[{"width":780,"height":470,"url":"https:\/\/lequotidien.mr\/wp-content\/uploads\/2024\/01\/parlment-780x470-1.webp","type":"image\/webp"}],"author":"Le Quotidien","twitter_card":"summary_large_image","twitter_creator":"@lequotidienmr","twitter_site":"@lequotidienmr","twitter_misc":{"\u0643\u064f\u062a\u0628 \u0628\u0648\u0627\u0633\u0637\u0629":"Le Quotidien","\u0648\u0642\u062a \u0627\u0644\u0642\u0631\u0627\u0621\u0629 \u0627\u0644\u0645\u064f\u0642\u062f\u0651\u0631":"\u062f\u0642\u064a\u0642\u062a\u0627\u0646"},"schema":{"@context":"https:\/\/schema.org","@graph":[{"@type":"Article","@id":"https:\/\/lequotidien.mr\/?p=14895&lang=fr#article","isPartOf":{"@id":"https:\/\/lequotidien.mr\/?p=14895&lang=fr"},"author":{"name":"Le Quotidien","@id":"https:\/\/lequotidien.mr\/#\/schema\/person\/f90fcdaa970c60288de4ed2e64a56472"},"headline":"Programme Intensif de Questions Orales au Gouvernement par l&#8217;Assembl\u00e9e Nationale","datePublished":"2024-01-08T10:41:27+00:00","mainEntityOfPage":{"@id":"https:\/\/lequotidien.mr\/?p=14895&lang=fr"},"wordCount":481,"commentCount":0,"publisher":{"@id":"https:\/\/lequotidien.mr\/#organization"},"image":{"@id":"https:\/\/lequotidien.mr\/?p=14895&lang=fr#primaryimage"},"thumbnailUrl":"https:\/\/lequotidien.mr\/wp-content\/uploads\/2024\/01\/parlment-780x470-1.webp","articleSection":["ACTUALIT\u00c9","Couverture sp\u00e9cilale"],"inLanguage":"ar","potentialAction":[{"@type":"CommentAction","name":"Comment","target":["https:\/\/lequotidien.mr\/?p=14895&lang=fr#respond"]}]},{"@type":"WebPage","@id":"https:\/\/lequotidien.mr\/?p=14895&lang=fr","url":"https:\/\/lequotidien.mr\/?p=14895&lang=fr","name":"Programme Intensif de Questions Orales au Gouvernement par l'Assembl\u00e9e Nationale - Le Quotidien de Nouakchott","isPartOf":{"@id":"https:\/\/lequotidien.mr\/#website"},"primaryImageOfPage":{"@id":"https:\/\/lequotidien.mr\/?p=14895&lang=fr#primaryimage"},"image":{"@id":"https:\/\/lequotidien.mr\/?p=14895&lang=fr#primaryimage"},"thumbnailUrl":"https:\/\/lequotidien.mr\/wp-content\/uploads\/2024\/01\/parlment-780x470-1.webp","datePublished":"2024-01-08T10:41:27+00:00","breadcrumb":{"@id":"https:\/\/lequotidien.mr\/?p=14895&lang=fr#breadcrumb"},"inLanguage":"ar","potentialAction":[{"@type":"ReadAction","target":["https:\/\/lequotidien.mr\/?p=14895&lang=fr"]}]},{"@type":"ImageObject","inLanguage":"ar","@id":"https:\/\/lequotidien.mr\/?p=14895&lang=fr#primaryimage","url":"https:\/\/lequotidien.mr\/wp-content\/uploads\/2024\/01\/parlment-780x470-1.webp","contentUrl":"https:\/\/lequotidien.mr\/wp-content\/uploads\/2024\/01\/parlment-780x470-1.webp","width":780,"height":470},{"@type":"BreadcrumbList","@id":"https:\/\/lequotidien.mr\/?p=14895&lang=fr#breadcrumb","itemListElement":[{"@type":"ListItem","position":1,"name":"Home","item":"https:\/\/lequotidien.mr\/"},{"@type":"ListItem","position":2,"name":"Programme Intensif de Questions Orales au Gouvernement par l&#8217;Assembl\u00e9e Nationale"}]},{"@type":"WebSite","@id":"https:\/\/lequotidien.mr\/#website","url":"https:\/\/lequotidien.mr\/","name":"Le Quotidien de Nouakchott","description":"\u0625\u062e\u0628\u0627\u0631\u064a\u0629 \u0645\u0633\u062a\u0642\u0644\u0629 \u0644\u0644\u0623\u0646\u0628\u0627\u0621 \u0627\u0644\u0639\u0627\u0645\u0629","publisher":{"@id":"https:\/\/lequotidien.mr\/#organization"},"potentialAction":[{"@type":"SearchAction","target":{"@type":"EntryPoint","urlTemplate":"https:\/\/lequotidien.mr\/?s={search_term_string}"},"query-input":{"@type":"PropertyValueSpecification","valueRequired":true,"valueName":"search_term_string"}}],"inLanguage":"ar"},{"@type":"Organization","@id":"https:\/\/lequotidien.mr\/#organization","name":"Le Quotidien de Nouakchott","url":"https:\/\/lequotidien.mr\/","logo":{"@type":"ImageObject","inLanguage":"ar","@id":"https:\/\/lequotidien.mr\/#\/schema\/logo\/image\/","url":"https:\/\/lequotidien.mr\/wp-content\/uploads\/2022\/11\/logolequotidien.jpg","contentUrl":"https:\/\/lequotidien.mr\/wp-content\/uploads\/2022\/11\/logolequotidien.jpg","width":290,"height":65,"caption":"Le Quotidien de Nouakchott"},"image":{"@id":"https:\/\/lequotidien.mr\/#\/schema\/logo\/image\/"},"sameAs":["https:\/\/web.facebook.com\/lequotidienmr","https:\/\/x.com\/lequotidienmr"]},{"@type":"Person","@id":"https:\/\/lequotidien.mr\/#\/schema\/person\/f90fcdaa970c60288de4ed2e64a56472","name":"Le Quotidien","image":{"@type":"ImageObject","inLanguage":"ar","@id":"https:\/\/secure.gravatar.com\/avatar\/374cb39a1a458a912465a93e5a3ce6546886fc3da809a1f10c63e4e8fcbca30f?s=96&d=mm&r=g","url":"https:\/\/secure.gravatar.com\/avatar\/374cb39a1a458a912465a93e5a3ce6546886fc3da809a1f10c63e4e8fcbca30f?s=96&d=mm&r=g","contentUrl":"https:\/\/secure.gravatar.com\/avatar\/374cb39a1a458a912465a93e5a3ce6546886fc3da809a1f10c63e4e8fcbca30f?s=96&d=mm&r=g","caption":"Le Quotidien"},"sameAs":["https:\/\/lequotidien.mr\/"],"url":"https:\/\/lequotidien.mr\/?author=4"}]}},"_links":{"self":[{"href":"https:\/\/lequotidien.mr\/index.php?rest_route=\/wp\/v2\/posts\/14895","targetHints":{"allow":["GET"]}}],"collection":[{"href":"https:\/\/lequotidien.mr\/index.php?rest_route=\/wp\/v2\/posts"}],"about":[{"href":"https:\/\/lequotidien.mr\/index.php?rest_route=\/wp\/v2\/types\/post"}],"author":[{"embeddable":true,"href":"https:\/\/lequotidien.mr\/index.php?rest_route=\/wp\/v2\/users\/4"}],"replies":[{"embeddable":true,"href":"https:\/\/lequotidien.mr\/index.php?rest_route=%2Fwp%2Fv2%2Fcomments&post=14895"}],"version-history":[{"count":1,"href":"https:\/\/lequotidien.mr\/index.php?rest_route=\/wp\/v2\/posts\/14895\/revisions"}],"predecessor-version":[{"id":14897,"href":"https:\/\/lequotidien.mr\/index.php?rest_route=\/wp\/v2\/posts\/14895\/revisions\/14897"}],"wp:featuredmedia":[{"embeddable":true,"href":"https:\/\/lequotidien.mr\/index.php?rest_route=\/wp\/v2\/media\/14896"}],"wp:attachment":[{"href":"https:\/\/lequotidien.mr\/index.php?rest_route=%2Fwp%2Fv2%2Fmedia&parent=14895"}],"wp:term":[{"taxonomy":"category","embeddable":true,"href":"https:\/\/lequotidien.mr\/index.php?rest_route=%2Fwp%2Fv2%2Fcategories&post=14895"},{"taxonomy":"post_tag","embeddable":true,"href":"https:\/\/lequotidien.mr\/index.php?rest_route=%2Fwp%2Fv2%2Ftags&post=14895"}],"curies":[{"name":"wp","href":"https:\/\/api.w.org\/{rel}","templated":true}]}}